{"id":9592,"date":"2026-01-27T09:34:12","date_gmt":"2026-01-27T12:34:12","guid":{"rendered":"https:\/\/impactocastex.com.ar\/?p=9592"},"modified":"2026-01-27T09:34:13","modified_gmt":"2026-01-27T12:34:13","slug":"el-dolar-oficial-volvio-a-subir-y-abre-la-semana-con-una-tendencia-alcista","status":"publish","type":"post","link":"https:\/\/impactocastex.com.ar\/?p=9592","title":{"rendered":"El d\u00f3lar oficial volvi\u00f3 a subir y abre la semana con una tendencia alcista"},"content":{"rendered":"\n<p><a href=\"https:\/\/www.eldiariodelapampa.com.ar\/pais\/68657\/el-dolar-oficial-volvio-a-subir-y-abre-la-semana-con-una-tendencia-alcista\"><\/a>&nbsp;<a href=\"https:\/\/www.eldiariodelapampa.com.ar\/pais\/68657\/el-dolar-oficial-volvio-a-subir-y-abre-la-semana-con-una-tendencia-alcista\"><\/a>&nbsp;<a href=\"https:\/\/www.eldiariodelapampa.com.ar\/pais\/68657\/el-dolar-oficial-volvio-a-subir-y-abre-la-semana-con-una-tendencia-alcista\"><\/a>&nbsp;<a href=\"https:\/\/www.eldiariodelapampa.com.ar\/pais\/68657\/el-dolar-oficial-volvio-a-subir-y-abre-la-semana-con-una-tendencia-alcista\"><\/a>&nbsp;<a href=\"mailto:?subject=https%3A%2F%2Fwww.eldiariodelapampa.com.ar%2Fpais%2F68657%2Fel-dolar-oficial-volvio-a-subir-y-abre-la-semana-con-una-tendencia-alcista\"><\/a><\/p>\n\n\n\n<p><strong><\/strong>La divisa avanz\u00f3 cinco pesos en el Banco Naci\u00f3n en el inicio de la \u00faltima semana del mes. El blue trep\u00f3 diez pesos y tambi\u00e9n hubo subas en los tipos de cambio financieros.<\/p>\n\n\n\n<p>El d\u00f3lar oficial cerr\u00f3 este lunes en 1.410 pesos para la compra y 1.460 pesos para la venta en la cotizaci\u00f3n del Banco Naci\u00f3n, con una suba de cinco pesos respecto del cierre anterior. El movimiento se dio en el inicio de la \u00faltima semana de enero de 2026, luego de haber registrado un valor m\u00ednimo en los \u00faltimos dos meses.<\/p>\n\n\n\n<p>La divisa estadounidense ya hab\u00eda mostrado un ajuste similar el viernes y retom\u00f3 as\u00ed una senda alcista tras varios d\u00edas de estabilidad.<\/p>\n\n\n\n<p>En el mercado informal, el d\u00f3lar blue registr\u00f3 un incremento de diez pesos y se negoci\u00f3 por la tarde a 1.470 pesos para la compra y 1.490 para la venta.<\/p>\n\n\n\n<p>En el sistema bancario, el promedio del tipo de cambio minorista se ubic\u00f3 entre 1.460 y 1.470 pesos para la venta, con una cotizaci\u00f3n m\u00e1xima de 1.472 pesos en algunas entidades.<\/p>\n\n\n\n<p>En el segmento mayorista, el d\u00f3lar cerr\u00f3 en 1.439 pesos, con una suba del 0,8%, y qued\u00f3 a 119 pesos del techo cambiario, actualmente fijado en 1.558,54 pesos.<\/p>\n\n\n\n<p>En cuanto a los d\u00f3lares financieros, el MEP avanz\u00f3 0,25% y se ubic\u00f3 en 1.470,6 pesos, mientras que el contado con liquidaci\u00f3n (CCL) subi\u00f3 0,42% hasta los 1.515,2 pesos.<\/p>\n\n\n\n<p>Por su parte, las reservas internacionales del Banco Central se ubicaban el viernes en 45.561 millones de d\u00f3lares.<\/p>\n","protected":false},"excerpt":{"rendered":"<p>&nbsp;&nbsp;&nbsp;&nbsp; La divisa avanz\u00f3 cinco pesos en el Banco Naci\u00f3n en el inicio de la&#8230;<\/p>\n","protected":false},"author":2,"featured_media":9593,"comment_status":"closed","ping_status":"closed","sticky":false,"template":"","format":"standard","meta":{"_jetpack_memberships_contains_paid_content":false,"footnotes":"","jetpack_publicize_message":"El d\u00f3lar oficial volvi\u00f3 a subir y abre la semana con una tendencia alcista","jetpack_publicize_feature_enabled":true,"jetpack_social_post_already_shared":false,"jetpack_social_options":{"image_generator_settings":{"template":"highway","default_image_id":0,"font":"","enabled":false},"version":2}},"categories":[86],"tags":[],"class_list":["post-9592","post","type-post","status-publish","format-standard","has-post-thumbnail","hentry","category-sociedad"],"yoast_head":"<!-- This site is optimized with the Yoast SEO plugin v27.4 - https:\/\/yoast.com\/product\/yoast-seo-wordpress\/ -->\n<title>El d\u00f3lar oficial volvi\u00f3 a subir y abre la semana con una tendencia alcista -<\/title>\n<meta name=\"robots\" content=\"index, follow, max-snippet:-1, max-image-preview:large, max-video-preview:-1\" \/>\n<link rel=\"canonical\" href=\"https:\/\/impactocastex.com.ar\/?p=9592\" \/>\n<meta property=\"og:locale\" content=\"es_ES\" \/>\n<meta property=\"og:type\" content=\"article\" \/>\n<meta property=\"og:title\" content=\"El d\u00f3lar oficial volvi\u00f3 a subir y abre la semana con una tendencia alcista -\" \/>\n<meta property=\"og:description\" content=\"&nbsp;&nbsp;&nbsp;&nbsp; La divisa avanz\u00f3 cinco pesos en el Banco Naci\u00f3n en el inicio de la...\" \/>\n<meta property=\"og:url\" content=\"https:\/\/impactocastex.com.ar\/?p=9592\" \/>\n<meta property=\"article:publisher\" content=\"https:\/\/www.facebook.com\/impactocastexdiario\" \/>\n<meta property=\"article:published_time\" content=\"2026-01-27T12:34:12+00:00\" \/>\n<meta property=\"article:modified_time\" content=\"2026-01-27T12:34:13+00:00\" \/>\n<meta property=\"og:image\" content=\"https:\/\/impactocastex.com.ar\/wp-content\/uploads\/2026\/01\/608827.webp\" \/>\n\t<meta property=\"og:image:width\" content=\"768\" \/>\n\t<meta property=\"og:image:height\" content=\"432\" \/>\n\t<meta property=\"og:image:type\" content=\"image\/webp\" \/>\n<meta name=\"author\" content=\"impactocastex\" \/>\n<meta name=\"twitter:card\" content=\"summary_large_image\" \/>\n<meta name=\"twitter:label1\" content=\"Escrito por\" \/>\n\t<meta name=\"twitter:data1\" content=\"impactocastex\" \/>\n\t<meta name=\"twitter:label2\" content=\"Tiempo de lectura\" \/>\n\t<meta name=\"twitter:data2\" content=\"2 minutos\" \/>\n<script type=\"application\/ld+json\" class=\"yoast-schema-graph\">{\"@context\":\"https:\\\/\\\/schema.org\",\"@graph\":[{\"@type\":\"Article\",\"@id\":\"https:\\\/\\\/impactocastex.com.ar\\\/?p=9592#article\",\"isPartOf\":{\"@id\":\"https:\\\/\\\/impactocastex.com.ar\\\/?p=9592\"},\"author\":{\"name\":\"impactocastex\",\"@id\":\"https:\\\/\\\/impactocastex.com.ar\\\/#\\\/schema\\\/person\\\/c115028fb60f9bf49ce7550894b84ea7\"},\"headline\":\"El d\u00f3lar oficial volvi\u00f3 a subir y abre la semana con una tendencia alcista\",\"datePublished\":\"2026-01-27T12:34:12+00:00\",\"dateModified\":\"2026-01-27T12:34:13+00:00\",\"mainEntityOfPage\":{\"@id\":\"https:\\\/\\\/impactocastex.com.ar\\\/?p=9592\"},\"wordCount\":269,\"publisher\":{\"@id\":\"https:\\\/\\\/impactocastex.com.ar\\\/#organization\"},\"image\":{\"@id\":\"https:\\\/\\\/impactocastex.com.ar\\\/?p=9592#primaryimage\"},\"thumbnailUrl\":\"https:\\\/\\\/impactocastex.com.ar\\\/wp-content\\\/uploads\\\/2026\\\/01\\\/608827.webp\",\"articleSection\":[\"SOCIEDAD\"],\"inLanguage\":\"es\"},{\"@type\":\"WebPage\",\"@id\":\"https:\\\/\\\/impactocastex.com.ar\\\/?p=9592\",\"url\":\"https:\\\/\\\/impactocastex.com.ar\\\/?p=9592\",\"name\":\"El d\u00f3lar oficial volvi\u00f3 a subir y abre la semana con una tendencia alcista -\",\"isPartOf\":{\"@id\":\"https:\\\/\\\/impactocastex.com.ar\\\/#website\"},\"primaryImageOfPage\":{\"@id\":\"https:\\\/\\\/impactocastex.com.ar\\\/?p=9592#primaryimage\"},\"image\":{\"@id\":\"https:\\\/\\\/impactocastex.com.ar\\\/?p=9592#primaryimage\"},\"thumbnailUrl\":\"https:\\\/\\\/impactocastex.com.ar\\\/wp-content\\\/uploads\\\/2026\\\/01\\\/608827.webp\",\"datePublished\":\"2026-01-27T12:34:12+00:00\",\"dateModified\":\"2026-01-27T12:34:13+00:00\",\"breadcrumb\":{\"@id\":\"https:\\\/\\\/impactocastex.com.ar\\\/?p=9592#breadcrumb\"},\"inLanguage\":\"es\",\"potentialAction\":[{\"@type\":\"ReadAction\",\"target\":[\"https:\\\/\\\/impactocastex.com.ar\\\/?p=9592\"]}]},{\"@type\":\"ImageObject\",\"inLanguage\":\"es\",\"@id\":\"https:\\\/\\\/impactocastex.com.ar\\\/?p=9592#primaryimage\",\"url\":\"https:\\\/\\\/impactocastex.com.ar\\\/wp-content\\\/uploads\\\/2026\\\/01\\\/608827.webp\",\"contentUrl\":\"https:\\\/\\\/impactocastex.com.ar\\\/wp-content\\\/uploads\\\/2026\\\/01\\\/608827.webp\",\"width\":768,\"height\":432},{\"@type\":\"BreadcrumbList\",\"@id\":\"https:\\\/\\\/impactocastex.com.ar\\\/?p=9592#breadcrumb\",\"itemListElement\":[{\"@type\":\"ListItem\",\"position\":1,\"name\":\"Portada\",\"item\":\"https:\\\/\\\/impactocastex.com.ar\\\/\"},{\"@type\":\"ListItem\",\"position\":2,\"name\":\"El d\u00f3lar oficial volvi\u00f3 a subir y abre la semana con una tendencia alcista\"}]},{\"@type\":\"WebSite\",\"@id\":\"https:\\\/\\\/impactocastex.com.ar\\\/#website\",\"url\":\"https:\\\/\\\/impactocastex.com.ar\\\/\",\"name\":\"Impacto Castex\",\"description\":\"\",\"publisher\":{\"@id\":\"https:\\\/\\\/impactocastex.com.ar\\\/#organization\"},\"potentialAction\":[{\"@type\":\"SearchAction\",\"target\":{\"@type\":\"EntryPoint\",\"urlTemplate\":\"https:\\\/\\\/impactocastex.com.ar\\\/?s={search_term_string}\"},\"query-input\":{\"@type\":\"PropertyValueSpecification\",\"valueRequired\":true,\"valueName\":\"search_term_string\"}}],\"inLanguage\":\"es\"},{\"@type\":\"Organization\",\"@id\":\"https:\\\/\\\/impactocastex.com.ar\\\/#organization\",\"name\":\"Impacto Castex\",\"url\":\"https:\\\/\\\/impactocastex.com.ar\\\/\",\"logo\":{\"@type\":\"ImageObject\",\"inLanguage\":\"es\",\"@id\":\"https:\\\/\\\/impactocastex.com.ar\\\/#\\\/schema\\\/logo\\\/image\\\/\",\"url\":\"https:\\\/\\\/impactocastex.com.ar\\\/wp-content\\\/uploads\\\/2025\\\/09\\\/cropped-icoweb.png\",\"contentUrl\":\"https:\\\/\\\/impactocastex.com.ar\\\/wp-content\\\/uploads\\\/2025\\\/09\\\/cropped-icoweb.png\",\"width\":512,\"height\":512,\"caption\":\"Impacto Castex\"},\"image\":{\"@id\":\"https:\\\/\\\/impactocastex.com.ar\\\/#\\\/schema\\\/logo\\\/image\\\/\"},\"sameAs\":[\"https:\\\/\\\/www.facebook.com\\\/impactocastexdiario\",\"https:\\\/\\\/www.instagram.com\\\/impactocastex.com.ar\\\/\"]},{\"@type\":\"Person\",\"@id\":\"https:\\\/\\\/impactocastex.com.ar\\\/#\\\/schema\\\/person\\\/c115028fb60f9bf49ce7550894b84ea7\",\"name\":\"impactocastex\",\"image\":{\"@type\":\"ImageObject\",\"inLanguage\":\"es\",\"@id\":\"https:\\\/\\\/secure.gravatar.com\\\/avatar\\\/fee87e7af008f02e9becdc0b5a9fd4a2e79b3918a571edeacb62211704637833?s=96&d=mm&r=g\",\"url\":\"https:\\\/\\\/secure.gravatar.com\\\/avatar\\\/fee87e7af008f02e9becdc0b5a9fd4a2e79b3918a571edeacb62211704637833?s=96&d=mm&r=g\",\"contentUrl\":\"https:\\\/\\\/secure.gravatar.com\\\/avatar\\\/fee87e7af008f02e9becdc0b5a9fd4a2e79b3918a571edeacb62211704637833?s=96&d=mm&r=g\",\"caption\":\"impactocastex\"},\"sameAs\":[\"https:\\\/\\\/impactocastex.com.ar\\\/\"],\"url\":\"https:\\\/\\\/impactocastex.com.ar\\\/?author=2\"}]}<\/script>\n<!-- \/ Yoast SEO plugin. -->","yoast_head_json":{"title":"El d\u00f3lar oficial volvi\u00f3 a subir y abre la semana con una tendencia alcista -","robots":{"index":"index","follow":"follow","max-snippet":"max-snippet:-1","max-image-preview":"max-image-preview:large","max-video-preview":"max-video-preview:-1"},"canonical":"https:\/\/impactocastex.com.ar\/?p=9592","og_locale":"es_ES","og_type":"article","og_title":"El d\u00f3lar oficial volvi\u00f3 a subir y abre la semana con una tendencia alcista -","og_description":"&nbsp;&nbsp;&nbsp;&nbsp; La divisa avanz\u00f3 cinco pesos en el Banco Naci\u00f3n en el inicio de la...","og_url":"https:\/\/impactocastex.com.ar\/?p=9592","article_publisher":"https:\/\/www.facebook.com\/impactocastexdiario","article_published_time":"2026-01-27T12:34:12+00:00","article_modified_time":"2026-01-27T12:34:13+00:00","og_image":[{"width":768,"height":432,"url":"https:\/\/impactocastex.com.ar\/wp-content\/uploads\/2026\/01\/608827.webp","type":"image\/webp"}],"author":"impactocastex","twitter_card":"summary_large_image","twitter_misc":{"Escrito por":"impactocastex","Tiempo de lectura":"2 minutos"},"schema":{"@context":"https:\/\/schema.org","@graph":[{"@type":"Article","@id":"https:\/\/impactocastex.com.ar\/?p=9592#article","isPartOf":{"@id":"https:\/\/impactocastex.com.ar\/?p=9592"},"author":{"name":"impactocastex","@id":"https:\/\/impactocastex.com.ar\/#\/schema\/person\/c115028fb60f9bf49ce7550894b84ea7"},"headline":"El d\u00f3lar oficial volvi\u00f3 a subir y abre la semana con una tendencia alcista","datePublished":"2026-01-27T12:34:12+00:00","dateModified":"2026-01-27T12:34:13+00:00","mainEntityOfPage":{"@id":"https:\/\/impactocastex.com.ar\/?p=9592"},"wordCount":269,"publisher":{"@id":"https:\/\/impactocastex.com.ar\/#organization"},"image":{"@id":"https:\/\/impactocastex.com.ar\/?p=9592#primaryimage"},"thumbnailUrl":"https:\/\/impactocastex.com.ar\/wp-content\/uploads\/2026\/01\/608827.webp","articleSection":["SOCIEDAD"],"inLanguage":"es"},{"@type":"WebPage","@id":"https:\/\/impactocastex.com.ar\/?p=9592","url":"https:\/\/impactocastex.com.ar\/?p=9592","name":"El d\u00f3lar oficial volvi\u00f3 a subir y abre la semana con una tendencia alcista -","isPartOf":{"@id":"https:\/\/impactocastex.com.ar\/#website"},"primaryImageOfPage":{"@id":"https:\/\/impactocastex.com.ar\/?p=9592#primaryimage"},"image":{"@id":"https:\/\/impactocastex.com.ar\/?p=9592#primaryimage"},"thumbnailUrl":"https:\/\/impactocastex.com.ar\/wp-content\/uploads\/2026\/01\/608827.webp","datePublished":"2026-01-27T12:34:12+00:00","dateModified":"2026-01-27T12:34:13+00:00","breadcrumb":{"@id":"https:\/\/impactocastex.com.ar\/?p=9592#breadcrumb"},"inLanguage":"es","potentialAction":[{"@type":"ReadAction","target":["https:\/\/impactocastex.com.ar\/?p=9592"]}]},{"@type":"ImageObject","inLanguage":"es","@id":"https:\/\/impactocastex.com.ar\/?p=9592#primaryimage","url":"https:\/\/impactocastex.com.ar\/wp-content\/uploads\/2026\/01\/608827.webp","contentUrl":"https:\/\/impactocastex.com.ar\/wp-content\/uploads\/2026\/01\/608827.webp","width":768,"height":432},{"@type":"BreadcrumbList","@id":"https:\/\/impactocastex.com.ar\/?p=9592#breadcrumb","itemListElement":[{"@type":"ListItem","position":1,"name":"Portada","item":"https:\/\/impactocastex.com.ar\/"},{"@type":"ListItem","position":2,"name":"El d\u00f3lar oficial volvi\u00f3 a subir y abre la semana con una tendencia alcista"}]},{"@type":"WebSite","@id":"https:\/\/impactocastex.com.ar\/#website","url":"https:\/\/impactocastex.com.ar\/","name":"Impacto Castex","description":"","publisher":{"@id":"https:\/\/impactocastex.com.ar\/#organization"},"potentialAction":[{"@type":"SearchAction","target":{"@type":"EntryPoint","urlTemplate":"https:\/\/impactocastex.com.ar\/?s={search_term_string}"},"query-input":{"@type":"PropertyValueSpecification","valueRequired":true,"valueName":"search_term_string"}}],"inLanguage":"es"},{"@type":"Organization","@id":"https:\/\/impactocastex.com.ar\/#organization","name":"Impacto Castex","url":"https:\/\/impactocastex.com.ar\/","logo":{"@type":"ImageObject","inLanguage":"es","@id":"https:\/\/impactocastex.com.ar\/#\/schema\/logo\/image\/","url":"https:\/\/impactocastex.com.ar\/wp-content\/uploads\/2025\/09\/cropped-icoweb.png","contentUrl":"https:\/\/impactocastex.com.ar\/wp-content\/uploads\/2025\/09\/cropped-icoweb.png","width":512,"height":512,"caption":"Impacto Castex"},"image":{"@id":"https:\/\/impactocastex.com.ar\/#\/schema\/logo\/image\/"},"sameAs":["https:\/\/www.facebook.com\/impactocastexdiario","https:\/\/www.instagram.com\/impactocastex.com.ar\/"]},{"@type":"Person","@id":"https:\/\/impactocastex.com.ar\/#\/schema\/person\/c115028fb60f9bf49ce7550894b84ea7","name":"impactocastex","image":{"@type":"ImageObject","inLanguage":"es","@id":"https:\/\/secure.gravatar.com\/avatar\/fee87e7af008f02e9becdc0b5a9fd4a2e79b3918a571edeacb62211704637833?s=96&d=mm&r=g","url":"https:\/\/secure.gravatar.com\/avatar\/fee87e7af008f02e9becdc0b5a9fd4a2e79b3918a571edeacb62211704637833?s=96&d=mm&r=g","contentUrl":"https:\/\/secure.gravatar.com\/avatar\/fee87e7af008f02e9becdc0b5a9fd4a2e79b3918a571edeacb62211704637833?s=96&d=mm&r=g","caption":"impactocastex"},"sameAs":["https:\/\/impactocastex.com.ar\/"],"url":"https:\/\/impactocastex.com.ar\/?author=2"}]}},"jetpack_publicize_connections":[],"featured_image_urls":{"full":["https:\/\/impactocastex.com.ar\/wp-content\/uploads\/2026\/01\/608827.webp",768,432,false],"thumbnail":["https:\/\/impactocastex.com.ar\/wp-content\/uploads\/2026\/01\/608827-150x150.webp",150,150,true],"medium":["https:\/\/impactocastex.com.ar\/wp-content\/uploads\/2026\/01\/608827-300x169.webp",300,169,true],"medium_large":["https:\/\/impactocastex.com.ar\/wp-content\/uploads\/2026\/01\/608827.webp",640,360,false],"large":["https:\/\/impactocastex.com.ar\/wp-content\/uploads\/2026\/01\/608827.webp",640,360,false],"1536x1536":["https:\/\/impactocastex.com.ar\/wp-content\/uploads\/2026\/01\/608827.webp",768,432,false],"2048x2048":["https:\/\/impactocastex.com.ar\/wp-content\/uploads\/2026\/01\/608827.webp",768,432,false],"newsever-slider-full":["https:\/\/impactocastex.com.ar\/wp-content\/uploads\/2026\/01\/608827.webp",768,432,false],"newsever-featured":["https:\/\/impactocastex.com.ar\/wp-content\/uploads\/2026\/01\/608827.webp",768,432,false],"newsever-medium":["https:\/\/impactocastex.com.ar\/wp-content\/uploads\/2026\/01\/608827-720x432.webp",720,432,true]},"author_info":{"info":["impactocastex"]},"category_info":"<a href=\"https:\/\/impactocastex.com.ar\/?cat=86\" rel=\"category\">SOCIEDAD<\/a>","tag_info":"SOCIEDAD","comment_count":0,"jetpack_featured_media_url":"https:\/\/impactocastex.com.ar\/wp-content\/uploads\/2026\/01\/608827.webp","jetpack_sharing_enabled":true,"jetpack_likes_enabled":true,"jetpack_shortlink":"https:\/\/wp.me\/p7sopA-2uI","_links":{"self":[{"href":"https:\/\/impactocastex.com.ar\/index.php?rest_route=\/wp\/v2\/posts\/9592","targetHints":{"allow":["GET"]}}],"collection":[{"href":"https:\/\/impactocastex.com.ar\/index.php?rest_route=\/wp\/v2\/posts"}],"about":[{"href":"https:\/\/impactocastex.com.ar\/index.php?rest_route=\/wp\/v2\/types\/post"}],"author":[{"embeddable":true,"href":"https:\/\/impactocastex.com.ar\/index.php?rest_route=\/wp\/v2\/users\/2"}],"replies":[{"embeddable":true,"href":"https:\/\/impactocastex.com.ar\/index.php?rest_route=%2Fwp%2Fv2%2Fcomments&post=9592"}],"version-history":[{"count":1,"href":"https:\/\/impactocastex.com.ar\/index.php?rest_route=\/wp\/v2\/posts\/9592\/revisions"}],"predecessor-version":[{"id":9598,"href":"https:\/\/impactocastex.com.ar\/index.php?rest_route=\/wp\/v2\/posts\/9592\/revisions\/9598"}],"wp:featuredmedia":[{"embeddable":true,"href":"https:\/\/impactocastex.com.ar\/index.php?rest_route=\/wp\/v2\/media\/9593"}],"wp:attachment":[{"href":"https:\/\/impactocastex.com.ar\/index.php?rest_route=%2Fwp%2Fv2%2Fmedia&parent=9592"}],"wp:term":[{"taxonomy":"category","embeddable":true,"href":"https:\/\/impactocastex.com.ar\/index.php?rest_route=%2Fwp%2Fv2%2Fcategories&post=9592"},{"taxonomy":"post_tag","embeddable":true,"href":"https:\/\/impactocastex.com.ar\/index.php?rest_route=%2Fwp%2Fv2%2Ftags&post=9592"}],"curies":[{"name":"wp","href":"https:\/\/api.w.org\/{rel}","templated":true}]}}