{"id":9589,"date":"2026-01-27T09:29:43","date_gmt":"2026-01-27T12:29:43","guid":{"rendered":"https:\/\/impactocastex.com.ar\/?p=9589"},"modified":"2026-01-27T09:29:44","modified_gmt":"2026-01-27T12:29:44","slug":"utelpa-alerta-las-localidades-mas-pequenas-se-van-a-quedar-sin-maestros","status":"publish","type":"post","link":"https:\/\/impactocastex.com.ar\/?p=9589","title":{"rendered":"UTELPa alerta: \u00ablas localidades m\u00e1s peque\u00f1as se van a quedar sin maestros\u00bb"},"content":{"rendered":"\n<p>Desde UTELPa recoraron que no iniciar\u00e1n las calses si no hay respuestas a los reclamos salariales.<\/p>\n\n\n\n<p><strong><\/strong><strong>El gremio docente advirti\u00f3 que muchos titulares renuncias a cargos en otras localidades \u00abpor los costos de traslado\u00bb.<\/strong>&nbsp;Insisten en la apertura de paritaria y recordaron que \u00abel no inicio de clases ya fue votado\u00bb.&nbsp;<\/p>\n\n\n\n<p>La secretaria de Comunicaci\u00f3n de UTELPa, Claudia Calder\u00f3n, ratific\u00f3 la compleja situaci\u00f3n que atraviesa el sector docente en La Pampa y advirti\u00f3 que el ciclo lectivo 2026 podr\u00eda no comenzar de manera normal. El gremio ya present\u00f3 una nota formal ante la Secretar\u00eda de Trabajo exigiendo la apertura inmediata de la paritaria en febrero, tras haber rechazado la \u00faltima oferta del gobierno a fines del a\u00f1o pasado.<\/p>\n\n\n\n<p>En di\u00e1logo con el canal Somos La pampa, Calder\u00f3n se\u00f1al\u00f3 que los docentes arrastran una p\u00e9rdida \u00abtremenda\u00bb del poder adquisitivo y reclam\u00f3 por la suma compensatoria que los estatales no percibieron este a\u00f1o. \u00abEnero ha sido un mes muy complejo; el gobernador dice que la provincia est\u00e1 imposibilitada de afrontar ese pago, pero nosotros insistimos en que es una recomposici\u00f3n necesaria\u00bb, afirm\u00f3 la dirigente.<\/p>\n\n\n\n<p>El gremio tambi\u00e9n busca resolver temas extra-salariales, como el desfasaje en escuelas hogar y la disponibilidad de docentes por cierre de cursos. \u00abSi no hay una propuesta que sea aceptada por las bases, el no inicio de clases ya fue votado por mayor\u00eda en el Congreso Extraordinario del a\u00f1o pasado\u00bb, sentenci\u00f3.<\/p>\n\n\n\n<p><strong>Costos de traslado<\/strong><\/p>\n\n\n\n<p>M\u00e1s all\u00e1 de la discusi\u00f3n salarial, UTELPa puso el foco en una problem\u00e1tica creciente: la imposibilidad de muchos docentes para costear los viajes entre localidades. Claudia Calder\u00f3n explic\u00f3 que el aumento en los costos de transporte y alquileres est\u00e1 provocando un fen\u00f3meno preocupante para el sistema educativo provincial.<\/p>\n\n\n\n<p>\u00abEstamos observando que docentes con cargos titulares en otras localidades renuncian para tratar de conseguir algo en su propio pueblo porque no pueden costear el viaje. Esto va a generar que las localidades m\u00e1s peque\u00f1as se queden sin maestros\u00bb, advirti\u00f3 Calder\u00f3n.<\/p>\n\n\n\n<p>La dirigente describi\u00f3 la \u00abprecarizaci\u00f3n\u00bb de la tarea, donde un docente debe trabajar hasta en cinco escuelas para alcanzar un salario acorde. \u00abA veces no se comprende la complejidad de nuestra tarea. Hoy no alcanza con un solo trabajo, y vemos c\u00f3mo aumenta la cantidad de docentes que deben buscar otros empleos extra para sobrevivir\u00bb, detall\u00f3 la secretaria de Comunicaci\u00f3n.<\/p>\n\n\n\n<p>eldiariodelapampa.<\/p>\n","protected":false},"excerpt":{"rendered":"<p>Desde UTELPa recoraron que no iniciar\u00e1n las calses si no hay respuestas a los reclamos&#8230;<\/p>\n","protected":false},"author":2,"featured_media":9590,"comment_status":"closed","ping_status":"closed","sticky":false,"template":"","format":"standard","meta":{"_jetpack_memberships_contains_paid_content":false,"footnotes":"","jetpack_publicize_message":"UTELPa alerta: \"las localidades m\u00e1s peque\u00f1as se van a quedar sin maestros\"","jetpack_publicize_feature_enabled":true,"jetpack_social_post_already_shared":false,"jetpack_social_options":{"image_generator_settings":{"template":"highway","default_image_id":0,"font":"","enabled":false},"version":2}},"categories":[83],"tags":[],"class_list":["post-9589","post","type-post","status-publish","format-standard","has-post-thumbnail","hentry","category-la-pampa"],"yoast_head":"<!-- This site is optimized with the Yoast SEO plugin v27.4 - https:\/\/yoast.com\/product\/yoast-seo-wordpress\/ -->\n<title>UTELPa alerta: &quot;las localidades m\u00e1s peque\u00f1as se van a quedar sin maestros&quot; -<\/title>\n<meta name=\"robots\" content=\"index, follow, max-snippet:-1, max-image-preview:large, max-video-preview:-1\" \/>\n<link rel=\"canonical\" href=\"https:\/\/impactocastex.com.ar\/?p=9589\" \/>\n<meta property=\"og:locale\" content=\"es_ES\" \/>\n<meta property=\"og:type\" content=\"article\" \/>\n<meta property=\"og:title\" content=\"UTELPa alerta: &quot;las localidades m\u00e1s peque\u00f1as se van a quedar sin maestros&quot; -\" \/>\n<meta property=\"og:description\" content=\"Desde UTELPa recoraron que no iniciar\u00e1n las calses si no hay respuestas a los reclamos...\" \/>\n<meta property=\"og:url\" content=\"https:\/\/impactocastex.com.ar\/?p=9589\" \/>\n<meta property=\"article:publisher\" content=\"https:\/\/www.facebook.com\/impactocastexdiario\" \/>\n<meta property=\"article:published_time\" content=\"2026-01-27T12:29:43+00:00\" \/>\n<meta property=\"article:modified_time\" content=\"2026-01-27T12:29:44+00:00\" \/>\n<meta property=\"og:image\" content=\"https:\/\/impactocastex.com.ar\/wp-content\/uploads\/2026\/01\/2133626.jpg\" \/>\n\t<meta property=\"og:image:width\" content=\"1200\" \/>\n\t<meta property=\"og:image:height\" content=\"631\" \/>\n\t<meta property=\"og:image:type\" content=\"image\/jpeg\" \/>\n<meta name=\"author\" content=\"impactocastex\" \/>\n<meta name=\"twitter:card\" content=\"summary_large_image\" \/>\n<meta name=\"twitter:label1\" content=\"Escrito por\" \/>\n\t<meta name=\"twitter:data1\" content=\"impactocastex\" \/>\n\t<meta name=\"twitter:label2\" content=\"Tiempo de lectura\" \/>\n\t<meta name=\"twitter:data2\" content=\"2 minutos\" \/>\n<script type=\"application\/ld+json\" class=\"yoast-schema-graph\">{\"@context\":\"https:\\\/\\\/schema.org\",\"@graph\":[{\"@type\":\"Article\",\"@id\":\"https:\\\/\\\/impactocastex.com.ar\\\/?p=9589#article\",\"isPartOf\":{\"@id\":\"https:\\\/\\\/impactocastex.com.ar\\\/?p=9589\"},\"author\":{\"name\":\"impactocastex\",\"@id\":\"https:\\\/\\\/impactocastex.com.ar\\\/#\\\/schema\\\/person\\\/c115028fb60f9bf49ce7550894b84ea7\"},\"headline\":\"UTELPa alerta: \u00ablas localidades m\u00e1s peque\u00f1as se van a quedar sin maestros\u00bb\",\"datePublished\":\"2026-01-27T12:29:43+00:00\",\"dateModified\":\"2026-01-27T12:29:44+00:00\",\"mainEntityOfPage\":{\"@id\":\"https:\\\/\\\/impactocastex.com.ar\\\/?p=9589\"},\"wordCount\":428,\"publisher\":{\"@id\":\"https:\\\/\\\/impactocastex.com.ar\\\/#organization\"},\"image\":{\"@id\":\"https:\\\/\\\/impactocastex.com.ar\\\/?p=9589#primaryimage\"},\"thumbnailUrl\":\"https:\\\/\\\/impactocastex.com.ar\\\/wp-content\\\/uploads\\\/2026\\\/01\\\/2133626.jpg\",\"articleSection\":[\"LA PAMPA\"],\"inLanguage\":\"es\"},{\"@type\":\"WebPage\",\"@id\":\"https:\\\/\\\/impactocastex.com.ar\\\/?p=9589\",\"url\":\"https:\\\/\\\/impactocastex.com.ar\\\/?p=9589\",\"name\":\"UTELPa alerta: \\\"las localidades m\u00e1s peque\u00f1as se van a quedar sin maestros\\\" -\",\"isPartOf\":{\"@id\":\"https:\\\/\\\/impactocastex.com.ar\\\/#website\"},\"primaryImageOfPage\":{\"@id\":\"https:\\\/\\\/impactocastex.com.ar\\\/?p=9589#primaryimage\"},\"image\":{\"@id\":\"https:\\\/\\\/impactocastex.com.ar\\\/?p=9589#primaryimage\"},\"thumbnailUrl\":\"https:\\\/\\\/impactocastex.com.ar\\\/wp-content\\\/uploads\\\/2026\\\/01\\\/2133626.jpg\",\"datePublished\":\"2026-01-27T12:29:43+00:00\",\"dateModified\":\"2026-01-27T12:29:44+00:00\",\"breadcrumb\":{\"@id\":\"https:\\\/\\\/impactocastex.com.ar\\\/?p=9589#breadcrumb\"},\"inLanguage\":\"es\",\"potentialAction\":[{\"@type\":\"ReadAction\",\"target\":[\"https:\\\/\\\/impactocastex.com.ar\\\/?p=9589\"]}]},{\"@type\":\"ImageObject\",\"inLanguage\":\"es\",\"@id\":\"https:\\\/\\\/impactocastex.com.ar\\\/?p=9589#primaryimage\",\"url\":\"https:\\\/\\\/impactocastex.com.ar\\\/wp-content\\\/uploads\\\/2026\\\/01\\\/2133626.jpg\",\"contentUrl\":\"https:\\\/\\\/impactocastex.com.ar\\\/wp-content\\\/uploads\\\/2026\\\/01\\\/2133626.jpg\",\"width\":1200,\"height\":631},{\"@type\":\"BreadcrumbList\",\"@id\":\"https:\\\/\\\/impactocastex.com.ar\\\/?p=9589#breadcrumb\",\"itemListElement\":[{\"@type\":\"ListItem\",\"position\":1,\"name\":\"Portada\",\"item\":\"https:\\\/\\\/impactocastex.com.ar\\\/\"},{\"@type\":\"ListItem\",\"position\":2,\"name\":\"UTELPa alerta: &#8220;las localidades m\u00e1s peque\u00f1as se van a quedar sin maestros&#8221;\"}]},{\"@type\":\"WebSite\",\"@id\":\"https:\\\/\\\/impactocastex.com.ar\\\/#website\",\"url\":\"https:\\\/\\\/impactocastex.com.ar\\\/\",\"name\":\"Impacto Castex\",\"description\":\"\",\"publisher\":{\"@id\":\"https:\\\/\\\/impactocastex.com.ar\\\/#organization\"},\"potentialAction\":[{\"@type\":\"SearchAction\",\"target\":{\"@type\":\"EntryPoint\",\"urlTemplate\":\"https:\\\/\\\/impactocastex.com.ar\\\/?s={search_term_string}\"},\"query-input\":{\"@type\":\"PropertyValueSpecification\",\"valueRequired\":true,\"valueName\":\"search_term_string\"}}],\"inLanguage\":\"es\"},{\"@type\":\"Organization\",\"@id\":\"https:\\\/\\\/impactocastex.com.ar\\\/#organization\",\"name\":\"Impacto Castex\",\"url\":\"https:\\\/\\\/impactocastex.com.ar\\\/\",\"logo\":{\"@type\":\"ImageObject\",\"inLanguage\":\"es\",\"@id\":\"https:\\\/\\\/impactocastex.com.ar\\\/#\\\/schema\\\/logo\\\/image\\\/\",\"url\":\"https:\\\/\\\/impactocastex.com.ar\\\/wp-content\\\/uploads\\\/2025\\\/09\\\/cropped-icoweb.png\",\"contentUrl\":\"https:\\\/\\\/impactocastex.com.ar\\\/wp-content\\\/uploads\\\/2025\\\/09\\\/cropped-icoweb.png\",\"width\":512,\"height\":512,\"caption\":\"Impacto Castex\"},\"image\":{\"@id\":\"https:\\\/\\\/impactocastex.com.ar\\\/#\\\/schema\\\/logo\\\/image\\\/\"},\"sameAs\":[\"https:\\\/\\\/www.facebook.com\\\/impactocastexdiario\",\"https:\\\/\\\/www.instagram.com\\\/impactocastex.com.ar\\\/\"]},{\"@type\":\"Person\",\"@id\":\"https:\\\/\\\/impactocastex.com.ar\\\/#\\\/schema\\\/person\\\/c115028fb60f9bf49ce7550894b84ea7\",\"name\":\"impactocastex\",\"image\":{\"@type\":\"ImageObject\",\"inLanguage\":\"es\",\"@id\":\"https:\\\/\\\/secure.gravatar.com\\\/avatar\\\/fee87e7af008f02e9becdc0b5a9fd4a2e79b3918a571edeacb62211704637833?s=96&d=mm&r=g\",\"url\":\"https:\\\/\\\/secure.gravatar.com\\\/avatar\\\/fee87e7af008f02e9becdc0b5a9fd4a2e79b3918a571edeacb62211704637833?s=96&d=mm&r=g\",\"contentUrl\":\"https:\\\/\\\/secure.gravatar.com\\\/avatar\\\/fee87e7af008f02e9becdc0b5a9fd4a2e79b3918a571edeacb62211704637833?s=96&d=mm&r=g\",\"caption\":\"impactocastex\"},\"sameAs\":[\"https:\\\/\\\/impactocastex.com.ar\\\/\"],\"url\":\"https:\\\/\\\/impactocastex.com.ar\\\/?author=2\"}]}<\/script>\n<!-- \/ Yoast SEO plugin. -->","yoast_head_json":{"title":"UTELPa alerta: \"las localidades m\u00e1s peque\u00f1as se van a quedar sin maestros\" -","robots":{"index":"index","follow":"follow","max-snippet":"max-snippet:-1","max-image-preview":"max-image-preview:large","max-video-preview":"max-video-preview:-1"},"canonical":"https:\/\/impactocastex.com.ar\/?p=9589","og_locale":"es_ES","og_type":"article","og_title":"UTELPa alerta: \"las localidades m\u00e1s peque\u00f1as se van a quedar sin maestros\" -","og_description":"Desde UTELPa recoraron que no iniciar\u00e1n las calses si no hay respuestas a los reclamos...","og_url":"https:\/\/impactocastex.com.ar\/?p=9589","article_publisher":"https:\/\/www.facebook.com\/impactocastexdiario","article_published_time":"2026-01-27T12:29:43+00:00","article_modified_time":"2026-01-27T12:29:44+00:00","og_image":[{"width":1200,"height":631,"url":"https:\/\/impactocastex.com.ar\/wp-content\/uploads\/2026\/01\/2133626.jpg","type":"image\/jpeg"}],"author":"impactocastex","twitter_card":"summary_large_image","twitter_misc":{"Escrito por":"impactocastex","Tiempo de lectura":"2 minutos"},"schema":{"@context":"https:\/\/schema.org","@graph":[{"@type":"Article","@id":"https:\/\/impactocastex.com.ar\/?p=9589#article","isPartOf":{"@id":"https:\/\/impactocastex.com.ar\/?p=9589"},"author":{"name":"impactocastex","@id":"https:\/\/impactocastex.com.ar\/#\/schema\/person\/c115028fb60f9bf49ce7550894b84ea7"},"headline":"UTELPa alerta: \u00ablas localidades m\u00e1s peque\u00f1as se van a quedar sin maestros\u00bb","datePublished":"2026-01-27T12:29:43+00:00","dateModified":"2026-01-27T12:29:44+00:00","mainEntityOfPage":{"@id":"https:\/\/impactocastex.com.ar\/?p=9589"},"wordCount":428,"publisher":{"@id":"https:\/\/impactocastex.com.ar\/#organization"},"image":{"@id":"https:\/\/impactocastex.com.ar\/?p=9589#primaryimage"},"thumbnailUrl":"https:\/\/impactocastex.com.ar\/wp-content\/uploads\/2026\/01\/2133626.jpg","articleSection":["LA PAMPA"],"inLanguage":"es"},{"@type":"WebPage","@id":"https:\/\/impactocastex.com.ar\/?p=9589","url":"https:\/\/impactocastex.com.ar\/?p=9589","name":"UTELPa alerta: \"las localidades m\u00e1s peque\u00f1as se van a quedar sin maestros\" -","isPartOf":{"@id":"https:\/\/impactocastex.com.ar\/#website"},"primaryImageOfPage":{"@id":"https:\/\/impactocastex.com.ar\/?p=9589#primaryimage"},"image":{"@id":"https:\/\/impactocastex.com.ar\/?p=9589#primaryimage"},"thumbnailUrl":"https:\/\/impactocastex.com.ar\/wp-content\/uploads\/2026\/01\/2133626.jpg","datePublished":"2026-01-27T12:29:43+00:00","dateModified":"2026-01-27T12:29:44+00:00","breadcrumb":{"@id":"https:\/\/impactocastex.com.ar\/?p=9589#breadcrumb"},"inLanguage":"es","potentialAction":[{"@type":"ReadAction","target":["https:\/\/impactocastex.com.ar\/?p=9589"]}]},{"@type":"ImageObject","inLanguage":"es","@id":"https:\/\/impactocastex.com.ar\/?p=9589#primaryimage","url":"https:\/\/impactocastex.com.ar\/wp-content\/uploads\/2026\/01\/2133626.jpg","contentUrl":"https:\/\/impactocastex.com.ar\/wp-content\/uploads\/2026\/01\/2133626.jpg","width":1200,"height":631},{"@type":"BreadcrumbList","@id":"https:\/\/impactocastex.com.ar\/?p=9589#breadcrumb","itemListElement":[{"@type":"ListItem","position":1,"name":"Portada","item":"https:\/\/impactocastex.com.ar\/"},{"@type":"ListItem","position":2,"name":"UTELPa alerta: &#8220;las localidades m\u00e1s peque\u00f1as se van a quedar sin maestros&#8221;"}]},{"@type":"WebSite","@id":"https:\/\/impactocastex.com.ar\/#website","url":"https:\/\/impactocastex.com.ar\/","name":"Impacto Castex","description":"","publisher":{"@id":"https:\/\/impactocastex.com.ar\/#organization"},"potentialAction":[{"@type":"SearchAction","target":{"@type":"EntryPoint","urlTemplate":"https:\/\/impactocastex.com.ar\/?s={search_term_string}"},"query-input":{"@type":"PropertyValueSpecification","valueRequired":true,"valueName":"search_term_string"}}],"inLanguage":"es"},{"@type":"Organization","@id":"https:\/\/impactocastex.com.ar\/#organization","name":"Impacto Castex","url":"https:\/\/impactocastex.com.ar\/","logo":{"@type":"ImageObject","inLanguage":"es","@id":"https:\/\/impactocastex.com.ar\/#\/schema\/logo\/image\/","url":"https:\/\/impactocastex.com.ar\/wp-content\/uploads\/2025\/09\/cropped-icoweb.png","contentUrl":"https:\/\/impactocastex.com.ar\/wp-content\/uploads\/2025\/09\/cropped-icoweb.png","width":512,"height":512,"caption":"Impacto Castex"},"image":{"@id":"https:\/\/impactocastex.com.ar\/#\/schema\/logo\/image\/"},"sameAs":["https:\/\/www.facebook.com\/impactocastexdiario","https:\/\/www.instagram.com\/impactocastex.com.ar\/"]},{"@type":"Person","@id":"https:\/\/impactocastex.com.ar\/#\/schema\/person\/c115028fb60f9bf49ce7550894b84ea7","name":"impactocastex","image":{"@type":"ImageObject","inLanguage":"es","@id":"https:\/\/secure.gravatar.com\/avatar\/fee87e7af008f02e9becdc0b5a9fd4a2e79b3918a571edeacb62211704637833?s=96&d=mm&r=g","url":"https:\/\/secure.gravatar.com\/avatar\/fee87e7af008f02e9becdc0b5a9fd4a2e79b3918a571edeacb62211704637833?s=96&d=mm&r=g","contentUrl":"https:\/\/secure.gravatar.com\/avatar\/fee87e7af008f02e9becdc0b5a9fd4a2e79b3918a571edeacb62211704637833?s=96&d=mm&r=g","caption":"impactocastex"},"sameAs":["https:\/\/impactocastex.com.ar\/"],"url":"https:\/\/impactocastex.com.ar\/?author=2"}]}},"jetpack_publicize_connections":[],"featured_image_urls":{"full":["https:\/\/impactocastex.com.ar\/wp-content\/uploads\/2026\/01\/2133626.jpg",1200,631,false],"thumbnail":["https:\/\/impactocastex.com.ar\/wp-content\/uploads\/2026\/01\/2133626-150x150.jpg",150,150,true],"medium":["https:\/\/impactocastex.com.ar\/wp-content\/uploads\/2026\/01\/2133626-300x158.jpg",300,158,true],"medium_large":["https:\/\/impactocastex.com.ar\/wp-content\/uploads\/2026\/01\/2133626-768x404.jpg",640,337,true],"large":["https:\/\/impactocastex.com.ar\/wp-content\/uploads\/2026\/01\/2133626-1024x538.jpg",640,336,true],"1536x1536":["https:\/\/impactocastex.com.ar\/wp-content\/uploads\/2026\/01\/2133626.jpg",1200,631,false],"2048x2048":["https:\/\/impactocastex.com.ar\/wp-content\/uploads\/2026\/01\/2133626.jpg",1200,631,false],"newsever-slider-full":["https:\/\/impactocastex.com.ar\/wp-content\/uploads\/2026\/01\/2133626.jpg",1200,631,false],"newsever-featured":["https:\/\/impactocastex.com.ar\/wp-content\/uploads\/2026\/01\/2133626-1024x538.jpg",1024,538,true],"newsever-medium":["https:\/\/impactocastex.com.ar\/wp-content\/uploads\/2026\/01\/2133626-720x475.jpg",720,475,true]},"author_info":{"info":["impactocastex"]},"category_info":"<a href=\"https:\/\/impactocastex.com.ar\/?cat=83\" rel=\"category\">LA PAMPA<\/a>","tag_info":"LA PAMPA","comment_count":0,"jetpack_featured_media_url":"https:\/\/impactocastex.com.ar\/wp-content\/uploads\/2026\/01\/2133626.jpg","jetpack_sharing_enabled":true,"jetpack_likes_enabled":true,"jetpack_shortlink":"https:\/\/wp.me\/p7sopA-2uF","_links":{"self":[{"href":"https:\/\/impactocastex.com.ar\/index.php?rest_route=\/wp\/v2\/posts\/9589","targetHints":{"allow":["GET"]}}],"collection":[{"href":"https:\/\/impactocastex.com.ar\/index.php?rest_route=\/wp\/v2\/posts"}],"about":[{"href":"https:\/\/impactocastex.com.ar\/index.php?rest_route=\/wp\/v2\/types\/post"}],"author":[{"embeddable":true,"href":"https:\/\/impactocastex.com.ar\/index.php?rest_route=\/wp\/v2\/users\/2"}],"replies":[{"embeddable":true,"href":"https:\/\/impactocastex.com.ar\/index.php?rest_route=%2Fwp%2Fv2%2Fcomments&post=9589"}],"version-history":[{"count":1,"href":"https:\/\/impactocastex.com.ar\/index.php?rest_route=\/wp\/v2\/posts\/9589\/revisions"}],"predecessor-version":[{"id":9591,"href":"https:\/\/impactocastex.com.ar\/index.php?rest_route=\/wp\/v2\/posts\/9589\/revisions\/9591"}],"wp:featuredmedia":[{"embeddable":true,"href":"https:\/\/impactocastex.com.ar\/index.php?rest_route=\/wp\/v2\/media\/9590"}],"wp:attachment":[{"href":"https:\/\/impactocastex.com.ar\/index.php?rest_route=%2Fwp%2Fv2%2Fmedia&parent=9589"}],"wp:term":[{"taxonomy":"category","embeddable":true,"href":"https:\/\/impactocastex.com.ar\/index.php?rest_route=%2Fwp%2Fv2%2Fcategories&post=9589"},{"taxonomy":"post_tag","embeddable":true,"href":"https:\/\/impactocastex.com.ar\/index.php?rest_route=%2Fwp%2Fv2%2Ftags&post=9589"}],"curies":[{"name":"wp","href":"https:\/\/api.w.org\/{rel}","templated":true}]}}