{"id":9567,"date":"2026-01-27T09:12:10","date_gmt":"2026-01-27T12:12:10","guid":{"rendered":"https:\/\/impactocastex.com.ar\/?p=9567"},"modified":"2026-01-27T09:12:11","modified_gmt":"2026-01-27T12:12:11","slug":"constanza-pacheco-refuerza-a-river-plate","status":"publish","type":"post","link":"https:\/\/impactocastex.com.ar\/?p=9567","title":{"rendered":"Constanza Pacheco refuerza a River Plate"},"content":{"rendered":"\n<p>Constanza Pacheco llega al Millonario tras su paso por Boca.<\/p>\n\n\n\n<p><strong><\/strong>El Millonario oficializ\u00f3 en sus redes sociales la llegada de la defensora surgida del Deportivo Mac Allister que viene de vestir la camiseta de Boca Juniors.<\/p>\n\n\n\n<p>La defensora pampeana&nbsp;<strong>Constanza Pacheco<\/strong>&nbsp;fue presentada como nueva jugadora de&nbsp;<strong>River Plate<\/strong>&nbsp;y se convirti\u00f3 en el tercer refuerzo del plantel que conduce&nbsp;<strong>Nicol\u00e1s Loncharich<\/strong>&nbsp;de cara a la temporada 2026.<\/p>\n\n\n\n<p>La futbolista, de 17 a\u00f1os, se sum\u00f3 al club de N\u00fa\u00f1ez luego de su paso por Boca Juniors. En un video difundido por las redes sociales de River, Pacheco se present\u00f3 ante los hinchas y se\u00f1al\u00f3: \u00ab<em>Hola hinchas de River, soy Constanza Pacheco, tengo 17 a\u00f1os y juego de defensora central. Vengo a seguir aprendiendo y a dejar todo<\/em>\u00ab.<\/p>\n\n\n\n<p>Pacheco se form\u00f3 en el&nbsp;<strong>Deportivo Mac Allister<\/strong>, donde fue creciendo en el f\u00fatbol local y regional hasta dar el salto al \u00e1mbito AFA. En abril de 2023, el club santarrose\u00f1o inform\u00f3 su primera convocatoria a la Selecci\u00f3n Argentina Sub 17. En ese momento, desde la instituci\u00f3n destacaron: \u00ab<em>Constanza Pacheco, jugadora de nuestro club, fue convocada a la selecci\u00f3n nacional sub 17 femenina. Constanza, de varios a\u00f1os en las filas del depo, tendr\u00e1 la posibilidad de estar entre las mejores del pa\u00eds en el predio Lion\u00e9s Andr\u00e9s Messi<\/em>\u00ab.<\/p>\n\n\n\n<p>Cronolog\u00eda de su crecimiento<\/p>\n\n\n\n<p>En<strong>&nbsp;diciembre de 2024<\/strong>&nbsp;se confirm\u00f3 su incorporaci\u00f3n a&nbsp;<strong>Boca Juniors&nbsp;<\/strong>para la temporada siguiente, tras despedirse de Mac Allister con un mensaje en sus redes sociales. \u00abH<em>oy llega el momento de despedirme de mi club, el que me ayud\u00f3 a crecer, no solo como jugadora, sino tambi\u00e9n como persona. El lugar donde aprend\u00ed lo que significa el trabajo en equipo, el esfuerzo, la constancia y, sobre todo, el amor por la camiseta<\/em>\u00ab, escribi\u00f3 entonces. Y agreg\u00f3: \u00ab<em>Este club s\u00e9 que es mi casa, donde siempre buscaron lo mejor para m\u00ed, por eso quiero agradecer de coraz\u00f3n a todos los profes y personas que me guiaron en este camino, porque cada uno me dej\u00f3 algo valioso, una ense\u00f1anza, un consejo, una sonrisa. Fueron personas con las que festejamos muchos logros y que me ayudaron en los momentos dif\u00edciles<\/em>\u00ab. Cerr\u00f3: \u00ab<em>M\u00e1s que feliz por todo lo que aprend\u00ed y viv\u00ed en estos a\u00f1os. Hasta pronto Depo, siempre Mac Allister. Gracias por tanto<\/em>\u00ab.<\/p>\n\n\n\n<p>En paralelo a su llegada al Xeneize, continu\u00f3 su recorrido en selecciones juveniles. El 25 de abril de 2025, Pacheco integr\u00f3 la lista definitiva de la<strong>&nbsp;Selecci\u00f3n Argentina Sub 17<\/strong>&nbsp;para el Sudamericano de la categor\u00eda disputado en Colombia, junto a la santarrose\u00f1a&nbsp;<strong>Agustina Maldonado<\/strong>.<\/p>\n\n\n\n<p>Un mes despu\u00e9s, el&nbsp;<strong>27 de mayo de 2025<\/strong>, concret\u00f3 su&nbsp;<strong>debut oficial en Boca en Reserva&nbsp;<\/strong>y lo hizo en un Supercl\u00e1sico ante River: \u00ab<em>Fue hermoso<\/em>\u00ab, resumi\u00f3 tras el partido. Sobre su proceso de adaptaci\u00f3n, explic\u00f3: \u00ab<em>En el d\u00eda a d\u00eda trato de aprovechar cada oportunidad, crecer y aprender mucho con las m\u00e1s grandes, y obviamente seguir mejorando para poder debutar con la Primera<\/em>\u00ab. Tambi\u00e9n marc\u00f3 la importancia de sumar continuidad: \u00ab<em>Mientras tanto, si me toca sumar minutos con la Reserva para tener continuidad jugando, me va a ayudar un mont\u00f3n<\/em>\u00ab.<\/p>\n\n\n\n<p>En junio de 2025, Pacheco y Maldonado fueron reconocidas como&nbsp;<strong>deportistas del mes de mayo<\/strong>&nbsp;por la<strong>&nbsp;Municipalidad de Santa Rosa&nbsp;<\/strong>por jugar en el Sudamericano.<\/p>\n\n\n\n<p>Ahora, con la presentaci\u00f3n oficial en River, la zaguera central afrontar\u00e1 un nuevo paso en su carrera dentro del f\u00fatbol de AFA, tras su formaci\u00f3n en Santa Rosa, sus convocatorias a selecciones juveniles y su primera etapa en Boca Juniors.<\/p>\n\n\n\n<p>eldiariodelapampa.<\/p>\n","protected":false},"excerpt":{"rendered":"<p>Constanza Pacheco llega al Millonario tras su paso por Boca. El Millonario oficializ\u00f3 en sus&#8230;<\/p>\n","protected":false},"author":2,"featured_media":9568,"comment_status":"closed","ping_status":"closed","sticky":false,"template":"","format":"standard","meta":{"_jetpack_memberships_contains_paid_content":false,"footnotes":"","jetpack_publicize_message":"Constanza Pacheco refuerza a River Plate","jetpack_publicize_feature_enabled":true,"jetpack_social_post_already_shared":false,"jetpack_social_options":{"image_generator_settings":{"template":"highway","default_image_id":0,"font":"","enabled":false},"version":2}},"categories":[87,83],"tags":[],"class_list":["post-9567","post","type-post","status-publish","format-standard","has-post-thumbnail","hentry","category-deportes","category-la-pampa"],"yoast_head":"<!-- This site is optimized with the Yoast SEO plugin v27.4 - https:\/\/yoast.com\/product\/yoast-seo-wordpress\/ -->\n<title>Constanza Pacheco refuerza a River Plate -<\/title>\n<meta name=\"robots\" content=\"index, follow, max-snippet:-1, max-image-preview:large, max-video-preview:-1\" \/>\n<link rel=\"canonical\" href=\"https:\/\/impactocastex.com.ar\/?p=9567\" \/>\n<meta property=\"og:locale\" content=\"es_ES\" \/>\n<meta property=\"og:type\" content=\"article\" \/>\n<meta property=\"og:title\" content=\"Constanza Pacheco refuerza a River Plate -\" \/>\n<meta property=\"og:description\" content=\"Constanza Pacheco llega al Millonario tras su paso por Boca. El Millonario oficializ\u00f3 en sus...\" \/>\n<meta property=\"og:url\" content=\"https:\/\/impactocastex.com.ar\/?p=9567\" \/>\n<meta property=\"article:publisher\" content=\"https:\/\/www.facebook.com\/impactocastexdiario\" \/>\n<meta property=\"article:published_time\" content=\"2026-01-27T12:12:10+00:00\" \/>\n<meta property=\"article:modified_time\" content=\"2026-01-27T12:12:11+00:00\" \/>\n<meta property=\"og:image\" content=\"https:\/\/impactocastex.com.ar\/wp-content\/uploads\/2026\/01\/2133669.jpg\" \/>\n\t<meta property=\"og:image:width\" content=\"1200\" \/>\n\t<meta property=\"og:image:height\" content=\"631\" \/>\n\t<meta property=\"og:image:type\" content=\"image\/jpeg\" \/>\n<meta name=\"author\" content=\"impactocastex\" \/>\n<meta name=\"twitter:card\" content=\"summary_large_image\" \/>\n<meta name=\"twitter:label1\" content=\"Escrito por\" \/>\n\t<meta name=\"twitter:data1\" content=\"impactocastex\" \/>\n\t<meta name=\"twitter:label2\" content=\"Tiempo de lectura\" \/>\n\t<meta name=\"twitter:data2\" content=\"3 minutos\" \/>\n<script type=\"application\/ld+json\" class=\"yoast-schema-graph\">{\"@context\":\"https:\\\/\\\/schema.org\",\"@graph\":[{\"@type\":\"Article\",\"@id\":\"https:\\\/\\\/impactocastex.com.ar\\\/?p=9567#article\",\"isPartOf\":{\"@id\":\"https:\\\/\\\/impactocastex.com.ar\\\/?p=9567\"},\"author\":{\"name\":\"impactocastex\",\"@id\":\"https:\\\/\\\/impactocastex.com.ar\\\/#\\\/schema\\\/person\\\/c115028fb60f9bf49ce7550894b84ea7\"},\"headline\":\"Constanza Pacheco refuerza a River Plate\",\"datePublished\":\"2026-01-27T12:12:10+00:00\",\"dateModified\":\"2026-01-27T12:12:11+00:00\",\"mainEntityOfPage\":{\"@id\":\"https:\\\/\\\/impactocastex.com.ar\\\/?p=9567\"},\"wordCount\":634,\"publisher\":{\"@id\":\"https:\\\/\\\/impactocastex.com.ar\\\/#organization\"},\"image\":{\"@id\":\"https:\\\/\\\/impactocastex.com.ar\\\/?p=9567#primaryimage\"},\"thumbnailUrl\":\"https:\\\/\\\/impactocastex.com.ar\\\/wp-content\\\/uploads\\\/2026\\\/01\\\/2133669.jpg\",\"articleSection\":[\"DEPORTES\",\"LA PAMPA\"],\"inLanguage\":\"es\"},{\"@type\":\"WebPage\",\"@id\":\"https:\\\/\\\/impactocastex.com.ar\\\/?p=9567\",\"url\":\"https:\\\/\\\/impactocastex.com.ar\\\/?p=9567\",\"name\":\"Constanza Pacheco refuerza a River Plate -\",\"isPartOf\":{\"@id\":\"https:\\\/\\\/impactocastex.com.ar\\\/#website\"},\"primaryImageOfPage\":{\"@id\":\"https:\\\/\\\/impactocastex.com.ar\\\/?p=9567#primaryimage\"},\"image\":{\"@id\":\"https:\\\/\\\/impactocastex.com.ar\\\/?p=9567#primaryimage\"},\"thumbnailUrl\":\"https:\\\/\\\/impactocastex.com.ar\\\/wp-content\\\/uploads\\\/2026\\\/01\\\/2133669.jpg\",\"datePublished\":\"2026-01-27T12:12:10+00:00\",\"dateModified\":\"2026-01-27T12:12:11+00:00\",\"breadcrumb\":{\"@id\":\"https:\\\/\\\/impactocastex.com.ar\\\/?p=9567#breadcrumb\"},\"inLanguage\":\"es\",\"potentialAction\":[{\"@type\":\"ReadAction\",\"target\":[\"https:\\\/\\\/impactocastex.com.ar\\\/?p=9567\"]}]},{\"@type\":\"ImageObject\",\"inLanguage\":\"es\",\"@id\":\"https:\\\/\\\/impactocastex.com.ar\\\/?p=9567#primaryimage\",\"url\":\"https:\\\/\\\/impactocastex.com.ar\\\/wp-content\\\/uploads\\\/2026\\\/01\\\/2133669.jpg\",\"contentUrl\":\"https:\\\/\\\/impactocastex.com.ar\\\/wp-content\\\/uploads\\\/2026\\\/01\\\/2133669.jpg\",\"width\":1200,\"height\":631},{\"@type\":\"BreadcrumbList\",\"@id\":\"https:\\\/\\\/impactocastex.com.ar\\\/?p=9567#breadcrumb\",\"itemListElement\":[{\"@type\":\"ListItem\",\"position\":1,\"name\":\"Portada\",\"item\":\"https:\\\/\\\/impactocastex.com.ar\\\/\"},{\"@type\":\"ListItem\",\"position\":2,\"name\":\"Constanza Pacheco refuerza a River Plate\"}]},{\"@type\":\"WebSite\",\"@id\":\"https:\\\/\\\/impactocastex.com.ar\\\/#website\",\"url\":\"https:\\\/\\\/impactocastex.com.ar\\\/\",\"name\":\"Impacto Castex\",\"description\":\"\",\"publisher\":{\"@id\":\"https:\\\/\\\/impactocastex.com.ar\\\/#organization\"},\"potentialAction\":[{\"@type\":\"SearchAction\",\"target\":{\"@type\":\"EntryPoint\",\"urlTemplate\":\"https:\\\/\\\/impactocastex.com.ar\\\/?s={search_term_string}\"},\"query-input\":{\"@type\":\"PropertyValueSpecification\",\"valueRequired\":true,\"valueName\":\"search_term_string\"}}],\"inLanguage\":\"es\"},{\"@type\":\"Organization\",\"@id\":\"https:\\\/\\\/impactocastex.com.ar\\\/#organization\",\"name\":\"Impacto Castex\",\"url\":\"https:\\\/\\\/impactocastex.com.ar\\\/\",\"logo\":{\"@type\":\"ImageObject\",\"inLanguage\":\"es\",\"@id\":\"https:\\\/\\\/impactocastex.com.ar\\\/#\\\/schema\\\/logo\\\/image\\\/\",\"url\":\"https:\\\/\\\/impactocastex.com.ar\\\/wp-content\\\/uploads\\\/2025\\\/09\\\/cropped-icoweb.png\",\"contentUrl\":\"https:\\\/\\\/impactocastex.com.ar\\\/wp-content\\\/uploads\\\/2025\\\/09\\\/cropped-icoweb.png\",\"width\":512,\"height\":512,\"caption\":\"Impacto Castex\"},\"image\":{\"@id\":\"https:\\\/\\\/impactocastex.com.ar\\\/#\\\/schema\\\/logo\\\/image\\\/\"},\"sameAs\":[\"https:\\\/\\\/www.facebook.com\\\/impactocastexdiario\",\"https:\\\/\\\/www.instagram.com\\\/impactocastex.com.ar\\\/\"]},{\"@type\":\"Person\",\"@id\":\"https:\\\/\\\/impactocastex.com.ar\\\/#\\\/schema\\\/person\\\/c115028fb60f9bf49ce7550894b84ea7\",\"name\":\"impactocastex\",\"image\":{\"@type\":\"ImageObject\",\"inLanguage\":\"es\",\"@id\":\"https:\\\/\\\/secure.gravatar.com\\\/avatar\\\/fee87e7af008f02e9becdc0b5a9fd4a2e79b3918a571edeacb62211704637833?s=96&d=mm&r=g\",\"url\":\"https:\\\/\\\/secure.gravatar.com\\\/avatar\\\/fee87e7af008f02e9becdc0b5a9fd4a2e79b3918a571edeacb62211704637833?s=96&d=mm&r=g\",\"contentUrl\":\"https:\\\/\\\/secure.gravatar.com\\\/avatar\\\/fee87e7af008f02e9becdc0b5a9fd4a2e79b3918a571edeacb62211704637833?s=96&d=mm&r=g\",\"caption\":\"impactocastex\"},\"sameAs\":[\"https:\\\/\\\/impactocastex.com.ar\\\/\"],\"url\":\"https:\\\/\\\/impactocastex.com.ar\\\/?author=2\"}]}<\/script>\n<!-- \/ Yoast SEO plugin. -->","yoast_head_json":{"title":"Constanza Pacheco refuerza a River Plate -","robots":{"index":"index","follow":"follow","max-snippet":"max-snippet:-1","max-image-preview":"max-image-preview:large","max-video-preview":"max-video-preview:-1"},"canonical":"https:\/\/impactocastex.com.ar\/?p=9567","og_locale":"es_ES","og_type":"article","og_title":"Constanza Pacheco refuerza a River Plate -","og_description":"Constanza Pacheco llega al Millonario tras su paso por Boca. El Millonario oficializ\u00f3 en sus...","og_url":"https:\/\/impactocastex.com.ar\/?p=9567","article_publisher":"https:\/\/www.facebook.com\/impactocastexdiario","article_published_time":"2026-01-27T12:12:10+00:00","article_modified_time":"2026-01-27T12:12:11+00:00","og_image":[{"width":1200,"height":631,"url":"https:\/\/impactocastex.com.ar\/wp-content\/uploads\/2026\/01\/2133669.jpg","type":"image\/jpeg"}],"author":"impactocastex","twitter_card":"summary_large_image","twitter_misc":{"Escrito por":"impactocastex","Tiempo de lectura":"3 minutos"},"schema":{"@context":"https:\/\/schema.org","@graph":[{"@type":"Article","@id":"https:\/\/impactocastex.com.ar\/?p=9567#article","isPartOf":{"@id":"https:\/\/impactocastex.com.ar\/?p=9567"},"author":{"name":"impactocastex","@id":"https:\/\/impactocastex.com.ar\/#\/schema\/person\/c115028fb60f9bf49ce7550894b84ea7"},"headline":"Constanza Pacheco refuerza a River Plate","datePublished":"2026-01-27T12:12:10+00:00","dateModified":"2026-01-27T12:12:11+00:00","mainEntityOfPage":{"@id":"https:\/\/impactocastex.com.ar\/?p=9567"},"wordCount":634,"publisher":{"@id":"https:\/\/impactocastex.com.ar\/#organization"},"image":{"@id":"https:\/\/impactocastex.com.ar\/?p=9567#primaryimage"},"thumbnailUrl":"https:\/\/impactocastex.com.ar\/wp-content\/uploads\/2026\/01\/2133669.jpg","articleSection":["DEPORTES","LA PAMPA"],"inLanguage":"es"},{"@type":"WebPage","@id":"https:\/\/impactocastex.com.ar\/?p=9567","url":"https:\/\/impactocastex.com.ar\/?p=9567","name":"Constanza Pacheco refuerza a River Plate -","isPartOf":{"@id":"https:\/\/impactocastex.com.ar\/#website"},"primaryImageOfPage":{"@id":"https:\/\/impactocastex.com.ar\/?p=9567#primaryimage"},"image":{"@id":"https:\/\/impactocastex.com.ar\/?p=9567#primaryimage"},"thumbnailUrl":"https:\/\/impactocastex.com.ar\/wp-content\/uploads\/2026\/01\/2133669.jpg","datePublished":"2026-01-27T12:12:10+00:00","dateModified":"2026-01-27T12:12:11+00:00","breadcrumb":{"@id":"https:\/\/impactocastex.com.ar\/?p=9567#breadcrumb"},"inLanguage":"es","potentialAction":[{"@type":"ReadAction","target":["https:\/\/impactocastex.com.ar\/?p=9567"]}]},{"@type":"ImageObject","inLanguage":"es","@id":"https:\/\/impactocastex.com.ar\/?p=9567#primaryimage","url":"https:\/\/impactocastex.com.ar\/wp-content\/uploads\/2026\/01\/2133669.jpg","contentUrl":"https:\/\/impactocastex.com.ar\/wp-content\/uploads\/2026\/01\/2133669.jpg","width":1200,"height":631},{"@type":"BreadcrumbList","@id":"https:\/\/impactocastex.com.ar\/?p=9567#breadcrumb","itemListElement":[{"@type":"ListItem","position":1,"name":"Portada","item":"https:\/\/impactocastex.com.ar\/"},{"@type":"ListItem","position":2,"name":"Constanza Pacheco refuerza a River Plate"}]},{"@type":"WebSite","@id":"https:\/\/impactocastex.com.ar\/#website","url":"https:\/\/impactocastex.com.ar\/","name":"Impacto Castex","description":"","publisher":{"@id":"https:\/\/impactocastex.com.ar\/#organization"},"potentialAction":[{"@type":"SearchAction","target":{"@type":"EntryPoint","urlTemplate":"https:\/\/impactocastex.com.ar\/?s={search_term_string}"},"query-input":{"@type":"PropertyValueSpecification","valueRequired":true,"valueName":"search_term_string"}}],"inLanguage":"es"},{"@type":"Organization","@id":"https:\/\/impactocastex.com.ar\/#organization","name":"Impacto Castex","url":"https:\/\/impactocastex.com.ar\/","logo":{"@type":"ImageObject","inLanguage":"es","@id":"https:\/\/impactocastex.com.ar\/#\/schema\/logo\/image\/","url":"https:\/\/impactocastex.com.ar\/wp-content\/uploads\/2025\/09\/cropped-icoweb.png","contentUrl":"https:\/\/impactocastex.com.ar\/wp-content\/uploads\/2025\/09\/cropped-icoweb.png","width":512,"height":512,"caption":"Impacto Castex"},"image":{"@id":"https:\/\/impactocastex.com.ar\/#\/schema\/logo\/image\/"},"sameAs":["https:\/\/www.facebook.com\/impactocastexdiario","https:\/\/www.instagram.com\/impactocastex.com.ar\/"]},{"@type":"Person","@id":"https:\/\/impactocastex.com.ar\/#\/schema\/person\/c115028fb60f9bf49ce7550894b84ea7","name":"impactocastex","image":{"@type":"ImageObject","inLanguage":"es","@id":"https:\/\/secure.gravatar.com\/avatar\/fee87e7af008f02e9becdc0b5a9fd4a2e79b3918a571edeacb62211704637833?s=96&d=mm&r=g","url":"https:\/\/secure.gravatar.com\/avatar\/fee87e7af008f02e9becdc0b5a9fd4a2e79b3918a571edeacb62211704637833?s=96&d=mm&r=g","contentUrl":"https:\/\/secure.gravatar.com\/avatar\/fee87e7af008f02e9becdc0b5a9fd4a2e79b3918a571edeacb62211704637833?s=96&d=mm&r=g","caption":"impactocastex"},"sameAs":["https:\/\/impactocastex.com.ar\/"],"url":"https:\/\/impactocastex.com.ar\/?author=2"}]}},"jetpack_publicize_connections":[],"featured_image_urls":{"full":["https:\/\/impactocastex.com.ar\/wp-content\/uploads\/2026\/01\/2133669.jpg",1200,631,false],"thumbnail":["https:\/\/impactocastex.com.ar\/wp-content\/uploads\/2026\/01\/2133669-150x150.jpg",150,150,true],"medium":["https:\/\/impactocastex.com.ar\/wp-content\/uploads\/2026\/01\/2133669-300x158.jpg",300,158,true],"medium_large":["https:\/\/impactocastex.com.ar\/wp-content\/uploads\/2026\/01\/2133669-768x404.jpg",640,337,true],"large":["https:\/\/impactocastex.com.ar\/wp-content\/uploads\/2026\/01\/2133669-1024x538.jpg",640,336,true],"1536x1536":["https:\/\/impactocastex.com.ar\/wp-content\/uploads\/2026\/01\/2133669.jpg",1200,631,false],"2048x2048":["https:\/\/impactocastex.com.ar\/wp-content\/uploads\/2026\/01\/2133669.jpg",1200,631,false],"newsever-slider-full":["https:\/\/impactocastex.com.ar\/wp-content\/uploads\/2026\/01\/2133669.jpg",1200,631,false],"newsever-featured":["https:\/\/impactocastex.com.ar\/wp-content\/uploads\/2026\/01\/2133669-1024x538.jpg",1024,538,true],"newsever-medium":["https:\/\/impactocastex.com.ar\/wp-content\/uploads\/2026\/01\/2133669-720x475.jpg",720,475,true]},"author_info":{"info":["impactocastex"]},"category_info":"<a href=\"https:\/\/impactocastex.com.ar\/?cat=87\" rel=\"category\">DEPORTES<\/a> <a href=\"https:\/\/impactocastex.com.ar\/?cat=83\" rel=\"category\">LA PAMPA<\/a>","tag_info":"LA PAMPA","comment_count":0,"jetpack_featured_media_url":"https:\/\/impactocastex.com.ar\/wp-content\/uploads\/2026\/01\/2133669.jpg","jetpack_sharing_enabled":true,"jetpack_likes_enabled":true,"jetpack_shortlink":"https:\/\/wp.me\/p7sopA-2uj","_links":{"self":[{"href":"https:\/\/impactocastex.com.ar\/index.php?rest_route=\/wp\/v2\/posts\/9567","targetHints":{"allow":["GET"]}}],"collection":[{"href":"https:\/\/impactocastex.com.ar\/index.php?rest_route=\/wp\/v2\/posts"}],"about":[{"href":"https:\/\/impactocastex.com.ar\/index.php?rest_route=\/wp\/v2\/types\/post"}],"author":[{"embeddable":true,"href":"https:\/\/impactocastex.com.ar\/index.php?rest_route=\/wp\/v2\/users\/2"}],"replies":[{"embeddable":true,"href":"https:\/\/impactocastex.com.ar\/index.php?rest_route=%2Fwp%2Fv2%2Fcomments&post=9567"}],"version-history":[{"count":1,"href":"https:\/\/impactocastex.com.ar\/index.php?rest_route=\/wp\/v2\/posts\/9567\/revisions"}],"predecessor-version":[{"id":9569,"href":"https:\/\/impactocastex.com.ar\/index.php?rest_route=\/wp\/v2\/posts\/9567\/revisions\/9569"}],"wp:featuredmedia":[{"embeddable":true,"href":"https:\/\/impactocastex.com.ar\/index.php?rest_route=\/wp\/v2\/media\/9568"}],"wp:attachment":[{"href":"https:\/\/impactocastex.com.ar\/index.php?rest_route=%2Fwp%2Fv2%2Fmedia&parent=9567"}],"wp:term":[{"taxonomy":"category","embeddable":true,"href":"https:\/\/impactocastex.com.ar\/index.php?rest_route=%2Fwp%2Fv2%2Fcategories&post=9567"},{"taxonomy":"post_tag","embeddable":true,"href":"https:\/\/impactocastex.com.ar\/index.php?rest_route=%2Fwp%2Fv2%2Ftags&post=9567"}],"curies":[{"name":"wp","href":"https:\/\/api.w.org\/{rel}","templated":true}]}}