{"id":9539,"date":"2026-01-27T03:40:09","date_gmt":"2026-01-27T06:40:09","guid":{"rendered":"https:\/\/impactocastex.com.ar\/?p=9539"},"modified":"2026-01-27T03:40:09","modified_gmt":"2026-01-27T06:40:09","slug":"hay-alerta-naranja-y-amarilla-por-calor-tormentas-y-viento-para-este-martes-27-de-enero-las-provincias-afectadas","status":"publish","type":"post","link":"https:\/\/impactocastex.com.ar\/?p=9539","title":{"rendered":"Hay alerta naranja y amarilla por calor, tormentas y viento para este martes 27 de enero: las provincias afectadas"},"content":{"rendered":"<p>El <b>Servicio Meteorol\u00f3gico Nacional<\/b> (SMN) emiti\u00f3 una serie de <b>alertas naranjas y amarillas <\/b>por <b>altas temperaturas, tormentas y viento <\/b>para este martes 27 de enero. El organismo, que depende del Ministerio de Defensa, indic\u00f3 que a lo largo de la jornada habr\u00e1 <b>21 provincias afectadas <\/b>por los fen\u00f3menos meteorol\u00f3gicos indicados.<\/p>\n<p>Rige una <b>alerta naranja <\/b>por <b>altas temperaturas <\/b>en una franja del oeste de la <b>ciudad de Buenos Aires<\/b>, que incluye zonas lindantes con la avenida General Paz en las comunas 8 y 9, el oeste y sur del conurbano bonaerense y otras \u00e1reas de la <b>provincia de Buenos Aires<\/b>, en un corredor que se extiende desde el conurbano sur hasta el partido de General Pueyrred\u00f3n. La advertencia tambi\u00e9n alcanza al oeste de <b>Entre R\u00edos <\/b>y al sur de <b>Santa Fe<\/b>. De acuerdo con el SMN, este nivel de alerta indica <b>temperaturas que pueden ser \u201cmuy peligrosas<\/b>, especialmente para los grupos de riesgo\u201d.<\/p>\n<p>En cuanto al resto del pa\u00eds, tambi\u00e9n rige una<b> alerta amarilla <\/b>por <b>altas temperaturas<\/b> en toda la <b>ciudad <\/b>y la <b>provincia de Buenos Aires <\/b>que no est\u00e1n bajo nivel naranja, el este de <b>Entre<\/b> <b>R\u00edos<\/b>, <b>Corrientes<\/b>, <b>Misiones<\/b>, el centro y norte de <b>Santa Fe<\/b>, el este de <b>C\u00f3rdoba<\/b>, el noroeste de <b>Chaco<\/b>, <b>Formosa<\/b>, el este de <b>Salta<\/b>, el oeste de <b>La<\/b> <b>Pampa<\/b>, el centro de <b>R\u00edo Negro <\/b>y el este de <b>Neuqu\u00e9n<\/b>. Para estas zonas, el organismo advirti\u00f3 que las temperaturas pueden tener un efecto leve a moderado sobre la salud, aunque pueden resultar \u201cpeligrosas\u201d, sobre todo para ni\u00f1os, ni\u00f1as, personas mayores de 65 a\u00f1os y quienes padecen enfermedades cr\u00f3nicas.<\/p>\n<p><img loading=\"lazy\" decoding=\"async\" src=\"https:\/\/resizer.glanacion.com\/resizer\/v2\/NN764RUIQ5HHHN7Z3FLXGX2G7Q.png?auth=45c986b34a78193b3d8d0703086f2903209b0efd586997e668e5d414be7a6a1d&amp;smart=true&amp;width=472&amp;height=800\" alt=\"El nivel naranja de alertas por calor indica que se trata de temperaturas que pueden ser \" height=\"800\" width=\"472\" \/><\/p>\n<p>Adem\u00e1s, se mantiene una alerta naranja por tormentas en el este de <b>La Rioja<\/b> y el oeste de <b>C\u00f3rdoba<\/b>. En esas \u00e1reas, el SMN se\u00f1al\u00f3 que se esperan tormentas fuertes, algunas localmente severas, acompa\u00f1adas principalmente por frecuente actividad el\u00e9ctrica, ca\u00edda de granizo de diversos tama\u00f1os, lluvias abundantes en cortos per\u00edodos y r\u00e1fagas que podr\u00edan superar los 90 kil\u00f3metros por hora. Los valores de precipitaci\u00f3n acumulada previstos se ubican entre los 40 y 90 mil\u00edmetros, con posibilidad de superarse de manera puntual.<\/p>\n<p>A su vez, rige una alerta amarilla por tormentas en <b>Jujuy<\/b>, el centro y este de <b>Salta<\/b>, <b>Tucum\u00e1n<\/b>, <b>Santiago<\/b> <b>del Estero<\/b>, el este de <b>Catamarca<\/b>, el centro de <b>La Rioja<\/b>, <b>San Luis<\/b>, el noreste de <b>Mendoza<\/b>, <b>C\u00f3rdoba<\/b>, el norte de<b> La Pampa<\/b>, el sudoeste de<b> Santa Fe <\/b>y el noroeste de la <b>provincia de Buenos Aires<\/b>. En estas regiones se prev\u00e9n tormentas de variada intensidad, algunas localmente fuertes, con actividad el\u00e9ctrica frecuente, ocasional ca\u00edda de granizo, lluvias intensas en cortos per\u00edodos y r\u00e1fagas que pueden alcanzar los 75 kil\u00f3metros por hora, con acumulados de entre 40 y 80 mil\u00edmetros.<\/p>\n<p>Por \u00faltimo, el SMN emiti\u00f3 una alerta amarilla por <b>viento<\/b> para <b>Santa Cruz<\/b> y <b>Tierra del Fuego<\/b>. En esa zona se esperan vientos del sector norte que rotar\u00e1n al oeste, con velocidades de entre 40 y 60 kil\u00f3metros por hora y <b>r\u00e1fagas <\/b>que pueden alcanzar los<b> 90 kil\u00f3metros por hora<\/b>.<\/p>\n<p><img loading=\"lazy\" decoding=\"async\" src=\"https:\/\/resizer.glanacion.com\/resizer\/v2\/FYSFYNSD5FAMJBLKDBKAVR6BJE.png?auth=9a4c18656ac61ce4c2075ed402315c9de7506db5911cc8661d9cb93cd198bb24&amp;smart=true&amp;width=472&amp;height=800\" alt=\"Las alertas emitidas por el SMN para este martes 27 de enero\" height=\"800\" width=\"472\" \/><\/p>\n<p>Frente a las <b>altas temperaturas <\/b>bajo alerta naranja,<b> el organismo recomienda<\/b> aumentar el consumo de agua sin esperar a tener sed, <b>evitar la exposici\u00f3n al sol <\/b>durante las horas centrales del d\u00eda, reducir la actividad f\u00edsica y prestar especial atenci\u00f3n a ni\u00f1os, personas mayores, embarazadas y quienes tengan enfermedades cr\u00f3nicas. Tambi\u00e9n aconseja permanecer en ambientes ventilados o acondicionados y <b>usar ropa liviana y de colores claros. <\/b>Ante s\u00edntomas como mareos, agotamiento, n\u00e1useas o desmayo, se debe solicitar asistencia m\u00e9dica inmediata y trasladar a la persona afectada a un lugar fresco.<\/p>\n<p>Para las zonas bajo alerta naranja por <b>tormentas<\/b>, el SMN sugiere seguir las indicaciones de las autoridades locales, evitar circular salvo que sea necesario y<b> permanecer en construcciones cerradas.<\/b> Tambi\u00e9n recomienda asegurar objetos que puedan volarse, desconectar los electrodom\u00e9sticos si ingresa agua y preparar un kit de emergencia con agua, alimentos, linterna y radio a pilas.<\/p>\n<p>En el caso de la alerta amarilla por <b>viento<\/b>, las recomendaciones incluyen evitar salir al exterior, asegurar macetas u objetos sueltos, cerrar y alejarse de puertas y ventanas, <b>no refugiarse debajo de \u00e1rboles, postes o carteles publicitarios<\/b> y extremar la precauci\u00f3n al conducir.<\/p>\n<h1>El clima en el AMBA<\/h1>\n<p>Para este martes, en la <b>ciudad de Buenos Aires<\/b> se espera una temperatura m\u00e1xima de <b>33\u00b0C<\/b> y una m\u00ednima de<b> 24\u00b0C<\/b>. El pron\u00f3stico indica una ma\u00f1ana mayormente nublada y un mediod\u00eda parcialmente nublado, con baja probabilidad de precipitaciones. Hacia la tarde se prev\u00e9n chaparrones, con hasta 40% de probabilidad de lluvias, mientras que por la noche el cielo continuar\u00e1 mayormente nublado y podr\u00edan registrarse r\u00e1fagas de hasta 50 kil\u00f3metros por hora. Para el resto de la semana se anticipan condiciones m\u00e1s estables.<\/p>\n<p><img loading=\"lazy\" decoding=\"async\" src=\"https:\/\/resizer.glanacion.com\/resizer\/v2\/EUJD2WHVRJCCBOCAE3TZS63I4Y.png?auth=962be8ad8e05f6a150b4e0c269288f1cf7867462f9724979800dbee79c668b10&amp;smart=true&amp;width=1159&amp;height=271\" alt=\"Pron\u00f3stico del tiempo para los pr\u00f3ximos d\u00edas en la ciudad de Buenos Aires\" height=\"271\" width=\"1159\" \/><\/p>\n<p>En la <b>provincia de Buenos Aires<\/b>, la temperatura m\u00e1xima ser\u00e1 de <b>35\u00b0C <\/b>y la m\u00ednima de <b>24\u00b0C<\/b>. Se espera un panorama similar al de la Ciudad, con nubosidad variable durante la ma\u00f1ana y el mediod\u00eda, chaparrones por la tarde y una noche mayormente nublada. A partir del jueves, el SMN prev\u00e9 un leve descenso de la temperatura.<\/p>\n<p>En el resto del pa\u00eds, el SMN inform\u00f3 que se esperan m\u00e1ximas de 31\u00b0C en <b>C\u00f3rdoba<\/b>, 29\u00b0C en <b>Tucum\u00e1n<\/b>, 38\u00b0C en <b>Santa Fe<\/b> y 36\u00b0C en <b>Entre R\u00edos<\/b>, con m\u00ednimas que oscilar\u00e1n entre los 20\u00b0C y 23\u00b0C. En el norte, <b>Jujuy <\/b>alcanzar\u00e1 los 29\u00b0C, <b>Salta <\/b>los 27\u00b0C y <b>Santiago del Estero<\/b> los 36\u00b0C, mientras que <b>Misiones <\/b>tendr\u00e1 una m\u00e1xima de 38\u00b0C.<\/p>\n<p>En la regi\u00f3n de Cuyo, las temperaturas m\u00e1ximas previstas son de 28\u00b0C en <b>La Rioja<\/b>, 31\u00b0C en <b>San Luis<\/b>, 32\u00b0C en <b>San Juan<\/b> y 27\u00b0C en <b>Mendoza<\/b>, con m\u00ednimas de entre 17\u00b0C y 21\u00b0C. En la Patagonia, <b>R\u00edo Negro<\/b> registrar\u00e1 una m\u00e1xima de 29\u00b0C, <b>Chubut <\/b>de 30\u00b0C y<b> Santa Cruz <\/b>de 22\u00b0C, con m\u00ednimas que ir\u00e1n desde los 14\u00b0C hasta los 16\u00b0C.<\/p>\n<p>\u200bEl Servicio Meteorol\u00f3gico Nacional advirti\u00f3 sobre temperaturas que pueden ser \u201cmuy peligrosas\u201d; en la Ciudad, la m\u00e1xima ser\u00e1 de 33\u00b0C\u00a0\u00a0<\/p>","protected":false},"excerpt":{"rendered":"<p>El Servicio Meteorol\u00f3gico Nacional (SMN) emiti\u00f3 una serie de alertas naranjas y amarillas por altas&#8230;<\/p>\n","protected":false},"author":1,"featured_media":9540,"comment_status":"closed","ping_status":"closed","sticky":false,"template":"","format":"standard","meta":{"_jetpack_memberships_contains_paid_content":false,"footnotes":"","jetpack_publicize_message":"","jetpack_publicize_feature_enabled":true,"jetpack_social_post_already_shared":true,"jetpack_social_options":{"image_generator_settings":{"template":"highway","default_image_id":0,"font":"","enabled":false},"version":2}},"categories":[89],"tags":[],"class_list":["post-9539","post","type-post","status-publish","format-standard","has-post-thumbnail","hentry","category-nacionales"],"yoast_head":"<!-- This site is optimized with the Yoast SEO plugin v27.4 - https:\/\/yoast.com\/product\/yoast-seo-wordpress\/ -->\n<title>Hay alerta naranja y amarilla por calor, tormentas y viento para este martes 27 de enero: las provincias afectadas -<\/title>\n<meta name=\"robots\" content=\"index, follow, max-snippet:-1, max-image-preview:large, max-video-preview:-1\" \/>\n<link rel=\"canonical\" href=\"https:\/\/impactocastex.com.ar\/?p=9539\" \/>\n<meta property=\"og:locale\" content=\"es_ES\" \/>\n<meta property=\"og:type\" content=\"article\" \/>\n<meta property=\"og:title\" content=\"Hay alerta naranja y amarilla por calor, tormentas y viento para este martes 27 de enero: las provincias afectadas -\" \/>\n<meta property=\"og:description\" content=\"El Servicio Meteorol\u00f3gico Nacional (SMN) emiti\u00f3 una serie de alertas naranjas y amarillas por altas...\" \/>\n<meta property=\"og:url\" content=\"https:\/\/impactocastex.com.ar\/?p=9539\" \/>\n<meta property=\"article:publisher\" content=\"https:\/\/www.facebook.com\/impactocastexdiario\" \/>\n<meta property=\"article:published_time\" content=\"2026-01-27T06:40:09+00:00\" \/>\n<meta property=\"og:image\" content=\"https:\/\/resizer.glanacion.com\/resizer\/v2\/NN764RUIQ5HHHN7Z3FLXGX2G7Q.png?auth=45c986b34a78193b3d8d0703086f2903209b0efd586997e668e5d414be7a6a1d&amp;smart=true&amp;width=472&amp;height=800\" \/>\n<meta name=\"author\" content=\"impactocastex\" \/>\n<meta name=\"twitter:card\" content=\"summary_large_image\" \/>\n<meta name=\"twitter:label1\" content=\"Escrito por\" \/>\n\t<meta name=\"twitter:data1\" content=\"impactocastex\" \/>\n\t<meta name=\"twitter:label2\" content=\"Tiempo de lectura\" \/>\n\t<meta name=\"twitter:data2\" content=\"5 minutos\" \/>\n<script type=\"application\/ld+json\" class=\"yoast-schema-graph\">{\"@context\":\"https:\\\/\\\/schema.org\",\"@graph\":[{\"@type\":\"Article\",\"@id\":\"https:\\\/\\\/impactocastex.com.ar\\\/?p=9539#article\",\"isPartOf\":{\"@id\":\"https:\\\/\\\/impactocastex.com.ar\\\/?p=9539\"},\"author\":{\"name\":\"impactocastex\",\"@id\":\"https:\\\/\\\/impactocastex.com.ar\\\/#\\\/schema\\\/person\\\/86cb4f827fb5f87869a239b98a69c6e3\"},\"headline\":\"Hay alerta naranja y amarilla por calor, tormentas y viento para este martes 27 de enero: las provincias afectadas\",\"datePublished\":\"2026-01-27T06:40:09+00:00\",\"mainEntityOfPage\":{\"@id\":\"https:\\\/\\\/impactocastex.com.ar\\\/?p=9539\"},\"wordCount\":1057,\"publisher\":{\"@id\":\"https:\\\/\\\/impactocastex.com.ar\\\/#organization\"},\"image\":{\"@id\":\"https:\\\/\\\/impactocastex.com.ar\\\/?p=9539#primaryimage\"},\"thumbnailUrl\":\"https:\\\/\\\/impactocastex.com.ar\\\/wp-content\\\/uploads\\\/2026\\\/01\\\/FADGBGBBSFBKJC7TDYET3WJIRU-ZN6ob4.jpg\",\"articleSection\":[\"NACIONALES\"],\"inLanguage\":\"es\"},{\"@type\":\"WebPage\",\"@id\":\"https:\\\/\\\/impactocastex.com.ar\\\/?p=9539\",\"url\":\"https:\\\/\\\/impactocastex.com.ar\\\/?p=9539\",\"name\":\"Hay alerta naranja y amarilla por calor, tormentas y viento para este martes 27 de enero: las provincias afectadas -\",\"isPartOf\":{\"@id\":\"https:\\\/\\\/impactocastex.com.ar\\\/#website\"},\"primaryImageOfPage\":{\"@id\":\"https:\\\/\\\/impactocastex.com.ar\\\/?p=9539#primaryimage\"},\"image\":{\"@id\":\"https:\\\/\\\/impactocastex.com.ar\\\/?p=9539#primaryimage\"},\"thumbnailUrl\":\"https:\\\/\\\/impactocastex.com.ar\\\/wp-content\\\/uploads\\\/2026\\\/01\\\/FADGBGBBSFBKJC7TDYET3WJIRU-ZN6ob4.jpg\",\"datePublished\":\"2026-01-27T06:40:09+00:00\",\"breadcrumb\":{\"@id\":\"https:\\\/\\\/impactocastex.com.ar\\\/?p=9539#breadcrumb\"},\"inLanguage\":\"es\",\"potentialAction\":[{\"@type\":\"ReadAction\",\"target\":[\"https:\\\/\\\/impactocastex.com.ar\\\/?p=9539\"]}]},{\"@type\":\"ImageObject\",\"inLanguage\":\"es\",\"@id\":\"https:\\\/\\\/impactocastex.com.ar\\\/?p=9539#primaryimage\",\"url\":\"https:\\\/\\\/impactocastex.com.ar\\\/wp-content\\\/uploads\\\/2026\\\/01\\\/FADGBGBBSFBKJC7TDYET3WJIRU-ZN6ob4.jpg\",\"contentUrl\":\"https:\\\/\\\/impactocastex.com.ar\\\/wp-content\\\/uploads\\\/2026\\\/01\\\/FADGBGBBSFBKJC7TDYET3WJIRU-ZN6ob4.jpg\",\"width\":282,\"height\":155},{\"@type\":\"BreadcrumbList\",\"@id\":\"https:\\\/\\\/impactocastex.com.ar\\\/?p=9539#breadcrumb\",\"itemListElement\":[{\"@type\":\"ListItem\",\"position\":1,\"name\":\"Portada\",\"item\":\"https:\\\/\\\/impactocastex.com.ar\\\/\"},{\"@type\":\"ListItem\",\"position\":2,\"name\":\"Hay alerta naranja y amarilla por calor, tormentas y viento para este martes 27 de enero: las provincias afectadas\"}]},{\"@type\":\"WebSite\",\"@id\":\"https:\\\/\\\/impactocastex.com.ar\\\/#website\",\"url\":\"https:\\\/\\\/impactocastex.com.ar\\\/\",\"name\":\"Impacto Castex\",\"description\":\"\",\"publisher\":{\"@id\":\"https:\\\/\\\/impactocastex.com.ar\\\/#organization\"},\"potentialAction\":[{\"@type\":\"SearchAction\",\"target\":{\"@type\":\"EntryPoint\",\"urlTemplate\":\"https:\\\/\\\/impactocastex.com.ar\\\/?s={search_term_string}\"},\"query-input\":{\"@type\":\"PropertyValueSpecification\",\"valueRequired\":true,\"valueName\":\"search_term_string\"}}],\"inLanguage\":\"es\"},{\"@type\":\"Organization\",\"@id\":\"https:\\\/\\\/impactocastex.com.ar\\\/#organization\",\"name\":\"Impacto Castex\",\"url\":\"https:\\\/\\\/impactocastex.com.ar\\\/\",\"logo\":{\"@type\":\"ImageObject\",\"inLanguage\":\"es\",\"@id\":\"https:\\\/\\\/impactocastex.com.ar\\\/#\\\/schema\\\/logo\\\/image\\\/\",\"url\":\"https:\\\/\\\/impactocastex.com.ar\\\/wp-content\\\/uploads\\\/2025\\\/09\\\/cropped-icoweb.png\",\"contentUrl\":\"https:\\\/\\\/impactocastex.com.ar\\\/wp-content\\\/uploads\\\/2025\\\/09\\\/cropped-icoweb.png\",\"width\":512,\"height\":512,\"caption\":\"Impacto Castex\"},\"image\":{\"@id\":\"https:\\\/\\\/impactocastex.com.ar\\\/#\\\/schema\\\/logo\\\/image\\\/\"},\"sameAs\":[\"https:\\\/\\\/www.facebook.com\\\/impactocastexdiario\",\"https:\\\/\\\/www.instagram.com\\\/impactocastex.com.ar\\\/\"]},{\"@type\":\"Person\",\"@id\":\"https:\\\/\\\/impactocastex.com.ar\\\/#\\\/schema\\\/person\\\/86cb4f827fb5f87869a239b98a69c6e3\",\"name\":\"impactocastex\",\"image\":{\"@type\":\"ImageObject\",\"inLanguage\":\"es\",\"@id\":\"https:\\\/\\\/secure.gravatar.com\\\/avatar\\\/9a87ee051ca8c77f5d4070843ce2c78cdf95b858b950fb039151de955122f5f5?s=96&d=mm&r=g\",\"url\":\"https:\\\/\\\/secure.gravatar.com\\\/avatar\\\/9a87ee051ca8c77f5d4070843ce2c78cdf95b858b950fb039151de955122f5f5?s=96&d=mm&r=g\",\"contentUrl\":\"https:\\\/\\\/secure.gravatar.com\\\/avatar\\\/9a87ee051ca8c77f5d4070843ce2c78cdf95b858b950fb039151de955122f5f5?s=96&d=mm&r=g\",\"caption\":\"impactocastex\"},\"sameAs\":[\"https:\\\/\\\/impactocastex.com.ar\"],\"url\":\"https:\\\/\\\/impactocastex.com.ar\\\/?author=1\"}]}<\/script>\n<!-- \/ Yoast SEO plugin. -->","yoast_head_json":{"title":"Hay alerta naranja y amarilla por calor, tormentas y viento para este martes 27 de enero: las provincias afectadas -","robots":{"index":"index","follow":"follow","max-snippet":"max-snippet:-1","max-image-preview":"max-image-preview:large","max-video-preview":"max-video-preview:-1"},"canonical":"https:\/\/impactocastex.com.ar\/?p=9539","og_locale":"es_ES","og_type":"article","og_title":"Hay alerta naranja y amarilla por calor, tormentas y viento para este martes 27 de enero: las provincias afectadas -","og_description":"El Servicio Meteorol\u00f3gico Nacional (SMN) emiti\u00f3 una serie de alertas naranjas y amarillas por altas...","og_url":"https:\/\/impactocastex.com.ar\/?p=9539","article_publisher":"https:\/\/www.facebook.com\/impactocastexdiario","article_published_time":"2026-01-27T06:40:09+00:00","og_image":[{"url":"https:\/\/resizer.glanacion.com\/resizer\/v2\/NN764RUIQ5HHHN7Z3FLXGX2G7Q.png?auth=45c986b34a78193b3d8d0703086f2903209b0efd586997e668e5d414be7a6a1d&amp;smart=true&amp;width=472&amp;height=800","type":"","width":"","height":""}],"author":"impactocastex","twitter_card":"summary_large_image","twitter_misc":{"Escrito por":"impactocastex","Tiempo de lectura":"5 minutos"},"schema":{"@context":"https:\/\/schema.org","@graph":[{"@type":"Article","@id":"https:\/\/impactocastex.com.ar\/?p=9539#article","isPartOf":{"@id":"https:\/\/impactocastex.com.ar\/?p=9539"},"author":{"name":"impactocastex","@id":"https:\/\/impactocastex.com.ar\/#\/schema\/person\/86cb4f827fb5f87869a239b98a69c6e3"},"headline":"Hay alerta naranja y amarilla por calor, tormentas y viento para este martes 27 de enero: las provincias afectadas","datePublished":"2026-01-27T06:40:09+00:00","mainEntityOfPage":{"@id":"https:\/\/impactocastex.com.ar\/?p=9539"},"wordCount":1057,"publisher":{"@id":"https:\/\/impactocastex.com.ar\/#organization"},"image":{"@id":"https:\/\/impactocastex.com.ar\/?p=9539#primaryimage"},"thumbnailUrl":"https:\/\/impactocastex.com.ar\/wp-content\/uploads\/2026\/01\/FADGBGBBSFBKJC7TDYET3WJIRU-ZN6ob4.jpg","articleSection":["NACIONALES"],"inLanguage":"es"},{"@type":"WebPage","@id":"https:\/\/impactocastex.com.ar\/?p=9539","url":"https:\/\/impactocastex.com.ar\/?p=9539","name":"Hay alerta naranja y amarilla por calor, tormentas y viento para este martes 27 de enero: las provincias afectadas -","isPartOf":{"@id":"https:\/\/impactocastex.com.ar\/#website"},"primaryImageOfPage":{"@id":"https:\/\/impactocastex.com.ar\/?p=9539#primaryimage"},"image":{"@id":"https:\/\/impactocastex.com.ar\/?p=9539#primaryimage"},"thumbnailUrl":"https:\/\/impactocastex.com.ar\/wp-content\/uploads\/2026\/01\/FADGBGBBSFBKJC7TDYET3WJIRU-ZN6ob4.jpg","datePublished":"2026-01-27T06:40:09+00:00","breadcrumb":{"@id":"https:\/\/impactocastex.com.ar\/?p=9539#breadcrumb"},"inLanguage":"es","potentialAction":[{"@type":"ReadAction","target":["https:\/\/impactocastex.com.ar\/?p=9539"]}]},{"@type":"ImageObject","inLanguage":"es","@id":"https:\/\/impactocastex.com.ar\/?p=9539#primaryimage","url":"https:\/\/impactocastex.com.ar\/wp-content\/uploads\/2026\/01\/FADGBGBBSFBKJC7TDYET3WJIRU-ZN6ob4.jpg","contentUrl":"https:\/\/impactocastex.com.ar\/wp-content\/uploads\/2026\/01\/FADGBGBBSFBKJC7TDYET3WJIRU-ZN6ob4.jpg","width":282,"height":155},{"@type":"BreadcrumbList","@id":"https:\/\/impactocastex.com.ar\/?p=9539#breadcrumb","itemListElement":[{"@type":"ListItem","position":1,"name":"Portada","item":"https:\/\/impactocastex.com.ar\/"},{"@type":"ListItem","position":2,"name":"Hay alerta naranja y amarilla por calor, tormentas y viento para este martes 27 de enero: las provincias afectadas"}]},{"@type":"WebSite","@id":"https:\/\/impactocastex.com.ar\/#website","url":"https:\/\/impactocastex.com.ar\/","name":"Impacto Castex","description":"","publisher":{"@id":"https:\/\/impactocastex.com.ar\/#organization"},"potentialAction":[{"@type":"SearchAction","target":{"@type":"EntryPoint","urlTemplate":"https:\/\/impactocastex.com.ar\/?s={search_term_string}"},"query-input":{"@type":"PropertyValueSpecification","valueRequired":true,"valueName":"search_term_string"}}],"inLanguage":"es"},{"@type":"Organization","@id":"https:\/\/impactocastex.com.ar\/#organization","name":"Impacto Castex","url":"https:\/\/impactocastex.com.ar\/","logo":{"@type":"ImageObject","inLanguage":"es","@id":"https:\/\/impactocastex.com.ar\/#\/schema\/logo\/image\/","url":"https:\/\/impactocastex.com.ar\/wp-content\/uploads\/2025\/09\/cropped-icoweb.png","contentUrl":"https:\/\/impactocastex.com.ar\/wp-content\/uploads\/2025\/09\/cropped-icoweb.png","width":512,"height":512,"caption":"Impacto Castex"},"image":{"@id":"https:\/\/impactocastex.com.ar\/#\/schema\/logo\/image\/"},"sameAs":["https:\/\/www.facebook.com\/impactocastexdiario","https:\/\/www.instagram.com\/impactocastex.com.ar\/"]},{"@type":"Person","@id":"https:\/\/impactocastex.com.ar\/#\/schema\/person\/86cb4f827fb5f87869a239b98a69c6e3","name":"impactocastex","image":{"@type":"ImageObject","inLanguage":"es","@id":"https:\/\/secure.gravatar.com\/avatar\/9a87ee051ca8c77f5d4070843ce2c78cdf95b858b950fb039151de955122f5f5?s=96&d=mm&r=g","url":"https:\/\/secure.gravatar.com\/avatar\/9a87ee051ca8c77f5d4070843ce2c78cdf95b858b950fb039151de955122f5f5?s=96&d=mm&r=g","contentUrl":"https:\/\/secure.gravatar.com\/avatar\/9a87ee051ca8c77f5d4070843ce2c78cdf95b858b950fb039151de955122f5f5?s=96&d=mm&r=g","caption":"impactocastex"},"sameAs":["https:\/\/impactocastex.com.ar"],"url":"https:\/\/impactocastex.com.ar\/?author=1"}]}},"jetpack_publicize_connections":[],"featured_image_urls":{"full":["https:\/\/impactocastex.com.ar\/wp-content\/uploads\/2026\/01\/FADGBGBBSFBKJC7TDYET3WJIRU-ZN6ob4.jpg",282,155,false],"thumbnail":["https:\/\/impactocastex.com.ar\/wp-content\/uploads\/2026\/01\/FADGBGBBSFBKJC7TDYET3WJIRU-ZN6ob4-150x150.jpg",150,150,true],"medium":["https:\/\/impactocastex.com.ar\/wp-content\/uploads\/2026\/01\/FADGBGBBSFBKJC7TDYET3WJIRU-ZN6ob4.jpg",282,155,false],"medium_large":["https:\/\/impactocastex.com.ar\/wp-content\/uploads\/2026\/01\/FADGBGBBSFBKJC7TDYET3WJIRU-ZN6ob4.jpg",282,155,false],"large":["https:\/\/impactocastex.com.ar\/wp-content\/uploads\/2026\/01\/FADGBGBBSFBKJC7TDYET3WJIRU-ZN6ob4.jpg",282,155,false],"1536x1536":["https:\/\/impactocastex.com.ar\/wp-content\/uploads\/2026\/01\/FADGBGBBSFBKJC7TDYET3WJIRU-ZN6ob4.jpg",282,155,false],"2048x2048":["https:\/\/impactocastex.com.ar\/wp-content\/uploads\/2026\/01\/FADGBGBBSFBKJC7TDYET3WJIRU-ZN6ob4.jpg",282,155,false],"newsever-slider-full":["https:\/\/impactocastex.com.ar\/wp-content\/uploads\/2026\/01\/FADGBGBBSFBKJC7TDYET3WJIRU-ZN6ob4.jpg",282,155,false],"newsever-featured":["https:\/\/impactocastex.com.ar\/wp-content\/uploads\/2026\/01\/FADGBGBBSFBKJC7TDYET3WJIRU-ZN6ob4.jpg",282,155,false],"newsever-medium":["https:\/\/impactocastex.com.ar\/wp-content\/uploads\/2026\/01\/FADGBGBBSFBKJC7TDYET3WJIRU-ZN6ob4.jpg",282,155,false]},"author_info":{"info":["impactocastex"]},"category_info":"<a href=\"https:\/\/impactocastex.com.ar\/?cat=89\" rel=\"category\">NACIONALES<\/a>","tag_info":"NACIONALES","comment_count":0,"jetpack_featured_media_url":"https:\/\/impactocastex.com.ar\/wp-content\/uploads\/2026\/01\/FADGBGBBSFBKJC7TDYET3WJIRU-ZN6ob4.jpg","jetpack_sharing_enabled":true,"jetpack_likes_enabled":true,"jetpack_shortlink":"https:\/\/wp.me\/p7sopA-2tR","_links":{"self":[{"href":"https:\/\/impactocastex.com.ar\/index.php?rest_route=\/wp\/v2\/posts\/9539","targetHints":{"allow":["GET"]}}],"collection":[{"href":"https:\/\/impactocastex.com.ar\/index.php?rest_route=\/wp\/v2\/posts"}],"about":[{"href":"https:\/\/impactocastex.com.ar\/index.php?rest_route=\/wp\/v2\/types\/post"}],"author":[{"embeddable":true,"href":"https:\/\/impactocastex.com.ar\/index.php?rest_route=\/wp\/v2\/users\/1"}],"replies":[{"embeddable":true,"href":"https:\/\/impactocastex.com.ar\/index.php?rest_route=%2Fwp%2Fv2%2Fcomments&post=9539"}],"version-history":[{"count":0,"href":"https:\/\/impactocastex.com.ar\/index.php?rest_route=\/wp\/v2\/posts\/9539\/revisions"}],"wp:featuredmedia":[{"embeddable":true,"href":"https:\/\/impactocastex.com.ar\/index.php?rest_route=\/wp\/v2\/media\/9540"}],"wp:attachment":[{"href":"https:\/\/impactocastex.com.ar\/index.php?rest_route=%2Fwp%2Fv2%2Fmedia&parent=9539"}],"wp:term":[{"taxonomy":"category","embeddable":true,"href":"https:\/\/impactocastex.com.ar\/index.php?rest_route=%2Fwp%2Fv2%2Fcategories&post=9539"},{"taxonomy":"post_tag","embeddable":true,"href":"https:\/\/impactocastex.com.ar\/index.php?rest_route=%2Fwp%2Fv2%2Ftags&post=9539"}],"curies":[{"name":"wp","href":"https:\/\/api.w.org\/{rel}","templated":true}]}}