{"id":9492,"date":"2026-01-26T15:42:50","date_gmt":"2026-01-26T18:42:50","guid":{"rendered":"https:\/\/impactocastex.com.ar\/?p=9492"},"modified":"2026-01-26T15:42:50","modified_gmt":"2026-01-26T18:42:50","slug":"matias-morla-abogado-del-padre-de-bastian-sobre-las-pericias-toxicologicas-es-extrano-que-no-se-hayan-hecho-antes","status":"publish","type":"post","link":"https:\/\/impactocastex.com.ar\/?p=9492","title":{"rendered":"Mat\u00edas Morla, abogado del padre de Basti\u00e1n, sobre las pericias toxicol\u00f3gicas: \u201cEs extra\u00f1o que no se hayan hecho antes\u201d"},"content":{"rendered":"<p>Los imputados en la causa por el choque en La Frontera de Pinamar que dej\u00f3 en estado delicado a <a href=\"https:\/\/www.lanacion.com.ar\/sociedad\/como-fue-el-accidente-de-bastian-en-pinamar-y-que-se-sabe-del-estado-de-su-salud-nid16012026\/\" target=\"_blank\" rel=\"noreferrer\" title=\"https:\/\/www.lanacion.com.ar\/sociedad\/como-fue-el-accidente-de-bastian-en-pinamar-y-que-se-sabe-del-estado-de-su-salud-nid16012026\/\"><b>Basti\u00e1n, el nene de 8 a\u00f1os<\/b><\/a>, ser\u00e1n sometidos a <b>pericias toxicol\u00f3gicas<\/b>. <b>Mat\u00edas Morla<\/b>, abogado de <b>Maximiliano Jerez<\/b> -padre del menor y uno de los acusados-, dialog\u00f3 con <i>LN+<\/i> y cuestion\u00f3 la demora en la orden de los ex\u00e1menes.<\/p>\n<p><b>\u201cEs extra\u00f1o que no se haya hecho antes\u201d<\/b>, subray\u00f3, al tiempo que justific\u00f3: <b>\u201cSeguramente fue por falta de insumos<\/b>. Igualmente, la sangre es muy precisa, por lo que nos dijo el perito el fin de semana. <b>Con una gota de sangre, sale todo el espectro y se puede determinar con exactitud todo\u201d<\/b>.<\/p>\n<figure><video height=\"720\" width=\"1280\" poster=\"https:\/\/cdn.jwplayer.com\/v2\/media\/rIp7BcY4\/poster.jpg?width=1280\" preload=\"none\"><\/video><figcaption>Dia clave en el caso Bastian, la palabra de Morla<\/figcaption><\/figure>\n<h1>Dos de los imputados ten\u00edan alcohol en sangre<\/h1>\n<p><b>Los resultados de las pruebas toxicol\u00f3gicas confirmaron la presencia de alcohol en la sangre de dos de los tres imputados en la causa<\/b> y descartaron el consumo de estupefacientes, seg\u00fan indicaron fuentes consultadas por LA NACION.<\/p>\n<p>Los estudios se realizaron sobre las muestras de sangre extra\u00eddas a<b> Manuel Molinari<\/b>,<b> Maximiliano Jer\u00e9z <\/b>y <b>Naomi Azul Quir\u00f3z<\/b>. De acuerdo con informaci\u00f3n obtenida por este medio,<b> Quir\u00f3z -la joven que manejaba el UTV donde se encontraba el menor de ocho a\u00f1os- presentaba una graduaci\u00f3n alcoh\u00f3lica de 0,5 gramos por litro de sangre<\/b>, mientras que<b> Manuel Molinari -conduc\u00eda la 4&#215;4- ten\u00eda 0,2 g\/l<\/b>.<\/p>\n<p><img loading=\"lazy\" decoding=\"async\" src=\"https:\/\/resizer.glanacion.com\/resizer\/v2\/O7KIK7M4CFEZJE7ZP77N4LLV4A.png?auth=eeabb917ade6fa2ad3db7f86ed29c7fc51f2c0e301bb446e61bd165ef2f2f0a5&amp;smart=true&amp;width=874&amp;height=657\" alt=\"El UTV en que viajaba Basti\u00e1n\" height=\"657\" width=\"874\" \/><\/p>\n<p>En tanto,<b> los peritos no detectaron alcohol en la sangre de Maximiliano Jer\u00e9z, padre de Basti\u00e1n<\/b>.<\/p>\n<h1>\u201cCambia much\u00edsimo la calificaci\u00f3n legal\u201d<\/h1>\n<p>Instantes previos a que se conocieran los resultados de las pericias toxicol\u00f3gicas,<b> Morla hab\u00eda advertido que, en caso de que el conductor de la camioneta diera positivo de alcohol o estupefacientes, cambiar\u00eda la car\u00e1tula de la causa<\/b>. <\/p>\n<p><img loading=\"lazy\" decoding=\"async\" src=\"https:\/\/resizer.glanacion.com\/resizer\/v2\/ZHCM3FCQGNDMNAI5THQND7AQ2M.png?auth=a327456a05c6e58cac5e4b4f43645eaec2b6360253c7b01030fd20fd3389dc1b&amp;smart=true&amp;width=916&amp;height=691\" alt=\"As\u00ed qued\u00f3 la camioneta tras el choque con el UTV\" height=\"691\" width=\"916\" \/><\/p>\n<p><b>\u201cSi el conductor de la Amarok da positivo de droga o alcohol, cambia much\u00edsimo la calificaci\u00f3n legal, cambia a dolo eventual<\/b>. Cambiar\u00eda todo mucho\u00bb, dijo y desliz\u00f3: <b>\u201cEl conductor de la Amarok se la ve venir, por eso pidi\u00f3 su eximici\u00f3n<\/b>. El nene responde pero lo m\u00e9dicos son muy prudentes y dicen que es un minuto a minuto.<\/p>\n<p>Consultado respecto a la mujer que manejaba el UTV, se\u00f1al\u00f3: <b>\u201cSi se confirma que el UTV iba a gran velocidad, la conductora ser\u00e1 responsable como el de la Amarok para conducta negligente\u201d<\/b>. \u201cConf\u00edo mucho en el padre de Basti\u00e1n, no est\u00e1 para mentir y me dijo que iban a 20 o 25 kil\u00f3metros por hora. Basti\u00e1n iba a upa del padre, adelante, sin cintur\u00f3n\u201d, cerr\u00f3.<\/p>\n<p>\u200bEl abogado de uno de los imputados en la causa dialog\u00f3 con LN+ y cuestion\u00f3 los tiempos de la Justicia; \u201cSeguramente fue por falta de insumos\u201d, justific\u00f3 antes de conocer los resultados\u00a0\u00a0<\/p>","protected":false},"excerpt":{"rendered":"<p>Los imputados en la causa por el choque en La Frontera de Pinamar que dej\u00f3&#8230;<\/p>\n","protected":false},"author":1,"featured_media":9493,"comment_status":"closed","ping_status":"closed","sticky":false,"template":"","format":"standard","meta":{"_jetpack_memberships_contains_paid_content":false,"footnotes":"","jetpack_publicize_message":"","jetpack_publicize_feature_enabled":true,"jetpack_social_post_already_shared":true,"jetpack_social_options":{"image_generator_settings":{"template":"highway","default_image_id":0,"font":"","enabled":false},"version":2}},"categories":[89],"tags":[],"class_list":["post-9492","post","type-post","status-publish","format-standard","has-post-thumbnail","hentry","category-nacionales"],"yoast_head":"<!-- This site is optimized with the Yoast SEO plugin v27.4 - https:\/\/yoast.com\/product\/yoast-seo-wordpress\/ -->\n<title>Mat\u00edas Morla, abogado del padre de Basti\u00e1n, sobre las pericias toxicol\u00f3gicas: \u201cEs extra\u00f1o que no se hayan hecho antes\u201d -<\/title>\n<meta name=\"robots\" content=\"index, follow, max-snippet:-1, max-image-preview:large, max-video-preview:-1\" \/>\n<link rel=\"canonical\" href=\"https:\/\/impactocastex.com.ar\/?p=9492\" \/>\n<meta property=\"og:locale\" content=\"es_ES\" \/>\n<meta property=\"og:type\" content=\"article\" \/>\n<meta property=\"og:title\" content=\"Mat\u00edas Morla, abogado del padre de Basti\u00e1n, sobre las pericias toxicol\u00f3gicas: \u201cEs extra\u00f1o que no se hayan hecho antes\u201d -\" \/>\n<meta property=\"og:description\" content=\"Los imputados en la causa por el choque en La Frontera de Pinamar que dej\u00f3...\" \/>\n<meta property=\"og:url\" content=\"https:\/\/impactocastex.com.ar\/?p=9492\" \/>\n<meta property=\"article:publisher\" content=\"https:\/\/www.facebook.com\/impactocastexdiario\" \/>\n<meta property=\"article:published_time\" content=\"2026-01-26T18:42:50+00:00\" \/>\n<meta property=\"og:image\" content=\"https:\/\/resizer.glanacion.com\/resizer\/v2\/O7KIK7M4CFEZJE7ZP77N4LLV4A.png?auth=eeabb917ade6fa2ad3db7f86ed29c7fc51f2c0e301bb446e61bd165ef2f2f0a5&amp;smart=true&amp;width=874&amp;height=657\" \/>\n<meta name=\"author\" content=\"impactocastex\" \/>\n<meta name=\"twitter:card\" content=\"summary_large_image\" \/>\n<meta name=\"twitter:label1\" content=\"Escrito por\" \/>\n\t<meta name=\"twitter:data1\" content=\"impactocastex\" \/>\n\t<meta name=\"twitter:label2\" content=\"Tiempo de lectura\" \/>\n\t<meta name=\"twitter:data2\" content=\"2 minutos\" \/>\n<script type=\"application\/ld+json\" class=\"yoast-schema-graph\">{\"@context\":\"https:\\\/\\\/schema.org\",\"@graph\":[{\"@type\":\"Article\",\"@id\":\"https:\\\/\\\/impactocastex.com.ar\\\/?p=9492#article\",\"isPartOf\":{\"@id\":\"https:\\\/\\\/impactocastex.com.ar\\\/?p=9492\"},\"author\":{\"name\":\"impactocastex\",\"@id\":\"https:\\\/\\\/impactocastex.com.ar\\\/#\\\/schema\\\/person\\\/86cb4f827fb5f87869a239b98a69c6e3\"},\"headline\":\"Mat\u00edas Morla, abogado del padre de Basti\u00e1n, sobre las pericias toxicol\u00f3gicas: \u201cEs extra\u00f1o que no se hayan hecho antes\u201d\",\"datePublished\":\"2026-01-26T18:42:50+00:00\",\"mainEntityOfPage\":{\"@id\":\"https:\\\/\\\/impactocastex.com.ar\\\/?p=9492\"},\"wordCount\":498,\"publisher\":{\"@id\":\"https:\\\/\\\/impactocastex.com.ar\\\/#organization\"},\"image\":{\"@id\":\"https:\\\/\\\/impactocastex.com.ar\\\/?p=9492#primaryimage\"},\"thumbnailUrl\":\"https:\\\/\\\/impactocastex.com.ar\\\/wp-content\\\/uploads\\\/2026\\\/01\\\/7IOUY3AFYZFKHKQ6VK4EIHQHRU-hT4JUB.jpg\",\"articleSection\":[\"NACIONALES\"],\"inLanguage\":\"es\"},{\"@type\":\"WebPage\",\"@id\":\"https:\\\/\\\/impactocastex.com.ar\\\/?p=9492\",\"url\":\"https:\\\/\\\/impactocastex.com.ar\\\/?p=9492\",\"name\":\"Mat\u00edas Morla, abogado del padre de Basti\u00e1n, sobre las pericias toxicol\u00f3gicas: \u201cEs extra\u00f1o que no se hayan hecho antes\u201d -\",\"isPartOf\":{\"@id\":\"https:\\\/\\\/impactocastex.com.ar\\\/#website\"},\"primaryImageOfPage\":{\"@id\":\"https:\\\/\\\/impactocastex.com.ar\\\/?p=9492#primaryimage\"},\"image\":{\"@id\":\"https:\\\/\\\/impactocastex.com.ar\\\/?p=9492#primaryimage\"},\"thumbnailUrl\":\"https:\\\/\\\/impactocastex.com.ar\\\/wp-content\\\/uploads\\\/2026\\\/01\\\/7IOUY3AFYZFKHKQ6VK4EIHQHRU-hT4JUB.jpg\",\"datePublished\":\"2026-01-26T18:42:50+00:00\",\"breadcrumb\":{\"@id\":\"https:\\\/\\\/impactocastex.com.ar\\\/?p=9492#breadcrumb\"},\"inLanguage\":\"es\",\"potentialAction\":[{\"@type\":\"ReadAction\",\"target\":[\"https:\\\/\\\/impactocastex.com.ar\\\/?p=9492\"]}]},{\"@type\":\"ImageObject\",\"inLanguage\":\"es\",\"@id\":\"https:\\\/\\\/impactocastex.com.ar\\\/?p=9492#primaryimage\",\"url\":\"https:\\\/\\\/impactocastex.com.ar\\\/wp-content\\\/uploads\\\/2026\\\/01\\\/7IOUY3AFYZFKHKQ6VK4EIHQHRU-hT4JUB.jpg\",\"contentUrl\":\"https:\\\/\\\/impactocastex.com.ar\\\/wp-content\\\/uploads\\\/2026\\\/01\\\/7IOUY3AFYZFKHKQ6VK4EIHQHRU-hT4JUB.jpg\",\"width\":2102,\"height\":1576},{\"@type\":\"BreadcrumbList\",\"@id\":\"https:\\\/\\\/impactocastex.com.ar\\\/?p=9492#breadcrumb\",\"itemListElement\":[{\"@type\":\"ListItem\",\"position\":1,\"name\":\"Portada\",\"item\":\"https:\\\/\\\/impactocastex.com.ar\\\/\"},{\"@type\":\"ListItem\",\"position\":2,\"name\":\"Mat\u00edas Morla, abogado del padre de Basti\u00e1n, sobre las pericias toxicol\u00f3gicas: \u201cEs extra\u00f1o que no se hayan hecho antes\u201d\"}]},{\"@type\":\"WebSite\",\"@id\":\"https:\\\/\\\/impactocastex.com.ar\\\/#website\",\"url\":\"https:\\\/\\\/impactocastex.com.ar\\\/\",\"name\":\"Impacto Castex\",\"description\":\"\",\"publisher\":{\"@id\":\"https:\\\/\\\/impactocastex.com.ar\\\/#organization\"},\"potentialAction\":[{\"@type\":\"SearchAction\",\"target\":{\"@type\":\"EntryPoint\",\"urlTemplate\":\"https:\\\/\\\/impactocastex.com.ar\\\/?s={search_term_string}\"},\"query-input\":{\"@type\":\"PropertyValueSpecification\",\"valueRequired\":true,\"valueName\":\"search_term_string\"}}],\"inLanguage\":\"es\"},{\"@type\":\"Organization\",\"@id\":\"https:\\\/\\\/impactocastex.com.ar\\\/#organization\",\"name\":\"Impacto Castex\",\"url\":\"https:\\\/\\\/impactocastex.com.ar\\\/\",\"logo\":{\"@type\":\"ImageObject\",\"inLanguage\":\"es\",\"@id\":\"https:\\\/\\\/impactocastex.com.ar\\\/#\\\/schema\\\/logo\\\/image\\\/\",\"url\":\"https:\\\/\\\/impactocastex.com.ar\\\/wp-content\\\/uploads\\\/2025\\\/09\\\/cropped-icoweb.png\",\"contentUrl\":\"https:\\\/\\\/impactocastex.com.ar\\\/wp-content\\\/uploads\\\/2025\\\/09\\\/cropped-icoweb.png\",\"width\":512,\"height\":512,\"caption\":\"Impacto Castex\"},\"image\":{\"@id\":\"https:\\\/\\\/impactocastex.com.ar\\\/#\\\/schema\\\/logo\\\/image\\\/\"},\"sameAs\":[\"https:\\\/\\\/www.facebook.com\\\/impactocastexdiario\",\"https:\\\/\\\/www.instagram.com\\\/impactocastex.com.ar\\\/\"]},{\"@type\":\"Person\",\"@id\":\"https:\\\/\\\/impactocastex.com.ar\\\/#\\\/schema\\\/person\\\/86cb4f827fb5f87869a239b98a69c6e3\",\"name\":\"impactocastex\",\"image\":{\"@type\":\"ImageObject\",\"inLanguage\":\"es\",\"@id\":\"https:\\\/\\\/secure.gravatar.com\\\/avatar\\\/9a87ee051ca8c77f5d4070843ce2c78cdf95b858b950fb039151de955122f5f5?s=96&d=mm&r=g\",\"url\":\"https:\\\/\\\/secure.gravatar.com\\\/avatar\\\/9a87ee051ca8c77f5d4070843ce2c78cdf95b858b950fb039151de955122f5f5?s=96&d=mm&r=g\",\"contentUrl\":\"https:\\\/\\\/secure.gravatar.com\\\/avatar\\\/9a87ee051ca8c77f5d4070843ce2c78cdf95b858b950fb039151de955122f5f5?s=96&d=mm&r=g\",\"caption\":\"impactocastex\"},\"sameAs\":[\"https:\\\/\\\/impactocastex.com.ar\"],\"url\":\"https:\\\/\\\/impactocastex.com.ar\\\/?author=1\"}]}<\/script>\n<!-- \/ Yoast SEO plugin. -->","yoast_head_json":{"title":"Mat\u00edas Morla, abogado del padre de Basti\u00e1n, sobre las pericias toxicol\u00f3gicas: \u201cEs extra\u00f1o que no se hayan hecho antes\u201d -","robots":{"index":"index","follow":"follow","max-snippet":"max-snippet:-1","max-image-preview":"max-image-preview:large","max-video-preview":"max-video-preview:-1"},"canonical":"https:\/\/impactocastex.com.ar\/?p=9492","og_locale":"es_ES","og_type":"article","og_title":"Mat\u00edas Morla, abogado del padre de Basti\u00e1n, sobre las pericias toxicol\u00f3gicas: \u201cEs extra\u00f1o que no se hayan hecho antes\u201d -","og_description":"Los imputados en la causa por el choque en La Frontera de Pinamar que dej\u00f3...","og_url":"https:\/\/impactocastex.com.ar\/?p=9492","article_publisher":"https:\/\/www.facebook.com\/impactocastexdiario","article_published_time":"2026-01-26T18:42:50+00:00","og_image":[{"url":"https:\/\/resizer.glanacion.com\/resizer\/v2\/O7KIK7M4CFEZJE7ZP77N4LLV4A.png?auth=eeabb917ade6fa2ad3db7f86ed29c7fc51f2c0e301bb446e61bd165ef2f2f0a5&amp;smart=true&amp;width=874&amp;height=657","type":"","width":"","height":""}],"author":"impactocastex","twitter_card":"summary_large_image","twitter_misc":{"Escrito por":"impactocastex","Tiempo de lectura":"2 minutos"},"schema":{"@context":"https:\/\/schema.org","@graph":[{"@type":"Article","@id":"https:\/\/impactocastex.com.ar\/?p=9492#article","isPartOf":{"@id":"https:\/\/impactocastex.com.ar\/?p=9492"},"author":{"name":"impactocastex","@id":"https:\/\/impactocastex.com.ar\/#\/schema\/person\/86cb4f827fb5f87869a239b98a69c6e3"},"headline":"Mat\u00edas Morla, abogado del padre de Basti\u00e1n, sobre las pericias toxicol\u00f3gicas: \u201cEs extra\u00f1o que no se hayan hecho antes\u201d","datePublished":"2026-01-26T18:42:50+00:00","mainEntityOfPage":{"@id":"https:\/\/impactocastex.com.ar\/?p=9492"},"wordCount":498,"publisher":{"@id":"https:\/\/impactocastex.com.ar\/#organization"},"image":{"@id":"https:\/\/impactocastex.com.ar\/?p=9492#primaryimage"},"thumbnailUrl":"https:\/\/impactocastex.com.ar\/wp-content\/uploads\/2026\/01\/7IOUY3AFYZFKHKQ6VK4EIHQHRU-hT4JUB.jpg","articleSection":["NACIONALES"],"inLanguage":"es"},{"@type":"WebPage","@id":"https:\/\/impactocastex.com.ar\/?p=9492","url":"https:\/\/impactocastex.com.ar\/?p=9492","name":"Mat\u00edas Morla, abogado del padre de Basti\u00e1n, sobre las pericias toxicol\u00f3gicas: \u201cEs extra\u00f1o que no se hayan hecho antes\u201d -","isPartOf":{"@id":"https:\/\/impactocastex.com.ar\/#website"},"primaryImageOfPage":{"@id":"https:\/\/impactocastex.com.ar\/?p=9492#primaryimage"},"image":{"@id":"https:\/\/impactocastex.com.ar\/?p=9492#primaryimage"},"thumbnailUrl":"https:\/\/impactocastex.com.ar\/wp-content\/uploads\/2026\/01\/7IOUY3AFYZFKHKQ6VK4EIHQHRU-hT4JUB.jpg","datePublished":"2026-01-26T18:42:50+00:00","breadcrumb":{"@id":"https:\/\/impactocastex.com.ar\/?p=9492#breadcrumb"},"inLanguage":"es","potentialAction":[{"@type":"ReadAction","target":["https:\/\/impactocastex.com.ar\/?p=9492"]}]},{"@type":"ImageObject","inLanguage":"es","@id":"https:\/\/impactocastex.com.ar\/?p=9492#primaryimage","url":"https:\/\/impactocastex.com.ar\/wp-content\/uploads\/2026\/01\/7IOUY3AFYZFKHKQ6VK4EIHQHRU-hT4JUB.jpg","contentUrl":"https:\/\/impactocastex.com.ar\/wp-content\/uploads\/2026\/01\/7IOUY3AFYZFKHKQ6VK4EIHQHRU-hT4JUB.jpg","width":2102,"height":1576},{"@type":"BreadcrumbList","@id":"https:\/\/impactocastex.com.ar\/?p=9492#breadcrumb","itemListElement":[{"@type":"ListItem","position":1,"name":"Portada","item":"https:\/\/impactocastex.com.ar\/"},{"@type":"ListItem","position":2,"name":"Mat\u00edas Morla, abogado del padre de Basti\u00e1n, sobre las pericias toxicol\u00f3gicas: \u201cEs extra\u00f1o que no se hayan hecho antes\u201d"}]},{"@type":"WebSite","@id":"https:\/\/impactocastex.com.ar\/#website","url":"https:\/\/impactocastex.com.ar\/","name":"Impacto Castex","description":"","publisher":{"@id":"https:\/\/impactocastex.com.ar\/#organization"},"potentialAction":[{"@type":"SearchAction","target":{"@type":"EntryPoint","urlTemplate":"https:\/\/impactocastex.com.ar\/?s={search_term_string}"},"query-input":{"@type":"PropertyValueSpecification","valueRequired":true,"valueName":"search_term_string"}}],"inLanguage":"es"},{"@type":"Organization","@id":"https:\/\/impactocastex.com.ar\/#organization","name":"Impacto Castex","url":"https:\/\/impactocastex.com.ar\/","logo":{"@type":"ImageObject","inLanguage":"es","@id":"https:\/\/impactocastex.com.ar\/#\/schema\/logo\/image\/","url":"https:\/\/impactocastex.com.ar\/wp-content\/uploads\/2025\/09\/cropped-icoweb.png","contentUrl":"https:\/\/impactocastex.com.ar\/wp-content\/uploads\/2025\/09\/cropped-icoweb.png","width":512,"height":512,"caption":"Impacto Castex"},"image":{"@id":"https:\/\/impactocastex.com.ar\/#\/schema\/logo\/image\/"},"sameAs":["https:\/\/www.facebook.com\/impactocastexdiario","https:\/\/www.instagram.com\/impactocastex.com.ar\/"]},{"@type":"Person","@id":"https:\/\/impactocastex.com.ar\/#\/schema\/person\/86cb4f827fb5f87869a239b98a69c6e3","name":"impactocastex","image":{"@type":"ImageObject","inLanguage":"es","@id":"https:\/\/secure.gravatar.com\/avatar\/9a87ee051ca8c77f5d4070843ce2c78cdf95b858b950fb039151de955122f5f5?s=96&d=mm&r=g","url":"https:\/\/secure.gravatar.com\/avatar\/9a87ee051ca8c77f5d4070843ce2c78cdf95b858b950fb039151de955122f5f5?s=96&d=mm&r=g","contentUrl":"https:\/\/secure.gravatar.com\/avatar\/9a87ee051ca8c77f5d4070843ce2c78cdf95b858b950fb039151de955122f5f5?s=96&d=mm&r=g","caption":"impactocastex"},"sameAs":["https:\/\/impactocastex.com.ar"],"url":"https:\/\/impactocastex.com.ar\/?author=1"}]}},"jetpack_publicize_connections":[],"featured_image_urls":{"full":["https:\/\/impactocastex.com.ar\/wp-content\/uploads\/2026\/01\/7IOUY3AFYZFKHKQ6VK4EIHQHRU-hT4JUB.jpg",2102,1576,false],"thumbnail":["https:\/\/impactocastex.com.ar\/wp-content\/uploads\/2026\/01\/7IOUY3AFYZFKHKQ6VK4EIHQHRU-hT4JUB-150x150.jpg",150,150,true],"medium":["https:\/\/impactocastex.com.ar\/wp-content\/uploads\/2026\/01\/7IOUY3AFYZFKHKQ6VK4EIHQHRU-hT4JUB-300x225.jpg",300,225,true],"medium_large":["https:\/\/impactocastex.com.ar\/wp-content\/uploads\/2026\/01\/7IOUY3AFYZFKHKQ6VK4EIHQHRU-hT4JUB-768x576.jpg",640,480,true],"large":["https:\/\/impactocastex.com.ar\/wp-content\/uploads\/2026\/01\/7IOUY3AFYZFKHKQ6VK4EIHQHRU-hT4JUB-1024x768.jpg",640,480,true],"1536x1536":["https:\/\/impactocastex.com.ar\/wp-content\/uploads\/2026\/01\/7IOUY3AFYZFKHKQ6VK4EIHQHRU-hT4JUB-1536x1152.jpg",1536,1152,true],"2048x2048":["https:\/\/impactocastex.com.ar\/wp-content\/uploads\/2026\/01\/7IOUY3AFYZFKHKQ6VK4EIHQHRU-hT4JUB-2048x1536.jpg",2048,1536,true],"newsever-slider-full":["https:\/\/impactocastex.com.ar\/wp-content\/uploads\/2026\/01\/7IOUY3AFYZFKHKQ6VK4EIHQHRU-hT4JUB-1280x845.jpg",1280,845,true],"newsever-featured":["https:\/\/impactocastex.com.ar\/wp-content\/uploads\/2026\/01\/7IOUY3AFYZFKHKQ6VK4EIHQHRU-hT4JUB-1024x768.jpg",1024,768,true],"newsever-medium":["https:\/\/impactocastex.com.ar\/wp-content\/uploads\/2026\/01\/7IOUY3AFYZFKHKQ6VK4EIHQHRU-hT4JUB-720x475.jpg",720,475,true]},"author_info":{"info":["impactocastex"]},"category_info":"<a href=\"https:\/\/impactocastex.com.ar\/?cat=89\" rel=\"category\">NACIONALES<\/a>","tag_info":"NACIONALES","comment_count":0,"jetpack_featured_media_url":"https:\/\/impactocastex.com.ar\/wp-content\/uploads\/2026\/01\/7IOUY3AFYZFKHKQ6VK4EIHQHRU-hT4JUB.jpg","jetpack_sharing_enabled":true,"jetpack_likes_enabled":true,"jetpack_shortlink":"https:\/\/wp.me\/p7sopA-2t6","_links":{"self":[{"href":"https:\/\/impactocastex.com.ar\/index.php?rest_route=\/wp\/v2\/posts\/9492","targetHints":{"allow":["GET"]}}],"collection":[{"href":"https:\/\/impactocastex.com.ar\/index.php?rest_route=\/wp\/v2\/posts"}],"about":[{"href":"https:\/\/impactocastex.com.ar\/index.php?rest_route=\/wp\/v2\/types\/post"}],"author":[{"embeddable":true,"href":"https:\/\/impactocastex.com.ar\/index.php?rest_route=\/wp\/v2\/users\/1"}],"replies":[{"embeddable":true,"href":"https:\/\/impactocastex.com.ar\/index.php?rest_route=%2Fwp%2Fv2%2Fcomments&post=9492"}],"version-history":[{"count":0,"href":"https:\/\/impactocastex.com.ar\/index.php?rest_route=\/wp\/v2\/posts\/9492\/revisions"}],"wp:featuredmedia":[{"embeddable":true,"href":"https:\/\/impactocastex.com.ar\/index.php?rest_route=\/wp\/v2\/media\/9493"}],"wp:attachment":[{"href":"https:\/\/impactocastex.com.ar\/index.php?rest_route=%2Fwp%2Fv2%2Fmedia&parent=9492"}],"wp:term":[{"taxonomy":"category","embeddable":true,"href":"https:\/\/impactocastex.com.ar\/index.php?rest_route=%2Fwp%2Fv2%2Fcategories&post=9492"},{"taxonomy":"post_tag","embeddable":true,"href":"https:\/\/impactocastex.com.ar\/index.php?rest_route=%2Fwp%2Fv2%2Ftags&post=9492"}],"curies":[{"name":"wp","href":"https:\/\/api.w.org\/{rel}","templated":true}]}}