{"id":9400,"date":"2026-01-26T03:33:10","date_gmt":"2026-01-26T06:33:10","guid":{"rendered":"https:\/\/impactocastex.com.ar\/?p=9400"},"modified":"2026-01-26T03:33:10","modified_gmt":"2026-01-26T06:33:10","slug":"infraestructura-caputo-decidio-mas-cambios-en-un-area-clave-y-designo-a-un-exfuncionario-porteno","status":"publish","type":"post","link":"https:\/\/impactocastex.com.ar\/?p=9400","title":{"rendered":"Infraestructura: Caputo decidi\u00f3 m\u00e1s cambios en un \u00e1rea clave y design\u00f3 a un exfuncionario porte\u00f1o"},"content":{"rendered":"<p>La infraestructura, <b>un \u00e1rea clave en la segunda etapa del mandato del presidente Javier Milei<\/b>, atraviesa por estas horas una reconfiguraci\u00f3n profunda. No se trata solo de un recambio de nombres: en el Gobierno aseguran que el redise\u00f1o tambi\u00e9n implicar\u00e1 una ampliaci\u00f3n de funciones y una nueva distribuci\u00f3n del poder interno.<\/p>\n<p>La novedad m\u00e1s relevante es la llegada de <b>Carlos Mar\u00eda Frugoni<\/b>, quien fue nombrado <b>secretario de Coordinaci\u00f3n de Infraestructura del Ministerio de Econom\u00eda<\/b>, un cargo estrat\u00e9gico que depende directamente de<b> Luis Caputo<\/b>. La designaci\u00f3n vino a regularizar una situaci\u00f3n de hecho que se extendi\u00f3 durante m\u00e1s de un a\u00f1o. Hasta ahora, esa funci\u00f3n hab\u00eda sido ejercida por<b> Mart\u00edn Maccarone,<\/b> un funcionario de extrema confianza del ministro, que nunca fue formalmente designado por resoluci\u00f3n en el Bolet\u00edn Oficial.<\/p>\n<p>Seg\u00fan reconstruyen en el Ministerio, la anomal\u00eda obedeci\u00f3 a una decisi\u00f3n personal de <b>Maccarone<\/b>, que evitaba quedar alcanzado por la figura de <b>Persona Expuesta Pol\u00edticamente (PEP)<\/b>. De todos modos, aseguran fuentes oficiales, el recambio estaba decidido desde hac\u00eda tiempo y se hab\u00eda trabajado en una transici\u00f3n ordenada entre el funcionario saliente y su reemplazante, esta vez con respaldo administrativo pleno.<\/p>\n<p><b>Frugoni <\/b>es arquitecto, especializado en urbanismo.<b> Desde 2007 desarroll\u00f3 su carrera en Autopistas Urbanas (AUSA<\/b>), la empresa vial del gobierno porte\u00f1o, donde ocup\u00f3 distintos cargos de conducci\u00f3n, entre ellos el de director y director general. En los \u00faltimos a\u00f1os comenz\u00f3 a vincularse con la \u00f3rbita nacional y, durante 2024, fue designado director ejecutivo de la Agencia de Control de Concesiones y Servicios P\u00fablicos de Transporte, el organismo que el Gobierno hab\u00eda proyectado para reemplazar a la <b>Comisi\u00f3n Nacional de Regulaci\u00f3n del Transporte (CNRT)<\/b>. Sin embargo, la judicializaci\u00f3n del cierre de Vialidad Nacional y de otros entes dej\u00f3 aquel plan inconcluso y Frugoni termin\u00f3 recalando en la propia CNRT, donde se desempe\u00f1\u00f3 hasta ahora.<\/p>\n<p>Al igual que Maccarone, <b>Frugoni concentrar\u00e1 bajo su \u00f3rbita \u00e1reas sensibles: Transporte, Obras P\u00fablicas y Vivienda, un sector particularmente golpeado por el ajuste. <\/b>En Econom\u00eda se apuraron a aclarar que los movimientos ya estaban definidos con antelaci\u00f3n y que no guardan relaci\u00f3n directa con la investigaci\u00f3n publicada por LA NACION sobre presuntas irregularidades en el manejo de subsidios a un grupo empresario del transporte.<\/p>\n<p>Los cambios se encadenaron con rapidez. Esta semana se conoci\u00f3 la renuncia del secretario de Transporte,<b> Luis Pierrini<\/b>, y su reemplazo por el arquitecto <b>Fernando Herrmann<\/b>. Seg\u00fan trascendi\u00f3, tambi\u00e9n dejar\u00edan sus cargos el subsecretario <b>Juan Manuel Urdiroz<\/b> y otros integrantes del equipo. \u201cEs l\u00f3gico que quiera armar su propio esquema de trabajo\u201d, resumi\u00f3 una fuente oficial.<\/p>\n<p>Herrmann, al igual que Frugoni, proviene del mundo del urbanismo y la infraestructura, aunque no cuenta con experiencia espec\u00edfica en transporte. Casi en simult\u00e1neo, el Gobierno anunci\u00f3 que <b>Sebasti\u00e1n Giorgetti<\/b> asumir\u00e1 la presidencia de Trenes Argentinos Operaciones, mientras que <b>Fabi\u00e1n Gonz\u00e1lez <\/b>har\u00e1 lo propio en Trenes Argentinos Infraestructura. Los titulares salientes, <b>Gerardo Boschin y Leonardo Comperatore, presentaron su renuncia<\/b>, seg\u00fan inform\u00f3 oficialmente el Ejecutivo.<\/p>\n<p>La llegada de perfiles t\u00e9cnicos especializados coincide con otro movimiento relevante: <b>Vialidad Nacional pasar\u00e1 a depender de la Secretar\u00eda de Transporte<\/b>. La decisi\u00f3n implica un nuevo desplazamiento dentro del organigrama estatal y le quita el control del organismo a la debilitada Secretar\u00eda de Obras P\u00fablicas, que encabeza<b> Luis Enrique Giovine.<\/b><\/p>\n<p>Pese a la magnitud de los cambios, en el Ministerio de Econom\u00eda aclaran que no est\u00e1 previsto el recambio ni de <b>Giovine <\/b>ni de <b>Marcelo Campoy<\/b>, administrador general de Vialidad. Al menos por ahora.<\/p>\n<p>\u200bCon la llegada de Carlos Frugoni al Ministerio de Econom\u00eda y una seguidilla de recambios en Transporte, el Gobierno avanz\u00f3 en una reconfiguraci\u00f3n silenciosa del sector\u00a0\u00a0<\/p>","protected":false},"excerpt":{"rendered":"<p>La infraestructura, un \u00e1rea clave en la segunda etapa del mandato del presidente Javier Milei,&#8230;<\/p>\n","protected":false},"author":1,"featured_media":9401,"comment_status":"closed","ping_status":"closed","sticky":false,"template":"","format":"standard","meta":{"_jetpack_memberships_contains_paid_content":false,"footnotes":"","jetpack_publicize_message":"","jetpack_publicize_feature_enabled":true,"jetpack_social_post_already_shared":true,"jetpack_social_options":{"image_generator_settings":{"template":"highway","default_image_id":0,"font":"","enabled":false},"version":2}},"categories":[89],"tags":[],"class_list":["post-9400","post","type-post","status-publish","format-standard","has-post-thumbnail","hentry","category-nacionales"],"yoast_head":"<!-- This site is optimized with the Yoast SEO plugin v27.4 - https:\/\/yoast.com\/product\/yoast-seo-wordpress\/ -->\n<title>Infraestructura: Caputo decidi\u00f3 m\u00e1s cambios en un \u00e1rea clave y design\u00f3 a un exfuncionario porte\u00f1o -<\/title>\n<meta name=\"robots\" content=\"index, follow, max-snippet:-1, max-image-preview:large, max-video-preview:-1\" \/>\n<link rel=\"canonical\" href=\"https:\/\/impactocastex.com.ar\/?p=9400\" \/>\n<meta property=\"og:locale\" content=\"es_ES\" \/>\n<meta property=\"og:type\" content=\"article\" \/>\n<meta property=\"og:title\" content=\"Infraestructura: Caputo decidi\u00f3 m\u00e1s cambios en un \u00e1rea clave y design\u00f3 a un exfuncionario porte\u00f1o -\" \/>\n<meta property=\"og:description\" content=\"La infraestructura, un \u00e1rea clave en la segunda etapa del mandato del presidente Javier Milei,...\" \/>\n<meta property=\"og:url\" content=\"https:\/\/impactocastex.com.ar\/?p=9400\" \/>\n<meta property=\"article:publisher\" content=\"https:\/\/www.facebook.com\/impactocastexdiario\" \/>\n<meta property=\"article:published_time\" content=\"2026-01-26T06:33:10+00:00\" \/>\n<meta name=\"author\" content=\"impactocastex\" \/>\n<meta name=\"twitter:card\" content=\"summary_large_image\" \/>\n<meta name=\"twitter:label1\" content=\"Escrito por\" \/>\n\t<meta name=\"twitter:data1\" content=\"impactocastex\" \/>\n\t<meta name=\"twitter:label2\" content=\"Tiempo de lectura\" \/>\n\t<meta name=\"twitter:data2\" content=\"3 minutos\" \/>\n<script type=\"application\/ld+json\" class=\"yoast-schema-graph\">{\"@context\":\"https:\\\/\\\/schema.org\",\"@graph\":[{\"@type\":\"Article\",\"@id\":\"https:\\\/\\\/impactocastex.com.ar\\\/?p=9400#article\",\"isPartOf\":{\"@id\":\"https:\\\/\\\/impactocastex.com.ar\\\/?p=9400\"},\"author\":{\"name\":\"impactocastex\",\"@id\":\"https:\\\/\\\/impactocastex.com.ar\\\/#\\\/schema\\\/person\\\/86cb4f827fb5f87869a239b98a69c6e3\"},\"headline\":\"Infraestructura: Caputo decidi\u00f3 m\u00e1s cambios en un \u00e1rea clave y design\u00f3 a un exfuncionario porte\u00f1o\",\"datePublished\":\"2026-01-26T06:33:10+00:00\",\"mainEntityOfPage\":{\"@id\":\"https:\\\/\\\/impactocastex.com.ar\\\/?p=9400\"},\"wordCount\":667,\"publisher\":{\"@id\":\"https:\\\/\\\/impactocastex.com.ar\\\/#organization\"},\"image\":{\"@id\":\"https:\\\/\\\/impactocastex.com.ar\\\/?p=9400#primaryimage\"},\"thumbnailUrl\":\"https:\\\/\\\/impactocastex.com.ar\\\/wp-content\\\/uploads\\\/2026\\\/01\\\/7REJACJS3JGLBJN5P3Z5UQMKHY-yInCYZ.jpg\",\"articleSection\":[\"NACIONALES\"],\"inLanguage\":\"es\"},{\"@type\":\"WebPage\",\"@id\":\"https:\\\/\\\/impactocastex.com.ar\\\/?p=9400\",\"url\":\"https:\\\/\\\/impactocastex.com.ar\\\/?p=9400\",\"name\":\"Infraestructura: Caputo decidi\u00f3 m\u00e1s cambios en un \u00e1rea clave y design\u00f3 a un exfuncionario porte\u00f1o -\",\"isPartOf\":{\"@id\":\"https:\\\/\\\/impactocastex.com.ar\\\/#website\"},\"primaryImageOfPage\":{\"@id\":\"https:\\\/\\\/impactocastex.com.ar\\\/?p=9400#primaryimage\"},\"image\":{\"@id\":\"https:\\\/\\\/impactocastex.com.ar\\\/?p=9400#primaryimage\"},\"thumbnailUrl\":\"https:\\\/\\\/impactocastex.com.ar\\\/wp-content\\\/uploads\\\/2026\\\/01\\\/7REJACJS3JGLBJN5P3Z5UQMKHY-yInCYZ.jpg\",\"datePublished\":\"2026-01-26T06:33:10+00:00\",\"breadcrumb\":{\"@id\":\"https:\\\/\\\/impactocastex.com.ar\\\/?p=9400#breadcrumb\"},\"inLanguage\":\"es\",\"potentialAction\":[{\"@type\":\"ReadAction\",\"target\":[\"https:\\\/\\\/impactocastex.com.ar\\\/?p=9400\"]}]},{\"@type\":\"ImageObject\",\"inLanguage\":\"es\",\"@id\":\"https:\\\/\\\/impactocastex.com.ar\\\/?p=9400#primaryimage\",\"url\":\"https:\\\/\\\/impactocastex.com.ar\\\/wp-content\\\/uploads\\\/2026\\\/01\\\/7REJACJS3JGLBJN5P3Z5UQMKHY-yInCYZ.jpg\",\"contentUrl\":\"https:\\\/\\\/impactocastex.com.ar\\\/wp-content\\\/uploads\\\/2026\\\/01\\\/7REJACJS3JGLBJN5P3Z5UQMKHY-yInCYZ.jpg\",\"width\":1078,\"height\":733},{\"@type\":\"BreadcrumbList\",\"@id\":\"https:\\\/\\\/impactocastex.com.ar\\\/?p=9400#breadcrumb\",\"itemListElement\":[{\"@type\":\"ListItem\",\"position\":1,\"name\":\"Portada\",\"item\":\"https:\\\/\\\/impactocastex.com.ar\\\/\"},{\"@type\":\"ListItem\",\"position\":2,\"name\":\"Infraestructura: Caputo decidi\u00f3 m\u00e1s cambios en un \u00e1rea clave y design\u00f3 a un exfuncionario porte\u00f1o\"}]},{\"@type\":\"WebSite\",\"@id\":\"https:\\\/\\\/impactocastex.com.ar\\\/#website\",\"url\":\"https:\\\/\\\/impactocastex.com.ar\\\/\",\"name\":\"Impacto Castex\",\"description\":\"\",\"publisher\":{\"@id\":\"https:\\\/\\\/impactocastex.com.ar\\\/#organization\"},\"potentialAction\":[{\"@type\":\"SearchAction\",\"target\":{\"@type\":\"EntryPoint\",\"urlTemplate\":\"https:\\\/\\\/impactocastex.com.ar\\\/?s={search_term_string}\"},\"query-input\":{\"@type\":\"PropertyValueSpecification\",\"valueRequired\":true,\"valueName\":\"search_term_string\"}}],\"inLanguage\":\"es\"},{\"@type\":\"Organization\",\"@id\":\"https:\\\/\\\/impactocastex.com.ar\\\/#organization\",\"name\":\"Impacto Castex\",\"url\":\"https:\\\/\\\/impactocastex.com.ar\\\/\",\"logo\":{\"@type\":\"ImageObject\",\"inLanguage\":\"es\",\"@id\":\"https:\\\/\\\/impactocastex.com.ar\\\/#\\\/schema\\\/logo\\\/image\\\/\",\"url\":\"https:\\\/\\\/impactocastex.com.ar\\\/wp-content\\\/uploads\\\/2025\\\/09\\\/cropped-icoweb.png\",\"contentUrl\":\"https:\\\/\\\/impactocastex.com.ar\\\/wp-content\\\/uploads\\\/2025\\\/09\\\/cropped-icoweb.png\",\"width\":512,\"height\":512,\"caption\":\"Impacto Castex\"},\"image\":{\"@id\":\"https:\\\/\\\/impactocastex.com.ar\\\/#\\\/schema\\\/logo\\\/image\\\/\"},\"sameAs\":[\"https:\\\/\\\/www.facebook.com\\\/impactocastexdiario\",\"https:\\\/\\\/www.instagram.com\\\/impactocastex.com.ar\\\/\"]},{\"@type\":\"Person\",\"@id\":\"https:\\\/\\\/impactocastex.com.ar\\\/#\\\/schema\\\/person\\\/86cb4f827fb5f87869a239b98a69c6e3\",\"name\":\"impactocastex\",\"image\":{\"@type\":\"ImageObject\",\"inLanguage\":\"es\",\"@id\":\"https:\\\/\\\/secure.gravatar.com\\\/avatar\\\/9a87ee051ca8c77f5d4070843ce2c78cdf95b858b950fb039151de955122f5f5?s=96&d=mm&r=g\",\"url\":\"https:\\\/\\\/secure.gravatar.com\\\/avatar\\\/9a87ee051ca8c77f5d4070843ce2c78cdf95b858b950fb039151de955122f5f5?s=96&d=mm&r=g\",\"contentUrl\":\"https:\\\/\\\/secure.gravatar.com\\\/avatar\\\/9a87ee051ca8c77f5d4070843ce2c78cdf95b858b950fb039151de955122f5f5?s=96&d=mm&r=g\",\"caption\":\"impactocastex\"},\"sameAs\":[\"https:\\\/\\\/impactocastex.com.ar\"],\"url\":\"https:\\\/\\\/impactocastex.com.ar\\\/?author=1\"}]}<\/script>\n<!-- \/ Yoast SEO plugin. -->","yoast_head_json":{"title":"Infraestructura: Caputo decidi\u00f3 m\u00e1s cambios en un \u00e1rea clave y design\u00f3 a un exfuncionario porte\u00f1o -","robots":{"index":"index","follow":"follow","max-snippet":"max-snippet:-1","max-image-preview":"max-image-preview:large","max-video-preview":"max-video-preview:-1"},"canonical":"https:\/\/impactocastex.com.ar\/?p=9400","og_locale":"es_ES","og_type":"article","og_title":"Infraestructura: Caputo decidi\u00f3 m\u00e1s cambios en un \u00e1rea clave y design\u00f3 a un exfuncionario porte\u00f1o -","og_description":"La infraestructura, un \u00e1rea clave en la segunda etapa del mandato del presidente Javier Milei,...","og_url":"https:\/\/impactocastex.com.ar\/?p=9400","article_publisher":"https:\/\/www.facebook.com\/impactocastexdiario","article_published_time":"2026-01-26T06:33:10+00:00","author":"impactocastex","twitter_card":"summary_large_image","twitter_misc":{"Escrito por":"impactocastex","Tiempo de lectura":"3 minutos"},"schema":{"@context":"https:\/\/schema.org","@graph":[{"@type":"Article","@id":"https:\/\/impactocastex.com.ar\/?p=9400#article","isPartOf":{"@id":"https:\/\/impactocastex.com.ar\/?p=9400"},"author":{"name":"impactocastex","@id":"https:\/\/impactocastex.com.ar\/#\/schema\/person\/86cb4f827fb5f87869a239b98a69c6e3"},"headline":"Infraestructura: Caputo decidi\u00f3 m\u00e1s cambios en un \u00e1rea clave y design\u00f3 a un exfuncionario porte\u00f1o","datePublished":"2026-01-26T06:33:10+00:00","mainEntityOfPage":{"@id":"https:\/\/impactocastex.com.ar\/?p=9400"},"wordCount":667,"publisher":{"@id":"https:\/\/impactocastex.com.ar\/#organization"},"image":{"@id":"https:\/\/impactocastex.com.ar\/?p=9400#primaryimage"},"thumbnailUrl":"https:\/\/impactocastex.com.ar\/wp-content\/uploads\/2026\/01\/7REJACJS3JGLBJN5P3Z5UQMKHY-yInCYZ.jpg","articleSection":["NACIONALES"],"inLanguage":"es"},{"@type":"WebPage","@id":"https:\/\/impactocastex.com.ar\/?p=9400","url":"https:\/\/impactocastex.com.ar\/?p=9400","name":"Infraestructura: Caputo decidi\u00f3 m\u00e1s cambios en un \u00e1rea clave y design\u00f3 a un exfuncionario porte\u00f1o -","isPartOf":{"@id":"https:\/\/impactocastex.com.ar\/#website"},"primaryImageOfPage":{"@id":"https:\/\/impactocastex.com.ar\/?p=9400#primaryimage"},"image":{"@id":"https:\/\/impactocastex.com.ar\/?p=9400#primaryimage"},"thumbnailUrl":"https:\/\/impactocastex.com.ar\/wp-content\/uploads\/2026\/01\/7REJACJS3JGLBJN5P3Z5UQMKHY-yInCYZ.jpg","datePublished":"2026-01-26T06:33:10+00:00","breadcrumb":{"@id":"https:\/\/impactocastex.com.ar\/?p=9400#breadcrumb"},"inLanguage":"es","potentialAction":[{"@type":"ReadAction","target":["https:\/\/impactocastex.com.ar\/?p=9400"]}]},{"@type":"ImageObject","inLanguage":"es","@id":"https:\/\/impactocastex.com.ar\/?p=9400#primaryimage","url":"https:\/\/impactocastex.com.ar\/wp-content\/uploads\/2026\/01\/7REJACJS3JGLBJN5P3Z5UQMKHY-yInCYZ.jpg","contentUrl":"https:\/\/impactocastex.com.ar\/wp-content\/uploads\/2026\/01\/7REJACJS3JGLBJN5P3Z5UQMKHY-yInCYZ.jpg","width":1078,"height":733},{"@type":"BreadcrumbList","@id":"https:\/\/impactocastex.com.ar\/?p=9400#breadcrumb","itemListElement":[{"@type":"ListItem","position":1,"name":"Portada","item":"https:\/\/impactocastex.com.ar\/"},{"@type":"ListItem","position":2,"name":"Infraestructura: Caputo decidi\u00f3 m\u00e1s cambios en un \u00e1rea clave y design\u00f3 a un exfuncionario porte\u00f1o"}]},{"@type":"WebSite","@id":"https:\/\/impactocastex.com.ar\/#website","url":"https:\/\/impactocastex.com.ar\/","name":"Impacto Castex","description":"","publisher":{"@id":"https:\/\/impactocastex.com.ar\/#organization"},"potentialAction":[{"@type":"SearchAction","target":{"@type":"EntryPoint","urlTemplate":"https:\/\/impactocastex.com.ar\/?s={search_term_string}"},"query-input":{"@type":"PropertyValueSpecification","valueRequired":true,"valueName":"search_term_string"}}],"inLanguage":"es"},{"@type":"Organization","@id":"https:\/\/impactocastex.com.ar\/#organization","name":"Impacto Castex","url":"https:\/\/impactocastex.com.ar\/","logo":{"@type":"ImageObject","inLanguage":"es","@id":"https:\/\/impactocastex.com.ar\/#\/schema\/logo\/image\/","url":"https:\/\/impactocastex.com.ar\/wp-content\/uploads\/2025\/09\/cropped-icoweb.png","contentUrl":"https:\/\/impactocastex.com.ar\/wp-content\/uploads\/2025\/09\/cropped-icoweb.png","width":512,"height":512,"caption":"Impacto Castex"},"image":{"@id":"https:\/\/impactocastex.com.ar\/#\/schema\/logo\/image\/"},"sameAs":["https:\/\/www.facebook.com\/impactocastexdiario","https:\/\/www.instagram.com\/impactocastex.com.ar\/"]},{"@type":"Person","@id":"https:\/\/impactocastex.com.ar\/#\/schema\/person\/86cb4f827fb5f87869a239b98a69c6e3","name":"impactocastex","image":{"@type":"ImageObject","inLanguage":"es","@id":"https:\/\/secure.gravatar.com\/avatar\/9a87ee051ca8c77f5d4070843ce2c78cdf95b858b950fb039151de955122f5f5?s=96&d=mm&r=g","url":"https:\/\/secure.gravatar.com\/avatar\/9a87ee051ca8c77f5d4070843ce2c78cdf95b858b950fb039151de955122f5f5?s=96&d=mm&r=g","contentUrl":"https:\/\/secure.gravatar.com\/avatar\/9a87ee051ca8c77f5d4070843ce2c78cdf95b858b950fb039151de955122f5f5?s=96&d=mm&r=g","caption":"impactocastex"},"sameAs":["https:\/\/impactocastex.com.ar"],"url":"https:\/\/impactocastex.com.ar\/?author=1"}]}},"jetpack_publicize_connections":[],"featured_image_urls":{"full":["https:\/\/impactocastex.com.ar\/wp-content\/uploads\/2026\/01\/7REJACJS3JGLBJN5P3Z5UQMKHY-yInCYZ.jpg",1078,733,false],"thumbnail":["https:\/\/impactocastex.com.ar\/wp-content\/uploads\/2026\/01\/7REJACJS3JGLBJN5P3Z5UQMKHY-yInCYZ-150x150.jpg",150,150,true],"medium":["https:\/\/impactocastex.com.ar\/wp-content\/uploads\/2026\/01\/7REJACJS3JGLBJN5P3Z5UQMKHY-yInCYZ-300x204.jpg",300,204,true],"medium_large":["https:\/\/impactocastex.com.ar\/wp-content\/uploads\/2026\/01\/7REJACJS3JGLBJN5P3Z5UQMKHY-yInCYZ-768x522.jpg",640,435,true],"large":["https:\/\/impactocastex.com.ar\/wp-content\/uploads\/2026\/01\/7REJACJS3JGLBJN5P3Z5UQMKHY-yInCYZ-1024x696.jpg",640,435,true],"1536x1536":["https:\/\/impactocastex.com.ar\/wp-content\/uploads\/2026\/01\/7REJACJS3JGLBJN5P3Z5UQMKHY-yInCYZ.jpg",1078,733,false],"2048x2048":["https:\/\/impactocastex.com.ar\/wp-content\/uploads\/2026\/01\/7REJACJS3JGLBJN5P3Z5UQMKHY-yInCYZ.jpg",1078,733,false],"newsever-slider-full":["https:\/\/impactocastex.com.ar\/wp-content\/uploads\/2026\/01\/7REJACJS3JGLBJN5P3Z5UQMKHY-yInCYZ.jpg",1078,733,false],"newsever-featured":["https:\/\/impactocastex.com.ar\/wp-content\/uploads\/2026\/01\/7REJACJS3JGLBJN5P3Z5UQMKHY-yInCYZ-1024x696.jpg",1024,696,true],"newsever-medium":["https:\/\/impactocastex.com.ar\/wp-content\/uploads\/2026\/01\/7REJACJS3JGLBJN5P3Z5UQMKHY-yInCYZ-720x475.jpg",720,475,true]},"author_info":{"info":["impactocastex"]},"category_info":"<a href=\"https:\/\/impactocastex.com.ar\/?cat=89\" rel=\"category\">NACIONALES<\/a>","tag_info":"NACIONALES","comment_count":0,"jetpack_featured_media_url":"https:\/\/impactocastex.com.ar\/wp-content\/uploads\/2026\/01\/7REJACJS3JGLBJN5P3Z5UQMKHY-yInCYZ.jpg","jetpack_sharing_enabled":true,"jetpack_likes_enabled":true,"jetpack_shortlink":"https:\/\/wp.me\/p7sopA-2rC","_links":{"self":[{"href":"https:\/\/impactocastex.com.ar\/index.php?rest_route=\/wp\/v2\/posts\/9400","targetHints":{"allow":["GET"]}}],"collection":[{"href":"https:\/\/impactocastex.com.ar\/index.php?rest_route=\/wp\/v2\/posts"}],"about":[{"href":"https:\/\/impactocastex.com.ar\/index.php?rest_route=\/wp\/v2\/types\/post"}],"author":[{"embeddable":true,"href":"https:\/\/impactocastex.com.ar\/index.php?rest_route=\/wp\/v2\/users\/1"}],"replies":[{"embeddable":true,"href":"https:\/\/impactocastex.com.ar\/index.php?rest_route=%2Fwp%2Fv2%2Fcomments&post=9400"}],"version-history":[{"count":0,"href":"https:\/\/impactocastex.com.ar\/index.php?rest_route=\/wp\/v2\/posts\/9400\/revisions"}],"wp:featuredmedia":[{"embeddable":true,"href":"https:\/\/impactocastex.com.ar\/index.php?rest_route=\/wp\/v2\/media\/9401"}],"wp:attachment":[{"href":"https:\/\/impactocastex.com.ar\/index.php?rest_route=%2Fwp%2Fv2%2Fmedia&parent=9400"}],"wp:term":[{"taxonomy":"category","embeddable":true,"href":"https:\/\/impactocastex.com.ar\/index.php?rest_route=%2Fwp%2Fv2%2Fcategories&post=9400"},{"taxonomy":"post_tag","embeddable":true,"href":"https:\/\/impactocastex.com.ar\/index.php?rest_route=%2Fwp%2Fv2%2Ftags&post=9400"}],"curies":[{"name":"wp","href":"https:\/\/api.w.org\/{rel}","templated":true}]}}