{"id":9396,"date":"2026-01-26T03:38:19","date_gmt":"2026-01-26T06:38:19","guid":{"rendered":"https:\/\/impactocastex.com.ar\/?p=9396"},"modified":"2026-01-26T03:38:19","modified_gmt":"2026-01-26T06:38:19","slug":"tras-otra-muerte-minneapolis-se-declara-en-pie-de-guerra-y-los-democratas-presionan-a-trump","status":"publish","type":"post","link":"https:\/\/impactocastex.com.ar\/?p=9396","title":{"rendered":"Tras otra muerte, Minneapolis se declara en pie de guerra y los dem\u00f3cratas presionan a Trump"},"content":{"rendered":"<p>WASHINGTON.\u2013 Mientras <b>crece la indignaci\u00f3n en Estados Unidos<\/b> por la <a href=\"https:\/\/www.lanacion.com.ar\/estados-unidos\/la-muerte-en-una-protesta-en-minnesota-sube-la-presion-sobre-trump-versiones-cruzadas-y-mas-choques-nid24012026\/\" target=\"_self\" rel=\"\" title=\"https:\/\/www.lanacion.com.ar\/estados-unidos\/la-muerte-en-una-protesta-en-minnesota-sube-la-presion-sobre-trump-versiones-cruzadas-y-mas-choques-nid24012026\/\">muerte de un enfermero por disparos de agentes de la Patrulla Fronteriza en Minneapolis<\/a>, un caso que llev\u00f3 a la oposici\u00f3n dem\u00f3crata a rechazar en duros t\u00e9rminos las t\u00e1cticas antimigratorias del gobierno de <b>Donald Trump<\/b>, este domingo se desat\u00f3 una <b>feroz disputa entre funcionarios estatales y federales por la investigaci\u00f3n<\/b>, en medio de versiones cruzadas sobre las circunstancias del incidente. <\/p>\n<p>Aunque los an\u00e1lisis de los videos de la muerte el s\u00e1bado del norteamericano <a href=\"https:\/\/www.lanacion.com.ar\/estados-unidos\/migraciones\/que-se-sabe-de-alex-jeffrey-pretti-el-hombre-abatido-por-agentes-federales-en-minnesota-nid24012026\/#:~:text=En%20una%20conferencia%20de%20prensa,legal%20de%20armas%E2%80%9D%20con%20permiso.\/\" rel=\"\" title=\"https:\/\/www.lanacion.com.ar\/estados-unidos\/migraciones\/que-se-sabe-de-alex-jeffrey-pretti-el-hombre-abatido-por-agentes-federales-en-minnesota-nid24012026\/#:~:text=En%20una%20conferencia%20de%20prensa,legal%20de%20armas%E2%80%9D%20con%20permiso.\/\">Alex Jeffrey Pretti<\/a>, un <b>enfermero de una unidad de cuidados intensivos de 37 a\u00f1os<\/b>, revelan que ya estaba <b>desarmado y reducido al momento de recibir el primer disparo<\/b>, funcionarios del gobierno reforzaron su defensa al accionar de los agentes federales que participaban del operativo en Minneapolis, al afirmar que el manifestante representaba una <b>amenaza<\/b> para las fuerzas de seguridad.<\/p>\n<p>La muerte de Pretti \u2013que <b>inflam\u00f3 las protestas en Minneapolis<\/b> por el fallecimiento de <a href=\"https:\/\/www.lanacion.com.ar\/estados-unidos\/quien-era-renee-nicole-good-la-mujer-asesinada-en-una-redada-migratoria-en-minneapolis-nid07012026\/\" rel=\"\" title=\"https:\/\/www.lanacion.com.ar\/estados-unidos\/quien-era-renee-nicole-good-la-mujer-asesinada-en-una-redada-migratoria-en-minneapolis-nid07012026\/\">Renee Nicole Good<\/a> a manos de un oficial del <b>Servicio de Inmigraci\u00f3n y Control de Aduanas <\/b>(ICE, por sus siglas en ingl\u00e9s), el 7 de enero pasado\u2013 fue denunciado por la oposici\u00f3n y diversas ONG como un caso de abuso de fuerza de los agentes federales.<\/p>\n<figure><video height=\"960\" width=\"1280\" poster=\"https:\/\/cdn.jwplayer.com\/v2\/media\/YhbHVvxo\/poster.jpg?width=1280\" preload=\"none\"><\/video><figcaption>Tras la muerte de Pretti, surgieron videos que muestran detalles sobre el inicio de la agresi\u00f3n<\/figcaption><\/figure>\n<p>Los an\u00e1lisis de los videos que capturaron el incidente desde varios \u00e1ngulos revelaron que <b>los agentes federales le quitaron una pistola a Pretti de la parte baja de la espalda, cerca de la cintura, momentos antes de que le dispararan varias veces<\/b>.<\/p>\n<p>Posteriormente, las autoridades informaron que Pretti portaba una pistola semiautom\u00e1tica de 9 mm., y que ten\u00eda permiso para portar un arma.<\/p>\n<p>Investigadores y fiscales del estado de Minnesota solicitaron a un tribunal federal que impida que funcionarios del <b>Departamento de Seguridad Nacional <\/b>(DHS, por sus siglas en ingles) y del <b>Departamento de Justicia<\/b> destruyan u oculten pruebas relacionadas con el tiroteo mortal a Pretti a manos de un agente de la Patrulla Fronteriza.<\/p>\n<p><img loading=\"lazy\" decoding=\"async\" src=\"https:\/\/resizer.glanacion.com\/resizer\/v2\/UY5SX3MPHFFWVPLGCSZ55I4ZWM.jpg?auth=36214824969bc5817a96def44654e27624ad87a27fe020e49d6a2378214b41a0&amp;smart=true&amp;width=5000&amp;height=3333\" alt=\"Momento en los agentes federales de inmigraci\u00f3n disparan Alex Pretti en Minnesota\" height=\"3333\" width=\"5000\" \/><\/p>\n<p>En un documento presentado ante un tribunal de distrito a \u00faltima hora del s\u00e1bado, <b>el fiscal general de Minnesota, Keith Ellison<\/b>, afirm\u00f3 que los agentes federales hab\u00edan cometido<b> errores \u201casombrosos\u201d tras el tiroteo<\/b>, lo que le hac\u00eda sospechar que <b>\u201cel gobierno federal podr\u00eda seguir ocultando \u2013y no protegiendo\u2013 las pruebas\u201d<\/b>.<\/p>\n<p>Ellison declar\u00f3 que las autoridades estatales se vieron impedidas una vez m\u00e1s de recabar pruebas en el lugar donde Pretti fue abatido a tiros por agentes federales. Adem\u00e1s, afirm\u00f3 que el enfermero<b> fue asesinado \u201ca plena luz del d\u00eda, ante nuestros ojos\u201d por agentes federales<\/b>. \u201cTanto el estado de derecho como el sentido de justicia que todos llevamos dentro exigen una<b> investigaci\u00f3n completa, justa y transparente de su muerte<\/b>\u201d, dijo.<\/p>\n<p>Incluso un creciente grupo de legisladores <b>republicanos<\/b>, como el <b>senador Bill Cassidy (Luisiana)<\/b>, respald\u00f3 los llamados a una investigaci\u00f3n independiente sobre el tiroteo, lo que indica que la versi\u00f3n de los hechos del gobierno podr\u00eda ser objeto de escrutinio bipartidista.<\/p>\n<p><img loading=\"lazy\" decoding=\"async\" src=\"https:\/\/resizer.glanacion.com\/resizer\/v2\/GBI5IF6FFRA2NGITFGXFFOGDMQ.png?auth=bd2492a316529b923a169d5d7a018878f86f04afb45e36d7713ec4e448cd41a1&amp;smart=true&amp;width=660&amp;height=213\" alt=\"El reclamo del representante Bill Cassidy\" height=\"213\" width=\"660\" \/><\/p>\n<p>El presidente del Comit\u00e9 de Seguridad Nacional de la C\u00e1mara de Representantes, el republicano Andrew Garbarino (Nueva York), solicit\u00f3 el testimonio de los directivos del ICE, de la Oficina de Aduanas y Protecci\u00f3n Fronteriza y el Servicio de Ciudadan\u00eda e Inmigraci\u00f3n de Estados Unidos (Uscis, por sus siglas en ingl\u00e9s). \u201cMi principal prioridad sigue siendo garantizar la seguridad de los estadounidenses\u201d, dijo.<\/p>\n<p>La presentaci\u00f3n de Ellison abri\u00f3 un <b>nuevo frente en la continua disputa entre las autoridades estatales y federales sobre las operaciones de las fuerzas federales<\/b> (como el ICE y la Patrulla Fronteriza) que han resultado en muertes de civiles. Las autoridades locales no han podido investigar el incidente en el que falleci\u00f3 Good, de 37 a\u00f1os, a manos de un agente del ICE, que encendi\u00f3 las protestas en Minneapolis.<\/p>\n<p>La vocera del DHS, Tricia McLaughlin, defendi\u00f3 las acciones de los agentes de inmigraci\u00f3n, al alegar que fueron atacados, y<b> calific\u00f3 las acusaciones de destrucci\u00f3n de pruebas como \u201cun intento rid\u00edculo de dividir al pueblo estadounidense\u201d<\/b>.<\/p>\n<p><img loading=\"lazy\" decoding=\"async\" src=\"https:\/\/resizer.glanacion.com\/resizer\/v2\/QD4PUOWTYZHP3MVGDUF3DUX4PU.png?auth=ce89947d1d33d2ea38e686eb34bb0b44c2688d0764a944de2b7995e7c0988eeb&amp;smart=true&amp;width=664&amp;height=601\" alt=\"La vocera del DHS, Tricia McLaughlin, apunt\u00f3 contra los manifestantes\" height=\"601\" width=\"664\" \/><\/p>\n<p>El s\u00e1bado por la noche, el juez Eric Tostrud emiti\u00f3 una <b>orden temporal que proh\u00edbe a la administraci\u00f3n Trump \u201cdestruir o alterar pruebas\u201d relacionadas con la muerte de Pretti<\/b>, y est\u00e1 prevista una audiencia para este lunes en el tribunal federal de Minnesota.<\/p>\n<p>En tanto, este domingo el gobernador de Minnesota, <b>Tim Walz<\/b>, acus\u00f3 a funcionarios de la administraci\u00f3n Trump de llevar a cabo una campa\u00f1a de desprestigio \u201cdespreciable\u201d contra Pretti.<\/p>\n<p>Trump, a trav\u00e9s de un largo posteo en Truth Social, volvi\u00f3 a apuntar contra <b>Walz<\/b> y el alcalde dem\u00f3crata de Minneapolis, <b>Jacob Frey<\/b>, a quienes exhort\u00f3, junto \u201ca todos los gobernadores y alcaldes dem\u00f3cratas, para que cooperen formalmente\u201d con su administraci\u00f3n para<b> \u201chacer cumplir las leyes, en lugar de resistir y avivar las llamas de la divisi\u00f3n, el caos y la violencia\u201d<\/b>.<\/p>\n<h1>\u201cNoem debe renunciar\u201d<\/h1>\n<p>Mientras los casos de Good y Pretti han reforzado la presi\u00f3n sobre el gobierno de Trump por su estrategia de seguridad y contra la migraci\u00f3n ilegal, tambi\u00e9n la <b>secretaria de Seguridad Nacional,<\/b> <b>Kristi Noem<\/b>, qued\u00f3 en el ojo del hurac\u00e1n.<\/p>\n<p>Varios congresistas dem\u00f3cratas han presionado para que la C\u00e1mara de Representantes considere la posibilidad de iniciar un juicio pol\u00edtico contra Noem, responsable de las agencias que se encargan de la seguridad interior. <\/p>\n<p>Seg\u00fan revel\u00f3 <i>The Washinton Post<\/i>, que cit\u00f3 fuentes bajo condici\u00f3n de anonimato, <b>legisladores dem\u00f3cratas participaron este domingo en una llamada con Walz<\/b> <b>y Ellison<\/b> para interiorizarse de los pormenores del caso, que ha sacudido a la pol\u00edtica norteamericana.<\/p>\n<p>Tras la reuni\u00f3n informativa, dem\u00f3cratas de todo el espectro ideol\u00f3gico condenaron la violencia de los agentes federales y criticaron en duros t\u00e9rminos a Noem.<\/p>\n<p><b>\u201cNoem debe renunciar\u201d<\/b>, exigi\u00f3, por su parte, el gobernador de California, <b>Gavin Newsom<\/b>, convertido en una de las figuras dem\u00f3cratas de alcance nacional. \u201c<b>Pongan fin a la militarizaci\u00f3n de ICE<\/b> y al repugnante perfil racial\u201d, a\u00f1adi\u00f3.<\/p>\n<p><img loading=\"lazy\" decoding=\"async\" src=\"https:\/\/resizer.glanacion.com\/resizer\/v2\/PGZPPINRPZFI3BQT74XRKTDKQY.png?auth=1b3457d9d2036906af1342f84c393c777d58b8ce9a6de7b26ff458ea9f9dcc51&amp;smart=true&amp;width=667&amp;height=706\" alt=\"Gavin Newsom pidi\u00f3 la renuncia de Kristi Noem\" height=\"706\" width=\"667\" \/><\/p>\n<p>Tras la muerte de Good, m\u00e1s de 100 dem\u00f3cratas firmaron una resoluci\u00f3n que solicitaba un juicio pol\u00edtico para destituir a Noem. Sin embargo, autoridades del partido de varios comit\u00e9s pidieron que se investigara y se recopilara informaci\u00f3n antes de proceder con un posible <i>impeachment<\/i>.<\/p>\n<p>La muerte de Pretti parece estar empezando a cambiar esa postura m\u00e1s cauta para muchos dem\u00f3cratas. <b>La resoluci\u00f3n de juicio pol\u00edtico presentada por la representante dem\u00f3crata Robin Kelly (Illinois) <\/b>cuenta ahora con 118 copatrocinadores, con seis legisladores que se unieron en las \u00faltimas 24 horas.<\/p>\n<p>Adem\u00e1s, senadores dem\u00f3cratas anunciaron que intentar\u00edan <b>bloquear un paquete de gastos bipartidista que incluye 10.000 millones de d\u00f3lares para el ICE<\/b> y que debe ser aprobado antes del viernes para evitar un cierre del gobierno (<i>shutdown<\/i>).<\/p>\n<p>Por su parte, <b>el expresidente Barack Obama y sus mujer, Michelle<\/b>, emitieron un contundente comunicado este domingo en respuesta a la muerte de Pretti, en el que afirmaron que los agentes federales parecen estar utilizando t\u00e1cticas<b> \u201cdise\u00f1adas para intimidar, acosar, provocar y poner en peligro<\/b>\u201d a los residentes de Minnesota.<\/p>\n<p>Obama y su esposa se\u00f1alaron que Trump y los funcionarios de su administraci\u00f3n <b>\u201cparecen deseosos de agravar la situaci\u00f3n\u201d,<\/b> y advirtieron que \u201cesto tiene que parar\u201d.<\/p>\n<p>En medio de la creciente presi\u00f3n por el caso, Gregory Bovino, el funcionario a cargo de las operaciones de la Patrulla Fronteriza, declar\u00f3 en una conferencia de prensa esta tarde que los agentes implicados en el tiroteo de Pretti permanecer\u00edan en la agencia, pero no en Minneapolis, alegando motivos de seguridad y el temor a que se filtrara informaci\u00f3n personal sobre ellos. <\/p>\n<p>\u200bEl caso del enfermero abatido durante un operativo del ICE en Minneapolis desat\u00f3 protestas, una fuerte disputa entre autoridades estatales y federales y una creciente ofensiva dem\u00f3crata contra las pol\u00edticas antimigratorias del gobierno\u00a0\u00a0<\/p>","protected":false},"excerpt":{"rendered":"<p>WASHINGTON.\u2013 Mientras crece la indignaci\u00f3n en Estados Unidos por la muerte de un enfermero por&#8230;<\/p>\n","protected":false},"author":1,"featured_media":9397,"comment_status":"closed","ping_status":"closed","sticky":false,"template":"","format":"standard","meta":{"_jetpack_memberships_contains_paid_content":false,"footnotes":"","jetpack_publicize_message":"","jetpack_publicize_feature_enabled":true,"jetpack_social_post_already_shared":true,"jetpack_social_options":{"image_generator_settings":{"template":"highway","default_image_id":0,"font":"","enabled":false},"version":2}},"categories":[89],"tags":[],"class_list":["post-9396","post","type-post","status-publish","format-standard","has-post-thumbnail","hentry","category-nacionales"],"yoast_head":"<!-- This site is optimized with the Yoast SEO plugin v27.4 - https:\/\/yoast.com\/product\/yoast-seo-wordpress\/ -->\n<title>Tras otra muerte, Minneapolis se declara en pie de guerra y los dem\u00f3cratas presionan a Trump -<\/title>\n<meta name=\"robots\" content=\"index, follow, max-snippet:-1, max-image-preview:large, max-video-preview:-1\" \/>\n<link rel=\"canonical\" href=\"https:\/\/impactocastex.com.ar\/?p=9396\" \/>\n<meta property=\"og:locale\" content=\"es_ES\" \/>\n<meta property=\"og:type\" content=\"article\" \/>\n<meta property=\"og:title\" content=\"Tras otra muerte, Minneapolis se declara en pie de guerra y los dem\u00f3cratas presionan a Trump -\" \/>\n<meta property=\"og:description\" content=\"WASHINGTON.\u2013 Mientras crece la indignaci\u00f3n en Estados Unidos por la muerte de un enfermero por...\" \/>\n<meta property=\"og:url\" content=\"https:\/\/impactocastex.com.ar\/?p=9396\" \/>\n<meta property=\"article:publisher\" content=\"https:\/\/www.facebook.com\/impactocastexdiario\" \/>\n<meta property=\"article:published_time\" content=\"2026-01-26T06:38:19+00:00\" \/>\n<meta property=\"og:image\" content=\"https:\/\/resizer.glanacion.com\/resizer\/v2\/UY5SX3MPHFFWVPLGCSZ55I4ZWM.jpg?auth=36214824969bc5817a96def44654e27624ad87a27fe020e49d6a2378214b41a0&amp;smart=true&amp;width=5000&amp;height=3333\" \/>\n<meta name=\"author\" content=\"impactocastex\" \/>\n<meta name=\"twitter:card\" content=\"summary_large_image\" \/>\n<meta name=\"twitter:label1\" content=\"Escrito por\" \/>\n\t<meta name=\"twitter:data1\" content=\"impactocastex\" \/>\n\t<meta name=\"twitter:label2\" content=\"Tiempo de lectura\" \/>\n\t<meta name=\"twitter:data2\" content=\"7 minutos\" \/>\n<script type=\"application\/ld+json\" class=\"yoast-schema-graph\">{\"@context\":\"https:\\\/\\\/schema.org\",\"@graph\":[{\"@type\":\"Article\",\"@id\":\"https:\\\/\\\/impactocastex.com.ar\\\/?p=9396#article\",\"isPartOf\":{\"@id\":\"https:\\\/\\\/impactocastex.com.ar\\\/?p=9396\"},\"author\":{\"name\":\"impactocastex\",\"@id\":\"https:\\\/\\\/impactocastex.com.ar\\\/#\\\/schema\\\/person\\\/86cb4f827fb5f87869a239b98a69c6e3\"},\"headline\":\"Tras otra muerte, Minneapolis se declara en pie de guerra y los dem\u00f3cratas presionan a Trump\",\"datePublished\":\"2026-01-26T06:38:19+00:00\",\"mainEntityOfPage\":{\"@id\":\"https:\\\/\\\/impactocastex.com.ar\\\/?p=9396\"},\"wordCount\":1361,\"publisher\":{\"@id\":\"https:\\\/\\\/impactocastex.com.ar\\\/#organization\"},\"image\":{\"@id\":\"https:\\\/\\\/impactocastex.com.ar\\\/?p=9396#primaryimage\"},\"thumbnailUrl\":\"https:\\\/\\\/impactocastex.com.ar\\\/wp-content\\\/uploads\\\/2026\\\/01\\\/7VN6HWVT2JGZ7H4KUP3NA4H5IM-1e0XN9.jpg\",\"articleSection\":[\"NACIONALES\"],\"inLanguage\":\"es\"},{\"@type\":\"WebPage\",\"@id\":\"https:\\\/\\\/impactocastex.com.ar\\\/?p=9396\",\"url\":\"https:\\\/\\\/impactocastex.com.ar\\\/?p=9396\",\"name\":\"Tras otra muerte, Minneapolis se declara en pie de guerra y los dem\u00f3cratas presionan a Trump -\",\"isPartOf\":{\"@id\":\"https:\\\/\\\/impactocastex.com.ar\\\/#website\"},\"primaryImageOfPage\":{\"@id\":\"https:\\\/\\\/impactocastex.com.ar\\\/?p=9396#primaryimage\"},\"image\":{\"@id\":\"https:\\\/\\\/impactocastex.com.ar\\\/?p=9396#primaryimage\"},\"thumbnailUrl\":\"https:\\\/\\\/impactocastex.com.ar\\\/wp-content\\\/uploads\\\/2026\\\/01\\\/7VN6HWVT2JGZ7H4KUP3NA4H5IM-1e0XN9.jpg\",\"datePublished\":\"2026-01-26T06:38:19+00:00\",\"breadcrumb\":{\"@id\":\"https:\\\/\\\/impactocastex.com.ar\\\/?p=9396#breadcrumb\"},\"inLanguage\":\"es\",\"potentialAction\":[{\"@type\":\"ReadAction\",\"target\":[\"https:\\\/\\\/impactocastex.com.ar\\\/?p=9396\"]}]},{\"@type\":\"ImageObject\",\"inLanguage\":\"es\",\"@id\":\"https:\\\/\\\/impactocastex.com.ar\\\/?p=9396#primaryimage\",\"url\":\"https:\\\/\\\/impactocastex.com.ar\\\/wp-content\\\/uploads\\\/2026\\\/01\\\/7VN6HWVT2JGZ7H4KUP3NA4H5IM-1e0XN9.jpg\",\"contentUrl\":\"https:\\\/\\\/impactocastex.com.ar\\\/wp-content\\\/uploads\\\/2026\\\/01\\\/7VN6HWVT2JGZ7H4KUP3NA4H5IM-1e0XN9.jpg\",\"width\":2000,\"height\":1333},{\"@type\":\"BreadcrumbList\",\"@id\":\"https:\\\/\\\/impactocastex.com.ar\\\/?p=9396#breadcrumb\",\"itemListElement\":[{\"@type\":\"ListItem\",\"position\":1,\"name\":\"Portada\",\"item\":\"https:\\\/\\\/impactocastex.com.ar\\\/\"},{\"@type\":\"ListItem\",\"position\":2,\"name\":\"Tras otra muerte, Minneapolis se declara en pie de guerra y los dem\u00f3cratas presionan a Trump\"}]},{\"@type\":\"WebSite\",\"@id\":\"https:\\\/\\\/impactocastex.com.ar\\\/#website\",\"url\":\"https:\\\/\\\/impactocastex.com.ar\\\/\",\"name\":\"Impacto Castex\",\"description\":\"\",\"publisher\":{\"@id\":\"https:\\\/\\\/impactocastex.com.ar\\\/#organization\"},\"potentialAction\":[{\"@type\":\"SearchAction\",\"target\":{\"@type\":\"EntryPoint\",\"urlTemplate\":\"https:\\\/\\\/impactocastex.com.ar\\\/?s={search_term_string}\"},\"query-input\":{\"@type\":\"PropertyValueSpecification\",\"valueRequired\":true,\"valueName\":\"search_term_string\"}}],\"inLanguage\":\"es\"},{\"@type\":\"Organization\",\"@id\":\"https:\\\/\\\/impactocastex.com.ar\\\/#organization\",\"name\":\"Impacto Castex\",\"url\":\"https:\\\/\\\/impactocastex.com.ar\\\/\",\"logo\":{\"@type\":\"ImageObject\",\"inLanguage\":\"es\",\"@id\":\"https:\\\/\\\/impactocastex.com.ar\\\/#\\\/schema\\\/logo\\\/image\\\/\",\"url\":\"https:\\\/\\\/impactocastex.com.ar\\\/wp-content\\\/uploads\\\/2025\\\/09\\\/cropped-icoweb.png\",\"contentUrl\":\"https:\\\/\\\/impactocastex.com.ar\\\/wp-content\\\/uploads\\\/2025\\\/09\\\/cropped-icoweb.png\",\"width\":512,\"height\":512,\"caption\":\"Impacto Castex\"},\"image\":{\"@id\":\"https:\\\/\\\/impactocastex.com.ar\\\/#\\\/schema\\\/logo\\\/image\\\/\"},\"sameAs\":[\"https:\\\/\\\/www.facebook.com\\\/impactocastexdiario\",\"https:\\\/\\\/www.instagram.com\\\/impactocastex.com.ar\\\/\"]},{\"@type\":\"Person\",\"@id\":\"https:\\\/\\\/impactocastex.com.ar\\\/#\\\/schema\\\/person\\\/86cb4f827fb5f87869a239b98a69c6e3\",\"name\":\"impactocastex\",\"image\":{\"@type\":\"ImageObject\",\"inLanguage\":\"es\",\"@id\":\"https:\\\/\\\/secure.gravatar.com\\\/avatar\\\/9a87ee051ca8c77f5d4070843ce2c78cdf95b858b950fb039151de955122f5f5?s=96&d=mm&r=g\",\"url\":\"https:\\\/\\\/secure.gravatar.com\\\/avatar\\\/9a87ee051ca8c77f5d4070843ce2c78cdf95b858b950fb039151de955122f5f5?s=96&d=mm&r=g\",\"contentUrl\":\"https:\\\/\\\/secure.gravatar.com\\\/avatar\\\/9a87ee051ca8c77f5d4070843ce2c78cdf95b858b950fb039151de955122f5f5?s=96&d=mm&r=g\",\"caption\":\"impactocastex\"},\"sameAs\":[\"https:\\\/\\\/impactocastex.com.ar\"],\"url\":\"https:\\\/\\\/impactocastex.com.ar\\\/?author=1\"}]}<\/script>\n<!-- \/ Yoast SEO plugin. -->","yoast_head_json":{"title":"Tras otra muerte, Minneapolis se declara en pie de guerra y los dem\u00f3cratas presionan a Trump -","robots":{"index":"index","follow":"follow","max-snippet":"max-snippet:-1","max-image-preview":"max-image-preview:large","max-video-preview":"max-video-preview:-1"},"canonical":"https:\/\/impactocastex.com.ar\/?p=9396","og_locale":"es_ES","og_type":"article","og_title":"Tras otra muerte, Minneapolis se declara en pie de guerra y los dem\u00f3cratas presionan a Trump -","og_description":"WASHINGTON.\u2013 Mientras crece la indignaci\u00f3n en Estados Unidos por la muerte de un enfermero por...","og_url":"https:\/\/impactocastex.com.ar\/?p=9396","article_publisher":"https:\/\/www.facebook.com\/impactocastexdiario","article_published_time":"2026-01-26T06:38:19+00:00","og_image":[{"url":"https:\/\/resizer.glanacion.com\/resizer\/v2\/UY5SX3MPHFFWVPLGCSZ55I4ZWM.jpg?auth=36214824969bc5817a96def44654e27624ad87a27fe020e49d6a2378214b41a0&amp;smart=true&amp;width=5000&amp;height=3333","type":"","width":"","height":""}],"author":"impactocastex","twitter_card":"summary_large_image","twitter_misc":{"Escrito por":"impactocastex","Tiempo de lectura":"7 minutos"},"schema":{"@context":"https:\/\/schema.org","@graph":[{"@type":"Article","@id":"https:\/\/impactocastex.com.ar\/?p=9396#article","isPartOf":{"@id":"https:\/\/impactocastex.com.ar\/?p=9396"},"author":{"name":"impactocastex","@id":"https:\/\/impactocastex.com.ar\/#\/schema\/person\/86cb4f827fb5f87869a239b98a69c6e3"},"headline":"Tras otra muerte, Minneapolis se declara en pie de guerra y los dem\u00f3cratas presionan a Trump","datePublished":"2026-01-26T06:38:19+00:00","mainEntityOfPage":{"@id":"https:\/\/impactocastex.com.ar\/?p=9396"},"wordCount":1361,"publisher":{"@id":"https:\/\/impactocastex.com.ar\/#organization"},"image":{"@id":"https:\/\/impactocastex.com.ar\/?p=9396#primaryimage"},"thumbnailUrl":"https:\/\/impactocastex.com.ar\/wp-content\/uploads\/2026\/01\/7VN6HWVT2JGZ7H4KUP3NA4H5IM-1e0XN9.jpg","articleSection":["NACIONALES"],"inLanguage":"es"},{"@type":"WebPage","@id":"https:\/\/impactocastex.com.ar\/?p=9396","url":"https:\/\/impactocastex.com.ar\/?p=9396","name":"Tras otra muerte, Minneapolis se declara en pie de guerra y los dem\u00f3cratas presionan a Trump -","isPartOf":{"@id":"https:\/\/impactocastex.com.ar\/#website"},"primaryImageOfPage":{"@id":"https:\/\/impactocastex.com.ar\/?p=9396#primaryimage"},"image":{"@id":"https:\/\/impactocastex.com.ar\/?p=9396#primaryimage"},"thumbnailUrl":"https:\/\/impactocastex.com.ar\/wp-content\/uploads\/2026\/01\/7VN6HWVT2JGZ7H4KUP3NA4H5IM-1e0XN9.jpg","datePublished":"2026-01-26T06:38:19+00:00","breadcrumb":{"@id":"https:\/\/impactocastex.com.ar\/?p=9396#breadcrumb"},"inLanguage":"es","potentialAction":[{"@type":"ReadAction","target":["https:\/\/impactocastex.com.ar\/?p=9396"]}]},{"@type":"ImageObject","inLanguage":"es","@id":"https:\/\/impactocastex.com.ar\/?p=9396#primaryimage","url":"https:\/\/impactocastex.com.ar\/wp-content\/uploads\/2026\/01\/7VN6HWVT2JGZ7H4KUP3NA4H5IM-1e0XN9.jpg","contentUrl":"https:\/\/impactocastex.com.ar\/wp-content\/uploads\/2026\/01\/7VN6HWVT2JGZ7H4KUP3NA4H5IM-1e0XN9.jpg","width":2000,"height":1333},{"@type":"BreadcrumbList","@id":"https:\/\/impactocastex.com.ar\/?p=9396#breadcrumb","itemListElement":[{"@type":"ListItem","position":1,"name":"Portada","item":"https:\/\/impactocastex.com.ar\/"},{"@type":"ListItem","position":2,"name":"Tras otra muerte, Minneapolis se declara en pie de guerra y los dem\u00f3cratas presionan a Trump"}]},{"@type":"WebSite","@id":"https:\/\/impactocastex.com.ar\/#website","url":"https:\/\/impactocastex.com.ar\/","name":"Impacto Castex","description":"","publisher":{"@id":"https:\/\/impactocastex.com.ar\/#organization"},"potentialAction":[{"@type":"SearchAction","target":{"@type":"EntryPoint","urlTemplate":"https:\/\/impactocastex.com.ar\/?s={search_term_string}"},"query-input":{"@type":"PropertyValueSpecification","valueRequired":true,"valueName":"search_term_string"}}],"inLanguage":"es"},{"@type":"Organization","@id":"https:\/\/impactocastex.com.ar\/#organization","name":"Impacto Castex","url":"https:\/\/impactocastex.com.ar\/","logo":{"@type":"ImageObject","inLanguage":"es","@id":"https:\/\/impactocastex.com.ar\/#\/schema\/logo\/image\/","url":"https:\/\/impactocastex.com.ar\/wp-content\/uploads\/2025\/09\/cropped-icoweb.png","contentUrl":"https:\/\/impactocastex.com.ar\/wp-content\/uploads\/2025\/09\/cropped-icoweb.png","width":512,"height":512,"caption":"Impacto Castex"},"image":{"@id":"https:\/\/impactocastex.com.ar\/#\/schema\/logo\/image\/"},"sameAs":["https:\/\/www.facebook.com\/impactocastexdiario","https:\/\/www.instagram.com\/impactocastex.com.ar\/"]},{"@type":"Person","@id":"https:\/\/impactocastex.com.ar\/#\/schema\/person\/86cb4f827fb5f87869a239b98a69c6e3","name":"impactocastex","image":{"@type":"ImageObject","inLanguage":"es","@id":"https:\/\/secure.gravatar.com\/avatar\/9a87ee051ca8c77f5d4070843ce2c78cdf95b858b950fb039151de955122f5f5?s=96&d=mm&r=g","url":"https:\/\/secure.gravatar.com\/avatar\/9a87ee051ca8c77f5d4070843ce2c78cdf95b858b950fb039151de955122f5f5?s=96&d=mm&r=g","contentUrl":"https:\/\/secure.gravatar.com\/avatar\/9a87ee051ca8c77f5d4070843ce2c78cdf95b858b950fb039151de955122f5f5?s=96&d=mm&r=g","caption":"impactocastex"},"sameAs":["https:\/\/impactocastex.com.ar"],"url":"https:\/\/impactocastex.com.ar\/?author=1"}]}},"jetpack_publicize_connections":[],"featured_image_urls":{"full":["https:\/\/impactocastex.com.ar\/wp-content\/uploads\/2026\/01\/7VN6HWVT2JGZ7H4KUP3NA4H5IM-1e0XN9.jpg",2000,1333,false],"thumbnail":["https:\/\/impactocastex.com.ar\/wp-content\/uploads\/2026\/01\/7VN6HWVT2JGZ7H4KUP3NA4H5IM-1e0XN9-150x150.jpg",150,150,true],"medium":["https:\/\/impactocastex.com.ar\/wp-content\/uploads\/2026\/01\/7VN6HWVT2JGZ7H4KUP3NA4H5IM-1e0XN9-300x200.jpg",300,200,true],"medium_large":["https:\/\/impactocastex.com.ar\/wp-content\/uploads\/2026\/01\/7VN6HWVT2JGZ7H4KUP3NA4H5IM-1e0XN9-768x512.jpg",640,427,true],"large":["https:\/\/impactocastex.com.ar\/wp-content\/uploads\/2026\/01\/7VN6HWVT2JGZ7H4KUP3NA4H5IM-1e0XN9-1024x682.jpg",640,426,true],"1536x1536":["https:\/\/impactocastex.com.ar\/wp-content\/uploads\/2026\/01\/7VN6HWVT2JGZ7H4KUP3NA4H5IM-1e0XN9-1536x1024.jpg",1536,1024,true],"2048x2048":["https:\/\/impactocastex.com.ar\/wp-content\/uploads\/2026\/01\/7VN6HWVT2JGZ7H4KUP3NA4H5IM-1e0XN9.jpg",2000,1333,false],"newsever-slider-full":["https:\/\/impactocastex.com.ar\/wp-content\/uploads\/2026\/01\/7VN6HWVT2JGZ7H4KUP3NA4H5IM-1e0XN9-1280x845.jpg",1280,845,true],"newsever-featured":["https:\/\/impactocastex.com.ar\/wp-content\/uploads\/2026\/01\/7VN6HWVT2JGZ7H4KUP3NA4H5IM-1e0XN9-1024x682.jpg",1024,682,true],"newsever-medium":["https:\/\/impactocastex.com.ar\/wp-content\/uploads\/2026\/01\/7VN6HWVT2JGZ7H4KUP3NA4H5IM-1e0XN9-720x475.jpg",720,475,true]},"author_info":{"info":["impactocastex"]},"category_info":"<a href=\"https:\/\/impactocastex.com.ar\/?cat=89\" rel=\"category\">NACIONALES<\/a>","tag_info":"NACIONALES","comment_count":0,"jetpack_featured_media_url":"https:\/\/impactocastex.com.ar\/wp-content\/uploads\/2026\/01\/7VN6HWVT2JGZ7H4KUP3NA4H5IM-1e0XN9.jpg","jetpack_sharing_enabled":true,"jetpack_likes_enabled":true,"jetpack_shortlink":"https:\/\/wp.me\/p7sopA-2ry","_links":{"self":[{"href":"https:\/\/impactocastex.com.ar\/index.php?rest_route=\/wp\/v2\/posts\/9396","targetHints":{"allow":["GET"]}}],"collection":[{"href":"https:\/\/impactocastex.com.ar\/index.php?rest_route=\/wp\/v2\/posts"}],"about":[{"href":"https:\/\/impactocastex.com.ar\/index.php?rest_route=\/wp\/v2\/types\/post"}],"author":[{"embeddable":true,"href":"https:\/\/impactocastex.com.ar\/index.php?rest_route=\/wp\/v2\/users\/1"}],"replies":[{"embeddable":true,"href":"https:\/\/impactocastex.com.ar\/index.php?rest_route=%2Fwp%2Fv2%2Fcomments&post=9396"}],"version-history":[{"count":0,"href":"https:\/\/impactocastex.com.ar\/index.php?rest_route=\/wp\/v2\/posts\/9396\/revisions"}],"wp:featuredmedia":[{"embeddable":true,"href":"https:\/\/impactocastex.com.ar\/index.php?rest_route=\/wp\/v2\/media\/9397"}],"wp:attachment":[{"href":"https:\/\/impactocastex.com.ar\/index.php?rest_route=%2Fwp%2Fv2%2Fmedia&parent=9396"}],"wp:term":[{"taxonomy":"category","embeddable":true,"href":"https:\/\/impactocastex.com.ar\/index.php?rest_route=%2Fwp%2Fv2%2Fcategories&post=9396"},{"taxonomy":"post_tag","embeddable":true,"href":"https:\/\/impactocastex.com.ar\/index.php?rest_route=%2Fwp%2Fv2%2Ftags&post=9396"}],"curies":[{"name":"wp","href":"https:\/\/api.w.org\/{rel}","templated":true}]}}