{"id":9096,"date":"2026-01-22T09:51:53","date_gmt":"2026-01-22T12:51:53","guid":{"rendered":"https:\/\/impactocastex.com.ar\/?p=9096"},"modified":"2026-01-22T09:51:54","modified_gmt":"2026-01-22T12:51:54","slug":"julio-iglesias-difunde-mensajes-de-whatsapp-para-desmentir-las-acusaciones-de-agresion-sexual","status":"publish","type":"post","link":"https:\/\/impactocastex.com.ar\/?p=9096","title":{"rendered":"Julio Iglesias difunde mensajes de WhatsApp para desmentir las acusaciones de agresi\u00f3n sexual"},"content":{"rendered":"\n<p>El cantante ha publicado en su perfil de Instagram capturas de pantalla con conversaciones que, supuestamente, habr\u00eda mantenido con exempleadas<\/p>\n\n\n\n<p>La defensa del cantante<strong>\u00a0Julio Iglesias<\/strong>\u00a0ha dado un paso adelante en su estrategia ante la\u00a0denuncia por agresi\u00f3n sexual\u00a0presentada por dos de sus antiguas empleadas. Iglesias ha optado por publicar en su cuenta de Instagram una serie de mensajes de WhatsApp, supuestamente enviados por las denunciantes, con el objetivo de demostrar la \u201cfalsedad\u201d de las acusaciones.<\/p>\n\n\n\n<p>Seg\u00fan ha expuesto el propio artista, esta iniciativa responde a lo que considera\u00a0una negativa por parte de la Fiscal\u00eda a proporcionarle el \u201cacceso formal\u201d a la denuncia, lo que, en sus palabras, le impide \u201cejercer\u201d adecuadamente\u00a0<strong>su defensa<\/strong>, tal y como adelanta\u00a0<em>Europa Press<\/em>. Pese a que en su red social el cantante ha publicado las conversaciones identificando a las autoras con nombre y apellido, este medio ha preferido no publicar la identidad que se les atribuye.<\/p>\n\n\n\n<p>Las publicaciones difundidas por Iglesias buscan servir como prueba documental ante la opini\u00f3n p\u00fablica. En el comunicado emitido a trav\u00e9s de Instagram, previo a las capturas, el cantante ha argumentado que la decisi\u00f3n de hacer p\u00fablicas estas conversaciones se debe a que, tras la negativa por parte de la Fiscal\u00eda, este es el \u201c\u00fanico medio\u201d que le permite \u201cejercer leg\u00edtimamente\u201d su&nbsp;<strong>derecho a la defensa&nbsp;<\/strong>y dejar constancia de los hechos que las extrabajadoras han denunciado.<\/p>\n\n\n\n<p><img loading=\"lazy\" decoding=\"async\" alt=\"En su perfil de Instagram,\" height=\"1080\" src=\"https:\/\/www.infobae.com\/resizer\/v2\/RMDAHGVJ4JA2TMEQREQGNOGUJA.jpg?auth=07d67cedcbd9e8986bb4e50d04a62b3f105e38effd645d7e3445bdee98c691be&amp;smart=true&amp;width=350&amp;height=197&amp;quality=85\" width=\"1920\">En su perfil de Instagram, el cantante ha emitido un comunicado en el que afirma que esta red social es \u00abel \u00fanico medio\u00bb que le permite ejercer su \u00abderecho a la defensa\u00bb. \/ Captura de pantalla<\/p>\n\n\n\n<p>Adem\u00e1s, Iglesias ha afirmado que la evidencia proporcionada por los mensajes de WhatsApp, enviados mientras las denunciantes trabajaban en su domicilio y tras finalizar su<strong>&nbsp;relaci\u00f3n laboral<\/strong>, demostrar\u00eda la falta de veracidad de las&nbsp;<strong>acusaciones<\/strong>. A este respecto, ha manifestado en sus&nbsp;<em>stories<\/em>: \u201cLas comunicaciones de WhatsApp enviadas por las denunciantes durante el tiempo que trabajaron en mi casa y las comunicaciones despu\u00e9s de irse demuestran que la informaci\u00f3n difundida carece de veracidad\u201d.<\/p>\n\n\n\n<p>En su mensaje, Iglesias ha reiterado que \u201ctodo tiene un l\u00edmite\u201d y ha considerado \u201cnecesario\u00a0desenmascarar estas falsedades y contar la verdad\u201d. El cantante ha puntualizado que ha adjuntado \u00fanicamente algunas de las conversaciones que, a su entender, evidencian la \u201cincoherencia de las denuncias y la\u00a0<strong>manipulaci\u00f3n medi\u00e1tica<\/strong>\u201d de la que se considera objeto. Los mensajes publicados comprenden los a\u00f1os 2021, 2022 y 2023 y han sido publicados pasadas la medianoche de este jueves 22 de enero, en horario de Espa\u00f1a.<\/p>\n\n\n\n<h2 class=\"wp-block-heading\">Denegaci\u00f3n del acceso a la denuncia y acciones legales del cantante<\/h2>\n\n\n\n<p>De forma paralela, la defensa de Julio Iglesias ha solicitado formalmente\u00a0a la Fiscal\u00eda de la Audiencia Nacional\u00a0que se le remita la denuncia presentada en su contra, dado que el artista sostiene que resulta \u201cins\u00f3lito\u201d no disponer de una copia de la misma. Seg\u00fan consta en un escrito al que ha tenido acceso\u00a0<em>Europa Press<\/em>, la representaci\u00f3n legal del cantante sostiene que resulta parad\u00f3jico que sea el propio Iglesias, la\u00a0<strong>persona acusada<\/strong>, quien desconoce el contenido de la denuncia.<\/p>\n\n\n\n<p>La petici\u00f3n de acceso al expediente llega despu\u00e9s de que la Fiscal\u00eda\u00a0<strong>haya denegado la personaci\u00f3n<\/strong>\u00a0de Iglesias en las diligencias de investigaci\u00f3n preprocesales, un tr\u00e1mite que hab\u00eda sido impulsado por su abogado. El lunes de esta misma semana, la defensa del cantante solicit\u00f3 al Ministerio Fiscal ser reconocida como parte personada en el procedimiento y, simult\u00e1neamente,\u00a0pidi\u00f3 el archivo de las diligencias\u00a0por \u201cla falta de jurisdicci\u00f3n espa\u00f1ola para el conocimiento de los hechos\u201d.<\/p>\n\n\n\n<p>El propio Julio Iglesias ya se hab\u00eda pronunciado el pasado viernes en la misma red social, donde calific\u00f3 de \u201cabsolutamente falsas\u201d las acusaciones vertidas contra \u00e9l y revel\u00f3 que le provocan \u201cuna gran tristeza\u201d. En aquella ocasi\u00f3n, expres\u00f3: \u201cNunca hab\u00eda sentido&nbsp;<strong>tanta maldad<\/strong>\u201d.<img loading=\"lazy\" decoding=\"async\" alt=\"El cantante excusa la publicaci\u00f3n\" height=\"1080\" src=\"https:\/\/www.infobae.com\/resizer\/v2\/SHIW522WYFC3HIIJTDFWTQV6SM.jpg?auth=d4d0eba33720bf48706da61f62690a488850a39b1f76b0abdf6f856d8297d7ad&amp;smart=true&amp;width=350&amp;height=197&amp;quality=85\" width=\"1920\">El cantante excusa la publicaci\u00f3n de las conversaciones con motivo de la denegaci\u00f3n de la Fiscal\u00eda para que le faciliten una copia de la denuncia. \/ Captura de pantalla<\/p>\n\n\n\n<h2 class=\"wp-block-heading\">Las denuncias de las exempleadas, una investigaci\u00f3n de elDiario.es y Univision<\/h2>\n\n\n\n<p>El origen de la acusaci\u00f3n reside en una investigaci\u00f3n realizada por&nbsp;<em>elDiario.es<\/em>, en colaboraci\u00f3n con Univisi\u00f3n Noticias, cuyos periodistas han examinado durante tres a\u00f1os las experiencias de mujeres que han integrado el<strong>&nbsp;personal de servicio dom\u00e9stico&nbsp;<\/strong>o han colaborado profesionalmente con el artista entre 1990 y 2023.<\/p>\n\n\n\n<p>Seg\u00fan recoge la investigaci\u00f3n, una de las extrabajadoras sostiene que fue forzada a mantener\u00a0<strong>encuentros sexuales no consentidos<\/strong>\u00a0con Julio Iglesias, incluyendo penetraciones, bofetadas y\u00a0humillaciones f\u00edsicas y verbales. Los presuntos abusos habr\u00edan ocurrido en el a\u00f1o 2021, cuando la v\u00edctima ten\u00eda 22 a\u00f1os.<\/p>\n\n\n\n<p>Durante el periodo analizado, el equipo investigador ha contactado con un total de 15 exempleadas, tanto personal dom\u00e9stico como otras profesionales especializadas, que trabajaron en las\u00a0residencias del cantante\u00a0en\u00a0<strong>Rep\u00fablica Dominicana<\/strong>,\u00a0<strong>Bahamas\u00a0<\/strong>y\u00a0<strong>Espa\u00f1a<\/strong>. En los testimonios, la mujer que denuncia las agresiones sexuales relata que Iglesias, entonces con 77 a\u00f1os, la citaba en su habitaci\u00f3n \u201cmuchas veces al terminar la jornada laboral\u201d.<\/p>\n\n\n\n<p>As\u00ed, en declaraciones recogidas por&nbsp;<em>elDiario.es&nbsp;<\/em>y Univisi\u00f3n Noticias, ha afirmado: \u201cMe usaba casi todas las noches\u201d. En la misma l\u00ednea, ha a\u00f1adido: \u201cMe sent\u00eda como un objeto, como&nbsp;<strong>una esclava<\/strong>\u201d. Adem\u00e1s, las reuniones habr\u00edan contado casi siempre con la presencia de otra empleada, superior jer\u00e1rquica de la presunta v\u00edctima, dentro de la organizaci\u00f3n del servicio dom\u00e9stico. El informe period\u00edstico detalla que las entrevistas realizadas por elDiario.es y Univisi\u00f3n Noticias constatan aspectos relacionados con el \u201caislamiento de las mujeres\u201d, conflictos laborales internos, la estructura jer\u00e1rquica del personal y la \u201ctensi\u00f3n ambiental generada por el&nbsp;<strong>car\u00e1cter irascible&nbsp;<\/strong>de Iglesias\u201d.Dos extrabajadoras denunciaron a Julio Iglesias el 5 de enero por trata y abusos sexuales<\/p>\n\n\n\n<p>Las agresiones denunciadas habr\u00edan tenido lugar en las residencias de Julio Iglesias en\u00a0<strong>Punta Cana\u00a0<\/strong>(Rep\u00fablica Dominicana) y Lyford Cay (Bahamas). Seg\u00fan el testimonio de las exempleadas, estos hechos se produjeron con el conocimiento de las personas responsables\u00a0de la gesti\u00f3n y la contrataci\u00f3n del personal dom\u00e9stico.<\/p>\n","protected":false},"excerpt":{"rendered":"<p>El cantante ha publicado en su perfil de Instagram capturas de pantalla con conversaciones que,&#8230;<\/p>\n","protected":false},"author":2,"featured_media":9097,"comment_status":"closed","ping_status":"closed","sticky":false,"template":"","format":"standard","meta":{"_jetpack_memberships_contains_paid_content":false,"footnotes":"","jetpack_publicize_message":"Julio Iglesias difunde mensajes de WhatsApp para desmentir las acusaciones de agresi\u00f3n sexual","jetpack_publicize_feature_enabled":true,"jetpack_social_post_already_shared":false,"jetpack_social_options":{"image_generator_settings":{"template":"highway","default_image_id":0,"font":"","enabled":false},"version":2}},"categories":[88],"tags":[],"class_list":["post-9096","post","type-post","status-publish","format-standard","has-post-thumbnail","hentry","category-espectaculos"],"yoast_head":"<!-- This site is optimized with the Yoast SEO plugin v27.4 - https:\/\/yoast.com\/product\/yoast-seo-wordpress\/ -->\n<title>Julio Iglesias difunde mensajes de WhatsApp para desmentir las acusaciones de agresi\u00f3n sexual -<\/title>\n<meta name=\"robots\" content=\"index, follow, max-snippet:-1, max-image-preview:large, max-video-preview:-1\" \/>\n<link rel=\"canonical\" href=\"https:\/\/impactocastex.com.ar\/?p=9096\" \/>\n<meta property=\"og:locale\" content=\"es_ES\" \/>\n<meta property=\"og:type\" content=\"article\" \/>\n<meta property=\"og:title\" content=\"Julio Iglesias difunde mensajes de WhatsApp para desmentir las acusaciones de agresi\u00f3n sexual -\" \/>\n<meta property=\"og:description\" content=\"El cantante ha publicado en su perfil de Instagram capturas de pantalla con conversaciones que,...\" \/>\n<meta property=\"og:url\" content=\"https:\/\/impactocastex.com.ar\/?p=9096\" \/>\n<meta property=\"article:publisher\" content=\"https:\/\/www.facebook.com\/impactocastexdiario\" \/>\n<meta property=\"article:published_time\" content=\"2026-01-22T12:51:53+00:00\" \/>\n<meta property=\"article:modified_time\" content=\"2026-01-22T12:51:54+00:00\" \/>\n<meta property=\"og:image\" content=\"https:\/\/impactocastex.com.ar\/wp-content\/uploads\/2026\/01\/Captura-de-pantalla-2026-01-22-095119.png\" \/>\n\t<meta property=\"og:image:width\" content=\"722\" \/>\n\t<meta property=\"og:image:height\" content=\"413\" \/>\n\t<meta property=\"og:image:type\" content=\"image\/png\" \/>\n<meta name=\"author\" content=\"impactocastex\" \/>\n<meta name=\"twitter:card\" content=\"summary_large_image\" \/>\n<meta name=\"twitter:label1\" content=\"Escrito por\" \/>\n\t<meta name=\"twitter:data1\" content=\"impactocastex\" \/>\n\t<meta name=\"twitter:label2\" content=\"Tiempo de lectura\" \/>\n\t<meta name=\"twitter:data2\" content=\"6 minutos\" \/>\n<script type=\"application\/ld+json\" class=\"yoast-schema-graph\">{\"@context\":\"https:\\\/\\\/schema.org\",\"@graph\":[{\"@type\":\"Article\",\"@id\":\"https:\\\/\\\/impactocastex.com.ar\\\/?p=9096#article\",\"isPartOf\":{\"@id\":\"https:\\\/\\\/impactocastex.com.ar\\\/?p=9096\"},\"author\":{\"name\":\"impactocastex\",\"@id\":\"https:\\\/\\\/impactocastex.com.ar\\\/#\\\/schema\\\/person\\\/c115028fb60f9bf49ce7550894b84ea7\"},\"headline\":\"Julio Iglesias difunde mensajes de WhatsApp para desmentir las acusaciones de agresi\u00f3n sexual\",\"datePublished\":\"2026-01-22T12:51:53+00:00\",\"dateModified\":\"2026-01-22T12:51:54+00:00\",\"mainEntityOfPage\":{\"@id\":\"https:\\\/\\\/impactocastex.com.ar\\\/?p=9096\"},\"wordCount\":1089,\"publisher\":{\"@id\":\"https:\\\/\\\/impactocastex.com.ar\\\/#organization\"},\"image\":{\"@id\":\"https:\\\/\\\/impactocastex.com.ar\\\/?p=9096#primaryimage\"},\"thumbnailUrl\":\"https:\\\/\\\/impactocastex.com.ar\\\/wp-content\\\/uploads\\\/2026\\\/01\\\/Captura-de-pantalla-2026-01-22-095119.png\",\"articleSection\":[\"ESPECTACULOS\"],\"inLanguage\":\"es\"},{\"@type\":\"WebPage\",\"@id\":\"https:\\\/\\\/impactocastex.com.ar\\\/?p=9096\",\"url\":\"https:\\\/\\\/impactocastex.com.ar\\\/?p=9096\",\"name\":\"Julio Iglesias difunde mensajes de WhatsApp para desmentir las acusaciones de agresi\u00f3n sexual -\",\"isPartOf\":{\"@id\":\"https:\\\/\\\/impactocastex.com.ar\\\/#website\"},\"primaryImageOfPage\":{\"@id\":\"https:\\\/\\\/impactocastex.com.ar\\\/?p=9096#primaryimage\"},\"image\":{\"@id\":\"https:\\\/\\\/impactocastex.com.ar\\\/?p=9096#primaryimage\"},\"thumbnailUrl\":\"https:\\\/\\\/impactocastex.com.ar\\\/wp-content\\\/uploads\\\/2026\\\/01\\\/Captura-de-pantalla-2026-01-22-095119.png\",\"datePublished\":\"2026-01-22T12:51:53+00:00\",\"dateModified\":\"2026-01-22T12:51:54+00:00\",\"breadcrumb\":{\"@id\":\"https:\\\/\\\/impactocastex.com.ar\\\/?p=9096#breadcrumb\"},\"inLanguage\":\"es\",\"potentialAction\":[{\"@type\":\"ReadAction\",\"target\":[\"https:\\\/\\\/impactocastex.com.ar\\\/?p=9096\"]}]},{\"@type\":\"ImageObject\",\"inLanguage\":\"es\",\"@id\":\"https:\\\/\\\/impactocastex.com.ar\\\/?p=9096#primaryimage\",\"url\":\"https:\\\/\\\/impactocastex.com.ar\\\/wp-content\\\/uploads\\\/2026\\\/01\\\/Captura-de-pantalla-2026-01-22-095119.png\",\"contentUrl\":\"https:\\\/\\\/impactocastex.com.ar\\\/wp-content\\\/uploads\\\/2026\\\/01\\\/Captura-de-pantalla-2026-01-22-095119.png\",\"width\":722,\"height\":413},{\"@type\":\"BreadcrumbList\",\"@id\":\"https:\\\/\\\/impactocastex.com.ar\\\/?p=9096#breadcrumb\",\"itemListElement\":[{\"@type\":\"ListItem\",\"position\":1,\"name\":\"Portada\",\"item\":\"https:\\\/\\\/impactocastex.com.ar\\\/\"},{\"@type\":\"ListItem\",\"position\":2,\"name\":\"Julio Iglesias difunde mensajes de WhatsApp para desmentir las acusaciones de agresi\u00f3n sexual\"}]},{\"@type\":\"WebSite\",\"@id\":\"https:\\\/\\\/impactocastex.com.ar\\\/#website\",\"url\":\"https:\\\/\\\/impactocastex.com.ar\\\/\",\"name\":\"Impacto Castex\",\"description\":\"\",\"publisher\":{\"@id\":\"https:\\\/\\\/impactocastex.com.ar\\\/#organization\"},\"potentialAction\":[{\"@type\":\"SearchAction\",\"target\":{\"@type\":\"EntryPoint\",\"urlTemplate\":\"https:\\\/\\\/impactocastex.com.ar\\\/?s={search_term_string}\"},\"query-input\":{\"@type\":\"PropertyValueSpecification\",\"valueRequired\":true,\"valueName\":\"search_term_string\"}}],\"inLanguage\":\"es\"},{\"@type\":\"Organization\",\"@id\":\"https:\\\/\\\/impactocastex.com.ar\\\/#organization\",\"name\":\"Impacto Castex\",\"url\":\"https:\\\/\\\/impactocastex.com.ar\\\/\",\"logo\":{\"@type\":\"ImageObject\",\"inLanguage\":\"es\",\"@id\":\"https:\\\/\\\/impactocastex.com.ar\\\/#\\\/schema\\\/logo\\\/image\\\/\",\"url\":\"https:\\\/\\\/impactocastex.com.ar\\\/wp-content\\\/uploads\\\/2025\\\/09\\\/cropped-icoweb.png\",\"contentUrl\":\"https:\\\/\\\/impactocastex.com.ar\\\/wp-content\\\/uploads\\\/2025\\\/09\\\/cropped-icoweb.png\",\"width\":512,\"height\":512,\"caption\":\"Impacto Castex\"},\"image\":{\"@id\":\"https:\\\/\\\/impactocastex.com.ar\\\/#\\\/schema\\\/logo\\\/image\\\/\"},\"sameAs\":[\"https:\\\/\\\/www.facebook.com\\\/impactocastexdiario\",\"https:\\\/\\\/www.instagram.com\\\/impactocastex.com.ar\\\/\"]},{\"@type\":\"Person\",\"@id\":\"https:\\\/\\\/impactocastex.com.ar\\\/#\\\/schema\\\/person\\\/c115028fb60f9bf49ce7550894b84ea7\",\"name\":\"impactocastex\",\"image\":{\"@type\":\"ImageObject\",\"inLanguage\":\"es\",\"@id\":\"https:\\\/\\\/secure.gravatar.com\\\/avatar\\\/fee87e7af008f02e9becdc0b5a9fd4a2e79b3918a571edeacb62211704637833?s=96&d=mm&r=g\",\"url\":\"https:\\\/\\\/secure.gravatar.com\\\/avatar\\\/fee87e7af008f02e9becdc0b5a9fd4a2e79b3918a571edeacb62211704637833?s=96&d=mm&r=g\",\"contentUrl\":\"https:\\\/\\\/secure.gravatar.com\\\/avatar\\\/fee87e7af008f02e9becdc0b5a9fd4a2e79b3918a571edeacb62211704637833?s=96&d=mm&r=g\",\"caption\":\"impactocastex\"},\"sameAs\":[\"https:\\\/\\\/impactocastex.com.ar\\\/\"],\"url\":\"https:\\\/\\\/impactocastex.com.ar\\\/?author=2\"}]}<\/script>\n<!-- \/ Yoast SEO plugin. -->","yoast_head_json":{"title":"Julio Iglesias difunde mensajes de WhatsApp para desmentir las acusaciones de agresi\u00f3n sexual -","robots":{"index":"index","follow":"follow","max-snippet":"max-snippet:-1","max-image-preview":"max-image-preview:large","max-video-preview":"max-video-preview:-1"},"canonical":"https:\/\/impactocastex.com.ar\/?p=9096","og_locale":"es_ES","og_type":"article","og_title":"Julio Iglesias difunde mensajes de WhatsApp para desmentir las acusaciones de agresi\u00f3n sexual -","og_description":"El cantante ha publicado en su perfil de Instagram capturas de pantalla con conversaciones que,...","og_url":"https:\/\/impactocastex.com.ar\/?p=9096","article_publisher":"https:\/\/www.facebook.com\/impactocastexdiario","article_published_time":"2026-01-22T12:51:53+00:00","article_modified_time":"2026-01-22T12:51:54+00:00","og_image":[{"width":722,"height":413,"url":"https:\/\/impactocastex.com.ar\/wp-content\/uploads\/2026\/01\/Captura-de-pantalla-2026-01-22-095119.png","type":"image\/png"}],"author":"impactocastex","twitter_card":"summary_large_image","twitter_misc":{"Escrito por":"impactocastex","Tiempo de lectura":"6 minutos"},"schema":{"@context":"https:\/\/schema.org","@graph":[{"@type":"Article","@id":"https:\/\/impactocastex.com.ar\/?p=9096#article","isPartOf":{"@id":"https:\/\/impactocastex.com.ar\/?p=9096"},"author":{"name":"impactocastex","@id":"https:\/\/impactocastex.com.ar\/#\/schema\/person\/c115028fb60f9bf49ce7550894b84ea7"},"headline":"Julio Iglesias difunde mensajes de WhatsApp para desmentir las acusaciones de agresi\u00f3n sexual","datePublished":"2026-01-22T12:51:53+00:00","dateModified":"2026-01-22T12:51:54+00:00","mainEntityOfPage":{"@id":"https:\/\/impactocastex.com.ar\/?p=9096"},"wordCount":1089,"publisher":{"@id":"https:\/\/impactocastex.com.ar\/#organization"},"image":{"@id":"https:\/\/impactocastex.com.ar\/?p=9096#primaryimage"},"thumbnailUrl":"https:\/\/impactocastex.com.ar\/wp-content\/uploads\/2026\/01\/Captura-de-pantalla-2026-01-22-095119.png","articleSection":["ESPECTACULOS"],"inLanguage":"es"},{"@type":"WebPage","@id":"https:\/\/impactocastex.com.ar\/?p=9096","url":"https:\/\/impactocastex.com.ar\/?p=9096","name":"Julio Iglesias difunde mensajes de WhatsApp para desmentir las acusaciones de agresi\u00f3n sexual -","isPartOf":{"@id":"https:\/\/impactocastex.com.ar\/#website"},"primaryImageOfPage":{"@id":"https:\/\/impactocastex.com.ar\/?p=9096#primaryimage"},"image":{"@id":"https:\/\/impactocastex.com.ar\/?p=9096#primaryimage"},"thumbnailUrl":"https:\/\/impactocastex.com.ar\/wp-content\/uploads\/2026\/01\/Captura-de-pantalla-2026-01-22-095119.png","datePublished":"2026-01-22T12:51:53+00:00","dateModified":"2026-01-22T12:51:54+00:00","breadcrumb":{"@id":"https:\/\/impactocastex.com.ar\/?p=9096#breadcrumb"},"inLanguage":"es","potentialAction":[{"@type":"ReadAction","target":["https:\/\/impactocastex.com.ar\/?p=9096"]}]},{"@type":"ImageObject","inLanguage":"es","@id":"https:\/\/impactocastex.com.ar\/?p=9096#primaryimage","url":"https:\/\/impactocastex.com.ar\/wp-content\/uploads\/2026\/01\/Captura-de-pantalla-2026-01-22-095119.png","contentUrl":"https:\/\/impactocastex.com.ar\/wp-content\/uploads\/2026\/01\/Captura-de-pantalla-2026-01-22-095119.png","width":722,"height":413},{"@type":"BreadcrumbList","@id":"https:\/\/impactocastex.com.ar\/?p=9096#breadcrumb","itemListElement":[{"@type":"ListItem","position":1,"name":"Portada","item":"https:\/\/impactocastex.com.ar\/"},{"@type":"ListItem","position":2,"name":"Julio Iglesias difunde mensajes de WhatsApp para desmentir las acusaciones de agresi\u00f3n sexual"}]},{"@type":"WebSite","@id":"https:\/\/impactocastex.com.ar\/#website","url":"https:\/\/impactocastex.com.ar\/","name":"Impacto Castex","description":"","publisher":{"@id":"https:\/\/impactocastex.com.ar\/#organization"},"potentialAction":[{"@type":"SearchAction","target":{"@type":"EntryPoint","urlTemplate":"https:\/\/impactocastex.com.ar\/?s={search_term_string}"},"query-input":{"@type":"PropertyValueSpecification","valueRequired":true,"valueName":"search_term_string"}}],"inLanguage":"es"},{"@type":"Organization","@id":"https:\/\/impactocastex.com.ar\/#organization","name":"Impacto Castex","url":"https:\/\/impactocastex.com.ar\/","logo":{"@type":"ImageObject","inLanguage":"es","@id":"https:\/\/impactocastex.com.ar\/#\/schema\/logo\/image\/","url":"https:\/\/impactocastex.com.ar\/wp-content\/uploads\/2025\/09\/cropped-icoweb.png","contentUrl":"https:\/\/impactocastex.com.ar\/wp-content\/uploads\/2025\/09\/cropped-icoweb.png","width":512,"height":512,"caption":"Impacto Castex"},"image":{"@id":"https:\/\/impactocastex.com.ar\/#\/schema\/logo\/image\/"},"sameAs":["https:\/\/www.facebook.com\/impactocastexdiario","https:\/\/www.instagram.com\/impactocastex.com.ar\/"]},{"@type":"Person","@id":"https:\/\/impactocastex.com.ar\/#\/schema\/person\/c115028fb60f9bf49ce7550894b84ea7","name":"impactocastex","image":{"@type":"ImageObject","inLanguage":"es","@id":"https:\/\/secure.gravatar.com\/avatar\/fee87e7af008f02e9becdc0b5a9fd4a2e79b3918a571edeacb62211704637833?s=96&d=mm&r=g","url":"https:\/\/secure.gravatar.com\/avatar\/fee87e7af008f02e9becdc0b5a9fd4a2e79b3918a571edeacb62211704637833?s=96&d=mm&r=g","contentUrl":"https:\/\/secure.gravatar.com\/avatar\/fee87e7af008f02e9becdc0b5a9fd4a2e79b3918a571edeacb62211704637833?s=96&d=mm&r=g","caption":"impactocastex"},"sameAs":["https:\/\/impactocastex.com.ar\/"],"url":"https:\/\/impactocastex.com.ar\/?author=2"}]}},"jetpack_publicize_connections":[],"featured_image_urls":{"full":["https:\/\/impactocastex.com.ar\/wp-content\/uploads\/2026\/01\/Captura-de-pantalla-2026-01-22-095119.png",722,413,false],"thumbnail":["https:\/\/impactocastex.com.ar\/wp-content\/uploads\/2026\/01\/Captura-de-pantalla-2026-01-22-095119-150x150.png",150,150,true],"medium":["https:\/\/impactocastex.com.ar\/wp-content\/uploads\/2026\/01\/Captura-de-pantalla-2026-01-22-095119-300x172.png",300,172,true],"medium_large":["https:\/\/impactocastex.com.ar\/wp-content\/uploads\/2026\/01\/Captura-de-pantalla-2026-01-22-095119.png",640,366,false],"large":["https:\/\/impactocastex.com.ar\/wp-content\/uploads\/2026\/01\/Captura-de-pantalla-2026-01-22-095119.png",640,366,false],"1536x1536":["https:\/\/impactocastex.com.ar\/wp-content\/uploads\/2026\/01\/Captura-de-pantalla-2026-01-22-095119.png",722,413,false],"2048x2048":["https:\/\/impactocastex.com.ar\/wp-content\/uploads\/2026\/01\/Captura-de-pantalla-2026-01-22-095119.png",722,413,false],"newsever-slider-full":["https:\/\/impactocastex.com.ar\/wp-content\/uploads\/2026\/01\/Captura-de-pantalla-2026-01-22-095119.png",722,413,false],"newsever-featured":["https:\/\/impactocastex.com.ar\/wp-content\/uploads\/2026\/01\/Captura-de-pantalla-2026-01-22-095119.png",722,413,false],"newsever-medium":["https:\/\/impactocastex.com.ar\/wp-content\/uploads\/2026\/01\/Captura-de-pantalla-2026-01-22-095119-720x413.png",720,413,true]},"author_info":{"info":["impactocastex"]},"category_info":"<a href=\"https:\/\/impactocastex.com.ar\/?cat=88\" rel=\"category\">ESPECTACULOS<\/a>","tag_info":"ESPECTACULOS","comment_count":0,"jetpack_featured_media_url":"https:\/\/impactocastex.com.ar\/wp-content\/uploads\/2026\/01\/Captura-de-pantalla-2026-01-22-095119.png","jetpack_sharing_enabled":true,"jetpack_likes_enabled":true,"jetpack_shortlink":"https:\/\/wp.me\/p7sopA-2mI","_links":{"self":[{"href":"https:\/\/impactocastex.com.ar\/index.php?rest_route=\/wp\/v2\/posts\/9096","targetHints":{"allow":["GET"]}}],"collection":[{"href":"https:\/\/impactocastex.com.ar\/index.php?rest_route=\/wp\/v2\/posts"}],"about":[{"href":"https:\/\/impactocastex.com.ar\/index.php?rest_route=\/wp\/v2\/types\/post"}],"author":[{"embeddable":true,"href":"https:\/\/impactocastex.com.ar\/index.php?rest_route=\/wp\/v2\/users\/2"}],"replies":[{"embeddable":true,"href":"https:\/\/impactocastex.com.ar\/index.php?rest_route=%2Fwp%2Fv2%2Fcomments&post=9096"}],"version-history":[{"count":1,"href":"https:\/\/impactocastex.com.ar\/index.php?rest_route=\/wp\/v2\/posts\/9096\/revisions"}],"predecessor-version":[{"id":9098,"href":"https:\/\/impactocastex.com.ar\/index.php?rest_route=\/wp\/v2\/posts\/9096\/revisions\/9098"}],"wp:featuredmedia":[{"embeddable":true,"href":"https:\/\/impactocastex.com.ar\/index.php?rest_route=\/wp\/v2\/media\/9097"}],"wp:attachment":[{"href":"https:\/\/impactocastex.com.ar\/index.php?rest_route=%2Fwp%2Fv2%2Fmedia&parent=9096"}],"wp:term":[{"taxonomy":"category","embeddable":true,"href":"https:\/\/impactocastex.com.ar\/index.php?rest_route=%2Fwp%2Fv2%2Fcategories&post=9096"},{"taxonomy":"post_tag","embeddable":true,"href":"https:\/\/impactocastex.com.ar\/index.php?rest_route=%2Fwp%2Fv2%2Ftags&post=9096"}],"curies":[{"name":"wp","href":"https:\/\/api.w.org\/{rel}","templated":true}]}}