{"id":9071,"date":"2026-01-22T09:22:39","date_gmt":"2026-01-22T12:22:39","guid":{"rendered":"https:\/\/impactocastex.com.ar\/?p=9071"},"modified":"2026-01-22T09:22:41","modified_gmt":"2026-01-22T12:22:41","slug":"en-febrero-musica-en-la-plaza-conmemora-sus-30-anos-latiendo-en-el-corazon-de-la-pampa","status":"publish","type":"post","link":"https:\/\/impactocastex.com.ar\/?p=9071","title":{"rendered":"En febrero, M\u00fasica en la Plaza conmemora sus 30 a\u00f1os latiendo en el coraz\u00f3n de La Pampa"},"content":{"rendered":"\n<p>La plaza San Mart\u00edn ser\u00e1 nuevamente el escenario de jornadas musicales.<\/p>\n\n\n\n<p><strong><\/strong>Desde el domingo 1\u00b0 de febrero, la Plaza San Mart\u00edn se llena de m\u00fasica, artistas pampeanos y encuentros al aire libre. El ciclo de M\u00fasica en la Plaza celebra sus 30 a\u00f1os con cuatro domingos consecutivos de shows, verano y comunidad en la capital pampeana.<\/p>\n\n\n\n<p>La Municipalidad de Santa Rosa organiza una nueva edici\u00f3n de M\u00fasica en la Plaza, uno de los ciclos culturales m\u00e1s queridos de la ciudad, que este a\u00f1o celebra tres d\u00e9cadas de historia. Desde el domingo 1\u00b0 de febrero, la Plaza San Mart\u00edn ser\u00e1 nuevamente escenario de encuentros musicales que forman parte de la identidad cultural pampeana.<\/p>\n\n\n\n<p>El ciclo se desarrollar\u00e1 durante cuatro domingos consecutivos, reafirmando su lugar como un cl\u00e1sico del verano que convoca generaciones y transforma el espacio p\u00fablico en un punto de encuentro cercano y compartido. Cada jornada comenzar\u00e1 a las 20:30 horas y se extender\u00e1 hasta la medianoche, con una propuesta para disfrutar a pleno: reposera, mate, familia, amigos y m\u00fasica en vivo, en una plaza que vuelve a latir al ritmo de artistas pampeanos. Adem\u00e1s, la semipeatonal ser\u00e1 100% peatonal, permitiendo recorrer, encontrarse y vivir la propuesta con mayor comodidad y seguridad.<\/p>\n\n\n\n<p>Domingo 1\u00b0: una apertura que suena a historia y presente. El inicio de esta edici\u00f3n aniversario comenzar\u00e1 con las presentaciones de Juan Cruz Santa Juliana, Roberto Jacomuzzi, Chinche Molle, Entre Mujeres y Cumbia Cu\u00e1tica, una combinaci\u00f3n de estilos y generaciones que invita a escuchar, bailar y quedarse.7<\/p>\n\n\n\n<p>Sorteo a Villa Carlos Paz: el gran premio que se suma a la fiesta. Viajar tambi\u00e9n ser\u00e1 parte de M\u00fasica en la Plaza. El p\u00fablico podr\u00e1 participar del sorteo por un viaje para dos personas a Villa Carlos Paz, C\u00f3rdoba, a trav\u00e9s de una trivia. El premio es realizado por Ciclos Viajes y Turismo, que se suma a esta iniciativa. Habr\u00e1 c\u00f3digos QR distribuidos en distintos espacios de la plaza para acceder al juego, y tambi\u00e9n se podr\u00e1 participar ingresando en la web del Municipio: www.santarosa.gob.ar. Un premio que agrega expectativa en cada encuentro.<\/p>\n\n\n\n<p><strong>Cuatro domingos a full: conoc\u00e9 la grilla completa de artistas<\/strong><\/p>\n\n\n\n<p>Domingo 1\u00b0 de febrero<\/p>\n\n\n\n<p>&#8211; Juan Cruz Santa Juliana \/ Roberto Jacomuzzi<\/p>\n\n\n\n<p>&#8211; Chinche Molle<\/p>\n\n\n\n<p>&#8211; Entre Mujeres<\/p>\n\n\n\n<p>&#8211; Cumbia Cu\u00e1tica<\/p>\n\n\n\n<p><strong>Domingo 8 de febrero<\/strong><\/p>\n\n\n\n<p>&#8211; De Paso Tangazo<\/p>\n\n\n\n<p>&#8211; Tributo a los Redondos<\/p>\n\n\n\n<p>&#8211; Grito Pampa (General Acha)<\/p>\n\n\n\n<p>&#8211; Los Caldenes<\/p>\n\n\n\n<p><strong>&nbsp;Domingo 15 de febrero<\/strong><\/p>\n\n\n\n<p>&#8211; Monoambiente<\/p>\n\n\n\n<p>&#8211; No Tangente<\/p>\n\n\n\n<p>&#8211; Encuentro Ballet (Toay)<\/p>\n\n\n\n<p>&#8211; Los Jarillales<\/p>\n\n\n\n<p><strong>Domingo 22 de febrero<\/strong><\/p>\n\n\n\n<p>&#8211; Mat\u00edas Godoy<\/p>\n\n\n\n<p>&#8211; La Banda Fina<\/p>\n\n\n\n<p>&#8211; Compa\u00f1\u00eda C-Show (Santa Rosa)<\/p>\n\n\n\n<p>&#8211; Rey Momo<\/p>\n\n\n\n<p>Cuidar y valorar el patrimonio cultural. Este ciclo musical tambi\u00e9n representa una oportunidad para reafirmar el cuidado del espacio p\u00fablico como patrimonio cultural. Se invita a disfrutar de la propuesta con responsabilidad, respetando la vegetaci\u00f3n, el mobiliario urbano y el entorno de la Plaza San Mart\u00edn, para que siga siendo un lugar vivo, cuidado y elegido por vecinas, vecinos y turistas.<\/p>\n\n\n\n<p>30 a\u00f1os latiendo en el coraz\u00f3n de La Pampa. M\u00fasica en la Plaza vuelve el domingo 1\u00b0 de febrero para reunir verano, comunidad y ganas de disfrutar. Todo est\u00e1 listo para encontrarnos: tra\u00e9 tu mate, tu reposera y las ganas de pasarla bien. En Santa Rosa, hay plan para tus planes.<\/p>\n\n\n\n<p>eldiariodelapampa<\/p>\n","protected":false},"excerpt":{"rendered":"<p>La plaza San Mart\u00edn ser\u00e1 nuevamente el escenario de jornadas musicales. Desde el domingo 1\u00b0&#8230;<\/p>\n","protected":false},"author":2,"featured_media":9072,"comment_status":"closed","ping_status":"closed","sticky":false,"template":"","format":"standard","meta":{"_jetpack_memberships_contains_paid_content":false,"footnotes":"","jetpack_publicize_message":"En febrero, M\u00fasica en la Plaza conmemora sus 30 a\u00f1os latiendo en el coraz\u00f3n de La Pampa","jetpack_publicize_feature_enabled":true,"jetpack_social_post_already_shared":false,"jetpack_social_options":{"image_generator_settings":{"template":"highway","default_image_id":0,"font":"","enabled":false},"version":2}},"categories":[83],"tags":[],"class_list":["post-9071","post","type-post","status-publish","format-standard","has-post-thumbnail","hentry","category-la-pampa"],"yoast_head":"<!-- This site is optimized with the Yoast SEO plugin v27.4 - https:\/\/yoast.com\/product\/yoast-seo-wordpress\/ -->\n<title>En febrero, M\u00fasica en la Plaza conmemora sus 30 a\u00f1os latiendo en el coraz\u00f3n de La Pampa -<\/title>\n<meta name=\"robots\" content=\"index, follow, max-snippet:-1, max-image-preview:large, max-video-preview:-1\" \/>\n<link rel=\"canonical\" href=\"https:\/\/impactocastex.com.ar\/?p=9071\" \/>\n<meta property=\"og:locale\" content=\"es_ES\" \/>\n<meta property=\"og:type\" content=\"article\" \/>\n<meta property=\"og:title\" content=\"En febrero, M\u00fasica en la Plaza conmemora sus 30 a\u00f1os latiendo en el coraz\u00f3n de La Pampa -\" \/>\n<meta property=\"og:description\" content=\"La plaza San Mart\u00edn ser\u00e1 nuevamente el escenario de jornadas musicales. Desde el domingo 1\u00b0...\" \/>\n<meta property=\"og:url\" content=\"https:\/\/impactocastex.com.ar\/?p=9071\" \/>\n<meta property=\"article:publisher\" content=\"https:\/\/www.facebook.com\/impactocastexdiario\" \/>\n<meta property=\"article:published_time\" content=\"2026-01-22T12:22:39+00:00\" \/>\n<meta property=\"article:modified_time\" content=\"2026-01-22T12:22:41+00:00\" \/>\n<meta property=\"og:image\" content=\"https:\/\/impactocastex.com.ar\/wp-content\/uploads\/2026\/01\/2133246.jpg\" \/>\n\t<meta property=\"og:image:width\" content=\"1200\" \/>\n\t<meta property=\"og:image:height\" content=\"631\" \/>\n\t<meta property=\"og:image:type\" content=\"image\/jpeg\" \/>\n<meta name=\"author\" content=\"impactocastex\" \/>\n<meta name=\"twitter:card\" content=\"summary_large_image\" \/>\n<meta name=\"twitter:label1\" content=\"Escrito por\" \/>\n\t<meta name=\"twitter:data1\" content=\"impactocastex\" \/>\n\t<meta name=\"twitter:label2\" content=\"Tiempo de lectura\" \/>\n\t<meta name=\"twitter:data2\" content=\"3 minutos\" \/>\n<script type=\"application\/ld+json\" class=\"yoast-schema-graph\">{\"@context\":\"https:\\\/\\\/schema.org\",\"@graph\":[{\"@type\":\"Article\",\"@id\":\"https:\\\/\\\/impactocastex.com.ar\\\/?p=9071#article\",\"isPartOf\":{\"@id\":\"https:\\\/\\\/impactocastex.com.ar\\\/?p=9071\"},\"author\":{\"name\":\"impactocastex\",\"@id\":\"https:\\\/\\\/impactocastex.com.ar\\\/#\\\/schema\\\/person\\\/c115028fb60f9bf49ce7550894b84ea7\"},\"headline\":\"En febrero, M\u00fasica en la Plaza conmemora sus 30 a\u00f1os latiendo en el coraz\u00f3n de La Pampa\",\"datePublished\":\"2026-01-22T12:22:39+00:00\",\"dateModified\":\"2026-01-22T12:22:41+00:00\",\"mainEntityOfPage\":{\"@id\":\"https:\\\/\\\/impactocastex.com.ar\\\/?p=9071\"},\"wordCount\":588,\"publisher\":{\"@id\":\"https:\\\/\\\/impactocastex.com.ar\\\/#organization\"},\"image\":{\"@id\":\"https:\\\/\\\/impactocastex.com.ar\\\/?p=9071#primaryimage\"},\"thumbnailUrl\":\"https:\\\/\\\/impactocastex.com.ar\\\/wp-content\\\/uploads\\\/2026\\\/01\\\/2133246.jpg\",\"articleSection\":[\"LA PAMPA\"],\"inLanguage\":\"es\"},{\"@type\":\"WebPage\",\"@id\":\"https:\\\/\\\/impactocastex.com.ar\\\/?p=9071\",\"url\":\"https:\\\/\\\/impactocastex.com.ar\\\/?p=9071\",\"name\":\"En febrero, M\u00fasica en la Plaza conmemora sus 30 a\u00f1os latiendo en el coraz\u00f3n de La Pampa -\",\"isPartOf\":{\"@id\":\"https:\\\/\\\/impactocastex.com.ar\\\/#website\"},\"primaryImageOfPage\":{\"@id\":\"https:\\\/\\\/impactocastex.com.ar\\\/?p=9071#primaryimage\"},\"image\":{\"@id\":\"https:\\\/\\\/impactocastex.com.ar\\\/?p=9071#primaryimage\"},\"thumbnailUrl\":\"https:\\\/\\\/impactocastex.com.ar\\\/wp-content\\\/uploads\\\/2026\\\/01\\\/2133246.jpg\",\"datePublished\":\"2026-01-22T12:22:39+00:00\",\"dateModified\":\"2026-01-22T12:22:41+00:00\",\"breadcrumb\":{\"@id\":\"https:\\\/\\\/impactocastex.com.ar\\\/?p=9071#breadcrumb\"},\"inLanguage\":\"es\",\"potentialAction\":[{\"@type\":\"ReadAction\",\"target\":[\"https:\\\/\\\/impactocastex.com.ar\\\/?p=9071\"]}]},{\"@type\":\"ImageObject\",\"inLanguage\":\"es\",\"@id\":\"https:\\\/\\\/impactocastex.com.ar\\\/?p=9071#primaryimage\",\"url\":\"https:\\\/\\\/impactocastex.com.ar\\\/wp-content\\\/uploads\\\/2026\\\/01\\\/2133246.jpg\",\"contentUrl\":\"https:\\\/\\\/impactocastex.com.ar\\\/wp-content\\\/uploads\\\/2026\\\/01\\\/2133246.jpg\",\"width\":1200,\"height\":631},{\"@type\":\"BreadcrumbList\",\"@id\":\"https:\\\/\\\/impactocastex.com.ar\\\/?p=9071#breadcrumb\",\"itemListElement\":[{\"@type\":\"ListItem\",\"position\":1,\"name\":\"Portada\",\"item\":\"https:\\\/\\\/impactocastex.com.ar\\\/\"},{\"@type\":\"ListItem\",\"position\":2,\"name\":\"En febrero, M\u00fasica en la Plaza conmemora sus 30 a\u00f1os latiendo en el coraz\u00f3n de La Pampa\"}]},{\"@type\":\"WebSite\",\"@id\":\"https:\\\/\\\/impactocastex.com.ar\\\/#website\",\"url\":\"https:\\\/\\\/impactocastex.com.ar\\\/\",\"name\":\"Impacto Castex\",\"description\":\"\",\"publisher\":{\"@id\":\"https:\\\/\\\/impactocastex.com.ar\\\/#organization\"},\"potentialAction\":[{\"@type\":\"SearchAction\",\"target\":{\"@type\":\"EntryPoint\",\"urlTemplate\":\"https:\\\/\\\/impactocastex.com.ar\\\/?s={search_term_string}\"},\"query-input\":{\"@type\":\"PropertyValueSpecification\",\"valueRequired\":true,\"valueName\":\"search_term_string\"}}],\"inLanguage\":\"es\"},{\"@type\":\"Organization\",\"@id\":\"https:\\\/\\\/impactocastex.com.ar\\\/#organization\",\"name\":\"Impacto Castex\",\"url\":\"https:\\\/\\\/impactocastex.com.ar\\\/\",\"logo\":{\"@type\":\"ImageObject\",\"inLanguage\":\"es\",\"@id\":\"https:\\\/\\\/impactocastex.com.ar\\\/#\\\/schema\\\/logo\\\/image\\\/\",\"url\":\"https:\\\/\\\/impactocastex.com.ar\\\/wp-content\\\/uploads\\\/2025\\\/09\\\/cropped-icoweb.png\",\"contentUrl\":\"https:\\\/\\\/impactocastex.com.ar\\\/wp-content\\\/uploads\\\/2025\\\/09\\\/cropped-icoweb.png\",\"width\":512,\"height\":512,\"caption\":\"Impacto Castex\"},\"image\":{\"@id\":\"https:\\\/\\\/impactocastex.com.ar\\\/#\\\/schema\\\/logo\\\/image\\\/\"},\"sameAs\":[\"https:\\\/\\\/www.facebook.com\\\/impactocastexdiario\",\"https:\\\/\\\/www.instagram.com\\\/impactocastex.com.ar\\\/\"]},{\"@type\":\"Person\",\"@id\":\"https:\\\/\\\/impactocastex.com.ar\\\/#\\\/schema\\\/person\\\/c115028fb60f9bf49ce7550894b84ea7\",\"name\":\"impactocastex\",\"image\":{\"@type\":\"ImageObject\",\"inLanguage\":\"es\",\"@id\":\"https:\\\/\\\/secure.gravatar.com\\\/avatar\\\/fee87e7af008f02e9becdc0b5a9fd4a2e79b3918a571edeacb62211704637833?s=96&d=mm&r=g\",\"url\":\"https:\\\/\\\/secure.gravatar.com\\\/avatar\\\/fee87e7af008f02e9becdc0b5a9fd4a2e79b3918a571edeacb62211704637833?s=96&d=mm&r=g\",\"contentUrl\":\"https:\\\/\\\/secure.gravatar.com\\\/avatar\\\/fee87e7af008f02e9becdc0b5a9fd4a2e79b3918a571edeacb62211704637833?s=96&d=mm&r=g\",\"caption\":\"impactocastex\"},\"sameAs\":[\"https:\\\/\\\/impactocastex.com.ar\\\/\"],\"url\":\"https:\\\/\\\/impactocastex.com.ar\\\/?author=2\"}]}<\/script>\n<!-- \/ Yoast SEO plugin. -->","yoast_head_json":{"title":"En febrero, M\u00fasica en la Plaza conmemora sus 30 a\u00f1os latiendo en el coraz\u00f3n de La Pampa -","robots":{"index":"index","follow":"follow","max-snippet":"max-snippet:-1","max-image-preview":"max-image-preview:large","max-video-preview":"max-video-preview:-1"},"canonical":"https:\/\/impactocastex.com.ar\/?p=9071","og_locale":"es_ES","og_type":"article","og_title":"En febrero, M\u00fasica en la Plaza conmemora sus 30 a\u00f1os latiendo en el coraz\u00f3n de La Pampa -","og_description":"La plaza San Mart\u00edn ser\u00e1 nuevamente el escenario de jornadas musicales. Desde el domingo 1\u00b0...","og_url":"https:\/\/impactocastex.com.ar\/?p=9071","article_publisher":"https:\/\/www.facebook.com\/impactocastexdiario","article_published_time":"2026-01-22T12:22:39+00:00","article_modified_time":"2026-01-22T12:22:41+00:00","og_image":[{"width":1200,"height":631,"url":"https:\/\/impactocastex.com.ar\/wp-content\/uploads\/2026\/01\/2133246.jpg","type":"image\/jpeg"}],"author":"impactocastex","twitter_card":"summary_large_image","twitter_misc":{"Escrito por":"impactocastex","Tiempo de lectura":"3 minutos"},"schema":{"@context":"https:\/\/schema.org","@graph":[{"@type":"Article","@id":"https:\/\/impactocastex.com.ar\/?p=9071#article","isPartOf":{"@id":"https:\/\/impactocastex.com.ar\/?p=9071"},"author":{"name":"impactocastex","@id":"https:\/\/impactocastex.com.ar\/#\/schema\/person\/c115028fb60f9bf49ce7550894b84ea7"},"headline":"En febrero, M\u00fasica en la Plaza conmemora sus 30 a\u00f1os latiendo en el coraz\u00f3n de La Pampa","datePublished":"2026-01-22T12:22:39+00:00","dateModified":"2026-01-22T12:22:41+00:00","mainEntityOfPage":{"@id":"https:\/\/impactocastex.com.ar\/?p=9071"},"wordCount":588,"publisher":{"@id":"https:\/\/impactocastex.com.ar\/#organization"},"image":{"@id":"https:\/\/impactocastex.com.ar\/?p=9071#primaryimage"},"thumbnailUrl":"https:\/\/impactocastex.com.ar\/wp-content\/uploads\/2026\/01\/2133246.jpg","articleSection":["LA PAMPA"],"inLanguage":"es"},{"@type":"WebPage","@id":"https:\/\/impactocastex.com.ar\/?p=9071","url":"https:\/\/impactocastex.com.ar\/?p=9071","name":"En febrero, M\u00fasica en la Plaza conmemora sus 30 a\u00f1os latiendo en el coraz\u00f3n de La Pampa -","isPartOf":{"@id":"https:\/\/impactocastex.com.ar\/#website"},"primaryImageOfPage":{"@id":"https:\/\/impactocastex.com.ar\/?p=9071#primaryimage"},"image":{"@id":"https:\/\/impactocastex.com.ar\/?p=9071#primaryimage"},"thumbnailUrl":"https:\/\/impactocastex.com.ar\/wp-content\/uploads\/2026\/01\/2133246.jpg","datePublished":"2026-01-22T12:22:39+00:00","dateModified":"2026-01-22T12:22:41+00:00","breadcrumb":{"@id":"https:\/\/impactocastex.com.ar\/?p=9071#breadcrumb"},"inLanguage":"es","potentialAction":[{"@type":"ReadAction","target":["https:\/\/impactocastex.com.ar\/?p=9071"]}]},{"@type":"ImageObject","inLanguage":"es","@id":"https:\/\/impactocastex.com.ar\/?p=9071#primaryimage","url":"https:\/\/impactocastex.com.ar\/wp-content\/uploads\/2026\/01\/2133246.jpg","contentUrl":"https:\/\/impactocastex.com.ar\/wp-content\/uploads\/2026\/01\/2133246.jpg","width":1200,"height":631},{"@type":"BreadcrumbList","@id":"https:\/\/impactocastex.com.ar\/?p=9071#breadcrumb","itemListElement":[{"@type":"ListItem","position":1,"name":"Portada","item":"https:\/\/impactocastex.com.ar\/"},{"@type":"ListItem","position":2,"name":"En febrero, M\u00fasica en la Plaza conmemora sus 30 a\u00f1os latiendo en el coraz\u00f3n de La Pampa"}]},{"@type":"WebSite","@id":"https:\/\/impactocastex.com.ar\/#website","url":"https:\/\/impactocastex.com.ar\/","name":"Impacto Castex","description":"","publisher":{"@id":"https:\/\/impactocastex.com.ar\/#organization"},"potentialAction":[{"@type":"SearchAction","target":{"@type":"EntryPoint","urlTemplate":"https:\/\/impactocastex.com.ar\/?s={search_term_string}"},"query-input":{"@type":"PropertyValueSpecification","valueRequired":true,"valueName":"search_term_string"}}],"inLanguage":"es"},{"@type":"Organization","@id":"https:\/\/impactocastex.com.ar\/#organization","name":"Impacto Castex","url":"https:\/\/impactocastex.com.ar\/","logo":{"@type":"ImageObject","inLanguage":"es","@id":"https:\/\/impactocastex.com.ar\/#\/schema\/logo\/image\/","url":"https:\/\/impactocastex.com.ar\/wp-content\/uploads\/2025\/09\/cropped-icoweb.png","contentUrl":"https:\/\/impactocastex.com.ar\/wp-content\/uploads\/2025\/09\/cropped-icoweb.png","width":512,"height":512,"caption":"Impacto Castex"},"image":{"@id":"https:\/\/impactocastex.com.ar\/#\/schema\/logo\/image\/"},"sameAs":["https:\/\/www.facebook.com\/impactocastexdiario","https:\/\/www.instagram.com\/impactocastex.com.ar\/"]},{"@type":"Person","@id":"https:\/\/impactocastex.com.ar\/#\/schema\/person\/c115028fb60f9bf49ce7550894b84ea7","name":"impactocastex","image":{"@type":"ImageObject","inLanguage":"es","@id":"https:\/\/secure.gravatar.com\/avatar\/fee87e7af008f02e9becdc0b5a9fd4a2e79b3918a571edeacb62211704637833?s=96&d=mm&r=g","url":"https:\/\/secure.gravatar.com\/avatar\/fee87e7af008f02e9becdc0b5a9fd4a2e79b3918a571edeacb62211704637833?s=96&d=mm&r=g","contentUrl":"https:\/\/secure.gravatar.com\/avatar\/fee87e7af008f02e9becdc0b5a9fd4a2e79b3918a571edeacb62211704637833?s=96&d=mm&r=g","caption":"impactocastex"},"sameAs":["https:\/\/impactocastex.com.ar\/"],"url":"https:\/\/impactocastex.com.ar\/?author=2"}]}},"jetpack_publicize_connections":[],"featured_image_urls":{"full":["https:\/\/impactocastex.com.ar\/wp-content\/uploads\/2026\/01\/2133246.jpg",1200,631,false],"thumbnail":["https:\/\/impactocastex.com.ar\/wp-content\/uploads\/2026\/01\/2133246-150x150.jpg",150,150,true],"medium":["https:\/\/impactocastex.com.ar\/wp-content\/uploads\/2026\/01\/2133246-300x158.jpg",300,158,true],"medium_large":["https:\/\/impactocastex.com.ar\/wp-content\/uploads\/2026\/01\/2133246-768x404.jpg",640,337,true],"large":["https:\/\/impactocastex.com.ar\/wp-content\/uploads\/2026\/01\/2133246-1024x538.jpg",640,336,true],"1536x1536":["https:\/\/impactocastex.com.ar\/wp-content\/uploads\/2026\/01\/2133246.jpg",1200,631,false],"2048x2048":["https:\/\/impactocastex.com.ar\/wp-content\/uploads\/2026\/01\/2133246.jpg",1200,631,false],"newsever-slider-full":["https:\/\/impactocastex.com.ar\/wp-content\/uploads\/2026\/01\/2133246.jpg",1200,631,false],"newsever-featured":["https:\/\/impactocastex.com.ar\/wp-content\/uploads\/2026\/01\/2133246-1024x538.jpg",1024,538,true],"newsever-medium":["https:\/\/impactocastex.com.ar\/wp-content\/uploads\/2026\/01\/2133246-720x475.jpg",720,475,true]},"author_info":{"info":["impactocastex"]},"category_info":"<a href=\"https:\/\/impactocastex.com.ar\/?cat=83\" rel=\"category\">LA PAMPA<\/a>","tag_info":"LA PAMPA","comment_count":0,"jetpack_featured_media_url":"https:\/\/impactocastex.com.ar\/wp-content\/uploads\/2026\/01\/2133246.jpg","jetpack_sharing_enabled":true,"jetpack_likes_enabled":true,"jetpack_shortlink":"https:\/\/wp.me\/p7sopA-2mj","_links":{"self":[{"href":"https:\/\/impactocastex.com.ar\/index.php?rest_route=\/wp\/v2\/posts\/9071","targetHints":{"allow":["GET"]}}],"collection":[{"href":"https:\/\/impactocastex.com.ar\/index.php?rest_route=\/wp\/v2\/posts"}],"about":[{"href":"https:\/\/impactocastex.com.ar\/index.php?rest_route=\/wp\/v2\/types\/post"}],"author":[{"embeddable":true,"href":"https:\/\/impactocastex.com.ar\/index.php?rest_route=\/wp\/v2\/users\/2"}],"replies":[{"embeddable":true,"href":"https:\/\/impactocastex.com.ar\/index.php?rest_route=%2Fwp%2Fv2%2Fcomments&post=9071"}],"version-history":[{"count":1,"href":"https:\/\/impactocastex.com.ar\/index.php?rest_route=\/wp\/v2\/posts\/9071\/revisions"}],"predecessor-version":[{"id":9073,"href":"https:\/\/impactocastex.com.ar\/index.php?rest_route=\/wp\/v2\/posts\/9071\/revisions\/9073"}],"wp:featuredmedia":[{"embeddable":true,"href":"https:\/\/impactocastex.com.ar\/index.php?rest_route=\/wp\/v2\/media\/9072"}],"wp:attachment":[{"href":"https:\/\/impactocastex.com.ar\/index.php?rest_route=%2Fwp%2Fv2%2Fmedia&parent=9071"}],"wp:term":[{"taxonomy":"category","embeddable":true,"href":"https:\/\/impactocastex.com.ar\/index.php?rest_route=%2Fwp%2Fv2%2Fcategories&post=9071"},{"taxonomy":"post_tag","embeddable":true,"href":"https:\/\/impactocastex.com.ar\/index.php?rest_route=%2Fwp%2Fv2%2Ftags&post=9071"}],"curies":[{"name":"wp","href":"https:\/\/api.w.org\/{rel}","templated":true}]}}