{"id":9062,"date":"2026-01-22T09:12:48","date_gmt":"2026-01-22T12:12:48","guid":{"rendered":"https:\/\/impactocastex.com.ar\/?p=9062"},"modified":"2026-01-22T09:12:48","modified_gmt":"2026-01-22T12:12:48","slug":"fiestas-populares-y-propuestas-culturales-marcan-la-agenda-de-verano-en-la-pampa","status":"publish","type":"post","link":"https:\/\/impactocastex.com.ar\/?p=9062","title":{"rendered":"Fiestas populares y propuestas culturales marcan la agenda de verano en La Pampa"},"content":{"rendered":"\n<p>Las fiestas populares son el epicentro de la actividad cultural en verano en la provincia.<\/p>\n\n\n\n<p><strong><\/strong>Durante enero y febrero, distintas localidades concentrar\u00e1n festivales tradicionales, espect\u00e1culos musicales, exposiciones y actividades culturales, con una programaci\u00f3n que se desarrollar\u00e1 en Ing. Luiggi, Guatrach\u00e9, Intendente Alvear, Victorica y Toay.<\/p>\n\n\n\n<p>La agenda cultural de verano en La Pampa tendr\u00e1 a las fiestas populares como principal eje durante las pr\u00f3ximas semanas, con actividades programadas en distintas localidades de la provincia y una amplia oferta de espect\u00e1culos musicales, propuestas tradicionales y espacios culturales abiertos al p\u00fablico.<\/p>\n\n\n\n<p>Durante enero y febrero, el calendario incluye celebraciones provinciales y nacionales, festivales folkl\u00f3ricos, exposiciones art\u00edsticas y muestras muse\u00edsticas en Santa Rosa, Toay, Ingeniero Luiggi, Guatrach\u00e9, Intendente Alvear y Victorica, con actividades pensadas para p\u00fablicos diversos y con acceso gratuito en la mayor\u00eda de los casos, seg\u00fan la programaci\u00f3n oficial difundida.<\/p>\n\n\n\n<p>En Ingeniero Luiggi, entre el viernes 23 y el domingo 25, se desarrollar\u00e1 la 52\u00b0 Fiesta Provincial del Caballo y la Tradici\u00f3n en el predio del Club Social y Deportivo Costa Brava. La propuesta incluir\u00e1 espect\u00e1culos musicales durante las tres jornadas, feria de artesanos y patio de comidas. El viernes se presentar\u00e1n La Chispa, Luciano Ciganda, Mat\u00edas Valdez, Francisco Charco, Valentina Olgu\u00edn y el DJ Tob\u00edas Segovia. El s\u00e1bado, en el escenario \u00abHern\u00e1n Figueroa Reyes\u00bb, actuar\u00e1n La Maruja Ballet, Juan Fuentes, DJ Milton y la Banda Mix. El domingo cerrar\u00e1n Fusi\u00f3n Pampa, DJ Milton y Los Cald\u00e9nes.<\/p>\n\n\n\n<p>En Guatrach\u00e9, del viernes 30 al domingo 1\u00b0 de febrero, el Parque Recreativo Samuel Novick ser\u00e1 sede de la 31\u00b0 Fiesta Provincial del Turismo, con camping, feria de artesanos y patio de comidas. El viernes se presentar\u00e1n DJ Matuiter y El Turko al Corte; el s\u00e1bado actuar\u00e1n Banda al Rojo Vivo, Los Totora, Zoom (homenaje a Soda Stereo), Mart\u00edn Fornero y Lautyy DJ; y el domingo se realizar\u00e1 un baile popular con Lucas Moggia.<\/p>\n\n\n\n<p>Por su parte, Intendente Alvear ser\u00e1 escenario del 57\u00b0 Festival Nacional de Doma y Folklore, con actividades el s\u00e1bado 31 de enero y el s\u00e1bado 7 de febrero, en el predio del Club Social y Atl\u00e9tico Ferro Carril Oeste. En la noche inaugural se presentar\u00e1n artistas pampeanos, Los Nombradores del Alba y Valentina M\u00e1rquez, mientras que el cierre del festival contar\u00e1 con la actuaci\u00f3n de Luciano Pereyra.<\/p>\n\n\n\n<p>En febrero, Victorica celebrar\u00e1 del viernes 6 al domingo 8 la 53\u00b0 Fiesta Nacional de la Ganader\u00eda del Oeste Pampeano. La programaci\u00f3n incluir\u00e1 espect\u00e1culos musicales, desfile tradicional en el Parque Los Pisaderos, feria de artesanos y patio de comidas. Entre los artistas confirmados figuran Tr\u00edo Voces, Juli\u00e1n Oderiz, Piko Frank, LBC, Eugenia Quevedo, El Entrevero, La Clave Tr\u00edo, El Chaque\u00f1o Palavecino y Los Herrera, adem\u00e1s de DJs y animadores en cada jornada.<\/p>\n\n\n\n<p>En Santa Rosa, la Secretar\u00eda de Cultura mantendr\u00e1 abiertas distintas exposiciones durante enero. En el Centro de Artes, se podr\u00e1 visitar la muestra fotogr\u00e1fica \u00abEl Otro Monte\u00bb, de Julieta Schab, mientras que el Museo Provincial de Artes presentar\u00e1 la exposici\u00f3n homenaje \u00abAndr\u00e9s Arcuri, el pintor de la tierra\u00bb y la instalaci\u00f3n \u00abLa Pieza Rosa\u00bb, de Paola Sferco. En el Museo Provincial de Historia Natural continuar\u00e1 la muestra \u00abMPHN 90 a\u00f1os: las colecciones\u00bb y la exposici\u00f3n permanente \u00abNaturaleza y Cultura\u00bb. Todas las propuestas tienen acceso libre y gratuito.<\/p>\n\n\n\n<p>Finalmente, en Toay, la Casa Museo Olga Orozco ofrecer\u00e1 recorridos autoguiados diarios, con una sala educativa abierta al p\u00fablico.<\/p>\n\n\n\n<p>eldiariodelapampa<\/p>\n","protected":false},"excerpt":{"rendered":"<p>Las fiestas populares son el epicentro de la actividad cultural en verano en la provincia&#8230;.<\/p>\n","protected":false},"author":2,"featured_media":9063,"comment_status":"closed","ping_status":"closed","sticky":false,"template":"","format":"standard","meta":{"_jetpack_memberships_contains_paid_content":false,"footnotes":"","jetpack_publicize_message":"Fiestas populares y propuestas culturales marcan la agenda de verano en La Pampa","jetpack_publicize_feature_enabled":true,"jetpack_social_post_already_shared":false,"jetpack_social_options":{"image_generator_settings":{"template":"highway","default_image_id":0,"font":"","enabled":false},"version":2}},"categories":[83],"tags":[],"class_list":["post-9062","post","type-post","status-publish","format-standard","has-post-thumbnail","hentry","category-la-pampa"],"yoast_head":"<!-- This site is optimized with the Yoast SEO plugin v27.4 - https:\/\/yoast.com\/product\/yoast-seo-wordpress\/ -->\n<title>Fiestas populares y propuestas culturales marcan la agenda de verano en La Pampa -<\/title>\n<meta name=\"robots\" content=\"index, follow, max-snippet:-1, max-image-preview:large, max-video-preview:-1\" \/>\n<link rel=\"canonical\" href=\"https:\/\/impactocastex.com.ar\/?p=9062\" \/>\n<meta property=\"og:locale\" content=\"es_ES\" \/>\n<meta property=\"og:type\" content=\"article\" \/>\n<meta property=\"og:title\" content=\"Fiestas populares y propuestas culturales marcan la agenda de verano en La Pampa -\" \/>\n<meta property=\"og:description\" content=\"Las fiestas populares son el epicentro de la actividad cultural en verano en la provincia....\" \/>\n<meta property=\"og:url\" content=\"https:\/\/impactocastex.com.ar\/?p=9062\" \/>\n<meta property=\"article:publisher\" content=\"https:\/\/www.facebook.com\/impactocastexdiario\" \/>\n<meta property=\"article:published_time\" content=\"2026-01-22T12:12:48+00:00\" \/>\n<meta property=\"og:image\" content=\"https:\/\/impactocastex.com.ar\/wp-content\/uploads\/2026\/01\/2133258.jpg\" \/>\n\t<meta property=\"og:image:width\" content=\"1200\" \/>\n\t<meta property=\"og:image:height\" content=\"631\" \/>\n\t<meta property=\"og:image:type\" content=\"image\/jpeg\" \/>\n<meta name=\"author\" content=\"impactocastex\" \/>\n<meta name=\"twitter:card\" content=\"summary_large_image\" \/>\n<meta name=\"twitter:label1\" content=\"Escrito por\" \/>\n\t<meta name=\"twitter:data1\" content=\"impactocastex\" \/>\n\t<meta name=\"twitter:label2\" content=\"Tiempo de lectura\" \/>\n\t<meta name=\"twitter:data2\" content=\"3 minutos\" \/>\n<script type=\"application\/ld+json\" class=\"yoast-schema-graph\">{\"@context\":\"https:\\\/\\\/schema.org\",\"@graph\":[{\"@type\":\"Article\",\"@id\":\"https:\\\/\\\/impactocastex.com.ar\\\/?p=9062#article\",\"isPartOf\":{\"@id\":\"https:\\\/\\\/impactocastex.com.ar\\\/?p=9062\"},\"author\":{\"name\":\"impactocastex\",\"@id\":\"https:\\\/\\\/impactocastex.com.ar\\\/#\\\/schema\\\/person\\\/c115028fb60f9bf49ce7550894b84ea7\"},\"headline\":\"Fiestas populares y propuestas culturales marcan la agenda de verano en La Pampa\",\"datePublished\":\"2026-01-22T12:12:48+00:00\",\"mainEntityOfPage\":{\"@id\":\"https:\\\/\\\/impactocastex.com.ar\\\/?p=9062\"},\"wordCount\":607,\"publisher\":{\"@id\":\"https:\\\/\\\/impactocastex.com.ar\\\/#organization\"},\"image\":{\"@id\":\"https:\\\/\\\/impactocastex.com.ar\\\/?p=9062#primaryimage\"},\"thumbnailUrl\":\"https:\\\/\\\/impactocastex.com.ar\\\/wp-content\\\/uploads\\\/2026\\\/01\\\/2133258.jpg\",\"articleSection\":[\"LA PAMPA\"],\"inLanguage\":\"es\"},{\"@type\":\"WebPage\",\"@id\":\"https:\\\/\\\/impactocastex.com.ar\\\/?p=9062\",\"url\":\"https:\\\/\\\/impactocastex.com.ar\\\/?p=9062\",\"name\":\"Fiestas populares y propuestas culturales marcan la agenda de verano en La Pampa -\",\"isPartOf\":{\"@id\":\"https:\\\/\\\/impactocastex.com.ar\\\/#website\"},\"primaryImageOfPage\":{\"@id\":\"https:\\\/\\\/impactocastex.com.ar\\\/?p=9062#primaryimage\"},\"image\":{\"@id\":\"https:\\\/\\\/impactocastex.com.ar\\\/?p=9062#primaryimage\"},\"thumbnailUrl\":\"https:\\\/\\\/impactocastex.com.ar\\\/wp-content\\\/uploads\\\/2026\\\/01\\\/2133258.jpg\",\"datePublished\":\"2026-01-22T12:12:48+00:00\",\"breadcrumb\":{\"@id\":\"https:\\\/\\\/impactocastex.com.ar\\\/?p=9062#breadcrumb\"},\"inLanguage\":\"es\",\"potentialAction\":[{\"@type\":\"ReadAction\",\"target\":[\"https:\\\/\\\/impactocastex.com.ar\\\/?p=9062\"]}]},{\"@type\":\"ImageObject\",\"inLanguage\":\"es\",\"@id\":\"https:\\\/\\\/impactocastex.com.ar\\\/?p=9062#primaryimage\",\"url\":\"https:\\\/\\\/impactocastex.com.ar\\\/wp-content\\\/uploads\\\/2026\\\/01\\\/2133258.jpg\",\"contentUrl\":\"https:\\\/\\\/impactocastex.com.ar\\\/wp-content\\\/uploads\\\/2026\\\/01\\\/2133258.jpg\",\"width\":1200,\"height\":631},{\"@type\":\"BreadcrumbList\",\"@id\":\"https:\\\/\\\/impactocastex.com.ar\\\/?p=9062#breadcrumb\",\"itemListElement\":[{\"@type\":\"ListItem\",\"position\":1,\"name\":\"Portada\",\"item\":\"https:\\\/\\\/impactocastex.com.ar\\\/\"},{\"@type\":\"ListItem\",\"position\":2,\"name\":\"Fiestas populares y propuestas culturales marcan la agenda de verano en La Pampa\"}]},{\"@type\":\"WebSite\",\"@id\":\"https:\\\/\\\/impactocastex.com.ar\\\/#website\",\"url\":\"https:\\\/\\\/impactocastex.com.ar\\\/\",\"name\":\"Impacto Castex\",\"description\":\"\",\"publisher\":{\"@id\":\"https:\\\/\\\/impactocastex.com.ar\\\/#organization\"},\"potentialAction\":[{\"@type\":\"SearchAction\",\"target\":{\"@type\":\"EntryPoint\",\"urlTemplate\":\"https:\\\/\\\/impactocastex.com.ar\\\/?s={search_term_string}\"},\"query-input\":{\"@type\":\"PropertyValueSpecification\",\"valueRequired\":true,\"valueName\":\"search_term_string\"}}],\"inLanguage\":\"es\"},{\"@type\":\"Organization\",\"@id\":\"https:\\\/\\\/impactocastex.com.ar\\\/#organization\",\"name\":\"Impacto Castex\",\"url\":\"https:\\\/\\\/impactocastex.com.ar\\\/\",\"logo\":{\"@type\":\"ImageObject\",\"inLanguage\":\"es\",\"@id\":\"https:\\\/\\\/impactocastex.com.ar\\\/#\\\/schema\\\/logo\\\/image\\\/\",\"url\":\"https:\\\/\\\/impactocastex.com.ar\\\/wp-content\\\/uploads\\\/2025\\\/09\\\/cropped-icoweb.png\",\"contentUrl\":\"https:\\\/\\\/impactocastex.com.ar\\\/wp-content\\\/uploads\\\/2025\\\/09\\\/cropped-icoweb.png\",\"width\":512,\"height\":512,\"caption\":\"Impacto Castex\"},\"image\":{\"@id\":\"https:\\\/\\\/impactocastex.com.ar\\\/#\\\/schema\\\/logo\\\/image\\\/\"},\"sameAs\":[\"https:\\\/\\\/www.facebook.com\\\/impactocastexdiario\",\"https:\\\/\\\/www.instagram.com\\\/impactocastex.com.ar\\\/\"]},{\"@type\":\"Person\",\"@id\":\"https:\\\/\\\/impactocastex.com.ar\\\/#\\\/schema\\\/person\\\/c115028fb60f9bf49ce7550894b84ea7\",\"name\":\"impactocastex\",\"image\":{\"@type\":\"ImageObject\",\"inLanguage\":\"es\",\"@id\":\"https:\\\/\\\/secure.gravatar.com\\\/avatar\\\/fee87e7af008f02e9becdc0b5a9fd4a2e79b3918a571edeacb62211704637833?s=96&d=mm&r=g\",\"url\":\"https:\\\/\\\/secure.gravatar.com\\\/avatar\\\/fee87e7af008f02e9becdc0b5a9fd4a2e79b3918a571edeacb62211704637833?s=96&d=mm&r=g\",\"contentUrl\":\"https:\\\/\\\/secure.gravatar.com\\\/avatar\\\/fee87e7af008f02e9becdc0b5a9fd4a2e79b3918a571edeacb62211704637833?s=96&d=mm&r=g\",\"caption\":\"impactocastex\"},\"sameAs\":[\"https:\\\/\\\/impactocastex.com.ar\\\/\"],\"url\":\"https:\\\/\\\/impactocastex.com.ar\\\/?author=2\"}]}<\/script>\n<!-- \/ Yoast SEO plugin. -->","yoast_head_json":{"title":"Fiestas populares y propuestas culturales marcan la agenda de verano en La Pampa -","robots":{"index":"index","follow":"follow","max-snippet":"max-snippet:-1","max-image-preview":"max-image-preview:large","max-video-preview":"max-video-preview:-1"},"canonical":"https:\/\/impactocastex.com.ar\/?p=9062","og_locale":"es_ES","og_type":"article","og_title":"Fiestas populares y propuestas culturales marcan la agenda de verano en La Pampa -","og_description":"Las fiestas populares son el epicentro de la actividad cultural en verano en la provincia....","og_url":"https:\/\/impactocastex.com.ar\/?p=9062","article_publisher":"https:\/\/www.facebook.com\/impactocastexdiario","article_published_time":"2026-01-22T12:12:48+00:00","og_image":[{"width":1200,"height":631,"url":"https:\/\/impactocastex.com.ar\/wp-content\/uploads\/2026\/01\/2133258.jpg","type":"image\/jpeg"}],"author":"impactocastex","twitter_card":"summary_large_image","twitter_misc":{"Escrito por":"impactocastex","Tiempo de lectura":"3 minutos"},"schema":{"@context":"https:\/\/schema.org","@graph":[{"@type":"Article","@id":"https:\/\/impactocastex.com.ar\/?p=9062#article","isPartOf":{"@id":"https:\/\/impactocastex.com.ar\/?p=9062"},"author":{"name":"impactocastex","@id":"https:\/\/impactocastex.com.ar\/#\/schema\/person\/c115028fb60f9bf49ce7550894b84ea7"},"headline":"Fiestas populares y propuestas culturales marcan la agenda de verano en La Pampa","datePublished":"2026-01-22T12:12:48+00:00","mainEntityOfPage":{"@id":"https:\/\/impactocastex.com.ar\/?p=9062"},"wordCount":607,"publisher":{"@id":"https:\/\/impactocastex.com.ar\/#organization"},"image":{"@id":"https:\/\/impactocastex.com.ar\/?p=9062#primaryimage"},"thumbnailUrl":"https:\/\/impactocastex.com.ar\/wp-content\/uploads\/2026\/01\/2133258.jpg","articleSection":["LA PAMPA"],"inLanguage":"es"},{"@type":"WebPage","@id":"https:\/\/impactocastex.com.ar\/?p=9062","url":"https:\/\/impactocastex.com.ar\/?p=9062","name":"Fiestas populares y propuestas culturales marcan la agenda de verano en La Pampa -","isPartOf":{"@id":"https:\/\/impactocastex.com.ar\/#website"},"primaryImageOfPage":{"@id":"https:\/\/impactocastex.com.ar\/?p=9062#primaryimage"},"image":{"@id":"https:\/\/impactocastex.com.ar\/?p=9062#primaryimage"},"thumbnailUrl":"https:\/\/impactocastex.com.ar\/wp-content\/uploads\/2026\/01\/2133258.jpg","datePublished":"2026-01-22T12:12:48+00:00","breadcrumb":{"@id":"https:\/\/impactocastex.com.ar\/?p=9062#breadcrumb"},"inLanguage":"es","potentialAction":[{"@type":"ReadAction","target":["https:\/\/impactocastex.com.ar\/?p=9062"]}]},{"@type":"ImageObject","inLanguage":"es","@id":"https:\/\/impactocastex.com.ar\/?p=9062#primaryimage","url":"https:\/\/impactocastex.com.ar\/wp-content\/uploads\/2026\/01\/2133258.jpg","contentUrl":"https:\/\/impactocastex.com.ar\/wp-content\/uploads\/2026\/01\/2133258.jpg","width":1200,"height":631},{"@type":"BreadcrumbList","@id":"https:\/\/impactocastex.com.ar\/?p=9062#breadcrumb","itemListElement":[{"@type":"ListItem","position":1,"name":"Portada","item":"https:\/\/impactocastex.com.ar\/"},{"@type":"ListItem","position":2,"name":"Fiestas populares y propuestas culturales marcan la agenda de verano en La Pampa"}]},{"@type":"WebSite","@id":"https:\/\/impactocastex.com.ar\/#website","url":"https:\/\/impactocastex.com.ar\/","name":"Impacto Castex","description":"","publisher":{"@id":"https:\/\/impactocastex.com.ar\/#organization"},"potentialAction":[{"@type":"SearchAction","target":{"@type":"EntryPoint","urlTemplate":"https:\/\/impactocastex.com.ar\/?s={search_term_string}"},"query-input":{"@type":"PropertyValueSpecification","valueRequired":true,"valueName":"search_term_string"}}],"inLanguage":"es"},{"@type":"Organization","@id":"https:\/\/impactocastex.com.ar\/#organization","name":"Impacto Castex","url":"https:\/\/impactocastex.com.ar\/","logo":{"@type":"ImageObject","inLanguage":"es","@id":"https:\/\/impactocastex.com.ar\/#\/schema\/logo\/image\/","url":"https:\/\/impactocastex.com.ar\/wp-content\/uploads\/2025\/09\/cropped-icoweb.png","contentUrl":"https:\/\/impactocastex.com.ar\/wp-content\/uploads\/2025\/09\/cropped-icoweb.png","width":512,"height":512,"caption":"Impacto Castex"},"image":{"@id":"https:\/\/impactocastex.com.ar\/#\/schema\/logo\/image\/"},"sameAs":["https:\/\/www.facebook.com\/impactocastexdiario","https:\/\/www.instagram.com\/impactocastex.com.ar\/"]},{"@type":"Person","@id":"https:\/\/impactocastex.com.ar\/#\/schema\/person\/c115028fb60f9bf49ce7550894b84ea7","name":"impactocastex","image":{"@type":"ImageObject","inLanguage":"es","@id":"https:\/\/secure.gravatar.com\/avatar\/fee87e7af008f02e9becdc0b5a9fd4a2e79b3918a571edeacb62211704637833?s=96&d=mm&r=g","url":"https:\/\/secure.gravatar.com\/avatar\/fee87e7af008f02e9becdc0b5a9fd4a2e79b3918a571edeacb62211704637833?s=96&d=mm&r=g","contentUrl":"https:\/\/secure.gravatar.com\/avatar\/fee87e7af008f02e9becdc0b5a9fd4a2e79b3918a571edeacb62211704637833?s=96&d=mm&r=g","caption":"impactocastex"},"sameAs":["https:\/\/impactocastex.com.ar\/"],"url":"https:\/\/impactocastex.com.ar\/?author=2"}]}},"jetpack_publicize_connections":[],"featured_image_urls":{"full":["https:\/\/impactocastex.com.ar\/wp-content\/uploads\/2026\/01\/2133258.jpg",1200,631,false],"thumbnail":["https:\/\/impactocastex.com.ar\/wp-content\/uploads\/2026\/01\/2133258-150x150.jpg",150,150,true],"medium":["https:\/\/impactocastex.com.ar\/wp-content\/uploads\/2026\/01\/2133258-300x158.jpg",300,158,true],"medium_large":["https:\/\/impactocastex.com.ar\/wp-content\/uploads\/2026\/01\/2133258-768x404.jpg",640,337,true],"large":["https:\/\/impactocastex.com.ar\/wp-content\/uploads\/2026\/01\/2133258-1024x538.jpg",640,336,true],"1536x1536":["https:\/\/impactocastex.com.ar\/wp-content\/uploads\/2026\/01\/2133258.jpg",1200,631,false],"2048x2048":["https:\/\/impactocastex.com.ar\/wp-content\/uploads\/2026\/01\/2133258.jpg",1200,631,false],"newsever-slider-full":["https:\/\/impactocastex.com.ar\/wp-content\/uploads\/2026\/01\/2133258.jpg",1200,631,false],"newsever-featured":["https:\/\/impactocastex.com.ar\/wp-content\/uploads\/2026\/01\/2133258-1024x538.jpg",1024,538,true],"newsever-medium":["https:\/\/impactocastex.com.ar\/wp-content\/uploads\/2026\/01\/2133258-720x475.jpg",720,475,true]},"author_info":{"info":["impactocastex"]},"category_info":"<a href=\"https:\/\/impactocastex.com.ar\/?cat=83\" rel=\"category\">LA PAMPA<\/a>","tag_info":"LA PAMPA","comment_count":0,"jetpack_featured_media_url":"https:\/\/impactocastex.com.ar\/wp-content\/uploads\/2026\/01\/2133258.jpg","jetpack_sharing_enabled":true,"jetpack_likes_enabled":true,"jetpack_shortlink":"https:\/\/wp.me\/p7sopA-2ma","_links":{"self":[{"href":"https:\/\/impactocastex.com.ar\/index.php?rest_route=\/wp\/v2\/posts\/9062","targetHints":{"allow":["GET"]}}],"collection":[{"href":"https:\/\/impactocastex.com.ar\/index.php?rest_route=\/wp\/v2\/posts"}],"about":[{"href":"https:\/\/impactocastex.com.ar\/index.php?rest_route=\/wp\/v2\/types\/post"}],"author":[{"embeddable":true,"href":"https:\/\/impactocastex.com.ar\/index.php?rest_route=\/wp\/v2\/users\/2"}],"replies":[{"embeddable":true,"href":"https:\/\/impactocastex.com.ar\/index.php?rest_route=%2Fwp%2Fv2%2Fcomments&post=9062"}],"version-history":[{"count":1,"href":"https:\/\/impactocastex.com.ar\/index.php?rest_route=\/wp\/v2\/posts\/9062\/revisions"}],"predecessor-version":[{"id":9064,"href":"https:\/\/impactocastex.com.ar\/index.php?rest_route=\/wp\/v2\/posts\/9062\/revisions\/9064"}],"wp:featuredmedia":[{"embeddable":true,"href":"https:\/\/impactocastex.com.ar\/index.php?rest_route=\/wp\/v2\/media\/9063"}],"wp:attachment":[{"href":"https:\/\/impactocastex.com.ar\/index.php?rest_route=%2Fwp%2Fv2%2Fmedia&parent=9062"}],"wp:term":[{"taxonomy":"category","embeddable":true,"href":"https:\/\/impactocastex.com.ar\/index.php?rest_route=%2Fwp%2Fv2%2Fcategories&post=9062"},{"taxonomy":"post_tag","embeddable":true,"href":"https:\/\/impactocastex.com.ar\/index.php?rest_route=%2Fwp%2Fv2%2Ftags&post=9062"}],"curies":[{"name":"wp","href":"https:\/\/api.w.org\/{rel}","templated":true}]}}