{"id":9059,"date":"2026-01-22T09:10:01","date_gmt":"2026-01-22T12:10:01","guid":{"rendered":"https:\/\/impactocastex.com.ar\/?p=9059"},"modified":"2026-01-22T09:10:03","modified_gmt":"2026-01-22T12:10:03","slug":"pese-a-las-fiestas-el-sector-de-la-indumentaria-registro-una-caida-de-mas-de-9-en-ventas","status":"publish","type":"post","link":"https:\/\/impactocastex.com.ar\/?p=9059","title":{"rendered":"Pese a las Fiestas, el sector de la indumentaria registr\u00f3 una ca\u00edda de m\u00e1s de 9% en ventas"},"content":{"rendered":"\n<p>Seg\u00fan CIAI, 7 de cada 10 firmas anotan retrocesos en la comercializaci\u00f3n.<\/p>\n\n\n\n<p><strong><\/strong>Las empresas del rubro contin\u00faan en una fase de declive, aunque lograron avanzar en la mejora de sus procesos internos mientras esperan la recuperaci\u00f3n.<\/p>\n\n\n\n<p>El sector de la indumentaria registr\u00f3 una ca\u00edda interanual del 9,4% en sus ventas durante el \u00faltimo bimestre de 2025 y acumula casi dos a\u00f1os en terreno negativo. En la actualidad, 7 de cada 10 firmas anotan retrocesos en la comercializaci\u00f3n y se profundiza el escenario de crisis, en un contexto de fuerte aumento de las importaciones y elevados costos internos.<\/p>\n\n\n\n<p>\u00abSi bien el \u00faltimo dato (-9,4%) muestra una desaceleraci\u00f3n frente al desplome del bimestre anterior (-13,3%), sigue siendo una ca\u00edda promedio de las ventas relevante que se suma a un a\u00f1o marcado por contracciones sostenidas\u00bb, resalt\u00f3 el informe de la C\u00e1mara de la Indumentaria (CIAI).<\/p>\n\n\n\n<p>Las Fiestas tampoco sirvieron como impulsor: en Navidad cayeron 1,3% respecto a igual evento del 2024. Entre los rubros m\u00e1s afectados destacan: beb\u00e9s y ni\u00f1os (-13%), Lencer\u00eda y corseter\u00eda (-6%) indumentaria femenina (-3%).<\/p>\n\n\n\n<p>Los problemas de fondo persisten, aunque con algunos matices: la ca\u00edda de la demanda contin\u00faa siendo la principal dificultad, pero su menci\u00f3n entre los empresarios encuestados por la entidad se redujo en 10 puntos porcentuales respecto del bimestre anterior.<\/p>\n\n\n\n<p>En paralelo, el aumento de los costos se consolida como la segunda preocupaci\u00f3n, en un contexto en el que resulta inviable ajustar precios: el 60% de las empresas absorbe \u00edntegramente los incrementos, mientras que apenas un 2% logra trasladarlos por completo, una din\u00e1mica que pone de relieve la fragilidad del consumo. Otros problemas destacados en este bimestre fueron los altos costos financieros.<\/p>\n\n\n\n<p>No obstante, seg\u00fan CIAI, se observan algunos signos de estabilizaci\u00f3n dentro de un escenario a\u00fan complejo:<\/p>\n\n\n\n<p>-Se registra una leve mejor\u00eda en la gesti\u00f3n de inventarios: la proporci\u00f3n de empresas que considera tener stocks excesivos se redujo un 6%.<\/p>\n\n\n\n<p>-La cadena de pagos muestra una leve mejor\u00eda, aunque sigue bajo estr\u00e9s: el 60% de las empresas a\u00fan reporta retrasos.<\/p>\n\n\n\n<p>En este contexto, las empresas reorientaron durante el bimestre sus estrategias en relaci\u00f3n al empleo. La medida m\u00e1s extendida fue no reemplazar las renuncias, que alcanz\u00f3 un m\u00e1ximo anual del 26%, seguida por los recortes de horas extras (12% de las acciones adoptadas) y el adelantamiento de vacaciones (9%). \u00abEsto evidencia una presi\u00f3n constante por ajustar costos laborales\u00bb, indica CIAI.<\/p>\n\n\n\n<p>Pese a ello, las expectativas empresariales muestran una mejora cautelosa: las perspectivas muy negativas retrocedieron 12 puntos porcentuales, aunque la expectativa de una recuperaci\u00f3n concreta sigue siendo limitada. Solo el 13,5% de las empresas prev\u00e9 un aumento de las ventas en el corto plazo.<\/p>\n\n\n\n<p><strong>Industria textil<\/strong><\/p>\n\n\n\n<p>A su vez, de acuerdo al \u00faltimo dato del Indec, la industria textil perfor\u00f3 el piso del 30% de utilizaci\u00f3n de la capacidad instalada, ubic\u00e1ndose en 29,2%, el nivel m\u00e1s bajo de toda la serie y con una profundizaci\u00f3n clara de la ca\u00edda en los \u00faltimos tres meses.<\/p>\n\n\n\n<p>Seg\u00fan la Federaci\u00f3n de Industrias Textiles Argentinas (FITA), en septiembre pasado los sectores textil, de la confecci\u00f3n, cuero y calzado registraron 105.000 puestos de trabajo formales, lo que implica una ca\u00edda de 2000 empleos respecto de agosto y de 8000 en la comparaci\u00f3n interanual. De este modo, desde diciembre de 2023 la p\u00e9rdida acumulada ya supera los 16.000 puestos de trabajo.<\/p>\n\n\n\n<p>Aun en este escenario contractivo, el informe de la FITA subraya que las empresas del sector mantuvieron las inversiones destinadas a modernizar sus procesos productivos. Entre enero y noviembre de 2025, las compras de maquinaria importada alcanzaron los 164 millones de d\u00f3lares, un esfuerzo orientado a mejorar la competitividad y la eficiencia.<\/p>\n\n\n\n<p>El presidente de la entidad, Luis Tendlarz, advirti\u00f3 que \u00abel sector atraviesa un momento muy desafiante\u00bb y remarc\u00f3 la necesidad de avanzar hacia una industria m\u00e1s competitiva, con reglas claras y previsibilidad. Entre las principales preocupaciones empresariales se destaca la urgencia de generar condiciones que permitan estabilizar el mercado y recuperar la producci\u00f3n y el empleo.<\/p>\n","protected":false},"excerpt":{"rendered":"<p>Seg\u00fan CIAI, 7 de cada 10 firmas anotan retrocesos en la comercializaci\u00f3n. Las empresas del&#8230;<\/p>\n","protected":false},"author":2,"featured_media":9060,"comment_status":"closed","ping_status":"closed","sticky":false,"template":"","format":"standard","meta":{"_jetpack_memberships_contains_paid_content":false,"footnotes":"","jetpack_publicize_message":"Pese a las Fiestas, el sector de la indumentaria registr\u00f3 una ca\u00edda de m\u00e1s de 9% en ventas","jetpack_publicize_feature_enabled":true,"jetpack_social_post_already_shared":false,"jetpack_social_options":{"image_generator_settings":{"template":"highway","default_image_id":0,"font":"","enabled":false},"version":2}},"categories":[86],"tags":[],"class_list":["post-9059","post","type-post","status-publish","format-standard","has-post-thumbnail","hentry","category-sociedad"],"yoast_head":"<!-- This site is optimized with the Yoast SEO plugin v27.4 - https:\/\/yoast.com\/product\/yoast-seo-wordpress\/ -->\n<title>Pese a las Fiestas, el sector de la indumentaria registr\u00f3 una ca\u00edda de m\u00e1s de 9% en ventas -<\/title>\n<meta name=\"robots\" content=\"index, follow, max-snippet:-1, max-image-preview:large, max-video-preview:-1\" \/>\n<link rel=\"canonical\" href=\"https:\/\/impactocastex.com.ar\/?p=9059\" \/>\n<meta property=\"og:locale\" content=\"es_ES\" \/>\n<meta property=\"og:type\" content=\"article\" \/>\n<meta property=\"og:title\" content=\"Pese a las Fiestas, el sector de la indumentaria registr\u00f3 una ca\u00edda de m\u00e1s de 9% en ventas -\" \/>\n<meta property=\"og:description\" content=\"Seg\u00fan CIAI, 7 de cada 10 firmas anotan retrocesos en la comercializaci\u00f3n. Las empresas del...\" \/>\n<meta property=\"og:url\" content=\"https:\/\/impactocastex.com.ar\/?p=9059\" \/>\n<meta property=\"article:publisher\" content=\"https:\/\/www.facebook.com\/impactocastexdiario\" \/>\n<meta property=\"article:published_time\" content=\"2026-01-22T12:10:01+00:00\" \/>\n<meta property=\"article:modified_time\" content=\"2026-01-22T12:10:03+00:00\" \/>\n<meta property=\"og:image\" content=\"https:\/\/impactocastex.com.ar\/wp-content\/uploads\/2026\/01\/2133249.jpg\" \/>\n\t<meta property=\"og:image:width\" content=\"1200\" \/>\n\t<meta property=\"og:image:height\" content=\"631\" \/>\n\t<meta property=\"og:image:type\" content=\"image\/jpeg\" \/>\n<meta name=\"author\" content=\"impactocastex\" \/>\n<meta name=\"twitter:card\" content=\"summary_large_image\" \/>\n<meta name=\"twitter:label1\" content=\"Escrito por\" \/>\n\t<meta name=\"twitter:data1\" content=\"impactocastex\" \/>\n\t<meta name=\"twitter:label2\" content=\"Tiempo de lectura\" \/>\n\t<meta name=\"twitter:data2\" content=\"4 minutos\" \/>\n<script type=\"application\/ld+json\" class=\"yoast-schema-graph\">{\"@context\":\"https:\\\/\\\/schema.org\",\"@graph\":[{\"@type\":\"Article\",\"@id\":\"https:\\\/\\\/impactocastex.com.ar\\\/?p=9059#article\",\"isPartOf\":{\"@id\":\"https:\\\/\\\/impactocastex.com.ar\\\/?p=9059\"},\"author\":{\"name\":\"impactocastex\",\"@id\":\"https:\\\/\\\/impactocastex.com.ar\\\/#\\\/schema\\\/person\\\/c115028fb60f9bf49ce7550894b84ea7\"},\"headline\":\"Pese a las Fiestas, el sector de la indumentaria registr\u00f3 una ca\u00edda de m\u00e1s de 9% en ventas\",\"datePublished\":\"2026-01-22T12:10:01+00:00\",\"dateModified\":\"2026-01-22T12:10:03+00:00\",\"mainEntityOfPage\":{\"@id\":\"https:\\\/\\\/impactocastex.com.ar\\\/?p=9059\"},\"wordCount\":699,\"publisher\":{\"@id\":\"https:\\\/\\\/impactocastex.com.ar\\\/#organization\"},\"image\":{\"@id\":\"https:\\\/\\\/impactocastex.com.ar\\\/?p=9059#primaryimage\"},\"thumbnailUrl\":\"https:\\\/\\\/impactocastex.com.ar\\\/wp-content\\\/uploads\\\/2026\\\/01\\\/2133249.jpg\",\"articleSection\":[\"SOCIEDAD\"],\"inLanguage\":\"es\"},{\"@type\":\"WebPage\",\"@id\":\"https:\\\/\\\/impactocastex.com.ar\\\/?p=9059\",\"url\":\"https:\\\/\\\/impactocastex.com.ar\\\/?p=9059\",\"name\":\"Pese a las Fiestas, el sector de la indumentaria registr\u00f3 una ca\u00edda de m\u00e1s de 9% en ventas -\",\"isPartOf\":{\"@id\":\"https:\\\/\\\/impactocastex.com.ar\\\/#website\"},\"primaryImageOfPage\":{\"@id\":\"https:\\\/\\\/impactocastex.com.ar\\\/?p=9059#primaryimage\"},\"image\":{\"@id\":\"https:\\\/\\\/impactocastex.com.ar\\\/?p=9059#primaryimage\"},\"thumbnailUrl\":\"https:\\\/\\\/impactocastex.com.ar\\\/wp-content\\\/uploads\\\/2026\\\/01\\\/2133249.jpg\",\"datePublished\":\"2026-01-22T12:10:01+00:00\",\"dateModified\":\"2026-01-22T12:10:03+00:00\",\"breadcrumb\":{\"@id\":\"https:\\\/\\\/impactocastex.com.ar\\\/?p=9059#breadcrumb\"},\"inLanguage\":\"es\",\"potentialAction\":[{\"@type\":\"ReadAction\",\"target\":[\"https:\\\/\\\/impactocastex.com.ar\\\/?p=9059\"]}]},{\"@type\":\"ImageObject\",\"inLanguage\":\"es\",\"@id\":\"https:\\\/\\\/impactocastex.com.ar\\\/?p=9059#primaryimage\",\"url\":\"https:\\\/\\\/impactocastex.com.ar\\\/wp-content\\\/uploads\\\/2026\\\/01\\\/2133249.jpg\",\"contentUrl\":\"https:\\\/\\\/impactocastex.com.ar\\\/wp-content\\\/uploads\\\/2026\\\/01\\\/2133249.jpg\",\"width\":1200,\"height\":631},{\"@type\":\"BreadcrumbList\",\"@id\":\"https:\\\/\\\/impactocastex.com.ar\\\/?p=9059#breadcrumb\",\"itemListElement\":[{\"@type\":\"ListItem\",\"position\":1,\"name\":\"Portada\",\"item\":\"https:\\\/\\\/impactocastex.com.ar\\\/\"},{\"@type\":\"ListItem\",\"position\":2,\"name\":\"Pese a las Fiestas, el sector de la indumentaria registr\u00f3 una ca\u00edda de m\u00e1s de 9% en ventas\"}]},{\"@type\":\"WebSite\",\"@id\":\"https:\\\/\\\/impactocastex.com.ar\\\/#website\",\"url\":\"https:\\\/\\\/impactocastex.com.ar\\\/\",\"name\":\"Impacto Castex\",\"description\":\"\",\"publisher\":{\"@id\":\"https:\\\/\\\/impactocastex.com.ar\\\/#organization\"},\"potentialAction\":[{\"@type\":\"SearchAction\",\"target\":{\"@type\":\"EntryPoint\",\"urlTemplate\":\"https:\\\/\\\/impactocastex.com.ar\\\/?s={search_term_string}\"},\"query-input\":{\"@type\":\"PropertyValueSpecification\",\"valueRequired\":true,\"valueName\":\"search_term_string\"}}],\"inLanguage\":\"es\"},{\"@type\":\"Organization\",\"@id\":\"https:\\\/\\\/impactocastex.com.ar\\\/#organization\",\"name\":\"Impacto Castex\",\"url\":\"https:\\\/\\\/impactocastex.com.ar\\\/\",\"logo\":{\"@type\":\"ImageObject\",\"inLanguage\":\"es\",\"@id\":\"https:\\\/\\\/impactocastex.com.ar\\\/#\\\/schema\\\/logo\\\/image\\\/\",\"url\":\"https:\\\/\\\/impactocastex.com.ar\\\/wp-content\\\/uploads\\\/2025\\\/09\\\/cropped-icoweb.png\",\"contentUrl\":\"https:\\\/\\\/impactocastex.com.ar\\\/wp-content\\\/uploads\\\/2025\\\/09\\\/cropped-icoweb.png\",\"width\":512,\"height\":512,\"caption\":\"Impacto Castex\"},\"image\":{\"@id\":\"https:\\\/\\\/impactocastex.com.ar\\\/#\\\/schema\\\/logo\\\/image\\\/\"},\"sameAs\":[\"https:\\\/\\\/www.facebook.com\\\/impactocastexdiario\",\"https:\\\/\\\/www.instagram.com\\\/impactocastex.com.ar\\\/\"]},{\"@type\":\"Person\",\"@id\":\"https:\\\/\\\/impactocastex.com.ar\\\/#\\\/schema\\\/person\\\/c115028fb60f9bf49ce7550894b84ea7\",\"name\":\"impactocastex\",\"image\":{\"@type\":\"ImageObject\",\"inLanguage\":\"es\",\"@id\":\"https:\\\/\\\/secure.gravatar.com\\\/avatar\\\/fee87e7af008f02e9becdc0b5a9fd4a2e79b3918a571edeacb62211704637833?s=96&d=mm&r=g\",\"url\":\"https:\\\/\\\/secure.gravatar.com\\\/avatar\\\/fee87e7af008f02e9becdc0b5a9fd4a2e79b3918a571edeacb62211704637833?s=96&d=mm&r=g\",\"contentUrl\":\"https:\\\/\\\/secure.gravatar.com\\\/avatar\\\/fee87e7af008f02e9becdc0b5a9fd4a2e79b3918a571edeacb62211704637833?s=96&d=mm&r=g\",\"caption\":\"impactocastex\"},\"sameAs\":[\"https:\\\/\\\/impactocastex.com.ar\\\/\"],\"url\":\"https:\\\/\\\/impactocastex.com.ar\\\/?author=2\"}]}<\/script>\n<!-- \/ Yoast SEO plugin. -->","yoast_head_json":{"title":"Pese a las Fiestas, el sector de la indumentaria registr\u00f3 una ca\u00edda de m\u00e1s de 9% en ventas -","robots":{"index":"index","follow":"follow","max-snippet":"max-snippet:-1","max-image-preview":"max-image-preview:large","max-video-preview":"max-video-preview:-1"},"canonical":"https:\/\/impactocastex.com.ar\/?p=9059","og_locale":"es_ES","og_type":"article","og_title":"Pese a las Fiestas, el sector de la indumentaria registr\u00f3 una ca\u00edda de m\u00e1s de 9% en ventas -","og_description":"Seg\u00fan CIAI, 7 de cada 10 firmas anotan retrocesos en la comercializaci\u00f3n. Las empresas del...","og_url":"https:\/\/impactocastex.com.ar\/?p=9059","article_publisher":"https:\/\/www.facebook.com\/impactocastexdiario","article_published_time":"2026-01-22T12:10:01+00:00","article_modified_time":"2026-01-22T12:10:03+00:00","og_image":[{"width":1200,"height":631,"url":"https:\/\/impactocastex.com.ar\/wp-content\/uploads\/2026\/01\/2133249.jpg","type":"image\/jpeg"}],"author":"impactocastex","twitter_card":"summary_large_image","twitter_misc":{"Escrito por":"impactocastex","Tiempo de lectura":"4 minutos"},"schema":{"@context":"https:\/\/schema.org","@graph":[{"@type":"Article","@id":"https:\/\/impactocastex.com.ar\/?p=9059#article","isPartOf":{"@id":"https:\/\/impactocastex.com.ar\/?p=9059"},"author":{"name":"impactocastex","@id":"https:\/\/impactocastex.com.ar\/#\/schema\/person\/c115028fb60f9bf49ce7550894b84ea7"},"headline":"Pese a las Fiestas, el sector de la indumentaria registr\u00f3 una ca\u00edda de m\u00e1s de 9% en ventas","datePublished":"2026-01-22T12:10:01+00:00","dateModified":"2026-01-22T12:10:03+00:00","mainEntityOfPage":{"@id":"https:\/\/impactocastex.com.ar\/?p=9059"},"wordCount":699,"publisher":{"@id":"https:\/\/impactocastex.com.ar\/#organization"},"image":{"@id":"https:\/\/impactocastex.com.ar\/?p=9059#primaryimage"},"thumbnailUrl":"https:\/\/impactocastex.com.ar\/wp-content\/uploads\/2026\/01\/2133249.jpg","articleSection":["SOCIEDAD"],"inLanguage":"es"},{"@type":"WebPage","@id":"https:\/\/impactocastex.com.ar\/?p=9059","url":"https:\/\/impactocastex.com.ar\/?p=9059","name":"Pese a las Fiestas, el sector de la indumentaria registr\u00f3 una ca\u00edda de m\u00e1s de 9% en ventas -","isPartOf":{"@id":"https:\/\/impactocastex.com.ar\/#website"},"primaryImageOfPage":{"@id":"https:\/\/impactocastex.com.ar\/?p=9059#primaryimage"},"image":{"@id":"https:\/\/impactocastex.com.ar\/?p=9059#primaryimage"},"thumbnailUrl":"https:\/\/impactocastex.com.ar\/wp-content\/uploads\/2026\/01\/2133249.jpg","datePublished":"2026-01-22T12:10:01+00:00","dateModified":"2026-01-22T12:10:03+00:00","breadcrumb":{"@id":"https:\/\/impactocastex.com.ar\/?p=9059#breadcrumb"},"inLanguage":"es","potentialAction":[{"@type":"ReadAction","target":["https:\/\/impactocastex.com.ar\/?p=9059"]}]},{"@type":"ImageObject","inLanguage":"es","@id":"https:\/\/impactocastex.com.ar\/?p=9059#primaryimage","url":"https:\/\/impactocastex.com.ar\/wp-content\/uploads\/2026\/01\/2133249.jpg","contentUrl":"https:\/\/impactocastex.com.ar\/wp-content\/uploads\/2026\/01\/2133249.jpg","width":1200,"height":631},{"@type":"BreadcrumbList","@id":"https:\/\/impactocastex.com.ar\/?p=9059#breadcrumb","itemListElement":[{"@type":"ListItem","position":1,"name":"Portada","item":"https:\/\/impactocastex.com.ar\/"},{"@type":"ListItem","position":2,"name":"Pese a las Fiestas, el sector de la indumentaria registr\u00f3 una ca\u00edda de m\u00e1s de 9% en ventas"}]},{"@type":"WebSite","@id":"https:\/\/impactocastex.com.ar\/#website","url":"https:\/\/impactocastex.com.ar\/","name":"Impacto Castex","description":"","publisher":{"@id":"https:\/\/impactocastex.com.ar\/#organization"},"potentialAction":[{"@type":"SearchAction","target":{"@type":"EntryPoint","urlTemplate":"https:\/\/impactocastex.com.ar\/?s={search_term_string}"},"query-input":{"@type":"PropertyValueSpecification","valueRequired":true,"valueName":"search_term_string"}}],"inLanguage":"es"},{"@type":"Organization","@id":"https:\/\/impactocastex.com.ar\/#organization","name":"Impacto Castex","url":"https:\/\/impactocastex.com.ar\/","logo":{"@type":"ImageObject","inLanguage":"es","@id":"https:\/\/impactocastex.com.ar\/#\/schema\/logo\/image\/","url":"https:\/\/impactocastex.com.ar\/wp-content\/uploads\/2025\/09\/cropped-icoweb.png","contentUrl":"https:\/\/impactocastex.com.ar\/wp-content\/uploads\/2025\/09\/cropped-icoweb.png","width":512,"height":512,"caption":"Impacto Castex"},"image":{"@id":"https:\/\/impactocastex.com.ar\/#\/schema\/logo\/image\/"},"sameAs":["https:\/\/www.facebook.com\/impactocastexdiario","https:\/\/www.instagram.com\/impactocastex.com.ar\/"]},{"@type":"Person","@id":"https:\/\/impactocastex.com.ar\/#\/schema\/person\/c115028fb60f9bf49ce7550894b84ea7","name":"impactocastex","image":{"@type":"ImageObject","inLanguage":"es","@id":"https:\/\/secure.gravatar.com\/avatar\/fee87e7af008f02e9becdc0b5a9fd4a2e79b3918a571edeacb62211704637833?s=96&d=mm&r=g","url":"https:\/\/secure.gravatar.com\/avatar\/fee87e7af008f02e9becdc0b5a9fd4a2e79b3918a571edeacb62211704637833?s=96&d=mm&r=g","contentUrl":"https:\/\/secure.gravatar.com\/avatar\/fee87e7af008f02e9becdc0b5a9fd4a2e79b3918a571edeacb62211704637833?s=96&d=mm&r=g","caption":"impactocastex"},"sameAs":["https:\/\/impactocastex.com.ar\/"],"url":"https:\/\/impactocastex.com.ar\/?author=2"}]}},"jetpack_publicize_connections":[],"featured_image_urls":{"full":["https:\/\/impactocastex.com.ar\/wp-content\/uploads\/2026\/01\/2133249.jpg",1200,631,false],"thumbnail":["https:\/\/impactocastex.com.ar\/wp-content\/uploads\/2026\/01\/2133249-150x150.jpg",150,150,true],"medium":["https:\/\/impactocastex.com.ar\/wp-content\/uploads\/2026\/01\/2133249-300x158.jpg",300,158,true],"medium_large":["https:\/\/impactocastex.com.ar\/wp-content\/uploads\/2026\/01\/2133249-768x404.jpg",640,337,true],"large":["https:\/\/impactocastex.com.ar\/wp-content\/uploads\/2026\/01\/2133249-1024x538.jpg",640,336,true],"1536x1536":["https:\/\/impactocastex.com.ar\/wp-content\/uploads\/2026\/01\/2133249.jpg",1200,631,false],"2048x2048":["https:\/\/impactocastex.com.ar\/wp-content\/uploads\/2026\/01\/2133249.jpg",1200,631,false],"newsever-slider-full":["https:\/\/impactocastex.com.ar\/wp-content\/uploads\/2026\/01\/2133249.jpg",1200,631,false],"newsever-featured":["https:\/\/impactocastex.com.ar\/wp-content\/uploads\/2026\/01\/2133249-1024x538.jpg",1024,538,true],"newsever-medium":["https:\/\/impactocastex.com.ar\/wp-content\/uploads\/2026\/01\/2133249-720x475.jpg",720,475,true]},"author_info":{"info":["impactocastex"]},"category_info":"<a href=\"https:\/\/impactocastex.com.ar\/?cat=86\" rel=\"category\">SOCIEDAD<\/a>","tag_info":"SOCIEDAD","comment_count":0,"jetpack_featured_media_url":"https:\/\/impactocastex.com.ar\/wp-content\/uploads\/2026\/01\/2133249.jpg","jetpack_sharing_enabled":true,"jetpack_likes_enabled":true,"jetpack_shortlink":"https:\/\/wp.me\/p7sopA-2m7","_links":{"self":[{"href":"https:\/\/impactocastex.com.ar\/index.php?rest_route=\/wp\/v2\/posts\/9059","targetHints":{"allow":["GET"]}}],"collection":[{"href":"https:\/\/impactocastex.com.ar\/index.php?rest_route=\/wp\/v2\/posts"}],"about":[{"href":"https:\/\/impactocastex.com.ar\/index.php?rest_route=\/wp\/v2\/types\/post"}],"author":[{"embeddable":true,"href":"https:\/\/impactocastex.com.ar\/index.php?rest_route=\/wp\/v2\/users\/2"}],"replies":[{"embeddable":true,"href":"https:\/\/impactocastex.com.ar\/index.php?rest_route=%2Fwp%2Fv2%2Fcomments&post=9059"}],"version-history":[{"count":1,"href":"https:\/\/impactocastex.com.ar\/index.php?rest_route=\/wp\/v2\/posts\/9059\/revisions"}],"predecessor-version":[{"id":9061,"href":"https:\/\/impactocastex.com.ar\/index.php?rest_route=\/wp\/v2\/posts\/9059\/revisions\/9061"}],"wp:featuredmedia":[{"embeddable":true,"href":"https:\/\/impactocastex.com.ar\/index.php?rest_route=\/wp\/v2\/media\/9060"}],"wp:attachment":[{"href":"https:\/\/impactocastex.com.ar\/index.php?rest_route=%2Fwp%2Fv2%2Fmedia&parent=9059"}],"wp:term":[{"taxonomy":"category","embeddable":true,"href":"https:\/\/impactocastex.com.ar\/index.php?rest_route=%2Fwp%2Fv2%2Fcategories&post=9059"},{"taxonomy":"post_tag","embeddable":true,"href":"https:\/\/impactocastex.com.ar\/index.php?rest_route=%2Fwp%2Fv2%2Ftags&post=9059"}],"curies":[{"name":"wp","href":"https:\/\/api.w.org\/{rel}","templated":true}]}}