{"id":8964,"date":"2026-01-21T09:30:00","date_gmt":"2026-01-21T12:30:00","guid":{"rendered":"https:\/\/impactocastex.com.ar\/?p=8964"},"modified":"2026-01-21T09:30:01","modified_gmt":"2026-01-21T12:30:01","slug":"super-gripe-h3n2-confirmaron-la-primera-muerte-y-se-duplicaron-los-casos","status":"publish","type":"post","link":"https:\/\/impactocastex.com.ar\/?p=8964","title":{"rendered":"Super Gripe H3N2: confirmaron la primera muerte y se duplicaron los casos"},"content":{"rendered":"\n<p>La&nbsp;<strong>primera muerte por gripe A (H3N2)<\/strong>&nbsp;en la Argentina se registr\u00f3 en la provincia de Mendoza. Se trata de un hombre mayor que permanec\u00eda internado en el Hospital Carrillo y que presentaba&nbsp;<strong>patolog\u00edas previas<\/strong>, seg\u00fan confirmaron las autoridades sanitarias. El dato se conoce en un contexto de&nbsp;<strong>crecimiento acelerado de casos<\/strong>, que se duplicaron en apenas una semana.<\/p>\n\n\n\n<p>De acuerdo con el \u00faltimo&nbsp;<strong>Bolet\u00edn Epidemiol\u00f3gico Nacional<\/strong>, que releva informaci\u00f3n entre el 18 de diciembre de 2025 y el 16 de enero de 2026, la Administraci\u00f3n Nacional de Laboratorios e Institutos de Salud \u201cDr. Carlos Malbr\u00e1n\u201d confirm\u00f3&nbsp;<strong>28 casos positivos de influenza A (H3N2)<\/strong>, lo que representa un incremento del&nbsp;<strong>100 %<\/strong>&nbsp;respecto del informe anterior.<\/p>\n\n\n\n<p>Las jurisdicciones con casos confirmados son\u00a0<strong>Buenos Aires<\/strong>, Ciudad Aut\u00f3noma de Buenos Aires,\u00a0<strong>Chubut<\/strong>,\u00a0<strong>C\u00f3rdoba<\/strong>,\u00a0<strong>Corrientes<\/strong>,\u00a0<strong>Entre R\u00edos<\/strong>,\u00a0<strong>La Pampa<\/strong>,\u00a0<strong>La Rioja<\/strong>,\u00a0<strong>Mendoza<\/strong>,\u00a0<strong>Neuqu\u00e9n<\/strong>,\u00a0<strong>R\u00edo Negro<\/strong>,\u00a0<strong>Santa Cruz<\/strong>,\u00a0<strong>Santa Fe<\/strong>\u00a0y\u00a0<strong>Tierra del Fuego<\/strong>, seg\u00fan consign\u00f3 la agencia Noticias Argentinas.<\/p>\n\n\n\n<p>En en caso de La Pampa, ocurri\u00f3 en General Pico. Se trata de un paciente que lleg\u00f3 de viaje desde Europa.<\/p>\n\n\n\n<p><strong>Fallecimiento en Mendoza<\/strong><\/p>\n\n\n\n<p>Si bien el fallecimiento a\u00fan no fue incorporado al informe nacional, las autoridades provinciales confirmaron que se trata de un paciente de&nbsp;<strong>74 a\u00f1os<\/strong>, que se encontraba internado en estado grave en el Hospital Carrillo, en la capital mendocina.<\/p>\n\n\n\n<p>\u201cSab\u00edamos que el paciente ten\u00eda una infecci\u00f3n por gripe H3N2 y que sus&nbsp;<strong>patolog\u00edas previas<\/strong>&nbsp;fueron determinantes para la aparici\u00f3n de las complicaciones que derivaron en este desenlace fatal\u201d, indic\u00f3&nbsp;<strong>Beatriz Montenegro<\/strong>, directora del hospital, en declaraciones a MDZ Radio.<\/p>\n\n\n\n<p><strong>Recomendaciones sanitarias<\/strong><\/p>\n\n\n\n<p>Ante este escenario, el Ministerio de Salud difundi\u00f3 una serie de&nbsp;<strong>recomendaciones preventivas<\/strong>&nbsp;para reducir el riesgo de contagios:<\/p>\n\n\n\n<ul class=\"wp-block-list\">\n<li>Mantener completos los\u00a0<strong>esquemas de vacunaci\u00f3n<\/strong>\u00a0contra la gripe (influenza), SARS-CoV-2, neumococo,\u00a0<em>Haemophilus influenzae<\/em>\u00a0tipo B,\u00a0<em>Bordetella pertussis<\/em>\u00a0y virus sincicial respiratorio.<\/li>\n\n\n\n<li>Realizar\u00a0<strong>lavado frecuente de manos<\/strong>\u00a0con agua y jab\u00f3n.<\/li>\n\n\n\n<li>Cubrirse la boca y la nariz con el\u00a0<strong>pliegue del codo<\/strong>\u00a0al toser o estornudar.<\/li>\n\n\n\n<li>Evitar compartir\u00a0<strong>objetos personales<\/strong>.<\/li>\n\n\n\n<li>Ventilar los\u00a0<strong>ambientes cerrados<\/strong>.<\/li>\n\n\n\n<li>Prestar atenci\u00f3n a la aparici\u00f3n de\u00a0<strong>s\u00edntomas respiratorios<\/strong>, tanto propios como en terceros.<\/li>\n<\/ul>\n","protected":false},"excerpt":{"rendered":"<p>La&nbsp;primera muerte por gripe A (H3N2)&nbsp;en la Argentina se registr\u00f3 en la provincia de Mendoza&#8230;.<\/p>\n","protected":false},"author":2,"featured_media":8965,"comment_status":"closed","ping_status":"closed","sticky":false,"template":"","format":"standard","meta":{"_jetpack_memberships_contains_paid_content":false,"footnotes":"","jetpack_publicize_message":"Super Gripe H3N2: confirmaron la primera muerte y se duplicaron los casos","jetpack_publicize_feature_enabled":true,"jetpack_social_post_already_shared":false,"jetpack_social_options":{"image_generator_settings":{"template":"highway","default_image_id":0,"font":"","enabled":false},"version":2}},"categories":[120],"tags":[],"class_list":["post-8964","post","type-post","status-publish","format-standard","has-post-thumbnail","hentry","category-salud"],"yoast_head":"<!-- This site is optimized with the Yoast SEO plugin v27.4 - https:\/\/yoast.com\/product\/yoast-seo-wordpress\/ -->\n<title>Super Gripe H3N2: confirmaron la primera muerte y se duplicaron los casos -<\/title>\n<meta name=\"robots\" content=\"index, follow, max-snippet:-1, max-image-preview:large, max-video-preview:-1\" \/>\n<link rel=\"canonical\" href=\"https:\/\/impactocastex.com.ar\/?p=8964\" \/>\n<meta property=\"og:locale\" content=\"es_ES\" \/>\n<meta property=\"og:type\" content=\"article\" \/>\n<meta property=\"og:title\" content=\"Super Gripe H3N2: confirmaron la primera muerte y se duplicaron los casos -\" \/>\n<meta property=\"og:description\" content=\"La&nbsp;primera muerte por gripe A (H3N2)&nbsp;en la Argentina se registr\u00f3 en la provincia de Mendoza....\" \/>\n<meta property=\"og:url\" content=\"https:\/\/impactocastex.com.ar\/?p=8964\" \/>\n<meta property=\"article:publisher\" content=\"https:\/\/www.facebook.com\/impactocastexdiario\" \/>\n<meta property=\"article:published_time\" content=\"2026-01-21T12:30:00+00:00\" \/>\n<meta property=\"article:modified_time\" content=\"2026-01-21T12:30:01+00:00\" \/>\n<meta property=\"og:image\" content=\"https:\/\/impactocastex.com.ar\/wp-content\/uploads\/2026\/01\/vacunaantigripal.jpg\" \/>\n\t<meta property=\"og:image:width\" content=\"700\" \/>\n\t<meta property=\"og:image:height\" content=\"466\" \/>\n\t<meta property=\"og:image:type\" content=\"image\/jpeg\" \/>\n<meta name=\"author\" content=\"impactocastex\" \/>\n<meta name=\"twitter:card\" content=\"summary_large_image\" \/>\n<meta name=\"twitter:label1\" content=\"Escrito por\" \/>\n\t<meta name=\"twitter:data1\" content=\"impactocastex\" \/>\n\t<meta name=\"twitter:label2\" content=\"Tiempo de lectura\" \/>\n\t<meta name=\"twitter:data2\" content=\"2 minutos\" \/>\n<script type=\"application\/ld+json\" class=\"yoast-schema-graph\">{\"@context\":\"https:\\\/\\\/schema.org\",\"@graph\":[{\"@type\":\"Article\",\"@id\":\"https:\\\/\\\/impactocastex.com.ar\\\/?p=8964#article\",\"isPartOf\":{\"@id\":\"https:\\\/\\\/impactocastex.com.ar\\\/?p=8964\"},\"author\":{\"name\":\"impactocastex\",\"@id\":\"https:\\\/\\\/impactocastex.com.ar\\\/#\\\/schema\\\/person\\\/c115028fb60f9bf49ce7550894b84ea7\"},\"headline\":\"Super Gripe H3N2: confirmaron la primera muerte y se duplicaron los casos\",\"datePublished\":\"2026-01-21T12:30:00+00:00\",\"dateModified\":\"2026-01-21T12:30:01+00:00\",\"mainEntityOfPage\":{\"@id\":\"https:\\\/\\\/impactocastex.com.ar\\\/?p=8964\"},\"wordCount\":395,\"publisher\":{\"@id\":\"https:\\\/\\\/impactocastex.com.ar\\\/#organization\"},\"image\":{\"@id\":\"https:\\\/\\\/impactocastex.com.ar\\\/?p=8964#primaryimage\"},\"thumbnailUrl\":\"https:\\\/\\\/impactocastex.com.ar\\\/wp-content\\\/uploads\\\/2026\\\/01\\\/vacunaantigripal.jpg\",\"articleSection\":[\"SALUD\"],\"inLanguage\":\"es\"},{\"@type\":\"WebPage\",\"@id\":\"https:\\\/\\\/impactocastex.com.ar\\\/?p=8964\",\"url\":\"https:\\\/\\\/impactocastex.com.ar\\\/?p=8964\",\"name\":\"Super Gripe H3N2: confirmaron la primera muerte y se duplicaron los casos -\",\"isPartOf\":{\"@id\":\"https:\\\/\\\/impactocastex.com.ar\\\/#website\"},\"primaryImageOfPage\":{\"@id\":\"https:\\\/\\\/impactocastex.com.ar\\\/?p=8964#primaryimage\"},\"image\":{\"@id\":\"https:\\\/\\\/impactocastex.com.ar\\\/?p=8964#primaryimage\"},\"thumbnailUrl\":\"https:\\\/\\\/impactocastex.com.ar\\\/wp-content\\\/uploads\\\/2026\\\/01\\\/vacunaantigripal.jpg\",\"datePublished\":\"2026-01-21T12:30:00+00:00\",\"dateModified\":\"2026-01-21T12:30:01+00:00\",\"breadcrumb\":{\"@id\":\"https:\\\/\\\/impactocastex.com.ar\\\/?p=8964#breadcrumb\"},\"inLanguage\":\"es\",\"potentialAction\":[{\"@type\":\"ReadAction\",\"target\":[\"https:\\\/\\\/impactocastex.com.ar\\\/?p=8964\"]}]},{\"@type\":\"ImageObject\",\"inLanguage\":\"es\",\"@id\":\"https:\\\/\\\/impactocastex.com.ar\\\/?p=8964#primaryimage\",\"url\":\"https:\\\/\\\/impactocastex.com.ar\\\/wp-content\\\/uploads\\\/2026\\\/01\\\/vacunaantigripal.jpg\",\"contentUrl\":\"https:\\\/\\\/impactocastex.com.ar\\\/wp-content\\\/uploads\\\/2026\\\/01\\\/vacunaantigripal.jpg\",\"width\":700,\"height\":466},{\"@type\":\"BreadcrumbList\",\"@id\":\"https:\\\/\\\/impactocastex.com.ar\\\/?p=8964#breadcrumb\",\"itemListElement\":[{\"@type\":\"ListItem\",\"position\":1,\"name\":\"Portada\",\"item\":\"https:\\\/\\\/impactocastex.com.ar\\\/\"},{\"@type\":\"ListItem\",\"position\":2,\"name\":\"Super Gripe H3N2: confirmaron la primera muerte y se duplicaron los casos\"}]},{\"@type\":\"WebSite\",\"@id\":\"https:\\\/\\\/impactocastex.com.ar\\\/#website\",\"url\":\"https:\\\/\\\/impactocastex.com.ar\\\/\",\"name\":\"Impacto Castex\",\"description\":\"\",\"publisher\":{\"@id\":\"https:\\\/\\\/impactocastex.com.ar\\\/#organization\"},\"potentialAction\":[{\"@type\":\"SearchAction\",\"target\":{\"@type\":\"EntryPoint\",\"urlTemplate\":\"https:\\\/\\\/impactocastex.com.ar\\\/?s={search_term_string}\"},\"query-input\":{\"@type\":\"PropertyValueSpecification\",\"valueRequired\":true,\"valueName\":\"search_term_string\"}}],\"inLanguage\":\"es\"},{\"@type\":\"Organization\",\"@id\":\"https:\\\/\\\/impactocastex.com.ar\\\/#organization\",\"name\":\"Impacto Castex\",\"url\":\"https:\\\/\\\/impactocastex.com.ar\\\/\",\"logo\":{\"@type\":\"ImageObject\",\"inLanguage\":\"es\",\"@id\":\"https:\\\/\\\/impactocastex.com.ar\\\/#\\\/schema\\\/logo\\\/image\\\/\",\"url\":\"https:\\\/\\\/impactocastex.com.ar\\\/wp-content\\\/uploads\\\/2025\\\/09\\\/cropped-icoweb.png\",\"contentUrl\":\"https:\\\/\\\/impactocastex.com.ar\\\/wp-content\\\/uploads\\\/2025\\\/09\\\/cropped-icoweb.png\",\"width\":512,\"height\":512,\"caption\":\"Impacto Castex\"},\"image\":{\"@id\":\"https:\\\/\\\/impactocastex.com.ar\\\/#\\\/schema\\\/logo\\\/image\\\/\"},\"sameAs\":[\"https:\\\/\\\/www.facebook.com\\\/impactocastexdiario\",\"https:\\\/\\\/www.instagram.com\\\/impactocastex.com.ar\\\/\"]},{\"@type\":\"Person\",\"@id\":\"https:\\\/\\\/impactocastex.com.ar\\\/#\\\/schema\\\/person\\\/c115028fb60f9bf49ce7550894b84ea7\",\"name\":\"impactocastex\",\"image\":{\"@type\":\"ImageObject\",\"inLanguage\":\"es\",\"@id\":\"https:\\\/\\\/secure.gravatar.com\\\/avatar\\\/fee87e7af008f02e9becdc0b5a9fd4a2e79b3918a571edeacb62211704637833?s=96&d=mm&r=g\",\"url\":\"https:\\\/\\\/secure.gravatar.com\\\/avatar\\\/fee87e7af008f02e9becdc0b5a9fd4a2e79b3918a571edeacb62211704637833?s=96&d=mm&r=g\",\"contentUrl\":\"https:\\\/\\\/secure.gravatar.com\\\/avatar\\\/fee87e7af008f02e9becdc0b5a9fd4a2e79b3918a571edeacb62211704637833?s=96&d=mm&r=g\",\"caption\":\"impactocastex\"},\"sameAs\":[\"https:\\\/\\\/impactocastex.com.ar\\\/\"],\"url\":\"https:\\\/\\\/impactocastex.com.ar\\\/?author=2\"}]}<\/script>\n<!-- \/ Yoast SEO plugin. -->","yoast_head_json":{"title":"Super Gripe H3N2: confirmaron la primera muerte y se duplicaron los casos -","robots":{"index":"index","follow":"follow","max-snippet":"max-snippet:-1","max-image-preview":"max-image-preview:large","max-video-preview":"max-video-preview:-1"},"canonical":"https:\/\/impactocastex.com.ar\/?p=8964","og_locale":"es_ES","og_type":"article","og_title":"Super Gripe H3N2: confirmaron la primera muerte y se duplicaron los casos -","og_description":"La&nbsp;primera muerte por gripe A (H3N2)&nbsp;en la Argentina se registr\u00f3 en la provincia de Mendoza....","og_url":"https:\/\/impactocastex.com.ar\/?p=8964","article_publisher":"https:\/\/www.facebook.com\/impactocastexdiario","article_published_time":"2026-01-21T12:30:00+00:00","article_modified_time":"2026-01-21T12:30:01+00:00","og_image":[{"width":700,"height":466,"url":"https:\/\/impactocastex.com.ar\/wp-content\/uploads\/2026\/01\/vacunaantigripal.jpg","type":"image\/jpeg"}],"author":"impactocastex","twitter_card":"summary_large_image","twitter_misc":{"Escrito por":"impactocastex","Tiempo de lectura":"2 minutos"},"schema":{"@context":"https:\/\/schema.org","@graph":[{"@type":"Article","@id":"https:\/\/impactocastex.com.ar\/?p=8964#article","isPartOf":{"@id":"https:\/\/impactocastex.com.ar\/?p=8964"},"author":{"name":"impactocastex","@id":"https:\/\/impactocastex.com.ar\/#\/schema\/person\/c115028fb60f9bf49ce7550894b84ea7"},"headline":"Super Gripe H3N2: confirmaron la primera muerte y se duplicaron los casos","datePublished":"2026-01-21T12:30:00+00:00","dateModified":"2026-01-21T12:30:01+00:00","mainEntityOfPage":{"@id":"https:\/\/impactocastex.com.ar\/?p=8964"},"wordCount":395,"publisher":{"@id":"https:\/\/impactocastex.com.ar\/#organization"},"image":{"@id":"https:\/\/impactocastex.com.ar\/?p=8964#primaryimage"},"thumbnailUrl":"https:\/\/impactocastex.com.ar\/wp-content\/uploads\/2026\/01\/vacunaantigripal.jpg","articleSection":["SALUD"],"inLanguage":"es"},{"@type":"WebPage","@id":"https:\/\/impactocastex.com.ar\/?p=8964","url":"https:\/\/impactocastex.com.ar\/?p=8964","name":"Super Gripe H3N2: confirmaron la primera muerte y se duplicaron los casos -","isPartOf":{"@id":"https:\/\/impactocastex.com.ar\/#website"},"primaryImageOfPage":{"@id":"https:\/\/impactocastex.com.ar\/?p=8964#primaryimage"},"image":{"@id":"https:\/\/impactocastex.com.ar\/?p=8964#primaryimage"},"thumbnailUrl":"https:\/\/impactocastex.com.ar\/wp-content\/uploads\/2026\/01\/vacunaantigripal.jpg","datePublished":"2026-01-21T12:30:00+00:00","dateModified":"2026-01-21T12:30:01+00:00","breadcrumb":{"@id":"https:\/\/impactocastex.com.ar\/?p=8964#breadcrumb"},"inLanguage":"es","potentialAction":[{"@type":"ReadAction","target":["https:\/\/impactocastex.com.ar\/?p=8964"]}]},{"@type":"ImageObject","inLanguage":"es","@id":"https:\/\/impactocastex.com.ar\/?p=8964#primaryimage","url":"https:\/\/impactocastex.com.ar\/wp-content\/uploads\/2026\/01\/vacunaantigripal.jpg","contentUrl":"https:\/\/impactocastex.com.ar\/wp-content\/uploads\/2026\/01\/vacunaantigripal.jpg","width":700,"height":466},{"@type":"BreadcrumbList","@id":"https:\/\/impactocastex.com.ar\/?p=8964#breadcrumb","itemListElement":[{"@type":"ListItem","position":1,"name":"Portada","item":"https:\/\/impactocastex.com.ar\/"},{"@type":"ListItem","position":2,"name":"Super Gripe H3N2: confirmaron la primera muerte y se duplicaron los casos"}]},{"@type":"WebSite","@id":"https:\/\/impactocastex.com.ar\/#website","url":"https:\/\/impactocastex.com.ar\/","name":"Impacto Castex","description":"","publisher":{"@id":"https:\/\/impactocastex.com.ar\/#organization"},"potentialAction":[{"@type":"SearchAction","target":{"@type":"EntryPoint","urlTemplate":"https:\/\/impactocastex.com.ar\/?s={search_term_string}"},"query-input":{"@type":"PropertyValueSpecification","valueRequired":true,"valueName":"search_term_string"}}],"inLanguage":"es"},{"@type":"Organization","@id":"https:\/\/impactocastex.com.ar\/#organization","name":"Impacto Castex","url":"https:\/\/impactocastex.com.ar\/","logo":{"@type":"ImageObject","inLanguage":"es","@id":"https:\/\/impactocastex.com.ar\/#\/schema\/logo\/image\/","url":"https:\/\/impactocastex.com.ar\/wp-content\/uploads\/2025\/09\/cropped-icoweb.png","contentUrl":"https:\/\/impactocastex.com.ar\/wp-content\/uploads\/2025\/09\/cropped-icoweb.png","width":512,"height":512,"caption":"Impacto Castex"},"image":{"@id":"https:\/\/impactocastex.com.ar\/#\/schema\/logo\/image\/"},"sameAs":["https:\/\/www.facebook.com\/impactocastexdiario","https:\/\/www.instagram.com\/impactocastex.com.ar\/"]},{"@type":"Person","@id":"https:\/\/impactocastex.com.ar\/#\/schema\/person\/c115028fb60f9bf49ce7550894b84ea7","name":"impactocastex","image":{"@type":"ImageObject","inLanguage":"es","@id":"https:\/\/secure.gravatar.com\/avatar\/fee87e7af008f02e9becdc0b5a9fd4a2e79b3918a571edeacb62211704637833?s=96&d=mm&r=g","url":"https:\/\/secure.gravatar.com\/avatar\/fee87e7af008f02e9becdc0b5a9fd4a2e79b3918a571edeacb62211704637833?s=96&d=mm&r=g","contentUrl":"https:\/\/secure.gravatar.com\/avatar\/fee87e7af008f02e9becdc0b5a9fd4a2e79b3918a571edeacb62211704637833?s=96&d=mm&r=g","caption":"impactocastex"},"sameAs":["https:\/\/impactocastex.com.ar\/"],"url":"https:\/\/impactocastex.com.ar\/?author=2"}]}},"jetpack_publicize_connections":[],"featured_image_urls":{"full":["https:\/\/impactocastex.com.ar\/wp-content\/uploads\/2026\/01\/vacunaantigripal.jpg",700,466,false],"thumbnail":["https:\/\/impactocastex.com.ar\/wp-content\/uploads\/2026\/01\/vacunaantigripal-150x150.jpg",150,150,true],"medium":["https:\/\/impactocastex.com.ar\/wp-content\/uploads\/2026\/01\/vacunaantigripal-300x200.jpg",300,200,true],"medium_large":["https:\/\/impactocastex.com.ar\/wp-content\/uploads\/2026\/01\/vacunaantigripal.jpg",640,426,false],"large":["https:\/\/impactocastex.com.ar\/wp-content\/uploads\/2026\/01\/vacunaantigripal.jpg",640,426,false],"1536x1536":["https:\/\/impactocastex.com.ar\/wp-content\/uploads\/2026\/01\/vacunaantigripal.jpg",700,466,false],"2048x2048":["https:\/\/impactocastex.com.ar\/wp-content\/uploads\/2026\/01\/vacunaantigripal.jpg",700,466,false],"newsever-slider-full":["https:\/\/impactocastex.com.ar\/wp-content\/uploads\/2026\/01\/vacunaantigripal.jpg",700,466,false],"newsever-featured":["https:\/\/impactocastex.com.ar\/wp-content\/uploads\/2026\/01\/vacunaantigripal.jpg",700,466,false],"newsever-medium":["https:\/\/impactocastex.com.ar\/wp-content\/uploads\/2026\/01\/vacunaantigripal.jpg",700,466,false]},"author_info":{"info":["impactocastex"]},"category_info":"<a href=\"https:\/\/impactocastex.com.ar\/?cat=120\" rel=\"category\">SALUD<\/a>","tag_info":"SALUD","comment_count":0,"jetpack_featured_media_url":"https:\/\/impactocastex.com.ar\/wp-content\/uploads\/2026\/01\/vacunaantigripal.jpg","jetpack_sharing_enabled":true,"jetpack_likes_enabled":true,"jetpack_shortlink":"https:\/\/wp.me\/p7sopA-2kA","_links":{"self":[{"href":"https:\/\/impactocastex.com.ar\/index.php?rest_route=\/wp\/v2\/posts\/8964","targetHints":{"allow":["GET"]}}],"collection":[{"href":"https:\/\/impactocastex.com.ar\/index.php?rest_route=\/wp\/v2\/posts"}],"about":[{"href":"https:\/\/impactocastex.com.ar\/index.php?rest_route=\/wp\/v2\/types\/post"}],"author":[{"embeddable":true,"href":"https:\/\/impactocastex.com.ar\/index.php?rest_route=\/wp\/v2\/users\/2"}],"replies":[{"embeddable":true,"href":"https:\/\/impactocastex.com.ar\/index.php?rest_route=%2Fwp%2Fv2%2Fcomments&post=8964"}],"version-history":[{"count":1,"href":"https:\/\/impactocastex.com.ar\/index.php?rest_route=\/wp\/v2\/posts\/8964\/revisions"}],"predecessor-version":[{"id":8966,"href":"https:\/\/impactocastex.com.ar\/index.php?rest_route=\/wp\/v2\/posts\/8964\/revisions\/8966"}],"wp:featuredmedia":[{"embeddable":true,"href":"https:\/\/impactocastex.com.ar\/index.php?rest_route=\/wp\/v2\/media\/8965"}],"wp:attachment":[{"href":"https:\/\/impactocastex.com.ar\/index.php?rest_route=%2Fwp%2Fv2%2Fmedia&parent=8964"}],"wp:term":[{"taxonomy":"category","embeddable":true,"href":"https:\/\/impactocastex.com.ar\/index.php?rest_route=%2Fwp%2Fv2%2Fcategories&post=8964"},{"taxonomy":"post_tag","embeddable":true,"href":"https:\/\/impactocastex.com.ar\/index.php?rest_route=%2Fwp%2Fv2%2Ftags&post=8964"}],"curies":[{"name":"wp","href":"https:\/\/api.w.org\/{rel}","templated":true}]}}