{"id":8961,"date":"2026-01-21T09:27:40","date_gmt":"2026-01-21T12:27:40","guid":{"rendered":"https:\/\/impactocastex.com.ar\/?p=8961"},"modified":"2026-01-21T09:27:43","modified_gmt":"2026-01-21T12:27:43","slug":"la-provincia-ultima-detalles-para-inaugurar-el-primer-centro-de-rehabilitacion-integral-infantil-en-santa-rosa","status":"publish","type":"post","link":"https:\/\/impactocastex.com.ar\/?p=8961","title":{"rendered":"La Provincia ultima detalles para inaugurar el primer Centro de Rehabilitaci\u00f3n Integral Infantil en Santa Rosa"},"content":{"rendered":"\n<p>La Provincia avanza en la puesta en funcionamiento del\u00a0<strong>primer Centro de Rehabilitaci\u00f3n Integral Infantil<\/strong>, una obra estrat\u00e9gica para el sistema de\u00a0<strong>Salud P\u00fablica pampeano<\/strong>\u00a0que se encuentra en su etapa final de pruebas t\u00e9cnicas y tr\u00e1mites administrativos. El edificio, ubicado en\u00a0<strong>Santa Rosa<\/strong>, ya atraviesa los \u00faltimos controles previos a su inauguraci\u00f3n.<\/p>\n\n\n\n<p>El lugar fue recorrido por el ministro de Obras y Servicios P\u00fablicos,\u00a0<strong>Alfredo Intronati<\/strong>, junto a\u00a0<strong>Laura Vigliotta<\/strong>, jefa del Servicio de Rehabilitaci\u00f3n del hospital Lucio Molas\u2013Ren\u00e9 Favaloro, y el equipo profesional que estar\u00e1 a cargo de la atenci\u00f3n. Actualmente se desarrollan pruebas en vac\u00edo para verificar el funcionamiento integral del edificio, los sistemas de climatizaci\u00f3n, el equipamiento y el mobiliario, con la obra a\u00fan bajo garant\u00eda de la empresa constructora.<\/p>\n\n\n\n<p>La inversi\u00f3n total asciende a\u00a0<strong>2.800 millones de pesos<\/strong>, actualizados a valores actuales. \u201cNosotros hacemos inauguraciones reales, con funcionamiento al d\u00eda siguiente del corte de cinta\u201d, subray\u00f3 Intronati, al remarcar que la premisa de la gesti\u00f3n es habilitar edificios plenamente operativos desde el primer momento.<\/p>\n\n\n\n<p><strong>Una obra sin antecedentes en La Pampa<\/strong><\/p>\n\n\n\n<p>El ministro destac\u00f3 que se trata de un proyecto in\u00e9dito en la Provincia. \u201cEs la primera vez que se construye un&nbsp;<strong>Centro de Rehabilitaci\u00f3n Integral Infantil<\/strong>, pensado desde el inicio para esta funci\u00f3n espec\u00edfica\u201d, se\u00f1al\u00f3. En ese sentido, explic\u00f3 que el edificio brindar\u00e1 atenci\u00f3n no solo a Santa Rosa, sino a&nbsp;<strong>ni\u00f1as, ni\u00f1os y adolescentes de todo el territorio pampeano<\/strong>.<\/p>\n\n\n\n<p>Intronati afirm\u00f3 que cada decisi\u00f3n arquitect\u00f3nica fue dise\u00f1ada en funci\u00f3n de las necesidades de las infancias y adolescencias que recibir\u00e1n atenci\u00f3n especializada, desde la movilidad interna hasta la accesibilidad y la circulaci\u00f3n. Adem\u00e1s, record\u00f3 que la obra comenz\u00f3 con financiamiento nacional, pero fue la Provincia la que garantiz\u00f3 su continuidad y finalizaci\u00f3n con&nbsp;<strong>fondos propios<\/strong>, en un contexto de redefinici\u00f3n de responsabilidades a nivel nacional.<\/p>\n\n\n\n<figure class=\"wp-block-image\"><img decoding=\"async\" src=\"https:\/\/diariotextual.com\/inicio\/wp-content\/uploads\/2026\/01\/centrodedesarrolloinfantil2026-78-1024x682.jpg\" alt=\"\" class=\"wp-image-318150\" \/><\/figure>\n\n\n\n<p><strong>Infraestructura sanitaria como pol\u00edtica de Estado<\/strong><\/p>\n\n\n\n<p>Durante la recorrida, el titular de Obras P\u00fablicas vincul\u00f3 la puesta en marcha del centro con una pol\u00edtica integral de infraestructura sanitaria impulsada por el gobernador&nbsp;<strong>Sergio Ziliotto<\/strong>. \u201cA partir de una decisi\u00f3n pol\u00edtica logramos generar edificios nuevos que van a trascender en el tiempo\u201d, afirm\u00f3.<\/p>\n\n\n\n<p>Entre las obras mencionadas se encuentran el hospital de&nbsp;<strong>nivel 4 de General Acha<\/strong>, el de&nbsp;<strong>nivel 3 de Santa Isabel<\/strong>, el hospital de&nbsp;<strong>General Pico<\/strong>, el de&nbsp;<strong>Uriburu<\/strong>&nbsp;y las ampliaciones y refacciones en centros de salud de&nbsp;<strong>Catril\u00f3, Victorica, Ingeniero Luiggi, Intendente Alvear, Trenel y Eduardo Castex<\/strong>.<\/p>\n\n\n\n<p><strong>Atenci\u00f3n integral y acompa\u00f1amiento familiar<\/strong><\/p>\n\n\n\n<p>Por su parte, la doctora&nbsp;<strong>Laura Vigliotta<\/strong>&nbsp;destac\u00f3 que el centro fue concebido con est\u00e1ndares de excelencia y una mirada integral sobre la atenci\u00f3n de pacientes que atraviesan&nbsp;<strong>tratamientos prolongados de rehabilitaci\u00f3n<\/strong>. \u201cEs un espacio pensado para acompa\u00f1ar procesos largos, fundamentales para el desarrollo y para mejorar la calidad de vida\u201d, sostuvo.<\/p>\n\n\n\n<p>La profesional remarc\u00f3 adem\u00e1s la importancia del nuevo edificio tanto para los pacientes como para los equipos de salud y las familias. Se\u00f1al\u00f3 que contar con infraestructura espec\u00edfica y funcional fortalece el trabajo interdisciplinario, humaniza la atenci\u00f3n y genera mejores condiciones para el ejercicio profesional y la recuperaci\u00f3n integral de quienes asisten al servicio.<\/p>\n\n\n\n<p>Con su pr\u00f3xima inauguraci\u00f3n, el&nbsp;<strong>Centro de Rehabilitaci\u00f3n Integral Infantil de Santa Rosa<\/strong>&nbsp;se perfila como una infraestructura clave para garantizar el&nbsp;<strong>derecho a la salud<\/strong>, mejorar la calidad de atenci\u00f3n y consolidar un sistema p\u00fablico equitativo y planificado en toda la Provincia.<\/p>\n\n\n\n<p>diariotextual<\/p>\n","protected":false},"excerpt":{"rendered":"<p>La Provincia avanza en la puesta en funcionamiento del\u00a0primer Centro de Rehabilitaci\u00f3n Integral Infantil, una&#8230;<\/p>\n","protected":false},"author":2,"featured_media":8962,"comment_status":"closed","ping_status":"closed","sticky":false,"template":"","format":"standard","meta":{"_jetpack_memberships_contains_paid_content":false,"footnotes":"","jetpack_publicize_message":"La Provincia ultima detalles para inaugurar el primer Centro de Rehabilitaci\u00f3n Integral Infantil en Santa Rosa","jetpack_publicize_feature_enabled":true,"jetpack_social_post_already_shared":false,"jetpack_social_options":{"image_generator_settings":{"template":"highway","default_image_id":0,"font":"","enabled":false},"version":2}},"categories":[83],"tags":[],"class_list":["post-8961","post","type-post","status-publish","format-standard","has-post-thumbnail","hentry","category-la-pampa"],"yoast_head":"<!-- This site is optimized with the Yoast SEO plugin v27.4 - https:\/\/yoast.com\/product\/yoast-seo-wordpress\/ -->\n<title>La Provincia ultima detalles para inaugurar el primer Centro de Rehabilitaci\u00f3n Integral Infantil en Santa Rosa -<\/title>\n<meta name=\"robots\" content=\"index, follow, max-snippet:-1, max-image-preview:large, max-video-preview:-1\" \/>\n<link rel=\"canonical\" href=\"https:\/\/impactocastex.com.ar\/?p=8961\" \/>\n<meta property=\"og:locale\" content=\"es_ES\" \/>\n<meta property=\"og:type\" content=\"article\" \/>\n<meta property=\"og:title\" content=\"La Provincia ultima detalles para inaugurar el primer Centro de Rehabilitaci\u00f3n Integral Infantil en Santa Rosa -\" \/>\n<meta property=\"og:description\" content=\"La Provincia avanza en la puesta en funcionamiento del\u00a0primer Centro de Rehabilitaci\u00f3n Integral Infantil, una...\" \/>\n<meta property=\"og:url\" content=\"https:\/\/impactocastex.com.ar\/?p=8961\" \/>\n<meta property=\"article:publisher\" content=\"https:\/\/www.facebook.com\/impactocastexdiario\" \/>\n<meta property=\"article:published_time\" content=\"2026-01-21T12:27:40+00:00\" \/>\n<meta property=\"article:modified_time\" content=\"2026-01-21T12:27:43+00:00\" \/>\n<meta property=\"og:image\" content=\"https:\/\/impactocastex.com.ar\/wp-content\/uploads\/2026\/01\/centrodedesarrolloinfantil2026-77.jpg\" \/>\n\t<meta property=\"og:image:width\" content=\"1300\" \/>\n\t<meta property=\"og:image:height\" content=\"867\" \/>\n\t<meta property=\"og:image:type\" content=\"image\/jpeg\" \/>\n<meta name=\"author\" content=\"impactocastex\" \/>\n<meta name=\"twitter:card\" content=\"summary_large_image\" \/>\n<meta name=\"twitter:label1\" content=\"Escrito por\" \/>\n\t<meta name=\"twitter:data1\" content=\"impactocastex\" \/>\n\t<meta name=\"twitter:label2\" content=\"Tiempo de lectura\" \/>\n\t<meta name=\"twitter:data2\" content=\"3 minutos\" \/>\n<script type=\"application\/ld+json\" class=\"yoast-schema-graph\">{\"@context\":\"https:\\\/\\\/schema.org\",\"@graph\":[{\"@type\":\"Article\",\"@id\":\"https:\\\/\\\/impactocastex.com.ar\\\/?p=8961#article\",\"isPartOf\":{\"@id\":\"https:\\\/\\\/impactocastex.com.ar\\\/?p=8961\"},\"author\":{\"name\":\"impactocastex\",\"@id\":\"https:\\\/\\\/impactocastex.com.ar\\\/#\\\/schema\\\/person\\\/c115028fb60f9bf49ce7550894b84ea7\"},\"headline\":\"La Provincia ultima detalles para inaugurar el primer Centro de Rehabilitaci\u00f3n Integral Infantil en Santa Rosa\",\"datePublished\":\"2026-01-21T12:27:40+00:00\",\"dateModified\":\"2026-01-21T12:27:43+00:00\",\"mainEntityOfPage\":{\"@id\":\"https:\\\/\\\/impactocastex.com.ar\\\/?p=8961\"},\"wordCount\":643,\"publisher\":{\"@id\":\"https:\\\/\\\/impactocastex.com.ar\\\/#organization\"},\"image\":{\"@id\":\"https:\\\/\\\/impactocastex.com.ar\\\/?p=8961#primaryimage\"},\"thumbnailUrl\":\"https:\\\/\\\/impactocastex.com.ar\\\/wp-content\\\/uploads\\\/2026\\\/01\\\/centrodedesarrolloinfantil2026-77.jpg\",\"articleSection\":[\"LA PAMPA\"],\"inLanguage\":\"es\"},{\"@type\":\"WebPage\",\"@id\":\"https:\\\/\\\/impactocastex.com.ar\\\/?p=8961\",\"url\":\"https:\\\/\\\/impactocastex.com.ar\\\/?p=8961\",\"name\":\"La Provincia ultima detalles para inaugurar el primer Centro de Rehabilitaci\u00f3n Integral Infantil en Santa Rosa -\",\"isPartOf\":{\"@id\":\"https:\\\/\\\/impactocastex.com.ar\\\/#website\"},\"primaryImageOfPage\":{\"@id\":\"https:\\\/\\\/impactocastex.com.ar\\\/?p=8961#primaryimage\"},\"image\":{\"@id\":\"https:\\\/\\\/impactocastex.com.ar\\\/?p=8961#primaryimage\"},\"thumbnailUrl\":\"https:\\\/\\\/impactocastex.com.ar\\\/wp-content\\\/uploads\\\/2026\\\/01\\\/centrodedesarrolloinfantil2026-77.jpg\",\"datePublished\":\"2026-01-21T12:27:40+00:00\",\"dateModified\":\"2026-01-21T12:27:43+00:00\",\"breadcrumb\":{\"@id\":\"https:\\\/\\\/impactocastex.com.ar\\\/?p=8961#breadcrumb\"},\"inLanguage\":\"es\",\"potentialAction\":[{\"@type\":\"ReadAction\",\"target\":[\"https:\\\/\\\/impactocastex.com.ar\\\/?p=8961\"]}]},{\"@type\":\"ImageObject\",\"inLanguage\":\"es\",\"@id\":\"https:\\\/\\\/impactocastex.com.ar\\\/?p=8961#primaryimage\",\"url\":\"https:\\\/\\\/impactocastex.com.ar\\\/wp-content\\\/uploads\\\/2026\\\/01\\\/centrodedesarrolloinfantil2026-77.jpg\",\"contentUrl\":\"https:\\\/\\\/impactocastex.com.ar\\\/wp-content\\\/uploads\\\/2026\\\/01\\\/centrodedesarrolloinfantil2026-77.jpg\",\"width\":1300,\"height\":867},{\"@type\":\"BreadcrumbList\",\"@id\":\"https:\\\/\\\/impactocastex.com.ar\\\/?p=8961#breadcrumb\",\"itemListElement\":[{\"@type\":\"ListItem\",\"position\":1,\"name\":\"Portada\",\"item\":\"https:\\\/\\\/impactocastex.com.ar\\\/\"},{\"@type\":\"ListItem\",\"position\":2,\"name\":\"La Provincia ultima detalles para inaugurar el primer Centro de Rehabilitaci\u00f3n Integral Infantil en Santa Rosa\"}]},{\"@type\":\"WebSite\",\"@id\":\"https:\\\/\\\/impactocastex.com.ar\\\/#website\",\"url\":\"https:\\\/\\\/impactocastex.com.ar\\\/\",\"name\":\"Impacto Castex\",\"description\":\"\",\"publisher\":{\"@id\":\"https:\\\/\\\/impactocastex.com.ar\\\/#organization\"},\"potentialAction\":[{\"@type\":\"SearchAction\",\"target\":{\"@type\":\"EntryPoint\",\"urlTemplate\":\"https:\\\/\\\/impactocastex.com.ar\\\/?s={search_term_string}\"},\"query-input\":{\"@type\":\"PropertyValueSpecification\",\"valueRequired\":true,\"valueName\":\"search_term_string\"}}],\"inLanguage\":\"es\"},{\"@type\":\"Organization\",\"@id\":\"https:\\\/\\\/impactocastex.com.ar\\\/#organization\",\"name\":\"Impacto Castex\",\"url\":\"https:\\\/\\\/impactocastex.com.ar\\\/\",\"logo\":{\"@type\":\"ImageObject\",\"inLanguage\":\"es\",\"@id\":\"https:\\\/\\\/impactocastex.com.ar\\\/#\\\/schema\\\/logo\\\/image\\\/\",\"url\":\"https:\\\/\\\/impactocastex.com.ar\\\/wp-content\\\/uploads\\\/2025\\\/09\\\/cropped-icoweb.png\",\"contentUrl\":\"https:\\\/\\\/impactocastex.com.ar\\\/wp-content\\\/uploads\\\/2025\\\/09\\\/cropped-icoweb.png\",\"width\":512,\"height\":512,\"caption\":\"Impacto Castex\"},\"image\":{\"@id\":\"https:\\\/\\\/impactocastex.com.ar\\\/#\\\/schema\\\/logo\\\/image\\\/\"},\"sameAs\":[\"https:\\\/\\\/www.facebook.com\\\/impactocastexdiario\",\"https:\\\/\\\/www.instagram.com\\\/impactocastex.com.ar\\\/\"]},{\"@type\":\"Person\",\"@id\":\"https:\\\/\\\/impactocastex.com.ar\\\/#\\\/schema\\\/person\\\/c115028fb60f9bf49ce7550894b84ea7\",\"name\":\"impactocastex\",\"image\":{\"@type\":\"ImageObject\",\"inLanguage\":\"es\",\"@id\":\"https:\\\/\\\/secure.gravatar.com\\\/avatar\\\/fee87e7af008f02e9becdc0b5a9fd4a2e79b3918a571edeacb62211704637833?s=96&d=mm&r=g\",\"url\":\"https:\\\/\\\/secure.gravatar.com\\\/avatar\\\/fee87e7af008f02e9becdc0b5a9fd4a2e79b3918a571edeacb62211704637833?s=96&d=mm&r=g\",\"contentUrl\":\"https:\\\/\\\/secure.gravatar.com\\\/avatar\\\/fee87e7af008f02e9becdc0b5a9fd4a2e79b3918a571edeacb62211704637833?s=96&d=mm&r=g\",\"caption\":\"impactocastex\"},\"sameAs\":[\"https:\\\/\\\/impactocastex.com.ar\\\/\"],\"url\":\"https:\\\/\\\/impactocastex.com.ar\\\/?author=2\"}]}<\/script>\n<!-- \/ Yoast SEO plugin. -->","yoast_head_json":{"title":"La Provincia ultima detalles para inaugurar el primer Centro de Rehabilitaci\u00f3n Integral Infantil en Santa Rosa -","robots":{"index":"index","follow":"follow","max-snippet":"max-snippet:-1","max-image-preview":"max-image-preview:large","max-video-preview":"max-video-preview:-1"},"canonical":"https:\/\/impactocastex.com.ar\/?p=8961","og_locale":"es_ES","og_type":"article","og_title":"La Provincia ultima detalles para inaugurar el primer Centro de Rehabilitaci\u00f3n Integral Infantil en Santa Rosa -","og_description":"La Provincia avanza en la puesta en funcionamiento del\u00a0primer Centro de Rehabilitaci\u00f3n Integral Infantil, una...","og_url":"https:\/\/impactocastex.com.ar\/?p=8961","article_publisher":"https:\/\/www.facebook.com\/impactocastexdiario","article_published_time":"2026-01-21T12:27:40+00:00","article_modified_time":"2026-01-21T12:27:43+00:00","og_image":[{"width":1300,"height":867,"url":"https:\/\/impactocastex.com.ar\/wp-content\/uploads\/2026\/01\/centrodedesarrolloinfantil2026-77.jpg","type":"image\/jpeg"}],"author":"impactocastex","twitter_card":"summary_large_image","twitter_misc":{"Escrito por":"impactocastex","Tiempo de lectura":"3 minutos"},"schema":{"@context":"https:\/\/schema.org","@graph":[{"@type":"Article","@id":"https:\/\/impactocastex.com.ar\/?p=8961#article","isPartOf":{"@id":"https:\/\/impactocastex.com.ar\/?p=8961"},"author":{"name":"impactocastex","@id":"https:\/\/impactocastex.com.ar\/#\/schema\/person\/c115028fb60f9bf49ce7550894b84ea7"},"headline":"La Provincia ultima detalles para inaugurar el primer Centro de Rehabilitaci\u00f3n Integral Infantil en Santa Rosa","datePublished":"2026-01-21T12:27:40+00:00","dateModified":"2026-01-21T12:27:43+00:00","mainEntityOfPage":{"@id":"https:\/\/impactocastex.com.ar\/?p=8961"},"wordCount":643,"publisher":{"@id":"https:\/\/impactocastex.com.ar\/#organization"},"image":{"@id":"https:\/\/impactocastex.com.ar\/?p=8961#primaryimage"},"thumbnailUrl":"https:\/\/impactocastex.com.ar\/wp-content\/uploads\/2026\/01\/centrodedesarrolloinfantil2026-77.jpg","articleSection":["LA PAMPA"],"inLanguage":"es"},{"@type":"WebPage","@id":"https:\/\/impactocastex.com.ar\/?p=8961","url":"https:\/\/impactocastex.com.ar\/?p=8961","name":"La Provincia ultima detalles para inaugurar el primer Centro de Rehabilitaci\u00f3n Integral Infantil en Santa Rosa -","isPartOf":{"@id":"https:\/\/impactocastex.com.ar\/#website"},"primaryImageOfPage":{"@id":"https:\/\/impactocastex.com.ar\/?p=8961#primaryimage"},"image":{"@id":"https:\/\/impactocastex.com.ar\/?p=8961#primaryimage"},"thumbnailUrl":"https:\/\/impactocastex.com.ar\/wp-content\/uploads\/2026\/01\/centrodedesarrolloinfantil2026-77.jpg","datePublished":"2026-01-21T12:27:40+00:00","dateModified":"2026-01-21T12:27:43+00:00","breadcrumb":{"@id":"https:\/\/impactocastex.com.ar\/?p=8961#breadcrumb"},"inLanguage":"es","potentialAction":[{"@type":"ReadAction","target":["https:\/\/impactocastex.com.ar\/?p=8961"]}]},{"@type":"ImageObject","inLanguage":"es","@id":"https:\/\/impactocastex.com.ar\/?p=8961#primaryimage","url":"https:\/\/impactocastex.com.ar\/wp-content\/uploads\/2026\/01\/centrodedesarrolloinfantil2026-77.jpg","contentUrl":"https:\/\/impactocastex.com.ar\/wp-content\/uploads\/2026\/01\/centrodedesarrolloinfantil2026-77.jpg","width":1300,"height":867},{"@type":"BreadcrumbList","@id":"https:\/\/impactocastex.com.ar\/?p=8961#breadcrumb","itemListElement":[{"@type":"ListItem","position":1,"name":"Portada","item":"https:\/\/impactocastex.com.ar\/"},{"@type":"ListItem","position":2,"name":"La Provincia ultima detalles para inaugurar el primer Centro de Rehabilitaci\u00f3n Integral Infantil en Santa Rosa"}]},{"@type":"WebSite","@id":"https:\/\/impactocastex.com.ar\/#website","url":"https:\/\/impactocastex.com.ar\/","name":"Impacto Castex","description":"","publisher":{"@id":"https:\/\/impactocastex.com.ar\/#organization"},"potentialAction":[{"@type":"SearchAction","target":{"@type":"EntryPoint","urlTemplate":"https:\/\/impactocastex.com.ar\/?s={search_term_string}"},"query-input":{"@type":"PropertyValueSpecification","valueRequired":true,"valueName":"search_term_string"}}],"inLanguage":"es"},{"@type":"Organization","@id":"https:\/\/impactocastex.com.ar\/#organization","name":"Impacto Castex","url":"https:\/\/impactocastex.com.ar\/","logo":{"@type":"ImageObject","inLanguage":"es","@id":"https:\/\/impactocastex.com.ar\/#\/schema\/logo\/image\/","url":"https:\/\/impactocastex.com.ar\/wp-content\/uploads\/2025\/09\/cropped-icoweb.png","contentUrl":"https:\/\/impactocastex.com.ar\/wp-content\/uploads\/2025\/09\/cropped-icoweb.png","width":512,"height":512,"caption":"Impacto Castex"},"image":{"@id":"https:\/\/impactocastex.com.ar\/#\/schema\/logo\/image\/"},"sameAs":["https:\/\/www.facebook.com\/impactocastexdiario","https:\/\/www.instagram.com\/impactocastex.com.ar\/"]},{"@type":"Person","@id":"https:\/\/impactocastex.com.ar\/#\/schema\/person\/c115028fb60f9bf49ce7550894b84ea7","name":"impactocastex","image":{"@type":"ImageObject","inLanguage":"es","@id":"https:\/\/secure.gravatar.com\/avatar\/fee87e7af008f02e9becdc0b5a9fd4a2e79b3918a571edeacb62211704637833?s=96&d=mm&r=g","url":"https:\/\/secure.gravatar.com\/avatar\/fee87e7af008f02e9becdc0b5a9fd4a2e79b3918a571edeacb62211704637833?s=96&d=mm&r=g","contentUrl":"https:\/\/secure.gravatar.com\/avatar\/fee87e7af008f02e9becdc0b5a9fd4a2e79b3918a571edeacb62211704637833?s=96&d=mm&r=g","caption":"impactocastex"},"sameAs":["https:\/\/impactocastex.com.ar\/"],"url":"https:\/\/impactocastex.com.ar\/?author=2"}]}},"jetpack_publicize_connections":[],"featured_image_urls":{"full":["https:\/\/impactocastex.com.ar\/wp-content\/uploads\/2026\/01\/centrodedesarrolloinfantil2026-77.jpg",1300,867,false],"thumbnail":["https:\/\/impactocastex.com.ar\/wp-content\/uploads\/2026\/01\/centrodedesarrolloinfantil2026-77-150x150.jpg",150,150,true],"medium":["https:\/\/impactocastex.com.ar\/wp-content\/uploads\/2026\/01\/centrodedesarrolloinfantil2026-77-300x200.jpg",300,200,true],"medium_large":["https:\/\/impactocastex.com.ar\/wp-content\/uploads\/2026\/01\/centrodedesarrolloinfantil2026-77-768x512.jpg",640,427,true],"large":["https:\/\/impactocastex.com.ar\/wp-content\/uploads\/2026\/01\/centrodedesarrolloinfantil2026-77-1024x683.jpg",640,427,true],"1536x1536":["https:\/\/impactocastex.com.ar\/wp-content\/uploads\/2026\/01\/centrodedesarrolloinfantil2026-77.jpg",1300,867,false],"2048x2048":["https:\/\/impactocastex.com.ar\/wp-content\/uploads\/2026\/01\/centrodedesarrolloinfantil2026-77.jpg",1300,867,false],"newsever-slider-full":["https:\/\/impactocastex.com.ar\/wp-content\/uploads\/2026\/01\/centrodedesarrolloinfantil2026-77-1280x845.jpg",1280,845,true],"newsever-featured":["https:\/\/impactocastex.com.ar\/wp-content\/uploads\/2026\/01\/centrodedesarrolloinfantil2026-77-1024x683.jpg",1024,683,true],"newsever-medium":["https:\/\/impactocastex.com.ar\/wp-content\/uploads\/2026\/01\/centrodedesarrolloinfantil2026-77-720x475.jpg",720,475,true]},"author_info":{"info":["impactocastex"]},"category_info":"<a href=\"https:\/\/impactocastex.com.ar\/?cat=83\" rel=\"category\">LA PAMPA<\/a>","tag_info":"LA PAMPA","comment_count":0,"jetpack_featured_media_url":"https:\/\/impactocastex.com.ar\/wp-content\/uploads\/2026\/01\/centrodedesarrolloinfantil2026-77.jpg","jetpack_sharing_enabled":true,"jetpack_likes_enabled":true,"jetpack_shortlink":"https:\/\/wp.me\/p7sopA-2kx","_links":{"self":[{"href":"https:\/\/impactocastex.com.ar\/index.php?rest_route=\/wp\/v2\/posts\/8961","targetHints":{"allow":["GET"]}}],"collection":[{"href":"https:\/\/impactocastex.com.ar\/index.php?rest_route=\/wp\/v2\/posts"}],"about":[{"href":"https:\/\/impactocastex.com.ar\/index.php?rest_route=\/wp\/v2\/types\/post"}],"author":[{"embeddable":true,"href":"https:\/\/impactocastex.com.ar\/index.php?rest_route=\/wp\/v2\/users\/2"}],"replies":[{"embeddable":true,"href":"https:\/\/impactocastex.com.ar\/index.php?rest_route=%2Fwp%2Fv2%2Fcomments&post=8961"}],"version-history":[{"count":1,"href":"https:\/\/impactocastex.com.ar\/index.php?rest_route=\/wp\/v2\/posts\/8961\/revisions"}],"predecessor-version":[{"id":8963,"href":"https:\/\/impactocastex.com.ar\/index.php?rest_route=\/wp\/v2\/posts\/8961\/revisions\/8963"}],"wp:featuredmedia":[{"embeddable":true,"href":"https:\/\/impactocastex.com.ar\/index.php?rest_route=\/wp\/v2\/media\/8962"}],"wp:attachment":[{"href":"https:\/\/impactocastex.com.ar\/index.php?rest_route=%2Fwp%2Fv2%2Fmedia&parent=8961"}],"wp:term":[{"taxonomy":"category","embeddable":true,"href":"https:\/\/impactocastex.com.ar\/index.php?rest_route=%2Fwp%2Fv2%2Fcategories&post=8961"},{"taxonomy":"post_tag","embeddable":true,"href":"https:\/\/impactocastex.com.ar\/index.php?rest_route=%2Fwp%2Fv2%2Ftags&post=8961"}],"curies":[{"name":"wp","href":"https:\/\/api.w.org\/{rel}","templated":true}]}}