{"id":8947,"date":"2026-01-21T09:16:57","date_gmt":"2026-01-21T12:16:57","guid":{"rendered":"https:\/\/impactocastex.com.ar\/?p=8947"},"modified":"2026-01-21T09:16:59","modified_gmt":"2026-01-21T12:16:59","slug":"los-mensajes-de-despedida-para-el-chico-de-12-anos-que-murio-en-un-enfrentamiento-con-la-policia","status":"publish","type":"post","link":"https:\/\/impactocastex.com.ar\/?p=8947","title":{"rendered":"Los mensajes de despedida para el chico de 12 a\u00f1os que muri\u00f3 en un enfrentamiento con la Polic\u00eda"},"content":{"rendered":"\n<p>Familiares y amigos del&nbsp;chico de 12 a\u00f1os que muri\u00f3 en un enfrentamiento armado&nbsp;con la Polic\u00eda, compartieron en redes sociales&nbsp;mensajes de despedida. El episodio ocurri\u00f3 el martes a la madrugada en el partido de Tres de Febrero.<\/p>\n\n\n\n<p>Uriel Alejandro Gim\u00e9nez&nbsp;particip\u00f3 de una&nbsp;persecuci\u00f3n policial, cuando viajaba a bordo de un&nbsp;Fiat Uno Van Fire&nbsp;junto a dos sospechosos.<\/p>\n\n\n\n<p>Cuando los sospechosos advirtieron que estaban siendo seguidos, escaparon mientras&nbsp;abr\u00edan fuego contra los efectivos. En ese momento,&nbsp;se inici\u00f3 un tiroteo&nbsp;y los delincuentes se dieron a la fuga.<\/p>\n\n\n\n<p>En el auto encontraron vainas servidas y el cuerpo de Uriel, quien muri\u00f3 tras recibir&nbsp;disparos de arma de fuego.<\/p>\n\n\n\n<p>Los seres queridos del chico publicaron una serie de fotos e historias de Instagram dedicadas a \u00e9l con el hashtag&nbsp;#uriporsiempre.<\/p>\n\n\n\n<p>Su hermana le hizo una dedicatoria: \u201cMi amor de la hermana,&nbsp;me dejaste destrozada. Te amo por el resto de mi vida. Descansa en paz\u201d.<\/p>\n\n\n\n<p>En las publicaciones se observa al chico&nbsp;empu\u00f1ando armas y a bordo de diferentes motos.&nbsp;\u201cRobate el cielo, chispita\u201d, comentaron en un video con fotos suyas para recordarlo.<\/p>\n\n\n\n<p>Seg\u00fan confirmaron fuentes del caso, el chico hab\u00eda participado de otro hecho delictivo, en una causa por encubrimiento, tramitada en la comisaria 11 de Tres de Febrero.<\/p>\n\n\n\n<p>El caso qued\u00f3 en manos de la UFI N\u00b06, que dispuso pericias a cargo de la Gendarmer\u00eda Nacional y caratul\u00f3 el hecho como homicidio agravado por el uso de arma de fuego.<\/p>\n\n\n\n<p>A su vez, un subteniente qued\u00f3 imputado por el asesinato, mientras que contin\u00faa la b\u00fasqueda de los dos pr\u00f3fugos que lograron escapar tras el tiroteo.<\/p>\n\n\n\n<figure class=\"wp-block-image size-full\"><img loading=\"lazy\" decoding=\"async\" width=\"626\" height=\"812\" src=\"https:\/\/impactocastex.com.ar\/wp-content\/uploads\/2026\/01\/image-5.png\" alt=\"\" class=\"wp-image-8948\" srcset=\"https:\/\/impactocastex.com.ar\/wp-content\/uploads\/2026\/01\/image-5.png 626w, https:\/\/impactocastex.com.ar\/wp-content\/uploads\/2026\/01\/image-5-231x300.png 231w\" sizes=\"auto, (max-width: 626px) 100vw, 626px\" \/><\/figure>\n\n\n\n<figure class=\"wp-block-image size-full\"><img loading=\"lazy\" decoding=\"async\" width=\"654\" height=\"382\" src=\"https:\/\/impactocastex.com.ar\/wp-content\/uploads\/2026\/01\/image-6.png\" alt=\"\" class=\"wp-image-8949\" srcset=\"https:\/\/impactocastex.com.ar\/wp-content\/uploads\/2026\/01\/image-6.png 654w, https:\/\/impactocastex.com.ar\/wp-content\/uploads\/2026\/01\/image-6-300x175.png 300w\" sizes=\"auto, (max-width: 654px) 100vw, 654px\" \/><\/figure>\n","protected":false},"excerpt":{"rendered":"<p>Familiares y amigos del&nbsp;chico de 12 a\u00f1os que muri\u00f3 en un enfrentamiento armado&nbsp;con la Polic\u00eda,&#8230;<\/p>\n","protected":false},"author":2,"featured_media":8950,"comment_status":"closed","ping_status":"closed","sticky":false,"template":"","format":"standard","meta":{"_jetpack_memberships_contains_paid_content":false,"footnotes":"","jetpack_publicize_message":"Los mensajes de despedida para el chico de 12 a\u00f1os que muri\u00f3 en un enfrentamiento con la Polic\u00eda","jetpack_publicize_feature_enabled":true,"jetpack_social_post_already_shared":false,"jetpack_social_options":{"image_generator_settings":{"template":"highway","default_image_id":0,"font":"","enabled":false},"version":2}},"categories":[85],"tags":[],"class_list":["post-8947","post","type-post","status-publish","format-standard","has-post-thumbnail","hentry","category-policiales"],"yoast_head":"<!-- This site is optimized with the Yoast SEO plugin v27.4 - https:\/\/yoast.com\/product\/yoast-seo-wordpress\/ -->\n<title>Los mensajes de despedida para el chico de 12 a\u00f1os que muri\u00f3 en un enfrentamiento con la Polic\u00eda -<\/title>\n<meta name=\"robots\" content=\"index, follow, max-snippet:-1, max-image-preview:large, max-video-preview:-1\" \/>\n<link rel=\"canonical\" href=\"https:\/\/impactocastex.com.ar\/?p=8947\" \/>\n<meta property=\"og:locale\" content=\"es_ES\" \/>\n<meta property=\"og:type\" content=\"article\" \/>\n<meta property=\"og:title\" content=\"Los mensajes de despedida para el chico de 12 a\u00f1os que muri\u00f3 en un enfrentamiento con la Polic\u00eda -\" \/>\n<meta property=\"og:description\" content=\"Familiares y amigos del&nbsp;chico de 12 a\u00f1os que muri\u00f3 en un enfrentamiento armado&nbsp;con la Polic\u00eda,...\" \/>\n<meta property=\"og:url\" content=\"https:\/\/impactocastex.com.ar\/?p=8947\" \/>\n<meta property=\"article:publisher\" content=\"https:\/\/www.facebook.com\/impactocastexdiario\" \/>\n<meta property=\"article:published_time\" content=\"2026-01-21T12:16:57+00:00\" \/>\n<meta property=\"article:modified_time\" content=\"2026-01-21T12:16:59+00:00\" \/>\n<meta property=\"og:image\" content=\"https:\/\/impactocastex.com.ar\/wp-content\/uploads\/2026\/01\/254853.png\" \/>\n\t<meta property=\"og:image:width\" content=\"654\" \/>\n\t<meta property=\"og:image:height\" content=\"382\" \/>\n\t<meta property=\"og:image:type\" content=\"image\/png\" \/>\n<meta name=\"author\" content=\"impactocastex\" \/>\n<meta name=\"twitter:card\" content=\"summary_large_image\" \/>\n<meta name=\"twitter:label1\" content=\"Escrito por\" \/>\n\t<meta name=\"twitter:data1\" content=\"impactocastex\" \/>\n\t<meta name=\"twitter:label2\" content=\"Tiempo de lectura\" \/>\n\t<meta name=\"twitter:data2\" content=\"2 minutos\" \/>\n<script type=\"application\/ld+json\" class=\"yoast-schema-graph\">{\"@context\":\"https:\\\/\\\/schema.org\",\"@graph\":[{\"@type\":\"Article\",\"@id\":\"https:\\\/\\\/impactocastex.com.ar\\\/?p=8947#article\",\"isPartOf\":{\"@id\":\"https:\\\/\\\/impactocastex.com.ar\\\/?p=8947\"},\"author\":{\"name\":\"impactocastex\",\"@id\":\"https:\\\/\\\/impactocastex.com.ar\\\/#\\\/schema\\\/person\\\/c115028fb60f9bf49ce7550894b84ea7\"},\"headline\":\"Los mensajes de despedida para el chico de 12 a\u00f1os que muri\u00f3 en un enfrentamiento con la Polic\u00eda\",\"datePublished\":\"2026-01-21T12:16:57+00:00\",\"dateModified\":\"2026-01-21T12:16:59+00:00\",\"mainEntityOfPage\":{\"@id\":\"https:\\\/\\\/impactocastex.com.ar\\\/?p=8947\"},\"wordCount\":313,\"publisher\":{\"@id\":\"https:\\\/\\\/impactocastex.com.ar\\\/#organization\"},\"image\":{\"@id\":\"https:\\\/\\\/impactocastex.com.ar\\\/?p=8947#primaryimage\"},\"thumbnailUrl\":\"https:\\\/\\\/impactocastex.com.ar\\\/wp-content\\\/uploads\\\/2026\\\/01\\\/254853.png\",\"articleSection\":[\"POLICIALES\"],\"inLanguage\":\"es\"},{\"@type\":\"WebPage\",\"@id\":\"https:\\\/\\\/impactocastex.com.ar\\\/?p=8947\",\"url\":\"https:\\\/\\\/impactocastex.com.ar\\\/?p=8947\",\"name\":\"Los mensajes de despedida para el chico de 12 a\u00f1os que muri\u00f3 en un enfrentamiento con la Polic\u00eda -\",\"isPartOf\":{\"@id\":\"https:\\\/\\\/impactocastex.com.ar\\\/#website\"},\"primaryImageOfPage\":{\"@id\":\"https:\\\/\\\/impactocastex.com.ar\\\/?p=8947#primaryimage\"},\"image\":{\"@id\":\"https:\\\/\\\/impactocastex.com.ar\\\/?p=8947#primaryimage\"},\"thumbnailUrl\":\"https:\\\/\\\/impactocastex.com.ar\\\/wp-content\\\/uploads\\\/2026\\\/01\\\/254853.png\",\"datePublished\":\"2026-01-21T12:16:57+00:00\",\"dateModified\":\"2026-01-21T12:16:59+00:00\",\"breadcrumb\":{\"@id\":\"https:\\\/\\\/impactocastex.com.ar\\\/?p=8947#breadcrumb\"},\"inLanguage\":\"es\",\"potentialAction\":[{\"@type\":\"ReadAction\",\"target\":[\"https:\\\/\\\/impactocastex.com.ar\\\/?p=8947\"]}]},{\"@type\":\"ImageObject\",\"inLanguage\":\"es\",\"@id\":\"https:\\\/\\\/impactocastex.com.ar\\\/?p=8947#primaryimage\",\"url\":\"https:\\\/\\\/impactocastex.com.ar\\\/wp-content\\\/uploads\\\/2026\\\/01\\\/254853.png\",\"contentUrl\":\"https:\\\/\\\/impactocastex.com.ar\\\/wp-content\\\/uploads\\\/2026\\\/01\\\/254853.png\",\"width\":654,\"height\":382},{\"@type\":\"BreadcrumbList\",\"@id\":\"https:\\\/\\\/impactocastex.com.ar\\\/?p=8947#breadcrumb\",\"itemListElement\":[{\"@type\":\"ListItem\",\"position\":1,\"name\":\"Portada\",\"item\":\"https:\\\/\\\/impactocastex.com.ar\\\/\"},{\"@type\":\"ListItem\",\"position\":2,\"name\":\"Los mensajes de despedida para el chico de 12 a\u00f1os que muri\u00f3 en un enfrentamiento con la Polic\u00eda\"}]},{\"@type\":\"WebSite\",\"@id\":\"https:\\\/\\\/impactocastex.com.ar\\\/#website\",\"url\":\"https:\\\/\\\/impactocastex.com.ar\\\/\",\"name\":\"Impacto Castex\",\"description\":\"\",\"publisher\":{\"@id\":\"https:\\\/\\\/impactocastex.com.ar\\\/#organization\"},\"potentialAction\":[{\"@type\":\"SearchAction\",\"target\":{\"@type\":\"EntryPoint\",\"urlTemplate\":\"https:\\\/\\\/impactocastex.com.ar\\\/?s={search_term_string}\"},\"query-input\":{\"@type\":\"PropertyValueSpecification\",\"valueRequired\":true,\"valueName\":\"search_term_string\"}}],\"inLanguage\":\"es\"},{\"@type\":\"Organization\",\"@id\":\"https:\\\/\\\/impactocastex.com.ar\\\/#organization\",\"name\":\"Impacto Castex\",\"url\":\"https:\\\/\\\/impactocastex.com.ar\\\/\",\"logo\":{\"@type\":\"ImageObject\",\"inLanguage\":\"es\",\"@id\":\"https:\\\/\\\/impactocastex.com.ar\\\/#\\\/schema\\\/logo\\\/image\\\/\",\"url\":\"https:\\\/\\\/impactocastex.com.ar\\\/wp-content\\\/uploads\\\/2025\\\/09\\\/cropped-icoweb.png\",\"contentUrl\":\"https:\\\/\\\/impactocastex.com.ar\\\/wp-content\\\/uploads\\\/2025\\\/09\\\/cropped-icoweb.png\",\"width\":512,\"height\":512,\"caption\":\"Impacto Castex\"},\"image\":{\"@id\":\"https:\\\/\\\/impactocastex.com.ar\\\/#\\\/schema\\\/logo\\\/image\\\/\"},\"sameAs\":[\"https:\\\/\\\/www.facebook.com\\\/impactocastexdiario\",\"https:\\\/\\\/www.instagram.com\\\/impactocastex.com.ar\\\/\"]},{\"@type\":\"Person\",\"@id\":\"https:\\\/\\\/impactocastex.com.ar\\\/#\\\/schema\\\/person\\\/c115028fb60f9bf49ce7550894b84ea7\",\"name\":\"impactocastex\",\"image\":{\"@type\":\"ImageObject\",\"inLanguage\":\"es\",\"@id\":\"https:\\\/\\\/secure.gravatar.com\\\/avatar\\\/fee87e7af008f02e9becdc0b5a9fd4a2e79b3918a571edeacb62211704637833?s=96&d=mm&r=g\",\"url\":\"https:\\\/\\\/secure.gravatar.com\\\/avatar\\\/fee87e7af008f02e9becdc0b5a9fd4a2e79b3918a571edeacb62211704637833?s=96&d=mm&r=g\",\"contentUrl\":\"https:\\\/\\\/secure.gravatar.com\\\/avatar\\\/fee87e7af008f02e9becdc0b5a9fd4a2e79b3918a571edeacb62211704637833?s=96&d=mm&r=g\",\"caption\":\"impactocastex\"},\"sameAs\":[\"https:\\\/\\\/impactocastex.com.ar\\\/\"],\"url\":\"https:\\\/\\\/impactocastex.com.ar\\\/?author=2\"}]}<\/script>\n<!-- \/ Yoast SEO plugin. -->","yoast_head_json":{"title":"Los mensajes de despedida para el chico de 12 a\u00f1os que muri\u00f3 en un enfrentamiento con la Polic\u00eda -","robots":{"index":"index","follow":"follow","max-snippet":"max-snippet:-1","max-image-preview":"max-image-preview:large","max-video-preview":"max-video-preview:-1"},"canonical":"https:\/\/impactocastex.com.ar\/?p=8947","og_locale":"es_ES","og_type":"article","og_title":"Los mensajes de despedida para el chico de 12 a\u00f1os que muri\u00f3 en un enfrentamiento con la Polic\u00eda -","og_description":"Familiares y amigos del&nbsp;chico de 12 a\u00f1os que muri\u00f3 en un enfrentamiento armado&nbsp;con la Polic\u00eda,...","og_url":"https:\/\/impactocastex.com.ar\/?p=8947","article_publisher":"https:\/\/www.facebook.com\/impactocastexdiario","article_published_time":"2026-01-21T12:16:57+00:00","article_modified_time":"2026-01-21T12:16:59+00:00","og_image":[{"width":654,"height":382,"url":"https:\/\/impactocastex.com.ar\/wp-content\/uploads\/2026\/01\/254853.png","type":"image\/png"}],"author":"impactocastex","twitter_card":"summary_large_image","twitter_misc":{"Escrito por":"impactocastex","Tiempo de lectura":"2 minutos"},"schema":{"@context":"https:\/\/schema.org","@graph":[{"@type":"Article","@id":"https:\/\/impactocastex.com.ar\/?p=8947#article","isPartOf":{"@id":"https:\/\/impactocastex.com.ar\/?p=8947"},"author":{"name":"impactocastex","@id":"https:\/\/impactocastex.com.ar\/#\/schema\/person\/c115028fb60f9bf49ce7550894b84ea7"},"headline":"Los mensajes de despedida para el chico de 12 a\u00f1os que muri\u00f3 en un enfrentamiento con la Polic\u00eda","datePublished":"2026-01-21T12:16:57+00:00","dateModified":"2026-01-21T12:16:59+00:00","mainEntityOfPage":{"@id":"https:\/\/impactocastex.com.ar\/?p=8947"},"wordCount":313,"publisher":{"@id":"https:\/\/impactocastex.com.ar\/#organization"},"image":{"@id":"https:\/\/impactocastex.com.ar\/?p=8947#primaryimage"},"thumbnailUrl":"https:\/\/impactocastex.com.ar\/wp-content\/uploads\/2026\/01\/254853.png","articleSection":["POLICIALES"],"inLanguage":"es"},{"@type":"WebPage","@id":"https:\/\/impactocastex.com.ar\/?p=8947","url":"https:\/\/impactocastex.com.ar\/?p=8947","name":"Los mensajes de despedida para el chico de 12 a\u00f1os que muri\u00f3 en un enfrentamiento con la Polic\u00eda -","isPartOf":{"@id":"https:\/\/impactocastex.com.ar\/#website"},"primaryImageOfPage":{"@id":"https:\/\/impactocastex.com.ar\/?p=8947#primaryimage"},"image":{"@id":"https:\/\/impactocastex.com.ar\/?p=8947#primaryimage"},"thumbnailUrl":"https:\/\/impactocastex.com.ar\/wp-content\/uploads\/2026\/01\/254853.png","datePublished":"2026-01-21T12:16:57+00:00","dateModified":"2026-01-21T12:16:59+00:00","breadcrumb":{"@id":"https:\/\/impactocastex.com.ar\/?p=8947#breadcrumb"},"inLanguage":"es","potentialAction":[{"@type":"ReadAction","target":["https:\/\/impactocastex.com.ar\/?p=8947"]}]},{"@type":"ImageObject","inLanguage":"es","@id":"https:\/\/impactocastex.com.ar\/?p=8947#primaryimage","url":"https:\/\/impactocastex.com.ar\/wp-content\/uploads\/2026\/01\/254853.png","contentUrl":"https:\/\/impactocastex.com.ar\/wp-content\/uploads\/2026\/01\/254853.png","width":654,"height":382},{"@type":"BreadcrumbList","@id":"https:\/\/impactocastex.com.ar\/?p=8947#breadcrumb","itemListElement":[{"@type":"ListItem","position":1,"name":"Portada","item":"https:\/\/impactocastex.com.ar\/"},{"@type":"ListItem","position":2,"name":"Los mensajes de despedida para el chico de 12 a\u00f1os que muri\u00f3 en un enfrentamiento con la Polic\u00eda"}]},{"@type":"WebSite","@id":"https:\/\/impactocastex.com.ar\/#website","url":"https:\/\/impactocastex.com.ar\/","name":"Impacto Castex","description":"","publisher":{"@id":"https:\/\/impactocastex.com.ar\/#organization"},"potentialAction":[{"@type":"SearchAction","target":{"@type":"EntryPoint","urlTemplate":"https:\/\/impactocastex.com.ar\/?s={search_term_string}"},"query-input":{"@type":"PropertyValueSpecification","valueRequired":true,"valueName":"search_term_string"}}],"inLanguage":"es"},{"@type":"Organization","@id":"https:\/\/impactocastex.com.ar\/#organization","name":"Impacto Castex","url":"https:\/\/impactocastex.com.ar\/","logo":{"@type":"ImageObject","inLanguage":"es","@id":"https:\/\/impactocastex.com.ar\/#\/schema\/logo\/image\/","url":"https:\/\/impactocastex.com.ar\/wp-content\/uploads\/2025\/09\/cropped-icoweb.png","contentUrl":"https:\/\/impactocastex.com.ar\/wp-content\/uploads\/2025\/09\/cropped-icoweb.png","width":512,"height":512,"caption":"Impacto Castex"},"image":{"@id":"https:\/\/impactocastex.com.ar\/#\/schema\/logo\/image\/"},"sameAs":["https:\/\/www.facebook.com\/impactocastexdiario","https:\/\/www.instagram.com\/impactocastex.com.ar\/"]},{"@type":"Person","@id":"https:\/\/impactocastex.com.ar\/#\/schema\/person\/c115028fb60f9bf49ce7550894b84ea7","name":"impactocastex","image":{"@type":"ImageObject","inLanguage":"es","@id":"https:\/\/secure.gravatar.com\/avatar\/fee87e7af008f02e9becdc0b5a9fd4a2e79b3918a571edeacb62211704637833?s=96&d=mm&r=g","url":"https:\/\/secure.gravatar.com\/avatar\/fee87e7af008f02e9becdc0b5a9fd4a2e79b3918a571edeacb62211704637833?s=96&d=mm&r=g","contentUrl":"https:\/\/secure.gravatar.com\/avatar\/fee87e7af008f02e9becdc0b5a9fd4a2e79b3918a571edeacb62211704637833?s=96&d=mm&r=g","caption":"impactocastex"},"sameAs":["https:\/\/impactocastex.com.ar\/"],"url":"https:\/\/impactocastex.com.ar\/?author=2"}]}},"jetpack_publicize_connections":[],"featured_image_urls":{"full":["https:\/\/impactocastex.com.ar\/wp-content\/uploads\/2026\/01\/254853.png",654,382,false],"thumbnail":["https:\/\/impactocastex.com.ar\/wp-content\/uploads\/2026\/01\/254853-150x150.png",150,150,true],"medium":["https:\/\/impactocastex.com.ar\/wp-content\/uploads\/2026\/01\/254853-300x175.png",300,175,true],"medium_large":["https:\/\/impactocastex.com.ar\/wp-content\/uploads\/2026\/01\/254853.png",640,374,false],"large":["https:\/\/impactocastex.com.ar\/wp-content\/uploads\/2026\/01\/254853.png",640,374,false],"1536x1536":["https:\/\/impactocastex.com.ar\/wp-content\/uploads\/2026\/01\/254853.png",654,382,false],"2048x2048":["https:\/\/impactocastex.com.ar\/wp-content\/uploads\/2026\/01\/254853.png",654,382,false],"newsever-slider-full":["https:\/\/impactocastex.com.ar\/wp-content\/uploads\/2026\/01\/254853.png",654,382,false],"newsever-featured":["https:\/\/impactocastex.com.ar\/wp-content\/uploads\/2026\/01\/254853.png",654,382,false],"newsever-medium":["https:\/\/impactocastex.com.ar\/wp-content\/uploads\/2026\/01\/254853.png",654,382,false]},"author_info":{"info":["impactocastex"]},"category_info":"<a href=\"https:\/\/impactocastex.com.ar\/?cat=85\" rel=\"category\">POLICIALES<\/a>","tag_info":"POLICIALES","comment_count":0,"jetpack_featured_media_url":"https:\/\/impactocastex.com.ar\/wp-content\/uploads\/2026\/01\/254853.png","jetpack_sharing_enabled":true,"jetpack_likes_enabled":true,"jetpack_shortlink":"https:\/\/wp.me\/p7sopA-2kj","_links":{"self":[{"href":"https:\/\/impactocastex.com.ar\/index.php?rest_route=\/wp\/v2\/posts\/8947","targetHints":{"allow":["GET"]}}],"collection":[{"href":"https:\/\/impactocastex.com.ar\/index.php?rest_route=\/wp\/v2\/posts"}],"about":[{"href":"https:\/\/impactocastex.com.ar\/index.php?rest_route=\/wp\/v2\/types\/post"}],"author":[{"embeddable":true,"href":"https:\/\/impactocastex.com.ar\/index.php?rest_route=\/wp\/v2\/users\/2"}],"replies":[{"embeddable":true,"href":"https:\/\/impactocastex.com.ar\/index.php?rest_route=%2Fwp%2Fv2%2Fcomments&post=8947"}],"version-history":[{"count":1,"href":"https:\/\/impactocastex.com.ar\/index.php?rest_route=\/wp\/v2\/posts\/8947\/revisions"}],"predecessor-version":[{"id":8951,"href":"https:\/\/impactocastex.com.ar\/index.php?rest_route=\/wp\/v2\/posts\/8947\/revisions\/8951"}],"wp:featuredmedia":[{"embeddable":true,"href":"https:\/\/impactocastex.com.ar\/index.php?rest_route=\/wp\/v2\/media\/8950"}],"wp:attachment":[{"href":"https:\/\/impactocastex.com.ar\/index.php?rest_route=%2Fwp%2Fv2%2Fmedia&parent=8947"}],"wp:term":[{"taxonomy":"category","embeddable":true,"href":"https:\/\/impactocastex.com.ar\/index.php?rest_route=%2Fwp%2Fv2%2Fcategories&post=8947"},{"taxonomy":"post_tag","embeddable":true,"href":"https:\/\/impactocastex.com.ar\/index.php?rest_route=%2Fwp%2Fv2%2Ftags&post=8947"}],"curies":[{"name":"wp","href":"https:\/\/api.w.org\/{rel}","templated":true}]}}