{"id":8928,"date":"2026-01-21T09:02:43","date_gmt":"2026-01-21T12:02:43","guid":{"rendered":"https:\/\/impactocastex.com.ar\/?p=8928"},"modified":"2026-01-21T09:02:44","modified_gmt":"2026-01-21T12:02:44","slug":"incendio-de-una-casa-en-pico-me-fui-a-laburar-y-cuando-volvi-no-quedo-nada","status":"publish","type":"post","link":"https:\/\/impactocastex.com.ar\/?p=8928","title":{"rendered":"Incendio de una casa en Pico: \u00abMe fui a laburar y cuando volv\u00ed no qued\u00f3 nada\u00bb"},"content":{"rendered":"\n<p>El due\u00f1o de la vivienda perdi\u00f3 todo tras el incendio.EBDT<\/p>\n\n\n\n<p><strong><\/strong>V\u00edctor Jonathan Vargas estaba trabajando en Mendoza cuando le avisaron del siniestro provocado, seg\u00fan dijo, por menores de edad. El hecho ocurri\u00f3 el pasado s\u00e1bado y la vivienda sufri\u00f3 serios da\u00f1os.<\/p>\n\n\n\n<p>El incendio registrado en la madrugada del s\u00e1bado pasado en una vivienda ubicada en la esquina de las calles 1 y 46 de General Pico fue intencional, seg\u00fan confirmaron las pericias realizadas en el lugar. El fuego destruy\u00f3 el hogar de V\u00edctor Jonathan Vargas, un trabajador rural de 32 a\u00f1os que se encontraba fuera de la ciudad. \u00abMe fui a laburar y cuando volv\u00ed no qued\u00f3 nada\u00bb, lament\u00f3. Aunque la Comisar\u00eda Primera a\u00fan no ha identificado a los responsables, la v\u00edctima sostuvo que habr\u00eda sido perpetrado por menores de edad del barrio.<\/p>\n\n\n\n<p>El siniestro ocurri\u00f3 alrededor de las 2:00 de la ma\u00f1ana. Vecinos alertaron a los servicios de emergencia y dos dotaciones del Cuerpo de Bomberos Voluntarios trabajaron intensamente para controlar las llamas. Seg\u00fan las pericias preliminares, los atacantes ingresaron combustible a la vivienda a trav\u00e9s de la ventana, provocando que las llamas se propagaran r\u00e1pidamente, principalmente a trav\u00e9s del cielorraso de machimbre.<\/p>\n\n\n\n<p>La investigaci\u00f3n sigue abierta, y efectivos de la Comisar\u00eda Primera analizan c\u00e1maras de seguridad privadas y p\u00fablicas de la zona para intentar identificar a los perpetradores.<\/p>\n\n\n\n<p>Una mala noticia<\/p>\n\n\n\n<p>Vargas relat\u00f3 que al momento del incendio se encontraba fuera de la ciudad por razones laborales. \u00abYo estaba trabajando en la cosecha de peras en Mendoza. Me fui a laburar y cuando volv\u00ed no qued\u00f3 nada\u00bb, expres\u00f3. Precis\u00f3 que \u00abla Polic\u00eda me llam\u00f3 a las 3 de la ma\u00f1ana y me agarr\u00f3 un infarto, me desmay\u00e9 una hora y termin\u00e9 en el hospital\u00bb.<\/p>\n\n\n\n<p>Al referirse a c\u00f3mo se habr\u00eda iniciado el ataque, cont\u00f3 que \u00abuna nena me dijo que ellos prendieron fuego con dos bidones de nafta; golpearon la ventana de madera, le pegaron pi\u00f1as, la abrieron y echaron toda la nafta dentro de la pieza. Me prendieron fuego todo\u00bb.<\/p>\n\n\n\n<p>En ese marco, insisti\u00f3 en que no exist\u00eda ning\u00fan conflicto previo que pudiera explicar el ataque. \u00abYo no tengo problemas con nadie\u00bb, sostuvo.<\/p>\n\n\n\n<p>\u00abEl tema es que ten\u00eda vecinos alquilando atr\u00e1s, y ellos ten\u00edan problemas con otros chicos que viv\u00edan ac\u00e1 porque estaban en la calle. Yo les dej\u00e9 lugar, porque no me gusta que un chico est\u00e9 en la calle, y esos pibes ten\u00edan problemas con ellos. Pero yo no ten\u00eda problema\u00bb, indic\u00f3 antes de volver a se\u00f1alar a los presuntos autores. \u00abSon menores, de 10, 11, 14, 15 a\u00f1os\u00bb, afirm\u00f3.<\/p>\n\n\n\n<p>Al describir lo que encontr\u00f3 al regresar a la vivienda, explic\u00f3 que las p\u00e9rdidas fueron totales. \u00abEse era mi cuarto. Ten\u00eda una cama de dos plazas, dos colchones, mi mueble, mi cama, todo\u00bb, dijo al se\u00f1alar el sector donde se inici\u00f3 el fuego. Tambi\u00e9n indic\u00f3 que perdi\u00f3 todos los electrodom\u00e9sticos y sus pertenencias personales. \u00abNo me qued\u00f3 ni la heladera, ni tele, nada\u00bb, agreg\u00f3 en declaraciones al portal En Boca de Todos.<\/p>\n\n\n\n<p>El incendio, adem\u00e1s, provoc\u00f3 graves da\u00f1os en la estructura de la casa. Vargas se\u00f1al\u00f3 que \u00abel techo no sirve m\u00e1s, las chapas hay que cambiarlas y los tirantes tambi\u00e9n\u00bb. Tambi\u00e9n \u00abme quemaron toda la instalaci\u00f3n el\u00e9ctrica\u00bb, precis\u00f3.<\/p>\n\n\n\n<p>La situaci\u00f3n posterior al siniestro lo dej\u00f3 sin condiciones m\u00ednimas para habitar el lugar. \u00abAnoche dorm\u00ed en el piso porque no tengo colch\u00f3n ni ropa, me traje lo que ten\u00eda puesto\u00bb, relat\u00f3. Actualmente, la vivienda permanece sin servicios, salvo el suministro de agua. \u00abEst\u00e1 todo cortado\u00bb, indic\u00f3.<\/p>\n\n\n\n<p>Relat\u00f3 que busc\u00f3 asistencia estatal, pero no obtuvo respuestas inmediatas. \u00abFui a la asistencia social y me dijeron que no pod\u00edan ayudarme, que necesitaban pruebas\u00bb, se\u00f1al\u00f3.<\/p>\n\n\n\n<p>Finalmente, detall\u00f3 cu\u00e1les son hoy sus necesidades m\u00e1s urgentes. \u00abNecesito heladera, cama, colch\u00f3n, ropa, cocina, luz\u00bb, enumer\u00f3, y remarc\u00f3 su situaci\u00f3n econ\u00f3mica actual. \u00abNo tengo dinero, ni para comer\u00bb, afirm\u00f3. Para quienes puedan colaborar, dej\u00f3 su contacto: 2302-595068.<\/p>\n\n\n\n<p>eldiariodelapampa<\/p>\n","protected":false},"excerpt":{"rendered":"<p>El due\u00f1o de la vivienda perdi\u00f3 todo tras el incendio.EBDT V\u00edctor Jonathan Vargas estaba trabajando&#8230;<\/p>\n","protected":false},"author":2,"featured_media":8929,"comment_status":"closed","ping_status":"closed","sticky":false,"template":"","format":"standard","meta":{"_jetpack_memberships_contains_paid_content":false,"footnotes":"","jetpack_publicize_message":"Incendio de una casa en Pico: \"Me fui a laburar y cuando volv\u00ed no qued\u00f3 nada\"","jetpack_publicize_feature_enabled":true,"jetpack_social_post_already_shared":false,"jetpack_social_options":{"image_generator_settings":{"template":"highway","default_image_id":0,"font":"","enabled":false},"version":2}},"categories":[85],"tags":[],"class_list":["post-8928","post","type-post","status-publish","format-standard","has-post-thumbnail","hentry","category-policiales"],"yoast_head":"<!-- This site is optimized with the Yoast SEO plugin v27.4 - https:\/\/yoast.com\/product\/yoast-seo-wordpress\/ -->\n<title>Incendio de una casa en Pico: &quot;Me fui a laburar y cuando volv\u00ed no qued\u00f3 nada&quot; -<\/title>\n<meta name=\"robots\" content=\"index, follow, max-snippet:-1, max-image-preview:large, max-video-preview:-1\" \/>\n<link rel=\"canonical\" href=\"https:\/\/impactocastex.com.ar\/?p=8928\" \/>\n<meta property=\"og:locale\" content=\"es_ES\" \/>\n<meta property=\"og:type\" content=\"article\" \/>\n<meta property=\"og:title\" content=\"Incendio de una casa en Pico: &quot;Me fui a laburar y cuando volv\u00ed no qued\u00f3 nada&quot; -\" \/>\n<meta property=\"og:description\" content=\"El due\u00f1o de la vivienda perdi\u00f3 todo tras el incendio.EBDT V\u00edctor Jonathan Vargas estaba trabajando...\" \/>\n<meta property=\"og:url\" content=\"https:\/\/impactocastex.com.ar\/?p=8928\" \/>\n<meta property=\"article:publisher\" content=\"https:\/\/www.facebook.com\/impactocastexdiario\" \/>\n<meta property=\"article:published_time\" content=\"2026-01-21T12:02:43+00:00\" \/>\n<meta property=\"article:modified_time\" content=\"2026-01-21T12:02:44+00:00\" \/>\n<meta property=\"og:image\" content=\"https:\/\/impactocastex.com.ar\/wp-content\/uploads\/2026\/01\/2133184.jpg\" \/>\n\t<meta property=\"og:image:width\" content=\"1200\" \/>\n\t<meta property=\"og:image:height\" content=\"631\" \/>\n\t<meta property=\"og:image:type\" content=\"image\/jpeg\" \/>\n<meta name=\"author\" content=\"impactocastex\" \/>\n<meta name=\"twitter:card\" content=\"summary_large_image\" \/>\n<meta name=\"twitter:label1\" content=\"Escrito por\" \/>\n\t<meta name=\"twitter:data1\" content=\"impactocastex\" \/>\n\t<meta name=\"twitter:label2\" content=\"Tiempo de lectura\" \/>\n\t<meta name=\"twitter:data2\" content=\"4 minutos\" \/>\n<script type=\"application\/ld+json\" class=\"yoast-schema-graph\">{\"@context\":\"https:\\\/\\\/schema.org\",\"@graph\":[{\"@type\":\"Article\",\"@id\":\"https:\\\/\\\/impactocastex.com.ar\\\/?p=8928#article\",\"isPartOf\":{\"@id\":\"https:\\\/\\\/impactocastex.com.ar\\\/?p=8928\"},\"author\":{\"name\":\"impactocastex\",\"@id\":\"https:\\\/\\\/impactocastex.com.ar\\\/#\\\/schema\\\/person\\\/c115028fb60f9bf49ce7550894b84ea7\"},\"headline\":\"Incendio de una casa en Pico: \u00abMe fui a laburar y cuando volv\u00ed no qued\u00f3 nada\u00bb\",\"datePublished\":\"2026-01-21T12:02:43+00:00\",\"dateModified\":\"2026-01-21T12:02:44+00:00\",\"mainEntityOfPage\":{\"@id\":\"https:\\\/\\\/impactocastex.com.ar\\\/?p=8928\"},\"wordCount\":715,\"publisher\":{\"@id\":\"https:\\\/\\\/impactocastex.com.ar\\\/#organization\"},\"image\":{\"@id\":\"https:\\\/\\\/impactocastex.com.ar\\\/?p=8928#primaryimage\"},\"thumbnailUrl\":\"https:\\\/\\\/impactocastex.com.ar\\\/wp-content\\\/uploads\\\/2026\\\/01\\\/2133184.jpg\",\"articleSection\":[\"POLICIALES\"],\"inLanguage\":\"es\"},{\"@type\":\"WebPage\",\"@id\":\"https:\\\/\\\/impactocastex.com.ar\\\/?p=8928\",\"url\":\"https:\\\/\\\/impactocastex.com.ar\\\/?p=8928\",\"name\":\"Incendio de una casa en Pico: \\\"Me fui a laburar y cuando volv\u00ed no qued\u00f3 nada\\\" -\",\"isPartOf\":{\"@id\":\"https:\\\/\\\/impactocastex.com.ar\\\/#website\"},\"primaryImageOfPage\":{\"@id\":\"https:\\\/\\\/impactocastex.com.ar\\\/?p=8928#primaryimage\"},\"image\":{\"@id\":\"https:\\\/\\\/impactocastex.com.ar\\\/?p=8928#primaryimage\"},\"thumbnailUrl\":\"https:\\\/\\\/impactocastex.com.ar\\\/wp-content\\\/uploads\\\/2026\\\/01\\\/2133184.jpg\",\"datePublished\":\"2026-01-21T12:02:43+00:00\",\"dateModified\":\"2026-01-21T12:02:44+00:00\",\"breadcrumb\":{\"@id\":\"https:\\\/\\\/impactocastex.com.ar\\\/?p=8928#breadcrumb\"},\"inLanguage\":\"es\",\"potentialAction\":[{\"@type\":\"ReadAction\",\"target\":[\"https:\\\/\\\/impactocastex.com.ar\\\/?p=8928\"]}]},{\"@type\":\"ImageObject\",\"inLanguage\":\"es\",\"@id\":\"https:\\\/\\\/impactocastex.com.ar\\\/?p=8928#primaryimage\",\"url\":\"https:\\\/\\\/impactocastex.com.ar\\\/wp-content\\\/uploads\\\/2026\\\/01\\\/2133184.jpg\",\"contentUrl\":\"https:\\\/\\\/impactocastex.com.ar\\\/wp-content\\\/uploads\\\/2026\\\/01\\\/2133184.jpg\",\"width\":1200,\"height\":631},{\"@type\":\"BreadcrumbList\",\"@id\":\"https:\\\/\\\/impactocastex.com.ar\\\/?p=8928#breadcrumb\",\"itemListElement\":[{\"@type\":\"ListItem\",\"position\":1,\"name\":\"Portada\",\"item\":\"https:\\\/\\\/impactocastex.com.ar\\\/\"},{\"@type\":\"ListItem\",\"position\":2,\"name\":\"Incendio de una casa en Pico: &#8220;Me fui a laburar y cuando volv\u00ed no qued\u00f3 nada&#8221;\"}]},{\"@type\":\"WebSite\",\"@id\":\"https:\\\/\\\/impactocastex.com.ar\\\/#website\",\"url\":\"https:\\\/\\\/impactocastex.com.ar\\\/\",\"name\":\"Impacto Castex\",\"description\":\"\",\"publisher\":{\"@id\":\"https:\\\/\\\/impactocastex.com.ar\\\/#organization\"},\"potentialAction\":[{\"@type\":\"SearchAction\",\"target\":{\"@type\":\"EntryPoint\",\"urlTemplate\":\"https:\\\/\\\/impactocastex.com.ar\\\/?s={search_term_string}\"},\"query-input\":{\"@type\":\"PropertyValueSpecification\",\"valueRequired\":true,\"valueName\":\"search_term_string\"}}],\"inLanguage\":\"es\"},{\"@type\":\"Organization\",\"@id\":\"https:\\\/\\\/impactocastex.com.ar\\\/#organization\",\"name\":\"Impacto Castex\",\"url\":\"https:\\\/\\\/impactocastex.com.ar\\\/\",\"logo\":{\"@type\":\"ImageObject\",\"inLanguage\":\"es\",\"@id\":\"https:\\\/\\\/impactocastex.com.ar\\\/#\\\/schema\\\/logo\\\/image\\\/\",\"url\":\"https:\\\/\\\/impactocastex.com.ar\\\/wp-content\\\/uploads\\\/2025\\\/09\\\/cropped-icoweb.png\",\"contentUrl\":\"https:\\\/\\\/impactocastex.com.ar\\\/wp-content\\\/uploads\\\/2025\\\/09\\\/cropped-icoweb.png\",\"width\":512,\"height\":512,\"caption\":\"Impacto Castex\"},\"image\":{\"@id\":\"https:\\\/\\\/impactocastex.com.ar\\\/#\\\/schema\\\/logo\\\/image\\\/\"},\"sameAs\":[\"https:\\\/\\\/www.facebook.com\\\/impactocastexdiario\",\"https:\\\/\\\/www.instagram.com\\\/impactocastex.com.ar\\\/\"]},{\"@type\":\"Person\",\"@id\":\"https:\\\/\\\/impactocastex.com.ar\\\/#\\\/schema\\\/person\\\/c115028fb60f9bf49ce7550894b84ea7\",\"name\":\"impactocastex\",\"image\":{\"@type\":\"ImageObject\",\"inLanguage\":\"es\",\"@id\":\"https:\\\/\\\/secure.gravatar.com\\\/avatar\\\/fee87e7af008f02e9becdc0b5a9fd4a2e79b3918a571edeacb62211704637833?s=96&d=mm&r=g\",\"url\":\"https:\\\/\\\/secure.gravatar.com\\\/avatar\\\/fee87e7af008f02e9becdc0b5a9fd4a2e79b3918a571edeacb62211704637833?s=96&d=mm&r=g\",\"contentUrl\":\"https:\\\/\\\/secure.gravatar.com\\\/avatar\\\/fee87e7af008f02e9becdc0b5a9fd4a2e79b3918a571edeacb62211704637833?s=96&d=mm&r=g\",\"caption\":\"impactocastex\"},\"sameAs\":[\"https:\\\/\\\/impactocastex.com.ar\\\/\"],\"url\":\"https:\\\/\\\/impactocastex.com.ar\\\/?author=2\"}]}<\/script>\n<!-- \/ Yoast SEO plugin. -->","yoast_head_json":{"title":"Incendio de una casa en Pico: \"Me fui a laburar y cuando volv\u00ed no qued\u00f3 nada\" -","robots":{"index":"index","follow":"follow","max-snippet":"max-snippet:-1","max-image-preview":"max-image-preview:large","max-video-preview":"max-video-preview:-1"},"canonical":"https:\/\/impactocastex.com.ar\/?p=8928","og_locale":"es_ES","og_type":"article","og_title":"Incendio de una casa en Pico: \"Me fui a laburar y cuando volv\u00ed no qued\u00f3 nada\" -","og_description":"El due\u00f1o de la vivienda perdi\u00f3 todo tras el incendio.EBDT V\u00edctor Jonathan Vargas estaba trabajando...","og_url":"https:\/\/impactocastex.com.ar\/?p=8928","article_publisher":"https:\/\/www.facebook.com\/impactocastexdiario","article_published_time":"2026-01-21T12:02:43+00:00","article_modified_time":"2026-01-21T12:02:44+00:00","og_image":[{"width":1200,"height":631,"url":"https:\/\/impactocastex.com.ar\/wp-content\/uploads\/2026\/01\/2133184.jpg","type":"image\/jpeg"}],"author":"impactocastex","twitter_card":"summary_large_image","twitter_misc":{"Escrito por":"impactocastex","Tiempo de lectura":"4 minutos"},"schema":{"@context":"https:\/\/schema.org","@graph":[{"@type":"Article","@id":"https:\/\/impactocastex.com.ar\/?p=8928#article","isPartOf":{"@id":"https:\/\/impactocastex.com.ar\/?p=8928"},"author":{"name":"impactocastex","@id":"https:\/\/impactocastex.com.ar\/#\/schema\/person\/c115028fb60f9bf49ce7550894b84ea7"},"headline":"Incendio de una casa en Pico: \u00abMe fui a laburar y cuando volv\u00ed no qued\u00f3 nada\u00bb","datePublished":"2026-01-21T12:02:43+00:00","dateModified":"2026-01-21T12:02:44+00:00","mainEntityOfPage":{"@id":"https:\/\/impactocastex.com.ar\/?p=8928"},"wordCount":715,"publisher":{"@id":"https:\/\/impactocastex.com.ar\/#organization"},"image":{"@id":"https:\/\/impactocastex.com.ar\/?p=8928#primaryimage"},"thumbnailUrl":"https:\/\/impactocastex.com.ar\/wp-content\/uploads\/2026\/01\/2133184.jpg","articleSection":["POLICIALES"],"inLanguage":"es"},{"@type":"WebPage","@id":"https:\/\/impactocastex.com.ar\/?p=8928","url":"https:\/\/impactocastex.com.ar\/?p=8928","name":"Incendio de una casa en Pico: \"Me fui a laburar y cuando volv\u00ed no qued\u00f3 nada\" -","isPartOf":{"@id":"https:\/\/impactocastex.com.ar\/#website"},"primaryImageOfPage":{"@id":"https:\/\/impactocastex.com.ar\/?p=8928#primaryimage"},"image":{"@id":"https:\/\/impactocastex.com.ar\/?p=8928#primaryimage"},"thumbnailUrl":"https:\/\/impactocastex.com.ar\/wp-content\/uploads\/2026\/01\/2133184.jpg","datePublished":"2026-01-21T12:02:43+00:00","dateModified":"2026-01-21T12:02:44+00:00","breadcrumb":{"@id":"https:\/\/impactocastex.com.ar\/?p=8928#breadcrumb"},"inLanguage":"es","potentialAction":[{"@type":"ReadAction","target":["https:\/\/impactocastex.com.ar\/?p=8928"]}]},{"@type":"ImageObject","inLanguage":"es","@id":"https:\/\/impactocastex.com.ar\/?p=8928#primaryimage","url":"https:\/\/impactocastex.com.ar\/wp-content\/uploads\/2026\/01\/2133184.jpg","contentUrl":"https:\/\/impactocastex.com.ar\/wp-content\/uploads\/2026\/01\/2133184.jpg","width":1200,"height":631},{"@type":"BreadcrumbList","@id":"https:\/\/impactocastex.com.ar\/?p=8928#breadcrumb","itemListElement":[{"@type":"ListItem","position":1,"name":"Portada","item":"https:\/\/impactocastex.com.ar\/"},{"@type":"ListItem","position":2,"name":"Incendio de una casa en Pico: &#8220;Me fui a laburar y cuando volv\u00ed no qued\u00f3 nada&#8221;"}]},{"@type":"WebSite","@id":"https:\/\/impactocastex.com.ar\/#website","url":"https:\/\/impactocastex.com.ar\/","name":"Impacto Castex","description":"","publisher":{"@id":"https:\/\/impactocastex.com.ar\/#organization"},"potentialAction":[{"@type":"SearchAction","target":{"@type":"EntryPoint","urlTemplate":"https:\/\/impactocastex.com.ar\/?s={search_term_string}"},"query-input":{"@type":"PropertyValueSpecification","valueRequired":true,"valueName":"search_term_string"}}],"inLanguage":"es"},{"@type":"Organization","@id":"https:\/\/impactocastex.com.ar\/#organization","name":"Impacto Castex","url":"https:\/\/impactocastex.com.ar\/","logo":{"@type":"ImageObject","inLanguage":"es","@id":"https:\/\/impactocastex.com.ar\/#\/schema\/logo\/image\/","url":"https:\/\/impactocastex.com.ar\/wp-content\/uploads\/2025\/09\/cropped-icoweb.png","contentUrl":"https:\/\/impactocastex.com.ar\/wp-content\/uploads\/2025\/09\/cropped-icoweb.png","width":512,"height":512,"caption":"Impacto Castex"},"image":{"@id":"https:\/\/impactocastex.com.ar\/#\/schema\/logo\/image\/"},"sameAs":["https:\/\/www.facebook.com\/impactocastexdiario","https:\/\/www.instagram.com\/impactocastex.com.ar\/"]},{"@type":"Person","@id":"https:\/\/impactocastex.com.ar\/#\/schema\/person\/c115028fb60f9bf49ce7550894b84ea7","name":"impactocastex","image":{"@type":"ImageObject","inLanguage":"es","@id":"https:\/\/secure.gravatar.com\/avatar\/fee87e7af008f02e9becdc0b5a9fd4a2e79b3918a571edeacb62211704637833?s=96&d=mm&r=g","url":"https:\/\/secure.gravatar.com\/avatar\/fee87e7af008f02e9becdc0b5a9fd4a2e79b3918a571edeacb62211704637833?s=96&d=mm&r=g","contentUrl":"https:\/\/secure.gravatar.com\/avatar\/fee87e7af008f02e9becdc0b5a9fd4a2e79b3918a571edeacb62211704637833?s=96&d=mm&r=g","caption":"impactocastex"},"sameAs":["https:\/\/impactocastex.com.ar\/"],"url":"https:\/\/impactocastex.com.ar\/?author=2"}]}},"jetpack_publicize_connections":[],"featured_image_urls":{"full":["https:\/\/impactocastex.com.ar\/wp-content\/uploads\/2026\/01\/2133184.jpg",1200,631,false],"thumbnail":["https:\/\/impactocastex.com.ar\/wp-content\/uploads\/2026\/01\/2133184-150x150.jpg",150,150,true],"medium":["https:\/\/impactocastex.com.ar\/wp-content\/uploads\/2026\/01\/2133184-300x158.jpg",300,158,true],"medium_large":["https:\/\/impactocastex.com.ar\/wp-content\/uploads\/2026\/01\/2133184-768x404.jpg",640,337,true],"large":["https:\/\/impactocastex.com.ar\/wp-content\/uploads\/2026\/01\/2133184-1024x538.jpg",640,336,true],"1536x1536":["https:\/\/impactocastex.com.ar\/wp-content\/uploads\/2026\/01\/2133184.jpg",1200,631,false],"2048x2048":["https:\/\/impactocastex.com.ar\/wp-content\/uploads\/2026\/01\/2133184.jpg",1200,631,false],"newsever-slider-full":["https:\/\/impactocastex.com.ar\/wp-content\/uploads\/2026\/01\/2133184.jpg",1200,631,false],"newsever-featured":["https:\/\/impactocastex.com.ar\/wp-content\/uploads\/2026\/01\/2133184-1024x538.jpg",1024,538,true],"newsever-medium":["https:\/\/impactocastex.com.ar\/wp-content\/uploads\/2026\/01\/2133184-720x475.jpg",720,475,true]},"author_info":{"info":["impactocastex"]},"category_info":"<a href=\"https:\/\/impactocastex.com.ar\/?cat=85\" rel=\"category\">POLICIALES<\/a>","tag_info":"POLICIALES","comment_count":0,"jetpack_featured_media_url":"https:\/\/impactocastex.com.ar\/wp-content\/uploads\/2026\/01\/2133184.jpg","jetpack_sharing_enabled":true,"jetpack_likes_enabled":true,"jetpack_shortlink":"https:\/\/wp.me\/p7sopA-2k0","_links":{"self":[{"href":"https:\/\/impactocastex.com.ar\/index.php?rest_route=\/wp\/v2\/posts\/8928","targetHints":{"allow":["GET"]}}],"collection":[{"href":"https:\/\/impactocastex.com.ar\/index.php?rest_route=\/wp\/v2\/posts"}],"about":[{"href":"https:\/\/impactocastex.com.ar\/index.php?rest_route=\/wp\/v2\/types\/post"}],"author":[{"embeddable":true,"href":"https:\/\/impactocastex.com.ar\/index.php?rest_route=\/wp\/v2\/users\/2"}],"replies":[{"embeddable":true,"href":"https:\/\/impactocastex.com.ar\/index.php?rest_route=%2Fwp%2Fv2%2Fcomments&post=8928"}],"version-history":[{"count":1,"href":"https:\/\/impactocastex.com.ar\/index.php?rest_route=\/wp\/v2\/posts\/8928\/revisions"}],"predecessor-version":[{"id":8930,"href":"https:\/\/impactocastex.com.ar\/index.php?rest_route=\/wp\/v2\/posts\/8928\/revisions\/8930"}],"wp:featuredmedia":[{"embeddable":true,"href":"https:\/\/impactocastex.com.ar\/index.php?rest_route=\/wp\/v2\/media\/8929"}],"wp:attachment":[{"href":"https:\/\/impactocastex.com.ar\/index.php?rest_route=%2Fwp%2Fv2%2Fmedia&parent=8928"}],"wp:term":[{"taxonomy":"category","embeddable":true,"href":"https:\/\/impactocastex.com.ar\/index.php?rest_route=%2Fwp%2Fv2%2Fcategories&post=8928"},{"taxonomy":"post_tag","embeddable":true,"href":"https:\/\/impactocastex.com.ar\/index.php?rest_route=%2Fwp%2Fv2%2Ftags&post=8928"}],"curies":[{"name":"wp","href":"https:\/\/api.w.org\/{rel}","templated":true}]}}