{"id":8925,"date":"2026-01-21T08:43:11","date_gmt":"2026-01-21T11:43:11","guid":{"rendered":"https:\/\/impactocastex.com.ar\/?p=8925"},"modified":"2026-01-21T08:43:13","modified_gmt":"2026-01-21T11:43:13","slug":"milei-confirmara-en-davos-su-alianza-con-eeuu","status":"publish","type":"post","link":"https:\/\/impactocastex.com.ar\/?p=8925","title":{"rendered":"Milei confirmar\u00e1 en Davos su alianza con EEUU"},"content":{"rendered":"\n<p>Milei y su comitiva en Suiza.<\/p>\n\n\n\n<p><strong><\/strong>En un escenario global atravesado por la puja diplom\u00e1tica entre Donald Trump y Europa, el Presidente ratificar\u00e1 en Suiza sus par\u00e1metros ideol\u00f3gicos y su alineamiento con la administraci\u00f3n republicana.<\/p>\n\n\n\n<p>Javier Milei ratificar\u00e1 este mi\u00e9rcoles en el Foro Econ\u00f3mico Mundial que su alianza geopol\u00edtica y su sinton\u00eda personal con Donald Trump es inexpugnable, cuando el l\u00edder republicano protagoniza un enfrentamiento in\u00e9dito con Europa por su intenci\u00f3n de anexar Groenlandia a los Estados Unidos.<\/p>\n\n\n\n<p>La jornada presidencial inici\u00f3 a las 6.00 AM (hora argentina) con un saludo protocolar de Milei al titular de la Confederaci\u00f3n Suiza, Guy Parmelin. A continuaci\u00f3n, el jefe de Estado particip\u00f3 del Country Strategy Dialogue on Argentina, adonde hizo un balance de su programa de ajuste y adelant\u00f3 sus pr\u00f3ximas medidas de gobierno.<\/p>\n\n\n\n<p>\u00abExcelente, fue impresionante\u00bb, asegur\u00f3 un empresario que particip\u00f3 del c\u00f3nclave cuando Infobae le pregunto sobre la exposici\u00f3n de Milei en el Centro de Convenciones de Davos.<\/p>\n\n\n\n<p>-Es la primera vez que vamos a distribuir dividendos-, coment\u00f3 al presidente una figura clave del sistema financiero, durante el encuentro a puertas cerradas en la Sala Jakobshorn.<\/p>\n\n\n\n<p>-Es su derecho de propiedad-, contest\u00f3 Milei.<\/p>\n\n\n\n<p>-Y esos dividendos se van a reinvertir en la Argentina-, complet\u00f3 un banquero que conoce la historia econ\u00f3mica de la Argentina.<\/p>\n\n\n\n<p>Ante una pregunta puntual, el presidente enfatiz\u00f3 que su gobierno \u00abcomerciar\u00e1 con todo el mundo\u00bb. En ese sentido, Milei ampli\u00f3 que los productos nacionales deben ingresar a todos los mercados desde Am\u00e9rica Latina a China.<\/p>\n\n\n\n<p>Tambien Milei ratific\u00f3 que se tratar\u00e1 la reforma laboral en las sesiones extraordinarias, y que piensa avanzar en la reforma tributaria durante 2025.<\/p>\n\n\n\n<p>La reuni\u00f3n termin\u00f3 puntual con un fuerte aplauso de los invitados y el presidente acompa\u00f1ado por Pablo Quirno -canciller-, Luis Caputo -ministro de Econom\u00eda- y Federico Sturzenegger -ministro de Desregulaci\u00f3n- se fue rapid\u00edsimo a su pr\u00f3ximo encuentro con CEO?s de bancos extranjeros, la cual ser\u00e1 la \u00faltima actividad oficial antes de su discurso en Davos.<\/p>\n\n\n\n<p>A las 11.45 (cuatro horas m\u00e1s en Suiza), Milei ocupar\u00e1 el centro del escenario del Foro para describir su mirada sobre el tablero internacional, ratificar su alineamiento con Estados Unidos y hacer un balance de su programa de ajuste econ\u00f3mico.<\/p>\n\n\n\n<p>Ser\u00e1 una disertaci\u00f3n de 30 minutos, que el presidente escribe y ajusta desde hace semanas. Sus discursos en Davos siempre tienen repercusi\u00f3n global, y esta vez no ser\u00eda la excepci\u00f3n frente a la crisis que pone en jaque los v\u00ednculos hist\u00f3ricos entre Europa y Estados Unidos.<\/p>\n\n\n\n<p>Milei suceder\u00e1 a Trump en el auditorio principal del Foro de Davos, que tiene previsto un discurso de 45 minutos. En ese tiempo, el l\u00edder republicano har\u00e1 un balance de su primer a\u00f1o de gesti\u00f3n, ratificar\u00e1 sus cr\u00edticas a los organismos multilaterales, e insistir\u00e1 con la anexi\u00f3n de Groenlandia.<\/p>\n\n\n\n<p>Es poco probable que Milei pueda escuchar el discurso de Trump in situ.<\/p>\n\n\n\n<p>El presidente tiene previsto saludar al director ejecutivo del Foro, Borge Brende, casi a la misma hora que hablar\u00e1 Trump.<\/p>\n\n\n\n<p>Y a continuaci\u00f3n, con la misma comitiva a la que se sumar\u00e1 Karina Milei -secretaria general-, Milei se dirigir\u00e1 al auditorio con capacidad para 3.000 personas.<\/p>\n\n\n\n<p>Anoche, los organizadores del Foro aseguraron a Infobae que Trump y Milei podr\u00edan desbordar el auditorio. Cuando ayer habl\u00f3 Emmanuel Macron, en plena puja de Estados Unidos con Europa, hab\u00eda sillas vac\u00edas en el fondo.<\/p>\n","protected":false},"excerpt":{"rendered":"<p>Milei y su comitiva en Suiza. En un escenario global atravesado por la puja diplom\u00e1tica&#8230;<\/p>\n","protected":false},"author":2,"featured_media":8926,"comment_status":"closed","ping_status":"closed","sticky":false,"template":"","format":"standard","meta":{"_jetpack_memberships_contains_paid_content":false,"footnotes":"","jetpack_publicize_message":"Milei confirmar\u00e1 en Davos su alianza con EEUU","jetpack_publicize_feature_enabled":true,"jetpack_social_post_already_shared":false,"jetpack_social_options":{"image_generator_settings":{"template":"highway","default_image_id":0,"font":"","enabled":false},"version":2}},"categories":[122],"tags":[],"class_list":["post-8925","post","type-post","status-publish","format-standard","has-post-thumbnail","hentry","category-politica"],"yoast_head":"<!-- This site is optimized with the Yoast SEO plugin v27.4 - https:\/\/yoast.com\/product\/yoast-seo-wordpress\/ -->\n<title>Milei confirmar\u00e1 en Davos su alianza con EEUU -<\/title>\n<meta name=\"robots\" content=\"index, follow, max-snippet:-1, max-image-preview:large, max-video-preview:-1\" \/>\n<link rel=\"canonical\" href=\"https:\/\/impactocastex.com.ar\/?p=8925\" \/>\n<meta property=\"og:locale\" content=\"es_ES\" \/>\n<meta property=\"og:type\" content=\"article\" \/>\n<meta property=\"og:title\" content=\"Milei confirmar\u00e1 en Davos su alianza con EEUU -\" \/>\n<meta property=\"og:description\" content=\"Milei y su comitiva en Suiza. En un escenario global atravesado por la puja diplom\u00e1tica...\" \/>\n<meta property=\"og:url\" content=\"https:\/\/impactocastex.com.ar\/?p=8925\" \/>\n<meta property=\"article:publisher\" content=\"https:\/\/www.facebook.com\/impactocastexdiario\" \/>\n<meta property=\"article:published_time\" content=\"2026-01-21T11:43:11+00:00\" \/>\n<meta property=\"article:modified_time\" content=\"2026-01-21T11:43:13+00:00\" \/>\n<meta property=\"og:image\" content=\"https:\/\/impactocastex.com.ar\/wp-content\/uploads\/2026\/01\/2133194.jpg\" \/>\n\t<meta property=\"og:image:width\" content=\"1200\" \/>\n\t<meta property=\"og:image:height\" content=\"631\" \/>\n\t<meta property=\"og:image:type\" content=\"image\/jpeg\" \/>\n<meta name=\"author\" content=\"impactocastex\" \/>\n<meta name=\"twitter:card\" content=\"summary_large_image\" \/>\n<meta name=\"twitter:label1\" content=\"Escrito por\" \/>\n\t<meta name=\"twitter:data1\" content=\"impactocastex\" \/>\n\t<meta name=\"twitter:label2\" content=\"Tiempo de lectura\" \/>\n\t<meta name=\"twitter:data2\" content=\"3 minutos\" \/>\n<script type=\"application\/ld+json\" class=\"yoast-schema-graph\">{\"@context\":\"https:\\\/\\\/schema.org\",\"@graph\":[{\"@type\":\"Article\",\"@id\":\"https:\\\/\\\/impactocastex.com.ar\\\/?p=8925#article\",\"isPartOf\":{\"@id\":\"https:\\\/\\\/impactocastex.com.ar\\\/?p=8925\"},\"author\":{\"name\":\"impactocastex\",\"@id\":\"https:\\\/\\\/impactocastex.com.ar\\\/#\\\/schema\\\/person\\\/c115028fb60f9bf49ce7550894b84ea7\"},\"headline\":\"Milei confirmar\u00e1 en Davos su alianza con EEUU\",\"datePublished\":\"2026-01-21T11:43:11+00:00\",\"dateModified\":\"2026-01-21T11:43:13+00:00\",\"mainEntityOfPage\":{\"@id\":\"https:\\\/\\\/impactocastex.com.ar\\\/?p=8925\"},\"wordCount\":599,\"publisher\":{\"@id\":\"https:\\\/\\\/impactocastex.com.ar\\\/#organization\"},\"image\":{\"@id\":\"https:\\\/\\\/impactocastex.com.ar\\\/?p=8925#primaryimage\"},\"thumbnailUrl\":\"https:\\\/\\\/impactocastex.com.ar\\\/wp-content\\\/uploads\\\/2026\\\/01\\\/2133194.jpg\",\"articleSection\":[\"POLITICA\"],\"inLanguage\":\"es\"},{\"@type\":\"WebPage\",\"@id\":\"https:\\\/\\\/impactocastex.com.ar\\\/?p=8925\",\"url\":\"https:\\\/\\\/impactocastex.com.ar\\\/?p=8925\",\"name\":\"Milei confirmar\u00e1 en Davos su alianza con EEUU -\",\"isPartOf\":{\"@id\":\"https:\\\/\\\/impactocastex.com.ar\\\/#website\"},\"primaryImageOfPage\":{\"@id\":\"https:\\\/\\\/impactocastex.com.ar\\\/?p=8925#primaryimage\"},\"image\":{\"@id\":\"https:\\\/\\\/impactocastex.com.ar\\\/?p=8925#primaryimage\"},\"thumbnailUrl\":\"https:\\\/\\\/impactocastex.com.ar\\\/wp-content\\\/uploads\\\/2026\\\/01\\\/2133194.jpg\",\"datePublished\":\"2026-01-21T11:43:11+00:00\",\"dateModified\":\"2026-01-21T11:43:13+00:00\",\"breadcrumb\":{\"@id\":\"https:\\\/\\\/impactocastex.com.ar\\\/?p=8925#breadcrumb\"},\"inLanguage\":\"es\",\"potentialAction\":[{\"@type\":\"ReadAction\",\"target\":[\"https:\\\/\\\/impactocastex.com.ar\\\/?p=8925\"]}]},{\"@type\":\"ImageObject\",\"inLanguage\":\"es\",\"@id\":\"https:\\\/\\\/impactocastex.com.ar\\\/?p=8925#primaryimage\",\"url\":\"https:\\\/\\\/impactocastex.com.ar\\\/wp-content\\\/uploads\\\/2026\\\/01\\\/2133194.jpg\",\"contentUrl\":\"https:\\\/\\\/impactocastex.com.ar\\\/wp-content\\\/uploads\\\/2026\\\/01\\\/2133194.jpg\",\"width\":1200,\"height\":631},{\"@type\":\"BreadcrumbList\",\"@id\":\"https:\\\/\\\/impactocastex.com.ar\\\/?p=8925#breadcrumb\",\"itemListElement\":[{\"@type\":\"ListItem\",\"position\":1,\"name\":\"Portada\",\"item\":\"https:\\\/\\\/impactocastex.com.ar\\\/\"},{\"@type\":\"ListItem\",\"position\":2,\"name\":\"Milei confirmar\u00e1 en Davos su alianza con EEUU\"}]},{\"@type\":\"WebSite\",\"@id\":\"https:\\\/\\\/impactocastex.com.ar\\\/#website\",\"url\":\"https:\\\/\\\/impactocastex.com.ar\\\/\",\"name\":\"Impacto Castex\",\"description\":\"\",\"publisher\":{\"@id\":\"https:\\\/\\\/impactocastex.com.ar\\\/#organization\"},\"potentialAction\":[{\"@type\":\"SearchAction\",\"target\":{\"@type\":\"EntryPoint\",\"urlTemplate\":\"https:\\\/\\\/impactocastex.com.ar\\\/?s={search_term_string}\"},\"query-input\":{\"@type\":\"PropertyValueSpecification\",\"valueRequired\":true,\"valueName\":\"search_term_string\"}}],\"inLanguage\":\"es\"},{\"@type\":\"Organization\",\"@id\":\"https:\\\/\\\/impactocastex.com.ar\\\/#organization\",\"name\":\"Impacto Castex\",\"url\":\"https:\\\/\\\/impactocastex.com.ar\\\/\",\"logo\":{\"@type\":\"ImageObject\",\"inLanguage\":\"es\",\"@id\":\"https:\\\/\\\/impactocastex.com.ar\\\/#\\\/schema\\\/logo\\\/image\\\/\",\"url\":\"https:\\\/\\\/impactocastex.com.ar\\\/wp-content\\\/uploads\\\/2025\\\/09\\\/cropped-icoweb.png\",\"contentUrl\":\"https:\\\/\\\/impactocastex.com.ar\\\/wp-content\\\/uploads\\\/2025\\\/09\\\/cropped-icoweb.png\",\"width\":512,\"height\":512,\"caption\":\"Impacto Castex\"},\"image\":{\"@id\":\"https:\\\/\\\/impactocastex.com.ar\\\/#\\\/schema\\\/logo\\\/image\\\/\"},\"sameAs\":[\"https:\\\/\\\/www.facebook.com\\\/impactocastexdiario\",\"https:\\\/\\\/www.instagram.com\\\/impactocastex.com.ar\\\/\"]},{\"@type\":\"Person\",\"@id\":\"https:\\\/\\\/impactocastex.com.ar\\\/#\\\/schema\\\/person\\\/c115028fb60f9bf49ce7550894b84ea7\",\"name\":\"impactocastex\",\"image\":{\"@type\":\"ImageObject\",\"inLanguage\":\"es\",\"@id\":\"https:\\\/\\\/secure.gravatar.com\\\/avatar\\\/fee87e7af008f02e9becdc0b5a9fd4a2e79b3918a571edeacb62211704637833?s=96&d=mm&r=g\",\"url\":\"https:\\\/\\\/secure.gravatar.com\\\/avatar\\\/fee87e7af008f02e9becdc0b5a9fd4a2e79b3918a571edeacb62211704637833?s=96&d=mm&r=g\",\"contentUrl\":\"https:\\\/\\\/secure.gravatar.com\\\/avatar\\\/fee87e7af008f02e9becdc0b5a9fd4a2e79b3918a571edeacb62211704637833?s=96&d=mm&r=g\",\"caption\":\"impactocastex\"},\"sameAs\":[\"https:\\\/\\\/impactocastex.com.ar\\\/\"],\"url\":\"https:\\\/\\\/impactocastex.com.ar\\\/?author=2\"}]}<\/script>\n<!-- \/ Yoast SEO plugin. -->","yoast_head_json":{"title":"Milei confirmar\u00e1 en Davos su alianza con EEUU -","robots":{"index":"index","follow":"follow","max-snippet":"max-snippet:-1","max-image-preview":"max-image-preview:large","max-video-preview":"max-video-preview:-1"},"canonical":"https:\/\/impactocastex.com.ar\/?p=8925","og_locale":"es_ES","og_type":"article","og_title":"Milei confirmar\u00e1 en Davos su alianza con EEUU -","og_description":"Milei y su comitiva en Suiza. En un escenario global atravesado por la puja diplom\u00e1tica...","og_url":"https:\/\/impactocastex.com.ar\/?p=8925","article_publisher":"https:\/\/www.facebook.com\/impactocastexdiario","article_published_time":"2026-01-21T11:43:11+00:00","article_modified_time":"2026-01-21T11:43:13+00:00","og_image":[{"width":1200,"height":631,"url":"https:\/\/impactocastex.com.ar\/wp-content\/uploads\/2026\/01\/2133194.jpg","type":"image\/jpeg"}],"author":"impactocastex","twitter_card":"summary_large_image","twitter_misc":{"Escrito por":"impactocastex","Tiempo de lectura":"3 minutos"},"schema":{"@context":"https:\/\/schema.org","@graph":[{"@type":"Article","@id":"https:\/\/impactocastex.com.ar\/?p=8925#article","isPartOf":{"@id":"https:\/\/impactocastex.com.ar\/?p=8925"},"author":{"name":"impactocastex","@id":"https:\/\/impactocastex.com.ar\/#\/schema\/person\/c115028fb60f9bf49ce7550894b84ea7"},"headline":"Milei confirmar\u00e1 en Davos su alianza con EEUU","datePublished":"2026-01-21T11:43:11+00:00","dateModified":"2026-01-21T11:43:13+00:00","mainEntityOfPage":{"@id":"https:\/\/impactocastex.com.ar\/?p=8925"},"wordCount":599,"publisher":{"@id":"https:\/\/impactocastex.com.ar\/#organization"},"image":{"@id":"https:\/\/impactocastex.com.ar\/?p=8925#primaryimage"},"thumbnailUrl":"https:\/\/impactocastex.com.ar\/wp-content\/uploads\/2026\/01\/2133194.jpg","articleSection":["POLITICA"],"inLanguage":"es"},{"@type":"WebPage","@id":"https:\/\/impactocastex.com.ar\/?p=8925","url":"https:\/\/impactocastex.com.ar\/?p=8925","name":"Milei confirmar\u00e1 en Davos su alianza con EEUU -","isPartOf":{"@id":"https:\/\/impactocastex.com.ar\/#website"},"primaryImageOfPage":{"@id":"https:\/\/impactocastex.com.ar\/?p=8925#primaryimage"},"image":{"@id":"https:\/\/impactocastex.com.ar\/?p=8925#primaryimage"},"thumbnailUrl":"https:\/\/impactocastex.com.ar\/wp-content\/uploads\/2026\/01\/2133194.jpg","datePublished":"2026-01-21T11:43:11+00:00","dateModified":"2026-01-21T11:43:13+00:00","breadcrumb":{"@id":"https:\/\/impactocastex.com.ar\/?p=8925#breadcrumb"},"inLanguage":"es","potentialAction":[{"@type":"ReadAction","target":["https:\/\/impactocastex.com.ar\/?p=8925"]}]},{"@type":"ImageObject","inLanguage":"es","@id":"https:\/\/impactocastex.com.ar\/?p=8925#primaryimage","url":"https:\/\/impactocastex.com.ar\/wp-content\/uploads\/2026\/01\/2133194.jpg","contentUrl":"https:\/\/impactocastex.com.ar\/wp-content\/uploads\/2026\/01\/2133194.jpg","width":1200,"height":631},{"@type":"BreadcrumbList","@id":"https:\/\/impactocastex.com.ar\/?p=8925#breadcrumb","itemListElement":[{"@type":"ListItem","position":1,"name":"Portada","item":"https:\/\/impactocastex.com.ar\/"},{"@type":"ListItem","position":2,"name":"Milei confirmar\u00e1 en Davos su alianza con EEUU"}]},{"@type":"WebSite","@id":"https:\/\/impactocastex.com.ar\/#website","url":"https:\/\/impactocastex.com.ar\/","name":"Impacto Castex","description":"","publisher":{"@id":"https:\/\/impactocastex.com.ar\/#organization"},"potentialAction":[{"@type":"SearchAction","target":{"@type":"EntryPoint","urlTemplate":"https:\/\/impactocastex.com.ar\/?s={search_term_string}"},"query-input":{"@type":"PropertyValueSpecification","valueRequired":true,"valueName":"search_term_string"}}],"inLanguage":"es"},{"@type":"Organization","@id":"https:\/\/impactocastex.com.ar\/#organization","name":"Impacto Castex","url":"https:\/\/impactocastex.com.ar\/","logo":{"@type":"ImageObject","inLanguage":"es","@id":"https:\/\/impactocastex.com.ar\/#\/schema\/logo\/image\/","url":"https:\/\/impactocastex.com.ar\/wp-content\/uploads\/2025\/09\/cropped-icoweb.png","contentUrl":"https:\/\/impactocastex.com.ar\/wp-content\/uploads\/2025\/09\/cropped-icoweb.png","width":512,"height":512,"caption":"Impacto Castex"},"image":{"@id":"https:\/\/impactocastex.com.ar\/#\/schema\/logo\/image\/"},"sameAs":["https:\/\/www.facebook.com\/impactocastexdiario","https:\/\/www.instagram.com\/impactocastex.com.ar\/"]},{"@type":"Person","@id":"https:\/\/impactocastex.com.ar\/#\/schema\/person\/c115028fb60f9bf49ce7550894b84ea7","name":"impactocastex","image":{"@type":"ImageObject","inLanguage":"es","@id":"https:\/\/secure.gravatar.com\/avatar\/fee87e7af008f02e9becdc0b5a9fd4a2e79b3918a571edeacb62211704637833?s=96&d=mm&r=g","url":"https:\/\/secure.gravatar.com\/avatar\/fee87e7af008f02e9becdc0b5a9fd4a2e79b3918a571edeacb62211704637833?s=96&d=mm&r=g","contentUrl":"https:\/\/secure.gravatar.com\/avatar\/fee87e7af008f02e9becdc0b5a9fd4a2e79b3918a571edeacb62211704637833?s=96&d=mm&r=g","caption":"impactocastex"},"sameAs":["https:\/\/impactocastex.com.ar\/"],"url":"https:\/\/impactocastex.com.ar\/?author=2"}]}},"jetpack_publicize_connections":[],"featured_image_urls":{"full":["https:\/\/impactocastex.com.ar\/wp-content\/uploads\/2026\/01\/2133194.jpg",1200,631,false],"thumbnail":["https:\/\/impactocastex.com.ar\/wp-content\/uploads\/2026\/01\/2133194-150x150.jpg",150,150,true],"medium":["https:\/\/impactocastex.com.ar\/wp-content\/uploads\/2026\/01\/2133194-300x158.jpg",300,158,true],"medium_large":["https:\/\/impactocastex.com.ar\/wp-content\/uploads\/2026\/01\/2133194-768x404.jpg",640,337,true],"large":["https:\/\/impactocastex.com.ar\/wp-content\/uploads\/2026\/01\/2133194-1024x538.jpg",640,336,true],"1536x1536":["https:\/\/impactocastex.com.ar\/wp-content\/uploads\/2026\/01\/2133194.jpg",1200,631,false],"2048x2048":["https:\/\/impactocastex.com.ar\/wp-content\/uploads\/2026\/01\/2133194.jpg",1200,631,false],"newsever-slider-full":["https:\/\/impactocastex.com.ar\/wp-content\/uploads\/2026\/01\/2133194.jpg",1200,631,false],"newsever-featured":["https:\/\/impactocastex.com.ar\/wp-content\/uploads\/2026\/01\/2133194-1024x538.jpg",1024,538,true],"newsever-medium":["https:\/\/impactocastex.com.ar\/wp-content\/uploads\/2026\/01\/2133194-720x475.jpg",720,475,true]},"author_info":{"info":["impactocastex"]},"category_info":"<a href=\"https:\/\/impactocastex.com.ar\/?cat=122\" rel=\"category\">POLITICA<\/a>","tag_info":"POLITICA","comment_count":0,"jetpack_featured_media_url":"https:\/\/impactocastex.com.ar\/wp-content\/uploads\/2026\/01\/2133194.jpg","jetpack_sharing_enabled":true,"jetpack_likes_enabled":true,"jetpack_shortlink":"https:\/\/wp.me\/p7sopA-2jX","_links":{"self":[{"href":"https:\/\/impactocastex.com.ar\/index.php?rest_route=\/wp\/v2\/posts\/8925","targetHints":{"allow":["GET"]}}],"collection":[{"href":"https:\/\/impactocastex.com.ar\/index.php?rest_route=\/wp\/v2\/posts"}],"about":[{"href":"https:\/\/impactocastex.com.ar\/index.php?rest_route=\/wp\/v2\/types\/post"}],"author":[{"embeddable":true,"href":"https:\/\/impactocastex.com.ar\/index.php?rest_route=\/wp\/v2\/users\/2"}],"replies":[{"embeddable":true,"href":"https:\/\/impactocastex.com.ar\/index.php?rest_route=%2Fwp%2Fv2%2Fcomments&post=8925"}],"version-history":[{"count":1,"href":"https:\/\/impactocastex.com.ar\/index.php?rest_route=\/wp\/v2\/posts\/8925\/revisions"}],"predecessor-version":[{"id":8927,"href":"https:\/\/impactocastex.com.ar\/index.php?rest_route=\/wp\/v2\/posts\/8925\/revisions\/8927"}],"wp:featuredmedia":[{"embeddable":true,"href":"https:\/\/impactocastex.com.ar\/index.php?rest_route=\/wp\/v2\/media\/8926"}],"wp:attachment":[{"href":"https:\/\/impactocastex.com.ar\/index.php?rest_route=%2Fwp%2Fv2%2Fmedia&parent=8925"}],"wp:term":[{"taxonomy":"category","embeddable":true,"href":"https:\/\/impactocastex.com.ar\/index.php?rest_route=%2Fwp%2Fv2%2Fcategories&post=8925"},{"taxonomy":"post_tag","embeddable":true,"href":"https:\/\/impactocastex.com.ar\/index.php?rest_route=%2Fwp%2Fv2%2Ftags&post=8925"}],"curies":[{"name":"wp","href":"https:\/\/api.w.org\/{rel}","templated":true}]}}