{"id":8888,"date":"2026-01-21T03:26:07","date_gmt":"2026-01-21T06:26:07","guid":{"rendered":"https:\/\/impactocastex.com.ar\/?p=8888"},"modified":"2026-01-21T03:26:07","modified_gmt":"2026-01-21T06:26:07","slug":"ee-uu-afirma-que-la-relacion-bilateral-con-la-argentina-esta-en-su-punto-mas-fuerte-de-la-historia-y-elogia-el-liderazgo-de-milei","status":"publish","type":"post","link":"https:\/\/impactocastex.com.ar\/?p=8888","title":{"rendered":"EE.UU. afirma que la relaci\u00f3n bilateral con la Argentina \u201cest\u00e1 en su punto m\u00e1s fuerte de la historia\u201d y elogia el liderazgo de Milei"},"content":{"rendered":"<p>WASHINGTON.- En el d\u00eda previo que los presidentes <b>Donald Trump y Javier Milei <\/b>coincidan en el <a href=\"https:\/\/www.lanacion.com.ar\/el-mundo\/groenlandia-acapara-el-foro-de-davos-y-europa-denuncia-el-regreso-del-colonialismo-de-la-mano-de-nid20012026\/\" target=\"_self\" rel=\"\" title=\"https:\/\/www.lanacion.com.ar\/el-mundo\/groenlandia-acapara-el-foro-de-davos-y-europa-denuncia-el-regreso-del-colonialismo-de-la-mano-de-nid20012026\/\">Foro Econ\u00f3mico Mundial de Davos<\/a>, en Suiza, <b>el gobierno norteamericano afirm\u00f3 que bajo las administraciones de ambos mandatarios \u201cla relaci\u00f3n bilateral entre Estados Unidos y la Argentina est\u00e1 en su punto m\u00e1s fuerte de la historia\u201d<\/b>.<\/p>\n<p>As\u00ed lo se\u00f1al\u00f3 un vocero del Departamento de Estado a LA NACION, que destac\u00f3 que el actual v\u00ednculo de ambos pa\u00edses est\u00e1 <b>\u201cmarcado por la alineaci\u00f3n en torno a prioridades compartidas de crecimiento econ\u00f3mico, gobierno democr\u00e1tico y estabilidad regional\u201d<\/b>.<\/p>\n<p><img loading=\"lazy\" decoding=\"async\" src=\"https:\/\/resizer.glanacion.com\/resizer\/v2\/A5MDY4IVOFDCTG52ODNG5EM7QI.JPG?auth=c7fdcbdd0892983538fc1c3d85012ab1d3d5e3b53fd1aaacfe302b3d5c873d17&amp;smart=true&amp;width=6272&amp;height=4688\" alt=\"Donald Trump y Javier Milei, en la Casa Blanca.\" height=\"4688\" width=\"6272\" \/><\/p>\n<p>\u201c<b>Estados Unidos elogia el liderazgo continuo de Milei <\/b>y los esfuerzos de su gobierno por <b>fortalecer el papel de la Argentina como socio constructivo <\/b>a trav\u00e9s de reformas orientadas al mercado, una mayor participaci\u00f3n global y la cooperaci\u00f3n en materia de seguridad\u201d, agreg\u00f3 el vocero del Departamento de Estado, que lidera el secretario <b>Marco Rubio<\/b>.<\/p>\n<p>Desde que el l\u00edder republicano volvi\u00f3 al poder, el 20 de enero del a\u00f1o pasado, <b>se convirti\u00f3 en el principal aliado internacional de Milei<\/b>, que ha mantenido <b>diversos encuentros con Trump<\/b>, entre ellos uno en la Casa Blanca, el 14 de octubre pasado. <\/p>\n<p><img loading=\"lazy\" decoding=\"async\" src=\"https:\/\/resizer.glanacion.com\/resizer\/v2\/35RKUK7L55DV5D3U7J72MGYVMI.jpg?auth=ffd0f20b4a2335686b33e0c1512a16a8f122b976d187b91d55e90eb24e49c2b1&amp;smart=true&amp;width=2000&amp;height=1333\" alt=\"La reuni\u00f3n entre los presidentes Donald Trump y Javier Milei, junto a sus equipos, el 14 de octubre, en la Casa Blanca.\" height=\"1333\" width=\"2000\" \/><\/p>\n<p>\u201cApreciamos el <b>compromiso de la administraci\u00f3n Milei con la lucha contra el terrorismo global<\/b>, demostrado recientemente por la <a href=\"https:\/\/www.lanacion.com.ar\/politica\/el-gobierno-declaro-a-la-hermandad-musulmana-de-medio-oriente-como-organizacion-terrorista-nid15012026\/\" target=\"_self\" rel=\"\" title=\"https:\/\/www.lanacion.com.ar\/politica\/el-gobierno-declaro-a-la-hermandad-musulmana-de-medio-oriente-como-organizacion-terrorista-nid15012026\/\">designaci\u00f3n por parte del gobierno argentino de la Hermandad Musulmana y la Fuerza Quds iran\u00ed <\/a>como organizaciones terroristas\u201d, destac\u00f3 el vocero, respecto a las \u00faltimas decisiones del Gobierno que fueron en l\u00ednea con las de la administraci\u00f3n republicana.<\/p>\n<p>La semana pasada, el <b>Ministerio de Seguridad <\/b>dispuso la inscripci\u00f3n<b> <\/b>de la organizaci\u00f3n islamista <b>Hermandad Musulmana <\/b>en el Registro P\u00fablico de Personas y Entidades Vinculadas a Actos de Terrorismo y su Financiamiento (RePET), a partir de la incorporaci\u00f3n de sus <b>filiales del L\u00edbano, Egipto y Jordania<\/b>. La decisi\u00f3n se tom\u00f3 al considerar que reun\u00edan los requisitos legales para ser consideradas una <b>amenaza a la seguridad nacional<\/b>.<\/p>\n<p>El lunes, en tanto, <a href=\"https:\/\/www.lanacion.com.ar\/politica\/el-gobierno-oficializo-la-inscripcion-de-la-fuerza-quds-en-el-registro-de-terrorismo-nid20012026\/\" target=\"_self\" rel=\"\" title=\"https:\/\/www.lanacion.com.ar\/politica\/el-gobierno-oficializo-la-inscripcion-de-la-fuerza-quds-en-el-registro-de-terrorismo-nid20012026\/\">el Gobierno oficializ\u00f3 la inscripci\u00f3n de la organizaci\u00f3n Fuerza Quds<\/a> en el <b>RePET<\/b>. La decisi\u00f3n estuvo encuadrada en los <b>compromisos asumidos por la Argentina en materia de lucha contra el terrorismo y su financiamiento<\/b>.<\/p>\n<p><b>\u201cLa Argentina tambi\u00e9n fue uno de los primeros pa\u00edses en seguir a Estados Unidos en la designaci\u00f3n del Tren de Aragua y el Cartel de los Soles<\/b> como organizaciones terroristas extranjeras\u00bb, agreg\u00f3 el Departamento de Estado, en referencia a ambos grupos criminales venezolanos. Las autoridades estadounidenses han se\u00f1alado durante meses al expresidente <b>Nicol\u00e1s Maduro<\/b> -capturado por fuerzas norteamericanas junto a su esposa, <b>Cilia Flores<\/b>, el 3 de enero- de dirigir el Cartel de los Soles.<\/p>\n<h1>\u201cLabor en la escena internacional\u201d<\/h1>\n<p>El <b>Departamento de Estado<\/b> norteamericano se\u00f1al\u00f3 adem\u00e1s que, <b>\u201cpor su labor en la escena internacional\u201d<\/b>, <a href=\"https:\/\/www.lanacion.com.ar\/politica\/milei-participara-en-davos-de-la-reunion-citada-por-trump-para-la-creacion-de-un-organismo-que-tiene-nid20012026\/\" target=\"_self\" rel=\"\" title=\"https:\/\/www.lanacion.com.ar\/politica\/milei-participara-en-davos-de-la-reunion-citada-por-trump-para-la-creacion-de-un-organismo-que-tiene-nid20012026\/\">Trump invit\u00f3 a Milei y a la Argentina<\/a> a ser miembros fundadores del llamado <b>\u201cConsejo de la Paz\u201d <\/b>para \u201cestablecer la seguridad y la prosperidad en Gaza\u201d. Est\u00e1 previsto que <b>Trump lidere una ceremonia de firma el pr\u00f3ximo jueves, en Davos<\/b>, a las 10 (hora local), de la que <b>participar\u00e1 la delegaci\u00f3n argentina<\/b>.<\/p>\n<p>La propuesta de Trump -en la que convoc\u00f3 a decenas de l\u00edderes de todo el mundo- ha generado <b>cautela y escepticismo entre varios gobiernos<\/b>, sobre todo europeos, en momentos en que el presidente norteamericano <a href=\"https:\/\/www.lanacion.com.ar\/el-mundo\/antes-de-davos-trump-subela-apuesta-por-groenlandia-y-tensa-el-vinculo-con-europa-con-mensajes-nid20012026\/\" target=\"_self\" rel=\"\" title=\"https:\/\/www.lanacion.com.ar\/el-mundo\/antes-de-davos-trump-subela-apuesta-por-groenlandia-y-tensa-el-vinculo-con-europa-con-mensajes-nid20012026\/\">ha elevado la presi\u00f3n para tomar el control de Groenlandia<\/a>, territorio semiaut\u00f3nomo en el \u00c1rtico que depende de Dinamarca. Las \u00faltimas amenazas de la Casa Blanca sobre la isla se han convertido en un <b>tema central en la cumbre de pol\u00edticos y empresarios en Davos<\/b>. <\/p>\n<p><img loading=\"lazy\" decoding=\"async\" src=\"https:\/\/resizer.glanacion.com\/resizer\/v2\/6XDNGJSVXJB4RN2ZFMFVI6IELQ.jpg?auth=58cd6ff8cda5c6f8b8ef5b14825997cd4b6f77e21d71b0010c8fb27b7a7be689&amp;smart=true&amp;width=2000&amp;height=1333\" alt=\"El presidente Donald Trump, en la Casa Blanca.\" height=\"1333\" width=\"2000\" \/><\/p>\n<p>\u201c<b>Estados Unidos tambi\u00e9n agradece el compromiso de la Argentina de fomentar las oportunidades de inversi\u00f3n a largo plazo <\/b>mediante el fortalecimiento de las infraestructuras, el <b>avance de las reformas normativas <\/b>y la resoluci\u00f3n de los problemas de seguridad\u201d, complet\u00f3 el vocero del Departamento de Estado, que se expres\u00f3 en el mismo d\u00eda en el que <b>Trump cumpli\u00f3 el primer a\u00f1o de gesti\u00f3n en su segunda presidencia<\/b>.<\/p>\n<p>Para el gobierno de Trump, la administraci\u00f3n de Milei se convirti\u00f3 en una<b> aliada clave en Am\u00e9rica Latina<\/b>, en momentos en que <b>Washington ha renovado su atenci\u00f3n sobre la regi\u00f3n<\/b>, sobre todo a partir de la <b>intervenci\u00f3n militar en Venezuela<\/b> que abri\u00f3 una nueva era en el pa\u00eds caribe\u00f1o.<\/p>\n<p>El excelente momento en la relaci\u00f3n entre ambas administraciones ha estado fogueado adem\u00e1s por la <b>sinton\u00eda personal entre Trump y Milei<\/b>, quienes regularmente han intercambiado elogios. Adem\u00e1s, desde que asumi\u00f3 al frente de la Casa Rosada, hace poco m\u00e1s de dos a\u00f1os, el Presidente ha tenido a Estados Unidos como un destino recurrente de sus viajes internacionales: hizo <b>14 viajes<\/b>.<\/p>\n<p>El pr\u00f3ximo pautado ser\u00e1 en marzo, para la <b>Argentina Week<\/b> en Nueva York, un encuentro que reunir\u00e1 a autoridades, l\u00edderes de empresas globales, bancos, fondos de inversi\u00f3n y compa\u00f1\u00edas de sectores estrat\u00e9gicos entre el <b>9 y el 11 de ese mes<\/b>. Se espera que el Presidente participe del evento el martes 10.<\/p>\n<p><img loading=\"lazy\" decoding=\"async\" src=\"https:\/\/resizer.glanacion.com\/resizer\/v2\/YLTDKJRFPVAEZBK4TGC5BPBIL4.jpeg?auth=07bdd3719035ae92b56bc68894da8ee501dca02ba73ad1e497a552e8eb017e41&amp;smart=true&amp;width=2000&amp;height=1333\" alt=\"Javier Milei, en el America Busines Forum, en Miami.\" height=\"1333\" width=\"2000\" \/><\/p>\n<p>Adem\u00e1s, la administraci\u00f3n Trump fue un sost\u00e9n clave para el proyecto de Milei con la <b>ayuda financiera que el Tesoro norteamericano le dio al Banco Central <\/b>en la previa de las elecciones legislativas de octubre pasado, en un momento de <b>fuertes turbulencias para el Gobierno<\/b>. <\/p>\n<p>En tanto, ambas administraciones sellaron en noviembre pasado un <a href=\"https:\/\/www.lanacion.com.ar\/politica\/como-sigue-el-acuerdo-entre-eeuu-y-la-argentina-las-proximas-etapas-y-el-peso-de-las-definiciones-de-nid14112025\/\" rel=\"\" title=\"https:\/\/www.lanacion.com.ar\/politica\/como-sigue-el-acuerdo-entre-eeuu-y-la-argentina-las-proximas-etapas-y-el-peso-de-las-definiciones-de-nid14112025\/\">acuerdo marco <\/a>de comercio e inversiones, del que a\u00fan restan conocerse la letra chica y la fecha de la firma para que entre en vigor.<\/p>\n<p>\u200bAs\u00ed lo asegur\u00f3 un vocero del Departamento de Estado a LA NACION; dijo que el v\u00ednculo est\u00e1 \u201cmarcado por la alineaci\u00f3n en torno a prioridades compartidas\u201d\u00a0\u00a0<\/p>","protected":false},"excerpt":{"rendered":"<p>WASHINGTON.- En el d\u00eda previo que los presidentes Donald Trump y Javier Milei coincidan en&#8230;<\/p>\n","protected":false},"author":1,"featured_media":8889,"comment_status":"closed","ping_status":"closed","sticky":false,"template":"","format":"standard","meta":{"_jetpack_memberships_contains_paid_content":false,"footnotes":"","jetpack_publicize_message":"","jetpack_publicize_feature_enabled":true,"jetpack_social_post_already_shared":true,"jetpack_social_options":{"image_generator_settings":{"template":"highway","default_image_id":0,"font":"","enabled":false},"version":2}},"categories":[89],"tags":[],"class_list":["post-8888","post","type-post","status-publish","format-standard","has-post-thumbnail","hentry","category-nacionales"],"yoast_head":"<!-- This site is optimized with the Yoast SEO plugin v27.4 - https:\/\/yoast.com\/product\/yoast-seo-wordpress\/ -->\n<title>EE.UU. afirma que la relaci\u00f3n bilateral con la Argentina \u201cest\u00e1 en su punto m\u00e1s fuerte de la historia\u201d y elogia el liderazgo de Milei -<\/title>\n<meta name=\"robots\" content=\"index, follow, max-snippet:-1, max-image-preview:large, max-video-preview:-1\" \/>\n<link rel=\"canonical\" href=\"https:\/\/impactocastex.com.ar\/?p=8888\" \/>\n<meta property=\"og:locale\" content=\"es_ES\" \/>\n<meta property=\"og:type\" content=\"article\" \/>\n<meta property=\"og:title\" content=\"EE.UU. afirma que la relaci\u00f3n bilateral con la Argentina \u201cest\u00e1 en su punto m\u00e1s fuerte de la historia\u201d y elogia el liderazgo de Milei -\" \/>\n<meta property=\"og:description\" content=\"WASHINGTON.- En el d\u00eda previo que los presidentes Donald Trump y Javier Milei coincidan en...\" \/>\n<meta property=\"og:url\" content=\"https:\/\/impactocastex.com.ar\/?p=8888\" \/>\n<meta property=\"article:publisher\" content=\"https:\/\/www.facebook.com\/impactocastexdiario\" \/>\n<meta property=\"article:published_time\" content=\"2026-01-21T06:26:07+00:00\" \/>\n<meta property=\"og:image\" content=\"https:\/\/resizer.glanacion.com\/resizer\/v2\/A5MDY4IVOFDCTG52ODNG5EM7QI.JPG?auth=c7fdcbdd0892983538fc1c3d85012ab1d3d5e3b53fd1aaacfe302b3d5c873d17&amp;smart=true&amp;width=6272&amp;height=4688\" \/>\n<meta name=\"author\" content=\"impactocastex\" \/>\n<meta name=\"twitter:card\" content=\"summary_large_image\" \/>\n<meta name=\"twitter:label1\" content=\"Escrito por\" \/>\n\t<meta name=\"twitter:data1\" content=\"impactocastex\" \/>\n\t<meta name=\"twitter:label2\" content=\"Tiempo de lectura\" \/>\n\t<meta name=\"twitter:data2\" content=\"5 minutos\" \/>\n<script type=\"application\/ld+json\" class=\"yoast-schema-graph\">{\"@context\":\"https:\\\/\\\/schema.org\",\"@graph\":[{\"@type\":\"Article\",\"@id\":\"https:\\\/\\\/impactocastex.com.ar\\\/?p=8888#article\",\"isPartOf\":{\"@id\":\"https:\\\/\\\/impactocastex.com.ar\\\/?p=8888\"},\"author\":{\"name\":\"impactocastex\",\"@id\":\"https:\\\/\\\/impactocastex.com.ar\\\/#\\\/schema\\\/person\\\/86cb4f827fb5f87869a239b98a69c6e3\"},\"headline\":\"EE.UU. afirma que la relaci\u00f3n bilateral con la Argentina \u201cest\u00e1 en su punto m\u00e1s fuerte de la historia\u201d y elogia el liderazgo de Milei\",\"datePublished\":\"2026-01-21T06:26:07+00:00\",\"mainEntityOfPage\":{\"@id\":\"https:\\\/\\\/impactocastex.com.ar\\\/?p=8888\"},\"wordCount\":1000,\"publisher\":{\"@id\":\"https:\\\/\\\/impactocastex.com.ar\\\/#organization\"},\"image\":{\"@id\":\"https:\\\/\\\/impactocastex.com.ar\\\/?p=8888#primaryimage\"},\"thumbnailUrl\":\"https:\\\/\\\/impactocastex.com.ar\\\/wp-content\\\/uploads\\\/2026\\\/01\\\/HV3KF6W6LNA7LKFXQ7MSZGKTFA-5TUmoZ-scaled.jpg\",\"articleSection\":[\"NACIONALES\"],\"inLanguage\":\"es\"},{\"@type\":\"WebPage\",\"@id\":\"https:\\\/\\\/impactocastex.com.ar\\\/?p=8888\",\"url\":\"https:\\\/\\\/impactocastex.com.ar\\\/?p=8888\",\"name\":\"EE.UU. afirma que la relaci\u00f3n bilateral con la Argentina \u201cest\u00e1 en su punto m\u00e1s fuerte de la historia\u201d y elogia el liderazgo de Milei -\",\"isPartOf\":{\"@id\":\"https:\\\/\\\/impactocastex.com.ar\\\/#website\"},\"primaryImageOfPage\":{\"@id\":\"https:\\\/\\\/impactocastex.com.ar\\\/?p=8888#primaryimage\"},\"image\":{\"@id\":\"https:\\\/\\\/impactocastex.com.ar\\\/?p=8888#primaryimage\"},\"thumbnailUrl\":\"https:\\\/\\\/impactocastex.com.ar\\\/wp-content\\\/uploads\\\/2026\\\/01\\\/HV3KF6W6LNA7LKFXQ7MSZGKTFA-5TUmoZ-scaled.jpg\",\"datePublished\":\"2026-01-21T06:26:07+00:00\",\"breadcrumb\":{\"@id\":\"https:\\\/\\\/impactocastex.com.ar\\\/?p=8888#breadcrumb\"},\"inLanguage\":\"es\",\"potentialAction\":[{\"@type\":\"ReadAction\",\"target\":[\"https:\\\/\\\/impactocastex.com.ar\\\/?p=8888\"]}]},{\"@type\":\"ImageObject\",\"inLanguage\":\"es\",\"@id\":\"https:\\\/\\\/impactocastex.com.ar\\\/?p=8888#primaryimage\",\"url\":\"https:\\\/\\\/impactocastex.com.ar\\\/wp-content\\\/uploads\\\/2026\\\/01\\\/HV3KF6W6LNA7LKFXQ7MSZGKTFA-5TUmoZ-scaled.jpg\",\"contentUrl\":\"https:\\\/\\\/impactocastex.com.ar\\\/wp-content\\\/uploads\\\/2026\\\/01\\\/HV3KF6W6LNA7LKFXQ7MSZGKTFA-5TUmoZ-scaled.jpg\",\"width\":2560,\"height\":1707},{\"@type\":\"BreadcrumbList\",\"@id\":\"https:\\\/\\\/impactocastex.com.ar\\\/?p=8888#breadcrumb\",\"itemListElement\":[{\"@type\":\"ListItem\",\"position\":1,\"name\":\"Portada\",\"item\":\"https:\\\/\\\/impactocastex.com.ar\\\/\"},{\"@type\":\"ListItem\",\"position\":2,\"name\":\"EE.UU. afirma que la relaci\u00f3n bilateral con la Argentina \u201cest\u00e1 en su punto m\u00e1s fuerte de la historia\u201d y elogia el liderazgo de Milei\"}]},{\"@type\":\"WebSite\",\"@id\":\"https:\\\/\\\/impactocastex.com.ar\\\/#website\",\"url\":\"https:\\\/\\\/impactocastex.com.ar\\\/\",\"name\":\"Impacto Castex\",\"description\":\"\",\"publisher\":{\"@id\":\"https:\\\/\\\/impactocastex.com.ar\\\/#organization\"},\"potentialAction\":[{\"@type\":\"SearchAction\",\"target\":{\"@type\":\"EntryPoint\",\"urlTemplate\":\"https:\\\/\\\/impactocastex.com.ar\\\/?s={search_term_string}\"},\"query-input\":{\"@type\":\"PropertyValueSpecification\",\"valueRequired\":true,\"valueName\":\"search_term_string\"}}],\"inLanguage\":\"es\"},{\"@type\":\"Organization\",\"@id\":\"https:\\\/\\\/impactocastex.com.ar\\\/#organization\",\"name\":\"Impacto Castex\",\"url\":\"https:\\\/\\\/impactocastex.com.ar\\\/\",\"logo\":{\"@type\":\"ImageObject\",\"inLanguage\":\"es\",\"@id\":\"https:\\\/\\\/impactocastex.com.ar\\\/#\\\/schema\\\/logo\\\/image\\\/\",\"url\":\"https:\\\/\\\/impactocastex.com.ar\\\/wp-content\\\/uploads\\\/2025\\\/09\\\/cropped-icoweb.png\",\"contentUrl\":\"https:\\\/\\\/impactocastex.com.ar\\\/wp-content\\\/uploads\\\/2025\\\/09\\\/cropped-icoweb.png\",\"width\":512,\"height\":512,\"caption\":\"Impacto Castex\"},\"image\":{\"@id\":\"https:\\\/\\\/impactocastex.com.ar\\\/#\\\/schema\\\/logo\\\/image\\\/\"},\"sameAs\":[\"https:\\\/\\\/www.facebook.com\\\/impactocastexdiario\",\"https:\\\/\\\/www.instagram.com\\\/impactocastex.com.ar\\\/\"]},{\"@type\":\"Person\",\"@id\":\"https:\\\/\\\/impactocastex.com.ar\\\/#\\\/schema\\\/person\\\/86cb4f827fb5f87869a239b98a69c6e3\",\"name\":\"impactocastex\",\"image\":{\"@type\":\"ImageObject\",\"inLanguage\":\"es\",\"@id\":\"https:\\\/\\\/secure.gravatar.com\\\/avatar\\\/9a87ee051ca8c77f5d4070843ce2c78cdf95b858b950fb039151de955122f5f5?s=96&d=mm&r=g\",\"url\":\"https:\\\/\\\/secure.gravatar.com\\\/avatar\\\/9a87ee051ca8c77f5d4070843ce2c78cdf95b858b950fb039151de955122f5f5?s=96&d=mm&r=g\",\"contentUrl\":\"https:\\\/\\\/secure.gravatar.com\\\/avatar\\\/9a87ee051ca8c77f5d4070843ce2c78cdf95b858b950fb039151de955122f5f5?s=96&d=mm&r=g\",\"caption\":\"impactocastex\"},\"sameAs\":[\"https:\\\/\\\/impactocastex.com.ar\"],\"url\":\"https:\\\/\\\/impactocastex.com.ar\\\/?author=1\"}]}<\/script>\n<!-- \/ Yoast SEO plugin. -->","yoast_head_json":{"title":"EE.UU. afirma que la relaci\u00f3n bilateral con la Argentina \u201cest\u00e1 en su punto m\u00e1s fuerte de la historia\u201d y elogia el liderazgo de Milei -","robots":{"index":"index","follow":"follow","max-snippet":"max-snippet:-1","max-image-preview":"max-image-preview:large","max-video-preview":"max-video-preview:-1"},"canonical":"https:\/\/impactocastex.com.ar\/?p=8888","og_locale":"es_ES","og_type":"article","og_title":"EE.UU. afirma que la relaci\u00f3n bilateral con la Argentina \u201cest\u00e1 en su punto m\u00e1s fuerte de la historia\u201d y elogia el liderazgo de Milei -","og_description":"WASHINGTON.- En el d\u00eda previo que los presidentes Donald Trump y Javier Milei coincidan en...","og_url":"https:\/\/impactocastex.com.ar\/?p=8888","article_publisher":"https:\/\/www.facebook.com\/impactocastexdiario","article_published_time":"2026-01-21T06:26:07+00:00","og_image":[{"url":"https:\/\/resizer.glanacion.com\/resizer\/v2\/A5MDY4IVOFDCTG52ODNG5EM7QI.JPG?auth=c7fdcbdd0892983538fc1c3d85012ab1d3d5e3b53fd1aaacfe302b3d5c873d17&amp;smart=true&amp;width=6272&amp;height=4688","type":"","width":"","height":""}],"author":"impactocastex","twitter_card":"summary_large_image","twitter_misc":{"Escrito por":"impactocastex","Tiempo de lectura":"5 minutos"},"schema":{"@context":"https:\/\/schema.org","@graph":[{"@type":"Article","@id":"https:\/\/impactocastex.com.ar\/?p=8888#article","isPartOf":{"@id":"https:\/\/impactocastex.com.ar\/?p=8888"},"author":{"name":"impactocastex","@id":"https:\/\/impactocastex.com.ar\/#\/schema\/person\/86cb4f827fb5f87869a239b98a69c6e3"},"headline":"EE.UU. afirma que la relaci\u00f3n bilateral con la Argentina \u201cest\u00e1 en su punto m\u00e1s fuerte de la historia\u201d y elogia el liderazgo de Milei","datePublished":"2026-01-21T06:26:07+00:00","mainEntityOfPage":{"@id":"https:\/\/impactocastex.com.ar\/?p=8888"},"wordCount":1000,"publisher":{"@id":"https:\/\/impactocastex.com.ar\/#organization"},"image":{"@id":"https:\/\/impactocastex.com.ar\/?p=8888#primaryimage"},"thumbnailUrl":"https:\/\/impactocastex.com.ar\/wp-content\/uploads\/2026\/01\/HV3KF6W6LNA7LKFXQ7MSZGKTFA-5TUmoZ-scaled.jpg","articleSection":["NACIONALES"],"inLanguage":"es"},{"@type":"WebPage","@id":"https:\/\/impactocastex.com.ar\/?p=8888","url":"https:\/\/impactocastex.com.ar\/?p=8888","name":"EE.UU. afirma que la relaci\u00f3n bilateral con la Argentina \u201cest\u00e1 en su punto m\u00e1s fuerte de la historia\u201d y elogia el liderazgo de Milei -","isPartOf":{"@id":"https:\/\/impactocastex.com.ar\/#website"},"primaryImageOfPage":{"@id":"https:\/\/impactocastex.com.ar\/?p=8888#primaryimage"},"image":{"@id":"https:\/\/impactocastex.com.ar\/?p=8888#primaryimage"},"thumbnailUrl":"https:\/\/impactocastex.com.ar\/wp-content\/uploads\/2026\/01\/HV3KF6W6LNA7LKFXQ7MSZGKTFA-5TUmoZ-scaled.jpg","datePublished":"2026-01-21T06:26:07+00:00","breadcrumb":{"@id":"https:\/\/impactocastex.com.ar\/?p=8888#breadcrumb"},"inLanguage":"es","potentialAction":[{"@type":"ReadAction","target":["https:\/\/impactocastex.com.ar\/?p=8888"]}]},{"@type":"ImageObject","inLanguage":"es","@id":"https:\/\/impactocastex.com.ar\/?p=8888#primaryimage","url":"https:\/\/impactocastex.com.ar\/wp-content\/uploads\/2026\/01\/HV3KF6W6LNA7LKFXQ7MSZGKTFA-5TUmoZ-scaled.jpg","contentUrl":"https:\/\/impactocastex.com.ar\/wp-content\/uploads\/2026\/01\/HV3KF6W6LNA7LKFXQ7MSZGKTFA-5TUmoZ-scaled.jpg","width":2560,"height":1707},{"@type":"BreadcrumbList","@id":"https:\/\/impactocastex.com.ar\/?p=8888#breadcrumb","itemListElement":[{"@type":"ListItem","position":1,"name":"Portada","item":"https:\/\/impactocastex.com.ar\/"},{"@type":"ListItem","position":2,"name":"EE.UU. afirma que la relaci\u00f3n bilateral con la Argentina \u201cest\u00e1 en su punto m\u00e1s fuerte de la historia\u201d y elogia el liderazgo de Milei"}]},{"@type":"WebSite","@id":"https:\/\/impactocastex.com.ar\/#website","url":"https:\/\/impactocastex.com.ar\/","name":"Impacto Castex","description":"","publisher":{"@id":"https:\/\/impactocastex.com.ar\/#organization"},"potentialAction":[{"@type":"SearchAction","target":{"@type":"EntryPoint","urlTemplate":"https:\/\/impactocastex.com.ar\/?s={search_term_string}"},"query-input":{"@type":"PropertyValueSpecification","valueRequired":true,"valueName":"search_term_string"}}],"inLanguage":"es"},{"@type":"Organization","@id":"https:\/\/impactocastex.com.ar\/#organization","name":"Impacto Castex","url":"https:\/\/impactocastex.com.ar\/","logo":{"@type":"ImageObject","inLanguage":"es","@id":"https:\/\/impactocastex.com.ar\/#\/schema\/logo\/image\/","url":"https:\/\/impactocastex.com.ar\/wp-content\/uploads\/2025\/09\/cropped-icoweb.png","contentUrl":"https:\/\/impactocastex.com.ar\/wp-content\/uploads\/2025\/09\/cropped-icoweb.png","width":512,"height":512,"caption":"Impacto Castex"},"image":{"@id":"https:\/\/impactocastex.com.ar\/#\/schema\/logo\/image\/"},"sameAs":["https:\/\/www.facebook.com\/impactocastexdiario","https:\/\/www.instagram.com\/impactocastex.com.ar\/"]},{"@type":"Person","@id":"https:\/\/impactocastex.com.ar\/#\/schema\/person\/86cb4f827fb5f87869a239b98a69c6e3","name":"impactocastex","image":{"@type":"ImageObject","inLanguage":"es","@id":"https:\/\/secure.gravatar.com\/avatar\/9a87ee051ca8c77f5d4070843ce2c78cdf95b858b950fb039151de955122f5f5?s=96&d=mm&r=g","url":"https:\/\/secure.gravatar.com\/avatar\/9a87ee051ca8c77f5d4070843ce2c78cdf95b858b950fb039151de955122f5f5?s=96&d=mm&r=g","contentUrl":"https:\/\/secure.gravatar.com\/avatar\/9a87ee051ca8c77f5d4070843ce2c78cdf95b858b950fb039151de955122f5f5?s=96&d=mm&r=g","caption":"impactocastex"},"sameAs":["https:\/\/impactocastex.com.ar"],"url":"https:\/\/impactocastex.com.ar\/?author=1"}]}},"jetpack_publicize_connections":[],"featured_image_urls":{"full":["https:\/\/impactocastex.com.ar\/wp-content\/uploads\/2026\/01\/HV3KF6W6LNA7LKFXQ7MSZGKTFA-5TUmoZ-scaled.jpg",2560,1707,false],"thumbnail":["https:\/\/impactocastex.com.ar\/wp-content\/uploads\/2026\/01\/HV3KF6W6LNA7LKFXQ7MSZGKTFA-5TUmoZ-150x150.jpg",150,150,true],"medium":["https:\/\/impactocastex.com.ar\/wp-content\/uploads\/2026\/01\/HV3KF6W6LNA7LKFXQ7MSZGKTFA-5TUmoZ-300x200.jpg",300,200,true],"medium_large":["https:\/\/impactocastex.com.ar\/wp-content\/uploads\/2026\/01\/HV3KF6W6LNA7LKFXQ7MSZGKTFA-5TUmoZ-768x512.jpg",640,427,true],"large":["https:\/\/impactocastex.com.ar\/wp-content\/uploads\/2026\/01\/HV3KF6W6LNA7LKFXQ7MSZGKTFA-5TUmoZ-1024x683.jpg",640,427,true],"1536x1536":["https:\/\/impactocastex.com.ar\/wp-content\/uploads\/2026\/01\/HV3KF6W6LNA7LKFXQ7MSZGKTFA-5TUmoZ-1536x1024.jpg",1536,1024,true],"2048x2048":["https:\/\/impactocastex.com.ar\/wp-content\/uploads\/2026\/01\/HV3KF6W6LNA7LKFXQ7MSZGKTFA-5TUmoZ-2048x1366.jpg",2048,1366,true],"newsever-slider-full":["https:\/\/impactocastex.com.ar\/wp-content\/uploads\/2026\/01\/HV3KF6W6LNA7LKFXQ7MSZGKTFA-5TUmoZ-1280x845.jpg",1280,845,true],"newsever-featured":["https:\/\/impactocastex.com.ar\/wp-content\/uploads\/2026\/01\/HV3KF6W6LNA7LKFXQ7MSZGKTFA-5TUmoZ-1024x683.jpg",1024,683,true],"newsever-medium":["https:\/\/impactocastex.com.ar\/wp-content\/uploads\/2026\/01\/HV3KF6W6LNA7LKFXQ7MSZGKTFA-5TUmoZ-720x475.jpg",720,475,true]},"author_info":{"info":["impactocastex"]},"category_info":"<a href=\"https:\/\/impactocastex.com.ar\/?cat=89\" rel=\"category\">NACIONALES<\/a>","tag_info":"NACIONALES","comment_count":0,"jetpack_featured_media_url":"https:\/\/impactocastex.com.ar\/wp-content\/uploads\/2026\/01\/HV3KF6W6LNA7LKFXQ7MSZGKTFA-5TUmoZ-scaled.jpg","jetpack_sharing_enabled":true,"jetpack_likes_enabled":true,"jetpack_shortlink":"https:\/\/wp.me\/p7sopA-2jm","_links":{"self":[{"href":"https:\/\/impactocastex.com.ar\/index.php?rest_route=\/wp\/v2\/posts\/8888","targetHints":{"allow":["GET"]}}],"collection":[{"href":"https:\/\/impactocastex.com.ar\/index.php?rest_route=\/wp\/v2\/posts"}],"about":[{"href":"https:\/\/impactocastex.com.ar\/index.php?rest_route=\/wp\/v2\/types\/post"}],"author":[{"embeddable":true,"href":"https:\/\/impactocastex.com.ar\/index.php?rest_route=\/wp\/v2\/users\/1"}],"replies":[{"embeddable":true,"href":"https:\/\/impactocastex.com.ar\/index.php?rest_route=%2Fwp%2Fv2%2Fcomments&post=8888"}],"version-history":[{"count":0,"href":"https:\/\/impactocastex.com.ar\/index.php?rest_route=\/wp\/v2\/posts\/8888\/revisions"}],"wp:featuredmedia":[{"embeddable":true,"href":"https:\/\/impactocastex.com.ar\/index.php?rest_route=\/wp\/v2\/media\/8889"}],"wp:attachment":[{"href":"https:\/\/impactocastex.com.ar\/index.php?rest_route=%2Fwp%2Fv2%2Fmedia&parent=8888"}],"wp:term":[{"taxonomy":"category","embeddable":true,"href":"https:\/\/impactocastex.com.ar\/index.php?rest_route=%2Fwp%2Fv2%2Fcategories&post=8888"},{"taxonomy":"post_tag","embeddable":true,"href":"https:\/\/impactocastex.com.ar\/index.php?rest_route=%2Fwp%2Fv2%2Ftags&post=8888"}],"curies":[{"name":"wp","href":"https:\/\/api.w.org\/{rel}","templated":true}]}}