{"id":8886,"date":"2026-01-21T03:27:45","date_gmt":"2026-01-21T06:27:45","guid":{"rendered":"https:\/\/impactocastex.com.ar\/?p=8886"},"modified":"2026-01-21T03:27:45","modified_gmt":"2026-01-21T06:27:45","slug":"un-tren-choco-contra-un-muro-y-otro-descarrilo-en-espana-un-muerto-y-al-menos-37-heridos","status":"publish","type":"post","link":"https:\/\/impactocastex.com.ar\/?p=8886","title":{"rendered":"Un tren choc\u00f3 contra un muro y otro descarril\u00f3 en Espa\u00f1a: un muerto y al menos 37 heridos"},"content":{"rendered":"<p>En medio de la conmoci\u00f3n por el reciente<a href=\"https:\/\/www.lanacion.com.ar\/el-mundo\/duelo-nacional-y-agenda-suspendida-unidad-politica-y-reproches-de-la-ultraderecha-tras-la-tragedia-nid19012026\/\" target=\"_self\" rel=\"\" title=\"https:\/\/www.lanacion.com.ar\/el-mundo\/duelo-nacional-y-agenda-suspendida-unidad-politica-y-reproches-de-la-ultraderecha-tras-la-tragedia-nid19012026\/\"> choque de trenes en Espa\u00f1a, <\/a>en la localidad de Adamuz, se reportaron este martes dos accidentes ferroviarios en la<b> zona de Catalu\u00f1a, <\/b>ocurridos por la noche con muy poca diferencia horaria. El primer siniestro provoc\u00f3 la muerte del maquinista que conduc\u00eda la formaci\u00f3n y un saldo de<b> <\/b>al menos 37 heridos, cuatro de ellos de gravedad,<b> <\/b>mientras que el otro descarrilamiento no dej\u00f3 lesionados. <\/p>\n<p>Se trata de un tren de cercan\u00edas que choc\u00f3 este martes contra un muro de contenci\u00f3n de la autopista AP-7 que cay\u00f3 sobre las v\u00edas entre Gelida y Sant Sadurn\u00ed d\u2019Anoia, en Barcelona, lo que provoc\u00f3 el descarrilamiento y luego la colisi\u00f3n de un tren de rodalias, perteneciente a la l\u00ednea R-4. <\/p>\n<p><img loading=\"lazy\" decoding=\"async\" src=\"https:\/\/resizer.glanacion.com\/resizer\/v2\/C3JKCDVKYREJRIZ2YTEL4QBUQA.JPG?auth=362037c4c6b72968f4f749845f8408532c6f836813310ac03aa9cfd2b844c69f&amp;smart=true&amp;width=1497&amp;height=998\" alt=\"Un tren choc\u00f3 contra un muro de contenci\u00f3n de la autopista AP-7 que cay\u00f3 sobre las v\u00edas entre Gelida y Sant Sadurn\u00ed d\u2019Anoia, en Barcelona\" height=\"998\" width=\"1497\" \/><\/p>\n<p>El incidente se produjo poco despu\u00e9s de las 21 locales a unos 40 km al oeste de la capital catalana. Desde el servicio de Rodalies en Catalu\u00f1a se\u00f1alaron que el desprendimiento del muro se habr\u00eda producido por las fuertes lluvias que afectaron esta semana al noreste de la regi\u00f3n. En la misma l\u00ednea, la Administraci\u00f3n de Infraestructura Ferroviaria (ADIF) sostuvo que el derrumbe habr\u00eda sido consecuencia del temporal que azota Catalu\u00f1a. <\/p>\n<blockquote class=\"twitter-tweet\">\n<p lang=\"ca\" dir=\"ltr\">\u26a0\ufe0f Accident ferroviari a la l\u00ednia R4 <\/p>\n<p>El despreniment d\u2019un mur sobre les vies a causa del temporal ha provocat la col\u00b7lisi\u00f3 d\u2019un tren entre Sant Sadurn\u00ed i Gelida. A conseq\u00fc\u00e8ncia d\u2019aquest xoc, ha mort una persona i una vintena m\u00e9s han resultat ferides de diversa consideraci\u00f3.<\/p>\n<p>\u2014 Rodalies Catalunya (@rodalies) <a href=\"https:\/\/twitter.com\/rodalies\/status\/2013745044033802622?ref_src=twsrc%5Etfw\">January 20, 2026<\/a><\/p><\/blockquote>\n<p>Minutos despu\u00e9s de darse a conocer la noticia, las autoridades confirmaron el fallecimiento del maquinista a cargo de la formaci\u00f3n y detallaron que al menos 37 personas resultaron heridas, cinco de ellas de gravedad. <\/p>\n<p>\u201cPodemos decir que hay entre cuatro y seis personas graves y el resto son leves\u201d, precis\u00f3 el alcalde de Gelida, Llu\u00eds Valls, en una entrevista a Catalunya Radio, previo a confirmarse la muerte del maquinista. <\/p>\n<p>Horas despu\u00e9s, el presidente de Espa\u00f1a, <b>Pedro S\u00e1nchez, <\/b>se expres\u00f3 al respecto y dijo que est\u00e1 pendiente de la evoluci\u00f3n de la situaci\u00f3n. \u201cTodo mi cari\u00f1o y solidaridad con las v\u00edctimas y sus familias\u201d. <\/p>\n<blockquote class=\"twitter-tweet\">\n<p lang=\"es\" dir=\"ltr\">Muy atento a las informaciones sobre el accidente de un tren de Rodalies en Gelida. <\/p>\n<p>Pendiente de la evoluci\u00f3n de la situaci\u00f3n y el trabajo de los servicios de emergencia.<\/p>\n<p>Todo mi cari\u00f1o y solidaridad con las v\u00edctimas y sus familias. <a href=\"https:\/\/t.co\/mpZ5jUiNLm\">https:\/\/t.co\/mpZ5jUiNLm<\/a><\/p>\n<p>\u2014 Pedro S\u00e1nchez (@sanchezcastejon) <a href=\"https:\/\/twitter.com\/sanchezcastejon\/status\/2013750354484007264?ref_src=twsrc%5Etfw\">January 20, 2026<\/a><\/p><\/blockquote>\n<p>Los Servicios de Emergencias indicaron que se desplazaron hasta la zona a 20 ambulancias, adem\u00e1s de 35 dotaciones de bomberos para asistir a los afectados, si bien no se conocen m\u00e1s detalles sobre el estado de salud de los heridos.<\/p>\n\n<p>Pasadas las 23.30 (hora local), personal de Bomberos de Catalu\u00f1a confirm\u00f3 que no se registraban m\u00e1s personas dentro de la formaci\u00f3n, aunque aclararon que se encontraban registrando la zona de abajo del tren. <\/p>\n<p><img loading=\"lazy\" decoding=\"async\" src=\"https:\/\/resizer.glanacion.com\/resizer\/v2\/LAHBP5ZFFBCWDMGFGFK7SXHF7I.JPG?auth=3f6ff6c786beba475b68e02c5e5b9476610626d544f6bdf44b51601858094bb6&amp;smart=true&amp;width=4503&amp;height=3002\" alt=\"Los equipos de emergencia trabajan despu\u00e9s de que un tren de cercan\u00edas descarrilara cuando un muro de contenci\u00f3n colaps\u00f3 sobre las v\u00edas en Gelida\" height=\"3002\" width=\"4503\" \/><\/p>\n<p>En Catalu\u00f1a, la administraci\u00f3n de los trenes est\u00e1 a cargo de la nueva empresa Rodalies de Catalunya SME, SA, con una participaci\u00f3n del 49,9% por parte de la Generalitat y del 50,1% por parte de Renfe (la empresa nacional ferroviaria).<\/p>\n<blockquote class=\"twitter-tweet\">\n<p lang=\"ca\" dir=\"ltr\">A Gelida, despr\u00e9s de fer una revisi\u00f3 de tot el comboi, hem confirmat que no quedava ning\u00fa a l&#8217;interior. Estem revisant revisar la part de sota del tren i fem una batuda per la zona per descartar m\u00e9s v\u00edctimes.<br \/>Continuem assegurant la zona per treballar amb seguretat.<a href=\"https:\/\/twitter.com\/hashtag\/bomberscat?src=hash&amp;ref_src=twsrc%5Etfw\">#bomberscat<\/a> <a href=\"https:\/\/t.co\/KnAiibJGQw\">pic.twitter.com\/KnAiibJGQw<\/a><\/p>\n<p>\u2014 Bombers (@bomberscat) <a href=\"https:\/\/twitter.com\/bomberscat\/status\/2013742705281573335?ref_src=twsrc%5Etfw\">January 20, 2026<\/a><\/p><\/blockquote>\n<p>Una hora antes, cerca de las 20, se hab\u00eda registrado en Girona otro accidente ferroviario. Seg\u00fan consign\u00f3 <i>El Pa\u00eds, <\/i>unas rocas provocaron el descarrilamiento de otro tren, en el que viajaban decenas de pasajeros. Al momento, no se reportaron heridos all\u00ed. <\/p>\n<p>Los dos accidentes coinciden con el fuerte temporal que viene afectando a toda la zona de Catalu\u00f1a en los \u00faltimos d\u00edas. <\/p>\n<p>Ambos incidentes ocurren adem\u00e1s mientras Espa\u00f1a todav\u00eda se encuentra bajo la conmoci\u00f3n por el grave accidente ferroviario ocurrido el domingo en Andaluc\u00eda, en el sur del pa\u00eds, cuando dos trenes de alta velocidad colisionaron dejando, al menos, 42 fallecidos.<\/p>\n<p>\u200bLa noticia llega tras el tr\u00e1gico accidente ocurrido el domingo en la localidad de Adamuz, donde murieron 42 personas\u00a0\u00a0<\/p>","protected":false},"excerpt":{"rendered":"<p>En medio de la conmoci\u00f3n por el reciente choque de trenes en Espa\u00f1a, en la&#8230;<\/p>\n","protected":false},"author":1,"featured_media":8887,"comment_status":"closed","ping_status":"closed","sticky":false,"template":"","format":"standard","meta":{"_jetpack_memberships_contains_paid_content":false,"footnotes":"","jetpack_publicize_message":"","jetpack_publicize_feature_enabled":true,"jetpack_social_post_already_shared":true,"jetpack_social_options":{"image_generator_settings":{"template":"highway","default_image_id":0,"font":"","enabled":false},"version":2}},"categories":[89],"tags":[],"class_list":["post-8886","post","type-post","status-publish","format-standard","has-post-thumbnail","hentry","category-nacionales"],"yoast_head":"<!-- This site is optimized with the Yoast SEO plugin v27.4 - https:\/\/yoast.com\/product\/yoast-seo-wordpress\/ -->\n<title>Un tren choc\u00f3 contra un muro y otro descarril\u00f3 en Espa\u00f1a: un muerto y al menos 37 heridos -<\/title>\n<meta name=\"robots\" content=\"index, follow, max-snippet:-1, max-image-preview:large, max-video-preview:-1\" \/>\n<link rel=\"canonical\" href=\"https:\/\/impactocastex.com.ar\/?p=8886\" \/>\n<meta property=\"og:locale\" content=\"es_ES\" \/>\n<meta property=\"og:type\" content=\"article\" \/>\n<meta property=\"og:title\" content=\"Un tren choc\u00f3 contra un muro y otro descarril\u00f3 en Espa\u00f1a: un muerto y al menos 37 heridos -\" \/>\n<meta property=\"og:description\" content=\"En medio de la conmoci\u00f3n por el reciente choque de trenes en Espa\u00f1a, en la...\" \/>\n<meta property=\"og:url\" content=\"https:\/\/impactocastex.com.ar\/?p=8886\" \/>\n<meta property=\"article:publisher\" content=\"https:\/\/www.facebook.com\/impactocastexdiario\" \/>\n<meta property=\"article:published_time\" content=\"2026-01-21T06:27:45+00:00\" \/>\n<meta property=\"og:image\" content=\"https:\/\/resizer.glanacion.com\/resizer\/v2\/C3JKCDVKYREJRIZ2YTEL4QBUQA.JPG?auth=362037c4c6b72968f4f749845f8408532c6f836813310ac03aa9cfd2b844c69f&amp;smart=true&amp;width=1497&amp;height=998\" \/>\n<meta name=\"author\" content=\"impactocastex\" \/>\n<meta name=\"twitter:card\" content=\"summary_large_image\" \/>\n<meta name=\"twitter:label1\" content=\"Escrito por\" \/>\n\t<meta name=\"twitter:data1\" content=\"impactocastex\" \/>\n\t<meta name=\"twitter:label2\" content=\"Tiempo de lectura\" \/>\n\t<meta name=\"twitter:data2\" content=\"4 minutos\" \/>\n<script type=\"application\/ld+json\" class=\"yoast-schema-graph\">{\"@context\":\"https:\\\/\\\/schema.org\",\"@graph\":[{\"@type\":\"Article\",\"@id\":\"https:\\\/\\\/impactocastex.com.ar\\\/?p=8886#article\",\"isPartOf\":{\"@id\":\"https:\\\/\\\/impactocastex.com.ar\\\/?p=8886\"},\"author\":{\"name\":\"impactocastex\",\"@id\":\"https:\\\/\\\/impactocastex.com.ar\\\/#\\\/schema\\\/person\\\/86cb4f827fb5f87869a239b98a69c6e3\"},\"headline\":\"Un tren choc\u00f3 contra un muro y otro descarril\u00f3 en Espa\u00f1a: un muerto y al menos 37 heridos\",\"datePublished\":\"2026-01-21T06:27:45+00:00\",\"mainEntityOfPage\":{\"@id\":\"https:\\\/\\\/impactocastex.com.ar\\\/?p=8886\"},\"wordCount\":758,\"publisher\":{\"@id\":\"https:\\\/\\\/impactocastex.com.ar\\\/#organization\"},\"image\":{\"@id\":\"https:\\\/\\\/impactocastex.com.ar\\\/?p=8886#primaryimage\"},\"thumbnailUrl\":\"https:\\\/\\\/impactocastex.com.ar\\\/wp-content\\\/uploads\\\/2026\\\/01\\\/SN7FNCJOU5CBVKJ3YRWMJYUDKY-Ozj4t6.jpg\",\"articleSection\":[\"NACIONALES\"],\"inLanguage\":\"es\"},{\"@type\":\"WebPage\",\"@id\":\"https:\\\/\\\/impactocastex.com.ar\\\/?p=8886\",\"url\":\"https:\\\/\\\/impactocastex.com.ar\\\/?p=8886\",\"name\":\"Un tren choc\u00f3 contra un muro y otro descarril\u00f3 en Espa\u00f1a: un muerto y al menos 37 heridos -\",\"isPartOf\":{\"@id\":\"https:\\\/\\\/impactocastex.com.ar\\\/#website\"},\"primaryImageOfPage\":{\"@id\":\"https:\\\/\\\/impactocastex.com.ar\\\/?p=8886#primaryimage\"},\"image\":{\"@id\":\"https:\\\/\\\/impactocastex.com.ar\\\/?p=8886#primaryimage\"},\"thumbnailUrl\":\"https:\\\/\\\/impactocastex.com.ar\\\/wp-content\\\/uploads\\\/2026\\\/01\\\/SN7FNCJOU5CBVKJ3YRWMJYUDKY-Ozj4t6.jpg\",\"datePublished\":\"2026-01-21T06:27:45+00:00\",\"breadcrumb\":{\"@id\":\"https:\\\/\\\/impactocastex.com.ar\\\/?p=8886#breadcrumb\"},\"inLanguage\":\"es\",\"potentialAction\":[{\"@type\":\"ReadAction\",\"target\":[\"https:\\\/\\\/impactocastex.com.ar\\\/?p=8886\"]}]},{\"@type\":\"ImageObject\",\"inLanguage\":\"es\",\"@id\":\"https:\\\/\\\/impactocastex.com.ar\\\/?p=8886#primaryimage\",\"url\":\"https:\\\/\\\/impactocastex.com.ar\\\/wp-content\\\/uploads\\\/2026\\\/01\\\/SN7FNCJOU5CBVKJ3YRWMJYUDKY-Ozj4t6.jpg\",\"contentUrl\":\"https:\\\/\\\/impactocastex.com.ar\\\/wp-content\\\/uploads\\\/2026\\\/01\\\/SN7FNCJOU5CBVKJ3YRWMJYUDKY-Ozj4t6.jpg\",\"width\":2240,\"height\":1493},{\"@type\":\"BreadcrumbList\",\"@id\":\"https:\\\/\\\/impactocastex.com.ar\\\/?p=8886#breadcrumb\",\"itemListElement\":[{\"@type\":\"ListItem\",\"position\":1,\"name\":\"Portada\",\"item\":\"https:\\\/\\\/impactocastex.com.ar\\\/\"},{\"@type\":\"ListItem\",\"position\":2,\"name\":\"Un tren choc\u00f3 contra un muro y otro descarril\u00f3 en Espa\u00f1a: un muerto y al menos 37 heridos\"}]},{\"@type\":\"WebSite\",\"@id\":\"https:\\\/\\\/impactocastex.com.ar\\\/#website\",\"url\":\"https:\\\/\\\/impactocastex.com.ar\\\/\",\"name\":\"Impacto Castex\",\"description\":\"\",\"publisher\":{\"@id\":\"https:\\\/\\\/impactocastex.com.ar\\\/#organization\"},\"potentialAction\":[{\"@type\":\"SearchAction\",\"target\":{\"@type\":\"EntryPoint\",\"urlTemplate\":\"https:\\\/\\\/impactocastex.com.ar\\\/?s={search_term_string}\"},\"query-input\":{\"@type\":\"PropertyValueSpecification\",\"valueRequired\":true,\"valueName\":\"search_term_string\"}}],\"inLanguage\":\"es\"},{\"@type\":\"Organization\",\"@id\":\"https:\\\/\\\/impactocastex.com.ar\\\/#organization\",\"name\":\"Impacto Castex\",\"url\":\"https:\\\/\\\/impactocastex.com.ar\\\/\",\"logo\":{\"@type\":\"ImageObject\",\"inLanguage\":\"es\",\"@id\":\"https:\\\/\\\/impactocastex.com.ar\\\/#\\\/schema\\\/logo\\\/image\\\/\",\"url\":\"https:\\\/\\\/impactocastex.com.ar\\\/wp-content\\\/uploads\\\/2025\\\/09\\\/cropped-icoweb.png\",\"contentUrl\":\"https:\\\/\\\/impactocastex.com.ar\\\/wp-content\\\/uploads\\\/2025\\\/09\\\/cropped-icoweb.png\",\"width\":512,\"height\":512,\"caption\":\"Impacto Castex\"},\"image\":{\"@id\":\"https:\\\/\\\/impactocastex.com.ar\\\/#\\\/schema\\\/logo\\\/image\\\/\"},\"sameAs\":[\"https:\\\/\\\/www.facebook.com\\\/impactocastexdiario\",\"https:\\\/\\\/www.instagram.com\\\/impactocastex.com.ar\\\/\"]},{\"@type\":\"Person\",\"@id\":\"https:\\\/\\\/impactocastex.com.ar\\\/#\\\/schema\\\/person\\\/86cb4f827fb5f87869a239b98a69c6e3\",\"name\":\"impactocastex\",\"image\":{\"@type\":\"ImageObject\",\"inLanguage\":\"es\",\"@id\":\"https:\\\/\\\/secure.gravatar.com\\\/avatar\\\/9a87ee051ca8c77f5d4070843ce2c78cdf95b858b950fb039151de955122f5f5?s=96&d=mm&r=g\",\"url\":\"https:\\\/\\\/secure.gravatar.com\\\/avatar\\\/9a87ee051ca8c77f5d4070843ce2c78cdf95b858b950fb039151de955122f5f5?s=96&d=mm&r=g\",\"contentUrl\":\"https:\\\/\\\/secure.gravatar.com\\\/avatar\\\/9a87ee051ca8c77f5d4070843ce2c78cdf95b858b950fb039151de955122f5f5?s=96&d=mm&r=g\",\"caption\":\"impactocastex\"},\"sameAs\":[\"https:\\\/\\\/impactocastex.com.ar\"],\"url\":\"https:\\\/\\\/impactocastex.com.ar\\\/?author=1\"}]}<\/script>\n<!-- \/ Yoast SEO plugin. -->","yoast_head_json":{"title":"Un tren choc\u00f3 contra un muro y otro descarril\u00f3 en Espa\u00f1a: un muerto y al menos 37 heridos -","robots":{"index":"index","follow":"follow","max-snippet":"max-snippet:-1","max-image-preview":"max-image-preview:large","max-video-preview":"max-video-preview:-1"},"canonical":"https:\/\/impactocastex.com.ar\/?p=8886","og_locale":"es_ES","og_type":"article","og_title":"Un tren choc\u00f3 contra un muro y otro descarril\u00f3 en Espa\u00f1a: un muerto y al menos 37 heridos -","og_description":"En medio de la conmoci\u00f3n por el reciente choque de trenes en Espa\u00f1a, en la...","og_url":"https:\/\/impactocastex.com.ar\/?p=8886","article_publisher":"https:\/\/www.facebook.com\/impactocastexdiario","article_published_time":"2026-01-21T06:27:45+00:00","og_image":[{"url":"https:\/\/resizer.glanacion.com\/resizer\/v2\/C3JKCDVKYREJRIZ2YTEL4QBUQA.JPG?auth=362037c4c6b72968f4f749845f8408532c6f836813310ac03aa9cfd2b844c69f&amp;smart=true&amp;width=1497&amp;height=998","type":"","width":"","height":""}],"author":"impactocastex","twitter_card":"summary_large_image","twitter_misc":{"Escrito por":"impactocastex","Tiempo de lectura":"4 minutos"},"schema":{"@context":"https:\/\/schema.org","@graph":[{"@type":"Article","@id":"https:\/\/impactocastex.com.ar\/?p=8886#article","isPartOf":{"@id":"https:\/\/impactocastex.com.ar\/?p=8886"},"author":{"name":"impactocastex","@id":"https:\/\/impactocastex.com.ar\/#\/schema\/person\/86cb4f827fb5f87869a239b98a69c6e3"},"headline":"Un tren choc\u00f3 contra un muro y otro descarril\u00f3 en Espa\u00f1a: un muerto y al menos 37 heridos","datePublished":"2026-01-21T06:27:45+00:00","mainEntityOfPage":{"@id":"https:\/\/impactocastex.com.ar\/?p=8886"},"wordCount":758,"publisher":{"@id":"https:\/\/impactocastex.com.ar\/#organization"},"image":{"@id":"https:\/\/impactocastex.com.ar\/?p=8886#primaryimage"},"thumbnailUrl":"https:\/\/impactocastex.com.ar\/wp-content\/uploads\/2026\/01\/SN7FNCJOU5CBVKJ3YRWMJYUDKY-Ozj4t6.jpg","articleSection":["NACIONALES"],"inLanguage":"es"},{"@type":"WebPage","@id":"https:\/\/impactocastex.com.ar\/?p=8886","url":"https:\/\/impactocastex.com.ar\/?p=8886","name":"Un tren choc\u00f3 contra un muro y otro descarril\u00f3 en Espa\u00f1a: un muerto y al menos 37 heridos -","isPartOf":{"@id":"https:\/\/impactocastex.com.ar\/#website"},"primaryImageOfPage":{"@id":"https:\/\/impactocastex.com.ar\/?p=8886#primaryimage"},"image":{"@id":"https:\/\/impactocastex.com.ar\/?p=8886#primaryimage"},"thumbnailUrl":"https:\/\/impactocastex.com.ar\/wp-content\/uploads\/2026\/01\/SN7FNCJOU5CBVKJ3YRWMJYUDKY-Ozj4t6.jpg","datePublished":"2026-01-21T06:27:45+00:00","breadcrumb":{"@id":"https:\/\/impactocastex.com.ar\/?p=8886#breadcrumb"},"inLanguage":"es","potentialAction":[{"@type":"ReadAction","target":["https:\/\/impactocastex.com.ar\/?p=8886"]}]},{"@type":"ImageObject","inLanguage":"es","@id":"https:\/\/impactocastex.com.ar\/?p=8886#primaryimage","url":"https:\/\/impactocastex.com.ar\/wp-content\/uploads\/2026\/01\/SN7FNCJOU5CBVKJ3YRWMJYUDKY-Ozj4t6.jpg","contentUrl":"https:\/\/impactocastex.com.ar\/wp-content\/uploads\/2026\/01\/SN7FNCJOU5CBVKJ3YRWMJYUDKY-Ozj4t6.jpg","width":2240,"height":1493},{"@type":"BreadcrumbList","@id":"https:\/\/impactocastex.com.ar\/?p=8886#breadcrumb","itemListElement":[{"@type":"ListItem","position":1,"name":"Portada","item":"https:\/\/impactocastex.com.ar\/"},{"@type":"ListItem","position":2,"name":"Un tren choc\u00f3 contra un muro y otro descarril\u00f3 en Espa\u00f1a: un muerto y al menos 37 heridos"}]},{"@type":"WebSite","@id":"https:\/\/impactocastex.com.ar\/#website","url":"https:\/\/impactocastex.com.ar\/","name":"Impacto Castex","description":"","publisher":{"@id":"https:\/\/impactocastex.com.ar\/#organization"},"potentialAction":[{"@type":"SearchAction","target":{"@type":"EntryPoint","urlTemplate":"https:\/\/impactocastex.com.ar\/?s={search_term_string}"},"query-input":{"@type":"PropertyValueSpecification","valueRequired":true,"valueName":"search_term_string"}}],"inLanguage":"es"},{"@type":"Organization","@id":"https:\/\/impactocastex.com.ar\/#organization","name":"Impacto Castex","url":"https:\/\/impactocastex.com.ar\/","logo":{"@type":"ImageObject","inLanguage":"es","@id":"https:\/\/impactocastex.com.ar\/#\/schema\/logo\/image\/","url":"https:\/\/impactocastex.com.ar\/wp-content\/uploads\/2025\/09\/cropped-icoweb.png","contentUrl":"https:\/\/impactocastex.com.ar\/wp-content\/uploads\/2025\/09\/cropped-icoweb.png","width":512,"height":512,"caption":"Impacto Castex"},"image":{"@id":"https:\/\/impactocastex.com.ar\/#\/schema\/logo\/image\/"},"sameAs":["https:\/\/www.facebook.com\/impactocastexdiario","https:\/\/www.instagram.com\/impactocastex.com.ar\/"]},{"@type":"Person","@id":"https:\/\/impactocastex.com.ar\/#\/schema\/person\/86cb4f827fb5f87869a239b98a69c6e3","name":"impactocastex","image":{"@type":"ImageObject","inLanguage":"es","@id":"https:\/\/secure.gravatar.com\/avatar\/9a87ee051ca8c77f5d4070843ce2c78cdf95b858b950fb039151de955122f5f5?s=96&d=mm&r=g","url":"https:\/\/secure.gravatar.com\/avatar\/9a87ee051ca8c77f5d4070843ce2c78cdf95b858b950fb039151de955122f5f5?s=96&d=mm&r=g","contentUrl":"https:\/\/secure.gravatar.com\/avatar\/9a87ee051ca8c77f5d4070843ce2c78cdf95b858b950fb039151de955122f5f5?s=96&d=mm&r=g","caption":"impactocastex"},"sameAs":["https:\/\/impactocastex.com.ar"],"url":"https:\/\/impactocastex.com.ar\/?author=1"}]}},"jetpack_publicize_connections":[],"featured_image_urls":{"full":["https:\/\/impactocastex.com.ar\/wp-content\/uploads\/2026\/01\/SN7FNCJOU5CBVKJ3YRWMJYUDKY-Ozj4t6.jpg",2240,1493,false],"thumbnail":["https:\/\/impactocastex.com.ar\/wp-content\/uploads\/2026\/01\/SN7FNCJOU5CBVKJ3YRWMJYUDKY-Ozj4t6-150x150.jpg",150,150,true],"medium":["https:\/\/impactocastex.com.ar\/wp-content\/uploads\/2026\/01\/SN7FNCJOU5CBVKJ3YRWMJYUDKY-Ozj4t6-300x200.jpg",300,200,true],"medium_large":["https:\/\/impactocastex.com.ar\/wp-content\/uploads\/2026\/01\/SN7FNCJOU5CBVKJ3YRWMJYUDKY-Ozj4t6-768x512.jpg",640,427,true],"large":["https:\/\/impactocastex.com.ar\/wp-content\/uploads\/2026\/01\/SN7FNCJOU5CBVKJ3YRWMJYUDKY-Ozj4t6-1024x683.jpg",640,427,true],"1536x1536":["https:\/\/impactocastex.com.ar\/wp-content\/uploads\/2026\/01\/SN7FNCJOU5CBVKJ3YRWMJYUDKY-Ozj4t6-1536x1024.jpg",1536,1024,true],"2048x2048":["https:\/\/impactocastex.com.ar\/wp-content\/uploads\/2026\/01\/SN7FNCJOU5CBVKJ3YRWMJYUDKY-Ozj4t6-2048x1365.jpg",2048,1365,true],"newsever-slider-full":["https:\/\/impactocastex.com.ar\/wp-content\/uploads\/2026\/01\/SN7FNCJOU5CBVKJ3YRWMJYUDKY-Ozj4t6-1280x845.jpg",1280,845,true],"newsever-featured":["https:\/\/impactocastex.com.ar\/wp-content\/uploads\/2026\/01\/SN7FNCJOU5CBVKJ3YRWMJYUDKY-Ozj4t6-1024x683.jpg",1024,683,true],"newsever-medium":["https:\/\/impactocastex.com.ar\/wp-content\/uploads\/2026\/01\/SN7FNCJOU5CBVKJ3YRWMJYUDKY-Ozj4t6-720x475.jpg",720,475,true]},"author_info":{"info":["impactocastex"]},"category_info":"<a href=\"https:\/\/impactocastex.com.ar\/?cat=89\" rel=\"category\">NACIONALES<\/a>","tag_info":"NACIONALES","comment_count":0,"jetpack_featured_media_url":"https:\/\/impactocastex.com.ar\/wp-content\/uploads\/2026\/01\/SN7FNCJOU5CBVKJ3YRWMJYUDKY-Ozj4t6.jpg","jetpack_sharing_enabled":true,"jetpack_likes_enabled":true,"jetpack_shortlink":"https:\/\/wp.me\/p7sopA-2jk","_links":{"self":[{"href":"https:\/\/impactocastex.com.ar\/index.php?rest_route=\/wp\/v2\/posts\/8886","targetHints":{"allow":["GET"]}}],"collection":[{"href":"https:\/\/impactocastex.com.ar\/index.php?rest_route=\/wp\/v2\/posts"}],"about":[{"href":"https:\/\/impactocastex.com.ar\/index.php?rest_route=\/wp\/v2\/types\/post"}],"author":[{"embeddable":true,"href":"https:\/\/impactocastex.com.ar\/index.php?rest_route=\/wp\/v2\/users\/1"}],"replies":[{"embeddable":true,"href":"https:\/\/impactocastex.com.ar\/index.php?rest_route=%2Fwp%2Fv2%2Fcomments&post=8886"}],"version-history":[{"count":0,"href":"https:\/\/impactocastex.com.ar\/index.php?rest_route=\/wp\/v2\/posts\/8886\/revisions"}],"wp:featuredmedia":[{"embeddable":true,"href":"https:\/\/impactocastex.com.ar\/index.php?rest_route=\/wp\/v2\/media\/8887"}],"wp:attachment":[{"href":"https:\/\/impactocastex.com.ar\/index.php?rest_route=%2Fwp%2Fv2%2Fmedia&parent=8886"}],"wp:term":[{"taxonomy":"category","embeddable":true,"href":"https:\/\/impactocastex.com.ar\/index.php?rest_route=%2Fwp%2Fv2%2Fcategories&post=8886"},{"taxonomy":"post_tag","embeddable":true,"href":"https:\/\/impactocastex.com.ar\/index.php?rest_route=%2Fwp%2Fv2%2Ftags&post=8886"}],"curies":[{"name":"wp","href":"https:\/\/api.w.org\/{rel}","templated":true}]}}