{"id":8884,"date":"2026-01-21T03:30:00","date_gmt":"2026-01-21T06:30:00","guid":{"rendered":"https:\/\/impactocastex.com.ar\/?p=8884"},"modified":"2026-01-21T03:30:00","modified_gmt":"2026-01-21T06:30:00","slug":"javier-milei-en-davos-en-vivo-la-participacion-del-presidente-y-otros-mandatarios-en-el-foro-economico-mundial","status":"publish","type":"post","link":"https:\/\/impactocastex.com.ar\/?p=8884","title":{"rendered":"Javier Milei en Davos, en vivo: la participaci\u00f3n del Presidente y otros mandatarios en el Foro Econ\u00f3mico Mundial"},"content":{"rendered":"<p><b>El Gobierno redujo a 0% <\/b>el aporte mensual que las <b>empresas industriales radicadas en Tierra del Fuego<\/b>,<b> <\/b>y que est\u00e1n adheridas a la pr\u00f3rroga del r\u00e9gimen especial, deb\u00edan realizar al <b>Fondo para la Ampliaci\u00f3n de la Matriz Productiva Fueguina <\/b>(FAMP). La decisi\u00f3n qued\u00f3 formalizada mediante la Resoluci\u00f3n 20\/2026 de la Secretar\u00eda de Industria y Comercio del <b>Ministerio de Econom\u00eda<\/b>, publicada este mi\u00e9rcoles en el Bolet\u00edn Oficial.<\/p>\n<p>Hasta ahora, <b>ese aporte era una de las obligaciones que las empresas deb\u00edan cumplir para poder mantener los beneficios del r\u00e9gimen especial<\/b> que rige en la provincia. Los productos alcanzados por el r\u00e9gimen especial de Tierra del Fuego <b>no pagan el Impuesto al Valor Agregado<\/b> (IVA). Sin embargo, desde 2021 deb\u00edan destinar una parte de ese beneficio fiscal a un fondo espec\u00edfico creado por el Estado nacional, el FAMP.<\/p>\n<p><a href=\"https:\/\/www.lanacion.com.ar\/economia\/regimen-de-tierra-del-fuego-el-gobierno-elimino-un-aporte-que-pagaban-las-empresas-radicadas-en-la-nid21012026\/\">Le\u00e9 la nota completa ac\u00e1.<\/a><\/p>\n<p><b>Fernando Henrique Cardoso<\/b> sol\u00eda decir que Washington es la <b>\u201cnueva Roma\u201d<\/b>, en alusi\u00f3n a la ciudad que fue la cabeza del mundo entonces conocido. La iron\u00eda del expresidente de Brasil era tambi\u00e9n una met\u00e1fora que alud\u00eda a un Washington gobernado por <b>Bill Clinton<\/b>, un l\u00edder que prefer\u00eda ejercer el <b>\u201cpoder blando\u201d<\/b> de la principal potencia mundial. \u00daltimamente, Cardoso, de 94 a\u00f1os, casi no hace declaraciones p\u00fablicas; es imposible, por lo tanto, saber c\u00f3mo el viejo soci\u00f3logo brasile\u00f1o definir\u00eda al <b>Washington beligerante<\/b> que est\u00e1 emergiendo con <a href=\"https:\/\/www.lanacion.com.ar\/politica\/eeuu-afirma-que-la-relacion-bilateral-con-la-argentina-esta-en-su-punto-mas-fuerte-de-la-historia-y-nid20012026\/\" rel=\"\" title=\"https:\/\/www.lanacion.com.ar\/politica\/eeuu-afirma-que-la-relacion-bilateral-con-la-argentina-esta-en-su-punto-mas-fuerte-de-la-historia-y-nid20012026\/\"><b>Donald Trump<\/b><\/a>, decidido a incursionar por s\u00ed solo en otros pa\u00edses, a <b>adue\u00f1arse de territorio de otras naciones y a <\/b><a href=\"https:\/\/www.lanacion.com.ar\/politica\/milei-participara-en-davos-de-la-reunion-citada-por-trump-para-la-creacion-de-un-organismo-que-tiene-nid20012026\/\" rel=\"\" title=\"https:\/\/www.lanacion.com.ar\/politica\/milei-participara-en-davos-de-la-reunion-citada-por-trump-para-la-creacion-de-un-organismo-que-tiene-nid20012026\/\"><b>romper la alianza occidental<\/b><\/a> que cre\u00f3 un nuevo orden internacional desde el final de la Segunda Guerra.<\/p>\n<p>Por ahora, Francia ha tomado el liderazgo de la oposici\u00f3n a las visiones (y a las decisiones) de jefe de la Casa Blanca. Un <b>Emmanuel Macron enfurecido<\/b> apareci\u00f3 ayer en el foro de Davos, luego de que Trump jugara en su red social con la bandera norteamericana sobre los actuales territorios de Canad\u00e1, Groenlandia y hasta Venezuela. Vale la pena detenerse en la posici\u00f3n de Francia, porque fue este pa\u00eds, con otro presidente entonces, <b>Jacques Chirac<\/b>, quien encabez\u00f3 la cr\u00edtica a la decisi\u00f3n de invadir Irak de los Estados Unidos, gobernado en ese momento por Bush hijo, y perseguir a su gobernante, el tirano <b>Sadam Husein<\/b>, para buscar supuestas armas de destrucci\u00f3n masiva. <b>La historia le dio la raz\u00f3n al gobierno franc\u00e9s:<\/b> nunca se encontr\u00f3 ning\u00fan arma de ese calibre en Irak, y la guerra en ese pa\u00eds dej\u00f3 un Medio Oriente m\u00e1s convulsionado de lo que estaba.<\/p>\n<p><a href=\"https:\/\/www.lanacion.com.ar\/politica\/milei-frente-a-las-rupturas-de-trump-nid20012026\/\">Le\u00e9 la nota completa ac\u00e1.<\/a><\/p>\n<p>La decisi\u00f3n de<a href=\"https:\/\/www.lanacion.com.ar\/politica\/la-causa-que-investiga-a-la-quinta-de-pilar-vinculada-a-la-afa-vuelve-a-cambiar-de-juez-nid20012026\/\" rel=\"\" title=\"https:\/\/www.lanacion.com.ar\/politica\/la-causa-que-investiga-a-la-quinta-de-pilar-vinculada-a-la-afa-vuelve-a-cambiar-de-juez-nid20012026\/\"> trasladar la causa por la mansi\u00f3n de Pilar al juzgado federal de Campana<\/a> fue celebrada como una <b>\u201cvictoria\u201d<\/b> entre los abogados que asesoran en silencio a los m\u00e1ximos jerarcas de la <b>AFA<\/b>. Pero es apenas <b>una batalla de una guerra<\/b> que se libra en varios frentes.<\/p>\n<p>El cambio de jurisdicci\u00f3n hab\u00eda sido pedido por los presuntos testaferros de la quinta: el monotributista <b>Luciano Pantano<\/b> y su madre jubilada <b>Ana Conte<\/b>. <b>Es l\u00f3gico que festejen. <\/b>La jugada responde a una estrategia jur\u00eddica en varios tiempos. \u00bfCu\u00e1l es el pr\u00f3ximo paso? El objetivo es que ese expediente, que hasta ahora se concentr\u00f3 en las sociedades y personas vinculadas a la mansi\u00f3n, <b>absorba otros expedientes <\/b>que incomodan a Claudio \u201cChiqui\u201d Tapia y al tesorero Pablo Toviggino.<\/p>\n<p><a href=\"https:\/\/www.lanacion.com.ar\/politica\/tras-el-cambio-del-juez-en-la-afa-ahora-apuntan-al-operativo-desgaste-nid20012026\/\">Le\u00e9 la nota completa ac\u00e1.<\/a><\/p>\n<p>C\u00d3RDOBA.- El acuerdo <b>Mercosur-Uni\u00f3n Europea (UE), <\/b>cuya ratificaci\u00f3n integra el temario de la convocatoria a sesiones extraordinarias del Congreso argentino, establece que a partir del <b>tercer a\u00f1o de vigencia <\/b>la Argentina <b>no aplicar\u00e1 retenciones<\/b> a los productos que vayan a la UE. Hay <b>algunas excepciones<\/b> para cadenas como la de la soja, que quedan sujetas a <b>topes m\u00e1ximos decrecientes.<\/b><\/p>\n<p><a href=\"https:\/\/www.lanacion.com.ar\/economia\/campo\/el-acuerdo-mercosur-union-europea-le-pone-un-limite-a-las-retenciones-nid20012026\/\">Le\u00e9 la nota completa ac\u00e1<\/a><\/p>\n<p>El cronograma fija la participaci\u00f3n de Milei para el <b>mi\u00e9rcoles 21 a las 11.45 (hora argentina)<\/b>. El <b>Foro Econ\u00f3mico Mundial de Davos<\/b> (WEF) ubic\u00f3 su discurso en el mismo bloque horario que la alocuci\u00f3n de Trump, quien hablar\u00e1 justo antes del mandatario argentino. Esta cercan\u00eda alienta las especulaciones sobre un posible encuentro o una imagen conjunta. La presencia simult\u00e1nea de ambos l\u00edderes en Suiza marca un hito para los analistas que ven all\u00ed un <b>s\u00edmbolo de la anti-globalizaci\u00f3n<\/b> dentro de un foro caracterizado hist\u00f3ricamente por la defensa del <b>multilateralismo<\/b>.<\/p>\n<p>Tras la decisi\u00f3n del Gobierno de abrir la exportaci\u00f3n directa de lana desde los establecimientos ovinos, los referentes de la actividad celebraron la medida al considerar que <b>abre una nueva oportunidad para los productores<\/b>, ya que permite vender al exterior sin intermediarios y reducir costos y tr\u00e1mites, con <b>un ahorro que puede rondar los US$ 2000 por cami\u00f3n<\/b>.<\/p>\n<p><a href=\"https:\/\/www.lanacion.com.ar\/economia\/campo\/en-la-patagonia-los-productores-ovinos-apoyan-la-desregulacion-de-las-exportaciones-nid20012026\/\">Le\u00e9 la nota completa ac\u00e1<\/a><\/p>\n<p>En el d\u00eda previo que los presidentes <b>Donald Trump y Javier Milei <\/b>coincidan en el <a href=\"https:\/\/www.lanacion.com.ar\/el-mundo\/groenlandia-acapara-el-foro-de-davos-y-europa-denuncia-el-regreso-del-colonialismo-de-la-mano-de-nid20012026\/\" rel=\"\" title=\"https:\/\/www.lanacion.com.ar\/el-mundo\/groenlandia-acapara-el-foro-de-davos-y-europa-denuncia-el-regreso-del-colonialismo-de-la-mano-de-nid20012026\/\">Foro Econ\u00f3mico Mundial de Davos<\/a>, en Suiza, <b>el gobierno norteamericano afirm\u00f3 que bajo las administraciones de ambos mandatarios \u201cla relaci\u00f3n bilateral entre Estados Unidos y la Argentina est\u00e1 en su punto m\u00e1s fuerte de la historia\u201d<\/b>.<\/p>\n<p>As\u00ed lo se\u00f1al\u00f3 un vocero del Departamento de Estado a LA NACION, que destac\u00f3 que el actual v\u00ednculo de ambos pa\u00edses est\u00e1 <b>\u201cmarcado por la alineaci\u00f3n en torno a prioridades compartidas de crecimiento econ\u00f3mico, gobierno democr\u00e1tico y estabilidad regional\u201d<\/b>.<\/p>\n<p>\u201c<b>Estados Unidos elogia el liderazgo continuo de Milei <\/b>y los esfuerzos de su gobierno por <b>fortalecer el papel de la Argentina como socio constructivo <\/b>a trav\u00e9s de reformas orientadas al mercado, una mayor participaci\u00f3n global y la cooperaci\u00f3n en materia de seguridad\u201d, agreg\u00f3 el vocero del Departamento de Estado, que lidera el secretario <b>Marco Rubio<\/b>.<\/p>\n<p><a href=\"https:\/\/www.lanacion.com.ar\/politica\/eeuu-afirma-que-la-relacion-bilateral-con-la-argentina-esta-en-su-punto-mas-fuerte-de-la-historia-y-nid20012026\/\">Le\u00e9 la nota completa ac\u00e1<\/a><\/p>\n<p>\u200bEl minuto a minuto de las decisiones del Presidente, las reacciones de la oposici\u00f3n y las declaraciones de los funcionarios\u00a0\u00a0<\/p>","protected":false},"excerpt":{"rendered":"<p>El Gobierno redujo a 0% el aporte mensual que las empresas industriales radicadas en Tierra&#8230;<\/p>\n","protected":false},"author":1,"featured_media":8885,"comment_status":"closed","ping_status":"closed","sticky":false,"template":"","format":"standard","meta":{"_jetpack_memberships_contains_paid_content":false,"footnotes":"","jetpack_publicize_message":"","jetpack_publicize_feature_enabled":true,"jetpack_social_post_already_shared":true,"jetpack_social_options":{"image_generator_settings":{"template":"highway","default_image_id":0,"font":"","enabled":false},"version":2}},"categories":[89],"tags":[],"class_list":["post-8884","post","type-post","status-publish","format-standard","has-post-thumbnail","hentry","category-nacionales"],"yoast_head":"<!-- This site is optimized with the Yoast SEO plugin v27.4 - https:\/\/yoast.com\/product\/yoast-seo-wordpress\/ -->\n<title>Javier Milei en Davos, en vivo: la participaci\u00f3n del Presidente y otros mandatarios en el Foro Econ\u00f3mico Mundial -<\/title>\n<meta name=\"robots\" content=\"index, follow, max-snippet:-1, max-image-preview:large, max-video-preview:-1\" \/>\n<link rel=\"canonical\" href=\"https:\/\/impactocastex.com.ar\/?p=8884\" \/>\n<meta property=\"og:locale\" content=\"es_ES\" \/>\n<meta property=\"og:type\" content=\"article\" \/>\n<meta property=\"og:title\" content=\"Javier Milei en Davos, en vivo: la participaci\u00f3n del Presidente y otros mandatarios en el Foro Econ\u00f3mico Mundial -\" \/>\n<meta property=\"og:description\" content=\"El Gobierno redujo a 0% el aporte mensual que las empresas industriales radicadas en Tierra...\" \/>\n<meta property=\"og:url\" content=\"https:\/\/impactocastex.com.ar\/?p=8884\" \/>\n<meta property=\"article:publisher\" content=\"https:\/\/www.facebook.com\/impactocastexdiario\" \/>\n<meta property=\"article:published_time\" content=\"2026-01-21T06:30:00+00:00\" \/>\n<meta name=\"author\" content=\"impactocastex\" \/>\n<meta name=\"twitter:card\" content=\"summary_large_image\" \/>\n<meta name=\"twitter:label1\" content=\"Escrito por\" \/>\n\t<meta name=\"twitter:data1\" content=\"impactocastex\" \/>\n\t<meta name=\"twitter:label2\" content=\"Tiempo de lectura\" \/>\n\t<meta name=\"twitter:data2\" content=\"5 minutos\" \/>\n<script type=\"application\/ld+json\" class=\"yoast-schema-graph\">{\"@context\":\"https:\\\/\\\/schema.org\",\"@graph\":[{\"@type\":\"Article\",\"@id\":\"https:\\\/\\\/impactocastex.com.ar\\\/?p=8884#article\",\"isPartOf\":{\"@id\":\"https:\\\/\\\/impactocastex.com.ar\\\/?p=8884\"},\"author\":{\"name\":\"impactocastex\",\"@id\":\"https:\\\/\\\/impactocastex.com.ar\\\/#\\\/schema\\\/person\\\/86cb4f827fb5f87869a239b98a69c6e3\"},\"headline\":\"Javier Milei en Davos, en vivo: la participaci\u00f3n del Presidente y otros mandatarios en el Foro Econ\u00f3mico Mundial\",\"datePublished\":\"2026-01-21T06:30:00+00:00\",\"mainEntityOfPage\":{\"@id\":\"https:\\\/\\\/impactocastex.com.ar\\\/?p=8884\"},\"wordCount\":1032,\"publisher\":{\"@id\":\"https:\\\/\\\/impactocastex.com.ar\\\/#organization\"},\"image\":{\"@id\":\"https:\\\/\\\/impactocastex.com.ar\\\/?p=8884#primaryimage\"},\"thumbnailUrl\":\"https:\\\/\\\/impactocastex.com.ar\\\/wp-content\\\/uploads\\\/2026\\\/01\\\/Y5X4EU63SBGJFL32EUK47DLQCM-re1DqZ.jpg\",\"articleSection\":[\"NACIONALES\"],\"inLanguage\":\"es\"},{\"@type\":\"WebPage\",\"@id\":\"https:\\\/\\\/impactocastex.com.ar\\\/?p=8884\",\"url\":\"https:\\\/\\\/impactocastex.com.ar\\\/?p=8884\",\"name\":\"Javier Milei en Davos, en vivo: la participaci\u00f3n del Presidente y otros mandatarios en el Foro Econ\u00f3mico Mundial -\",\"isPartOf\":{\"@id\":\"https:\\\/\\\/impactocastex.com.ar\\\/#website\"},\"primaryImageOfPage\":{\"@id\":\"https:\\\/\\\/impactocastex.com.ar\\\/?p=8884#primaryimage\"},\"image\":{\"@id\":\"https:\\\/\\\/impactocastex.com.ar\\\/?p=8884#primaryimage\"},\"thumbnailUrl\":\"https:\\\/\\\/impactocastex.com.ar\\\/wp-content\\\/uploads\\\/2026\\\/01\\\/Y5X4EU63SBGJFL32EUK47DLQCM-re1DqZ.jpg\",\"datePublished\":\"2026-01-21T06:30:00+00:00\",\"breadcrumb\":{\"@id\":\"https:\\\/\\\/impactocastex.com.ar\\\/?p=8884#breadcrumb\"},\"inLanguage\":\"es\",\"potentialAction\":[{\"@type\":\"ReadAction\",\"target\":[\"https:\\\/\\\/impactocastex.com.ar\\\/?p=8884\"]}]},{\"@type\":\"ImageObject\",\"inLanguage\":\"es\",\"@id\":\"https:\\\/\\\/impactocastex.com.ar\\\/?p=8884#primaryimage\",\"url\":\"https:\\\/\\\/impactocastex.com.ar\\\/wp-content\\\/uploads\\\/2026\\\/01\\\/Y5X4EU63SBGJFL32EUK47DLQCM-re1DqZ.jpg\",\"contentUrl\":\"https:\\\/\\\/impactocastex.com.ar\\\/wp-content\\\/uploads\\\/2026\\\/01\\\/Y5X4EU63SBGJFL32EUK47DLQCM-re1DqZ.jpg\",\"width\":1167,\"height\":778},{\"@type\":\"BreadcrumbList\",\"@id\":\"https:\\\/\\\/impactocastex.com.ar\\\/?p=8884#breadcrumb\",\"itemListElement\":[{\"@type\":\"ListItem\",\"position\":1,\"name\":\"Portada\",\"item\":\"https:\\\/\\\/impactocastex.com.ar\\\/\"},{\"@type\":\"ListItem\",\"position\":2,\"name\":\"Javier Milei en Davos, en vivo: la participaci\u00f3n del Presidente y otros mandatarios en el Foro Econ\u00f3mico Mundial\"}]},{\"@type\":\"WebSite\",\"@id\":\"https:\\\/\\\/impactocastex.com.ar\\\/#website\",\"url\":\"https:\\\/\\\/impactocastex.com.ar\\\/\",\"name\":\"Impacto Castex\",\"description\":\"\",\"publisher\":{\"@id\":\"https:\\\/\\\/impactocastex.com.ar\\\/#organization\"},\"potentialAction\":[{\"@type\":\"SearchAction\",\"target\":{\"@type\":\"EntryPoint\",\"urlTemplate\":\"https:\\\/\\\/impactocastex.com.ar\\\/?s={search_term_string}\"},\"query-input\":{\"@type\":\"PropertyValueSpecification\",\"valueRequired\":true,\"valueName\":\"search_term_string\"}}],\"inLanguage\":\"es\"},{\"@type\":\"Organization\",\"@id\":\"https:\\\/\\\/impactocastex.com.ar\\\/#organization\",\"name\":\"Impacto Castex\",\"url\":\"https:\\\/\\\/impactocastex.com.ar\\\/\",\"logo\":{\"@type\":\"ImageObject\",\"inLanguage\":\"es\",\"@id\":\"https:\\\/\\\/impactocastex.com.ar\\\/#\\\/schema\\\/logo\\\/image\\\/\",\"url\":\"https:\\\/\\\/impactocastex.com.ar\\\/wp-content\\\/uploads\\\/2025\\\/09\\\/cropped-icoweb.png\",\"contentUrl\":\"https:\\\/\\\/impactocastex.com.ar\\\/wp-content\\\/uploads\\\/2025\\\/09\\\/cropped-icoweb.png\",\"width\":512,\"height\":512,\"caption\":\"Impacto Castex\"},\"image\":{\"@id\":\"https:\\\/\\\/impactocastex.com.ar\\\/#\\\/schema\\\/logo\\\/image\\\/\"},\"sameAs\":[\"https:\\\/\\\/www.facebook.com\\\/impactocastexdiario\",\"https:\\\/\\\/www.instagram.com\\\/impactocastex.com.ar\\\/\"]},{\"@type\":\"Person\",\"@id\":\"https:\\\/\\\/impactocastex.com.ar\\\/#\\\/schema\\\/person\\\/86cb4f827fb5f87869a239b98a69c6e3\",\"name\":\"impactocastex\",\"image\":{\"@type\":\"ImageObject\",\"inLanguage\":\"es\",\"@id\":\"https:\\\/\\\/secure.gravatar.com\\\/avatar\\\/9a87ee051ca8c77f5d4070843ce2c78cdf95b858b950fb039151de955122f5f5?s=96&d=mm&r=g\",\"url\":\"https:\\\/\\\/secure.gravatar.com\\\/avatar\\\/9a87ee051ca8c77f5d4070843ce2c78cdf95b858b950fb039151de955122f5f5?s=96&d=mm&r=g\",\"contentUrl\":\"https:\\\/\\\/secure.gravatar.com\\\/avatar\\\/9a87ee051ca8c77f5d4070843ce2c78cdf95b858b950fb039151de955122f5f5?s=96&d=mm&r=g\",\"caption\":\"impactocastex\"},\"sameAs\":[\"https:\\\/\\\/impactocastex.com.ar\"],\"url\":\"https:\\\/\\\/impactocastex.com.ar\\\/?author=1\"}]}<\/script>\n<!-- \/ Yoast SEO plugin. -->","yoast_head_json":{"title":"Javier Milei en Davos, en vivo: la participaci\u00f3n del Presidente y otros mandatarios en el Foro Econ\u00f3mico Mundial -","robots":{"index":"index","follow":"follow","max-snippet":"max-snippet:-1","max-image-preview":"max-image-preview:large","max-video-preview":"max-video-preview:-1"},"canonical":"https:\/\/impactocastex.com.ar\/?p=8884","og_locale":"es_ES","og_type":"article","og_title":"Javier Milei en Davos, en vivo: la participaci\u00f3n del Presidente y otros mandatarios en el Foro Econ\u00f3mico Mundial -","og_description":"El Gobierno redujo a 0% el aporte mensual que las empresas industriales radicadas en Tierra...","og_url":"https:\/\/impactocastex.com.ar\/?p=8884","article_publisher":"https:\/\/www.facebook.com\/impactocastexdiario","article_published_time":"2026-01-21T06:30:00+00:00","author":"impactocastex","twitter_card":"summary_large_image","twitter_misc":{"Escrito por":"impactocastex","Tiempo de lectura":"5 minutos"},"schema":{"@context":"https:\/\/schema.org","@graph":[{"@type":"Article","@id":"https:\/\/impactocastex.com.ar\/?p=8884#article","isPartOf":{"@id":"https:\/\/impactocastex.com.ar\/?p=8884"},"author":{"name":"impactocastex","@id":"https:\/\/impactocastex.com.ar\/#\/schema\/person\/86cb4f827fb5f87869a239b98a69c6e3"},"headline":"Javier Milei en Davos, en vivo: la participaci\u00f3n del Presidente y otros mandatarios en el Foro Econ\u00f3mico Mundial","datePublished":"2026-01-21T06:30:00+00:00","mainEntityOfPage":{"@id":"https:\/\/impactocastex.com.ar\/?p=8884"},"wordCount":1032,"publisher":{"@id":"https:\/\/impactocastex.com.ar\/#organization"},"image":{"@id":"https:\/\/impactocastex.com.ar\/?p=8884#primaryimage"},"thumbnailUrl":"https:\/\/impactocastex.com.ar\/wp-content\/uploads\/2026\/01\/Y5X4EU63SBGJFL32EUK47DLQCM-re1DqZ.jpg","articleSection":["NACIONALES"],"inLanguage":"es"},{"@type":"WebPage","@id":"https:\/\/impactocastex.com.ar\/?p=8884","url":"https:\/\/impactocastex.com.ar\/?p=8884","name":"Javier Milei en Davos, en vivo: la participaci\u00f3n del Presidente y otros mandatarios en el Foro Econ\u00f3mico Mundial -","isPartOf":{"@id":"https:\/\/impactocastex.com.ar\/#website"},"primaryImageOfPage":{"@id":"https:\/\/impactocastex.com.ar\/?p=8884#primaryimage"},"image":{"@id":"https:\/\/impactocastex.com.ar\/?p=8884#primaryimage"},"thumbnailUrl":"https:\/\/impactocastex.com.ar\/wp-content\/uploads\/2026\/01\/Y5X4EU63SBGJFL32EUK47DLQCM-re1DqZ.jpg","datePublished":"2026-01-21T06:30:00+00:00","breadcrumb":{"@id":"https:\/\/impactocastex.com.ar\/?p=8884#breadcrumb"},"inLanguage":"es","potentialAction":[{"@type":"ReadAction","target":["https:\/\/impactocastex.com.ar\/?p=8884"]}]},{"@type":"ImageObject","inLanguage":"es","@id":"https:\/\/impactocastex.com.ar\/?p=8884#primaryimage","url":"https:\/\/impactocastex.com.ar\/wp-content\/uploads\/2026\/01\/Y5X4EU63SBGJFL32EUK47DLQCM-re1DqZ.jpg","contentUrl":"https:\/\/impactocastex.com.ar\/wp-content\/uploads\/2026\/01\/Y5X4EU63SBGJFL32EUK47DLQCM-re1DqZ.jpg","width":1167,"height":778},{"@type":"BreadcrumbList","@id":"https:\/\/impactocastex.com.ar\/?p=8884#breadcrumb","itemListElement":[{"@type":"ListItem","position":1,"name":"Portada","item":"https:\/\/impactocastex.com.ar\/"},{"@type":"ListItem","position":2,"name":"Javier Milei en Davos, en vivo: la participaci\u00f3n del Presidente y otros mandatarios en el Foro Econ\u00f3mico Mundial"}]},{"@type":"WebSite","@id":"https:\/\/impactocastex.com.ar\/#website","url":"https:\/\/impactocastex.com.ar\/","name":"Impacto Castex","description":"","publisher":{"@id":"https:\/\/impactocastex.com.ar\/#organization"},"potentialAction":[{"@type":"SearchAction","target":{"@type":"EntryPoint","urlTemplate":"https:\/\/impactocastex.com.ar\/?s={search_term_string}"},"query-input":{"@type":"PropertyValueSpecification","valueRequired":true,"valueName":"search_term_string"}}],"inLanguage":"es"},{"@type":"Organization","@id":"https:\/\/impactocastex.com.ar\/#organization","name":"Impacto Castex","url":"https:\/\/impactocastex.com.ar\/","logo":{"@type":"ImageObject","inLanguage":"es","@id":"https:\/\/impactocastex.com.ar\/#\/schema\/logo\/image\/","url":"https:\/\/impactocastex.com.ar\/wp-content\/uploads\/2025\/09\/cropped-icoweb.png","contentUrl":"https:\/\/impactocastex.com.ar\/wp-content\/uploads\/2025\/09\/cropped-icoweb.png","width":512,"height":512,"caption":"Impacto Castex"},"image":{"@id":"https:\/\/impactocastex.com.ar\/#\/schema\/logo\/image\/"},"sameAs":["https:\/\/www.facebook.com\/impactocastexdiario","https:\/\/www.instagram.com\/impactocastex.com.ar\/"]},{"@type":"Person","@id":"https:\/\/impactocastex.com.ar\/#\/schema\/person\/86cb4f827fb5f87869a239b98a69c6e3","name":"impactocastex","image":{"@type":"ImageObject","inLanguage":"es","@id":"https:\/\/secure.gravatar.com\/avatar\/9a87ee051ca8c77f5d4070843ce2c78cdf95b858b950fb039151de955122f5f5?s=96&d=mm&r=g","url":"https:\/\/secure.gravatar.com\/avatar\/9a87ee051ca8c77f5d4070843ce2c78cdf95b858b950fb039151de955122f5f5?s=96&d=mm&r=g","contentUrl":"https:\/\/secure.gravatar.com\/avatar\/9a87ee051ca8c77f5d4070843ce2c78cdf95b858b950fb039151de955122f5f5?s=96&d=mm&r=g","caption":"impactocastex"},"sameAs":["https:\/\/impactocastex.com.ar"],"url":"https:\/\/impactocastex.com.ar\/?author=1"}]}},"jetpack_publicize_connections":[],"featured_image_urls":{"full":["https:\/\/impactocastex.com.ar\/wp-content\/uploads\/2026\/01\/Y5X4EU63SBGJFL32EUK47DLQCM-re1DqZ.jpg",1167,778,false],"thumbnail":["https:\/\/impactocastex.com.ar\/wp-content\/uploads\/2026\/01\/Y5X4EU63SBGJFL32EUK47DLQCM-re1DqZ-150x150.jpg",150,150,true],"medium":["https:\/\/impactocastex.com.ar\/wp-content\/uploads\/2026\/01\/Y5X4EU63SBGJFL32EUK47DLQCM-re1DqZ-300x200.jpg",300,200,true],"medium_large":["https:\/\/impactocastex.com.ar\/wp-content\/uploads\/2026\/01\/Y5X4EU63SBGJFL32EUK47DLQCM-re1DqZ-768x512.jpg",640,427,true],"large":["https:\/\/impactocastex.com.ar\/wp-content\/uploads\/2026\/01\/Y5X4EU63SBGJFL32EUK47DLQCM-re1DqZ-1024x683.jpg",640,427,true],"1536x1536":["https:\/\/impactocastex.com.ar\/wp-content\/uploads\/2026\/01\/Y5X4EU63SBGJFL32EUK47DLQCM-re1DqZ.jpg",1167,778,false],"2048x2048":["https:\/\/impactocastex.com.ar\/wp-content\/uploads\/2026\/01\/Y5X4EU63SBGJFL32EUK47DLQCM-re1DqZ.jpg",1167,778,false],"newsever-slider-full":["https:\/\/impactocastex.com.ar\/wp-content\/uploads\/2026\/01\/Y5X4EU63SBGJFL32EUK47DLQCM-re1DqZ.jpg",1167,778,false],"newsever-featured":["https:\/\/impactocastex.com.ar\/wp-content\/uploads\/2026\/01\/Y5X4EU63SBGJFL32EUK47DLQCM-re1DqZ-1024x683.jpg",1024,683,true],"newsever-medium":["https:\/\/impactocastex.com.ar\/wp-content\/uploads\/2026\/01\/Y5X4EU63SBGJFL32EUK47DLQCM-re1DqZ-720x475.jpg",720,475,true]},"author_info":{"info":["impactocastex"]},"category_info":"<a href=\"https:\/\/impactocastex.com.ar\/?cat=89\" rel=\"category\">NACIONALES<\/a>","tag_info":"NACIONALES","comment_count":0,"jetpack_featured_media_url":"https:\/\/impactocastex.com.ar\/wp-content\/uploads\/2026\/01\/Y5X4EU63SBGJFL32EUK47DLQCM-re1DqZ.jpg","jetpack_sharing_enabled":true,"jetpack_likes_enabled":true,"jetpack_shortlink":"https:\/\/wp.me\/p7sopA-2ji","_links":{"self":[{"href":"https:\/\/impactocastex.com.ar\/index.php?rest_route=\/wp\/v2\/posts\/8884","targetHints":{"allow":["GET"]}}],"collection":[{"href":"https:\/\/impactocastex.com.ar\/index.php?rest_route=\/wp\/v2\/posts"}],"about":[{"href":"https:\/\/impactocastex.com.ar\/index.php?rest_route=\/wp\/v2\/types\/post"}],"author":[{"embeddable":true,"href":"https:\/\/impactocastex.com.ar\/index.php?rest_route=\/wp\/v2\/users\/1"}],"replies":[{"embeddable":true,"href":"https:\/\/impactocastex.com.ar\/index.php?rest_route=%2Fwp%2Fv2%2Fcomments&post=8884"}],"version-history":[{"count":0,"href":"https:\/\/impactocastex.com.ar\/index.php?rest_route=\/wp\/v2\/posts\/8884\/revisions"}],"wp:featuredmedia":[{"embeddable":true,"href":"https:\/\/impactocastex.com.ar\/index.php?rest_route=\/wp\/v2\/media\/8885"}],"wp:attachment":[{"href":"https:\/\/impactocastex.com.ar\/index.php?rest_route=%2Fwp%2Fv2%2Fmedia&parent=8884"}],"wp:term":[{"taxonomy":"category","embeddable":true,"href":"https:\/\/impactocastex.com.ar\/index.php?rest_route=%2Fwp%2Fv2%2Fcategories&post=8884"},{"taxonomy":"post_tag","embeddable":true,"href":"https:\/\/impactocastex.com.ar\/index.php?rest_route=%2Fwp%2Fv2%2Ftags&post=8884"}],"curies":[{"name":"wp","href":"https:\/\/api.w.org\/{rel}","templated":true}]}}