{"id":8825,"date":"2026-01-20T09:27:11","date_gmt":"2026-01-20T12:27:11","guid":{"rendered":"https:\/\/impactocastex.com.ar\/?p=8825"},"modified":"2026-01-20T09:27:13","modified_gmt":"2026-01-20T12:27:13","slug":"camion-volco-en-la-madrugada-en-la-ruta-33-entre-villegas-y-america-video","status":"publish","type":"post","link":"https:\/\/impactocastex.com.ar\/?p=8825","title":{"rendered":"Cami\u00f3n volc\u00f3 en la madrugada en la Ruta 33 entre Villegas y Am\u00e9rica-Video"},"content":{"rendered":"\n<p>Un cami\u00f3n protagoniz\u00f3 un vuelco durante la madrugada del martes 20 de enero de 2025 sobre la Ruta Nacional 33, a la altura del kil\u00f3metro 419, en el tramo que une General Villegas con Am\u00e9rica.<\/p>\n\n\n\n<figure class=\"wp-block-embed is-type-video is-provider-youtube wp-block-embed-youtube wp-embed-aspect-16-9 wp-has-aspect-ratio\"><div class=\"wp-block-embed__wrapper\">\n<iframe loading=\"lazy\" title=\"En Boca de Todos HD\" width=\"640\" height=\"360\" src=\"https:\/\/www.youtube.com\/embed\/jZreUDCpxNA?feature=oembed\" frameborder=\"0\" allow=\"accelerometer; autoplay; clipboard-write; encrypted-media; gyroscope; picture-in-picture; web-share\" referrerpolicy=\"strict-origin-when-cross-origin\" allowfullscreen><\/iframe>\n<\/div><\/figure>\n\n\n\n<p>El siniestro vial se produjo por causas que a\u00fan se investigan, cuando el veh\u00edculo de gran porte circulaba en sentido Villegas\u2013Am\u00e9rica y, por motivos que se intentan establecer, el conductor perdi\u00f3 el control del rodado, terminando volcado sobre la banquina derecha.<\/p>\n\n\n\n<p>A pesar de la magnitud del accidente, se inform\u00f3 que el chofer result\u00f3 ileso, siendo asistido de manera preventiva en el lugar por personal de emergencia, sin requerir traslado a un centro de salud.<\/p>\n\n\n\n<p>El vuelco no gener\u00f3 interrupciones totales del tr\u00e1nsito, aunque se solicit\u00f3 a los conductores extremar las medidas de precauci\u00f3n debido a la presencia del cami\u00f3n siniestrado y de los equipos que trabajaron en la zona.<\/p>\n\n\n\n<p>En el lugar intervinieron efectivos policiales y personal de seguridad vial, quienes llevaron adelante las tareas correspondientes para determinar las causas del hecho y garantizar la seguridad en el sector.<\/p>\n\n\n\n<p>Si quer\u00e9s, puedo:<\/p>\n\n\n\n<p>ajustar el tono a m\u00e1s noticioso o m\u00e1s impactante<\/p>\n\n\n\n<p>adaptarlo al estilo SEO para web<\/p>\n\n\n\n<p>o hacer una versi\u00f3n corta para redes sociales<\/p>\n\n\n\n<p>enbocadetodoshd.<\/p>\n","protected":false},"excerpt":{"rendered":"<p>Un cami\u00f3n protagoniz\u00f3 un vuelco durante la madrugada del martes 20 de enero de 2025&#8230;<\/p>\n","protected":false},"author":2,"featured_media":8826,"comment_status":"closed","ping_status":"closed","sticky":false,"template":"","format":"standard","meta":{"_jetpack_memberships_contains_paid_content":false,"footnotes":"","jetpack_publicize_message":"Cami\u00f3n volc\u00f3 en la madrugada en la Ruta 33 entre Villegas y Am\u00e9rica-Video","jetpack_publicize_feature_enabled":true,"jetpack_social_post_already_shared":false,"jetpack_social_options":{"image_generator_settings":{"template":"highway","default_image_id":0,"font":"","enabled":false},"version":2}},"categories":[85],"tags":[],"class_list":["post-8825","post","type-post","status-publish","format-standard","has-post-thumbnail","hentry","category-policiales"],"yoast_head":"<!-- This site is optimized with the Yoast SEO plugin v27.4 - https:\/\/yoast.com\/product\/yoast-seo-wordpress\/ -->\n<title>Cami\u00f3n volc\u00f3 en la madrugada en la Ruta 33 entre Villegas y Am\u00e9rica-Video -<\/title>\n<meta name=\"robots\" content=\"index, follow, max-snippet:-1, max-image-preview:large, max-video-preview:-1\" \/>\n<link rel=\"canonical\" href=\"https:\/\/impactocastex.com.ar\/?p=8825\" \/>\n<meta property=\"og:locale\" content=\"es_ES\" \/>\n<meta property=\"og:type\" content=\"article\" \/>\n<meta property=\"og:title\" content=\"Cami\u00f3n volc\u00f3 en la madrugada en la Ruta 33 entre Villegas y Am\u00e9rica-Video -\" \/>\n<meta property=\"og:description\" content=\"Un cami\u00f3n protagoniz\u00f3 un vuelco durante la madrugada del martes 20 de enero de 2025...\" \/>\n<meta property=\"og:url\" content=\"https:\/\/impactocastex.com.ar\/?p=8825\" \/>\n<meta property=\"article:publisher\" content=\"https:\/\/www.facebook.com\/impactocastexdiario\" \/>\n<meta property=\"article:published_time\" content=\"2026-01-20T12:27:11+00:00\" \/>\n<meta property=\"article:modified_time\" content=\"2026-01-20T12:27:13+00:00\" \/>\n<meta property=\"og:image\" content=\"https:\/\/impactocastex.com.ar\/wp-content\/uploads\/2026\/01\/f1280x720-254812_386487_5050.jpeg\" \/>\n\t<meta property=\"og:image:width\" content=\"1280\" \/>\n\t<meta property=\"og:image:height\" content=\"720\" \/>\n\t<meta property=\"og:image:type\" content=\"image\/jpeg\" \/>\n<meta name=\"author\" content=\"impactocastex\" \/>\n<meta name=\"twitter:card\" content=\"summary_large_image\" \/>\n<meta name=\"twitter:label1\" content=\"Escrito por\" \/>\n\t<meta name=\"twitter:data1\" content=\"impactocastex\" \/>\n\t<meta name=\"twitter:label2\" content=\"Tiempo de lectura\" \/>\n\t<meta name=\"twitter:data2\" content=\"2 minutos\" \/>\n<script type=\"application\/ld+json\" class=\"yoast-schema-graph\">{\"@context\":\"https:\\\/\\\/schema.org\",\"@graph\":[{\"@type\":\"Article\",\"@id\":\"https:\\\/\\\/impactocastex.com.ar\\\/?p=8825#article\",\"isPartOf\":{\"@id\":\"https:\\\/\\\/impactocastex.com.ar\\\/?p=8825\"},\"author\":{\"name\":\"impactocastex\",\"@id\":\"https:\\\/\\\/impactocastex.com.ar\\\/#\\\/schema\\\/person\\\/c115028fb60f9bf49ce7550894b84ea7\"},\"headline\":\"Cami\u00f3n volc\u00f3 en la madrugada en la Ruta 33 entre Villegas y Am\u00e9rica-Video\",\"datePublished\":\"2026-01-20T12:27:11+00:00\",\"dateModified\":\"2026-01-20T12:27:13+00:00\",\"mainEntityOfPage\":{\"@id\":\"https:\\\/\\\/impactocastex.com.ar\\\/?p=8825\"},\"wordCount\":230,\"publisher\":{\"@id\":\"https:\\\/\\\/impactocastex.com.ar\\\/#organization\"},\"image\":{\"@id\":\"https:\\\/\\\/impactocastex.com.ar\\\/?p=8825#primaryimage\"},\"thumbnailUrl\":\"https:\\\/\\\/impactocastex.com.ar\\\/wp-content\\\/uploads\\\/2026\\\/01\\\/f1280x720-254812_386487_5050.jpeg\",\"articleSection\":[\"POLICIALES\"],\"inLanguage\":\"es\"},{\"@type\":\"WebPage\",\"@id\":\"https:\\\/\\\/impactocastex.com.ar\\\/?p=8825\",\"url\":\"https:\\\/\\\/impactocastex.com.ar\\\/?p=8825\",\"name\":\"Cami\u00f3n volc\u00f3 en la madrugada en la Ruta 33 entre Villegas y Am\u00e9rica-Video -\",\"isPartOf\":{\"@id\":\"https:\\\/\\\/impactocastex.com.ar\\\/#website\"},\"primaryImageOfPage\":{\"@id\":\"https:\\\/\\\/impactocastex.com.ar\\\/?p=8825#primaryimage\"},\"image\":{\"@id\":\"https:\\\/\\\/impactocastex.com.ar\\\/?p=8825#primaryimage\"},\"thumbnailUrl\":\"https:\\\/\\\/impactocastex.com.ar\\\/wp-content\\\/uploads\\\/2026\\\/01\\\/f1280x720-254812_386487_5050.jpeg\",\"datePublished\":\"2026-01-20T12:27:11+00:00\",\"dateModified\":\"2026-01-20T12:27:13+00:00\",\"breadcrumb\":{\"@id\":\"https:\\\/\\\/impactocastex.com.ar\\\/?p=8825#breadcrumb\"},\"inLanguage\":\"es\",\"potentialAction\":[{\"@type\":\"ReadAction\",\"target\":[\"https:\\\/\\\/impactocastex.com.ar\\\/?p=8825\"]}]},{\"@type\":\"ImageObject\",\"inLanguage\":\"es\",\"@id\":\"https:\\\/\\\/impactocastex.com.ar\\\/?p=8825#primaryimage\",\"url\":\"https:\\\/\\\/impactocastex.com.ar\\\/wp-content\\\/uploads\\\/2026\\\/01\\\/f1280x720-254812_386487_5050.jpeg\",\"contentUrl\":\"https:\\\/\\\/impactocastex.com.ar\\\/wp-content\\\/uploads\\\/2026\\\/01\\\/f1280x720-254812_386487_5050.jpeg\",\"width\":1280,\"height\":720},{\"@type\":\"BreadcrumbList\",\"@id\":\"https:\\\/\\\/impactocastex.com.ar\\\/?p=8825#breadcrumb\",\"itemListElement\":[{\"@type\":\"ListItem\",\"position\":1,\"name\":\"Portada\",\"item\":\"https:\\\/\\\/impactocastex.com.ar\\\/\"},{\"@type\":\"ListItem\",\"position\":2,\"name\":\"Cami\u00f3n volc\u00f3 en la madrugada en la Ruta 33 entre Villegas y Am\u00e9rica-Video\"}]},{\"@type\":\"WebSite\",\"@id\":\"https:\\\/\\\/impactocastex.com.ar\\\/#website\",\"url\":\"https:\\\/\\\/impactocastex.com.ar\\\/\",\"name\":\"Impacto Castex\",\"description\":\"\",\"publisher\":{\"@id\":\"https:\\\/\\\/impactocastex.com.ar\\\/#organization\"},\"potentialAction\":[{\"@type\":\"SearchAction\",\"target\":{\"@type\":\"EntryPoint\",\"urlTemplate\":\"https:\\\/\\\/impactocastex.com.ar\\\/?s={search_term_string}\"},\"query-input\":{\"@type\":\"PropertyValueSpecification\",\"valueRequired\":true,\"valueName\":\"search_term_string\"}}],\"inLanguage\":\"es\"},{\"@type\":\"Organization\",\"@id\":\"https:\\\/\\\/impactocastex.com.ar\\\/#organization\",\"name\":\"Impacto Castex\",\"url\":\"https:\\\/\\\/impactocastex.com.ar\\\/\",\"logo\":{\"@type\":\"ImageObject\",\"inLanguage\":\"es\",\"@id\":\"https:\\\/\\\/impactocastex.com.ar\\\/#\\\/schema\\\/logo\\\/image\\\/\",\"url\":\"https:\\\/\\\/impactocastex.com.ar\\\/wp-content\\\/uploads\\\/2025\\\/09\\\/cropped-icoweb.png\",\"contentUrl\":\"https:\\\/\\\/impactocastex.com.ar\\\/wp-content\\\/uploads\\\/2025\\\/09\\\/cropped-icoweb.png\",\"width\":512,\"height\":512,\"caption\":\"Impacto Castex\"},\"image\":{\"@id\":\"https:\\\/\\\/impactocastex.com.ar\\\/#\\\/schema\\\/logo\\\/image\\\/\"},\"sameAs\":[\"https:\\\/\\\/www.facebook.com\\\/impactocastexdiario\",\"https:\\\/\\\/www.instagram.com\\\/impactocastex.com.ar\\\/\"]},{\"@type\":\"Person\",\"@id\":\"https:\\\/\\\/impactocastex.com.ar\\\/#\\\/schema\\\/person\\\/c115028fb60f9bf49ce7550894b84ea7\",\"name\":\"impactocastex\",\"image\":{\"@type\":\"ImageObject\",\"inLanguage\":\"es\",\"@id\":\"https:\\\/\\\/secure.gravatar.com\\\/avatar\\\/fee87e7af008f02e9becdc0b5a9fd4a2e79b3918a571edeacb62211704637833?s=96&d=mm&r=g\",\"url\":\"https:\\\/\\\/secure.gravatar.com\\\/avatar\\\/fee87e7af008f02e9becdc0b5a9fd4a2e79b3918a571edeacb62211704637833?s=96&d=mm&r=g\",\"contentUrl\":\"https:\\\/\\\/secure.gravatar.com\\\/avatar\\\/fee87e7af008f02e9becdc0b5a9fd4a2e79b3918a571edeacb62211704637833?s=96&d=mm&r=g\",\"caption\":\"impactocastex\"},\"sameAs\":[\"https:\\\/\\\/impactocastex.com.ar\\\/\"],\"url\":\"https:\\\/\\\/impactocastex.com.ar\\\/?author=2\"}]}<\/script>\n<!-- \/ Yoast SEO plugin. -->","yoast_head_json":{"title":"Cami\u00f3n volc\u00f3 en la madrugada en la Ruta 33 entre Villegas y Am\u00e9rica-Video -","robots":{"index":"index","follow":"follow","max-snippet":"max-snippet:-1","max-image-preview":"max-image-preview:large","max-video-preview":"max-video-preview:-1"},"canonical":"https:\/\/impactocastex.com.ar\/?p=8825","og_locale":"es_ES","og_type":"article","og_title":"Cami\u00f3n volc\u00f3 en la madrugada en la Ruta 33 entre Villegas y Am\u00e9rica-Video -","og_description":"Un cami\u00f3n protagoniz\u00f3 un vuelco durante la madrugada del martes 20 de enero de 2025...","og_url":"https:\/\/impactocastex.com.ar\/?p=8825","article_publisher":"https:\/\/www.facebook.com\/impactocastexdiario","article_published_time":"2026-01-20T12:27:11+00:00","article_modified_time":"2026-01-20T12:27:13+00:00","og_image":[{"width":1280,"height":720,"url":"https:\/\/impactocastex.com.ar\/wp-content\/uploads\/2026\/01\/f1280x720-254812_386487_5050.jpeg","type":"image\/jpeg"}],"author":"impactocastex","twitter_card":"summary_large_image","twitter_misc":{"Escrito por":"impactocastex","Tiempo de lectura":"2 minutos"},"schema":{"@context":"https:\/\/schema.org","@graph":[{"@type":"Article","@id":"https:\/\/impactocastex.com.ar\/?p=8825#article","isPartOf":{"@id":"https:\/\/impactocastex.com.ar\/?p=8825"},"author":{"name":"impactocastex","@id":"https:\/\/impactocastex.com.ar\/#\/schema\/person\/c115028fb60f9bf49ce7550894b84ea7"},"headline":"Cami\u00f3n volc\u00f3 en la madrugada en la Ruta 33 entre Villegas y Am\u00e9rica-Video","datePublished":"2026-01-20T12:27:11+00:00","dateModified":"2026-01-20T12:27:13+00:00","mainEntityOfPage":{"@id":"https:\/\/impactocastex.com.ar\/?p=8825"},"wordCount":230,"publisher":{"@id":"https:\/\/impactocastex.com.ar\/#organization"},"image":{"@id":"https:\/\/impactocastex.com.ar\/?p=8825#primaryimage"},"thumbnailUrl":"https:\/\/impactocastex.com.ar\/wp-content\/uploads\/2026\/01\/f1280x720-254812_386487_5050.jpeg","articleSection":["POLICIALES"],"inLanguage":"es"},{"@type":"WebPage","@id":"https:\/\/impactocastex.com.ar\/?p=8825","url":"https:\/\/impactocastex.com.ar\/?p=8825","name":"Cami\u00f3n volc\u00f3 en la madrugada en la Ruta 33 entre Villegas y Am\u00e9rica-Video -","isPartOf":{"@id":"https:\/\/impactocastex.com.ar\/#website"},"primaryImageOfPage":{"@id":"https:\/\/impactocastex.com.ar\/?p=8825#primaryimage"},"image":{"@id":"https:\/\/impactocastex.com.ar\/?p=8825#primaryimage"},"thumbnailUrl":"https:\/\/impactocastex.com.ar\/wp-content\/uploads\/2026\/01\/f1280x720-254812_386487_5050.jpeg","datePublished":"2026-01-20T12:27:11+00:00","dateModified":"2026-01-20T12:27:13+00:00","breadcrumb":{"@id":"https:\/\/impactocastex.com.ar\/?p=8825#breadcrumb"},"inLanguage":"es","potentialAction":[{"@type":"ReadAction","target":["https:\/\/impactocastex.com.ar\/?p=8825"]}]},{"@type":"ImageObject","inLanguage":"es","@id":"https:\/\/impactocastex.com.ar\/?p=8825#primaryimage","url":"https:\/\/impactocastex.com.ar\/wp-content\/uploads\/2026\/01\/f1280x720-254812_386487_5050.jpeg","contentUrl":"https:\/\/impactocastex.com.ar\/wp-content\/uploads\/2026\/01\/f1280x720-254812_386487_5050.jpeg","width":1280,"height":720},{"@type":"BreadcrumbList","@id":"https:\/\/impactocastex.com.ar\/?p=8825#breadcrumb","itemListElement":[{"@type":"ListItem","position":1,"name":"Portada","item":"https:\/\/impactocastex.com.ar\/"},{"@type":"ListItem","position":2,"name":"Cami\u00f3n volc\u00f3 en la madrugada en la Ruta 33 entre Villegas y Am\u00e9rica-Video"}]},{"@type":"WebSite","@id":"https:\/\/impactocastex.com.ar\/#website","url":"https:\/\/impactocastex.com.ar\/","name":"Impacto Castex","description":"","publisher":{"@id":"https:\/\/impactocastex.com.ar\/#organization"},"potentialAction":[{"@type":"SearchAction","target":{"@type":"EntryPoint","urlTemplate":"https:\/\/impactocastex.com.ar\/?s={search_term_string}"},"query-input":{"@type":"PropertyValueSpecification","valueRequired":true,"valueName":"search_term_string"}}],"inLanguage":"es"},{"@type":"Organization","@id":"https:\/\/impactocastex.com.ar\/#organization","name":"Impacto Castex","url":"https:\/\/impactocastex.com.ar\/","logo":{"@type":"ImageObject","inLanguage":"es","@id":"https:\/\/impactocastex.com.ar\/#\/schema\/logo\/image\/","url":"https:\/\/impactocastex.com.ar\/wp-content\/uploads\/2025\/09\/cropped-icoweb.png","contentUrl":"https:\/\/impactocastex.com.ar\/wp-content\/uploads\/2025\/09\/cropped-icoweb.png","width":512,"height":512,"caption":"Impacto Castex"},"image":{"@id":"https:\/\/impactocastex.com.ar\/#\/schema\/logo\/image\/"},"sameAs":["https:\/\/www.facebook.com\/impactocastexdiario","https:\/\/www.instagram.com\/impactocastex.com.ar\/"]},{"@type":"Person","@id":"https:\/\/impactocastex.com.ar\/#\/schema\/person\/c115028fb60f9bf49ce7550894b84ea7","name":"impactocastex","image":{"@type":"ImageObject","inLanguage":"es","@id":"https:\/\/secure.gravatar.com\/avatar\/fee87e7af008f02e9becdc0b5a9fd4a2e79b3918a571edeacb62211704637833?s=96&d=mm&r=g","url":"https:\/\/secure.gravatar.com\/avatar\/fee87e7af008f02e9becdc0b5a9fd4a2e79b3918a571edeacb62211704637833?s=96&d=mm&r=g","contentUrl":"https:\/\/secure.gravatar.com\/avatar\/fee87e7af008f02e9becdc0b5a9fd4a2e79b3918a571edeacb62211704637833?s=96&d=mm&r=g","caption":"impactocastex"},"sameAs":["https:\/\/impactocastex.com.ar\/"],"url":"https:\/\/impactocastex.com.ar\/?author=2"}]}},"jetpack_publicize_connections":[],"featured_image_urls":{"full":["https:\/\/impactocastex.com.ar\/wp-content\/uploads\/2026\/01\/f1280x720-254812_386487_5050.jpeg",1280,720,false],"thumbnail":["https:\/\/impactocastex.com.ar\/wp-content\/uploads\/2026\/01\/f1280x720-254812_386487_5050-150x150.jpeg",150,150,true],"medium":["https:\/\/impactocastex.com.ar\/wp-content\/uploads\/2026\/01\/f1280x720-254812_386487_5050-300x169.jpeg",300,169,true],"medium_large":["https:\/\/impactocastex.com.ar\/wp-content\/uploads\/2026\/01\/f1280x720-254812_386487_5050-768x432.jpeg",640,360,true],"large":["https:\/\/impactocastex.com.ar\/wp-content\/uploads\/2026\/01\/f1280x720-254812_386487_5050-1024x576.jpeg",640,360,true],"1536x1536":["https:\/\/impactocastex.com.ar\/wp-content\/uploads\/2026\/01\/f1280x720-254812_386487_5050.jpeg",1280,720,false],"2048x2048":["https:\/\/impactocastex.com.ar\/wp-content\/uploads\/2026\/01\/f1280x720-254812_386487_5050.jpeg",1280,720,false],"newsever-slider-full":["https:\/\/impactocastex.com.ar\/wp-content\/uploads\/2026\/01\/f1280x720-254812_386487_5050.jpeg",1280,720,false],"newsever-featured":["https:\/\/impactocastex.com.ar\/wp-content\/uploads\/2026\/01\/f1280x720-254812_386487_5050-1024x576.jpeg",1024,576,true],"newsever-medium":["https:\/\/impactocastex.com.ar\/wp-content\/uploads\/2026\/01\/f1280x720-254812_386487_5050-720x475.jpeg",720,475,true]},"author_info":{"info":["impactocastex"]},"category_info":"<a href=\"https:\/\/impactocastex.com.ar\/?cat=85\" rel=\"category\">POLICIALES<\/a>","tag_info":"POLICIALES","comment_count":0,"jetpack_featured_media_url":"https:\/\/impactocastex.com.ar\/wp-content\/uploads\/2026\/01\/f1280x720-254812_386487_5050.jpeg","jetpack_sharing_enabled":true,"jetpack_likes_enabled":true,"jetpack_shortlink":"https:\/\/wp.me\/p7sopA-2il","_links":{"self":[{"href":"https:\/\/impactocastex.com.ar\/index.php?rest_route=\/wp\/v2\/posts\/8825","targetHints":{"allow":["GET"]}}],"collection":[{"href":"https:\/\/impactocastex.com.ar\/index.php?rest_route=\/wp\/v2\/posts"}],"about":[{"href":"https:\/\/impactocastex.com.ar\/index.php?rest_route=\/wp\/v2\/types\/post"}],"author":[{"embeddable":true,"href":"https:\/\/impactocastex.com.ar\/index.php?rest_route=\/wp\/v2\/users\/2"}],"replies":[{"embeddable":true,"href":"https:\/\/impactocastex.com.ar\/index.php?rest_route=%2Fwp%2Fv2%2Fcomments&post=8825"}],"version-history":[{"count":1,"href":"https:\/\/impactocastex.com.ar\/index.php?rest_route=\/wp\/v2\/posts\/8825\/revisions"}],"predecessor-version":[{"id":8827,"href":"https:\/\/impactocastex.com.ar\/index.php?rest_route=\/wp\/v2\/posts\/8825\/revisions\/8827"}],"wp:featuredmedia":[{"embeddable":true,"href":"https:\/\/impactocastex.com.ar\/index.php?rest_route=\/wp\/v2\/media\/8826"}],"wp:attachment":[{"href":"https:\/\/impactocastex.com.ar\/index.php?rest_route=%2Fwp%2Fv2%2Fmedia&parent=8825"}],"wp:term":[{"taxonomy":"category","embeddable":true,"href":"https:\/\/impactocastex.com.ar\/index.php?rest_route=%2Fwp%2Fv2%2Fcategories&post=8825"},{"taxonomy":"post_tag","embeddable":true,"href":"https:\/\/impactocastex.com.ar\/index.php?rest_route=%2Fwp%2Fv2%2Ftags&post=8825"}],"curies":[{"name":"wp","href":"https:\/\/api.w.org\/{rel}","templated":true}]}}