{"id":8802,"date":"2026-01-20T09:09:27","date_gmt":"2026-01-20T12:09:27","guid":{"rendered":"https:\/\/impactocastex.com.ar\/?p=8802"},"modified":"2026-01-20T09:09:28","modified_gmt":"2026-01-20T12:09:28","slug":"caravana-para-recibir-al-tetracampeon-de-jesus-maria-alfredo-tato-ramos","status":"publish","type":"post","link":"https:\/\/impactocastex.com.ar\/?p=8802","title":{"rendered":"Caravana para recibir al tetracampe\u00f3n de Jes\u00fas Mar\u00eda, Alfredo \u00abTato\u00bb Ramos"},"content":{"rendered":"\n<p>Una importante cantidad de personas esper\u00f3 al jinete santarrose\u00f1o sobre la Ruta 5, en el ingreso a la Facultad de Agronom\u00eda. Luego de los abrazos y los saludos, emprendieron una caravana por el centro de la ciudad.<\/p>\n\n\n\n<figure class=\"wp-block-embed is-type-video is-provider-youtube wp-block-embed-youtube wp-embed-aspect-16-9 wp-has-aspect-ratio\"><div class=\"wp-block-embed__wrapper\">\n<iframe loading=\"lazy\" title=\"El tetracampe\u00f3n de doma en Jes\u00fas Mar\u00eda, Alfredo &quot;Tato&quot;, Ramos lleg\u00f3 a Santa Rosa\" width=\"640\" height=\"360\" src=\"https:\/\/www.youtube.com\/embed\/IrKHdzOGKFY?feature=oembed\" frameborder=\"0\" allow=\"accelerometer; autoplay; clipboard-write; encrypted-media; gyroscope; picture-in-picture; web-share\" referrerpolicy=\"strict-origin-when-cross-origin\" allowfullscreen><\/iframe>\n<\/div><\/figure>\n\n\n\n<p>La capital pampeana recibi\u00f3 este lunes con honores a su gran embajador de las tradiciones: Alfredo \u00abTato\u00bb Ramos. El jinete, que acaba de consagrarse tetracampe\u00f3n en la categor\u00eda Gurupa Sure\u00f1a en el Festival Nacional de Doma y Folklore de Jes\u00fas Mar\u00eda, fue recibido por una multitud en el ingreso a la Facultad de Agronom\u00eda, desde donde parti\u00f3 una ruidosa y emotiva caravana que recorri\u00f3 las calles c\u00e9ntricas de la ciudad.<\/p>\n\n\n\n<figure class=\"wp-block-image\"><img decoding=\"async\" src=\"https:\/\/www.eldiariodelapampa.com.ar\/\/img\/publicaciones\/2026\/01\/19\/alta\/861682-t.jpg\" alt=\"\" \/><\/figure>\n\n\n\n<p>Entre banderas, bocinas y el aplauso de los vecinos que salieron a saludarlo a su paso, Tato Ramos se mostr\u00f3 conmovido por el afecto de su gente. \u00abUn orgullo muy grande haber podido lograr otro t\u00edtulo; se lo dedico a mi familia, a mis amigos y a toda la gente que nos apoya\u00bb, expres\u00f3 el jinete al llegar a suelo pampeano.<\/p>\n\n\n\n<p>Hijo de otra gloria de la jineteada, el recordado Alfredo Ramos, Tato alcanz\u00f3 su cuarta corona (2017, 2020, 2025 y 2026) tras una definici\u00f3n apasionante el pasado s\u00e1bado por la noche. En el campo \u00abJos\u00e9 Hern\u00e1ndez\u00bb, Ramos defendi\u00f3 el t\u00edtulo representando a la delegaci\u00f3n campeona del a\u00f1o anterior, enfrent\u00e1ndose en la final al uruguayo Carlos Benia Miranda.<\/p>\n\n\n\n<figure class=\"wp-block-image\"><img decoding=\"async\" src=\"https:\/\/www.eldiariodelapampa.com.ar\/\/img\/publicaciones\/2026\/01\/19\/alta\/861681-t.jpg\" alt=\"\" \/><\/figure>\n\n\n\n<p>Sobre el lomo de \u00abEl Carb\u00f3n\u00bb (de la tropilla Los Diablitos), el pampeano sac\u00f3 a relucir su jerarqu\u00eda y sum\u00f3 9,66 puntos en su \u00faltima monta, cerrando el campeonato con un total de 74,31 puntos, sacando una ventaja de m\u00e1s de 12 puntos sobre su escolta m\u00e1s cercano.<\/p>\n\n\n\n<p>El logro de Tato Ramos tiene un condimento especial: es la primera vez que logra el campeonato en dos a\u00f1os consecutivos, un hito que agiganta su figura luego de haber superado un grave accidente hace un par de a\u00f1os que puso en duda su regreso a la alta competencia. Sin embargo, su capacidad de recuperaci\u00f3n y su vigencia lo sit\u00faan hoy como uno de los jinetes m\u00e1s importantes de la historia del certamen internacional.<\/p>\n\n\n\n<p>\u00abSabemos que el festival no es f\u00e1cil, que aparecen nombres de todos lados y este a\u00f1o estaba muy peleado en todas las categor\u00edas, pero tuvimos la suerte de nuestro lado\u00bb, concluy\u00f3 el campe\u00f3n mientras luc\u00eda la rastra que lo acredita como el mejor de la edici\u00f3n 2026.<\/p>\n\n\n\n<figure class=\"wp-block-image\"><img decoding=\"async\" src=\"https:\/\/www.eldiariodelapampa.com.ar\/\/img\/publicaciones\/2026\/01\/19\/alta\/861680-t.jpg\" alt=\"\" \/><\/figure>\n\n\n\n<p>eldiariodelapampa.<\/p>\n","protected":false},"excerpt":{"rendered":"<p>Una importante cantidad de personas esper\u00f3 al jinete santarrose\u00f1o sobre la Ruta 5, en el&#8230;<\/p>\n","protected":false},"author":2,"featured_media":8804,"comment_status":"closed","ping_status":"closed","sticky":false,"template":"","format":"standard","meta":{"_jetpack_memberships_contains_paid_content":false,"footnotes":"","jetpack_publicize_message":"Caravana para recibir al tetracampe\u00f3n de Jes\u00fas Mar\u00eda, Alfredo \"Tato\" Ramos","jetpack_publicize_feature_enabled":true,"jetpack_social_post_already_shared":false,"jetpack_social_options":{"image_generator_settings":{"template":"highway","default_image_id":0,"font":"","enabled":false},"version":2}},"categories":[83],"tags":[],"class_list":["post-8802","post","type-post","status-publish","format-standard","has-post-thumbnail","hentry","category-la-pampa"],"yoast_head":"<!-- This site is optimized with the Yoast SEO plugin v27.4 - https:\/\/yoast.com\/product\/yoast-seo-wordpress\/ -->\n<title>Caravana para recibir al tetracampe\u00f3n de Jes\u00fas Mar\u00eda, Alfredo &quot;Tato&quot; Ramos -<\/title>\n<meta name=\"robots\" content=\"index, follow, max-snippet:-1, max-image-preview:large, max-video-preview:-1\" \/>\n<link rel=\"canonical\" href=\"https:\/\/impactocastex.com.ar\/?p=8802\" \/>\n<meta property=\"og:locale\" content=\"es_ES\" \/>\n<meta property=\"og:type\" content=\"article\" \/>\n<meta property=\"og:title\" content=\"Caravana para recibir al tetracampe\u00f3n de Jes\u00fas Mar\u00eda, Alfredo &quot;Tato&quot; Ramos -\" \/>\n<meta property=\"og:description\" content=\"Una importante cantidad de personas esper\u00f3 al jinete santarrose\u00f1o sobre la Ruta 5, en el...\" \/>\n<meta property=\"og:url\" content=\"https:\/\/impactocastex.com.ar\/?p=8802\" \/>\n<meta property=\"article:publisher\" content=\"https:\/\/www.facebook.com\/impactocastexdiario\" \/>\n<meta property=\"article:published_time\" content=\"2026-01-20T12:09:27+00:00\" \/>\n<meta property=\"article:modified_time\" content=\"2026-01-20T12:09:28+00:00\" \/>\n<meta property=\"og:image\" content=\"https:\/\/impactocastex.com.ar\/wp-content\/uploads\/2026\/01\/861682-t.webp\" \/>\n\t<meta property=\"og:image:width\" content=\"1478\" \/>\n\t<meta property=\"og:image:height\" content=\"953\" \/>\n\t<meta property=\"og:image:type\" content=\"image\/webp\" \/>\n<meta name=\"author\" content=\"impactocastex\" \/>\n<meta name=\"twitter:card\" content=\"summary_large_image\" \/>\n<meta name=\"twitter:label1\" content=\"Escrito por\" \/>\n\t<meta name=\"twitter:data1\" content=\"impactocastex\" \/>\n\t<meta name=\"twitter:label2\" content=\"Tiempo de lectura\" \/>\n\t<meta name=\"twitter:data2\" content=\"3 minutos\" \/>\n<script type=\"application\/ld+json\" class=\"yoast-schema-graph\">{\"@context\":\"https:\\\/\\\/schema.org\",\"@graph\":[{\"@type\":\"Article\",\"@id\":\"https:\\\/\\\/impactocastex.com.ar\\\/?p=8802#article\",\"isPartOf\":{\"@id\":\"https:\\\/\\\/impactocastex.com.ar\\\/?p=8802\"},\"author\":{\"name\":\"impactocastex\",\"@id\":\"https:\\\/\\\/impactocastex.com.ar\\\/#\\\/schema\\\/person\\\/c115028fb60f9bf49ce7550894b84ea7\"},\"headline\":\"Caravana para recibir al tetracampe\u00f3n de Jes\u00fas Mar\u00eda, Alfredo \u00abTato\u00bb Ramos\",\"datePublished\":\"2026-01-20T12:09:27+00:00\",\"dateModified\":\"2026-01-20T12:09:28+00:00\",\"mainEntityOfPage\":{\"@id\":\"https:\\\/\\\/impactocastex.com.ar\\\/?p=8802\"},\"wordCount\":436,\"publisher\":{\"@id\":\"https:\\\/\\\/impactocastex.com.ar\\\/#organization\"},\"image\":{\"@id\":\"https:\\\/\\\/impactocastex.com.ar\\\/?p=8802#primaryimage\"},\"thumbnailUrl\":\"https:\\\/\\\/impactocastex.com.ar\\\/wp-content\\\/uploads\\\/2026\\\/01\\\/861682-t.webp\",\"articleSection\":[\"LA PAMPA\"],\"inLanguage\":\"es\"},{\"@type\":\"WebPage\",\"@id\":\"https:\\\/\\\/impactocastex.com.ar\\\/?p=8802\",\"url\":\"https:\\\/\\\/impactocastex.com.ar\\\/?p=8802\",\"name\":\"Caravana para recibir al tetracampe\u00f3n de Jes\u00fas Mar\u00eda, Alfredo \\\"Tato\\\" Ramos -\",\"isPartOf\":{\"@id\":\"https:\\\/\\\/impactocastex.com.ar\\\/#website\"},\"primaryImageOfPage\":{\"@id\":\"https:\\\/\\\/impactocastex.com.ar\\\/?p=8802#primaryimage\"},\"image\":{\"@id\":\"https:\\\/\\\/impactocastex.com.ar\\\/?p=8802#primaryimage\"},\"thumbnailUrl\":\"https:\\\/\\\/impactocastex.com.ar\\\/wp-content\\\/uploads\\\/2026\\\/01\\\/861682-t.webp\",\"datePublished\":\"2026-01-20T12:09:27+00:00\",\"dateModified\":\"2026-01-20T12:09:28+00:00\",\"breadcrumb\":{\"@id\":\"https:\\\/\\\/impactocastex.com.ar\\\/?p=8802#breadcrumb\"},\"inLanguage\":\"es\",\"potentialAction\":[{\"@type\":\"ReadAction\",\"target\":[\"https:\\\/\\\/impactocastex.com.ar\\\/?p=8802\"]}]},{\"@type\":\"ImageObject\",\"inLanguage\":\"es\",\"@id\":\"https:\\\/\\\/impactocastex.com.ar\\\/?p=8802#primaryimage\",\"url\":\"https:\\\/\\\/impactocastex.com.ar\\\/wp-content\\\/uploads\\\/2026\\\/01\\\/861682-t.webp\",\"contentUrl\":\"https:\\\/\\\/impactocastex.com.ar\\\/wp-content\\\/uploads\\\/2026\\\/01\\\/861682-t.webp\",\"width\":1478,\"height\":953},{\"@type\":\"BreadcrumbList\",\"@id\":\"https:\\\/\\\/impactocastex.com.ar\\\/?p=8802#breadcrumb\",\"itemListElement\":[{\"@type\":\"ListItem\",\"position\":1,\"name\":\"Portada\",\"item\":\"https:\\\/\\\/impactocastex.com.ar\\\/\"},{\"@type\":\"ListItem\",\"position\":2,\"name\":\"Caravana para recibir al tetracampe\u00f3n de Jes\u00fas Mar\u00eda, Alfredo &#8220;Tato&#8221; Ramos\"}]},{\"@type\":\"WebSite\",\"@id\":\"https:\\\/\\\/impactocastex.com.ar\\\/#website\",\"url\":\"https:\\\/\\\/impactocastex.com.ar\\\/\",\"name\":\"Impacto Castex\",\"description\":\"\",\"publisher\":{\"@id\":\"https:\\\/\\\/impactocastex.com.ar\\\/#organization\"},\"potentialAction\":[{\"@type\":\"SearchAction\",\"target\":{\"@type\":\"EntryPoint\",\"urlTemplate\":\"https:\\\/\\\/impactocastex.com.ar\\\/?s={search_term_string}\"},\"query-input\":{\"@type\":\"PropertyValueSpecification\",\"valueRequired\":true,\"valueName\":\"search_term_string\"}}],\"inLanguage\":\"es\"},{\"@type\":\"Organization\",\"@id\":\"https:\\\/\\\/impactocastex.com.ar\\\/#organization\",\"name\":\"Impacto Castex\",\"url\":\"https:\\\/\\\/impactocastex.com.ar\\\/\",\"logo\":{\"@type\":\"ImageObject\",\"inLanguage\":\"es\",\"@id\":\"https:\\\/\\\/impactocastex.com.ar\\\/#\\\/schema\\\/logo\\\/image\\\/\",\"url\":\"https:\\\/\\\/impactocastex.com.ar\\\/wp-content\\\/uploads\\\/2025\\\/09\\\/cropped-icoweb.png\",\"contentUrl\":\"https:\\\/\\\/impactocastex.com.ar\\\/wp-content\\\/uploads\\\/2025\\\/09\\\/cropped-icoweb.png\",\"width\":512,\"height\":512,\"caption\":\"Impacto Castex\"},\"image\":{\"@id\":\"https:\\\/\\\/impactocastex.com.ar\\\/#\\\/schema\\\/logo\\\/image\\\/\"},\"sameAs\":[\"https:\\\/\\\/www.facebook.com\\\/impactocastexdiario\",\"https:\\\/\\\/www.instagram.com\\\/impactocastex.com.ar\\\/\"]},{\"@type\":\"Person\",\"@id\":\"https:\\\/\\\/impactocastex.com.ar\\\/#\\\/schema\\\/person\\\/c115028fb60f9bf49ce7550894b84ea7\",\"name\":\"impactocastex\",\"image\":{\"@type\":\"ImageObject\",\"inLanguage\":\"es\",\"@id\":\"https:\\\/\\\/secure.gravatar.com\\\/avatar\\\/fee87e7af008f02e9becdc0b5a9fd4a2e79b3918a571edeacb62211704637833?s=96&d=mm&r=g\",\"url\":\"https:\\\/\\\/secure.gravatar.com\\\/avatar\\\/fee87e7af008f02e9becdc0b5a9fd4a2e79b3918a571edeacb62211704637833?s=96&d=mm&r=g\",\"contentUrl\":\"https:\\\/\\\/secure.gravatar.com\\\/avatar\\\/fee87e7af008f02e9becdc0b5a9fd4a2e79b3918a571edeacb62211704637833?s=96&d=mm&r=g\",\"caption\":\"impactocastex\"},\"sameAs\":[\"https:\\\/\\\/impactocastex.com.ar\\\/\"],\"url\":\"https:\\\/\\\/impactocastex.com.ar\\\/?author=2\"}]}<\/script>\n<!-- \/ Yoast SEO plugin. -->","yoast_head_json":{"title":"Caravana para recibir al tetracampe\u00f3n de Jes\u00fas Mar\u00eda, Alfredo \"Tato\" Ramos -","robots":{"index":"index","follow":"follow","max-snippet":"max-snippet:-1","max-image-preview":"max-image-preview:large","max-video-preview":"max-video-preview:-1"},"canonical":"https:\/\/impactocastex.com.ar\/?p=8802","og_locale":"es_ES","og_type":"article","og_title":"Caravana para recibir al tetracampe\u00f3n de Jes\u00fas Mar\u00eda, Alfredo \"Tato\" Ramos -","og_description":"Una importante cantidad de personas esper\u00f3 al jinete santarrose\u00f1o sobre la Ruta 5, en el...","og_url":"https:\/\/impactocastex.com.ar\/?p=8802","article_publisher":"https:\/\/www.facebook.com\/impactocastexdiario","article_published_time":"2026-01-20T12:09:27+00:00","article_modified_time":"2026-01-20T12:09:28+00:00","og_image":[{"width":1478,"height":953,"url":"https:\/\/impactocastex.com.ar\/wp-content\/uploads\/2026\/01\/861682-t.webp","type":"image\/webp"}],"author":"impactocastex","twitter_card":"summary_large_image","twitter_misc":{"Escrito por":"impactocastex","Tiempo de lectura":"3 minutos"},"schema":{"@context":"https:\/\/schema.org","@graph":[{"@type":"Article","@id":"https:\/\/impactocastex.com.ar\/?p=8802#article","isPartOf":{"@id":"https:\/\/impactocastex.com.ar\/?p=8802"},"author":{"name":"impactocastex","@id":"https:\/\/impactocastex.com.ar\/#\/schema\/person\/c115028fb60f9bf49ce7550894b84ea7"},"headline":"Caravana para recibir al tetracampe\u00f3n de Jes\u00fas Mar\u00eda, Alfredo \u00abTato\u00bb Ramos","datePublished":"2026-01-20T12:09:27+00:00","dateModified":"2026-01-20T12:09:28+00:00","mainEntityOfPage":{"@id":"https:\/\/impactocastex.com.ar\/?p=8802"},"wordCount":436,"publisher":{"@id":"https:\/\/impactocastex.com.ar\/#organization"},"image":{"@id":"https:\/\/impactocastex.com.ar\/?p=8802#primaryimage"},"thumbnailUrl":"https:\/\/impactocastex.com.ar\/wp-content\/uploads\/2026\/01\/861682-t.webp","articleSection":["LA PAMPA"],"inLanguage":"es"},{"@type":"WebPage","@id":"https:\/\/impactocastex.com.ar\/?p=8802","url":"https:\/\/impactocastex.com.ar\/?p=8802","name":"Caravana para recibir al tetracampe\u00f3n de Jes\u00fas Mar\u00eda, Alfredo \"Tato\" Ramos -","isPartOf":{"@id":"https:\/\/impactocastex.com.ar\/#website"},"primaryImageOfPage":{"@id":"https:\/\/impactocastex.com.ar\/?p=8802#primaryimage"},"image":{"@id":"https:\/\/impactocastex.com.ar\/?p=8802#primaryimage"},"thumbnailUrl":"https:\/\/impactocastex.com.ar\/wp-content\/uploads\/2026\/01\/861682-t.webp","datePublished":"2026-01-20T12:09:27+00:00","dateModified":"2026-01-20T12:09:28+00:00","breadcrumb":{"@id":"https:\/\/impactocastex.com.ar\/?p=8802#breadcrumb"},"inLanguage":"es","potentialAction":[{"@type":"ReadAction","target":["https:\/\/impactocastex.com.ar\/?p=8802"]}]},{"@type":"ImageObject","inLanguage":"es","@id":"https:\/\/impactocastex.com.ar\/?p=8802#primaryimage","url":"https:\/\/impactocastex.com.ar\/wp-content\/uploads\/2026\/01\/861682-t.webp","contentUrl":"https:\/\/impactocastex.com.ar\/wp-content\/uploads\/2026\/01\/861682-t.webp","width":1478,"height":953},{"@type":"BreadcrumbList","@id":"https:\/\/impactocastex.com.ar\/?p=8802#breadcrumb","itemListElement":[{"@type":"ListItem","position":1,"name":"Portada","item":"https:\/\/impactocastex.com.ar\/"},{"@type":"ListItem","position":2,"name":"Caravana para recibir al tetracampe\u00f3n de Jes\u00fas Mar\u00eda, Alfredo &#8220;Tato&#8221; Ramos"}]},{"@type":"WebSite","@id":"https:\/\/impactocastex.com.ar\/#website","url":"https:\/\/impactocastex.com.ar\/","name":"Impacto Castex","description":"","publisher":{"@id":"https:\/\/impactocastex.com.ar\/#organization"},"potentialAction":[{"@type":"SearchAction","target":{"@type":"EntryPoint","urlTemplate":"https:\/\/impactocastex.com.ar\/?s={search_term_string}"},"query-input":{"@type":"PropertyValueSpecification","valueRequired":true,"valueName":"search_term_string"}}],"inLanguage":"es"},{"@type":"Organization","@id":"https:\/\/impactocastex.com.ar\/#organization","name":"Impacto Castex","url":"https:\/\/impactocastex.com.ar\/","logo":{"@type":"ImageObject","inLanguage":"es","@id":"https:\/\/impactocastex.com.ar\/#\/schema\/logo\/image\/","url":"https:\/\/impactocastex.com.ar\/wp-content\/uploads\/2025\/09\/cropped-icoweb.png","contentUrl":"https:\/\/impactocastex.com.ar\/wp-content\/uploads\/2025\/09\/cropped-icoweb.png","width":512,"height":512,"caption":"Impacto Castex"},"image":{"@id":"https:\/\/impactocastex.com.ar\/#\/schema\/logo\/image\/"},"sameAs":["https:\/\/www.facebook.com\/impactocastexdiario","https:\/\/www.instagram.com\/impactocastex.com.ar\/"]},{"@type":"Person","@id":"https:\/\/impactocastex.com.ar\/#\/schema\/person\/c115028fb60f9bf49ce7550894b84ea7","name":"impactocastex","image":{"@type":"ImageObject","inLanguage":"es","@id":"https:\/\/secure.gravatar.com\/avatar\/fee87e7af008f02e9becdc0b5a9fd4a2e79b3918a571edeacb62211704637833?s=96&d=mm&r=g","url":"https:\/\/secure.gravatar.com\/avatar\/fee87e7af008f02e9becdc0b5a9fd4a2e79b3918a571edeacb62211704637833?s=96&d=mm&r=g","contentUrl":"https:\/\/secure.gravatar.com\/avatar\/fee87e7af008f02e9becdc0b5a9fd4a2e79b3918a571edeacb62211704637833?s=96&d=mm&r=g","caption":"impactocastex"},"sameAs":["https:\/\/impactocastex.com.ar\/"],"url":"https:\/\/impactocastex.com.ar\/?author=2"}]}},"jetpack_publicize_connections":[],"featured_image_urls":{"full":["https:\/\/impactocastex.com.ar\/wp-content\/uploads\/2026\/01\/861682-t.webp",1478,953,false],"thumbnail":["https:\/\/impactocastex.com.ar\/wp-content\/uploads\/2026\/01\/861682-t-150x150.webp",150,150,true],"medium":["https:\/\/impactocastex.com.ar\/wp-content\/uploads\/2026\/01\/861682-t-300x193.webp",300,193,true],"medium_large":["https:\/\/impactocastex.com.ar\/wp-content\/uploads\/2026\/01\/861682-t-768x495.webp",640,413,true],"large":["https:\/\/impactocastex.com.ar\/wp-content\/uploads\/2026\/01\/861682-t-1024x660.webp",640,413,true],"1536x1536":["https:\/\/impactocastex.com.ar\/wp-content\/uploads\/2026\/01\/861682-t.webp",1478,953,false],"2048x2048":["https:\/\/impactocastex.com.ar\/wp-content\/uploads\/2026\/01\/861682-t.webp",1478,953,false],"newsever-slider-full":["https:\/\/impactocastex.com.ar\/wp-content\/uploads\/2026\/01\/861682-t-1280x845.webp",1280,845,true],"newsever-featured":["https:\/\/impactocastex.com.ar\/wp-content\/uploads\/2026\/01\/861682-t-1024x660.webp",1024,660,true],"newsever-medium":["https:\/\/impactocastex.com.ar\/wp-content\/uploads\/2026\/01\/861682-t-720x475.webp",720,475,true]},"author_info":{"info":["impactocastex"]},"category_info":"<a href=\"https:\/\/impactocastex.com.ar\/?cat=83\" rel=\"category\">LA PAMPA<\/a>","tag_info":"LA PAMPA","comment_count":0,"jetpack_featured_media_url":"https:\/\/impactocastex.com.ar\/wp-content\/uploads\/2026\/01\/861682-t.webp","jetpack_sharing_enabled":true,"jetpack_likes_enabled":true,"jetpack_shortlink":"https:\/\/wp.me\/p7sopA-2hY","_links":{"self":[{"href":"https:\/\/impactocastex.com.ar\/index.php?rest_route=\/wp\/v2\/posts\/8802","targetHints":{"allow":["GET"]}}],"collection":[{"href":"https:\/\/impactocastex.com.ar\/index.php?rest_route=\/wp\/v2\/posts"}],"about":[{"href":"https:\/\/impactocastex.com.ar\/index.php?rest_route=\/wp\/v2\/types\/post"}],"author":[{"embeddable":true,"href":"https:\/\/impactocastex.com.ar\/index.php?rest_route=\/wp\/v2\/users\/2"}],"replies":[{"embeddable":true,"href":"https:\/\/impactocastex.com.ar\/index.php?rest_route=%2Fwp%2Fv2%2Fcomments&post=8802"}],"version-history":[{"count":1,"href":"https:\/\/impactocastex.com.ar\/index.php?rest_route=\/wp\/v2\/posts\/8802\/revisions"}],"predecessor-version":[{"id":8805,"href":"https:\/\/impactocastex.com.ar\/index.php?rest_route=\/wp\/v2\/posts\/8802\/revisions\/8805"}],"wp:featuredmedia":[{"embeddable":true,"href":"https:\/\/impactocastex.com.ar\/index.php?rest_route=\/wp\/v2\/media\/8804"}],"wp:attachment":[{"href":"https:\/\/impactocastex.com.ar\/index.php?rest_route=%2Fwp%2Fv2%2Fmedia&parent=8802"}],"wp:term":[{"taxonomy":"category","embeddable":true,"href":"https:\/\/impactocastex.com.ar\/index.php?rest_route=%2Fwp%2Fv2%2Fcategories&post=8802"},{"taxonomy":"post_tag","embeddable":true,"href":"https:\/\/impactocastex.com.ar\/index.php?rest_route=%2Fwp%2Fv2%2Ftags&post=8802"}],"curies":[{"name":"wp","href":"https:\/\/api.w.org\/{rel}","templated":true}]}}