{"id":8764,"date":"2026-01-20T03:40:44","date_gmt":"2026-01-20T06:40:44","guid":{"rendered":"https:\/\/impactocastex.com.ar\/?p=8764"},"modified":"2026-01-20T03:40:44","modified_gmt":"2026-01-20T06:40:44","slug":"el-gobierno-oficializo-la-inscripcion-de-la-fuerza-quds-en-el-registro-de-terrorismo","status":"publish","type":"post","link":"https:\/\/impactocastex.com.ar\/?p=8764","title":{"rendered":"El Gobierno oficializ\u00f3 la inscripci\u00f3n de la Fuerza Quds en el registro de terrorismo"},"content":{"rendered":"<p><b>El Gobierno oficializ\u00f3 la inscripci\u00f3n<\/b> de la organizaci\u00f3n <b>Fuerza Quds<\/b> en el <b>Registro P\u00fablico de Personas y Entidades Vinculadas a Actos de Terrorismo y su Financiamiento (RePET)<\/b>, al considerar que representa una amenaza real o potencial para la seguridad nacional. La decisi\u00f3n qued\u00f3 establecida mediante una resoluci\u00f3n conjunta de los <b>ministerios de Seguridad Nacional y de Relaciones Exteriores<\/b>, Comercio Internacional y Culto, publicada este martes en el Bolet\u00edn Oficial.<\/p>\n<p>La medida se formaliz\u00f3 a trav\u00e9s de la Resoluci\u00f3n Conjunta 1\/2026, firmada por la ministra de Seguridad Nacional, <b>Alejandra Monteoliva<\/b>, y el canciller <b>Pablo Quirno Magrane<\/b>. Seg\u00fan consta en la norma, la inscripci\u00f3n se dispuso tras la elaboraci\u00f3n de informes de car\u00e1cter reservado por parte de las \u00e1reas competentes de ambos ministerios, en los que se concluye que la organizaci\u00f3n presenta <b>riesgos ciertos para la seguridad interior del Estado argentino <\/b>y para la vida, los bienes y el patrimonio de sus habitantes.<\/p>\n\n<p>En el texto, el Gobierno encuadra la decisi\u00f3n en los <b>compromisos asumidos por la Argentina en materia de lucha contra el terrorismo y su financiamiento<\/b>, a partir de la adhesi\u00f3n a convenciones internacionales y resoluciones del <b>Consejo de Seguridad de las Naciones Unidas<\/b>. Entre ellas se mencionan la Convenci\u00f3n Internacional contra la Delincuencia Organizada Transnacional, la Convenci\u00f3n Interamericana contra el Terrorismo y el Convenio Internacional para la Represi\u00f3n de la Financiaci\u00f3n del Terrorismo, todos incorporados al derecho interno mediante leyes del Congreso.<\/p>\n<p>La resoluci\u00f3n se\u00f1ala que, de acuerdo con los informes t\u00e9cnicos, <b>Fuerza Quds<\/b> constituye una <b>organizaci\u00f3n de car\u00e1cter transnacional <\/b>cuya doctrina, estructura y accionar han contribuido de manera directa o indirecta a la <b>promoci\u00f3n del extremismo violento, la radicalizaci\u00f3n ideol\u00f3gica y la desestabilizaci\u00f3n institucional. <\/b>Tambi\u00e9n se indica que su actividad incluye el <b>apoyo material, log\u00edstico o financiero a otras organizaciones terroristas<\/b>, lo que refuerza la evaluaci\u00f3n de amenaza para la seguridad nacional.<\/p>\n<p><img loading=\"lazy\" decoding=\"async\" src=\"https:\/\/resizer.glanacion.com\/resizer\/v2\/JCSI4OWRRJAGXAHCWORSUDCOQY.JPG?auth=519c0c49202564c1d5576c59e32c933d469f250cd2311abd08a348a8e1d5ebbc&amp;smart=true&amp;width=7360&amp;height=4912\" alt=\"Iran\u00edes pasan junto a una enorme pancarta del excomandante de la Fuerza Quds del Cuerpo de la Guardia Revolucionaria Isl\u00e1mica de Ir\u00e1n (CGRI), Qasem Soleimani\" height=\"4912\" width=\"7360\" \/><\/p>\n<p><b>El RePET fue creado en 2012 <\/b>con el objetivo de centralizar informaci\u00f3n sobre personas humanas, jur\u00eddicas y entidades vinculadas a actos de terrorismo y a su financiamiento, y de <b>facilitar el intercambio de datos y la cooperaci\u00f3n tanto a nivel interno como internacional. <\/b>La normativa vigente establece que pueden ser inscriptas aquellas personas u organizaciones respecto de las cuales existan motivos fundados para sospechar su vinculaci\u00f3n con amenazas externas reales o potenciales a la seguridad nacional.<\/p>\n<p>En ese marco, la resoluci\u00f3n sostiene que la<b> inclusi\u00f3n de Fuerza Quds<\/b> en el registro constituye una <b>herramienta necesaria, proporcional y adecuada para fortalecer los mecanismos de prevenci\u00f3n, detecci\u00f3n temprana y represi\u00f3n del terrorismo y de su financiamiento.<\/b> Tambi\u00e9n destaca que el abordaje de conductas criminales vinculadas al crimen organizado requiere estrategias coordinadas entre los distintos organismos del Estado y un uso m\u00e1s eficiente de los recursos disponibles.<\/p>\n<p><img loading=\"lazy\" decoding=\"async\" src=\"https:\/\/resizer.glanacion.com\/resizer\/v2\/42ZDG7FXY5EWJJR3BS7IZHAM2I.jpg?auth=0d5088f337861d7139732e4af7aea15b0e3c60a3aacf8f301aa25aad8e40beef&amp;smart=true&amp;width=5760&amp;height=3840\" alt=\"Militantes proiran\u00edes de Hezbol\u00e1 desfilan durante una ceremonia para conmemorar el D\u00eda Internacional de Al-Quds en un suburbio al sur de Beirut \" height=\"3840\" width=\"5760\" \/><\/p>\n<p>La decisi\u00f3n del Gobierno de inscribir a la Fuerza Quds en el RePET, anunciada antes de esta oficializaci\u00f3n, gener\u00f3 una <b>reacci\u00f3n por parte de Ir\u00e1n<\/b>. Seg\u00fan inform\u00f3 <a href=\"https:\/\/www.lanacion.com.ar\/politica\/advertencia-oficial-iran-dijo-que-la-argentina-recibira-una-respuesta-adecuada-por-declarar-nid18012026\/\" target=\"_self\" rel=\"\" title=\"https:\/\/www.lanacion.com.ar\/politica\/advertencia-oficial-iran-dijo-que-la-argentina-recibira-una-respuesta-adecuada-por-declarar-nid18012026\/\"><i><b>LA NACION<\/b><\/i><\/a>, el <b>vocero del Ministerio de Relaciones Exteriores iran\u00ed, Ismail Baghaei,<\/b> calific\u00f3 la medida como \u201cinaceptable\u201d y sostuvo que la <b>Argentina \u201csin duda recibir\u00e1 una respuesta adecuada\u201d<\/b> por parte de Teher\u00e1n, luego de que se declarara terrorista a esa organizaci\u00f3n.<\/p>\n<p>Durante una conferencia de prensa en la capital iran\u00ed, el funcionario cuestion\u00f3 la decisi\u00f3n adoptada por la administraci\u00f3n de Javier Milei y la consider\u00f3 <b>contraria al derecho internacional<\/b> y pol\u00edticamente riesgosa. En ese marco, objet\u00f3 que se catalogue como organizaci\u00f3n criminal a lo que defini\u00f3 como <b>\u201cuna parte de las fuerzas armadas oficiales de un pa\u00eds\u201d<\/b>.<\/p>\n<p>\u200bA pesar de la advertencia de Ir\u00e1n, la medida se adopt\u00f3 por resoluci\u00f3n conjunta de Seguridad y Canciller\u00eda y se public\u00f3 en el Bolet\u00edn Oficial\u00a0\u00a0<\/p>","protected":false},"excerpt":{"rendered":"<p>El Gobierno oficializ\u00f3 la inscripci\u00f3n de la organizaci\u00f3n Fuerza Quds en el Registro P\u00fablico de&#8230;<\/p>\n","protected":false},"author":1,"featured_media":8765,"comment_status":"closed","ping_status":"closed","sticky":false,"template":"","format":"standard","meta":{"_jetpack_memberships_contains_paid_content":false,"footnotes":"","jetpack_publicize_message":"","jetpack_publicize_feature_enabled":true,"jetpack_social_post_already_shared":true,"jetpack_social_options":{"image_generator_settings":{"template":"highway","default_image_id":0,"font":"","enabled":false},"version":2}},"categories":[89],"tags":[],"class_list":["post-8764","post","type-post","status-publish","format-standard","has-post-thumbnail","hentry","category-nacionales"],"yoast_head":"<!-- This site is optimized with the Yoast SEO plugin v27.4 - https:\/\/yoast.com\/product\/yoast-seo-wordpress\/ -->\n<title>El Gobierno oficializ\u00f3 la inscripci\u00f3n de la Fuerza Quds en el registro de terrorismo -<\/title>\n<meta name=\"robots\" content=\"index, follow, max-snippet:-1, max-image-preview:large, max-video-preview:-1\" \/>\n<link rel=\"canonical\" href=\"https:\/\/impactocastex.com.ar\/?p=8764\" \/>\n<meta property=\"og:locale\" content=\"es_ES\" \/>\n<meta property=\"og:type\" content=\"article\" \/>\n<meta property=\"og:title\" content=\"El Gobierno oficializ\u00f3 la inscripci\u00f3n de la Fuerza Quds en el registro de terrorismo -\" \/>\n<meta property=\"og:description\" content=\"El Gobierno oficializ\u00f3 la inscripci\u00f3n de la organizaci\u00f3n Fuerza Quds en el Registro P\u00fablico de...\" \/>\n<meta property=\"og:url\" content=\"https:\/\/impactocastex.com.ar\/?p=8764\" \/>\n<meta property=\"article:publisher\" content=\"https:\/\/www.facebook.com\/impactocastexdiario\" \/>\n<meta property=\"article:published_time\" content=\"2026-01-20T06:40:44+00:00\" \/>\n<meta property=\"og:image\" content=\"https:\/\/resizer.glanacion.com\/resizer\/v2\/JCSI4OWRRJAGXAHCWORSUDCOQY.JPG?auth=519c0c49202564c1d5576c59e32c933d469f250cd2311abd08a348a8e1d5ebbc&amp;smart=true&amp;width=7360&amp;height=4912\" \/>\n<meta name=\"author\" content=\"impactocastex\" \/>\n<meta name=\"twitter:card\" content=\"summary_large_image\" \/>\n<meta name=\"twitter:label1\" content=\"Escrito por\" \/>\n\t<meta name=\"twitter:data1\" content=\"impactocastex\" \/>\n\t<meta name=\"twitter:label2\" content=\"Tiempo de lectura\" \/>\n\t<meta name=\"twitter:data2\" content=\"3 minutos\" \/>\n<script type=\"application\/ld+json\" class=\"yoast-schema-graph\">{\"@context\":\"https:\\\/\\\/schema.org\",\"@graph\":[{\"@type\":\"Article\",\"@id\":\"https:\\\/\\\/impactocastex.com.ar\\\/?p=8764#article\",\"isPartOf\":{\"@id\":\"https:\\\/\\\/impactocastex.com.ar\\\/?p=8764\"},\"author\":{\"name\":\"impactocastex\",\"@id\":\"https:\\\/\\\/impactocastex.com.ar\\\/#\\\/schema\\\/person\\\/86cb4f827fb5f87869a239b98a69c6e3\"},\"headline\":\"El Gobierno oficializ\u00f3 la inscripci\u00f3n de la Fuerza Quds en el registro de terrorismo\",\"datePublished\":\"2026-01-20T06:40:44+00:00\",\"mainEntityOfPage\":{\"@id\":\"https:\\\/\\\/impactocastex.com.ar\\\/?p=8764\"},\"wordCount\":668,\"publisher\":{\"@id\":\"https:\\\/\\\/impactocastex.com.ar\\\/#organization\"},\"image\":{\"@id\":\"https:\\\/\\\/impactocastex.com.ar\\\/?p=8764#primaryimage\"},\"thumbnailUrl\":\"https:\\\/\\\/impactocastex.com.ar\\\/wp-content\\\/uploads\\\/2026\\\/01\\\/VVRVWA2M4ZDDDPMGABVXPVVKFU-YqAbEm-scaled.jpg\",\"articleSection\":[\"NACIONALES\"],\"inLanguage\":\"es\"},{\"@type\":\"WebPage\",\"@id\":\"https:\\\/\\\/impactocastex.com.ar\\\/?p=8764\",\"url\":\"https:\\\/\\\/impactocastex.com.ar\\\/?p=8764\",\"name\":\"El Gobierno oficializ\u00f3 la inscripci\u00f3n de la Fuerza Quds en el registro de terrorismo -\",\"isPartOf\":{\"@id\":\"https:\\\/\\\/impactocastex.com.ar\\\/#website\"},\"primaryImageOfPage\":{\"@id\":\"https:\\\/\\\/impactocastex.com.ar\\\/?p=8764#primaryimage\"},\"image\":{\"@id\":\"https:\\\/\\\/impactocastex.com.ar\\\/?p=8764#primaryimage\"},\"thumbnailUrl\":\"https:\\\/\\\/impactocastex.com.ar\\\/wp-content\\\/uploads\\\/2026\\\/01\\\/VVRVWA2M4ZDDDPMGABVXPVVKFU-YqAbEm-scaled.jpg\",\"datePublished\":\"2026-01-20T06:40:44+00:00\",\"breadcrumb\":{\"@id\":\"https:\\\/\\\/impactocastex.com.ar\\\/?p=8764#breadcrumb\"},\"inLanguage\":\"es\",\"potentialAction\":[{\"@type\":\"ReadAction\",\"target\":[\"https:\\\/\\\/impactocastex.com.ar\\\/?p=8764\"]}]},{\"@type\":\"ImageObject\",\"inLanguage\":\"es\",\"@id\":\"https:\\\/\\\/impactocastex.com.ar\\\/?p=8764#primaryimage\",\"url\":\"https:\\\/\\\/impactocastex.com.ar\\\/wp-content\\\/uploads\\\/2026\\\/01\\\/VVRVWA2M4ZDDDPMGABVXPVVKFU-YqAbEm-scaled.jpg\",\"contentUrl\":\"https:\\\/\\\/impactocastex.com.ar\\\/wp-content\\\/uploads\\\/2026\\\/01\\\/VVRVWA2M4ZDDDPMGABVXPVVKFU-YqAbEm-scaled.jpg\",\"width\":2560,\"height\":1706},{\"@type\":\"BreadcrumbList\",\"@id\":\"https:\\\/\\\/impactocastex.com.ar\\\/?p=8764#breadcrumb\",\"itemListElement\":[{\"@type\":\"ListItem\",\"position\":1,\"name\":\"Portada\",\"item\":\"https:\\\/\\\/impactocastex.com.ar\\\/\"},{\"@type\":\"ListItem\",\"position\":2,\"name\":\"El Gobierno oficializ\u00f3 la inscripci\u00f3n de la Fuerza Quds en el registro de terrorismo\"}]},{\"@type\":\"WebSite\",\"@id\":\"https:\\\/\\\/impactocastex.com.ar\\\/#website\",\"url\":\"https:\\\/\\\/impactocastex.com.ar\\\/\",\"name\":\"Impacto Castex\",\"description\":\"\",\"publisher\":{\"@id\":\"https:\\\/\\\/impactocastex.com.ar\\\/#organization\"},\"potentialAction\":[{\"@type\":\"SearchAction\",\"target\":{\"@type\":\"EntryPoint\",\"urlTemplate\":\"https:\\\/\\\/impactocastex.com.ar\\\/?s={search_term_string}\"},\"query-input\":{\"@type\":\"PropertyValueSpecification\",\"valueRequired\":true,\"valueName\":\"search_term_string\"}}],\"inLanguage\":\"es\"},{\"@type\":\"Organization\",\"@id\":\"https:\\\/\\\/impactocastex.com.ar\\\/#organization\",\"name\":\"Impacto Castex\",\"url\":\"https:\\\/\\\/impactocastex.com.ar\\\/\",\"logo\":{\"@type\":\"ImageObject\",\"inLanguage\":\"es\",\"@id\":\"https:\\\/\\\/impactocastex.com.ar\\\/#\\\/schema\\\/logo\\\/image\\\/\",\"url\":\"https:\\\/\\\/impactocastex.com.ar\\\/wp-content\\\/uploads\\\/2025\\\/09\\\/cropped-icoweb.png\",\"contentUrl\":\"https:\\\/\\\/impactocastex.com.ar\\\/wp-content\\\/uploads\\\/2025\\\/09\\\/cropped-icoweb.png\",\"width\":512,\"height\":512,\"caption\":\"Impacto Castex\"},\"image\":{\"@id\":\"https:\\\/\\\/impactocastex.com.ar\\\/#\\\/schema\\\/logo\\\/image\\\/\"},\"sameAs\":[\"https:\\\/\\\/www.facebook.com\\\/impactocastexdiario\",\"https:\\\/\\\/www.instagram.com\\\/impactocastex.com.ar\\\/\"]},{\"@type\":\"Person\",\"@id\":\"https:\\\/\\\/impactocastex.com.ar\\\/#\\\/schema\\\/person\\\/86cb4f827fb5f87869a239b98a69c6e3\",\"name\":\"impactocastex\",\"image\":{\"@type\":\"ImageObject\",\"inLanguage\":\"es\",\"@id\":\"https:\\\/\\\/secure.gravatar.com\\\/avatar\\\/9a87ee051ca8c77f5d4070843ce2c78cdf95b858b950fb039151de955122f5f5?s=96&d=mm&r=g\",\"url\":\"https:\\\/\\\/secure.gravatar.com\\\/avatar\\\/9a87ee051ca8c77f5d4070843ce2c78cdf95b858b950fb039151de955122f5f5?s=96&d=mm&r=g\",\"contentUrl\":\"https:\\\/\\\/secure.gravatar.com\\\/avatar\\\/9a87ee051ca8c77f5d4070843ce2c78cdf95b858b950fb039151de955122f5f5?s=96&d=mm&r=g\",\"caption\":\"impactocastex\"},\"sameAs\":[\"https:\\\/\\\/impactocastex.com.ar\"],\"url\":\"https:\\\/\\\/impactocastex.com.ar\\\/?author=1\"}]}<\/script>\n<!-- \/ Yoast SEO plugin. -->","yoast_head_json":{"title":"El Gobierno oficializ\u00f3 la inscripci\u00f3n de la Fuerza Quds en el registro de terrorismo -","robots":{"index":"index","follow":"follow","max-snippet":"max-snippet:-1","max-image-preview":"max-image-preview:large","max-video-preview":"max-video-preview:-1"},"canonical":"https:\/\/impactocastex.com.ar\/?p=8764","og_locale":"es_ES","og_type":"article","og_title":"El Gobierno oficializ\u00f3 la inscripci\u00f3n de la Fuerza Quds en el registro de terrorismo -","og_description":"El Gobierno oficializ\u00f3 la inscripci\u00f3n de la organizaci\u00f3n Fuerza Quds en el Registro P\u00fablico de...","og_url":"https:\/\/impactocastex.com.ar\/?p=8764","article_publisher":"https:\/\/www.facebook.com\/impactocastexdiario","article_published_time":"2026-01-20T06:40:44+00:00","og_image":[{"url":"https:\/\/resizer.glanacion.com\/resizer\/v2\/JCSI4OWRRJAGXAHCWORSUDCOQY.JPG?auth=519c0c49202564c1d5576c59e32c933d469f250cd2311abd08a348a8e1d5ebbc&amp;smart=true&amp;width=7360&amp;height=4912","type":"","width":"","height":""}],"author":"impactocastex","twitter_card":"summary_large_image","twitter_misc":{"Escrito por":"impactocastex","Tiempo de lectura":"3 minutos"},"schema":{"@context":"https:\/\/schema.org","@graph":[{"@type":"Article","@id":"https:\/\/impactocastex.com.ar\/?p=8764#article","isPartOf":{"@id":"https:\/\/impactocastex.com.ar\/?p=8764"},"author":{"name":"impactocastex","@id":"https:\/\/impactocastex.com.ar\/#\/schema\/person\/86cb4f827fb5f87869a239b98a69c6e3"},"headline":"El Gobierno oficializ\u00f3 la inscripci\u00f3n de la Fuerza Quds en el registro de terrorismo","datePublished":"2026-01-20T06:40:44+00:00","mainEntityOfPage":{"@id":"https:\/\/impactocastex.com.ar\/?p=8764"},"wordCount":668,"publisher":{"@id":"https:\/\/impactocastex.com.ar\/#organization"},"image":{"@id":"https:\/\/impactocastex.com.ar\/?p=8764#primaryimage"},"thumbnailUrl":"https:\/\/impactocastex.com.ar\/wp-content\/uploads\/2026\/01\/VVRVWA2M4ZDDDPMGABVXPVVKFU-YqAbEm-scaled.jpg","articleSection":["NACIONALES"],"inLanguage":"es"},{"@type":"WebPage","@id":"https:\/\/impactocastex.com.ar\/?p=8764","url":"https:\/\/impactocastex.com.ar\/?p=8764","name":"El Gobierno oficializ\u00f3 la inscripci\u00f3n de la Fuerza Quds en el registro de terrorismo -","isPartOf":{"@id":"https:\/\/impactocastex.com.ar\/#website"},"primaryImageOfPage":{"@id":"https:\/\/impactocastex.com.ar\/?p=8764#primaryimage"},"image":{"@id":"https:\/\/impactocastex.com.ar\/?p=8764#primaryimage"},"thumbnailUrl":"https:\/\/impactocastex.com.ar\/wp-content\/uploads\/2026\/01\/VVRVWA2M4ZDDDPMGABVXPVVKFU-YqAbEm-scaled.jpg","datePublished":"2026-01-20T06:40:44+00:00","breadcrumb":{"@id":"https:\/\/impactocastex.com.ar\/?p=8764#breadcrumb"},"inLanguage":"es","potentialAction":[{"@type":"ReadAction","target":["https:\/\/impactocastex.com.ar\/?p=8764"]}]},{"@type":"ImageObject","inLanguage":"es","@id":"https:\/\/impactocastex.com.ar\/?p=8764#primaryimage","url":"https:\/\/impactocastex.com.ar\/wp-content\/uploads\/2026\/01\/VVRVWA2M4ZDDDPMGABVXPVVKFU-YqAbEm-scaled.jpg","contentUrl":"https:\/\/impactocastex.com.ar\/wp-content\/uploads\/2026\/01\/VVRVWA2M4ZDDDPMGABVXPVVKFU-YqAbEm-scaled.jpg","width":2560,"height":1706},{"@type":"BreadcrumbList","@id":"https:\/\/impactocastex.com.ar\/?p=8764#breadcrumb","itemListElement":[{"@type":"ListItem","position":1,"name":"Portada","item":"https:\/\/impactocastex.com.ar\/"},{"@type":"ListItem","position":2,"name":"El Gobierno oficializ\u00f3 la inscripci\u00f3n de la Fuerza Quds en el registro de terrorismo"}]},{"@type":"WebSite","@id":"https:\/\/impactocastex.com.ar\/#website","url":"https:\/\/impactocastex.com.ar\/","name":"Impacto Castex","description":"","publisher":{"@id":"https:\/\/impactocastex.com.ar\/#organization"},"potentialAction":[{"@type":"SearchAction","target":{"@type":"EntryPoint","urlTemplate":"https:\/\/impactocastex.com.ar\/?s={search_term_string}"},"query-input":{"@type":"PropertyValueSpecification","valueRequired":true,"valueName":"search_term_string"}}],"inLanguage":"es"},{"@type":"Organization","@id":"https:\/\/impactocastex.com.ar\/#organization","name":"Impacto Castex","url":"https:\/\/impactocastex.com.ar\/","logo":{"@type":"ImageObject","inLanguage":"es","@id":"https:\/\/impactocastex.com.ar\/#\/schema\/logo\/image\/","url":"https:\/\/impactocastex.com.ar\/wp-content\/uploads\/2025\/09\/cropped-icoweb.png","contentUrl":"https:\/\/impactocastex.com.ar\/wp-content\/uploads\/2025\/09\/cropped-icoweb.png","width":512,"height":512,"caption":"Impacto Castex"},"image":{"@id":"https:\/\/impactocastex.com.ar\/#\/schema\/logo\/image\/"},"sameAs":["https:\/\/www.facebook.com\/impactocastexdiario","https:\/\/www.instagram.com\/impactocastex.com.ar\/"]},{"@type":"Person","@id":"https:\/\/impactocastex.com.ar\/#\/schema\/person\/86cb4f827fb5f87869a239b98a69c6e3","name":"impactocastex","image":{"@type":"ImageObject","inLanguage":"es","@id":"https:\/\/secure.gravatar.com\/avatar\/9a87ee051ca8c77f5d4070843ce2c78cdf95b858b950fb039151de955122f5f5?s=96&d=mm&r=g","url":"https:\/\/secure.gravatar.com\/avatar\/9a87ee051ca8c77f5d4070843ce2c78cdf95b858b950fb039151de955122f5f5?s=96&d=mm&r=g","contentUrl":"https:\/\/secure.gravatar.com\/avatar\/9a87ee051ca8c77f5d4070843ce2c78cdf95b858b950fb039151de955122f5f5?s=96&d=mm&r=g","caption":"impactocastex"},"sameAs":["https:\/\/impactocastex.com.ar"],"url":"https:\/\/impactocastex.com.ar\/?author=1"}]}},"jetpack_publicize_connections":[],"featured_image_urls":{"full":["https:\/\/impactocastex.com.ar\/wp-content\/uploads\/2026\/01\/VVRVWA2M4ZDDDPMGABVXPVVKFU-YqAbEm-scaled.jpg",2560,1706,false],"thumbnail":["https:\/\/impactocastex.com.ar\/wp-content\/uploads\/2026\/01\/VVRVWA2M4ZDDDPMGABVXPVVKFU-YqAbEm-150x150.jpg",150,150,true],"medium":["https:\/\/impactocastex.com.ar\/wp-content\/uploads\/2026\/01\/VVRVWA2M4ZDDDPMGABVXPVVKFU-YqAbEm-300x200.jpg",300,200,true],"medium_large":["https:\/\/impactocastex.com.ar\/wp-content\/uploads\/2026\/01\/VVRVWA2M4ZDDDPMGABVXPVVKFU-YqAbEm-768x512.jpg",640,427,true],"large":["https:\/\/impactocastex.com.ar\/wp-content\/uploads\/2026\/01\/VVRVWA2M4ZDDDPMGABVXPVVKFU-YqAbEm-1024x683.jpg",640,427,true],"1536x1536":["https:\/\/impactocastex.com.ar\/wp-content\/uploads\/2026\/01\/VVRVWA2M4ZDDDPMGABVXPVVKFU-YqAbEm-1536x1024.jpg",1536,1024,true],"2048x2048":["https:\/\/impactocastex.com.ar\/wp-content\/uploads\/2026\/01\/VVRVWA2M4ZDDDPMGABVXPVVKFU-YqAbEm-2048x1365.jpg",2048,1365,true],"newsever-slider-full":["https:\/\/impactocastex.com.ar\/wp-content\/uploads\/2026\/01\/VVRVWA2M4ZDDDPMGABVXPVVKFU-YqAbEm-1280x845.jpg",1280,845,true],"newsever-featured":["https:\/\/impactocastex.com.ar\/wp-content\/uploads\/2026\/01\/VVRVWA2M4ZDDDPMGABVXPVVKFU-YqAbEm-1024x683.jpg",1024,683,true],"newsever-medium":["https:\/\/impactocastex.com.ar\/wp-content\/uploads\/2026\/01\/VVRVWA2M4ZDDDPMGABVXPVVKFU-YqAbEm-720x475.jpg",720,475,true]},"author_info":{"info":["impactocastex"]},"category_info":"<a href=\"https:\/\/impactocastex.com.ar\/?cat=89\" rel=\"category\">NACIONALES<\/a>","tag_info":"NACIONALES","comment_count":0,"jetpack_featured_media_url":"https:\/\/impactocastex.com.ar\/wp-content\/uploads\/2026\/01\/VVRVWA2M4ZDDDPMGABVXPVVKFU-YqAbEm-scaled.jpg","jetpack_sharing_enabled":true,"jetpack_likes_enabled":true,"jetpack_shortlink":"https:\/\/wp.me\/p7sopA-2hm","_links":{"self":[{"href":"https:\/\/impactocastex.com.ar\/index.php?rest_route=\/wp\/v2\/posts\/8764","targetHints":{"allow":["GET"]}}],"collection":[{"href":"https:\/\/impactocastex.com.ar\/index.php?rest_route=\/wp\/v2\/posts"}],"about":[{"href":"https:\/\/impactocastex.com.ar\/index.php?rest_route=\/wp\/v2\/types\/post"}],"author":[{"embeddable":true,"href":"https:\/\/impactocastex.com.ar\/index.php?rest_route=\/wp\/v2\/users\/1"}],"replies":[{"embeddable":true,"href":"https:\/\/impactocastex.com.ar\/index.php?rest_route=%2Fwp%2Fv2%2Fcomments&post=8764"}],"version-history":[{"count":0,"href":"https:\/\/impactocastex.com.ar\/index.php?rest_route=\/wp\/v2\/posts\/8764\/revisions"}],"wp:featuredmedia":[{"embeddable":true,"href":"https:\/\/impactocastex.com.ar\/index.php?rest_route=\/wp\/v2\/media\/8765"}],"wp:attachment":[{"href":"https:\/\/impactocastex.com.ar\/index.php?rest_route=%2Fwp%2Fv2%2Fmedia&parent=8764"}],"wp:term":[{"taxonomy":"category","embeddable":true,"href":"https:\/\/impactocastex.com.ar\/index.php?rest_route=%2Fwp%2Fv2%2Fcategories&post=8764"},{"taxonomy":"post_tag","embeddable":true,"href":"https:\/\/impactocastex.com.ar\/index.php?rest_route=%2Fwp%2Fv2%2Ftags&post=8764"}],"curies":[{"name":"wp","href":"https:\/\/api.w.org\/{rel}","templated":true}]}}