{"id":8696,"date":"2026-01-19T11:05:54","date_gmt":"2026-01-19T14:05:54","guid":{"rendered":"https:\/\/impactocastex.com.ar\/?p=8696"},"modified":"2026-01-19T11:05:54","modified_gmt":"2026-01-19T14:05:54","slug":"videos-asi-fue-el-choque-de-trenes-en-espana","status":"publish","type":"post","link":"https:\/\/impactocastex.com.ar\/?p=8696","title":{"rendered":"Videos: as\u00ed fue el choque de trenes en Espa\u00f1a"},"content":{"rendered":"<p>Un <a href=\"https:\/\/www.lanacion.com.ar\/el-mundo\/como-fue-el-choque-de-trenes-en-el-sur-de-espana-varios-muertos-y-cientos-de-heridos-nid18012026\/\" target=\"_self\" rel=\"\" title=\"https:\/\/www.lanacion.com.ar\/el-mundo\/como-fue-el-choque-de-trenes-en-el-sur-de-espana-varios-muertos-y-cientos-de-heridos-nid18012026\/\"><b>accidente ferroviario<\/b><\/a> de gran magnitud ocurri\u00f3 este 18 de enero en <b>localidad de Adamuz, en C\u00f3rdoba, al sur de Espa\u00f1a <\/b>y dej\u00f3 <b>43 muertos<\/b> y un centenar de heridos tras el choque entre dos trenes de alta velocidad de las empresas <i>Iryo <\/i>y <i>Renfe<\/i>. El siniestro se produjo luego de que el primer tren <b>descarrilara e impactara contra la unidad que circulaba en sentido opuesto<\/b>. El hecho paraliz\u00f3 la actividad en el tramo M\u00e1laga-Madrid y oblig\u00f3 al despliegue de equipos de emergencia para asistir a los 504 pasajeros involucrados en la colisi\u00f3n.<\/p>\n<h1>\u00bfC\u00f3mo se produjo la colisi\u00f3n en Adamuz?<\/h1>\n<p>El tren 6189 de la operadora privada <i>Iryo<\/i> parti\u00f3 de la estaci\u00f3n de M\u00e1laga a las 18.40 con destino a Puerta de Atocha. La marcha transcurri\u00f3 con normalidad hasta el paso por la localidad de Adamuz, cuando los tres \u00faltimos vagones de la formaci\u00f3n <b>perdieron estabilidad y salieron de los rieles<\/b> en los desv\u00edos de entrada de la v\u00eda 1 e invadieron la v\u00eda contigua a gran velocidad.<\/p>\n<figure><video height=\"720\" width=\"1280\" poster=\"https:\/\/cdn.jwplayer.com\/v2\/media\/hYmGuQ38\/poster.jpg?width=1280\" preload=\"none\"><\/video><figcaption>Al menos dos muertos tras el descarrilamiento de dos trenes en Espa\u00f1a<\/figcaption><\/figure>\n<p>Por el carril adyacente circulaba el tren Alvia 2384 de la empresa estatal <i>Renfe <\/i>en sentido inverso, rumbo a Huelva. La invasi\u00f3n por parte de los vagones descarrilados caus\u00f3 un <b>impacto directo<\/b> contra esta unidad y <b>la fuerza del golpe precipit\u00f3 a dos vagones<\/b> del Alvia por un <b>terrapl\u00e9n de cuatro metros de altura<\/b>.<\/p>\n<figure><video height=\"720\" width=\"1280\" poster=\"https:\/\/cdn.jwplayer.com\/v2\/media\/1P0SqHQC\/poster.jpg?width=1280\" preload=\"none\"><\/video><figcaption>As\u00ed quedaron los trenes tras el choque fatal en Espa\u00f1a<\/figcaption><\/figure>\n<h1>El saldo de v\u00edctimas y la respuesta oficial<\/h1>\n<p>Las consecuencias del choque resultaron devastadoras. Las autoridades confirmaron el fallecimiento de <b>43 personas<\/b>. El maquinista del tren <i>Alvia<\/i>, quien recibi\u00f3 el impacto frontal, figura entre las <b>v\u00edctimas fatales<\/b>. Los equipos de rescate asistieron a <b>una centena de heridos y reportaron que 30 de ellos presentan cuadros de gravedad<\/b>. En la unidad de Iryo viajaban 317 pasajeros y en la de Renfe se trasladaban 187 personas.<\/p>\n<blockquote class=\"instagram-media\" data-instgrm-captioned data-instgrm-permalink=\"https:\/\/www.instagram.com\/reel\/DTsAc6cCBt3\/?utm_source=ig_embed&amp;utm_campaign=loading\" data-instgrm-version=\"14\">\n<div> <a href=\"https:\/\/www.instagram.com\/reel\/DTsAc6cCBt3\/?utm_source=ig_embed&amp;utm_campaign=loading\" target=\"_blank\"> \n<div>\n<div><\/div>\n<div>\n<div><\/div>\n<div><\/div>\n<\/div>\n<\/div>\n<div><\/div>\n<div><\/div>\n<div>\n<div>View this post on Instagram<\/div>\n<\/div>\n<div><\/div>\n<div>\n<div>\n<div><\/div>\n<div><\/div>\n<div><\/div>\n<\/div>\n<div>\n<div><\/div>\n<div><\/div>\n<\/div>\n<div>\n<div><\/div>\n<div><\/div>\n<div><\/div>\n<\/div>\n<\/div>\n<div>\n<div><\/div>\n<div><\/div>\n<\/div>\n<p><\/p><\/a><\/div>\n<\/blockquote>\n<h1>La investigaci\u00f3n y las hip\u00f3tesis del siniestro<\/h1>\n<p><b>\u00d3scar Puente<\/b>, ministro de Transporte de Espa\u00f1a, calific\u00f3 el hecho como <b>\u201ctremendamente extra\u00f1o\u201d <\/b>y destac\u00f3 que el accidente ocurri\u00f3 en una recta y sobre una infraestructura ferroviaria renovada en mayo de 2025, una inversi\u00f3n que ascendi\u00f3 a unos <b>700 millones de euros<\/b>. Tambi\u00e9n resalt\u00f3 la condici\u00f3n del material rodante y afirm\u00f3 que el tren de alta velocidad involucrado es <b>\u201cpr\u00e1cticamente nuevo\u201d<\/b>, con una antig\u00fcedad inferior a cuatro a\u00f1os.<\/p>\n<p><img loading=\"lazy\" decoding=\"async\" src=\"https:\/\/resizer.glanacion.com\/resizer\/v2\/YH6STC5TYJHAPKFE2KXKGUUP2I.png?auth=12e8c55ea0cd5b7fada1b7c25c14f87c4d81865ffe4ca8b44e3652e705ef95ac&amp;smart=true&amp;width=292&amp;height=572\" alt=\"\u00d3scar Puente, ministro de Transporte, calific\u00f3 el accidente como un hecho \u201ctremendamente extra\u00f1o\u201d (X: @oscar_puente_)\" height=\"572\" width=\"292\" \/><\/p>\n<p>El titular de la cartera de Transporte evit\u00f3 establecer una hip\u00f3tesis definitiva y sostuvo que cualquier se\u00f1alamiento prematuro constituir\u00eda<b> \u201cpura especulaci\u00f3n\u201d<\/b>. Una comisi\u00f3n especializada asumi\u00f3 la tarea de investigar los motivos exactos del siniestro.<b> Jorge Trigueros<\/b>, ingeniero consultado por la Televisi\u00f3n Espa\u00f1ola, analiz\u00f3 las caracter\u00edsticas del descarrilamiento e indic\u00f3 como posibilidad concreta que el incidente en los \u00faltimos coches responda a un problema mec\u00e1nico localizado en las ruedas.<\/p>\n<h1>Especificaciones t\u00e9cnicas de las formaciones<\/h1>\n<p>Las unidades siniestradas corresponden al segmento de alta velocidad del sistema ferroviario espa\u00f1ol. Los trenes del consorcio Iryo realizan diversas rutas internacionales y alcanzan velocidades de hasta <b>350 kil\u00f3metros por hora<\/b>. El servicio espec\u00edfico entre M\u00e1laga y Madrid cuenta con cinco frecuencias diarias y completa el trayecto en 2 horas y 44 minutos.<\/p>\n<p><img loading=\"lazy\" decoding=\"async\" src=\"https:\/\/resizer.glanacion.com\/resizer\/v2\/GGEMEAE72RGNJEQJIBVUMV6XJU.jpeg?auth=2331a8dfdfe2daf658af63cf60ff619100a08af4dec14a934a31e3e4481d33d4&amp;smart=true&amp;width=1023&amp;height=673\" alt=\"Uno de los trenes Alvia de alta velocidad de Renfe\" height=\"673\" width=\"1023\" \/><\/p>\n<p>El tren Alvia de Renfe posee caracter\u00edsticas diferentes, ya que esta formaci\u00f3n desarrolla una velocidad m\u00e1xima de <b>250 kil\u00f3metros por hora<\/b>. El servicio une la estaci\u00f3n Puerta de Atocha con la ciudad de Huelva y cubre una distancia de 600 kil\u00f3metros en un tiempo promedio de 4 horas y media.<\/p>\n<p><i>Este contenido fue producido por un equipo de LA NACION con la asistencia de la IA.<\/i><\/p>\n<p>\u200bDetalles del tr\u00e1gico choque de trenes en Adamuz, Espa\u00f1a. Un tren de Iryo descarril\u00f3 e impact\u00f3 contra un Alvia de Renfe. Cr\u00f3nica del accidente, saldo de v\u00edctimas y causas investigadas.\u00a0\u00a0<\/p>","protected":false},"excerpt":{"rendered":"<p>Un accidente ferroviario de gran magnitud ocurri\u00f3 este 18 de enero en localidad de Adamuz,&#8230;<\/p>\n","protected":false},"author":1,"featured_media":8697,"comment_status":"closed","ping_status":"closed","sticky":false,"template":"","format":"standard","meta":{"_jetpack_memberships_contains_paid_content":false,"footnotes":"","jetpack_publicize_message":"","jetpack_publicize_feature_enabled":true,"jetpack_social_post_already_shared":true,"jetpack_social_options":{"image_generator_settings":{"template":"highway","default_image_id":0,"font":"","enabled":false},"version":2}},"categories":[89],"tags":[],"class_list":["post-8696","post","type-post","status-publish","format-standard","has-post-thumbnail","hentry","category-nacionales"],"yoast_head":"<!-- This site is optimized with the Yoast SEO plugin v27.4 - https:\/\/yoast.com\/product\/yoast-seo-wordpress\/ -->\n<title>Videos: as\u00ed fue el choque de trenes en Espa\u00f1a -<\/title>\n<meta name=\"robots\" content=\"index, follow, max-snippet:-1, max-image-preview:large, max-video-preview:-1\" \/>\n<link rel=\"canonical\" href=\"https:\/\/impactocastex.com.ar\/?p=8696\" \/>\n<meta property=\"og:locale\" content=\"es_ES\" \/>\n<meta property=\"og:type\" content=\"article\" \/>\n<meta property=\"og:title\" content=\"Videos: as\u00ed fue el choque de trenes en Espa\u00f1a -\" \/>\n<meta property=\"og:description\" content=\"Un accidente ferroviario de gran magnitud ocurri\u00f3 este 18 de enero en localidad de Adamuz,...\" \/>\n<meta property=\"og:url\" content=\"https:\/\/impactocastex.com.ar\/?p=8696\" \/>\n<meta property=\"article:publisher\" content=\"https:\/\/www.facebook.com\/impactocastexdiario\" \/>\n<meta property=\"article:published_time\" content=\"2026-01-19T14:05:54+00:00\" \/>\n<meta property=\"og:image\" content=\"https:\/\/resizer.glanacion.com\/resizer\/v2\/YH6STC5TYJHAPKFE2KXKGUUP2I.png?auth=12e8c55ea0cd5b7fada1b7c25c14f87c4d81865ffe4ca8b44e3652e705ef95ac&amp;smart=true&amp;width=292&amp;height=572\" \/>\n<meta name=\"author\" content=\"impactocastex\" \/>\n<meta name=\"twitter:card\" content=\"summary_large_image\" \/>\n<meta name=\"twitter:label1\" content=\"Escrito por\" \/>\n\t<meta name=\"twitter:data1\" content=\"impactocastex\" \/>\n\t<meta name=\"twitter:label2\" content=\"Tiempo de lectura\" \/>\n\t<meta name=\"twitter:data2\" content=\"3 minutos\" \/>\n<script type=\"application\/ld+json\" class=\"yoast-schema-graph\">{\"@context\":\"https:\\\/\\\/schema.org\",\"@graph\":[{\"@type\":\"Article\",\"@id\":\"https:\\\/\\\/impactocastex.com.ar\\\/?p=8696#article\",\"isPartOf\":{\"@id\":\"https:\\\/\\\/impactocastex.com.ar\\\/?p=8696\"},\"author\":{\"name\":\"impactocastex\",\"@id\":\"https:\\\/\\\/impactocastex.com.ar\\\/#\\\/schema\\\/person\\\/86cb4f827fb5f87869a239b98a69c6e3\"},\"headline\":\"Videos: as\u00ed fue el choque de trenes en Espa\u00f1a\",\"datePublished\":\"2026-01-19T14:05:54+00:00\",\"mainEntityOfPage\":{\"@id\":\"https:\\\/\\\/impactocastex.com.ar\\\/?p=8696\"},\"wordCount\":663,\"publisher\":{\"@id\":\"https:\\\/\\\/impactocastex.com.ar\\\/#organization\"},\"image\":{\"@id\":\"https:\\\/\\\/impactocastex.com.ar\\\/?p=8696#primaryimage\"},\"thumbnailUrl\":\"https:\\\/\\\/impactocastex.com.ar\\\/wp-content\\\/uploads\\\/2026\\\/01\\\/72GTYBCWZRGZ7DRSZW4GMYAVJM-8NfVUb.jpg\",\"articleSection\":[\"NACIONALES\"],\"inLanguage\":\"es\"},{\"@type\":\"WebPage\",\"@id\":\"https:\\\/\\\/impactocastex.com.ar\\\/?p=8696\",\"url\":\"https:\\\/\\\/impactocastex.com.ar\\\/?p=8696\",\"name\":\"Videos: as\u00ed fue el choque de trenes en Espa\u00f1a -\",\"isPartOf\":{\"@id\":\"https:\\\/\\\/impactocastex.com.ar\\\/#website\"},\"primaryImageOfPage\":{\"@id\":\"https:\\\/\\\/impactocastex.com.ar\\\/?p=8696#primaryimage\"},\"image\":{\"@id\":\"https:\\\/\\\/impactocastex.com.ar\\\/?p=8696#primaryimage\"},\"thumbnailUrl\":\"https:\\\/\\\/impactocastex.com.ar\\\/wp-content\\\/uploads\\\/2026\\\/01\\\/72GTYBCWZRGZ7DRSZW4GMYAVJM-8NfVUb.jpg\",\"datePublished\":\"2026-01-19T14:05:54+00:00\",\"breadcrumb\":{\"@id\":\"https:\\\/\\\/impactocastex.com.ar\\\/?p=8696#breadcrumb\"},\"inLanguage\":\"es\",\"potentialAction\":[{\"@type\":\"ReadAction\",\"target\":[\"https:\\\/\\\/impactocastex.com.ar\\\/?p=8696\"]}]},{\"@type\":\"ImageObject\",\"inLanguage\":\"es\",\"@id\":\"https:\\\/\\\/impactocastex.com.ar\\\/?p=8696#primaryimage\",\"url\":\"https:\\\/\\\/impactocastex.com.ar\\\/wp-content\\\/uploads\\\/2026\\\/01\\\/72GTYBCWZRGZ7DRSZW4GMYAVJM-8NfVUb.jpg\",\"contentUrl\":\"https:\\\/\\\/impactocastex.com.ar\\\/wp-content\\\/uploads\\\/2026\\\/01\\\/72GTYBCWZRGZ7DRSZW4GMYAVJM-8NfVUb.jpg\",\"width\":2000,\"height\":1333},{\"@type\":\"BreadcrumbList\",\"@id\":\"https:\\\/\\\/impactocastex.com.ar\\\/?p=8696#breadcrumb\",\"itemListElement\":[{\"@type\":\"ListItem\",\"position\":1,\"name\":\"Portada\",\"item\":\"https:\\\/\\\/impactocastex.com.ar\\\/\"},{\"@type\":\"ListItem\",\"position\":2,\"name\":\"Videos: as\u00ed fue el choque de trenes en Espa\u00f1a\"}]},{\"@type\":\"WebSite\",\"@id\":\"https:\\\/\\\/impactocastex.com.ar\\\/#website\",\"url\":\"https:\\\/\\\/impactocastex.com.ar\\\/\",\"name\":\"Impacto Castex\",\"description\":\"\",\"publisher\":{\"@id\":\"https:\\\/\\\/impactocastex.com.ar\\\/#organization\"},\"potentialAction\":[{\"@type\":\"SearchAction\",\"target\":{\"@type\":\"EntryPoint\",\"urlTemplate\":\"https:\\\/\\\/impactocastex.com.ar\\\/?s={search_term_string}\"},\"query-input\":{\"@type\":\"PropertyValueSpecification\",\"valueRequired\":true,\"valueName\":\"search_term_string\"}}],\"inLanguage\":\"es\"},{\"@type\":\"Organization\",\"@id\":\"https:\\\/\\\/impactocastex.com.ar\\\/#organization\",\"name\":\"Impacto Castex\",\"url\":\"https:\\\/\\\/impactocastex.com.ar\\\/\",\"logo\":{\"@type\":\"ImageObject\",\"inLanguage\":\"es\",\"@id\":\"https:\\\/\\\/impactocastex.com.ar\\\/#\\\/schema\\\/logo\\\/image\\\/\",\"url\":\"https:\\\/\\\/impactocastex.com.ar\\\/wp-content\\\/uploads\\\/2025\\\/09\\\/cropped-icoweb.png\",\"contentUrl\":\"https:\\\/\\\/impactocastex.com.ar\\\/wp-content\\\/uploads\\\/2025\\\/09\\\/cropped-icoweb.png\",\"width\":512,\"height\":512,\"caption\":\"Impacto Castex\"},\"image\":{\"@id\":\"https:\\\/\\\/impactocastex.com.ar\\\/#\\\/schema\\\/logo\\\/image\\\/\"},\"sameAs\":[\"https:\\\/\\\/www.facebook.com\\\/impactocastexdiario\",\"https:\\\/\\\/www.instagram.com\\\/impactocastex.com.ar\\\/\"]},{\"@type\":\"Person\",\"@id\":\"https:\\\/\\\/impactocastex.com.ar\\\/#\\\/schema\\\/person\\\/86cb4f827fb5f87869a239b98a69c6e3\",\"name\":\"impactocastex\",\"image\":{\"@type\":\"ImageObject\",\"inLanguage\":\"es\",\"@id\":\"https:\\\/\\\/secure.gravatar.com\\\/avatar\\\/9a87ee051ca8c77f5d4070843ce2c78cdf95b858b950fb039151de955122f5f5?s=96&d=mm&r=g\",\"url\":\"https:\\\/\\\/secure.gravatar.com\\\/avatar\\\/9a87ee051ca8c77f5d4070843ce2c78cdf95b858b950fb039151de955122f5f5?s=96&d=mm&r=g\",\"contentUrl\":\"https:\\\/\\\/secure.gravatar.com\\\/avatar\\\/9a87ee051ca8c77f5d4070843ce2c78cdf95b858b950fb039151de955122f5f5?s=96&d=mm&r=g\",\"caption\":\"impactocastex\"},\"sameAs\":[\"https:\\\/\\\/impactocastex.com.ar\"],\"url\":\"https:\\\/\\\/impactocastex.com.ar\\\/?author=1\"}]}<\/script>\n<!-- \/ Yoast SEO plugin. -->","yoast_head_json":{"title":"Videos: as\u00ed fue el choque de trenes en Espa\u00f1a -","robots":{"index":"index","follow":"follow","max-snippet":"max-snippet:-1","max-image-preview":"max-image-preview:large","max-video-preview":"max-video-preview:-1"},"canonical":"https:\/\/impactocastex.com.ar\/?p=8696","og_locale":"es_ES","og_type":"article","og_title":"Videos: as\u00ed fue el choque de trenes en Espa\u00f1a -","og_description":"Un accidente ferroviario de gran magnitud ocurri\u00f3 este 18 de enero en localidad de Adamuz,...","og_url":"https:\/\/impactocastex.com.ar\/?p=8696","article_publisher":"https:\/\/www.facebook.com\/impactocastexdiario","article_published_time":"2026-01-19T14:05:54+00:00","og_image":[{"url":"https:\/\/resizer.glanacion.com\/resizer\/v2\/YH6STC5TYJHAPKFE2KXKGUUP2I.png?auth=12e8c55ea0cd5b7fada1b7c25c14f87c4d81865ffe4ca8b44e3652e705ef95ac&amp;smart=true&amp;width=292&amp;height=572","type":"","width":"","height":""}],"author":"impactocastex","twitter_card":"summary_large_image","twitter_misc":{"Escrito por":"impactocastex","Tiempo de lectura":"3 minutos"},"schema":{"@context":"https:\/\/schema.org","@graph":[{"@type":"Article","@id":"https:\/\/impactocastex.com.ar\/?p=8696#article","isPartOf":{"@id":"https:\/\/impactocastex.com.ar\/?p=8696"},"author":{"name":"impactocastex","@id":"https:\/\/impactocastex.com.ar\/#\/schema\/person\/86cb4f827fb5f87869a239b98a69c6e3"},"headline":"Videos: as\u00ed fue el choque de trenes en Espa\u00f1a","datePublished":"2026-01-19T14:05:54+00:00","mainEntityOfPage":{"@id":"https:\/\/impactocastex.com.ar\/?p=8696"},"wordCount":663,"publisher":{"@id":"https:\/\/impactocastex.com.ar\/#organization"},"image":{"@id":"https:\/\/impactocastex.com.ar\/?p=8696#primaryimage"},"thumbnailUrl":"https:\/\/impactocastex.com.ar\/wp-content\/uploads\/2026\/01\/72GTYBCWZRGZ7DRSZW4GMYAVJM-8NfVUb.jpg","articleSection":["NACIONALES"],"inLanguage":"es"},{"@type":"WebPage","@id":"https:\/\/impactocastex.com.ar\/?p=8696","url":"https:\/\/impactocastex.com.ar\/?p=8696","name":"Videos: as\u00ed fue el choque de trenes en Espa\u00f1a -","isPartOf":{"@id":"https:\/\/impactocastex.com.ar\/#website"},"primaryImageOfPage":{"@id":"https:\/\/impactocastex.com.ar\/?p=8696#primaryimage"},"image":{"@id":"https:\/\/impactocastex.com.ar\/?p=8696#primaryimage"},"thumbnailUrl":"https:\/\/impactocastex.com.ar\/wp-content\/uploads\/2026\/01\/72GTYBCWZRGZ7DRSZW4GMYAVJM-8NfVUb.jpg","datePublished":"2026-01-19T14:05:54+00:00","breadcrumb":{"@id":"https:\/\/impactocastex.com.ar\/?p=8696#breadcrumb"},"inLanguage":"es","potentialAction":[{"@type":"ReadAction","target":["https:\/\/impactocastex.com.ar\/?p=8696"]}]},{"@type":"ImageObject","inLanguage":"es","@id":"https:\/\/impactocastex.com.ar\/?p=8696#primaryimage","url":"https:\/\/impactocastex.com.ar\/wp-content\/uploads\/2026\/01\/72GTYBCWZRGZ7DRSZW4GMYAVJM-8NfVUb.jpg","contentUrl":"https:\/\/impactocastex.com.ar\/wp-content\/uploads\/2026\/01\/72GTYBCWZRGZ7DRSZW4GMYAVJM-8NfVUb.jpg","width":2000,"height":1333},{"@type":"BreadcrumbList","@id":"https:\/\/impactocastex.com.ar\/?p=8696#breadcrumb","itemListElement":[{"@type":"ListItem","position":1,"name":"Portada","item":"https:\/\/impactocastex.com.ar\/"},{"@type":"ListItem","position":2,"name":"Videos: as\u00ed fue el choque de trenes en Espa\u00f1a"}]},{"@type":"WebSite","@id":"https:\/\/impactocastex.com.ar\/#website","url":"https:\/\/impactocastex.com.ar\/","name":"Impacto Castex","description":"","publisher":{"@id":"https:\/\/impactocastex.com.ar\/#organization"},"potentialAction":[{"@type":"SearchAction","target":{"@type":"EntryPoint","urlTemplate":"https:\/\/impactocastex.com.ar\/?s={search_term_string}"},"query-input":{"@type":"PropertyValueSpecification","valueRequired":true,"valueName":"search_term_string"}}],"inLanguage":"es"},{"@type":"Organization","@id":"https:\/\/impactocastex.com.ar\/#organization","name":"Impacto Castex","url":"https:\/\/impactocastex.com.ar\/","logo":{"@type":"ImageObject","inLanguage":"es","@id":"https:\/\/impactocastex.com.ar\/#\/schema\/logo\/image\/","url":"https:\/\/impactocastex.com.ar\/wp-content\/uploads\/2025\/09\/cropped-icoweb.png","contentUrl":"https:\/\/impactocastex.com.ar\/wp-content\/uploads\/2025\/09\/cropped-icoweb.png","width":512,"height":512,"caption":"Impacto Castex"},"image":{"@id":"https:\/\/impactocastex.com.ar\/#\/schema\/logo\/image\/"},"sameAs":["https:\/\/www.facebook.com\/impactocastexdiario","https:\/\/www.instagram.com\/impactocastex.com.ar\/"]},{"@type":"Person","@id":"https:\/\/impactocastex.com.ar\/#\/schema\/person\/86cb4f827fb5f87869a239b98a69c6e3","name":"impactocastex","image":{"@type":"ImageObject","inLanguage":"es","@id":"https:\/\/secure.gravatar.com\/avatar\/9a87ee051ca8c77f5d4070843ce2c78cdf95b858b950fb039151de955122f5f5?s=96&d=mm&r=g","url":"https:\/\/secure.gravatar.com\/avatar\/9a87ee051ca8c77f5d4070843ce2c78cdf95b858b950fb039151de955122f5f5?s=96&d=mm&r=g","contentUrl":"https:\/\/secure.gravatar.com\/avatar\/9a87ee051ca8c77f5d4070843ce2c78cdf95b858b950fb039151de955122f5f5?s=96&d=mm&r=g","caption":"impactocastex"},"sameAs":["https:\/\/impactocastex.com.ar"],"url":"https:\/\/impactocastex.com.ar\/?author=1"}]}},"jetpack_publicize_connections":[],"featured_image_urls":{"full":["https:\/\/impactocastex.com.ar\/wp-content\/uploads\/2026\/01\/72GTYBCWZRGZ7DRSZW4GMYAVJM-8NfVUb.jpg",2000,1333,false],"thumbnail":["https:\/\/impactocastex.com.ar\/wp-content\/uploads\/2026\/01\/72GTYBCWZRGZ7DRSZW4GMYAVJM-8NfVUb-150x150.jpg",150,150,true],"medium":["https:\/\/impactocastex.com.ar\/wp-content\/uploads\/2026\/01\/72GTYBCWZRGZ7DRSZW4GMYAVJM-8NfVUb-300x200.jpg",300,200,true],"medium_large":["https:\/\/impactocastex.com.ar\/wp-content\/uploads\/2026\/01\/72GTYBCWZRGZ7DRSZW4GMYAVJM-8NfVUb-768x512.jpg",640,427,true],"large":["https:\/\/impactocastex.com.ar\/wp-content\/uploads\/2026\/01\/72GTYBCWZRGZ7DRSZW4GMYAVJM-8NfVUb-1024x682.jpg",640,426,true],"1536x1536":["https:\/\/impactocastex.com.ar\/wp-content\/uploads\/2026\/01\/72GTYBCWZRGZ7DRSZW4GMYAVJM-8NfVUb-1536x1024.jpg",1536,1024,true],"2048x2048":["https:\/\/impactocastex.com.ar\/wp-content\/uploads\/2026\/01\/72GTYBCWZRGZ7DRSZW4GMYAVJM-8NfVUb.jpg",2000,1333,false],"newsever-slider-full":["https:\/\/impactocastex.com.ar\/wp-content\/uploads\/2026\/01\/72GTYBCWZRGZ7DRSZW4GMYAVJM-8NfVUb-1280x845.jpg",1280,845,true],"newsever-featured":["https:\/\/impactocastex.com.ar\/wp-content\/uploads\/2026\/01\/72GTYBCWZRGZ7DRSZW4GMYAVJM-8NfVUb-1024x682.jpg",1024,682,true],"newsever-medium":["https:\/\/impactocastex.com.ar\/wp-content\/uploads\/2026\/01\/72GTYBCWZRGZ7DRSZW4GMYAVJM-8NfVUb-720x475.jpg",720,475,true]},"author_info":{"info":["impactocastex"]},"category_info":"<a href=\"https:\/\/impactocastex.com.ar\/?cat=89\" rel=\"category\">NACIONALES<\/a>","tag_info":"NACIONALES","comment_count":0,"jetpack_featured_media_url":"https:\/\/impactocastex.com.ar\/wp-content\/uploads\/2026\/01\/72GTYBCWZRGZ7DRSZW4GMYAVJM-8NfVUb.jpg","jetpack_sharing_enabled":true,"jetpack_likes_enabled":true,"jetpack_shortlink":"https:\/\/wp.me\/p7sopA-2gg","_links":{"self":[{"href":"https:\/\/impactocastex.com.ar\/index.php?rest_route=\/wp\/v2\/posts\/8696","targetHints":{"allow":["GET"]}}],"collection":[{"href":"https:\/\/impactocastex.com.ar\/index.php?rest_route=\/wp\/v2\/posts"}],"about":[{"href":"https:\/\/impactocastex.com.ar\/index.php?rest_route=\/wp\/v2\/types\/post"}],"author":[{"embeddable":true,"href":"https:\/\/impactocastex.com.ar\/index.php?rest_route=\/wp\/v2\/users\/1"}],"replies":[{"embeddable":true,"href":"https:\/\/impactocastex.com.ar\/index.php?rest_route=%2Fwp%2Fv2%2Fcomments&post=8696"}],"version-history":[{"count":0,"href":"https:\/\/impactocastex.com.ar\/index.php?rest_route=\/wp\/v2\/posts\/8696\/revisions"}],"wp:featuredmedia":[{"embeddable":true,"href":"https:\/\/impactocastex.com.ar\/index.php?rest_route=\/wp\/v2\/media\/8697"}],"wp:attachment":[{"href":"https:\/\/impactocastex.com.ar\/index.php?rest_route=%2Fwp%2Fv2%2Fmedia&parent=8696"}],"wp:term":[{"taxonomy":"category","embeddable":true,"href":"https:\/\/impactocastex.com.ar\/index.php?rest_route=%2Fwp%2Fv2%2Fcategories&post=8696"},{"taxonomy":"post_tag","embeddable":true,"href":"https:\/\/impactocastex.com.ar\/index.php?rest_route=%2Fwp%2Fv2%2Ftags&post=8696"}],"curies":[{"name":"wp","href":"https:\/\/api.w.org\/{rel}","templated":true}]}}