{"id":8656,"date":"2026-01-15T15:44:17","date_gmt":"2026-01-15T18:44:17","guid":{"rendered":"https:\/\/impactocastex.com.ar\/?p=8656"},"modified":"2026-01-15T15:44:17","modified_gmt":"2026-01-15T18:44:17","slug":"cuatro-millones-de-personas-sin-luz-las-causas-que-llevaron-al-apagon-masivo","status":"publish","type":"post","link":"https:\/\/impactocastex.com.ar\/?p=8656","title":{"rendered":"Cuatro millones de personas sin luz: las causas que llevaron al apag\u00f3n masivo"},"content":{"rendered":"<p>Al menos <b>cuatro millones<\/b> de personas del \u00c1rea Metropolitana de Buenos Aires (AMBA) quedaron sin suministro el\u00e9ctrico a las 15<b> debido a una falla t\u00e9cnica en una subestaci\u00f3n de la distribuidora Edenor<\/b>. Desde la empresa informaron que el servicio deber\u00eda normalizarse en el transcurso de una hora. A las 15.34, el 70% del servicio ya se hab\u00eda normalizado.<\/p>\n<p>En el tercer d\u00eda de la ola de calor que afecta al AMBA, la interrupci\u00f3n <b>volvi\u00f3 a poner en evidencia la falta de inversi\u00f3n en el sistema el\u00e9ctrico<\/b>. En promedio, se estima que por cada cliente hay al menos cuatro personas afectadas.<\/p>\n<p>Las p\u00e1ginas oficiales del <b>Ente Regulador de la Electricidad (ENRE)<\/b> y de <b>Cammesa<\/b>, la compa\u00f1\u00eda con control estatal encargada del despacho el\u00e9ctrico, dejaron de funcionar y no hay informaci\u00f3n oficial sobre los cortes de luz.<\/p>\n<p>Los usuarios de Edesur tambi\u00e9n se vieron afectados debido a que el sistema est\u00e1 interconectado. <\/p>\n<p><i><b>Noticia en desarrollo<\/b><\/i><\/p>\n<p>\u200bEl corte se produjo en el tercer d\u00eda consecutivo de altas temperaturas y volvi\u00f3 a exponer las debilidades del sistema el\u00e9ctrico en el \u00e1rea metropolitana\u00a0\u00a0<\/p>","protected":false},"excerpt":{"rendered":"<p>Al menos cuatro millones de personas del \u00c1rea Metropolitana de Buenos Aires (AMBA) quedaron sin&#8230;<\/p>\n","protected":false},"author":1,"featured_media":8657,"comment_status":"closed","ping_status":"closed","sticky":false,"template":"","format":"standard","meta":{"_jetpack_memberships_contains_paid_content":false,"footnotes":"","jetpack_publicize_message":"","jetpack_publicize_feature_enabled":true,"jetpack_social_post_already_shared":true,"jetpack_social_options":{"image_generator_settings":{"template":"highway","default_image_id":0,"font":"","enabled":false},"version":2}},"categories":[89],"tags":[],"class_list":["post-8656","post","type-post","status-publish","format-standard","has-post-thumbnail","hentry","category-nacionales"],"yoast_head":"<!-- This site is optimized with the Yoast SEO plugin v27.4 - https:\/\/yoast.com\/product\/yoast-seo-wordpress\/ -->\n<title>Cuatro millones de personas sin luz: las causas que llevaron al apag\u00f3n masivo -<\/title>\n<meta name=\"robots\" content=\"index, follow, max-snippet:-1, max-image-preview:large, max-video-preview:-1\" \/>\n<link rel=\"canonical\" href=\"https:\/\/impactocastex.com.ar\/?p=8656\" \/>\n<meta property=\"og:locale\" content=\"es_ES\" \/>\n<meta property=\"og:type\" content=\"article\" \/>\n<meta property=\"og:title\" content=\"Cuatro millones de personas sin luz: las causas que llevaron al apag\u00f3n masivo -\" \/>\n<meta property=\"og:description\" content=\"Al menos cuatro millones de personas del \u00c1rea Metropolitana de Buenos Aires (AMBA) quedaron sin...\" \/>\n<meta property=\"og:url\" content=\"https:\/\/impactocastex.com.ar\/?p=8656\" \/>\n<meta property=\"article:publisher\" content=\"https:\/\/www.facebook.com\/impactocastexdiario\" \/>\n<meta property=\"article:published_time\" content=\"2026-01-15T18:44:17+00:00\" \/>\n<meta name=\"author\" content=\"impactocastex\" \/>\n<meta name=\"twitter:card\" content=\"summary_large_image\" \/>\n<meta name=\"twitter:label1\" content=\"Escrito por\" \/>\n\t<meta name=\"twitter:data1\" content=\"impactocastex\" \/>\n\t<meta name=\"twitter:label2\" content=\"Tiempo de lectura\" \/>\n\t<meta name=\"twitter:data2\" content=\"1 minuto\" \/>\n<script type=\"application\/ld+json\" class=\"yoast-schema-graph\">{\"@context\":\"https:\\\/\\\/schema.org\",\"@graph\":[{\"@type\":\"Article\",\"@id\":\"https:\\\/\\\/impactocastex.com.ar\\\/?p=8656#article\",\"isPartOf\":{\"@id\":\"https:\\\/\\\/impactocastex.com.ar\\\/?p=8656\"},\"author\":{\"name\":\"impactocastex\",\"@id\":\"https:\\\/\\\/impactocastex.com.ar\\\/#\\\/schema\\\/person\\\/86cb4f827fb5f87869a239b98a69c6e3\"},\"headline\":\"Cuatro millones de personas sin luz: las causas que llevaron al apag\u00f3n masivo\",\"datePublished\":\"2026-01-15T18:44:17+00:00\",\"mainEntityOfPage\":{\"@id\":\"https:\\\/\\\/impactocastex.com.ar\\\/?p=8656\"},\"wordCount\":205,\"publisher\":{\"@id\":\"https:\\\/\\\/impactocastex.com.ar\\\/#organization\"},\"image\":{\"@id\":\"https:\\\/\\\/impactocastex.com.ar\\\/?p=8656#primaryimage\"},\"thumbnailUrl\":\"https:\\\/\\\/impactocastex.com.ar\\\/wp-content\\\/uploads\\\/2026\\\/01\\\/VZKFQ5C3ARAZXDBTTA2Z6OHWLE-wBgWlN-scaled.jpg\",\"articleSection\":[\"NACIONALES\"],\"inLanguage\":\"es\"},{\"@type\":\"WebPage\",\"@id\":\"https:\\\/\\\/impactocastex.com.ar\\\/?p=8656\",\"url\":\"https:\\\/\\\/impactocastex.com.ar\\\/?p=8656\",\"name\":\"Cuatro millones de personas sin luz: las causas que llevaron al apag\u00f3n masivo -\",\"isPartOf\":{\"@id\":\"https:\\\/\\\/impactocastex.com.ar\\\/#website\"},\"primaryImageOfPage\":{\"@id\":\"https:\\\/\\\/impactocastex.com.ar\\\/?p=8656#primaryimage\"},\"image\":{\"@id\":\"https:\\\/\\\/impactocastex.com.ar\\\/?p=8656#primaryimage\"},\"thumbnailUrl\":\"https:\\\/\\\/impactocastex.com.ar\\\/wp-content\\\/uploads\\\/2026\\\/01\\\/VZKFQ5C3ARAZXDBTTA2Z6OHWLE-wBgWlN-scaled.jpg\",\"datePublished\":\"2026-01-15T18:44:17+00:00\",\"breadcrumb\":{\"@id\":\"https:\\\/\\\/impactocastex.com.ar\\\/?p=8656#breadcrumb\"},\"inLanguage\":\"es\",\"potentialAction\":[{\"@type\":\"ReadAction\",\"target\":[\"https:\\\/\\\/impactocastex.com.ar\\\/?p=8656\"]}]},{\"@type\":\"ImageObject\",\"inLanguage\":\"es\",\"@id\":\"https:\\\/\\\/impactocastex.com.ar\\\/?p=8656#primaryimage\",\"url\":\"https:\\\/\\\/impactocastex.com.ar\\\/wp-content\\\/uploads\\\/2026\\\/01\\\/VZKFQ5C3ARAZXDBTTA2Z6OHWLE-wBgWlN-scaled.jpg\",\"contentUrl\":\"https:\\\/\\\/impactocastex.com.ar\\\/wp-content\\\/uploads\\\/2026\\\/01\\\/VZKFQ5C3ARAZXDBTTA2Z6OHWLE-wBgWlN-scaled.jpg\",\"width\":2560,\"height\":1708},{\"@type\":\"BreadcrumbList\",\"@id\":\"https:\\\/\\\/impactocastex.com.ar\\\/?p=8656#breadcrumb\",\"itemListElement\":[{\"@type\":\"ListItem\",\"position\":1,\"name\":\"Portada\",\"item\":\"https:\\\/\\\/impactocastex.com.ar\\\/\"},{\"@type\":\"ListItem\",\"position\":2,\"name\":\"Cuatro millones de personas sin luz: las causas que llevaron al apag\u00f3n masivo\"}]},{\"@type\":\"WebSite\",\"@id\":\"https:\\\/\\\/impactocastex.com.ar\\\/#website\",\"url\":\"https:\\\/\\\/impactocastex.com.ar\\\/\",\"name\":\"Impacto Castex\",\"description\":\"\",\"publisher\":{\"@id\":\"https:\\\/\\\/impactocastex.com.ar\\\/#organization\"},\"potentialAction\":[{\"@type\":\"SearchAction\",\"target\":{\"@type\":\"EntryPoint\",\"urlTemplate\":\"https:\\\/\\\/impactocastex.com.ar\\\/?s={search_term_string}\"},\"query-input\":{\"@type\":\"PropertyValueSpecification\",\"valueRequired\":true,\"valueName\":\"search_term_string\"}}],\"inLanguage\":\"es\"},{\"@type\":\"Organization\",\"@id\":\"https:\\\/\\\/impactocastex.com.ar\\\/#organization\",\"name\":\"Impacto Castex\",\"url\":\"https:\\\/\\\/impactocastex.com.ar\\\/\",\"logo\":{\"@type\":\"ImageObject\",\"inLanguage\":\"es\",\"@id\":\"https:\\\/\\\/impactocastex.com.ar\\\/#\\\/schema\\\/logo\\\/image\\\/\",\"url\":\"https:\\\/\\\/impactocastex.com.ar\\\/wp-content\\\/uploads\\\/2025\\\/09\\\/cropped-icoweb.png\",\"contentUrl\":\"https:\\\/\\\/impactocastex.com.ar\\\/wp-content\\\/uploads\\\/2025\\\/09\\\/cropped-icoweb.png\",\"width\":512,\"height\":512,\"caption\":\"Impacto Castex\"},\"image\":{\"@id\":\"https:\\\/\\\/impactocastex.com.ar\\\/#\\\/schema\\\/logo\\\/image\\\/\"},\"sameAs\":[\"https:\\\/\\\/www.facebook.com\\\/impactocastexdiario\",\"https:\\\/\\\/www.instagram.com\\\/impactocastex.com.ar\\\/\"]},{\"@type\":\"Person\",\"@id\":\"https:\\\/\\\/impactocastex.com.ar\\\/#\\\/schema\\\/person\\\/86cb4f827fb5f87869a239b98a69c6e3\",\"name\":\"impactocastex\",\"image\":{\"@type\":\"ImageObject\",\"inLanguage\":\"es\",\"@id\":\"https:\\\/\\\/secure.gravatar.com\\\/avatar\\\/9a87ee051ca8c77f5d4070843ce2c78cdf95b858b950fb039151de955122f5f5?s=96&d=mm&r=g\",\"url\":\"https:\\\/\\\/secure.gravatar.com\\\/avatar\\\/9a87ee051ca8c77f5d4070843ce2c78cdf95b858b950fb039151de955122f5f5?s=96&d=mm&r=g\",\"contentUrl\":\"https:\\\/\\\/secure.gravatar.com\\\/avatar\\\/9a87ee051ca8c77f5d4070843ce2c78cdf95b858b950fb039151de955122f5f5?s=96&d=mm&r=g\",\"caption\":\"impactocastex\"},\"sameAs\":[\"https:\\\/\\\/impactocastex.com.ar\"],\"url\":\"https:\\\/\\\/impactocastex.com.ar\\\/?author=1\"}]}<\/script>\n<!-- \/ Yoast SEO plugin. -->","yoast_head_json":{"title":"Cuatro millones de personas sin luz: las causas que llevaron al apag\u00f3n masivo -","robots":{"index":"index","follow":"follow","max-snippet":"max-snippet:-1","max-image-preview":"max-image-preview:large","max-video-preview":"max-video-preview:-1"},"canonical":"https:\/\/impactocastex.com.ar\/?p=8656","og_locale":"es_ES","og_type":"article","og_title":"Cuatro millones de personas sin luz: las causas que llevaron al apag\u00f3n masivo -","og_description":"Al menos cuatro millones de personas del \u00c1rea Metropolitana de Buenos Aires (AMBA) quedaron sin...","og_url":"https:\/\/impactocastex.com.ar\/?p=8656","article_publisher":"https:\/\/www.facebook.com\/impactocastexdiario","article_published_time":"2026-01-15T18:44:17+00:00","author":"impactocastex","twitter_card":"summary_large_image","twitter_misc":{"Escrito por":"impactocastex","Tiempo de lectura":"1 minuto"},"schema":{"@context":"https:\/\/schema.org","@graph":[{"@type":"Article","@id":"https:\/\/impactocastex.com.ar\/?p=8656#article","isPartOf":{"@id":"https:\/\/impactocastex.com.ar\/?p=8656"},"author":{"name":"impactocastex","@id":"https:\/\/impactocastex.com.ar\/#\/schema\/person\/86cb4f827fb5f87869a239b98a69c6e3"},"headline":"Cuatro millones de personas sin luz: las causas que llevaron al apag\u00f3n masivo","datePublished":"2026-01-15T18:44:17+00:00","mainEntityOfPage":{"@id":"https:\/\/impactocastex.com.ar\/?p=8656"},"wordCount":205,"publisher":{"@id":"https:\/\/impactocastex.com.ar\/#organization"},"image":{"@id":"https:\/\/impactocastex.com.ar\/?p=8656#primaryimage"},"thumbnailUrl":"https:\/\/impactocastex.com.ar\/wp-content\/uploads\/2026\/01\/VZKFQ5C3ARAZXDBTTA2Z6OHWLE-wBgWlN-scaled.jpg","articleSection":["NACIONALES"],"inLanguage":"es"},{"@type":"WebPage","@id":"https:\/\/impactocastex.com.ar\/?p=8656","url":"https:\/\/impactocastex.com.ar\/?p=8656","name":"Cuatro millones de personas sin luz: las causas que llevaron al apag\u00f3n masivo -","isPartOf":{"@id":"https:\/\/impactocastex.com.ar\/#website"},"primaryImageOfPage":{"@id":"https:\/\/impactocastex.com.ar\/?p=8656#primaryimage"},"image":{"@id":"https:\/\/impactocastex.com.ar\/?p=8656#primaryimage"},"thumbnailUrl":"https:\/\/impactocastex.com.ar\/wp-content\/uploads\/2026\/01\/VZKFQ5C3ARAZXDBTTA2Z6OHWLE-wBgWlN-scaled.jpg","datePublished":"2026-01-15T18:44:17+00:00","breadcrumb":{"@id":"https:\/\/impactocastex.com.ar\/?p=8656#breadcrumb"},"inLanguage":"es","potentialAction":[{"@type":"ReadAction","target":["https:\/\/impactocastex.com.ar\/?p=8656"]}]},{"@type":"ImageObject","inLanguage":"es","@id":"https:\/\/impactocastex.com.ar\/?p=8656#primaryimage","url":"https:\/\/impactocastex.com.ar\/wp-content\/uploads\/2026\/01\/VZKFQ5C3ARAZXDBTTA2Z6OHWLE-wBgWlN-scaled.jpg","contentUrl":"https:\/\/impactocastex.com.ar\/wp-content\/uploads\/2026\/01\/VZKFQ5C3ARAZXDBTTA2Z6OHWLE-wBgWlN-scaled.jpg","width":2560,"height":1708},{"@type":"BreadcrumbList","@id":"https:\/\/impactocastex.com.ar\/?p=8656#breadcrumb","itemListElement":[{"@type":"ListItem","position":1,"name":"Portada","item":"https:\/\/impactocastex.com.ar\/"},{"@type":"ListItem","position":2,"name":"Cuatro millones de personas sin luz: las causas que llevaron al apag\u00f3n masivo"}]},{"@type":"WebSite","@id":"https:\/\/impactocastex.com.ar\/#website","url":"https:\/\/impactocastex.com.ar\/","name":"Impacto Castex","description":"","publisher":{"@id":"https:\/\/impactocastex.com.ar\/#organization"},"potentialAction":[{"@type":"SearchAction","target":{"@type":"EntryPoint","urlTemplate":"https:\/\/impactocastex.com.ar\/?s={search_term_string}"},"query-input":{"@type":"PropertyValueSpecification","valueRequired":true,"valueName":"search_term_string"}}],"inLanguage":"es"},{"@type":"Organization","@id":"https:\/\/impactocastex.com.ar\/#organization","name":"Impacto Castex","url":"https:\/\/impactocastex.com.ar\/","logo":{"@type":"ImageObject","inLanguage":"es","@id":"https:\/\/impactocastex.com.ar\/#\/schema\/logo\/image\/","url":"https:\/\/impactocastex.com.ar\/wp-content\/uploads\/2025\/09\/cropped-icoweb.png","contentUrl":"https:\/\/impactocastex.com.ar\/wp-content\/uploads\/2025\/09\/cropped-icoweb.png","width":512,"height":512,"caption":"Impacto Castex"},"image":{"@id":"https:\/\/impactocastex.com.ar\/#\/schema\/logo\/image\/"},"sameAs":["https:\/\/www.facebook.com\/impactocastexdiario","https:\/\/www.instagram.com\/impactocastex.com.ar\/"]},{"@type":"Person","@id":"https:\/\/impactocastex.com.ar\/#\/schema\/person\/86cb4f827fb5f87869a239b98a69c6e3","name":"impactocastex","image":{"@type":"ImageObject","inLanguage":"es","@id":"https:\/\/secure.gravatar.com\/avatar\/9a87ee051ca8c77f5d4070843ce2c78cdf95b858b950fb039151de955122f5f5?s=96&d=mm&r=g","url":"https:\/\/secure.gravatar.com\/avatar\/9a87ee051ca8c77f5d4070843ce2c78cdf95b858b950fb039151de955122f5f5?s=96&d=mm&r=g","contentUrl":"https:\/\/secure.gravatar.com\/avatar\/9a87ee051ca8c77f5d4070843ce2c78cdf95b858b950fb039151de955122f5f5?s=96&d=mm&r=g","caption":"impactocastex"},"sameAs":["https:\/\/impactocastex.com.ar"],"url":"https:\/\/impactocastex.com.ar\/?author=1"}]}},"jetpack_publicize_connections":[],"featured_image_urls":{"full":["https:\/\/impactocastex.com.ar\/wp-content\/uploads\/2026\/01\/VZKFQ5C3ARAZXDBTTA2Z6OHWLE-wBgWlN-scaled.jpg",2560,1708,false],"thumbnail":["https:\/\/impactocastex.com.ar\/wp-content\/uploads\/2026\/01\/VZKFQ5C3ARAZXDBTTA2Z6OHWLE-wBgWlN-150x150.jpg",150,150,true],"medium":["https:\/\/impactocastex.com.ar\/wp-content\/uploads\/2026\/01\/VZKFQ5C3ARAZXDBTTA2Z6OHWLE-wBgWlN-300x200.jpg",300,200,true],"medium_large":["https:\/\/impactocastex.com.ar\/wp-content\/uploads\/2026\/01\/VZKFQ5C3ARAZXDBTTA2Z6OHWLE-wBgWlN-768x512.jpg",640,427,true],"large":["https:\/\/impactocastex.com.ar\/wp-content\/uploads\/2026\/01\/VZKFQ5C3ARAZXDBTTA2Z6OHWLE-wBgWlN-1024x683.jpg",640,427,true],"1536x1536":["https:\/\/impactocastex.com.ar\/wp-content\/uploads\/2026\/01\/VZKFQ5C3ARAZXDBTTA2Z6OHWLE-wBgWlN-1536x1025.jpg",1536,1025,true],"2048x2048":["https:\/\/impactocastex.com.ar\/wp-content\/uploads\/2026\/01\/VZKFQ5C3ARAZXDBTTA2Z6OHWLE-wBgWlN-2048x1366.jpg",2048,1366,true],"newsever-slider-full":["https:\/\/impactocastex.com.ar\/wp-content\/uploads\/2026\/01\/VZKFQ5C3ARAZXDBTTA2Z6OHWLE-wBgWlN-1280x845.jpg",1280,845,true],"newsever-featured":["https:\/\/impactocastex.com.ar\/wp-content\/uploads\/2026\/01\/VZKFQ5C3ARAZXDBTTA2Z6OHWLE-wBgWlN-1024x683.jpg",1024,683,true],"newsever-medium":["https:\/\/impactocastex.com.ar\/wp-content\/uploads\/2026\/01\/VZKFQ5C3ARAZXDBTTA2Z6OHWLE-wBgWlN-720x475.jpg",720,475,true]},"author_info":{"info":["impactocastex"]},"category_info":"<a href=\"https:\/\/impactocastex.com.ar\/?cat=89\" rel=\"category\">NACIONALES<\/a>","tag_info":"NACIONALES","comment_count":0,"jetpack_featured_media_url":"https:\/\/impactocastex.com.ar\/wp-content\/uploads\/2026\/01\/VZKFQ5C3ARAZXDBTTA2Z6OHWLE-wBgWlN-scaled.jpg","jetpack_sharing_enabled":true,"jetpack_likes_enabled":true,"jetpack_shortlink":"https:\/\/wp.me\/p7sopA-2fC","_links":{"self":[{"href":"https:\/\/impactocastex.com.ar\/index.php?rest_route=\/wp\/v2\/posts\/8656","targetHints":{"allow":["GET"]}}],"collection":[{"href":"https:\/\/impactocastex.com.ar\/index.php?rest_route=\/wp\/v2\/posts"}],"about":[{"href":"https:\/\/impactocastex.com.ar\/index.php?rest_route=\/wp\/v2\/types\/post"}],"author":[{"embeddable":true,"href":"https:\/\/impactocastex.com.ar\/index.php?rest_route=\/wp\/v2\/users\/1"}],"replies":[{"embeddable":true,"href":"https:\/\/impactocastex.com.ar\/index.php?rest_route=%2Fwp%2Fv2%2Fcomments&post=8656"}],"version-history":[{"count":0,"href":"https:\/\/impactocastex.com.ar\/index.php?rest_route=\/wp\/v2\/posts\/8656\/revisions"}],"wp:featuredmedia":[{"embeddable":true,"href":"https:\/\/impactocastex.com.ar\/index.php?rest_route=\/wp\/v2\/media\/8657"}],"wp:attachment":[{"href":"https:\/\/impactocastex.com.ar\/index.php?rest_route=%2Fwp%2Fv2%2Fmedia&parent=8656"}],"wp:term":[{"taxonomy":"category","embeddable":true,"href":"https:\/\/impactocastex.com.ar\/index.php?rest_route=%2Fwp%2Fv2%2Fcategories&post=8656"},{"taxonomy":"post_tag","embeddable":true,"href":"https:\/\/impactocastex.com.ar\/index.php?rest_route=%2Fwp%2Fv2%2Ftags&post=8656"}],"curies":[{"name":"wp","href":"https:\/\/api.w.org\/{rel}","templated":true}]}}