{"id":8652,"date":"2026-01-15T15:44:36","date_gmt":"2026-01-15T18:44:36","guid":{"rendered":"https:\/\/impactocastex.com.ar\/?p=8652"},"modified":"2026-01-15T15:44:36","modified_gmt":"2026-01-15T18:44:36","slug":"la-emocion-de-las-madres-de-lali-y-pedro-rosemblat-tras-el-anuncio-del-compromiso-no-daba-mas","status":"publish","type":"post","link":"https:\/\/impactocastex.com.ar\/?p=8652","title":{"rendered":"La emoci\u00f3n de las madres de Lali y Pedro Rosemblat tras el anuncio del compromiso: \u201cNo daba m\u00e1s\u201d"},"content":{"rendered":"<p>Durante su \u00faltimo show en el Estadio de V\u00e9lez, <b>Lali Esp\u00f3sito <\/b>sorprendi\u00f3 a todos al aparecer vestida de novia. Mientras algunos pensaron que era una broma, otros especularon en que podr\u00eda ser un indicio sobre su futuro. Este segundo grupo tuvo raz\u00f3n. En la tarde del mi\u00e9rcoles 14 de enero la cantante paraliz\u00f3 las redes sociales al hacer un inesperado anuncio: <a href=\"https:\/\/www.lanacion.com.ar\/espectaculos\/lali-esposito-y-pedro-rosemblat-anunciaron-que-se-casan-nid14012026\/\" target=\"_self\" rel=\"\" title=\"https:\/\/www.lanacion.com.ar\/espectaculos\/lali-esposito-y-pedro-rosemblat-anunciaron-que-se-casan-nid14012026\/\"><b>se casa con su novio Pedro Rosemblat<\/b><\/a>. El periodista le propuso matrimonio con un anillo de oro con dos piedras y ella dijo que s\u00ed. La publicaci\u00f3n de Instagram ya acumula 1.2 millones de \u201cMe Gusta\u201d y gener\u00f3 todo tipo de reacciones. Pero, sin dudas, las m\u00e1s conmovedoras fueron las de <b>Mar\u00eda Jos\u00e9 Riera y Marcela Amado, las madres de los novios<\/b>.<\/p>\n<p><b>\u201cNos casamos\u201d<\/b>, escribi\u00f3 Lali en un posteo de Instagram junto al emoji de un anillo de compromiso y un coraz\u00f3n rojo. Adem\u00e1s de mostrar en detalle la joya que adorna el dedo anular, agreg\u00f3 divertidas fotos junto a su prometido. Si bien la familia y los amigos estaban al tanto del secreto de la pareja y se ocuparon de mantenerlo de esa manera, cuando los novios decidieron hacer p\u00fablica la noticia, no tardaron en <b>gritar su felicidad a los cuatro vientos<\/b>. <\/p>\n<p><img loading=\"lazy\" decoding=\"async\" src=\"https:\/\/resizer.glanacion.com\/resizer\/v2\/PILSU2OFXVHRTJ3YTCLHVJMASQ.png?auth=265c9961e31db2d5e1782ba98aa49bcf20f0a5cc964e476ebd41606ecc460ae3&amp;smart=true&amp;width=825&amp;height=601\" alt=\"Los mensajes de Marcela Amado y Mar\u00eda Jos\u00e9 Riera, las madres de Rosemblat y Esp\u00f3sito, luego de que se hiciera p\u00fablica la noticia (Foto: Instagram @lali)\" height=\"601\" width=\"825\" \/><\/p>\n<p>Unas de las primeras en reaccionar fueron las madres de los novios. <b>\u201cUn amor para vos, un amor\u201d<\/b>, coment\u00f3 <b>Majo Riera<\/b>, la madre de Esp\u00f3sito, junto a emojis de una novia, un coraz\u00f3n y notas musicales. Por su parte, <b>Marcela Amado<\/b>, madre de Rosemblat y tambi\u00e9n asesora de imagen de Susana Gim\u00e9nez, expres\u00f3 emocionada: <b>\u201c\u00a1Por fin! \u00a1No daba m\u00e1s de no poder contarlo! Los amo\u00bb<\/b>, junto a emoticones de corazones y caritas llorando.<\/p>\n<p>Adem\u00e1s de ellas, quienes tendr\u00e1n un rol clave en la boda, <a href=\"https:\/\/www.lanacion.com.ar\/espectaculos\/asi-reaccionaron-los-famosos-al-anuncio-de-casamiento-de-lali-esposito-y-pedro-rosemblat-nid14012026\/\" target=\"_self\" rel=\"\" title=\"https:\/\/www.lanacion.com.ar\/espectaculos\/asi-reaccionaron-los-famosos-al-anuncio-de-casamiento-de-lali-esposito-y-pedro-rosemblat-nid14012026\/\">otros famosos se pronunciaron ante el compromiso de la cantante y el periodista<\/a>. <b>\u201cLala, amo, boda en River\u201d<\/b>, coment\u00f3 Pepe Ochoa, en referencia a que el 6 y 7 de junio Esp\u00f3sito marcar\u00e1 un nuevo hito en su carrera al presentarse por primera vez en el estadio M\u00e1s Monumental. <b>\u201cMe ofrezco a hacer un show en el casamiento, con un fernet me conformo\u201d<\/b>, sum\u00f3 Luck Ra, quien no desaprovech\u00f3 la oportunidad de promocionar su m\u00fasica y ofrecerse para musicalizar la fiesta. <b>\u201cSe nos casa la reina\u201d<\/b>, coment\u00f3 Miranda! y Nicki Nicole agreg\u00f3: <b>\u201c\u00bfC\u00f3mo? \u00bfLa peque que crec\u00ed viendo se me casa? \u00a1Felicidades a los dos!\u201c<\/b>.<\/p>\n<p><img loading=\"lazy\" decoding=\"async\" src=\"https:\/\/resizer.glanacion.com\/resizer\/v2\/YWDEO3F64JD7RFGHGM3QYIJJIM.png?auth=233b9a384e42e9c596fde03c81d263d28c3440f1e5cfd2853cfb8247da31d528&amp;smart=true&amp;width=1080&amp;height=1440\" alt=\"Varias celebridades reaccionaron al compromiso de la cantante y el periodista (Foto: Instagram @lali)\" height=\"1440\" width=\"1080\" \/><\/p>\n<p>Otras personalidades como Benjam\u00edn Vicu\u00f1a, Carla Peterson, Candela Vetrano, Nicol\u00e1s V\u00e1zquez, Benjam\u00edn Rojas, Rochi Igarz\u00e1bal, Ver\u00f3nica Lozano, Marley, Celeste Cid, La Joaqui y M\u00f3nica Anton\u00f3pulos tambi\u00e9n dejaron c\u00e1lidos mensajes para la pareja.<\/p>\n<p>La noticia del casamiento gener\u00f3 sorpresa porque hace cuatro meses, cuando surgieron<a href=\"https:\/\/www.lanacion.com.ar\/espectaculos\/tras-los-dichos-de-lali-pedro-rosemblat-se-refirio-a-los-rumores-de-casamiento-y-fue-tajante-nid11092025\/\" target=\"_self\" rel=\"\" title=\"https:\/\/www.lanacion.com.ar\/espectaculos\/tras-los-dichos-de-lali-pedro-rosemblat-se-refirio-a-los-rumores-de-casamiento-y-fue-tajante-nid11092025\/\"> rumores de que Esp\u00f3sito y Rosemblat podr\u00edan dar ese paso<\/a>, ambos se ocuparon personalmente de desmentirlos. A fines de agosto, Lali visit\u00f3 el atelier Iara Alta Costura y pos\u00f3 cerca de vestidos de novia, pero cuando se lo preguntaron en <i>LAM <\/i>(Am\u00e9rica TV) lo neg\u00f3 categ\u00f3ricamente. \u201c<b>\u00a1Ni en pedo me caso! <\/b>Un gastadero de dinero al pedo por una noche\u201d, sostuvo con la brutal honestidad que la caracteriza. \u201cAmo ir a los casamientos de mis amigos que se casan, adoro. Yo estoy b\u00e1rbara as\u00ed y Pedro tambi\u00e9n (&#8230;) <b>Nunca digo nunca a nada, pero hoy en d\u00eda la verdad que casarme no es un deseo<\/b>\u201d, sostuvo en aquel entonces.<\/p>\n<figure><video height=\"720\" width=\"1280\" poster=\"https:\/\/cdn.jwplayer.com\/v2\/media\/uohSbf0w\/poster.jpg?width=1280\" preload=\"none\"><\/video><figcaption>Qu\u00e9 dijo Lali frente a los rumores de casamiento con Pedro Rosemblat<\/figcaption><\/figure>\n<p>Por su parte, el conductor de Gelatina explic\u00f3 que su pareja fue a buscar un vestuario para su show y que no solo fue \u201cun rumor que se convirti\u00f3 en expectativa\u201d sino que <b>\u201cnunca estuvo\u201d en los planes de ellos<\/b>. \u201c\u00bfLo ves como algo lejano? \u00bfAlgo que puede llegar a pasar?\u201c, le pregunt\u00f3 el cronista de <i>Desayuno americano <\/i>(Am\u00e9rica TV). \u201dLas dos cosas. <b>Lo veo como algo lejano y como algo que puede llegar a pasar<\/b>. Milei es Presidente. Puede pasar cualquier cosa en esta vida\u201c, asever\u00f3 Rosemblat. Sin embargo, el discurso cambi\u00f3 completamente cuando decidi\u00f3 obsequiarle a su novia un anillo de compromiso.<\/p>\n<p>\u200bLa cantante y el periodista revelaron que pr\u00f3ximamente dar\u00e1n el s\u00ed y Mar\u00eda Jos\u00e9 Riera y Marcela Amado no pudieron ocultar su felicidad ante el importante paso que dar\u00e1n sus hijos\u00a0\u00a0<\/p>","protected":false},"excerpt":{"rendered":"<p>Durante su \u00faltimo show en el Estadio de V\u00e9lez, Lali Esp\u00f3sito sorprendi\u00f3 a todos al&#8230;<\/p>\n","protected":false},"author":1,"featured_media":8653,"comment_status":"closed","ping_status":"closed","sticky":false,"template":"","format":"standard","meta":{"_jetpack_memberships_contains_paid_content":false,"footnotes":"","jetpack_publicize_message":"","jetpack_publicize_feature_enabled":true,"jetpack_social_post_already_shared":true,"jetpack_social_options":{"image_generator_settings":{"template":"highway","default_image_id":0,"font":"","enabled":false},"version":2}},"categories":[89],"tags":[],"class_list":["post-8652","post","type-post","status-publish","format-standard","has-post-thumbnail","hentry","category-nacionales"],"yoast_head":"<!-- This site is optimized with the Yoast SEO plugin v27.4 - https:\/\/yoast.com\/product\/yoast-seo-wordpress\/ -->\n<title>La emoci\u00f3n de las madres de Lali y Pedro Rosemblat tras el anuncio del compromiso: \u201cNo daba m\u00e1s\u201d -<\/title>\n<meta name=\"robots\" content=\"index, follow, max-snippet:-1, max-image-preview:large, max-video-preview:-1\" \/>\n<link rel=\"canonical\" href=\"https:\/\/impactocastex.com.ar\/?p=8652\" \/>\n<meta property=\"og:locale\" content=\"es_ES\" \/>\n<meta property=\"og:type\" content=\"article\" \/>\n<meta property=\"og:title\" content=\"La emoci\u00f3n de las madres de Lali y Pedro Rosemblat tras el anuncio del compromiso: \u201cNo daba m\u00e1s\u201d -\" \/>\n<meta property=\"og:description\" content=\"Durante su \u00faltimo show en el Estadio de V\u00e9lez, Lali Esp\u00f3sito sorprendi\u00f3 a todos al...\" \/>\n<meta property=\"og:url\" content=\"https:\/\/impactocastex.com.ar\/?p=8652\" \/>\n<meta property=\"article:publisher\" content=\"https:\/\/www.facebook.com\/impactocastexdiario\" \/>\n<meta property=\"article:published_time\" content=\"2026-01-15T18:44:36+00:00\" \/>\n<meta property=\"og:image\" content=\"https:\/\/resizer.glanacion.com\/resizer\/v2\/PILSU2OFXVHRTJ3YTCLHVJMASQ.png?auth=265c9961e31db2d5e1782ba98aa49bcf20f0a5cc964e476ebd41606ecc460ae3&amp;smart=true&amp;width=825&amp;height=601\" \/>\n<meta name=\"author\" content=\"impactocastex\" \/>\n<meta name=\"twitter:card\" content=\"summary_large_image\" \/>\n<meta name=\"twitter:label1\" content=\"Escrito por\" \/>\n\t<meta name=\"twitter:data1\" content=\"impactocastex\" \/>\n\t<meta name=\"twitter:label2\" content=\"Tiempo de lectura\" \/>\n\t<meta name=\"twitter:data2\" content=\"4 minutos\" \/>\n<script type=\"application\/ld+json\" class=\"yoast-schema-graph\">{\"@context\":\"https:\\\/\\\/schema.org\",\"@graph\":[{\"@type\":\"Article\",\"@id\":\"https:\\\/\\\/impactocastex.com.ar\\\/?p=8652#article\",\"isPartOf\":{\"@id\":\"https:\\\/\\\/impactocastex.com.ar\\\/?p=8652\"},\"author\":{\"name\":\"impactocastex\",\"@id\":\"https:\\\/\\\/impactocastex.com.ar\\\/#\\\/schema\\\/person\\\/86cb4f827fb5f87869a239b98a69c6e3\"},\"headline\":\"La emoci\u00f3n de las madres de Lali y Pedro Rosemblat tras el anuncio del compromiso: \u201cNo daba m\u00e1s\u201d\",\"datePublished\":\"2026-01-15T18:44:36+00:00\",\"mainEntityOfPage\":{\"@id\":\"https:\\\/\\\/impactocastex.com.ar\\\/?p=8652\"},\"wordCount\":753,\"publisher\":{\"@id\":\"https:\\\/\\\/impactocastex.com.ar\\\/#organization\"},\"image\":{\"@id\":\"https:\\\/\\\/impactocastex.com.ar\\\/?p=8652#primaryimage\"},\"thumbnailUrl\":\"https:\\\/\\\/impactocastex.com.ar\\\/wp-content\\\/uploads\\\/2026\\\/01\\\/7Z5GO5Q5UBH43G4PWFXYGP4AKY-qGl8vg.jpg\",\"articleSection\":[\"NACIONALES\"],\"inLanguage\":\"es\"},{\"@type\":\"WebPage\",\"@id\":\"https:\\\/\\\/impactocastex.com.ar\\\/?p=8652\",\"url\":\"https:\\\/\\\/impactocastex.com.ar\\\/?p=8652\",\"name\":\"La emoci\u00f3n de las madres de Lali y Pedro Rosemblat tras el anuncio del compromiso: \u201cNo daba m\u00e1s\u201d -\",\"isPartOf\":{\"@id\":\"https:\\\/\\\/impactocastex.com.ar\\\/#website\"},\"primaryImageOfPage\":{\"@id\":\"https:\\\/\\\/impactocastex.com.ar\\\/?p=8652#primaryimage\"},\"image\":{\"@id\":\"https:\\\/\\\/impactocastex.com.ar\\\/?p=8652#primaryimage\"},\"thumbnailUrl\":\"https:\\\/\\\/impactocastex.com.ar\\\/wp-content\\\/uploads\\\/2026\\\/01\\\/7Z5GO5Q5UBH43G4PWFXYGP4AKY-qGl8vg.jpg\",\"datePublished\":\"2026-01-15T18:44:36+00:00\",\"breadcrumb\":{\"@id\":\"https:\\\/\\\/impactocastex.com.ar\\\/?p=8652#breadcrumb\"},\"inLanguage\":\"es\",\"potentialAction\":[{\"@type\":\"ReadAction\",\"target\":[\"https:\\\/\\\/impactocastex.com.ar\\\/?p=8652\"]}]},{\"@type\":\"ImageObject\",\"inLanguage\":\"es\",\"@id\":\"https:\\\/\\\/impactocastex.com.ar\\\/?p=8652#primaryimage\",\"url\":\"https:\\\/\\\/impactocastex.com.ar\\\/wp-content\\\/uploads\\\/2026\\\/01\\\/7Z5GO5Q5UBH43G4PWFXYGP4AKY-qGl8vg.jpg\",\"contentUrl\":\"https:\\\/\\\/impactocastex.com.ar\\\/wp-content\\\/uploads\\\/2026\\\/01\\\/7Z5GO5Q5UBH43G4PWFXYGP4AKY-qGl8vg.jpg\",\"width\":2000,\"height\":1333},{\"@type\":\"BreadcrumbList\",\"@id\":\"https:\\\/\\\/impactocastex.com.ar\\\/?p=8652#breadcrumb\",\"itemListElement\":[{\"@type\":\"ListItem\",\"position\":1,\"name\":\"Portada\",\"item\":\"https:\\\/\\\/impactocastex.com.ar\\\/\"},{\"@type\":\"ListItem\",\"position\":2,\"name\":\"La emoci\u00f3n de las madres de Lali y Pedro Rosemblat tras el anuncio del compromiso: \u201cNo daba m\u00e1s\u201d\"}]},{\"@type\":\"WebSite\",\"@id\":\"https:\\\/\\\/impactocastex.com.ar\\\/#website\",\"url\":\"https:\\\/\\\/impactocastex.com.ar\\\/\",\"name\":\"Impacto Castex\",\"description\":\"\",\"publisher\":{\"@id\":\"https:\\\/\\\/impactocastex.com.ar\\\/#organization\"},\"potentialAction\":[{\"@type\":\"SearchAction\",\"target\":{\"@type\":\"EntryPoint\",\"urlTemplate\":\"https:\\\/\\\/impactocastex.com.ar\\\/?s={search_term_string}\"},\"query-input\":{\"@type\":\"PropertyValueSpecification\",\"valueRequired\":true,\"valueName\":\"search_term_string\"}}],\"inLanguage\":\"es\"},{\"@type\":\"Organization\",\"@id\":\"https:\\\/\\\/impactocastex.com.ar\\\/#organization\",\"name\":\"Impacto Castex\",\"url\":\"https:\\\/\\\/impactocastex.com.ar\\\/\",\"logo\":{\"@type\":\"ImageObject\",\"inLanguage\":\"es\",\"@id\":\"https:\\\/\\\/impactocastex.com.ar\\\/#\\\/schema\\\/logo\\\/image\\\/\",\"url\":\"https:\\\/\\\/impactocastex.com.ar\\\/wp-content\\\/uploads\\\/2025\\\/09\\\/cropped-icoweb.png\",\"contentUrl\":\"https:\\\/\\\/impactocastex.com.ar\\\/wp-content\\\/uploads\\\/2025\\\/09\\\/cropped-icoweb.png\",\"width\":512,\"height\":512,\"caption\":\"Impacto Castex\"},\"image\":{\"@id\":\"https:\\\/\\\/impactocastex.com.ar\\\/#\\\/schema\\\/logo\\\/image\\\/\"},\"sameAs\":[\"https:\\\/\\\/www.facebook.com\\\/impactocastexdiario\",\"https:\\\/\\\/www.instagram.com\\\/impactocastex.com.ar\\\/\"]},{\"@type\":\"Person\",\"@id\":\"https:\\\/\\\/impactocastex.com.ar\\\/#\\\/schema\\\/person\\\/86cb4f827fb5f87869a239b98a69c6e3\",\"name\":\"impactocastex\",\"image\":{\"@type\":\"ImageObject\",\"inLanguage\":\"es\",\"@id\":\"https:\\\/\\\/secure.gravatar.com\\\/avatar\\\/9a87ee051ca8c77f5d4070843ce2c78cdf95b858b950fb039151de955122f5f5?s=96&d=mm&r=g\",\"url\":\"https:\\\/\\\/secure.gravatar.com\\\/avatar\\\/9a87ee051ca8c77f5d4070843ce2c78cdf95b858b950fb039151de955122f5f5?s=96&d=mm&r=g\",\"contentUrl\":\"https:\\\/\\\/secure.gravatar.com\\\/avatar\\\/9a87ee051ca8c77f5d4070843ce2c78cdf95b858b950fb039151de955122f5f5?s=96&d=mm&r=g\",\"caption\":\"impactocastex\"},\"sameAs\":[\"https:\\\/\\\/impactocastex.com.ar\"],\"url\":\"https:\\\/\\\/impactocastex.com.ar\\\/?author=1\"}]}<\/script>\n<!-- \/ Yoast SEO plugin. -->","yoast_head_json":{"title":"La emoci\u00f3n de las madres de Lali y Pedro Rosemblat tras el anuncio del compromiso: \u201cNo daba m\u00e1s\u201d -","robots":{"index":"index","follow":"follow","max-snippet":"max-snippet:-1","max-image-preview":"max-image-preview:large","max-video-preview":"max-video-preview:-1"},"canonical":"https:\/\/impactocastex.com.ar\/?p=8652","og_locale":"es_ES","og_type":"article","og_title":"La emoci\u00f3n de las madres de Lali y Pedro Rosemblat tras el anuncio del compromiso: \u201cNo daba m\u00e1s\u201d -","og_description":"Durante su \u00faltimo show en el Estadio de V\u00e9lez, Lali Esp\u00f3sito sorprendi\u00f3 a todos al...","og_url":"https:\/\/impactocastex.com.ar\/?p=8652","article_publisher":"https:\/\/www.facebook.com\/impactocastexdiario","article_published_time":"2026-01-15T18:44:36+00:00","og_image":[{"url":"https:\/\/resizer.glanacion.com\/resizer\/v2\/PILSU2OFXVHRTJ3YTCLHVJMASQ.png?auth=265c9961e31db2d5e1782ba98aa49bcf20f0a5cc964e476ebd41606ecc460ae3&amp;smart=true&amp;width=825&amp;height=601","type":"","width":"","height":""}],"author":"impactocastex","twitter_card":"summary_large_image","twitter_misc":{"Escrito por":"impactocastex","Tiempo de lectura":"4 minutos"},"schema":{"@context":"https:\/\/schema.org","@graph":[{"@type":"Article","@id":"https:\/\/impactocastex.com.ar\/?p=8652#article","isPartOf":{"@id":"https:\/\/impactocastex.com.ar\/?p=8652"},"author":{"name":"impactocastex","@id":"https:\/\/impactocastex.com.ar\/#\/schema\/person\/86cb4f827fb5f87869a239b98a69c6e3"},"headline":"La emoci\u00f3n de las madres de Lali y Pedro Rosemblat tras el anuncio del compromiso: \u201cNo daba m\u00e1s\u201d","datePublished":"2026-01-15T18:44:36+00:00","mainEntityOfPage":{"@id":"https:\/\/impactocastex.com.ar\/?p=8652"},"wordCount":753,"publisher":{"@id":"https:\/\/impactocastex.com.ar\/#organization"},"image":{"@id":"https:\/\/impactocastex.com.ar\/?p=8652#primaryimage"},"thumbnailUrl":"https:\/\/impactocastex.com.ar\/wp-content\/uploads\/2026\/01\/7Z5GO5Q5UBH43G4PWFXYGP4AKY-qGl8vg.jpg","articleSection":["NACIONALES"],"inLanguage":"es"},{"@type":"WebPage","@id":"https:\/\/impactocastex.com.ar\/?p=8652","url":"https:\/\/impactocastex.com.ar\/?p=8652","name":"La emoci\u00f3n de las madres de Lali y Pedro Rosemblat tras el anuncio del compromiso: \u201cNo daba m\u00e1s\u201d -","isPartOf":{"@id":"https:\/\/impactocastex.com.ar\/#website"},"primaryImageOfPage":{"@id":"https:\/\/impactocastex.com.ar\/?p=8652#primaryimage"},"image":{"@id":"https:\/\/impactocastex.com.ar\/?p=8652#primaryimage"},"thumbnailUrl":"https:\/\/impactocastex.com.ar\/wp-content\/uploads\/2026\/01\/7Z5GO5Q5UBH43G4PWFXYGP4AKY-qGl8vg.jpg","datePublished":"2026-01-15T18:44:36+00:00","breadcrumb":{"@id":"https:\/\/impactocastex.com.ar\/?p=8652#breadcrumb"},"inLanguage":"es","potentialAction":[{"@type":"ReadAction","target":["https:\/\/impactocastex.com.ar\/?p=8652"]}]},{"@type":"ImageObject","inLanguage":"es","@id":"https:\/\/impactocastex.com.ar\/?p=8652#primaryimage","url":"https:\/\/impactocastex.com.ar\/wp-content\/uploads\/2026\/01\/7Z5GO5Q5UBH43G4PWFXYGP4AKY-qGl8vg.jpg","contentUrl":"https:\/\/impactocastex.com.ar\/wp-content\/uploads\/2026\/01\/7Z5GO5Q5UBH43G4PWFXYGP4AKY-qGl8vg.jpg","width":2000,"height":1333},{"@type":"BreadcrumbList","@id":"https:\/\/impactocastex.com.ar\/?p=8652#breadcrumb","itemListElement":[{"@type":"ListItem","position":1,"name":"Portada","item":"https:\/\/impactocastex.com.ar\/"},{"@type":"ListItem","position":2,"name":"La emoci\u00f3n de las madres de Lali y Pedro Rosemblat tras el anuncio del compromiso: \u201cNo daba m\u00e1s\u201d"}]},{"@type":"WebSite","@id":"https:\/\/impactocastex.com.ar\/#website","url":"https:\/\/impactocastex.com.ar\/","name":"Impacto Castex","description":"","publisher":{"@id":"https:\/\/impactocastex.com.ar\/#organization"},"potentialAction":[{"@type":"SearchAction","target":{"@type":"EntryPoint","urlTemplate":"https:\/\/impactocastex.com.ar\/?s={search_term_string}"},"query-input":{"@type":"PropertyValueSpecification","valueRequired":true,"valueName":"search_term_string"}}],"inLanguage":"es"},{"@type":"Organization","@id":"https:\/\/impactocastex.com.ar\/#organization","name":"Impacto Castex","url":"https:\/\/impactocastex.com.ar\/","logo":{"@type":"ImageObject","inLanguage":"es","@id":"https:\/\/impactocastex.com.ar\/#\/schema\/logo\/image\/","url":"https:\/\/impactocastex.com.ar\/wp-content\/uploads\/2025\/09\/cropped-icoweb.png","contentUrl":"https:\/\/impactocastex.com.ar\/wp-content\/uploads\/2025\/09\/cropped-icoweb.png","width":512,"height":512,"caption":"Impacto Castex"},"image":{"@id":"https:\/\/impactocastex.com.ar\/#\/schema\/logo\/image\/"},"sameAs":["https:\/\/www.facebook.com\/impactocastexdiario","https:\/\/www.instagram.com\/impactocastex.com.ar\/"]},{"@type":"Person","@id":"https:\/\/impactocastex.com.ar\/#\/schema\/person\/86cb4f827fb5f87869a239b98a69c6e3","name":"impactocastex","image":{"@type":"ImageObject","inLanguage":"es","@id":"https:\/\/secure.gravatar.com\/avatar\/9a87ee051ca8c77f5d4070843ce2c78cdf95b858b950fb039151de955122f5f5?s=96&d=mm&r=g","url":"https:\/\/secure.gravatar.com\/avatar\/9a87ee051ca8c77f5d4070843ce2c78cdf95b858b950fb039151de955122f5f5?s=96&d=mm&r=g","contentUrl":"https:\/\/secure.gravatar.com\/avatar\/9a87ee051ca8c77f5d4070843ce2c78cdf95b858b950fb039151de955122f5f5?s=96&d=mm&r=g","caption":"impactocastex"},"sameAs":["https:\/\/impactocastex.com.ar"],"url":"https:\/\/impactocastex.com.ar\/?author=1"}]}},"jetpack_publicize_connections":[],"featured_image_urls":{"full":["https:\/\/impactocastex.com.ar\/wp-content\/uploads\/2026\/01\/7Z5GO5Q5UBH43G4PWFXYGP4AKY-qGl8vg.jpg",2000,1333,false],"thumbnail":["https:\/\/impactocastex.com.ar\/wp-content\/uploads\/2026\/01\/7Z5GO5Q5UBH43G4PWFXYGP4AKY-qGl8vg-150x150.jpg",150,150,true],"medium":["https:\/\/impactocastex.com.ar\/wp-content\/uploads\/2026\/01\/7Z5GO5Q5UBH43G4PWFXYGP4AKY-qGl8vg-300x200.jpg",300,200,true],"medium_large":["https:\/\/impactocastex.com.ar\/wp-content\/uploads\/2026\/01\/7Z5GO5Q5UBH43G4PWFXYGP4AKY-qGl8vg-768x512.jpg",640,427,true],"large":["https:\/\/impactocastex.com.ar\/wp-content\/uploads\/2026\/01\/7Z5GO5Q5UBH43G4PWFXYGP4AKY-qGl8vg-1024x682.jpg",640,426,true],"1536x1536":["https:\/\/impactocastex.com.ar\/wp-content\/uploads\/2026\/01\/7Z5GO5Q5UBH43G4PWFXYGP4AKY-qGl8vg-1536x1024.jpg",1536,1024,true],"2048x2048":["https:\/\/impactocastex.com.ar\/wp-content\/uploads\/2026\/01\/7Z5GO5Q5UBH43G4PWFXYGP4AKY-qGl8vg.jpg",2000,1333,false],"newsever-slider-full":["https:\/\/impactocastex.com.ar\/wp-content\/uploads\/2026\/01\/7Z5GO5Q5UBH43G4PWFXYGP4AKY-qGl8vg-1280x845.jpg",1280,845,true],"newsever-featured":["https:\/\/impactocastex.com.ar\/wp-content\/uploads\/2026\/01\/7Z5GO5Q5UBH43G4PWFXYGP4AKY-qGl8vg-1024x682.jpg",1024,682,true],"newsever-medium":["https:\/\/impactocastex.com.ar\/wp-content\/uploads\/2026\/01\/7Z5GO5Q5UBH43G4PWFXYGP4AKY-qGl8vg-720x475.jpg",720,475,true]},"author_info":{"info":["impactocastex"]},"category_info":"<a href=\"https:\/\/impactocastex.com.ar\/?cat=89\" rel=\"category\">NACIONALES<\/a>","tag_info":"NACIONALES","comment_count":0,"jetpack_featured_media_url":"https:\/\/impactocastex.com.ar\/wp-content\/uploads\/2026\/01\/7Z5GO5Q5UBH43G4PWFXYGP4AKY-qGl8vg.jpg","jetpack_sharing_enabled":true,"jetpack_likes_enabled":true,"jetpack_shortlink":"https:\/\/wp.me\/p7sopA-2fy","_links":{"self":[{"href":"https:\/\/impactocastex.com.ar\/index.php?rest_route=\/wp\/v2\/posts\/8652","targetHints":{"allow":["GET"]}}],"collection":[{"href":"https:\/\/impactocastex.com.ar\/index.php?rest_route=\/wp\/v2\/posts"}],"about":[{"href":"https:\/\/impactocastex.com.ar\/index.php?rest_route=\/wp\/v2\/types\/post"}],"author":[{"embeddable":true,"href":"https:\/\/impactocastex.com.ar\/index.php?rest_route=\/wp\/v2\/users\/1"}],"replies":[{"embeddable":true,"href":"https:\/\/impactocastex.com.ar\/index.php?rest_route=%2Fwp%2Fv2%2Fcomments&post=8652"}],"version-history":[{"count":0,"href":"https:\/\/impactocastex.com.ar\/index.php?rest_route=\/wp\/v2\/posts\/8652\/revisions"}],"wp:featuredmedia":[{"embeddable":true,"href":"https:\/\/impactocastex.com.ar\/index.php?rest_route=\/wp\/v2\/media\/8653"}],"wp:attachment":[{"href":"https:\/\/impactocastex.com.ar\/index.php?rest_route=%2Fwp%2Fv2%2Fmedia&parent=8652"}],"wp:term":[{"taxonomy":"category","embeddable":true,"href":"https:\/\/impactocastex.com.ar\/index.php?rest_route=%2Fwp%2Fv2%2Fcategories&post=8652"},{"taxonomy":"post_tag","embeddable":true,"href":"https:\/\/impactocastex.com.ar\/index.php?rest_route=%2Fwp%2Fv2%2Ftags&post=8652"}],"curies":[{"name":"wp","href":"https:\/\/api.w.org\/{rel}","templated":true}]}}