{"id":8639,"date":"2026-01-15T11:41:59","date_gmt":"2026-01-15T14:41:59","guid":{"rendered":"https:\/\/impactocastex.com.ar\/?p=8639"},"modified":"2026-01-15T11:42:00","modified_gmt":"2026-01-15T14:42:00","slug":"las-mujeres-que-denunciaron-a-julio-iglesias-por-abuso-sexual-revelan-que-el-cantante-les-impuso-hacerse-pruebas-de-vih-y-embarazo-no-era-normal","status":"publish","type":"post","link":"https:\/\/impactocastex.com.ar\/?p=8639","title":{"rendered":"Las mujeres que denunciaron a Julio Iglesias por abuso sexual revelan que el cantante les impuso hacerse pruebas de VIH y embarazo: \u201cNo era normal\u201d"},"content":{"rendered":"\n<p>Seg\u00fan han relatado las exempleadas dom\u00e9sticas a elDiario.es, los ex\u00e1menes inclu\u00edan ecograf\u00edas y pruebas de clamidia, entre otros. Aseguran que rompen el silencio para animar a otras v\u00edctimas a denunciar<\/p>\n\n\n\n<p>Las denuncias por presunto\u00a0<strong>abuso sexual y trato discriminatorio<\/strong>\u00a0contra\u00a0Julio Iglesias\u00a0por parte de dos extrabajadoras de las mansiones que\u00a0el cantante\u00a0tiene en el Caribe avanzan con nuevos hallazgos que incrementan la gravedad del caso. Seg\u00fan una investigaci\u00f3n liderada por elDiario.es y Univisi\u00f3n publicada este martes, las exempleadas aseguran haber sufrido agresiones sexuales, acoso y abuso de poder mientras desempe\u00f1aban su trabajo en r\u00e9gimen interno en las residencias del cantante en Rep\u00fablica Dominicana y Bahamas, en 2021. Tras la denuncia presentada el pasado 5 de enero por ambas mujeres en Espa\u00f1a,\u00a0<strong>la Fiscal\u00eda de la Audiencia Nacional ha abierto una investigaci\u00f3n<\/strong>\u00a0contra Iglesias, mientras este mi\u00e9rcoles se han conocido nuevos detalles del caso.<\/p>\n\n\n\n<p>Documentaci\u00f3n m\u00e9dica a la que ha accedido elDiario.es muestra c\u00f3mo las trabajadoras dom\u00e9sticas fueron sometidas a pruebas de VIH, hepatitis, clamidia y embarazo, bajo la especialidad de ginecolog\u00eda, unos ex\u00e1menes a los que solo se somet\u00eda al personal femenino. Las empleadas se\u00f1alan adem\u00e1s que estas pruebas, ajenas a su labor dom\u00e9stica, se realizaban sin consentimiento informadoy<strong>&nbsp;bajo la amenaza t\u00e1cita de perder el empleo.<\/strong><\/p>\n\n\n\n<p>Las mujeres tambi\u00e9n han descrito procedimientos que incluyeron ecograf\u00edas p\u00e9lvicas y an\u00e1lisis de embarazo, en un contexto marcado por la discriminaci\u00f3n y la vulneraci\u00f3n de derechos.<\/p>\n\n\n\n<p>Rebeca, nombre ficticio de la exempleada, relata: \u201c\u00c9l nos mand\u00f3 a las chicas al ginec\u00f3logo y hacernos examen general. Hab\u00eda 10 o 12 chicas. All\u00ed nos hicieron todo, el ginec\u00f3logo nos cheque\u00f3 todo. Solo a las chicas\u201d. Carolina -nombre que tambi\u00e9n oculta la verdadera identidad de la exempleada- confirma por su parte: \u201cEllos nos mandaron al m\u00e9dico, a todas.\u00a0<strong>Me hicieron pruebas de enfermedades de transmisi\u00f3n sexual<\/strong>. Nos hicieron ecograf\u00edas y pruebas de sangre para ver si ten\u00edamos alg\u00fan tipo de enfermedad. No me pareci\u00f3 normal\u201d. En ese sentido, Carolina asegura que nunca hab\u00eda pasado por un examen m\u00e9dico similar en otras mansiones, aunque s\u00ed controles de drogas y VIH para ser contratada en otra villa.<\/p>\n\n\n\n<p><img loading=\"lazy\" decoding=\"async\" alt=\"Julio Iglesias. (Europa Press)\" height=\"1440\" src=\"https:\/\/www.infobae.com\/resizer\/v2\/YAZENOBEJZGJFCDCSE6XL2HVOE.jpg?auth=498b33c1f311c24635b4a16de019c68c006175d649bbaeb20cc1150b4e15fb70&amp;smart=true&amp;width=350&amp;height=263&amp;quality=85\" width=\"1920\">Julio Iglesias. (Europa Press)<\/p>\n\n\n\n<h2 class=\"wp-block-heading\">Pruebas m\u00e9dicas \u201cdiscriminatorias\u201d<\/h2>\n\n\n\n<p>El medio espa\u00f1ol tambi\u00e9n explica en su investigaci\u00f3n que los controles m\u00e9dicos no se realizaban antes de la contrataci\u00f3n, sino durante el periodo laboral. Ninguna de las mujeres pag\u00f3 por las pruebas y&nbsp;<strong>todas fueron atendidas por el mismo m\u00e9dico<\/strong>. Las mujeres tambi\u00e9n cuentan que, aunque nadie les dijo expl\u00edcitamente que esas pruebas eran obligatorias, entendieron que formaba parte de trabajar en la villa: \u201cNo dijeron exactamente la palabra obligatoria, pero si est\u00e1bamos trabajando all\u00ed\u2026 Nadie dijo que no. Eso era todo as\u00ed en la casa\u201d, a\u00f1ade Rebeca.<\/p>\n\n\n\n<p>Sobre este asunto, fuentes de la Organizaci\u00f3n Internacional del Trabajo (OIT) explican que estas pruebas m\u00e9dicas son discriminatorias. \u201cLas pruebas ginecol\u00f3gicas y los test de embarazo sin motivo&nbsp;<strong>suponen discriminaci\u00f3n por raz\u00f3n de sexo&nbsp;<\/strong>tanto en la contrataci\u00f3n como en el periodo de trabajo, pues solo se hacen a las mujeres\u201d, han afirmado, seg\u00fan relata la investigaci\u00f3n. Adem\u00e1s, la legislaci\u00f3n dominicana sanciona a los empleadores que realicen pruebas de VIH a sus trabajadores.<\/p>\n\n\n\n<p>Las presuntas v\u00edctimas de abusos sexuales, que han contado con el respaldo de la organizaci\u00f3n internacional&nbsp;<em><strong>Women\u2019s Link<\/strong><\/em>para denunciar el caso, permanecieron en silencio durante a\u00f1os debido al temor y la presi\u00f3n que genera la figura p\u00fablica y el poder del cantante. Sin embargo, aclaran que han decidido hacer p\u00fablicos sus relatos y denunciar con el objetivo de animar a hablar a otras v\u00edctimas de Iglesias. \u201cYo creo que el impacto de que nosotras acudamos a la justicia es enviar ese mensaje a todas las v\u00edctimas de esta persona, de Julio Iglesias,&nbsp;<strong>a que hablen y que crean en la justicia.&nbsp;<\/strong>Que entiendan que no fue algo que les pas\u00f3 a ellas nada m\u00e1s. Esto es algo que esta persona viene haciendo desde hace muchos a\u00f1os\u201d, aseguran.<img loading=\"lazy\" decoding=\"async\" alt=\"Julio Iglesias en la ceremonia\" height=\"1339\" src=\"https:\/\/www.infobae.com\/resizer\/v2\/DTCWUHTNCVABFJDPM7NLGTGVKI.jpg?auth=9259d6afcaa1565f0fd1bc47dda0058575336d0fb9f3addc3efac9a740aa38a8&amp;smart=true&amp;width=350&amp;height=234&amp;quality=85\" width=\"2000\">Julio Iglesias en la ceremonia para develar su estrella en San Juan, Puerto Rico, el 29 de septiembre del 2016. (AP foto\/Carlos Giusti)<\/p>\n\n\n\n<h2 class=\"wp-block-heading\">Impacto en el \u00e1mbito pol\u00edtico<\/h2>\n\n\n\n<p>El esc\u00e1ndalo generado por las denuncias de abusos sexuales contra el cantante ha tenido un fuerte impacto no solo en la opini\u00f3n p\u00fablica, sino tambi\u00e9n en el \u00e1mbito institucional, de forma que el Gobierno de Espa\u00f1a analiza la posibilidad de retirar al cantante la&nbsp;<strong>Medalla de Oro al M\u00e9rito en las Bellas Artes<\/strong>, uno de los mayores reconocimientos culturales del pa\u00eds.<\/p>\n\n\n\n<p>El caso tambi\u00e9n ha tenido repercusiones en el \u00e1mbito pol\u00edtico con diferentes reacciones de los partidos. Mientras algunas formaciones de izquierda como M\u00e1s Madrid han expresado su \u201ccondena rotunda y apoyo inmediato a las v\u00edctimas\u201d y que se le retiren los honores concedidos al cantante, tanto el alcalde de la capital,&nbsp;<strong>Jos\u00e9 Luis Mart\u00ednez-Almeida<\/strong>, como la presidenta de la Comunidad de Madrid,&nbsp;<strong>Isabel D\u00edaz Ayuso&nbsp;<\/strong>(ambos del Partido Popular), descartan retirarle los t\u00edtulos institucionales.<\/p>\n\n\n\n<p>\u201cLas mujeres violadas y atacadas est\u00e1n en Ir\u00e1n, con el silencio c\u00f3mplice de la ultraizquierda\u201d, ha indicado&nbsp;<a rel=\"noreferrer noopener\" href=\"https:\/\/www.infobae.com\/espana\/2026\/01\/13\/mas-madrid-pide-a-ayuso-que-retire-la-medalla-de-oro-de-la-comunidad-a-julio-iglesias-no-se-puede-premiar-la-impunidad\/\" target=\"_blank\">Ayuso<\/a>&nbsp;en la red social X tras la petici\u00f3n de M\u00e1s Madrid de retirarle la Medalla de Oro de la Comunidad de Madrid, que le fue concedida en 2018. Por su parte, la ministra de Igualdad, la socialista Ana Redondo, ha pedido a la dirigente madrile\u00f1a que \u201cse ubique\u201d: \u201c<strong>Mezcla fr\u00edvolamente temas muy serios&nbsp;<\/strong>y cuestiones que no son comparables. Creo que lo \u00fanico que pretende es un protagonismo que, en este caso, tienen que tener las v\u00edctimas\u201d, ha se\u00f1alado la ministra.<\/p>\n","protected":false},"excerpt":{"rendered":"<p>Seg\u00fan han relatado las exempleadas dom\u00e9sticas a elDiario.es, los ex\u00e1menes inclu\u00edan ecograf\u00edas y pruebas de&#8230;<\/p>\n","protected":false},"author":2,"featured_media":8640,"comment_status":"closed","ping_status":"closed","sticky":false,"template":"","format":"standard","meta":{"_jetpack_memberships_contains_paid_content":false,"footnotes":"","jetpack_publicize_message":"Las mujeres que denunciaron a Julio Iglesias por abuso sexual revelan que el cantante les impuso hacerse pruebas de VIH y embarazo: \u201cNo era normal\u201d","jetpack_publicize_feature_enabled":true,"jetpack_social_post_already_shared":false,"jetpack_social_options":{"image_generator_settings":{"template":"highway","default_image_id":0,"font":"","enabled":false},"version":2}},"categories":[88],"tags":[],"class_list":["post-8639","post","type-post","status-publish","format-standard","has-post-thumbnail","hentry","category-espectaculos"],"yoast_head":"<!-- This site is optimized with the Yoast SEO plugin v27.4 - https:\/\/yoast.com\/product\/yoast-seo-wordpress\/ -->\n<title>Las mujeres que denunciaron a Julio Iglesias por abuso sexual revelan que el cantante les impuso hacerse pruebas de VIH y embarazo: \u201cNo era normal\u201d -<\/title>\n<meta name=\"robots\" content=\"index, follow, max-snippet:-1, max-image-preview:large, max-video-preview:-1\" \/>\n<link rel=\"canonical\" href=\"https:\/\/impactocastex.com.ar\/?p=8639\" \/>\n<meta property=\"og:locale\" content=\"es_ES\" \/>\n<meta property=\"og:type\" content=\"article\" \/>\n<meta property=\"og:title\" content=\"Las mujeres que denunciaron a Julio Iglesias por abuso sexual revelan que el cantante les impuso hacerse pruebas de VIH y embarazo: \u201cNo era normal\u201d -\" \/>\n<meta property=\"og:description\" content=\"Seg\u00fan han relatado las exempleadas dom\u00e9sticas a elDiario.es, los ex\u00e1menes inclu\u00edan ecograf\u00edas y pruebas de...\" \/>\n<meta property=\"og:url\" content=\"https:\/\/impactocastex.com.ar\/?p=8639\" \/>\n<meta property=\"article:publisher\" content=\"https:\/\/www.facebook.com\/impactocastexdiario\" \/>\n<meta property=\"article:published_time\" content=\"2026-01-15T14:41:59+00:00\" \/>\n<meta property=\"article:modified_time\" content=\"2026-01-15T14:42:00+00:00\" \/>\n<meta property=\"og:image\" content=\"https:\/\/impactocastex.com.ar\/wp-content\/uploads\/2026\/01\/images.jpeg\" \/>\n\t<meta property=\"og:image:width\" content=\"300\" \/>\n\t<meta property=\"og:image:height\" content=\"168\" \/>\n\t<meta property=\"og:image:type\" content=\"image\/jpeg\" \/>\n<meta name=\"author\" content=\"impactocastex\" \/>\n<meta name=\"twitter:card\" content=\"summary_large_image\" \/>\n<meta name=\"twitter:label1\" content=\"Escrito por\" \/>\n\t<meta name=\"twitter:data1\" content=\"impactocastex\" \/>\n\t<meta name=\"twitter:label2\" content=\"Tiempo de lectura\" \/>\n\t<meta name=\"twitter:data2\" content=\"5 minutos\" \/>\n<script type=\"application\/ld+json\" class=\"yoast-schema-graph\">{\"@context\":\"https:\\\/\\\/schema.org\",\"@graph\":[{\"@type\":\"Article\",\"@id\":\"https:\\\/\\\/impactocastex.com.ar\\\/?p=8639#article\",\"isPartOf\":{\"@id\":\"https:\\\/\\\/impactocastex.com.ar\\\/?p=8639\"},\"author\":{\"name\":\"impactocastex\",\"@id\":\"https:\\\/\\\/impactocastex.com.ar\\\/#\\\/schema\\\/person\\\/c115028fb60f9bf49ce7550894b84ea7\"},\"headline\":\"Las mujeres que denunciaron a Julio Iglesias por abuso sexual revelan que el cantante les impuso hacerse pruebas de VIH y embarazo: \u201cNo era normal\u201d\",\"datePublished\":\"2026-01-15T14:41:59+00:00\",\"dateModified\":\"2026-01-15T14:42:00+00:00\",\"mainEntityOfPage\":{\"@id\":\"https:\\\/\\\/impactocastex.com.ar\\\/?p=8639\"},\"wordCount\":1045,\"publisher\":{\"@id\":\"https:\\\/\\\/impactocastex.com.ar\\\/#organization\"},\"image\":{\"@id\":\"https:\\\/\\\/impactocastex.com.ar\\\/?p=8639#primaryimage\"},\"thumbnailUrl\":\"https:\\\/\\\/impactocastex.com.ar\\\/wp-content\\\/uploads\\\/2026\\\/01\\\/images.jpeg\",\"articleSection\":[\"ESPECTACULOS\"],\"inLanguage\":\"es\"},{\"@type\":\"WebPage\",\"@id\":\"https:\\\/\\\/impactocastex.com.ar\\\/?p=8639\",\"url\":\"https:\\\/\\\/impactocastex.com.ar\\\/?p=8639\",\"name\":\"Las mujeres que denunciaron a Julio Iglesias por abuso sexual revelan que el cantante les impuso hacerse pruebas de VIH y embarazo: \u201cNo era normal\u201d -\",\"isPartOf\":{\"@id\":\"https:\\\/\\\/impactocastex.com.ar\\\/#website\"},\"primaryImageOfPage\":{\"@id\":\"https:\\\/\\\/impactocastex.com.ar\\\/?p=8639#primaryimage\"},\"image\":{\"@id\":\"https:\\\/\\\/impactocastex.com.ar\\\/?p=8639#primaryimage\"},\"thumbnailUrl\":\"https:\\\/\\\/impactocastex.com.ar\\\/wp-content\\\/uploads\\\/2026\\\/01\\\/images.jpeg\",\"datePublished\":\"2026-01-15T14:41:59+00:00\",\"dateModified\":\"2026-01-15T14:42:00+00:00\",\"breadcrumb\":{\"@id\":\"https:\\\/\\\/impactocastex.com.ar\\\/?p=8639#breadcrumb\"},\"inLanguage\":\"es\",\"potentialAction\":[{\"@type\":\"ReadAction\",\"target\":[\"https:\\\/\\\/impactocastex.com.ar\\\/?p=8639\"]}]},{\"@type\":\"ImageObject\",\"inLanguage\":\"es\",\"@id\":\"https:\\\/\\\/impactocastex.com.ar\\\/?p=8639#primaryimage\",\"url\":\"https:\\\/\\\/impactocastex.com.ar\\\/wp-content\\\/uploads\\\/2026\\\/01\\\/images.jpeg\",\"contentUrl\":\"https:\\\/\\\/impactocastex.com.ar\\\/wp-content\\\/uploads\\\/2026\\\/01\\\/images.jpeg\",\"width\":300,\"height\":168},{\"@type\":\"BreadcrumbList\",\"@id\":\"https:\\\/\\\/impactocastex.com.ar\\\/?p=8639#breadcrumb\",\"itemListElement\":[{\"@type\":\"ListItem\",\"position\":1,\"name\":\"Portada\",\"item\":\"https:\\\/\\\/impactocastex.com.ar\\\/\"},{\"@type\":\"ListItem\",\"position\":2,\"name\":\"Las mujeres que denunciaron a Julio Iglesias por abuso sexual revelan que el cantante les impuso hacerse pruebas de VIH y embarazo: \u201cNo era normal\u201d\"}]},{\"@type\":\"WebSite\",\"@id\":\"https:\\\/\\\/impactocastex.com.ar\\\/#website\",\"url\":\"https:\\\/\\\/impactocastex.com.ar\\\/\",\"name\":\"Impacto Castex\",\"description\":\"\",\"publisher\":{\"@id\":\"https:\\\/\\\/impactocastex.com.ar\\\/#organization\"},\"potentialAction\":[{\"@type\":\"SearchAction\",\"target\":{\"@type\":\"EntryPoint\",\"urlTemplate\":\"https:\\\/\\\/impactocastex.com.ar\\\/?s={search_term_string}\"},\"query-input\":{\"@type\":\"PropertyValueSpecification\",\"valueRequired\":true,\"valueName\":\"search_term_string\"}}],\"inLanguage\":\"es\"},{\"@type\":\"Organization\",\"@id\":\"https:\\\/\\\/impactocastex.com.ar\\\/#organization\",\"name\":\"Impacto Castex\",\"url\":\"https:\\\/\\\/impactocastex.com.ar\\\/\",\"logo\":{\"@type\":\"ImageObject\",\"inLanguage\":\"es\",\"@id\":\"https:\\\/\\\/impactocastex.com.ar\\\/#\\\/schema\\\/logo\\\/image\\\/\",\"url\":\"https:\\\/\\\/impactocastex.com.ar\\\/wp-content\\\/uploads\\\/2025\\\/09\\\/cropped-icoweb.png\",\"contentUrl\":\"https:\\\/\\\/impactocastex.com.ar\\\/wp-content\\\/uploads\\\/2025\\\/09\\\/cropped-icoweb.png\",\"width\":512,\"height\":512,\"caption\":\"Impacto Castex\"},\"image\":{\"@id\":\"https:\\\/\\\/impactocastex.com.ar\\\/#\\\/schema\\\/logo\\\/image\\\/\"},\"sameAs\":[\"https:\\\/\\\/www.facebook.com\\\/impactocastexdiario\",\"https:\\\/\\\/www.instagram.com\\\/impactocastex.com.ar\\\/\"]},{\"@type\":\"Person\",\"@id\":\"https:\\\/\\\/impactocastex.com.ar\\\/#\\\/schema\\\/person\\\/c115028fb60f9bf49ce7550894b84ea7\",\"name\":\"impactocastex\",\"image\":{\"@type\":\"ImageObject\",\"inLanguage\":\"es\",\"@id\":\"https:\\\/\\\/secure.gravatar.com\\\/avatar\\\/fee87e7af008f02e9becdc0b5a9fd4a2e79b3918a571edeacb62211704637833?s=96&d=mm&r=g\",\"url\":\"https:\\\/\\\/secure.gravatar.com\\\/avatar\\\/fee87e7af008f02e9becdc0b5a9fd4a2e79b3918a571edeacb62211704637833?s=96&d=mm&r=g\",\"contentUrl\":\"https:\\\/\\\/secure.gravatar.com\\\/avatar\\\/fee87e7af008f02e9becdc0b5a9fd4a2e79b3918a571edeacb62211704637833?s=96&d=mm&r=g\",\"caption\":\"impactocastex\"},\"sameAs\":[\"https:\\\/\\\/impactocastex.com.ar\\\/\"],\"url\":\"https:\\\/\\\/impactocastex.com.ar\\\/?author=2\"}]}<\/script>\n<!-- \/ Yoast SEO plugin. -->","yoast_head_json":{"title":"Las mujeres que denunciaron a Julio Iglesias por abuso sexual revelan que el cantante les impuso hacerse pruebas de VIH y embarazo: \u201cNo era normal\u201d -","robots":{"index":"index","follow":"follow","max-snippet":"max-snippet:-1","max-image-preview":"max-image-preview:large","max-video-preview":"max-video-preview:-1"},"canonical":"https:\/\/impactocastex.com.ar\/?p=8639","og_locale":"es_ES","og_type":"article","og_title":"Las mujeres que denunciaron a Julio Iglesias por abuso sexual revelan que el cantante les impuso hacerse pruebas de VIH y embarazo: \u201cNo era normal\u201d -","og_description":"Seg\u00fan han relatado las exempleadas dom\u00e9sticas a elDiario.es, los ex\u00e1menes inclu\u00edan ecograf\u00edas y pruebas de...","og_url":"https:\/\/impactocastex.com.ar\/?p=8639","article_publisher":"https:\/\/www.facebook.com\/impactocastexdiario","article_published_time":"2026-01-15T14:41:59+00:00","article_modified_time":"2026-01-15T14:42:00+00:00","og_image":[{"width":300,"height":168,"url":"https:\/\/impactocastex.com.ar\/wp-content\/uploads\/2026\/01\/images.jpeg","type":"image\/jpeg"}],"author":"impactocastex","twitter_card":"summary_large_image","twitter_misc":{"Escrito por":"impactocastex","Tiempo de lectura":"5 minutos"},"schema":{"@context":"https:\/\/schema.org","@graph":[{"@type":"Article","@id":"https:\/\/impactocastex.com.ar\/?p=8639#article","isPartOf":{"@id":"https:\/\/impactocastex.com.ar\/?p=8639"},"author":{"name":"impactocastex","@id":"https:\/\/impactocastex.com.ar\/#\/schema\/person\/c115028fb60f9bf49ce7550894b84ea7"},"headline":"Las mujeres que denunciaron a Julio Iglesias por abuso sexual revelan que el cantante les impuso hacerse pruebas de VIH y embarazo: \u201cNo era normal\u201d","datePublished":"2026-01-15T14:41:59+00:00","dateModified":"2026-01-15T14:42:00+00:00","mainEntityOfPage":{"@id":"https:\/\/impactocastex.com.ar\/?p=8639"},"wordCount":1045,"publisher":{"@id":"https:\/\/impactocastex.com.ar\/#organization"},"image":{"@id":"https:\/\/impactocastex.com.ar\/?p=8639#primaryimage"},"thumbnailUrl":"https:\/\/impactocastex.com.ar\/wp-content\/uploads\/2026\/01\/images.jpeg","articleSection":["ESPECTACULOS"],"inLanguage":"es"},{"@type":"WebPage","@id":"https:\/\/impactocastex.com.ar\/?p=8639","url":"https:\/\/impactocastex.com.ar\/?p=8639","name":"Las mujeres que denunciaron a Julio Iglesias por abuso sexual revelan que el cantante les impuso hacerse pruebas de VIH y embarazo: \u201cNo era normal\u201d -","isPartOf":{"@id":"https:\/\/impactocastex.com.ar\/#website"},"primaryImageOfPage":{"@id":"https:\/\/impactocastex.com.ar\/?p=8639#primaryimage"},"image":{"@id":"https:\/\/impactocastex.com.ar\/?p=8639#primaryimage"},"thumbnailUrl":"https:\/\/impactocastex.com.ar\/wp-content\/uploads\/2026\/01\/images.jpeg","datePublished":"2026-01-15T14:41:59+00:00","dateModified":"2026-01-15T14:42:00+00:00","breadcrumb":{"@id":"https:\/\/impactocastex.com.ar\/?p=8639#breadcrumb"},"inLanguage":"es","potentialAction":[{"@type":"ReadAction","target":["https:\/\/impactocastex.com.ar\/?p=8639"]}]},{"@type":"ImageObject","inLanguage":"es","@id":"https:\/\/impactocastex.com.ar\/?p=8639#primaryimage","url":"https:\/\/impactocastex.com.ar\/wp-content\/uploads\/2026\/01\/images.jpeg","contentUrl":"https:\/\/impactocastex.com.ar\/wp-content\/uploads\/2026\/01\/images.jpeg","width":300,"height":168},{"@type":"BreadcrumbList","@id":"https:\/\/impactocastex.com.ar\/?p=8639#breadcrumb","itemListElement":[{"@type":"ListItem","position":1,"name":"Portada","item":"https:\/\/impactocastex.com.ar\/"},{"@type":"ListItem","position":2,"name":"Las mujeres que denunciaron a Julio Iglesias por abuso sexual revelan que el cantante les impuso hacerse pruebas de VIH y embarazo: \u201cNo era normal\u201d"}]},{"@type":"WebSite","@id":"https:\/\/impactocastex.com.ar\/#website","url":"https:\/\/impactocastex.com.ar\/","name":"Impacto Castex","description":"","publisher":{"@id":"https:\/\/impactocastex.com.ar\/#organization"},"potentialAction":[{"@type":"SearchAction","target":{"@type":"EntryPoint","urlTemplate":"https:\/\/impactocastex.com.ar\/?s={search_term_string}"},"query-input":{"@type":"PropertyValueSpecification","valueRequired":true,"valueName":"search_term_string"}}],"inLanguage":"es"},{"@type":"Organization","@id":"https:\/\/impactocastex.com.ar\/#organization","name":"Impacto Castex","url":"https:\/\/impactocastex.com.ar\/","logo":{"@type":"ImageObject","inLanguage":"es","@id":"https:\/\/impactocastex.com.ar\/#\/schema\/logo\/image\/","url":"https:\/\/impactocastex.com.ar\/wp-content\/uploads\/2025\/09\/cropped-icoweb.png","contentUrl":"https:\/\/impactocastex.com.ar\/wp-content\/uploads\/2025\/09\/cropped-icoweb.png","width":512,"height":512,"caption":"Impacto Castex"},"image":{"@id":"https:\/\/impactocastex.com.ar\/#\/schema\/logo\/image\/"},"sameAs":["https:\/\/www.facebook.com\/impactocastexdiario","https:\/\/www.instagram.com\/impactocastex.com.ar\/"]},{"@type":"Person","@id":"https:\/\/impactocastex.com.ar\/#\/schema\/person\/c115028fb60f9bf49ce7550894b84ea7","name":"impactocastex","image":{"@type":"ImageObject","inLanguage":"es","@id":"https:\/\/secure.gravatar.com\/avatar\/fee87e7af008f02e9becdc0b5a9fd4a2e79b3918a571edeacb62211704637833?s=96&d=mm&r=g","url":"https:\/\/secure.gravatar.com\/avatar\/fee87e7af008f02e9becdc0b5a9fd4a2e79b3918a571edeacb62211704637833?s=96&d=mm&r=g","contentUrl":"https:\/\/secure.gravatar.com\/avatar\/fee87e7af008f02e9becdc0b5a9fd4a2e79b3918a571edeacb62211704637833?s=96&d=mm&r=g","caption":"impactocastex"},"sameAs":["https:\/\/impactocastex.com.ar\/"],"url":"https:\/\/impactocastex.com.ar\/?author=2"}]}},"jetpack_publicize_connections":[],"featured_image_urls":{"full":["https:\/\/impactocastex.com.ar\/wp-content\/uploads\/2026\/01\/images.jpeg",300,168,false],"thumbnail":["https:\/\/impactocastex.com.ar\/wp-content\/uploads\/2026\/01\/images-150x150.jpeg",150,150,true],"medium":["https:\/\/impactocastex.com.ar\/wp-content\/uploads\/2026\/01\/images.jpeg",300,168,false],"medium_large":["https:\/\/impactocastex.com.ar\/wp-content\/uploads\/2026\/01\/images.jpeg",300,168,false],"large":["https:\/\/impactocastex.com.ar\/wp-content\/uploads\/2026\/01\/images.jpeg",300,168,false],"1536x1536":["https:\/\/impactocastex.com.ar\/wp-content\/uploads\/2026\/01\/images.jpeg",300,168,false],"2048x2048":["https:\/\/impactocastex.com.ar\/wp-content\/uploads\/2026\/01\/images.jpeg",300,168,false],"newsever-slider-full":["https:\/\/impactocastex.com.ar\/wp-content\/uploads\/2026\/01\/images.jpeg",300,168,false],"newsever-featured":["https:\/\/impactocastex.com.ar\/wp-content\/uploads\/2026\/01\/images.jpeg",300,168,false],"newsever-medium":["https:\/\/impactocastex.com.ar\/wp-content\/uploads\/2026\/01\/images.jpeg",300,168,false]},"author_info":{"info":["impactocastex"]},"category_info":"<a href=\"https:\/\/impactocastex.com.ar\/?cat=88\" rel=\"category\">ESPECTACULOS<\/a>","tag_info":"ESPECTACULOS","comment_count":0,"jetpack_featured_media_url":"https:\/\/impactocastex.com.ar\/wp-content\/uploads\/2026\/01\/images.jpeg","jetpack_sharing_enabled":true,"jetpack_likes_enabled":true,"jetpack_shortlink":"https:\/\/wp.me\/p7sopA-2fl","_links":{"self":[{"href":"https:\/\/impactocastex.com.ar\/index.php?rest_route=\/wp\/v2\/posts\/8639","targetHints":{"allow":["GET"]}}],"collection":[{"href":"https:\/\/impactocastex.com.ar\/index.php?rest_route=\/wp\/v2\/posts"}],"about":[{"href":"https:\/\/impactocastex.com.ar\/index.php?rest_route=\/wp\/v2\/types\/post"}],"author":[{"embeddable":true,"href":"https:\/\/impactocastex.com.ar\/index.php?rest_route=\/wp\/v2\/users\/2"}],"replies":[{"embeddable":true,"href":"https:\/\/impactocastex.com.ar\/index.php?rest_route=%2Fwp%2Fv2%2Fcomments&post=8639"}],"version-history":[{"count":1,"href":"https:\/\/impactocastex.com.ar\/index.php?rest_route=\/wp\/v2\/posts\/8639\/revisions"}],"predecessor-version":[{"id":8641,"href":"https:\/\/impactocastex.com.ar\/index.php?rest_route=\/wp\/v2\/posts\/8639\/revisions\/8641"}],"wp:featuredmedia":[{"embeddable":true,"href":"https:\/\/impactocastex.com.ar\/index.php?rest_route=\/wp\/v2\/media\/8640"}],"wp:attachment":[{"href":"https:\/\/impactocastex.com.ar\/index.php?rest_route=%2Fwp%2Fv2%2Fmedia&parent=8639"}],"wp:term":[{"taxonomy":"category","embeddable":true,"href":"https:\/\/impactocastex.com.ar\/index.php?rest_route=%2Fwp%2Fv2%2Fcategories&post=8639"},{"taxonomy":"post_tag","embeddable":true,"href":"https:\/\/impactocastex.com.ar\/index.php?rest_route=%2Fwp%2Fv2%2Ftags&post=8639"}],"curies":[{"name":"wp","href":"https:\/\/api.w.org\/{rel}","templated":true}]}}