{"id":8633,"date":"2026-01-15T11:28:24","date_gmt":"2026-01-15T14:28:24","guid":{"rendered":"https:\/\/impactocastex.com.ar\/?p=8633"},"modified":"2026-01-15T11:28:25","modified_gmt":"2026-01-15T14:28:25","slug":"anses-inicia-con-el-pago-de-la-ayuda-escolar-anual-2026","status":"publish","type":"post","link":"https:\/\/impactocastex.com.ar\/?p=8633","title":{"rendered":"ANSES inicia con el pago de la Ayuda Escolar Anual 2026"},"content":{"rendered":"\n<p>Desde la&nbsp;<strong>Administraci\u00f3n Nacional de Seguridad Social&nbsp;<\/strong>(ANSES) se indic\u00f3 que los titulares de la&nbsp;<strong>Asignaci\u00f3n Universal por Hijo<\/strong>&nbsp;(AUH) pueden presentar la libreta AUH para acceder al cobro de la&nbsp;<strong>Ayuda Escolar Anual&nbsp;<\/strong>correspondiente al ciclo lectivo del 2026. Este es un tr\u00e1mite obligatorio que si no se realiza podr\u00eda derivar en la p\u00e9rdida del beneficio.<\/p>\n\n\n\n<p>Para realizar el tr\u00e1mite, no es necesario moverse de casa ni pagar ning\u00fan arancel, la gesti\u00f3n es gratuita y digital y se realiza mediante la plataforma oficial del organismo Mi ANSES. Si el proceso se gestiona de manera correcta se acceder\u00e1 al cobro del monto extra entre febrero y marzo.<\/p>\n\n\n\n<p>\u00bfQui\u00e9nes son los beneficiarios que pueden acceder a la Ayuda Escolar Anual de ANSES?<\/p>\n\n\n\n<p>Desde el organismo indicaron que el beneficio de la Ayuda Escolar Anual apunta a titulares del&nbsp;<strong>Sistema Universal de Asignaciones Familiares<\/strong>&nbsp;(SUAF) y de la<strong>&nbsp;Asignaci\u00f3n Universal por Hijo<\/strong>&nbsp;(AUH). El menor debe tener entre 45 d\u00edas y 18 a\u00f1os y asistir a Instituciones de Educaci\u00f3n oficiales de nivel inicia, primario o secundario, para poder acceder al beneficio.<\/p>\n\n\n\n<p>En el caso de que el hijo o hija tuviera alguna discapacidad, no hay l\u00edmite de edad y se permite la concurrencia a escuelas especiales o espacios de apoyo que reconozca el organismo, reconociendo las diferentes necesidades que puede tener cada menor.<\/p>\n\n\n\n<p><strong>\u00bfCu\u00e1les son los requisitos para recibir la ayuda econ\u00f3mica?<\/strong><\/p>\n\n\n\n<p>El acceso a la Ayuda Escolar que corresponde al a\u00f1o 2026. Hay que hacer el tr\u00e1mite a trav\u00e9s de la p\u00e1gina oficial de ANSES, se ingresando el CUIL y la Clave de la Seguridad Social. Ya adentro, se debe generar un formulario para que la escuela certifique la escolaridad del menor y posteriormente, subir el formulario completo, firmado y sellado a la plataforma.<\/p>\n\n\n\n<p><strong>\u00bfCu\u00e1l es el monto de la Ayuda Escolar 2026?<\/strong><\/p>\n\n\n\n<p>La Ayuda Escolar Anual del 2026 tiene un valor de $85 mil por hijo. Este monto tiene el objetivo de aliviar un poco los gastos que implican el inicio de cada nuevo ciclo lectivo en relaci\u00f3n a la compra de \u00fatiles escolares: hojas, carpetas, l\u00e1pices, biromes y materiales de trabajo acad\u00e9mico, libros, uniformes, todo lo que los menores suelen necesitar para el a\u00f1o.<\/p>\n\n\n\n<p>En este contexto en una Argentina donde la inflaci\u00f3n no deja de crecer, este pago extra representa un respiro para el bolsillo de muchas familias.<\/p>\n","protected":false},"excerpt":{"rendered":"<p>Desde la&nbsp;Administraci\u00f3n Nacional de Seguridad Social&nbsp;(ANSES) se indic\u00f3 que los titulares de la&nbsp;Asignaci\u00f3n Universal por&#8230;<\/p>\n","protected":false},"author":2,"featured_media":8634,"comment_status":"closed","ping_status":"closed","sticky":false,"template":"","format":"standard","meta":{"_jetpack_memberships_contains_paid_content":false,"footnotes":"","jetpack_publicize_message":"ANSES inicia con el pago de la Ayuda Escolar Anual 2026","jetpack_publicize_feature_enabled":true,"jetpack_social_post_already_shared":false,"jetpack_social_options":{"image_generator_settings":{"template":"highway","default_image_id":0,"font":"","enabled":false},"version":2}},"categories":[86],"tags":[],"class_list":["post-8633","post","type-post","status-publish","format-standard","has-post-thumbnail","hentry","category-sociedad"],"yoast_head":"<!-- This site is optimized with the Yoast SEO plugin v27.4 - https:\/\/yoast.com\/product\/yoast-seo-wordpress\/ -->\n<title>ANSES inicia con el pago de la Ayuda Escolar Anual 2026 -<\/title>\n<meta name=\"robots\" content=\"index, follow, max-snippet:-1, max-image-preview:large, max-video-preview:-1\" \/>\n<link rel=\"canonical\" href=\"https:\/\/impactocastex.com.ar\/?p=8633\" \/>\n<meta property=\"og:locale\" content=\"es_ES\" \/>\n<meta property=\"og:type\" content=\"article\" \/>\n<meta property=\"og:title\" content=\"ANSES inicia con el pago de la Ayuda Escolar Anual 2026 -\" \/>\n<meta property=\"og:description\" content=\"Desde la&nbsp;Administraci\u00f3n Nacional de Seguridad Social&nbsp;(ANSES) se indic\u00f3 que los titulares de la&nbsp;Asignaci\u00f3n Universal por...\" \/>\n<meta property=\"og:url\" content=\"https:\/\/impactocastex.com.ar\/?p=8633\" \/>\n<meta property=\"article:publisher\" content=\"https:\/\/www.facebook.com\/impactocastexdiario\" \/>\n<meta property=\"article:published_time\" content=\"2026-01-15T14:28:24+00:00\" \/>\n<meta property=\"article:modified_time\" content=\"2026-01-15T14:28:25+00:00\" \/>\n<meta property=\"og:image\" content=\"https:\/\/impactocastex.com.ar\/wp-content\/uploads\/2026\/01\/1768482455933.webp\" \/>\n\t<meta property=\"og:image:width\" content=\"1121\" \/>\n\t<meta property=\"og:image:height\" content=\"633\" \/>\n\t<meta property=\"og:image:type\" content=\"image\/webp\" \/>\n<meta name=\"author\" content=\"impactocastex\" \/>\n<meta name=\"twitter:card\" content=\"summary_large_image\" \/>\n<meta name=\"twitter:label1\" content=\"Escrito por\" \/>\n\t<meta name=\"twitter:data1\" content=\"impactocastex\" \/>\n\t<meta name=\"twitter:label2\" content=\"Tiempo de lectura\" \/>\n\t<meta name=\"twitter:data2\" content=\"2 minutos\" \/>\n<script type=\"application\/ld+json\" class=\"yoast-schema-graph\">{\"@context\":\"https:\\\/\\\/schema.org\",\"@graph\":[{\"@type\":\"Article\",\"@id\":\"https:\\\/\\\/impactocastex.com.ar\\\/?p=8633#article\",\"isPartOf\":{\"@id\":\"https:\\\/\\\/impactocastex.com.ar\\\/?p=8633\"},\"author\":{\"name\":\"impactocastex\",\"@id\":\"https:\\\/\\\/impactocastex.com.ar\\\/#\\\/schema\\\/person\\\/c115028fb60f9bf49ce7550894b84ea7\"},\"headline\":\"ANSES inicia con el pago de la Ayuda Escolar Anual 2026\",\"datePublished\":\"2026-01-15T14:28:24+00:00\",\"dateModified\":\"2026-01-15T14:28:25+00:00\",\"mainEntityOfPage\":{\"@id\":\"https:\\\/\\\/impactocastex.com.ar\\\/?p=8633\"},\"wordCount\":429,\"publisher\":{\"@id\":\"https:\\\/\\\/impactocastex.com.ar\\\/#organization\"},\"image\":{\"@id\":\"https:\\\/\\\/impactocastex.com.ar\\\/?p=8633#primaryimage\"},\"thumbnailUrl\":\"https:\\\/\\\/impactocastex.com.ar\\\/wp-content\\\/uploads\\\/2026\\\/01\\\/1768482455933.webp\",\"articleSection\":[\"SOCIEDAD\"],\"inLanguage\":\"es\"},{\"@type\":\"WebPage\",\"@id\":\"https:\\\/\\\/impactocastex.com.ar\\\/?p=8633\",\"url\":\"https:\\\/\\\/impactocastex.com.ar\\\/?p=8633\",\"name\":\"ANSES inicia con el pago de la Ayuda Escolar Anual 2026 -\",\"isPartOf\":{\"@id\":\"https:\\\/\\\/impactocastex.com.ar\\\/#website\"},\"primaryImageOfPage\":{\"@id\":\"https:\\\/\\\/impactocastex.com.ar\\\/?p=8633#primaryimage\"},\"image\":{\"@id\":\"https:\\\/\\\/impactocastex.com.ar\\\/?p=8633#primaryimage\"},\"thumbnailUrl\":\"https:\\\/\\\/impactocastex.com.ar\\\/wp-content\\\/uploads\\\/2026\\\/01\\\/1768482455933.webp\",\"datePublished\":\"2026-01-15T14:28:24+00:00\",\"dateModified\":\"2026-01-15T14:28:25+00:00\",\"breadcrumb\":{\"@id\":\"https:\\\/\\\/impactocastex.com.ar\\\/?p=8633#breadcrumb\"},\"inLanguage\":\"es\",\"potentialAction\":[{\"@type\":\"ReadAction\",\"target\":[\"https:\\\/\\\/impactocastex.com.ar\\\/?p=8633\"]}]},{\"@type\":\"ImageObject\",\"inLanguage\":\"es\",\"@id\":\"https:\\\/\\\/impactocastex.com.ar\\\/?p=8633#primaryimage\",\"url\":\"https:\\\/\\\/impactocastex.com.ar\\\/wp-content\\\/uploads\\\/2026\\\/01\\\/1768482455933.webp\",\"contentUrl\":\"https:\\\/\\\/impactocastex.com.ar\\\/wp-content\\\/uploads\\\/2026\\\/01\\\/1768482455933.webp\",\"width\":1121,\"height\":633},{\"@type\":\"BreadcrumbList\",\"@id\":\"https:\\\/\\\/impactocastex.com.ar\\\/?p=8633#breadcrumb\",\"itemListElement\":[{\"@type\":\"ListItem\",\"position\":1,\"name\":\"Portada\",\"item\":\"https:\\\/\\\/impactocastex.com.ar\\\/\"},{\"@type\":\"ListItem\",\"position\":2,\"name\":\"ANSES inicia con el pago de la Ayuda Escolar Anual 2026\"}]},{\"@type\":\"WebSite\",\"@id\":\"https:\\\/\\\/impactocastex.com.ar\\\/#website\",\"url\":\"https:\\\/\\\/impactocastex.com.ar\\\/\",\"name\":\"Impacto Castex\",\"description\":\"\",\"publisher\":{\"@id\":\"https:\\\/\\\/impactocastex.com.ar\\\/#organization\"},\"potentialAction\":[{\"@type\":\"SearchAction\",\"target\":{\"@type\":\"EntryPoint\",\"urlTemplate\":\"https:\\\/\\\/impactocastex.com.ar\\\/?s={search_term_string}\"},\"query-input\":{\"@type\":\"PropertyValueSpecification\",\"valueRequired\":true,\"valueName\":\"search_term_string\"}}],\"inLanguage\":\"es\"},{\"@type\":\"Organization\",\"@id\":\"https:\\\/\\\/impactocastex.com.ar\\\/#organization\",\"name\":\"Impacto Castex\",\"url\":\"https:\\\/\\\/impactocastex.com.ar\\\/\",\"logo\":{\"@type\":\"ImageObject\",\"inLanguage\":\"es\",\"@id\":\"https:\\\/\\\/impactocastex.com.ar\\\/#\\\/schema\\\/logo\\\/image\\\/\",\"url\":\"https:\\\/\\\/impactocastex.com.ar\\\/wp-content\\\/uploads\\\/2025\\\/09\\\/cropped-icoweb.png\",\"contentUrl\":\"https:\\\/\\\/impactocastex.com.ar\\\/wp-content\\\/uploads\\\/2025\\\/09\\\/cropped-icoweb.png\",\"width\":512,\"height\":512,\"caption\":\"Impacto Castex\"},\"image\":{\"@id\":\"https:\\\/\\\/impactocastex.com.ar\\\/#\\\/schema\\\/logo\\\/image\\\/\"},\"sameAs\":[\"https:\\\/\\\/www.facebook.com\\\/impactocastexdiario\",\"https:\\\/\\\/www.instagram.com\\\/impactocastex.com.ar\\\/\"]},{\"@type\":\"Person\",\"@id\":\"https:\\\/\\\/impactocastex.com.ar\\\/#\\\/schema\\\/person\\\/c115028fb60f9bf49ce7550894b84ea7\",\"name\":\"impactocastex\",\"image\":{\"@type\":\"ImageObject\",\"inLanguage\":\"es\",\"@id\":\"https:\\\/\\\/secure.gravatar.com\\\/avatar\\\/fee87e7af008f02e9becdc0b5a9fd4a2e79b3918a571edeacb62211704637833?s=96&d=mm&r=g\",\"url\":\"https:\\\/\\\/secure.gravatar.com\\\/avatar\\\/fee87e7af008f02e9becdc0b5a9fd4a2e79b3918a571edeacb62211704637833?s=96&d=mm&r=g\",\"contentUrl\":\"https:\\\/\\\/secure.gravatar.com\\\/avatar\\\/fee87e7af008f02e9becdc0b5a9fd4a2e79b3918a571edeacb62211704637833?s=96&d=mm&r=g\",\"caption\":\"impactocastex\"},\"sameAs\":[\"https:\\\/\\\/impactocastex.com.ar\\\/\"],\"url\":\"https:\\\/\\\/impactocastex.com.ar\\\/?author=2\"}]}<\/script>\n<!-- \/ Yoast SEO plugin. -->","yoast_head_json":{"title":"ANSES inicia con el pago de la Ayuda Escolar Anual 2026 -","robots":{"index":"index","follow":"follow","max-snippet":"max-snippet:-1","max-image-preview":"max-image-preview:large","max-video-preview":"max-video-preview:-1"},"canonical":"https:\/\/impactocastex.com.ar\/?p=8633","og_locale":"es_ES","og_type":"article","og_title":"ANSES inicia con el pago de la Ayuda Escolar Anual 2026 -","og_description":"Desde la&nbsp;Administraci\u00f3n Nacional de Seguridad Social&nbsp;(ANSES) se indic\u00f3 que los titulares de la&nbsp;Asignaci\u00f3n Universal por...","og_url":"https:\/\/impactocastex.com.ar\/?p=8633","article_publisher":"https:\/\/www.facebook.com\/impactocastexdiario","article_published_time":"2026-01-15T14:28:24+00:00","article_modified_time":"2026-01-15T14:28:25+00:00","og_image":[{"width":1121,"height":633,"url":"https:\/\/impactocastex.com.ar\/wp-content\/uploads\/2026\/01\/1768482455933.webp","type":"image\/webp"}],"author":"impactocastex","twitter_card":"summary_large_image","twitter_misc":{"Escrito por":"impactocastex","Tiempo de lectura":"2 minutos"},"schema":{"@context":"https:\/\/schema.org","@graph":[{"@type":"Article","@id":"https:\/\/impactocastex.com.ar\/?p=8633#article","isPartOf":{"@id":"https:\/\/impactocastex.com.ar\/?p=8633"},"author":{"name":"impactocastex","@id":"https:\/\/impactocastex.com.ar\/#\/schema\/person\/c115028fb60f9bf49ce7550894b84ea7"},"headline":"ANSES inicia con el pago de la Ayuda Escolar Anual 2026","datePublished":"2026-01-15T14:28:24+00:00","dateModified":"2026-01-15T14:28:25+00:00","mainEntityOfPage":{"@id":"https:\/\/impactocastex.com.ar\/?p=8633"},"wordCount":429,"publisher":{"@id":"https:\/\/impactocastex.com.ar\/#organization"},"image":{"@id":"https:\/\/impactocastex.com.ar\/?p=8633#primaryimage"},"thumbnailUrl":"https:\/\/impactocastex.com.ar\/wp-content\/uploads\/2026\/01\/1768482455933.webp","articleSection":["SOCIEDAD"],"inLanguage":"es"},{"@type":"WebPage","@id":"https:\/\/impactocastex.com.ar\/?p=8633","url":"https:\/\/impactocastex.com.ar\/?p=8633","name":"ANSES inicia con el pago de la Ayuda Escolar Anual 2026 -","isPartOf":{"@id":"https:\/\/impactocastex.com.ar\/#website"},"primaryImageOfPage":{"@id":"https:\/\/impactocastex.com.ar\/?p=8633#primaryimage"},"image":{"@id":"https:\/\/impactocastex.com.ar\/?p=8633#primaryimage"},"thumbnailUrl":"https:\/\/impactocastex.com.ar\/wp-content\/uploads\/2026\/01\/1768482455933.webp","datePublished":"2026-01-15T14:28:24+00:00","dateModified":"2026-01-15T14:28:25+00:00","breadcrumb":{"@id":"https:\/\/impactocastex.com.ar\/?p=8633#breadcrumb"},"inLanguage":"es","potentialAction":[{"@type":"ReadAction","target":["https:\/\/impactocastex.com.ar\/?p=8633"]}]},{"@type":"ImageObject","inLanguage":"es","@id":"https:\/\/impactocastex.com.ar\/?p=8633#primaryimage","url":"https:\/\/impactocastex.com.ar\/wp-content\/uploads\/2026\/01\/1768482455933.webp","contentUrl":"https:\/\/impactocastex.com.ar\/wp-content\/uploads\/2026\/01\/1768482455933.webp","width":1121,"height":633},{"@type":"BreadcrumbList","@id":"https:\/\/impactocastex.com.ar\/?p=8633#breadcrumb","itemListElement":[{"@type":"ListItem","position":1,"name":"Portada","item":"https:\/\/impactocastex.com.ar\/"},{"@type":"ListItem","position":2,"name":"ANSES inicia con el pago de la Ayuda Escolar Anual 2026"}]},{"@type":"WebSite","@id":"https:\/\/impactocastex.com.ar\/#website","url":"https:\/\/impactocastex.com.ar\/","name":"Impacto Castex","description":"","publisher":{"@id":"https:\/\/impactocastex.com.ar\/#organization"},"potentialAction":[{"@type":"SearchAction","target":{"@type":"EntryPoint","urlTemplate":"https:\/\/impactocastex.com.ar\/?s={search_term_string}"},"query-input":{"@type":"PropertyValueSpecification","valueRequired":true,"valueName":"search_term_string"}}],"inLanguage":"es"},{"@type":"Organization","@id":"https:\/\/impactocastex.com.ar\/#organization","name":"Impacto Castex","url":"https:\/\/impactocastex.com.ar\/","logo":{"@type":"ImageObject","inLanguage":"es","@id":"https:\/\/impactocastex.com.ar\/#\/schema\/logo\/image\/","url":"https:\/\/impactocastex.com.ar\/wp-content\/uploads\/2025\/09\/cropped-icoweb.png","contentUrl":"https:\/\/impactocastex.com.ar\/wp-content\/uploads\/2025\/09\/cropped-icoweb.png","width":512,"height":512,"caption":"Impacto Castex"},"image":{"@id":"https:\/\/impactocastex.com.ar\/#\/schema\/logo\/image\/"},"sameAs":["https:\/\/www.facebook.com\/impactocastexdiario","https:\/\/www.instagram.com\/impactocastex.com.ar\/"]},{"@type":"Person","@id":"https:\/\/impactocastex.com.ar\/#\/schema\/person\/c115028fb60f9bf49ce7550894b84ea7","name":"impactocastex","image":{"@type":"ImageObject","inLanguage":"es","@id":"https:\/\/secure.gravatar.com\/avatar\/fee87e7af008f02e9becdc0b5a9fd4a2e79b3918a571edeacb62211704637833?s=96&d=mm&r=g","url":"https:\/\/secure.gravatar.com\/avatar\/fee87e7af008f02e9becdc0b5a9fd4a2e79b3918a571edeacb62211704637833?s=96&d=mm&r=g","contentUrl":"https:\/\/secure.gravatar.com\/avatar\/fee87e7af008f02e9becdc0b5a9fd4a2e79b3918a571edeacb62211704637833?s=96&d=mm&r=g","caption":"impactocastex"},"sameAs":["https:\/\/impactocastex.com.ar\/"],"url":"https:\/\/impactocastex.com.ar\/?author=2"}]}},"jetpack_publicize_connections":[],"featured_image_urls":{"full":["https:\/\/impactocastex.com.ar\/wp-content\/uploads\/2026\/01\/1768482455933.webp",1121,633,false],"thumbnail":["https:\/\/impactocastex.com.ar\/wp-content\/uploads\/2026\/01\/1768482455933-150x150.webp",150,150,true],"medium":["https:\/\/impactocastex.com.ar\/wp-content\/uploads\/2026\/01\/1768482455933-300x169.webp",300,169,true],"medium_large":["https:\/\/impactocastex.com.ar\/wp-content\/uploads\/2026\/01\/1768482455933-768x434.webp",640,362,true],"large":["https:\/\/impactocastex.com.ar\/wp-content\/uploads\/2026\/01\/1768482455933-1024x578.webp",640,361,true],"1536x1536":["https:\/\/impactocastex.com.ar\/wp-content\/uploads\/2026\/01\/1768482455933.webp",1121,633,false],"2048x2048":["https:\/\/impactocastex.com.ar\/wp-content\/uploads\/2026\/01\/1768482455933.webp",1121,633,false],"newsever-slider-full":["https:\/\/impactocastex.com.ar\/wp-content\/uploads\/2026\/01\/1768482455933.webp",1121,633,false],"newsever-featured":["https:\/\/impactocastex.com.ar\/wp-content\/uploads\/2026\/01\/1768482455933-1024x578.webp",1024,578,true],"newsever-medium":["https:\/\/impactocastex.com.ar\/wp-content\/uploads\/2026\/01\/1768482455933-720x475.webp",720,475,true]},"author_info":{"info":["impactocastex"]},"category_info":"<a href=\"https:\/\/impactocastex.com.ar\/?cat=86\" rel=\"category\">SOCIEDAD<\/a>","tag_info":"SOCIEDAD","comment_count":0,"jetpack_featured_media_url":"https:\/\/impactocastex.com.ar\/wp-content\/uploads\/2026\/01\/1768482455933.webp","jetpack_sharing_enabled":true,"jetpack_likes_enabled":true,"jetpack_shortlink":"https:\/\/wp.me\/p7sopA-2ff","_links":{"self":[{"href":"https:\/\/impactocastex.com.ar\/index.php?rest_route=\/wp\/v2\/posts\/8633","targetHints":{"allow":["GET"]}}],"collection":[{"href":"https:\/\/impactocastex.com.ar\/index.php?rest_route=\/wp\/v2\/posts"}],"about":[{"href":"https:\/\/impactocastex.com.ar\/index.php?rest_route=\/wp\/v2\/types\/post"}],"author":[{"embeddable":true,"href":"https:\/\/impactocastex.com.ar\/index.php?rest_route=\/wp\/v2\/users\/2"}],"replies":[{"embeddable":true,"href":"https:\/\/impactocastex.com.ar\/index.php?rest_route=%2Fwp%2Fv2%2Fcomments&post=8633"}],"version-history":[{"count":1,"href":"https:\/\/impactocastex.com.ar\/index.php?rest_route=\/wp\/v2\/posts\/8633\/revisions"}],"predecessor-version":[{"id":8635,"href":"https:\/\/impactocastex.com.ar\/index.php?rest_route=\/wp\/v2\/posts\/8633\/revisions\/8635"}],"wp:featuredmedia":[{"embeddable":true,"href":"https:\/\/impactocastex.com.ar\/index.php?rest_route=\/wp\/v2\/media\/8634"}],"wp:attachment":[{"href":"https:\/\/impactocastex.com.ar\/index.php?rest_route=%2Fwp%2Fv2%2Fmedia&parent=8633"}],"wp:term":[{"taxonomy":"category","embeddable":true,"href":"https:\/\/impactocastex.com.ar\/index.php?rest_route=%2Fwp%2Fv2%2Fcategories&post=8633"},{"taxonomy":"post_tag","embeddable":true,"href":"https:\/\/impactocastex.com.ar\/index.php?rest_route=%2Fwp%2Fv2%2Ftags&post=8633"}],"curies":[{"name":"wp","href":"https:\/\/api.w.org\/{rel}","templated":true}]}}