{"id":8618,"date":"2026-01-15T11:12:16","date_gmt":"2026-01-15T14:12:16","guid":{"rendered":"https:\/\/impactocastex.com.ar\/?p=8618"},"modified":"2026-01-15T11:12:18","modified_gmt":"2026-01-15T14:12:18","slug":"voy-a-volver-a-jesus-maria-la-palabra-firme-del-jinete-piquense-braian-mormont-tras-el-alta-medica","status":"publish","type":"post","link":"https:\/\/impactocastex.com.ar\/?p=8618","title":{"rendered":"\u201cVoy a volver a Jes\u00fas Mar\u00eda\u201d: la palabra firme del jinete Piquense Braian Mormont tras el alta m\u00e9dica"},"content":{"rendered":"\n<p>Braian Mormont recibi\u00f3 el alta m\u00e9dica este martes cerca del mediod\u00eda. El multicampe\u00f3n piquense dej\u00f3 el nosocomio de Colonia Caroya, donde permanec\u00eda internado tras el grave accidente sufrido en el Campo de Doma de Jes\u00fas Mar\u00eda, y continuar\u00e1 ahora con su recuperaci\u00f3n de manera ambulatoria. A pesar del duro golpe, su mensaje fue claro y contundente: \u201cVoy a Volver a Jesus Maria\u201d.<\/p>\n\n\n\n<p>El experimentado domador de nuestra ciudad hab\u00eda llegado en condiciones ideales a la m\u00e1xima cita de la jineteada latinoamericana. Compet\u00eda en la categor\u00eda en la que mejor se desempe\u00f1a, con un rendimiento en constante crecimiento y una trayectoria que lo posicionaba como firme candidato al podio del campeonato.<\/p>\n\n\n\n<p>Desde nuestra redacci\u00f3n, el s\u00e1bado ya lo hab\u00edamos definido con un t\u00edtulo que hoy cobra m\u00e1s sentido que nunca: \u201cMentalidad de Campe\u00f3n y Desempe\u00f1o Profesional\u201d. Y no fue casual. Braian encar\u00f3 cada monta con una estrategia inteligente, cuidada al extremo, sabiendo cu\u00e1ndo sumar sin arriesgar de m\u00e1s y cu\u00e1ndo ir por los puntos que pod\u00edan marcar la diferencia en la tabla general.<\/p>\n\n\n\n<p>En la primera jornada, con el predio cubierto de barro, le toc\u00f3 montar a El Gato, de la caballada de Paco L\u00f3pez, un flete que ya conoc\u00eda de Nueva Galia, donde hab\u00eda ganado. Le permiti\u00f3 al bagual encarar por donde quiso, sin apurarlo, evitando resbalones y logrando una suma clave en las tarjetas del jurado.<\/p>\n\n\n\n<p>El s\u00e1bado por la noche fue el turno del reservado El Libanero, de Pringles, un pingo con antecedentes de ca\u00eddas. Braian lo sac\u00f3 con decisi\u00f3n del palenque, lo afirm\u00f3 fuerte para que saliera explosivo, pero al notar que no arrancaba como esperaba, solt\u00f3 las riendas para permitirle avanzar y no quedarse plantado en la pista. Tras las dos jornadas, qued\u00f3 a solo 7 puntos del primero y a 3 del tercero. Estaba en zona de definici\u00f3n, con el campeonato al alcance.<\/p>\n\n\n\n<p>El domingo 11 lleg\u00f3 el momento decisivo. Al salir del palo La Chilindrina, yegua de la tropilla Los Callejeros, propiedad de Miguel Ojeda, Braian sab\u00eda que era \u201cvidriosa\u201d y con tendencia a caerse. Aun as\u00ed, la larg\u00f3 con toda la fe, confiando en su nobleza. La yegua amag\u00f3 una ca\u00edda, \u00e9l solt\u00f3 rienda para dejarla ir, pero al llegar a los carteles no encontr\u00f3 salida y se produjo el vuelco. Braian tom\u00f3 la grupa para caer juntos y, casi por instinto, su mentalidad de jinete lo llev\u00f3 a intentar seguir sobre el lomo. Sin embargo, la lesi\u00f3n en la zona p\u00e9lvica fue grav\u00edsima.<\/p>\n\n\n\n<p>De no haberse dado este imponderable, la actuaci\u00f3n ten\u00eda nivel de campeonato y lo hubiera ubicado entre los tres primeros puestos. Hoy, lejos de la pista, queda la certeza de su entrega y una promesa que retumba con fuerza en el ambiente gaucho. En un audio que emocion\u00f3 a todos, Braian lo dej\u00f3 claro, con el alma y la palabra: \u201cVoy a Volver a Jesus Maria\u201d.<\/p>\n\n\n\n<p>F: Latidos Noticias<\/p>\n","protected":false},"excerpt":{"rendered":"<p>Braian Mormont recibi\u00f3 el alta m\u00e9dica este martes cerca del mediod\u00eda. El multicampe\u00f3n piquense dej\u00f3&#8230;<\/p>\n","protected":false},"author":2,"featured_media":8619,"comment_status":"closed","ping_status":"closed","sticky":false,"template":"","format":"standard","meta":{"_jetpack_memberships_contains_paid_content":false,"footnotes":"","jetpack_publicize_message":"\u201cVoy a volver a Jes\u00fas Mar\u00eda\u201d: la palabra firme del jinete Piquense Braian Mormont tras el alta m\u00e9dica","jetpack_publicize_feature_enabled":true,"jetpack_social_post_already_shared":false,"jetpack_social_options":{"image_generator_settings":{"template":"highway","default_image_id":0,"font":"","enabled":false},"version":2}},"categories":[83],"tags":[],"class_list":["post-8618","post","type-post","status-publish","format-standard","has-post-thumbnail","hentry","category-la-pampa"],"yoast_head":"<!-- This site is optimized with the Yoast SEO plugin v27.4 - https:\/\/yoast.com\/product\/yoast-seo-wordpress\/ -->\n<title>\u201cVoy a volver a Jes\u00fas Mar\u00eda\u201d: la palabra firme del jinete Piquense Braian Mormont tras el alta m\u00e9dica -<\/title>\n<meta name=\"robots\" content=\"index, follow, max-snippet:-1, max-image-preview:large, max-video-preview:-1\" \/>\n<link rel=\"canonical\" href=\"https:\/\/impactocastex.com.ar\/?p=8618\" \/>\n<meta property=\"og:locale\" content=\"es_ES\" \/>\n<meta property=\"og:type\" content=\"article\" \/>\n<meta property=\"og:title\" content=\"\u201cVoy a volver a Jes\u00fas Mar\u00eda\u201d: la palabra firme del jinete Piquense Braian Mormont tras el alta m\u00e9dica -\" \/>\n<meta property=\"og:description\" content=\"Braian Mormont recibi\u00f3 el alta m\u00e9dica este martes cerca del mediod\u00eda. El multicampe\u00f3n piquense dej\u00f3...\" \/>\n<meta property=\"og:url\" content=\"https:\/\/impactocastex.com.ar\/?p=8618\" \/>\n<meta property=\"article:publisher\" content=\"https:\/\/www.facebook.com\/impactocastexdiario\" \/>\n<meta property=\"article:published_time\" content=\"2026-01-15T14:12:16+00:00\" \/>\n<meta property=\"article:modified_time\" content=\"2026-01-15T14:12:18+00:00\" \/>\n<meta property=\"og:image\" content=\"https:\/\/impactocastex.com.ar\/wp-content\/uploads\/2026\/01\/f1280x720-254424_386099_5050.jpg\" \/>\n\t<meta property=\"og:image:width\" content=\"1280\" \/>\n\t<meta property=\"og:image:height\" content=\"720\" \/>\n\t<meta property=\"og:image:type\" content=\"image\/jpeg\" \/>\n<meta name=\"author\" content=\"impactocastex\" \/>\n<meta name=\"twitter:card\" content=\"summary_large_image\" \/>\n<meta name=\"twitter:label1\" content=\"Escrito por\" \/>\n\t<meta name=\"twitter:data1\" content=\"impactocastex\" \/>\n\t<meta name=\"twitter:label2\" content=\"Tiempo de lectura\" \/>\n\t<meta name=\"twitter:data2\" content=\"3 minutos\" \/>\n<script type=\"application\/ld+json\" class=\"yoast-schema-graph\">{\"@context\":\"https:\\\/\\\/schema.org\",\"@graph\":[{\"@type\":\"Article\",\"@id\":\"https:\\\/\\\/impactocastex.com.ar\\\/?p=8618#article\",\"isPartOf\":{\"@id\":\"https:\\\/\\\/impactocastex.com.ar\\\/?p=8618\"},\"author\":{\"name\":\"impactocastex\",\"@id\":\"https:\\\/\\\/impactocastex.com.ar\\\/#\\\/schema\\\/person\\\/c115028fb60f9bf49ce7550894b84ea7\"},\"headline\":\"\u201cVoy a volver a Jes\u00fas Mar\u00eda\u201d: la palabra firme del jinete Piquense Braian Mormont tras el alta m\u00e9dica\",\"datePublished\":\"2026-01-15T14:12:16+00:00\",\"dateModified\":\"2026-01-15T14:12:18+00:00\",\"mainEntityOfPage\":{\"@id\":\"https:\\\/\\\/impactocastex.com.ar\\\/?p=8618\"},\"wordCount\":535,\"publisher\":{\"@id\":\"https:\\\/\\\/impactocastex.com.ar\\\/#organization\"},\"image\":{\"@id\":\"https:\\\/\\\/impactocastex.com.ar\\\/?p=8618#primaryimage\"},\"thumbnailUrl\":\"https:\\\/\\\/impactocastex.com.ar\\\/wp-content\\\/uploads\\\/2026\\\/01\\\/f1280x720-254424_386099_5050.jpg\",\"articleSection\":[\"LA PAMPA\"],\"inLanguage\":\"es\"},{\"@type\":\"WebPage\",\"@id\":\"https:\\\/\\\/impactocastex.com.ar\\\/?p=8618\",\"url\":\"https:\\\/\\\/impactocastex.com.ar\\\/?p=8618\",\"name\":\"\u201cVoy a volver a Jes\u00fas Mar\u00eda\u201d: la palabra firme del jinete Piquense Braian Mormont tras el alta m\u00e9dica -\",\"isPartOf\":{\"@id\":\"https:\\\/\\\/impactocastex.com.ar\\\/#website\"},\"primaryImageOfPage\":{\"@id\":\"https:\\\/\\\/impactocastex.com.ar\\\/?p=8618#primaryimage\"},\"image\":{\"@id\":\"https:\\\/\\\/impactocastex.com.ar\\\/?p=8618#primaryimage\"},\"thumbnailUrl\":\"https:\\\/\\\/impactocastex.com.ar\\\/wp-content\\\/uploads\\\/2026\\\/01\\\/f1280x720-254424_386099_5050.jpg\",\"datePublished\":\"2026-01-15T14:12:16+00:00\",\"dateModified\":\"2026-01-15T14:12:18+00:00\",\"breadcrumb\":{\"@id\":\"https:\\\/\\\/impactocastex.com.ar\\\/?p=8618#breadcrumb\"},\"inLanguage\":\"es\",\"potentialAction\":[{\"@type\":\"ReadAction\",\"target\":[\"https:\\\/\\\/impactocastex.com.ar\\\/?p=8618\"]}]},{\"@type\":\"ImageObject\",\"inLanguage\":\"es\",\"@id\":\"https:\\\/\\\/impactocastex.com.ar\\\/?p=8618#primaryimage\",\"url\":\"https:\\\/\\\/impactocastex.com.ar\\\/wp-content\\\/uploads\\\/2026\\\/01\\\/f1280x720-254424_386099_5050.jpg\",\"contentUrl\":\"https:\\\/\\\/impactocastex.com.ar\\\/wp-content\\\/uploads\\\/2026\\\/01\\\/f1280x720-254424_386099_5050.jpg\",\"width\":1280,\"height\":720},{\"@type\":\"BreadcrumbList\",\"@id\":\"https:\\\/\\\/impactocastex.com.ar\\\/?p=8618#breadcrumb\",\"itemListElement\":[{\"@type\":\"ListItem\",\"position\":1,\"name\":\"Portada\",\"item\":\"https:\\\/\\\/impactocastex.com.ar\\\/\"},{\"@type\":\"ListItem\",\"position\":2,\"name\":\"\u201cVoy a volver a Jes\u00fas Mar\u00eda\u201d: la palabra firme del jinete Piquense Braian Mormont tras el alta m\u00e9dica\"}]},{\"@type\":\"WebSite\",\"@id\":\"https:\\\/\\\/impactocastex.com.ar\\\/#website\",\"url\":\"https:\\\/\\\/impactocastex.com.ar\\\/\",\"name\":\"Impacto Castex\",\"description\":\"\",\"publisher\":{\"@id\":\"https:\\\/\\\/impactocastex.com.ar\\\/#organization\"},\"potentialAction\":[{\"@type\":\"SearchAction\",\"target\":{\"@type\":\"EntryPoint\",\"urlTemplate\":\"https:\\\/\\\/impactocastex.com.ar\\\/?s={search_term_string}\"},\"query-input\":{\"@type\":\"PropertyValueSpecification\",\"valueRequired\":true,\"valueName\":\"search_term_string\"}}],\"inLanguage\":\"es\"},{\"@type\":\"Organization\",\"@id\":\"https:\\\/\\\/impactocastex.com.ar\\\/#organization\",\"name\":\"Impacto Castex\",\"url\":\"https:\\\/\\\/impactocastex.com.ar\\\/\",\"logo\":{\"@type\":\"ImageObject\",\"inLanguage\":\"es\",\"@id\":\"https:\\\/\\\/impactocastex.com.ar\\\/#\\\/schema\\\/logo\\\/image\\\/\",\"url\":\"https:\\\/\\\/impactocastex.com.ar\\\/wp-content\\\/uploads\\\/2025\\\/09\\\/cropped-icoweb.png\",\"contentUrl\":\"https:\\\/\\\/impactocastex.com.ar\\\/wp-content\\\/uploads\\\/2025\\\/09\\\/cropped-icoweb.png\",\"width\":512,\"height\":512,\"caption\":\"Impacto Castex\"},\"image\":{\"@id\":\"https:\\\/\\\/impactocastex.com.ar\\\/#\\\/schema\\\/logo\\\/image\\\/\"},\"sameAs\":[\"https:\\\/\\\/www.facebook.com\\\/impactocastexdiario\",\"https:\\\/\\\/www.instagram.com\\\/impactocastex.com.ar\\\/\"]},{\"@type\":\"Person\",\"@id\":\"https:\\\/\\\/impactocastex.com.ar\\\/#\\\/schema\\\/person\\\/c115028fb60f9bf49ce7550894b84ea7\",\"name\":\"impactocastex\",\"image\":{\"@type\":\"ImageObject\",\"inLanguage\":\"es\",\"@id\":\"https:\\\/\\\/secure.gravatar.com\\\/avatar\\\/fee87e7af008f02e9becdc0b5a9fd4a2e79b3918a571edeacb62211704637833?s=96&d=mm&r=g\",\"url\":\"https:\\\/\\\/secure.gravatar.com\\\/avatar\\\/fee87e7af008f02e9becdc0b5a9fd4a2e79b3918a571edeacb62211704637833?s=96&d=mm&r=g\",\"contentUrl\":\"https:\\\/\\\/secure.gravatar.com\\\/avatar\\\/fee87e7af008f02e9becdc0b5a9fd4a2e79b3918a571edeacb62211704637833?s=96&d=mm&r=g\",\"caption\":\"impactocastex\"},\"sameAs\":[\"https:\\\/\\\/impactocastex.com.ar\\\/\"],\"url\":\"https:\\\/\\\/impactocastex.com.ar\\\/?author=2\"}]}<\/script>\n<!-- \/ Yoast SEO plugin. -->","yoast_head_json":{"title":"\u201cVoy a volver a Jes\u00fas Mar\u00eda\u201d: la palabra firme del jinete Piquense Braian Mormont tras el alta m\u00e9dica -","robots":{"index":"index","follow":"follow","max-snippet":"max-snippet:-1","max-image-preview":"max-image-preview:large","max-video-preview":"max-video-preview:-1"},"canonical":"https:\/\/impactocastex.com.ar\/?p=8618","og_locale":"es_ES","og_type":"article","og_title":"\u201cVoy a volver a Jes\u00fas Mar\u00eda\u201d: la palabra firme del jinete Piquense Braian Mormont tras el alta m\u00e9dica -","og_description":"Braian Mormont recibi\u00f3 el alta m\u00e9dica este martes cerca del mediod\u00eda. El multicampe\u00f3n piquense dej\u00f3...","og_url":"https:\/\/impactocastex.com.ar\/?p=8618","article_publisher":"https:\/\/www.facebook.com\/impactocastexdiario","article_published_time":"2026-01-15T14:12:16+00:00","article_modified_time":"2026-01-15T14:12:18+00:00","og_image":[{"width":1280,"height":720,"url":"https:\/\/impactocastex.com.ar\/wp-content\/uploads\/2026\/01\/f1280x720-254424_386099_5050.jpg","type":"image\/jpeg"}],"author":"impactocastex","twitter_card":"summary_large_image","twitter_misc":{"Escrito por":"impactocastex","Tiempo de lectura":"3 minutos"},"schema":{"@context":"https:\/\/schema.org","@graph":[{"@type":"Article","@id":"https:\/\/impactocastex.com.ar\/?p=8618#article","isPartOf":{"@id":"https:\/\/impactocastex.com.ar\/?p=8618"},"author":{"name":"impactocastex","@id":"https:\/\/impactocastex.com.ar\/#\/schema\/person\/c115028fb60f9bf49ce7550894b84ea7"},"headline":"\u201cVoy a volver a Jes\u00fas Mar\u00eda\u201d: la palabra firme del jinete Piquense Braian Mormont tras el alta m\u00e9dica","datePublished":"2026-01-15T14:12:16+00:00","dateModified":"2026-01-15T14:12:18+00:00","mainEntityOfPage":{"@id":"https:\/\/impactocastex.com.ar\/?p=8618"},"wordCount":535,"publisher":{"@id":"https:\/\/impactocastex.com.ar\/#organization"},"image":{"@id":"https:\/\/impactocastex.com.ar\/?p=8618#primaryimage"},"thumbnailUrl":"https:\/\/impactocastex.com.ar\/wp-content\/uploads\/2026\/01\/f1280x720-254424_386099_5050.jpg","articleSection":["LA PAMPA"],"inLanguage":"es"},{"@type":"WebPage","@id":"https:\/\/impactocastex.com.ar\/?p=8618","url":"https:\/\/impactocastex.com.ar\/?p=8618","name":"\u201cVoy a volver a Jes\u00fas Mar\u00eda\u201d: la palabra firme del jinete Piquense Braian Mormont tras el alta m\u00e9dica -","isPartOf":{"@id":"https:\/\/impactocastex.com.ar\/#website"},"primaryImageOfPage":{"@id":"https:\/\/impactocastex.com.ar\/?p=8618#primaryimage"},"image":{"@id":"https:\/\/impactocastex.com.ar\/?p=8618#primaryimage"},"thumbnailUrl":"https:\/\/impactocastex.com.ar\/wp-content\/uploads\/2026\/01\/f1280x720-254424_386099_5050.jpg","datePublished":"2026-01-15T14:12:16+00:00","dateModified":"2026-01-15T14:12:18+00:00","breadcrumb":{"@id":"https:\/\/impactocastex.com.ar\/?p=8618#breadcrumb"},"inLanguage":"es","potentialAction":[{"@type":"ReadAction","target":["https:\/\/impactocastex.com.ar\/?p=8618"]}]},{"@type":"ImageObject","inLanguage":"es","@id":"https:\/\/impactocastex.com.ar\/?p=8618#primaryimage","url":"https:\/\/impactocastex.com.ar\/wp-content\/uploads\/2026\/01\/f1280x720-254424_386099_5050.jpg","contentUrl":"https:\/\/impactocastex.com.ar\/wp-content\/uploads\/2026\/01\/f1280x720-254424_386099_5050.jpg","width":1280,"height":720},{"@type":"BreadcrumbList","@id":"https:\/\/impactocastex.com.ar\/?p=8618#breadcrumb","itemListElement":[{"@type":"ListItem","position":1,"name":"Portada","item":"https:\/\/impactocastex.com.ar\/"},{"@type":"ListItem","position":2,"name":"\u201cVoy a volver a Jes\u00fas Mar\u00eda\u201d: la palabra firme del jinete Piquense Braian Mormont tras el alta m\u00e9dica"}]},{"@type":"WebSite","@id":"https:\/\/impactocastex.com.ar\/#website","url":"https:\/\/impactocastex.com.ar\/","name":"Impacto Castex","description":"","publisher":{"@id":"https:\/\/impactocastex.com.ar\/#organization"},"potentialAction":[{"@type":"SearchAction","target":{"@type":"EntryPoint","urlTemplate":"https:\/\/impactocastex.com.ar\/?s={search_term_string}"},"query-input":{"@type":"PropertyValueSpecification","valueRequired":true,"valueName":"search_term_string"}}],"inLanguage":"es"},{"@type":"Organization","@id":"https:\/\/impactocastex.com.ar\/#organization","name":"Impacto Castex","url":"https:\/\/impactocastex.com.ar\/","logo":{"@type":"ImageObject","inLanguage":"es","@id":"https:\/\/impactocastex.com.ar\/#\/schema\/logo\/image\/","url":"https:\/\/impactocastex.com.ar\/wp-content\/uploads\/2025\/09\/cropped-icoweb.png","contentUrl":"https:\/\/impactocastex.com.ar\/wp-content\/uploads\/2025\/09\/cropped-icoweb.png","width":512,"height":512,"caption":"Impacto Castex"},"image":{"@id":"https:\/\/impactocastex.com.ar\/#\/schema\/logo\/image\/"},"sameAs":["https:\/\/www.facebook.com\/impactocastexdiario","https:\/\/www.instagram.com\/impactocastex.com.ar\/"]},{"@type":"Person","@id":"https:\/\/impactocastex.com.ar\/#\/schema\/person\/c115028fb60f9bf49ce7550894b84ea7","name":"impactocastex","image":{"@type":"ImageObject","inLanguage":"es","@id":"https:\/\/secure.gravatar.com\/avatar\/fee87e7af008f02e9becdc0b5a9fd4a2e79b3918a571edeacb62211704637833?s=96&d=mm&r=g","url":"https:\/\/secure.gravatar.com\/avatar\/fee87e7af008f02e9becdc0b5a9fd4a2e79b3918a571edeacb62211704637833?s=96&d=mm&r=g","contentUrl":"https:\/\/secure.gravatar.com\/avatar\/fee87e7af008f02e9becdc0b5a9fd4a2e79b3918a571edeacb62211704637833?s=96&d=mm&r=g","caption":"impactocastex"},"sameAs":["https:\/\/impactocastex.com.ar\/"],"url":"https:\/\/impactocastex.com.ar\/?author=2"}]}},"jetpack_publicize_connections":[],"featured_image_urls":{"full":["https:\/\/impactocastex.com.ar\/wp-content\/uploads\/2026\/01\/f1280x720-254424_386099_5050.jpg",1280,720,false],"thumbnail":["https:\/\/impactocastex.com.ar\/wp-content\/uploads\/2026\/01\/f1280x720-254424_386099_5050-150x150.jpg",150,150,true],"medium":["https:\/\/impactocastex.com.ar\/wp-content\/uploads\/2026\/01\/f1280x720-254424_386099_5050-300x169.jpg",300,169,true],"medium_large":["https:\/\/impactocastex.com.ar\/wp-content\/uploads\/2026\/01\/f1280x720-254424_386099_5050-768x432.jpg",640,360,true],"large":["https:\/\/impactocastex.com.ar\/wp-content\/uploads\/2026\/01\/f1280x720-254424_386099_5050-1024x576.jpg",640,360,true],"1536x1536":["https:\/\/impactocastex.com.ar\/wp-content\/uploads\/2026\/01\/f1280x720-254424_386099_5050.jpg",1280,720,false],"2048x2048":["https:\/\/impactocastex.com.ar\/wp-content\/uploads\/2026\/01\/f1280x720-254424_386099_5050.jpg",1280,720,false],"newsever-slider-full":["https:\/\/impactocastex.com.ar\/wp-content\/uploads\/2026\/01\/f1280x720-254424_386099_5050.jpg",1280,720,false],"newsever-featured":["https:\/\/impactocastex.com.ar\/wp-content\/uploads\/2026\/01\/f1280x720-254424_386099_5050-1024x576.jpg",1024,576,true],"newsever-medium":["https:\/\/impactocastex.com.ar\/wp-content\/uploads\/2026\/01\/f1280x720-254424_386099_5050-720x475.jpg",720,475,true]},"author_info":{"info":["impactocastex"]},"category_info":"<a href=\"https:\/\/impactocastex.com.ar\/?cat=83\" rel=\"category\">LA PAMPA<\/a>","tag_info":"LA PAMPA","comment_count":0,"jetpack_featured_media_url":"https:\/\/impactocastex.com.ar\/wp-content\/uploads\/2026\/01\/f1280x720-254424_386099_5050.jpg","jetpack_sharing_enabled":true,"jetpack_likes_enabled":true,"jetpack_shortlink":"https:\/\/wp.me\/p7sopA-2f0","_links":{"self":[{"href":"https:\/\/impactocastex.com.ar\/index.php?rest_route=\/wp\/v2\/posts\/8618","targetHints":{"allow":["GET"]}}],"collection":[{"href":"https:\/\/impactocastex.com.ar\/index.php?rest_route=\/wp\/v2\/posts"}],"about":[{"href":"https:\/\/impactocastex.com.ar\/index.php?rest_route=\/wp\/v2\/types\/post"}],"author":[{"embeddable":true,"href":"https:\/\/impactocastex.com.ar\/index.php?rest_route=\/wp\/v2\/users\/2"}],"replies":[{"embeddable":true,"href":"https:\/\/impactocastex.com.ar\/index.php?rest_route=%2Fwp%2Fv2%2Fcomments&post=8618"}],"version-history":[{"count":1,"href":"https:\/\/impactocastex.com.ar\/index.php?rest_route=\/wp\/v2\/posts\/8618\/revisions"}],"predecessor-version":[{"id":8620,"href":"https:\/\/impactocastex.com.ar\/index.php?rest_route=\/wp\/v2\/posts\/8618\/revisions\/8620"}],"wp:featuredmedia":[{"embeddable":true,"href":"https:\/\/impactocastex.com.ar\/index.php?rest_route=\/wp\/v2\/media\/8619"}],"wp:attachment":[{"href":"https:\/\/impactocastex.com.ar\/index.php?rest_route=%2Fwp%2Fv2%2Fmedia&parent=8618"}],"wp:term":[{"taxonomy":"category","embeddable":true,"href":"https:\/\/impactocastex.com.ar\/index.php?rest_route=%2Fwp%2Fv2%2Fcategories&post=8618"},{"taxonomy":"post_tag","embeddable":true,"href":"https:\/\/impactocastex.com.ar\/index.php?rest_route=%2Fwp%2Fv2%2Ftags&post=8618"}],"curies":[{"name":"wp","href":"https:\/\/api.w.org\/{rel}","templated":true}]}}