{"id":8612,"date":"2026-01-15T11:06:58","date_gmt":"2026-01-15T14:06:58","guid":{"rendered":"https:\/\/impactocastex.com.ar\/?p=8612"},"modified":"2026-01-15T11:06:59","modified_gmt":"2026-01-15T14:06:59","slug":"zona-franca-grandes-avances-y-nuevos-desafios-en-un-contexto-complejo-a-nivel-nacional","status":"publish","type":"post","link":"https:\/\/impactocastex.com.ar\/?p=8612","title":{"rendered":"Zona Franca: grandes avances y nuevos desaf\u00edos en un contexto complejo a nivel nacional"},"content":{"rendered":"\n<p>Zona Franca cerr\u00f3 un 2025 muy positivo y con la firme decisi\u00f3n de seguir apuntalando el desarrollo productivo regional.<\/p>\n\n\n\n<p>En los \u00faltimos meses, la situaci\u00f3n econ\u00f3mica nacional, la ca\u00edda del consumo interno y la apertura de las importaciones impactaron de manera directa en el sector industrial nacional. Zona Franca no estuvo al margen de este escenario pero logr\u00f3 mantener un ritmo de actividad gracias a la sinergia p\u00fablico-privada y a la firme decisi\u00f3n del gobierno provincial de apuntalar al sector productivo.<br>&nbsp;<br>En la actualidad dentro de la Zona Franca de General Pico, organismo a cargo del Ministerio de la Producci\u00f3n, se encuentran 25 empresas radicadas bajo la figura de Usuario Directo y otras 41 empresas denominadas Usuarios Indirectos, donde se pueden destacar como rubros principales tales como: petr\u00f3leo y miner\u00eda, maquinaria vial, ferreteria, textil. Actualmente trabajan 560 personas lo que marca un incipiente incremento respecto del cierre 2024.<br>Frente a la recesi\u00f3n a nivel nacional y la situaci\u00f3n financiera, durante 2025 empresas radicadas y gobierno provincial trabajaron coordinadamente para atenuar las consecuencias del escenario adverso. \u201cHa sido un a\u00f1o donde por un lado, varias firmas se vieron obligadas a reducir su nivel de actividad, suspender operaciones e incluso despedir personal, mientras que por otro, se observ\u00f3 un incremento en el volumen de mercader\u00edas importadas almacenadas, particularmente en rubros petrolero, ferretero y vial, lo que refleja un cambio en la din\u00e1mica de uso del predio, aumentando significativamente la cantidad de operaciones y los montos totales en d\u00f3lares, con mayor peso del almacenamiento frente a la radicaci\u00f3n de nuevas industrias\u201d, detall\u00f3 Germ\u00e1n Luqui, presidente del Comit\u00e9 Ejecutivo de Zona Franca.<br>El objetivo principal, desde sus inicios, de la Zona Franca de General Pico (ZFGP) es impulsar el comercio exterior, la log\u00edstica y la exportaci\u00f3n desde La Pampa, ofreciendo a las empresas ventajas fiscales y aduaneras, como la exenci\u00f3n de impuestos y tributos, para fomentar la inversi\u00f3n, la producci\u00f3n, la distribuci\u00f3n internacional y la generaci\u00f3n de empleo en la regi\u00f3n, funcionando como un hub estrat\u00e9gico para el desarrollo econ\u00f3mico local y nacional. En 2025, hasta el 30 de noviembre se realizaron 934 operaciones por m\u00e1s de 65 millones de d\u00f3lares, a su vez cuatro empresas est\u00e1n ampliando su infraestructura y otras cuatro est\u00e1n analizando la viabilidad de radicarse en la ZF.<br><br>Buenas proyecciones<br>Santiago Acquaroli , gerente de ACA Pentasilo realiz\u00f3 un balance para la planta, \u201cnuestro \u00faltimo ciclo productivo que finaliz\u00f3 en julio de 2025 termin\u00f3 muy bien, fue pr\u00e1cticamente uno de nuestros planes de producci\u00f3n record, arrancamos este m\u00e1s lento, pero con buenas proyecciones, creemos que vamos a estar con un nivel de producci\u00f3n hist\u00f3rico, con precios m\u00e1s reprimidos, una rentabilidad m\u00e1s justa pero en general con un balance satisfactorio\u201d. Recordemos que ACA Pentasilo es una empresa que va a cumplir 10 a\u00f1os en nuestra provincia, dedicada a la elaboraci\u00f3n de silo bolsa, mayormente para el mercado nacional, con una planta de 42 empleados.<br>Por su parte, Mart\u00edn D&#8217;Amico, gerente fundador de TECRO Ingenier\u00eda, sostuvo que \u201cla empresa cierra un a\u00f1o donde si bien hicimos un gran esfuerzo y varias adecuaciones pudimos cumplir con nuestros objetivos. Fue un a\u00f1o donde la situaci\u00f3n financiera que ya ven\u00eda afect\u00e1ndonos a nivel de los costos, por el estancamiento del d\u00f3lar, impacto a\u00fan m\u00e1s. No obstante, a nivel comercial seguimos creciendo sumando a nuevos mercados\u201d. Actualmente TECRO cuanta con 60 empleados dedicado a la industria del software y su mayor mercado es de Estados Unidos, proyect\u00e1ndose una apertura comercial en Latinoam\u00e9rica para este 2026.<br>Un a\u00f1o de grandes desaf\u00edos para el sector industrial radicado en Zona Franca, marcado por un gran esfuerzo de las empresas y una permanente presencia del Estado provincial, lo que ha permitido atenuar las consecuencias de la crisis.<\/p>\n\n\n\n<p>enbocadetodoshd.<\/p>\n","protected":false},"excerpt":{"rendered":"<p>Zona Franca cerr\u00f3 un 2025 muy positivo y con la firme decisi\u00f3n de seguir apuntalando&#8230;<\/p>\n","protected":false},"author":2,"featured_media":8613,"comment_status":"closed","ping_status":"closed","sticky":false,"template":"","format":"standard","meta":{"_jetpack_memberships_contains_paid_content":false,"footnotes":"","jetpack_publicize_message":"Zona Franca: grandes avances y nuevos desaf\u00edos en un contexto complejo a nivel nacional","jetpack_publicize_feature_enabled":true,"jetpack_social_post_already_shared":false,"jetpack_social_options":{"image_generator_settings":{"template":"highway","default_image_id":0,"font":"","enabled":false},"version":2}},"categories":[122],"tags":[],"class_list":["post-8612","post","type-post","status-publish","format-standard","has-post-thumbnail","hentry","category-politica"],"yoast_head":"<!-- This site is optimized with the Yoast SEO plugin v27.4 - https:\/\/yoast.com\/product\/yoast-seo-wordpress\/ -->\n<title>Zona Franca: grandes avances y nuevos desaf\u00edos en un contexto complejo a nivel nacional -<\/title>\n<meta name=\"robots\" content=\"index, follow, max-snippet:-1, max-image-preview:large, max-video-preview:-1\" \/>\n<link rel=\"canonical\" href=\"https:\/\/impactocastex.com.ar\/?p=8612\" \/>\n<meta property=\"og:locale\" content=\"es_ES\" \/>\n<meta property=\"og:type\" content=\"article\" \/>\n<meta property=\"og:title\" content=\"Zona Franca: grandes avances y nuevos desaf\u00edos en un contexto complejo a nivel nacional -\" \/>\n<meta property=\"og:description\" content=\"Zona Franca cerr\u00f3 un 2025 muy positivo y con la firme decisi\u00f3n de seguir apuntalando...\" \/>\n<meta property=\"og:url\" content=\"https:\/\/impactocastex.com.ar\/?p=8612\" \/>\n<meta property=\"article:publisher\" content=\"https:\/\/www.facebook.com\/impactocastexdiario\" \/>\n<meta property=\"article:published_time\" content=\"2026-01-15T14:06:58+00:00\" \/>\n<meta property=\"article:modified_time\" content=\"2026-01-15T14:06:59+00:00\" \/>\n<meta property=\"og:image\" content=\"https:\/\/impactocastex.com.ar\/wp-content\/uploads\/2026\/01\/f1280x720-254429_386104_5619.jpg\" \/>\n\t<meta property=\"og:image:width\" content=\"1280\" \/>\n\t<meta property=\"og:image:height\" content=\"720\" \/>\n\t<meta property=\"og:image:type\" content=\"image\/jpeg\" \/>\n<meta name=\"author\" content=\"impactocastex\" \/>\n<meta name=\"twitter:card\" content=\"summary_large_image\" \/>\n<meta name=\"twitter:label1\" content=\"Escrito por\" \/>\n\t<meta name=\"twitter:data1\" content=\"impactocastex\" \/>\n\t<meta name=\"twitter:label2\" content=\"Tiempo de lectura\" \/>\n\t<meta name=\"twitter:data2\" content=\"4 minutos\" \/>\n<script type=\"application\/ld+json\" class=\"yoast-schema-graph\">{\"@context\":\"https:\\\/\\\/schema.org\",\"@graph\":[{\"@type\":\"Article\",\"@id\":\"https:\\\/\\\/impactocastex.com.ar\\\/?p=8612#article\",\"isPartOf\":{\"@id\":\"https:\\\/\\\/impactocastex.com.ar\\\/?p=8612\"},\"author\":{\"name\":\"impactocastex\",\"@id\":\"https:\\\/\\\/impactocastex.com.ar\\\/#\\\/schema\\\/person\\\/c115028fb60f9bf49ce7550894b84ea7\"},\"headline\":\"Zona Franca: grandes avances y nuevos desaf\u00edos en un contexto complejo a nivel nacional\",\"datePublished\":\"2026-01-15T14:06:58+00:00\",\"dateModified\":\"2026-01-15T14:06:59+00:00\",\"mainEntityOfPage\":{\"@id\":\"https:\\\/\\\/impactocastex.com.ar\\\/?p=8612\"},\"wordCount\":672,\"publisher\":{\"@id\":\"https:\\\/\\\/impactocastex.com.ar\\\/#organization\"},\"image\":{\"@id\":\"https:\\\/\\\/impactocastex.com.ar\\\/?p=8612#primaryimage\"},\"thumbnailUrl\":\"https:\\\/\\\/impactocastex.com.ar\\\/wp-content\\\/uploads\\\/2026\\\/01\\\/f1280x720-254429_386104_5619.jpg\",\"articleSection\":[\"POLITICA\"],\"inLanguage\":\"es\"},{\"@type\":\"WebPage\",\"@id\":\"https:\\\/\\\/impactocastex.com.ar\\\/?p=8612\",\"url\":\"https:\\\/\\\/impactocastex.com.ar\\\/?p=8612\",\"name\":\"Zona Franca: grandes avances y nuevos desaf\u00edos en un contexto complejo a nivel nacional -\",\"isPartOf\":{\"@id\":\"https:\\\/\\\/impactocastex.com.ar\\\/#website\"},\"primaryImageOfPage\":{\"@id\":\"https:\\\/\\\/impactocastex.com.ar\\\/?p=8612#primaryimage\"},\"image\":{\"@id\":\"https:\\\/\\\/impactocastex.com.ar\\\/?p=8612#primaryimage\"},\"thumbnailUrl\":\"https:\\\/\\\/impactocastex.com.ar\\\/wp-content\\\/uploads\\\/2026\\\/01\\\/f1280x720-254429_386104_5619.jpg\",\"datePublished\":\"2026-01-15T14:06:58+00:00\",\"dateModified\":\"2026-01-15T14:06:59+00:00\",\"breadcrumb\":{\"@id\":\"https:\\\/\\\/impactocastex.com.ar\\\/?p=8612#breadcrumb\"},\"inLanguage\":\"es\",\"potentialAction\":[{\"@type\":\"ReadAction\",\"target\":[\"https:\\\/\\\/impactocastex.com.ar\\\/?p=8612\"]}]},{\"@type\":\"ImageObject\",\"inLanguage\":\"es\",\"@id\":\"https:\\\/\\\/impactocastex.com.ar\\\/?p=8612#primaryimage\",\"url\":\"https:\\\/\\\/impactocastex.com.ar\\\/wp-content\\\/uploads\\\/2026\\\/01\\\/f1280x720-254429_386104_5619.jpg\",\"contentUrl\":\"https:\\\/\\\/impactocastex.com.ar\\\/wp-content\\\/uploads\\\/2026\\\/01\\\/f1280x720-254429_386104_5619.jpg\",\"width\":1280,\"height\":720},{\"@type\":\"BreadcrumbList\",\"@id\":\"https:\\\/\\\/impactocastex.com.ar\\\/?p=8612#breadcrumb\",\"itemListElement\":[{\"@type\":\"ListItem\",\"position\":1,\"name\":\"Portada\",\"item\":\"https:\\\/\\\/impactocastex.com.ar\\\/\"},{\"@type\":\"ListItem\",\"position\":2,\"name\":\"Zona Franca: grandes avances y nuevos desaf\u00edos en un contexto complejo a nivel nacional\"}]},{\"@type\":\"WebSite\",\"@id\":\"https:\\\/\\\/impactocastex.com.ar\\\/#website\",\"url\":\"https:\\\/\\\/impactocastex.com.ar\\\/\",\"name\":\"Impacto Castex\",\"description\":\"\",\"publisher\":{\"@id\":\"https:\\\/\\\/impactocastex.com.ar\\\/#organization\"},\"potentialAction\":[{\"@type\":\"SearchAction\",\"target\":{\"@type\":\"EntryPoint\",\"urlTemplate\":\"https:\\\/\\\/impactocastex.com.ar\\\/?s={search_term_string}\"},\"query-input\":{\"@type\":\"PropertyValueSpecification\",\"valueRequired\":true,\"valueName\":\"search_term_string\"}}],\"inLanguage\":\"es\"},{\"@type\":\"Organization\",\"@id\":\"https:\\\/\\\/impactocastex.com.ar\\\/#organization\",\"name\":\"Impacto Castex\",\"url\":\"https:\\\/\\\/impactocastex.com.ar\\\/\",\"logo\":{\"@type\":\"ImageObject\",\"inLanguage\":\"es\",\"@id\":\"https:\\\/\\\/impactocastex.com.ar\\\/#\\\/schema\\\/logo\\\/image\\\/\",\"url\":\"https:\\\/\\\/impactocastex.com.ar\\\/wp-content\\\/uploads\\\/2025\\\/09\\\/cropped-icoweb.png\",\"contentUrl\":\"https:\\\/\\\/impactocastex.com.ar\\\/wp-content\\\/uploads\\\/2025\\\/09\\\/cropped-icoweb.png\",\"width\":512,\"height\":512,\"caption\":\"Impacto Castex\"},\"image\":{\"@id\":\"https:\\\/\\\/impactocastex.com.ar\\\/#\\\/schema\\\/logo\\\/image\\\/\"},\"sameAs\":[\"https:\\\/\\\/www.facebook.com\\\/impactocastexdiario\",\"https:\\\/\\\/www.instagram.com\\\/impactocastex.com.ar\\\/\"]},{\"@type\":\"Person\",\"@id\":\"https:\\\/\\\/impactocastex.com.ar\\\/#\\\/schema\\\/person\\\/c115028fb60f9bf49ce7550894b84ea7\",\"name\":\"impactocastex\",\"image\":{\"@type\":\"ImageObject\",\"inLanguage\":\"es\",\"@id\":\"https:\\\/\\\/secure.gravatar.com\\\/avatar\\\/fee87e7af008f02e9becdc0b5a9fd4a2e79b3918a571edeacb62211704637833?s=96&d=mm&r=g\",\"url\":\"https:\\\/\\\/secure.gravatar.com\\\/avatar\\\/fee87e7af008f02e9becdc0b5a9fd4a2e79b3918a571edeacb62211704637833?s=96&d=mm&r=g\",\"contentUrl\":\"https:\\\/\\\/secure.gravatar.com\\\/avatar\\\/fee87e7af008f02e9becdc0b5a9fd4a2e79b3918a571edeacb62211704637833?s=96&d=mm&r=g\",\"caption\":\"impactocastex\"},\"sameAs\":[\"https:\\\/\\\/impactocastex.com.ar\\\/\"],\"url\":\"https:\\\/\\\/impactocastex.com.ar\\\/?author=2\"}]}<\/script>\n<!-- \/ Yoast SEO plugin. -->","yoast_head_json":{"title":"Zona Franca: grandes avances y nuevos desaf\u00edos en un contexto complejo a nivel nacional -","robots":{"index":"index","follow":"follow","max-snippet":"max-snippet:-1","max-image-preview":"max-image-preview:large","max-video-preview":"max-video-preview:-1"},"canonical":"https:\/\/impactocastex.com.ar\/?p=8612","og_locale":"es_ES","og_type":"article","og_title":"Zona Franca: grandes avances y nuevos desaf\u00edos en un contexto complejo a nivel nacional -","og_description":"Zona Franca cerr\u00f3 un 2025 muy positivo y con la firme decisi\u00f3n de seguir apuntalando...","og_url":"https:\/\/impactocastex.com.ar\/?p=8612","article_publisher":"https:\/\/www.facebook.com\/impactocastexdiario","article_published_time":"2026-01-15T14:06:58+00:00","article_modified_time":"2026-01-15T14:06:59+00:00","og_image":[{"width":1280,"height":720,"url":"https:\/\/impactocastex.com.ar\/wp-content\/uploads\/2026\/01\/f1280x720-254429_386104_5619.jpg","type":"image\/jpeg"}],"author":"impactocastex","twitter_card":"summary_large_image","twitter_misc":{"Escrito por":"impactocastex","Tiempo de lectura":"4 minutos"},"schema":{"@context":"https:\/\/schema.org","@graph":[{"@type":"Article","@id":"https:\/\/impactocastex.com.ar\/?p=8612#article","isPartOf":{"@id":"https:\/\/impactocastex.com.ar\/?p=8612"},"author":{"name":"impactocastex","@id":"https:\/\/impactocastex.com.ar\/#\/schema\/person\/c115028fb60f9bf49ce7550894b84ea7"},"headline":"Zona Franca: grandes avances y nuevos desaf\u00edos en un contexto complejo a nivel nacional","datePublished":"2026-01-15T14:06:58+00:00","dateModified":"2026-01-15T14:06:59+00:00","mainEntityOfPage":{"@id":"https:\/\/impactocastex.com.ar\/?p=8612"},"wordCount":672,"publisher":{"@id":"https:\/\/impactocastex.com.ar\/#organization"},"image":{"@id":"https:\/\/impactocastex.com.ar\/?p=8612#primaryimage"},"thumbnailUrl":"https:\/\/impactocastex.com.ar\/wp-content\/uploads\/2026\/01\/f1280x720-254429_386104_5619.jpg","articleSection":["POLITICA"],"inLanguage":"es"},{"@type":"WebPage","@id":"https:\/\/impactocastex.com.ar\/?p=8612","url":"https:\/\/impactocastex.com.ar\/?p=8612","name":"Zona Franca: grandes avances y nuevos desaf\u00edos en un contexto complejo a nivel nacional -","isPartOf":{"@id":"https:\/\/impactocastex.com.ar\/#website"},"primaryImageOfPage":{"@id":"https:\/\/impactocastex.com.ar\/?p=8612#primaryimage"},"image":{"@id":"https:\/\/impactocastex.com.ar\/?p=8612#primaryimage"},"thumbnailUrl":"https:\/\/impactocastex.com.ar\/wp-content\/uploads\/2026\/01\/f1280x720-254429_386104_5619.jpg","datePublished":"2026-01-15T14:06:58+00:00","dateModified":"2026-01-15T14:06:59+00:00","breadcrumb":{"@id":"https:\/\/impactocastex.com.ar\/?p=8612#breadcrumb"},"inLanguage":"es","potentialAction":[{"@type":"ReadAction","target":["https:\/\/impactocastex.com.ar\/?p=8612"]}]},{"@type":"ImageObject","inLanguage":"es","@id":"https:\/\/impactocastex.com.ar\/?p=8612#primaryimage","url":"https:\/\/impactocastex.com.ar\/wp-content\/uploads\/2026\/01\/f1280x720-254429_386104_5619.jpg","contentUrl":"https:\/\/impactocastex.com.ar\/wp-content\/uploads\/2026\/01\/f1280x720-254429_386104_5619.jpg","width":1280,"height":720},{"@type":"BreadcrumbList","@id":"https:\/\/impactocastex.com.ar\/?p=8612#breadcrumb","itemListElement":[{"@type":"ListItem","position":1,"name":"Portada","item":"https:\/\/impactocastex.com.ar\/"},{"@type":"ListItem","position":2,"name":"Zona Franca: grandes avances y nuevos desaf\u00edos en un contexto complejo a nivel nacional"}]},{"@type":"WebSite","@id":"https:\/\/impactocastex.com.ar\/#website","url":"https:\/\/impactocastex.com.ar\/","name":"Impacto Castex","description":"","publisher":{"@id":"https:\/\/impactocastex.com.ar\/#organization"},"potentialAction":[{"@type":"SearchAction","target":{"@type":"EntryPoint","urlTemplate":"https:\/\/impactocastex.com.ar\/?s={search_term_string}"},"query-input":{"@type":"PropertyValueSpecification","valueRequired":true,"valueName":"search_term_string"}}],"inLanguage":"es"},{"@type":"Organization","@id":"https:\/\/impactocastex.com.ar\/#organization","name":"Impacto Castex","url":"https:\/\/impactocastex.com.ar\/","logo":{"@type":"ImageObject","inLanguage":"es","@id":"https:\/\/impactocastex.com.ar\/#\/schema\/logo\/image\/","url":"https:\/\/impactocastex.com.ar\/wp-content\/uploads\/2025\/09\/cropped-icoweb.png","contentUrl":"https:\/\/impactocastex.com.ar\/wp-content\/uploads\/2025\/09\/cropped-icoweb.png","width":512,"height":512,"caption":"Impacto Castex"},"image":{"@id":"https:\/\/impactocastex.com.ar\/#\/schema\/logo\/image\/"},"sameAs":["https:\/\/www.facebook.com\/impactocastexdiario","https:\/\/www.instagram.com\/impactocastex.com.ar\/"]},{"@type":"Person","@id":"https:\/\/impactocastex.com.ar\/#\/schema\/person\/c115028fb60f9bf49ce7550894b84ea7","name":"impactocastex","image":{"@type":"ImageObject","inLanguage":"es","@id":"https:\/\/secure.gravatar.com\/avatar\/fee87e7af008f02e9becdc0b5a9fd4a2e79b3918a571edeacb62211704637833?s=96&d=mm&r=g","url":"https:\/\/secure.gravatar.com\/avatar\/fee87e7af008f02e9becdc0b5a9fd4a2e79b3918a571edeacb62211704637833?s=96&d=mm&r=g","contentUrl":"https:\/\/secure.gravatar.com\/avatar\/fee87e7af008f02e9becdc0b5a9fd4a2e79b3918a571edeacb62211704637833?s=96&d=mm&r=g","caption":"impactocastex"},"sameAs":["https:\/\/impactocastex.com.ar\/"],"url":"https:\/\/impactocastex.com.ar\/?author=2"}]}},"jetpack_publicize_connections":[],"featured_image_urls":{"full":["https:\/\/impactocastex.com.ar\/wp-content\/uploads\/2026\/01\/f1280x720-254429_386104_5619.jpg",1280,720,false],"thumbnail":["https:\/\/impactocastex.com.ar\/wp-content\/uploads\/2026\/01\/f1280x720-254429_386104_5619-150x150.jpg",150,150,true],"medium":["https:\/\/impactocastex.com.ar\/wp-content\/uploads\/2026\/01\/f1280x720-254429_386104_5619-300x169.jpg",300,169,true],"medium_large":["https:\/\/impactocastex.com.ar\/wp-content\/uploads\/2026\/01\/f1280x720-254429_386104_5619-768x432.jpg",640,360,true],"large":["https:\/\/impactocastex.com.ar\/wp-content\/uploads\/2026\/01\/f1280x720-254429_386104_5619-1024x576.jpg",640,360,true],"1536x1536":["https:\/\/impactocastex.com.ar\/wp-content\/uploads\/2026\/01\/f1280x720-254429_386104_5619.jpg",1280,720,false],"2048x2048":["https:\/\/impactocastex.com.ar\/wp-content\/uploads\/2026\/01\/f1280x720-254429_386104_5619.jpg",1280,720,false],"newsever-slider-full":["https:\/\/impactocastex.com.ar\/wp-content\/uploads\/2026\/01\/f1280x720-254429_386104_5619.jpg",1280,720,false],"newsever-featured":["https:\/\/impactocastex.com.ar\/wp-content\/uploads\/2026\/01\/f1280x720-254429_386104_5619-1024x576.jpg",1024,576,true],"newsever-medium":["https:\/\/impactocastex.com.ar\/wp-content\/uploads\/2026\/01\/f1280x720-254429_386104_5619-720x475.jpg",720,475,true]},"author_info":{"info":["impactocastex"]},"category_info":"<a href=\"https:\/\/impactocastex.com.ar\/?cat=122\" rel=\"category\">POLITICA<\/a>","tag_info":"POLITICA","comment_count":0,"jetpack_featured_media_url":"https:\/\/impactocastex.com.ar\/wp-content\/uploads\/2026\/01\/f1280x720-254429_386104_5619.jpg","jetpack_sharing_enabled":true,"jetpack_likes_enabled":true,"jetpack_shortlink":"https:\/\/wp.me\/p7sopA-2eU","_links":{"self":[{"href":"https:\/\/impactocastex.com.ar\/index.php?rest_route=\/wp\/v2\/posts\/8612","targetHints":{"allow":["GET"]}}],"collection":[{"href":"https:\/\/impactocastex.com.ar\/index.php?rest_route=\/wp\/v2\/posts"}],"about":[{"href":"https:\/\/impactocastex.com.ar\/index.php?rest_route=\/wp\/v2\/types\/post"}],"author":[{"embeddable":true,"href":"https:\/\/impactocastex.com.ar\/index.php?rest_route=\/wp\/v2\/users\/2"}],"replies":[{"embeddable":true,"href":"https:\/\/impactocastex.com.ar\/index.php?rest_route=%2Fwp%2Fv2%2Fcomments&post=8612"}],"version-history":[{"count":1,"href":"https:\/\/impactocastex.com.ar\/index.php?rest_route=\/wp\/v2\/posts\/8612\/revisions"}],"predecessor-version":[{"id":8614,"href":"https:\/\/impactocastex.com.ar\/index.php?rest_route=\/wp\/v2\/posts\/8612\/revisions\/8614"}],"wp:featuredmedia":[{"embeddable":true,"href":"https:\/\/impactocastex.com.ar\/index.php?rest_route=\/wp\/v2\/media\/8613"}],"wp:attachment":[{"href":"https:\/\/impactocastex.com.ar\/index.php?rest_route=%2Fwp%2Fv2%2Fmedia&parent=8612"}],"wp:term":[{"taxonomy":"category","embeddable":true,"href":"https:\/\/impactocastex.com.ar\/index.php?rest_route=%2Fwp%2Fv2%2Fcategories&post=8612"},{"taxonomy":"post_tag","embeddable":true,"href":"https:\/\/impactocastex.com.ar\/index.php?rest_route=%2Fwp%2Fv2%2Ftags&post=8612"}],"curies":[{"name":"wp","href":"https:\/\/api.w.org\/{rel}","templated":true}]}}