{"id":8475,"date":"2026-01-14T03:29:43","date_gmt":"2026-01-14T06:29:43","guid":{"rendered":"https:\/\/impactocastex.com.ar\/?p=8475"},"modified":"2026-01-14T03:29:43","modified_gmt":"2026-01-14T06:29:43","slug":"disparen-a-matar-empiezan-a-filtrarse-historias-de-masacres-y-panico-durante-de-la-brutal-represion-en-iran","status":"publish","type":"post","link":"https:\/\/impactocastex.com.ar\/?p=8475","title":{"rendered":"\u201cDisparen a matar\u201d: empiezan a filtrarse historias de masacres y p\u00e1nico durante de la brutal represi\u00f3n en Ir\u00e1n"},"content":{"rendered":"<p>EL CAIRO.- <a href=\"https:\/\/www.lanacion.com.ar\/el-mundo\/represion-sin-freno-en-iran-un-alto-funcionario-dice-que-las-protestas-ya-dejaron-2000-muertos-nid13012026\/\" target=\"_self\" rel=\"\" title=\"https:\/\/www.lanacion.com.ar\/el-mundo\/represion-sin-freno-en-iran-un-alto-funcionario-dice-que-las-protestas-ya-dejaron-2000-muertos-nid13012026\/\">Ir\u00e1n est\u00e1 convulsionado por las protestas<\/a> y el gobierno impuso un<b> apag\u00f3n informativo casi total,<\/b> pero ya se est\u00e1n filtrando im\u00e1genes en video y testimonios que indican que el r\u00e9gimen est\u00e1 llevando a cabo <b>una de las represiones m\u00e1s letales contra la disidencia en m\u00e1s de una d\u00e9cada<\/b>.<\/p>\n<p>Los testigos presenciales afirman que las fuerzas estatales ya empezaron a<b> abrir fuego contra manifestantes desarmados<\/b>, al parecer con armas autom\u00e1ticas y a veces de manera aparentemente indiscriminada. <\/p>\n<p><img loading=\"lazy\" decoding=\"async\" src=\"https:\/\/resizer.glanacion.com\/resizer\/v2\/EIBEFG7TZNDK7D5SSFN3BTICME.JPG?auth=278608d3b15fc8630b2a1842aaf5c107cefb7476cfcec6b5667f2e51f5fd1f84&amp;smart=true&amp;width=3000&amp;height=1678\" alt=\"Cuerpos apilados en Ir\u00e1n\" height=\"1678\" width=\"3000\" \/><\/p>\n<p>En los hospitales afirman que los manifestantes antes llegaban con<b> heridas de perdigones,<\/b> pero que ahora presentan <b>heridas de bala y fracturas de cr\u00e1neo<\/b>. Un m\u00e9dico lo califica como <b>\u201cuna situaci\u00f3n de m\u00faltiples v\u00edctimas\u201d.<\/b><\/p>\n<p>A pesar del apag\u00f3n informativo, hay una imagen que se filtra desde Ir\u00e1n de manera recurrente:<b> las filas y filas de bolsas para cad\u00e1veres.<\/b><\/p>\n<p>En v\u00eddeos publicados por activistas de la oposici\u00f3n en redes sociales, se puede ver a <b>familias llorando <\/b>alrededor de cad\u00e1veres ensangrentados dentro de bolsas abiertas. <\/p>\n<figure><video height=\"1280\" width=\"720\" poster=\"https:\/\/cdn.jwplayer.com\/v2\/media\/fetS4dSs\/poster.jpg?width=720\" preload=\"none\"><\/video><figcaption>Gran n\u00famero de muertos durante las protestas nacionales en Ir\u00e1n<\/figcaption><\/figure>\n<p>Y en im\u00e1genes emitidas por la televisi\u00f3n estatal iran\u00ed puede verse a un funcionario de la morgue enfundado en un uniforme azul y rodeado de bolsas ordenadamente dispuestas en el suelo de una habitaci\u00f3n blanca, bajo deslumbrantes luces fluorescentes.<\/p>\n<p><b>\u201cLa mayor\u00eda de estas personas son gente com\u00fan\u201d<\/b>, dice el funcionario, suspirando y negando con la cabeza. <\/p>\n<p>\u201cSus familias son simplemente familias comunes\u201d. Quienes a\u00fan apoyan al gobierno teocr\u00e1tico de Ir\u00e1n y quienes en las calles <a href=\"https:\/\/www.lanacion.com.ar\/el-mundo\/protestas-en-iran-como-la-caida-de-la-moneda-fue-la-chispa-que-hizo-estallar-el-enojo-generalizado-nid10012026\/\" target=\"_self\" rel=\"\" title=\"https:\/\/www.lanacion.com.ar\/el-mundo\/protestas-en-iran-como-la-caida-de-la-moneda-fue-la-chispa-que-hizo-estallar-el-enojo-generalizado-nid10012026\/\">piden su ca\u00edda <\/a>coinciden: <b>estos son d\u00edas de una brutalidad sin precedentes<\/b>.<\/p>\n<p><b>El n\u00famero de muertos y heridos en todo el pa\u00eds es incierto<\/b>. Los grupos de derechos humanos est\u00e1n teniendo problemas para contactarse con sus lazos en Ir\u00e1n y as\u00ed seguir con la metodolog\u00eda que suelen usar para verificar la informaci\u00f3n, pero aseguran de que todos modos <b>ya han contabilizado cientos de muertos.<\/b><\/p>\n<p><img loading=\"lazy\" decoding=\"async\" src=\"https:\/\/resizer.glanacion.com\/resizer\/v2\/DMJ5FLMPGBCF5H4CKL7G62HBQU.JPG?auth=8db7f19d17e2e6393f3f0dff497044d75a9cb9389471e03be37ba00d945e2e77&amp;smart=true&amp;width=5000&amp;height=3211\" alt=\"Una manifestante agita la bandera iran\u00ed previa a la revoluci\u00f3n isl\u00e1mica de 1979\" height=\"3211\" width=\"5000\" \/><\/p>\n<p>Un alto funcionario del Ministerio de Salud iran\u00ed, que habl\u00f3 bajo condici\u00f3n de anonimato, dijo que en el pa\u00eds han muerto unas<b> 3000 personas,<\/b> entre ellos agentes de seguridad, pero intent\u00f3 culpar a los <b>\u201cterroristas\u201d<\/b> que fomentaban el malestar.<\/p>\n<p>Otro funcionario del gobierno dijo haber visto un <b>informe interno <\/b>que hablaba de al menos 3000 muertos, y agrega que el n\u00famero de muertos <b>podr\u00eda aumentar.<\/b><\/p>\n<p>De confirmarse, ser\u00eda <b>una de las peores olas de violencia de la historia reciente de Ir\u00e1n.<\/b><\/p>\n<p>Hay testigos que hablan de<b> francotiradores <\/b>apostados en los techos del centro de Teher\u00e1n que disparaban contra la multitud, de protestas pac\u00edficas que de pronto se convierten en<b> escenas de masacre y p\u00e1nico con balas atravesando cabezas y torsos y<\/b> cuerpos caen, o de una sala de urgencias que atendi\u00f3 a 19 pacientes con disparos en apenas una hora.<\/p>\n<p><img loading=\"lazy\" decoding=\"async\" src=\"https:\/\/resizer.glanacion.com\/resizer\/v2\/CJJ3C7XGKFABXMVTCVC5SSJAEE.jpg?auth=0605651c3a856ae905f9b4cb7d77cf37e23fcf80e913d008594704af928d736d&amp;smart=true&amp;width=2000&amp;height=1526\" alt=\"Una imagen del siglo pasado: El sha iran\u00ed Mohammad Reza Pahlavi y la emperatriz Farah Pahlavi (Farah Diba) sonr\u00eden al final de su ceremonia de boda en Teher\u00e1n el 21 de diciembre de 1959.\" height=\"1526\" width=\"2000\" \/><\/p>\n<p><b>\u201cEl r\u00e9gimen est\u00e1 en una carrera asesina\u201d<\/b>, dijo Yasi, una manifestante que al igual que otros iran\u00edes entrevistados por <i>The New York Times<\/i>, pidi\u00f3 que su nombre completo se mantuviera en reserva por seguridad.<\/p>\n<p>Los videos publicados el lunes por la noche en las redes sociales y verificados por el <i>Times <\/i>muestran <b>una gran multitud de manifestantes en Teher\u00e1n,<\/b> donde se oye el sonido de disparos y el grito de <b>\u201c\u00a1Muera al dictador!\u201d.<\/b><\/p>\n<p>Hace d\u00edas que <b>el gobierno cort\u00f3 internet<\/b>, las l\u00edneas telef\u00f3nicas internacionales, y a veces incluso las conexiones de telefon\u00eda m\u00f3vil nacionales: de ah\u00ed <b>la dificultad que tiene las familias, el periodismo y los organismos de derechos humanos por comprender la magnitud de lo que est\u00e1 ocurriendo.<\/b><\/p>\n<p><img loading=\"lazy\" decoding=\"async\" src=\"https:\/\/resizer.glanacion.com\/resizer\/v2\/RSQ3YVLCGRFZRFHZTZQGLFMGRQ.jpg?auth=6aebc4cc194bd7a031752e21fff96d6ab0157b7f48149e2431b7d9e6fab76779&amp;smart=true&amp;width=2000&amp;height=2745\" alt=\"Una captura de video que muestra m\u00e1s cuerpos de manifestantes asesinados durante la represi\u00f3n\" height=\"2745\" width=\"2000\" \/><\/p>\n<p>Pero los videos que poco a poco van llegando y los mensajes de algunos iran\u00edes que ocasionalmente tienen conexi\u00f3n a internet por sat\u00e9lite dan <b>una imagen devastadora del derramamiento de sangre.<\/b> <\/p>\n<p><b>\u201cLogr\u00e9 conectarme unos minutos solo para decir que ac\u00e1 es un ba\u00f1o de sangre\u201d<\/b>, le dijo Saeed, un empresario de Teher\u00e1n, al <i>Times<\/i>, y agreg\u00f3 que el domingo por la noche estaba usando una conexi\u00f3n a internet de Starlink.<\/p>\n<p>Saeed fue uno de lo primeros que se sum\u00f3 a las protestas que arrancaron el 28 de diciembre en el mercado de Teher\u00e1n por la<b> grave situaci\u00f3n econ\u00f3mica del pa\u00eds<\/b>, y dice que hizo lo mismo durante el movimiento de protesta de 2022 y los anteriores.<\/p>\n<p>Pero cuanto m\u00e1s profundo se hunde Ir\u00e1n en su aislamiento, m\u00e1s evidente se hace<b>, \u201cque esta represi\u00f3n es diferente a la de cualquier protesta anterior\u201d, <\/b>dice el empresario.<\/p>\n<p><img loading=\"lazy\" decoding=\"async\" src=\"https:\/\/resizer.glanacion.com\/resizer\/v2\/E3CBVNWB7VFTFOMBJQ6WUL7CDA.JPG?auth=53dedaaa36ddbf8824eff052ecb21b6fbe82dcb22e8d05a07bf90154606f514e&amp;smart=true&amp;width=6000&amp;height=4000\" alt=\"Un manifestante enmascarado sostiene una foto del pr\u00edncipe heredero de Ir\u00e1n, Reza Pahlavi\" height=\"4000\" width=\"6000\" \/><\/p>\n<p><b>\u201cVi personalmente a un joven cuando le daban un tiro en la cabeza\u201d<\/b>, le dijo Saeed al <i>Times<\/i> en mensajes de audio grabados. \u201cFui testigo de c\u00f3mo le disparaban a alguien en la rodilla. La persona cay\u00f3 inconsciente al suelo, y las fuerzas de seguridad vinieron a rodearla\u201d.<\/p>\n<p>Hace dos semanas, cuando el derrumbe de la moneda hizo que los manifestantes salieran a las calles, <b>el gobierno reconoci\u00f3 la legitimidad de sus quejas<\/b>, aunque les advirti\u00f3 a los manifestantes que no se dejaran llevar por <b>\u201cagitadores\u201d.<\/b><\/p>\n<p>Pero la semana pasada, las manifestaciones m\u00e1s chicas, en mercados y universidades, se convirtieron en <b>un movimiento popular m\u00e1s amplio,<\/b> con multitudes de manifestantes colman no solo las plazas importantes, sino lo centros urbanos rurales. <\/p>\n<p>Ahora el gobierno empez\u00f3 a decir de que est\u00e1n siendo tomadas por <b>\u201cterroristas\u201d <\/b>y agentes extranjeros leales a sus enemigos<b>: Estados Unidos e Israel.<\/b><\/p>\n<p><img loading=\"lazy\" decoding=\"async\" src=\"https:\/\/resizer.glanacion.com\/resizer\/v2\/B2NBXEJYRJHJVIUZBTAS7OPNIU.jpg?auth=d1e16215204fa27cc379ecff0c2270b18510887601044b41b0e527435cc2e349&amp;smart=true&amp;width=3030&amp;height=3725\" alt=\"En la imagen, tomada de un video grabado por una persona que no trabaja para The Associated Press y obtenido por esta agencia fuera de Ir\u00e1n, varias personas participan en una protesta en Teher\u00e1n, Ir\u00e1n, el viernes 9 de enero de 2026. (UGC v\u00eda AP)\" height=\"3725\" width=\"3030\" \/><\/p>\n<p><b>\u201cQue se tomen medidas firmes y efectivas para vengar a los m\u00e1rtires y a los asesinados\u201d<\/b>, declar\u00f3 el lunes el fiscal general de Ir\u00e1n, Gholam-Hossein Mohseni-Ejei, en una reuni\u00f3n del Consejo Supremo de la Magistratura, seg\u00fan la agencia de noticias semioficial Tasnim.<\/p>\n<p>Como muestra de la magnitud de la represi\u00f3n,<b> el gobierno tom\u00f3 la inusual medida de reconocer el gran n\u00famero de v\u00edctimas,<\/b> pero pretende que son b\u00e1sicamente miembros de sus fuerzas de seguridad.<\/p>\n<p>Un vecino de Teher\u00e1n manifest\u00f3 con su esposa en Sattarkhan el s\u00e1bado por la noche dice haber presenciado c\u00f3mo las fuerzas de seguridad <b>abrieron fuego con ametralladoras contra una multitud de j\u00f3venes hombres y mujeres, <\/b>que cayeron al suelo unos sobre otros.<\/p>\n<p><img loading=\"lazy\" decoding=\"async\" src=\"https:\/\/resizer.glanacion.com\/resizer\/v2\/4O7IKWWJOJC6DGIBNQELAI7V5Y.JPG?auth=9052681b531c51bf1148d626bd0737a265fe422179342fad0657c1ab26ab3ae8&amp;smart=true&amp;width=5303&amp;height=3692\" alt=\"Iran\u00edes participan en una protesta antigubernamental en Teher\u00e1n, Ir\u00e1n, el viernes 9 de enero de 2026\" height=\"3692\" width=\"5303\" \/><\/p>\n<p>Una enfermera del Hospital Nikan, en el norte de Teher\u00e1n, dice que <b>el personal m\u00e9dico se vio desbordado cuando ingresaron 19 v\u00edctimas de disparos casi a la vez.<\/b> <\/p>\n<p>En el Hospital Shohada, en el barrio de Tajrish de Teher\u00e1n, un m\u00e9dico se\u00f1ala que muchos de los manifestantes trasladados all\u00ed fueron<b> declarados ya muertos al llegar,<\/b> y que muchos hab\u00edan recibido disparos a quemarropa en la cabeza, el cuello, los pulmones y el coraz\u00f3n.<\/p>\n<p>El Centro para los Derechos Humanos en Ir\u00e1n, con sede en Nueva York, public\u00f3 el lunes el testimonio de un m\u00e9dico que viene tratando a pacientes en Teher\u00e1n e Isfah\u00e1n desde que comenz\u00f3 la represi\u00f3n. El grupo mantiene en reserva el nombre del m\u00e9dico por seguridad.<\/p>\n<p>El m\u00e9dico dice que al principio de las protestas los manifestantes presentaban <b>exposici\u00f3n a gases lacrim\u00f3genos y heridas de perdigones<\/b>. Pero el jueves, desde el hospital empezaron a escuchar fuertes disparos de ametralladora.<\/p>\n<p><b>\u201cFue una situaci\u00f3n de m\u00faltiple v\u00edctimas\u201d<\/b>, dice el m\u00e9dico en su relato. \u201cNuestras instalaciones, espacio y personal estaban muy por debajo del n\u00famero de heridos que llegaban. Los casos de trauma que vi fueron brutales. Les disparaban a matar\u201d.<\/p>\n<p><img loading=\"lazy\" decoding=\"async\" src=\"https:\/\/resizer.glanacion.com\/resizer\/v2\/6T72I3A22RCCRBYH4RMBSBO5MA.JPG?auth=a5e3c58cee6c8577d769db0696ca9c3dca06b92b210ae51dc1f21b9167e1ff43&amp;smart=true&amp;width=3974&amp;height=2659\" alt=\"Iran\u00edes participan en una protesta antigubernamental en Teher\u00e1n, Ir\u00e1n, el viernes 9 de enero de 2026\" height=\"2659\" width=\"3974\" \/><\/p>\n<p>El director ejecutivo del Centro de Derechos Humanos en Ir\u00e1n, <b>Hadi Ghaemi,<\/b> dice que su equipo reconstruy\u00f3 relatos de Karaj, al oeste de Teher\u00e1n, y Kermanshah, en el oeste de Ir\u00e1n, que indicaban que los hospitales y cl\u00ednicas de la regi\u00f3n hab\u00edan sido copadas por fuerzas de seguridad que buscaban a los manifestantes heridos y recopilaban su informaci\u00f3n personal.<\/p>\n<p>Saeed, el emprendedor de Teher\u00e1n, describe una experiencia similar en la capital.<\/p>\n<p><b>\u201cLlevan a los manifestantes heridos al hospital, y si se recuperan los detienen\u201d<\/b>, le dijo al <i>Times<\/i>. Si sus familias llegan a tiempo, intentan ayudarlos a escapar de alguna manera. <\/p>\n<p>Y a los que tienen que ir a recibir los cuerpos de sus familiares asesinados los obligan a hacer confesiones humillantes:<b> tienen que decir que a sus seres queridos los mataron \u201clos terroristas\u201d.<\/b><\/p>\n<p><b>Por Erika Solomon, Farnaz Fassihi, Sanam Mahoozi y Sanjana Varghese<\/b><\/p>\n<p><b>Traducci\u00f3n de Jaime Arrambide<\/b><\/p>\n<p>\u200bEl gobierno de Teher\u00e1n impuso un apag\u00f3n informativo para intentar aplacar las protestas, pero circulan im\u00e1genes de video y testimonios de testigos presenciales que evidencian una matanza\u00a0\u00a0<\/p>","protected":false},"excerpt":{"rendered":"<p>EL CAIRO.- Ir\u00e1n est\u00e1 convulsionado por las protestas y el gobierno impuso un apag\u00f3n informativo&#8230;<\/p>\n","protected":false},"author":1,"featured_media":8476,"comment_status":"closed","ping_status":"closed","sticky":false,"template":"","format":"standard","meta":{"_jetpack_memberships_contains_paid_content":false,"footnotes":"","jetpack_publicize_message":"","jetpack_publicize_feature_enabled":true,"jetpack_social_post_already_shared":true,"jetpack_social_options":{"image_generator_settings":{"template":"highway","default_image_id":0,"font":"","enabled":false},"version":2}},"categories":[89],"tags":[],"class_list":["post-8475","post","type-post","status-publish","format-standard","has-post-thumbnail","hentry","category-nacionales"],"yoast_head":"<!-- This site is optimized with the Yoast SEO plugin v27.4 - https:\/\/yoast.com\/product\/yoast-seo-wordpress\/ -->\n<title>\u201cDisparen a matar\u201d: empiezan a filtrarse historias de masacres y p\u00e1nico durante de la brutal represi\u00f3n en Ir\u00e1n -<\/title>\n<meta name=\"robots\" content=\"index, follow, max-snippet:-1, max-image-preview:large, max-video-preview:-1\" \/>\n<link rel=\"canonical\" href=\"https:\/\/impactocastex.com.ar\/?p=8475\" \/>\n<meta property=\"og:locale\" content=\"es_ES\" \/>\n<meta property=\"og:type\" content=\"article\" \/>\n<meta property=\"og:title\" content=\"\u201cDisparen a matar\u201d: empiezan a filtrarse historias de masacres y p\u00e1nico durante de la brutal represi\u00f3n en Ir\u00e1n -\" \/>\n<meta property=\"og:description\" content=\"EL CAIRO.- Ir\u00e1n est\u00e1 convulsionado por las protestas y el gobierno impuso un apag\u00f3n informativo...\" \/>\n<meta property=\"og:url\" content=\"https:\/\/impactocastex.com.ar\/?p=8475\" \/>\n<meta property=\"article:publisher\" content=\"https:\/\/www.facebook.com\/impactocastexdiario\" \/>\n<meta property=\"article:published_time\" content=\"2026-01-14T06:29:43+00:00\" \/>\n<meta property=\"og:image\" content=\"https:\/\/resizer.glanacion.com\/resizer\/v2\/EIBEFG7TZNDK7D5SSFN3BTICME.JPG?auth=278608d3b15fc8630b2a1842aaf5c107cefb7476cfcec6b5667f2e51f5fd1f84&amp;smart=true&amp;width=3000&amp;height=1678\" \/>\n<meta name=\"author\" content=\"impactocastex\" \/>\n<meta name=\"twitter:card\" content=\"summary_large_image\" \/>\n<meta name=\"twitter:label1\" content=\"Escrito por\" \/>\n\t<meta name=\"twitter:data1\" content=\"impactocastex\" \/>\n\t<meta name=\"twitter:label2\" content=\"Tiempo de lectura\" \/>\n\t<meta name=\"twitter:data2\" content=\"7 minutos\" \/>\n<script type=\"application\/ld+json\" class=\"yoast-schema-graph\">{\"@context\":\"https:\\\/\\\/schema.org\",\"@graph\":[{\"@type\":\"Article\",\"@id\":\"https:\\\/\\\/impactocastex.com.ar\\\/?p=8475#article\",\"isPartOf\":{\"@id\":\"https:\\\/\\\/impactocastex.com.ar\\\/?p=8475\"},\"author\":{\"name\":\"impactocastex\",\"@id\":\"https:\\\/\\\/impactocastex.com.ar\\\/#\\\/schema\\\/person\\\/86cb4f827fb5f87869a239b98a69c6e3\"},\"headline\":\"\u201cDisparen a matar\u201d: empiezan a filtrarse historias de masacres y p\u00e1nico durante de la brutal represi\u00f3n en Ir\u00e1n\",\"datePublished\":\"2026-01-14T06:29:43+00:00\",\"mainEntityOfPage\":{\"@id\":\"https:\\\/\\\/impactocastex.com.ar\\\/?p=8475\"},\"wordCount\":1475,\"publisher\":{\"@id\":\"https:\\\/\\\/impactocastex.com.ar\\\/#organization\"},\"image\":{\"@id\":\"https:\\\/\\\/impactocastex.com.ar\\\/?p=8475#primaryimage\"},\"thumbnailUrl\":\"https:\\\/\\\/impactocastex.com.ar\\\/wp-content\\\/uploads\\\/2026\\\/01\\\/VAQ2IWMFYNA6JHHWCAQLYYNCIY-aqoJQI.jpg\",\"articleSection\":[\"NACIONALES\"],\"inLanguage\":\"es\"},{\"@type\":\"WebPage\",\"@id\":\"https:\\\/\\\/impactocastex.com.ar\\\/?p=8475\",\"url\":\"https:\\\/\\\/impactocastex.com.ar\\\/?p=8475\",\"name\":\"\u201cDisparen a matar\u201d: empiezan a filtrarse historias de masacres y p\u00e1nico durante de la brutal represi\u00f3n en Ir\u00e1n -\",\"isPartOf\":{\"@id\":\"https:\\\/\\\/impactocastex.com.ar\\\/#website\"},\"primaryImageOfPage\":{\"@id\":\"https:\\\/\\\/impactocastex.com.ar\\\/?p=8475#primaryimage\"},\"image\":{\"@id\":\"https:\\\/\\\/impactocastex.com.ar\\\/?p=8475#primaryimage\"},\"thumbnailUrl\":\"https:\\\/\\\/impactocastex.com.ar\\\/wp-content\\\/uploads\\\/2026\\\/01\\\/VAQ2IWMFYNA6JHHWCAQLYYNCIY-aqoJQI.jpg\",\"datePublished\":\"2026-01-14T06:29:43+00:00\",\"breadcrumb\":{\"@id\":\"https:\\\/\\\/impactocastex.com.ar\\\/?p=8475#breadcrumb\"},\"inLanguage\":\"es\",\"potentialAction\":[{\"@type\":\"ReadAction\",\"target\":[\"https:\\\/\\\/impactocastex.com.ar\\\/?p=8475\"]}]},{\"@type\":\"ImageObject\",\"inLanguage\":\"es\",\"@id\":\"https:\\\/\\\/impactocastex.com.ar\\\/?p=8475#primaryimage\",\"url\":\"https:\\\/\\\/impactocastex.com.ar\\\/wp-content\\\/uploads\\\/2026\\\/01\\\/VAQ2IWMFYNA6JHHWCAQLYYNCIY-aqoJQI.jpg\",\"contentUrl\":\"https:\\\/\\\/impactocastex.com.ar\\\/wp-content\\\/uploads\\\/2026\\\/01\\\/VAQ2IWMFYNA6JHHWCAQLYYNCIY-aqoJQI.jpg\",\"width\":2000,\"height\":1333},{\"@type\":\"BreadcrumbList\",\"@id\":\"https:\\\/\\\/impactocastex.com.ar\\\/?p=8475#breadcrumb\",\"itemListElement\":[{\"@type\":\"ListItem\",\"position\":1,\"name\":\"Portada\",\"item\":\"https:\\\/\\\/impactocastex.com.ar\\\/\"},{\"@type\":\"ListItem\",\"position\":2,\"name\":\"\u201cDisparen a matar\u201d: empiezan a filtrarse historias de masacres y p\u00e1nico durante de la brutal represi\u00f3n en Ir\u00e1n\"}]},{\"@type\":\"WebSite\",\"@id\":\"https:\\\/\\\/impactocastex.com.ar\\\/#website\",\"url\":\"https:\\\/\\\/impactocastex.com.ar\\\/\",\"name\":\"Impacto Castex\",\"description\":\"\",\"publisher\":{\"@id\":\"https:\\\/\\\/impactocastex.com.ar\\\/#organization\"},\"potentialAction\":[{\"@type\":\"SearchAction\",\"target\":{\"@type\":\"EntryPoint\",\"urlTemplate\":\"https:\\\/\\\/impactocastex.com.ar\\\/?s={search_term_string}\"},\"query-input\":{\"@type\":\"PropertyValueSpecification\",\"valueRequired\":true,\"valueName\":\"search_term_string\"}}],\"inLanguage\":\"es\"},{\"@type\":\"Organization\",\"@id\":\"https:\\\/\\\/impactocastex.com.ar\\\/#organization\",\"name\":\"Impacto Castex\",\"url\":\"https:\\\/\\\/impactocastex.com.ar\\\/\",\"logo\":{\"@type\":\"ImageObject\",\"inLanguage\":\"es\",\"@id\":\"https:\\\/\\\/impactocastex.com.ar\\\/#\\\/schema\\\/logo\\\/image\\\/\",\"url\":\"https:\\\/\\\/impactocastex.com.ar\\\/wp-content\\\/uploads\\\/2025\\\/09\\\/cropped-icoweb.png\",\"contentUrl\":\"https:\\\/\\\/impactocastex.com.ar\\\/wp-content\\\/uploads\\\/2025\\\/09\\\/cropped-icoweb.png\",\"width\":512,\"height\":512,\"caption\":\"Impacto Castex\"},\"image\":{\"@id\":\"https:\\\/\\\/impactocastex.com.ar\\\/#\\\/schema\\\/logo\\\/image\\\/\"},\"sameAs\":[\"https:\\\/\\\/www.facebook.com\\\/impactocastexdiario\",\"https:\\\/\\\/www.instagram.com\\\/impactocastex.com.ar\\\/\"]},{\"@type\":\"Person\",\"@id\":\"https:\\\/\\\/impactocastex.com.ar\\\/#\\\/schema\\\/person\\\/86cb4f827fb5f87869a239b98a69c6e3\",\"name\":\"impactocastex\",\"image\":{\"@type\":\"ImageObject\",\"inLanguage\":\"es\",\"@id\":\"https:\\\/\\\/secure.gravatar.com\\\/avatar\\\/9a87ee051ca8c77f5d4070843ce2c78cdf95b858b950fb039151de955122f5f5?s=96&d=mm&r=g\",\"url\":\"https:\\\/\\\/secure.gravatar.com\\\/avatar\\\/9a87ee051ca8c77f5d4070843ce2c78cdf95b858b950fb039151de955122f5f5?s=96&d=mm&r=g\",\"contentUrl\":\"https:\\\/\\\/secure.gravatar.com\\\/avatar\\\/9a87ee051ca8c77f5d4070843ce2c78cdf95b858b950fb039151de955122f5f5?s=96&d=mm&r=g\",\"caption\":\"impactocastex\"},\"sameAs\":[\"https:\\\/\\\/impactocastex.com.ar\"],\"url\":\"https:\\\/\\\/impactocastex.com.ar\\\/?author=1\"}]}<\/script>\n<!-- \/ Yoast SEO plugin. -->","yoast_head_json":{"title":"\u201cDisparen a matar\u201d: empiezan a filtrarse historias de masacres y p\u00e1nico durante de la brutal represi\u00f3n en Ir\u00e1n -","robots":{"index":"index","follow":"follow","max-snippet":"max-snippet:-1","max-image-preview":"max-image-preview:large","max-video-preview":"max-video-preview:-1"},"canonical":"https:\/\/impactocastex.com.ar\/?p=8475","og_locale":"es_ES","og_type":"article","og_title":"\u201cDisparen a matar\u201d: empiezan a filtrarse historias de masacres y p\u00e1nico durante de la brutal represi\u00f3n en Ir\u00e1n -","og_description":"EL CAIRO.- Ir\u00e1n est\u00e1 convulsionado por las protestas y el gobierno impuso un apag\u00f3n informativo...","og_url":"https:\/\/impactocastex.com.ar\/?p=8475","article_publisher":"https:\/\/www.facebook.com\/impactocastexdiario","article_published_time":"2026-01-14T06:29:43+00:00","og_image":[{"url":"https:\/\/resizer.glanacion.com\/resizer\/v2\/EIBEFG7TZNDK7D5SSFN3BTICME.JPG?auth=278608d3b15fc8630b2a1842aaf5c107cefb7476cfcec6b5667f2e51f5fd1f84&amp;smart=true&amp;width=3000&amp;height=1678","type":"","width":"","height":""}],"author":"impactocastex","twitter_card":"summary_large_image","twitter_misc":{"Escrito por":"impactocastex","Tiempo de lectura":"7 minutos"},"schema":{"@context":"https:\/\/schema.org","@graph":[{"@type":"Article","@id":"https:\/\/impactocastex.com.ar\/?p=8475#article","isPartOf":{"@id":"https:\/\/impactocastex.com.ar\/?p=8475"},"author":{"name":"impactocastex","@id":"https:\/\/impactocastex.com.ar\/#\/schema\/person\/86cb4f827fb5f87869a239b98a69c6e3"},"headline":"\u201cDisparen a matar\u201d: empiezan a filtrarse historias de masacres y p\u00e1nico durante de la brutal represi\u00f3n en Ir\u00e1n","datePublished":"2026-01-14T06:29:43+00:00","mainEntityOfPage":{"@id":"https:\/\/impactocastex.com.ar\/?p=8475"},"wordCount":1475,"publisher":{"@id":"https:\/\/impactocastex.com.ar\/#organization"},"image":{"@id":"https:\/\/impactocastex.com.ar\/?p=8475#primaryimage"},"thumbnailUrl":"https:\/\/impactocastex.com.ar\/wp-content\/uploads\/2026\/01\/VAQ2IWMFYNA6JHHWCAQLYYNCIY-aqoJQI.jpg","articleSection":["NACIONALES"],"inLanguage":"es"},{"@type":"WebPage","@id":"https:\/\/impactocastex.com.ar\/?p=8475","url":"https:\/\/impactocastex.com.ar\/?p=8475","name":"\u201cDisparen a matar\u201d: empiezan a filtrarse historias de masacres y p\u00e1nico durante de la brutal represi\u00f3n en Ir\u00e1n -","isPartOf":{"@id":"https:\/\/impactocastex.com.ar\/#website"},"primaryImageOfPage":{"@id":"https:\/\/impactocastex.com.ar\/?p=8475#primaryimage"},"image":{"@id":"https:\/\/impactocastex.com.ar\/?p=8475#primaryimage"},"thumbnailUrl":"https:\/\/impactocastex.com.ar\/wp-content\/uploads\/2026\/01\/VAQ2IWMFYNA6JHHWCAQLYYNCIY-aqoJQI.jpg","datePublished":"2026-01-14T06:29:43+00:00","breadcrumb":{"@id":"https:\/\/impactocastex.com.ar\/?p=8475#breadcrumb"},"inLanguage":"es","potentialAction":[{"@type":"ReadAction","target":["https:\/\/impactocastex.com.ar\/?p=8475"]}]},{"@type":"ImageObject","inLanguage":"es","@id":"https:\/\/impactocastex.com.ar\/?p=8475#primaryimage","url":"https:\/\/impactocastex.com.ar\/wp-content\/uploads\/2026\/01\/VAQ2IWMFYNA6JHHWCAQLYYNCIY-aqoJQI.jpg","contentUrl":"https:\/\/impactocastex.com.ar\/wp-content\/uploads\/2026\/01\/VAQ2IWMFYNA6JHHWCAQLYYNCIY-aqoJQI.jpg","width":2000,"height":1333},{"@type":"BreadcrumbList","@id":"https:\/\/impactocastex.com.ar\/?p=8475#breadcrumb","itemListElement":[{"@type":"ListItem","position":1,"name":"Portada","item":"https:\/\/impactocastex.com.ar\/"},{"@type":"ListItem","position":2,"name":"\u201cDisparen a matar\u201d: empiezan a filtrarse historias de masacres y p\u00e1nico durante de la brutal represi\u00f3n en Ir\u00e1n"}]},{"@type":"WebSite","@id":"https:\/\/impactocastex.com.ar\/#website","url":"https:\/\/impactocastex.com.ar\/","name":"Impacto Castex","description":"","publisher":{"@id":"https:\/\/impactocastex.com.ar\/#organization"},"potentialAction":[{"@type":"SearchAction","target":{"@type":"EntryPoint","urlTemplate":"https:\/\/impactocastex.com.ar\/?s={search_term_string}"},"query-input":{"@type":"PropertyValueSpecification","valueRequired":true,"valueName":"search_term_string"}}],"inLanguage":"es"},{"@type":"Organization","@id":"https:\/\/impactocastex.com.ar\/#organization","name":"Impacto Castex","url":"https:\/\/impactocastex.com.ar\/","logo":{"@type":"ImageObject","inLanguage":"es","@id":"https:\/\/impactocastex.com.ar\/#\/schema\/logo\/image\/","url":"https:\/\/impactocastex.com.ar\/wp-content\/uploads\/2025\/09\/cropped-icoweb.png","contentUrl":"https:\/\/impactocastex.com.ar\/wp-content\/uploads\/2025\/09\/cropped-icoweb.png","width":512,"height":512,"caption":"Impacto Castex"},"image":{"@id":"https:\/\/impactocastex.com.ar\/#\/schema\/logo\/image\/"},"sameAs":["https:\/\/www.facebook.com\/impactocastexdiario","https:\/\/www.instagram.com\/impactocastex.com.ar\/"]},{"@type":"Person","@id":"https:\/\/impactocastex.com.ar\/#\/schema\/person\/86cb4f827fb5f87869a239b98a69c6e3","name":"impactocastex","image":{"@type":"ImageObject","inLanguage":"es","@id":"https:\/\/secure.gravatar.com\/avatar\/9a87ee051ca8c77f5d4070843ce2c78cdf95b858b950fb039151de955122f5f5?s=96&d=mm&r=g","url":"https:\/\/secure.gravatar.com\/avatar\/9a87ee051ca8c77f5d4070843ce2c78cdf95b858b950fb039151de955122f5f5?s=96&d=mm&r=g","contentUrl":"https:\/\/secure.gravatar.com\/avatar\/9a87ee051ca8c77f5d4070843ce2c78cdf95b858b950fb039151de955122f5f5?s=96&d=mm&r=g","caption":"impactocastex"},"sameAs":["https:\/\/impactocastex.com.ar"],"url":"https:\/\/impactocastex.com.ar\/?author=1"}]}},"jetpack_publicize_connections":[],"featured_image_urls":{"full":["https:\/\/impactocastex.com.ar\/wp-content\/uploads\/2026\/01\/VAQ2IWMFYNA6JHHWCAQLYYNCIY-aqoJQI.jpg",2000,1333,false],"thumbnail":["https:\/\/impactocastex.com.ar\/wp-content\/uploads\/2026\/01\/VAQ2IWMFYNA6JHHWCAQLYYNCIY-aqoJQI-150x150.jpg",150,150,true],"medium":["https:\/\/impactocastex.com.ar\/wp-content\/uploads\/2026\/01\/VAQ2IWMFYNA6JHHWCAQLYYNCIY-aqoJQI-300x200.jpg",300,200,true],"medium_large":["https:\/\/impactocastex.com.ar\/wp-content\/uploads\/2026\/01\/VAQ2IWMFYNA6JHHWCAQLYYNCIY-aqoJQI-768x512.jpg",640,427,true],"large":["https:\/\/impactocastex.com.ar\/wp-content\/uploads\/2026\/01\/VAQ2IWMFYNA6JHHWCAQLYYNCIY-aqoJQI-1024x682.jpg",640,426,true],"1536x1536":["https:\/\/impactocastex.com.ar\/wp-content\/uploads\/2026\/01\/VAQ2IWMFYNA6JHHWCAQLYYNCIY-aqoJQI-1536x1024.jpg",1536,1024,true],"2048x2048":["https:\/\/impactocastex.com.ar\/wp-content\/uploads\/2026\/01\/VAQ2IWMFYNA6JHHWCAQLYYNCIY-aqoJQI.jpg",2000,1333,false],"newsever-slider-full":["https:\/\/impactocastex.com.ar\/wp-content\/uploads\/2026\/01\/VAQ2IWMFYNA6JHHWCAQLYYNCIY-aqoJQI-1280x845.jpg",1280,845,true],"newsever-featured":["https:\/\/impactocastex.com.ar\/wp-content\/uploads\/2026\/01\/VAQ2IWMFYNA6JHHWCAQLYYNCIY-aqoJQI-1024x682.jpg",1024,682,true],"newsever-medium":["https:\/\/impactocastex.com.ar\/wp-content\/uploads\/2026\/01\/VAQ2IWMFYNA6JHHWCAQLYYNCIY-aqoJQI-720x475.jpg",720,475,true]},"author_info":{"info":["impactocastex"]},"category_info":"<a href=\"https:\/\/impactocastex.com.ar\/?cat=89\" rel=\"category\">NACIONALES<\/a>","tag_info":"NACIONALES","comment_count":0,"jetpack_featured_media_url":"https:\/\/impactocastex.com.ar\/wp-content\/uploads\/2026\/01\/VAQ2IWMFYNA6JHHWCAQLYYNCIY-aqoJQI.jpg","jetpack_sharing_enabled":true,"jetpack_likes_enabled":true,"jetpack_shortlink":"https:\/\/wp.me\/p7sopA-2cH","_links":{"self":[{"href":"https:\/\/impactocastex.com.ar\/index.php?rest_route=\/wp\/v2\/posts\/8475","targetHints":{"allow":["GET"]}}],"collection":[{"href":"https:\/\/impactocastex.com.ar\/index.php?rest_route=\/wp\/v2\/posts"}],"about":[{"href":"https:\/\/impactocastex.com.ar\/index.php?rest_route=\/wp\/v2\/types\/post"}],"author":[{"embeddable":true,"href":"https:\/\/impactocastex.com.ar\/index.php?rest_route=\/wp\/v2\/users\/1"}],"replies":[{"embeddable":true,"href":"https:\/\/impactocastex.com.ar\/index.php?rest_route=%2Fwp%2Fv2%2Fcomments&post=8475"}],"version-history":[{"count":0,"href":"https:\/\/impactocastex.com.ar\/index.php?rest_route=\/wp\/v2\/posts\/8475\/revisions"}],"wp:featuredmedia":[{"embeddable":true,"href":"https:\/\/impactocastex.com.ar\/index.php?rest_route=\/wp\/v2\/media\/8476"}],"wp:attachment":[{"href":"https:\/\/impactocastex.com.ar\/index.php?rest_route=%2Fwp%2Fv2%2Fmedia&parent=8475"}],"wp:term":[{"taxonomy":"category","embeddable":true,"href":"https:\/\/impactocastex.com.ar\/index.php?rest_route=%2Fwp%2Fv2%2Fcategories&post=8475"},{"taxonomy":"post_tag","embeddable":true,"href":"https:\/\/impactocastex.com.ar\/index.php?rest_route=%2Fwp%2Fv2%2Ftags&post=8475"}],"curies":[{"name":"wp","href":"https:\/\/api.w.org\/{rel}","templated":true}]}}