{"id":8474,"date":"2026-01-14T03:30:00","date_gmt":"2026-01-14T06:30:00","guid":{"rendered":"https:\/\/impactocastex.com.ar\/?p=8474"},"modified":"2026-01-14T03:30:00","modified_gmt":"2026-01-14T06:30:00","slug":"javier-milei-en-vivo-las-ultimas-medidas-del-gobierno-23","status":"publish","type":"post","link":"https:\/\/impactocastex.com.ar\/?p=8474","title":{"rendered":"Javier Milei, en vivo: las \u00faltimas medidas del Gobierno"},"content":{"rendered":"<p>El presidente <b>Javier Milei<\/b> reiter\u00f3 en las \u00faltimas horas que ya tiene definido su plan \u201cideal de vida\u201d una vez que deba enfrentar su retiro pol\u00edtico tras abandonar la Casa Rosada. Milei quiere <b>vivir en un campo junto a sus perros<\/b>, alejado de la pol\u00edtica, para dedicarse a \u201cescribir y dar conferencias\u201d.<\/p>\n<p>No obstante, el l\u00edder de La Libertad Avanza (LLA) tiene un objetivo mayor a corto plazo: lograr la reelecci\u00f3n en las presidenciales de 2027.<\/p>\n<p><img loading=\"lazy\" decoding=\"async\" src=\"https:\/\/resizer.glanacion.com\/resizer\/v2\/VFDCKVZ7EZGD3OLHTADHSADP2Y.jpg?auth=d327e9ddb2e6044336b1e24abff213a6f40951d02ee70174951f872287b89953&amp;smart=true&amp;width=2000&amp;height=1333\" alt=\"Milei y Bullrich, durante la reuni\u00f3n del viernes pasado en Olivos\" height=\"1333\" width=\"2000\" \/><\/p>\n<p><a href=\"https:\/\/www.lanacion.com.ar\/politica\/javier-milei-revelo-que-mudo-su-cuarto-en-olivos-y-ahora-duerme-en-la-casita-donde-se-guardaban-las-nid13012026\/\">Le\u00e9 la nota completa ac\u00e1<\/a><\/p>\n<p>Organizaciones civiles ligadas al derecho, a la lucha por los derechos humanos, al medio ambiente y a la salud, entre otras, firmaron una declaraci\u00f3n conjunta para advertir sobre los riesgos del <b>DNU 941\/25<\/b>, que <a href=\"https:\/\/www.lanacion.com.ar\/politica\/el-decreto-de-la-side-que-firmo-milei-detenciones-sin-juez-el-nuevo-rol-para-las-ffaa-y-el-secreto-nid07012026\/\" rel=\"\" title=\"https:\/\/www.lanacion.com.ar\/politica\/el-decreto-de-la-side-que-firmo-milei-detenciones-sin-juez-el-nuevo-rol-para-las-ffaa-y-el-secreto-nid07012026\/\">ampli\u00f3 las competencias de la SIDE<\/a>, y para <b>exigir al Congreso que lo rechace<\/b>.<\/p>\n<p>El comunicado re\u00fane a 23 organizaciones que concluyen que el decreto firmado por <b>Javier Milei <\/b>el \u00faltimo d\u00eda del a\u00f1o es \u201cmanifiestamente inconstitucional\u201d, \u201crompe consensos b\u00e1sicos\u201d, \u201campl\u00eda el margen de discrecionalidad estatal\u201d, \u201cdebilita los controles\u201d y posibilita pr\u00e1cticas que se cre\u00edan superadas.<\/p>\n<p><img loading=\"lazy\" decoding=\"async\" src=\"https:\/\/resizer.glanacion.com\/resizer\/v2\/AEFUXEISJ5HNHJMKFJVY3N6BTA.jpg?auth=856604f03c1c36b26bac7d72f52514db7f4b5c8386f92c74a6971ba79981a57a&amp;smart=true&amp;width=3000&amp;height=2000\" alt=\"Manifestaci\u00f3n frente al Congreso\" height=\"2000\" width=\"3000\" \/><\/p>\n<p><a href=\"https:\/\/www.lanacion.com.ar\/politica\/la-nueva-side-23-organizaciones-le-reclaman-al-congreso-que-rechace-el-dnu-de-milei-por-nid13012026\/\">Le\u00e9 la nota completa ac\u00e1<\/a><\/p>\n<p>Un d\u00eda antes de<a href=\"https:\/\/www.lanacion.com.ar\/politica\/defensa-de-la-etica-de-occidente-y-apoyo-a-la-politica-de-trump-en-venezuela-ejes-del-discurso-de-nid11012026\/\" rel=\"\" title=\"https:\/\/www.lanacion.com.ar\/politica\/defensa-de-la-etica-de-occidente-y-apoyo-a-la-politica-de-trump-en-venezuela-ejes-del-discurso-de-nid11012026\/\"> viajar a Davos <\/a>para el Foro Econ\u00f3mico Mundial, el presidente <b>Javier Milei<\/b> llegar\u00e1 a Asunci\u00f3n para participar de la firma del demorado acuerdo UE-Mercosur.<\/p>\n<p>Altas fuentes del Gobierno confirmaron a <b>LA NACION<\/b> que Milei estar\u00e1 all\u00ed, por ahora junto al anfitri\u00f3n, <b>Santiago Pe\u00f1a<\/b>, y su par de Uruguay, <b>Yamand\u00fa Orsi<\/b>. Resta saber si <a href=\"https:\/\/www.lanacion.com.ar\/politica\/la-firma-del-acuerdo-mercosur-ue-es-un-nuevo-escenario-para-la-grieta-entre-milei-y-lula-nid12012026\/\" rel=\"\" title=\"https:\/\/www.lanacion.com.ar\/politica\/la-firma-del-acuerdo-mercosur-ue-es-un-nuevo-escenario-para-la-grieta-entre-milei-y-lula-nid12012026\/\">el presidente de Brasil<\/a>, <b>Luiz In\u00e1cio Lula da Silva, <\/b>participar\u00e1 de la ceremonia, luego de su enojo por la postergaci\u00f3n de la firma, prevista originalmente para el 20 de diciembre pasado en la ciudad brasile\u00f1a de Foz de Iguaz\u00fa.<\/p>\n<p><img loading=\"lazy\" decoding=\"async\" src=\"https:\/\/resizer.glanacion.com\/resizer\/v2\/VRGBF2WUHFBIVOMUE6TL32C7TY.JPG?auth=14e440b4f854a633e5da0dcc683f1fbe9ac71ab9d8de974290f40d2b37f188cc&amp;smart=true&amp;width=6490&amp;height=4327\" alt=\"Javier Milei con los presidentes de Paraguay, Santiago Pena; Brasil, Luiz In\u00e1cio Lula da Silva, y Uruguay, Yamand\u00fa Orsi (Foto: Evaristo Sa \/ AFP)\" height=\"4327\" width=\"6490\" \/><\/p>\n<p><a href=\"https:\/\/www.lanacion.com.ar\/politica\/javier-milei-viaja-a-asuncion-para-la-firma-del-acuerdo-mercosur-ue-nid13012026\/\">Le\u00e9 la nota completa ac\u00e1<\/a><\/p>\n<p>El<b> gobierno nacional <\/b>se comprometi\u00f3 este martes por la noche a mandarle a <a href=\"https:\/\/www.lanacion.com.ar\/politica\/el-viaje-de-villarruel-a-chubut-por-los-incendios-profundizo-la-batalla-con-el-gobierno-nid13012026\/\" rel=\"\" title=\"https:\/\/www.lanacion.com.ar\/politica\/el-viaje-de-villarruel-a-chubut-por-los-incendios-profundizo-la-batalla-con-el-gobierno-nid13012026\/\"><b>Chubut<\/b><\/a><b> <\/b>fondos para la <b>emergencia <\/b>que atraviesa la provincia en medio de los <b>incendios forestales <\/b>que, en base a la principal hip\u00f3tesis del Ministerio P\u00fablico Fiscal local, fueron intencionales. As\u00ed pudo confirmarlo<b> LA NACION<\/b> de fuentes de la Casa Rosada y del Ejecutivo provincial.<\/p>\n<p><a href=\"https:\/\/www.lanacion.com.ar\/politica\/el-gobierno-se-comprometio-a-mandarle-fondos-a-chubut-para-atender-la-emergencia-por-los-incendios-nid13012026\/\">Le\u00e9 la nota completa ac\u00e1<\/a><\/p>\n<p><b>Lilia Lemoine <\/b>denunci\u00f3 que un hombre atac\u00f3 su casa de Villa Santa Rita, en la ciudad de Buenos Aires, con piedras durante esta madrugada. La diputada nacional por <b>La Libertad Avanza <\/b>(LLA) cont\u00f3 que una oficial, parte de su consigna policial nocturna, redujo al agresor de 34 a\u00f1os.<\/p>\n<p><a href=\"https:\/\/www.lanacion.com.ar\/politica\/lilia-lemoine-denuncio-que-un-hombre-ataco-su-casa-a-piedrazos-durante-la-madrugada-nid13012026\/\">Le\u00e9 la nota completa ac\u00e1<\/a><\/p>\n<p>\u200bEl minuto a minuto de las decisiones del Presidente, las reacciones de la oposici\u00f3n y las declaraciones de los funcionarios\u00a0\u00a0<\/p>","protected":false},"excerpt":{"rendered":"<p>El presidente Javier Milei reiter\u00f3 en las \u00faltimas horas que ya tiene definido su plan&#8230;<\/p>\n","protected":false},"author":1,"featured_media":3372,"comment_status":"closed","ping_status":"closed","sticky":false,"template":"","format":"standard","meta":{"_jetpack_memberships_contains_paid_content":false,"footnotes":"","jetpack_publicize_message":"","jetpack_publicize_feature_enabled":true,"jetpack_social_post_already_shared":true,"jetpack_social_options":{"image_generator_settings":{"template":"highway","default_image_id":0,"font":"","enabled":false},"version":2}},"categories":[89],"tags":[],"class_list":["post-8474","post","type-post","status-publish","format-standard","has-post-thumbnail","hentry","category-nacionales"],"yoast_head":"<!-- This site is optimized with the Yoast SEO plugin v27.4 - https:\/\/yoast.com\/product\/yoast-seo-wordpress\/ -->\n<title>Javier Milei, en vivo: las \u00faltimas medidas del Gobierno -<\/title>\n<meta name=\"robots\" content=\"index, follow, max-snippet:-1, max-image-preview:large, max-video-preview:-1\" \/>\n<link rel=\"canonical\" href=\"https:\/\/impactocastex.com.ar\/?p=8474\" \/>\n<meta property=\"og:locale\" content=\"es_ES\" \/>\n<meta property=\"og:type\" content=\"article\" \/>\n<meta property=\"og:title\" content=\"Javier Milei, en vivo: las \u00faltimas medidas del Gobierno -\" \/>\n<meta property=\"og:description\" content=\"El presidente Javier Milei reiter\u00f3 en las \u00faltimas horas que ya tiene definido su plan...\" \/>\n<meta property=\"og:url\" content=\"https:\/\/impactocastex.com.ar\/?p=8474\" \/>\n<meta property=\"article:publisher\" content=\"https:\/\/www.facebook.com\/impactocastexdiario\" \/>\n<meta property=\"article:published_time\" content=\"2026-01-14T06:30:00+00:00\" \/>\n<meta property=\"og:image\" content=\"https:\/\/resizer.glanacion.com\/resizer\/v2\/VFDCKVZ7EZGD3OLHTADHSADP2Y.jpg?auth=d327e9ddb2e6044336b1e24abff213a6f40951d02ee70174951f872287b89953&amp;smart=true&amp;width=2000&amp;height=1333\" \/>\n<meta name=\"author\" content=\"impactocastex\" \/>\n<meta name=\"twitter:card\" content=\"summary_large_image\" \/>\n<meta name=\"twitter:label1\" content=\"Escrito por\" \/>\n\t<meta name=\"twitter:data1\" content=\"impactocastex\" \/>\n\t<meta name=\"twitter:label2\" content=\"Tiempo de lectura\" \/>\n\t<meta name=\"twitter:data2\" content=\"2 minutos\" \/>\n<script type=\"application\/ld+json\" class=\"yoast-schema-graph\">{\"@context\":\"https:\\\/\\\/schema.org\",\"@graph\":[{\"@type\":\"Article\",\"@id\":\"https:\\\/\\\/impactocastex.com.ar\\\/?p=8474#article\",\"isPartOf\":{\"@id\":\"https:\\\/\\\/impactocastex.com.ar\\\/?p=8474\"},\"author\":{\"name\":\"impactocastex\",\"@id\":\"https:\\\/\\\/impactocastex.com.ar\\\/#\\\/schema\\\/person\\\/86cb4f827fb5f87869a239b98a69c6e3\"},\"headline\":\"Javier Milei, en vivo: las \u00faltimas medidas del Gobierno\",\"datePublished\":\"2026-01-14T06:30:00+00:00\",\"mainEntityOfPage\":{\"@id\":\"https:\\\/\\\/impactocastex.com.ar\\\/?p=8474\"},\"wordCount\":440,\"publisher\":{\"@id\":\"https:\\\/\\\/impactocastex.com.ar\\\/#organization\"},\"image\":{\"@id\":\"https:\\\/\\\/impactocastex.com.ar\\\/?p=8474#primaryimage\"},\"thumbnailUrl\":\"https:\\\/\\\/impactocastex.com.ar\\\/wp-content\\\/uploads\\\/2025\\\/11\\\/Q5CDR33JIFGJFGHZVGW7DRTMRI-jwpEav.jpg\",\"articleSection\":[\"NACIONALES\"],\"inLanguage\":\"es\"},{\"@type\":\"WebPage\",\"@id\":\"https:\\\/\\\/impactocastex.com.ar\\\/?p=8474\",\"url\":\"https:\\\/\\\/impactocastex.com.ar\\\/?p=8474\",\"name\":\"Javier Milei, en vivo: las \u00faltimas medidas del Gobierno -\",\"isPartOf\":{\"@id\":\"https:\\\/\\\/impactocastex.com.ar\\\/#website\"},\"primaryImageOfPage\":{\"@id\":\"https:\\\/\\\/impactocastex.com.ar\\\/?p=8474#primaryimage\"},\"image\":{\"@id\":\"https:\\\/\\\/impactocastex.com.ar\\\/?p=8474#primaryimage\"},\"thumbnailUrl\":\"https:\\\/\\\/impactocastex.com.ar\\\/wp-content\\\/uploads\\\/2025\\\/11\\\/Q5CDR33JIFGJFGHZVGW7DRTMRI-jwpEav.jpg\",\"datePublished\":\"2026-01-14T06:30:00+00:00\",\"breadcrumb\":{\"@id\":\"https:\\\/\\\/impactocastex.com.ar\\\/?p=8474#breadcrumb\"},\"inLanguage\":\"es\",\"potentialAction\":[{\"@type\":\"ReadAction\",\"target\":[\"https:\\\/\\\/impactocastex.com.ar\\\/?p=8474\"]}]},{\"@type\":\"ImageObject\",\"inLanguage\":\"es\",\"@id\":\"https:\\\/\\\/impactocastex.com.ar\\\/?p=8474#primaryimage\",\"url\":\"https:\\\/\\\/impactocastex.com.ar\\\/wp-content\\\/uploads\\\/2025\\\/11\\\/Q5CDR33JIFGJFGHZVGW7DRTMRI-jwpEav.jpg\",\"contentUrl\":\"https:\\\/\\\/impactocastex.com.ar\\\/wp-content\\\/uploads\\\/2025\\\/11\\\/Q5CDR33JIFGJFGHZVGW7DRTMRI-jwpEav.jpg\",\"width\":2000,\"height\":1333},{\"@type\":\"BreadcrumbList\",\"@id\":\"https:\\\/\\\/impactocastex.com.ar\\\/?p=8474#breadcrumb\",\"itemListElement\":[{\"@type\":\"ListItem\",\"position\":1,\"name\":\"Portada\",\"item\":\"https:\\\/\\\/impactocastex.com.ar\\\/\"},{\"@type\":\"ListItem\",\"position\":2,\"name\":\"Javier Milei, en vivo: las \u00faltimas medidas del Gobierno\"}]},{\"@type\":\"WebSite\",\"@id\":\"https:\\\/\\\/impactocastex.com.ar\\\/#website\",\"url\":\"https:\\\/\\\/impactocastex.com.ar\\\/\",\"name\":\"Impacto Castex\",\"description\":\"\",\"publisher\":{\"@id\":\"https:\\\/\\\/impactocastex.com.ar\\\/#organization\"},\"potentialAction\":[{\"@type\":\"SearchAction\",\"target\":{\"@type\":\"EntryPoint\",\"urlTemplate\":\"https:\\\/\\\/impactocastex.com.ar\\\/?s={search_term_string}\"},\"query-input\":{\"@type\":\"PropertyValueSpecification\",\"valueRequired\":true,\"valueName\":\"search_term_string\"}}],\"inLanguage\":\"es\"},{\"@type\":\"Organization\",\"@id\":\"https:\\\/\\\/impactocastex.com.ar\\\/#organization\",\"name\":\"Impacto Castex\",\"url\":\"https:\\\/\\\/impactocastex.com.ar\\\/\",\"logo\":{\"@type\":\"ImageObject\",\"inLanguage\":\"es\",\"@id\":\"https:\\\/\\\/impactocastex.com.ar\\\/#\\\/schema\\\/logo\\\/image\\\/\",\"url\":\"https:\\\/\\\/impactocastex.com.ar\\\/wp-content\\\/uploads\\\/2025\\\/09\\\/cropped-icoweb.png\",\"contentUrl\":\"https:\\\/\\\/impactocastex.com.ar\\\/wp-content\\\/uploads\\\/2025\\\/09\\\/cropped-icoweb.png\",\"width\":512,\"height\":512,\"caption\":\"Impacto Castex\"},\"image\":{\"@id\":\"https:\\\/\\\/impactocastex.com.ar\\\/#\\\/schema\\\/logo\\\/image\\\/\"},\"sameAs\":[\"https:\\\/\\\/www.facebook.com\\\/impactocastexdiario\",\"https:\\\/\\\/www.instagram.com\\\/impactocastex.com.ar\\\/\"]},{\"@type\":\"Person\",\"@id\":\"https:\\\/\\\/impactocastex.com.ar\\\/#\\\/schema\\\/person\\\/86cb4f827fb5f87869a239b98a69c6e3\",\"name\":\"impactocastex\",\"image\":{\"@type\":\"ImageObject\",\"inLanguage\":\"es\",\"@id\":\"https:\\\/\\\/secure.gravatar.com\\\/avatar\\\/9a87ee051ca8c77f5d4070843ce2c78cdf95b858b950fb039151de955122f5f5?s=96&d=mm&r=g\",\"url\":\"https:\\\/\\\/secure.gravatar.com\\\/avatar\\\/9a87ee051ca8c77f5d4070843ce2c78cdf95b858b950fb039151de955122f5f5?s=96&d=mm&r=g\",\"contentUrl\":\"https:\\\/\\\/secure.gravatar.com\\\/avatar\\\/9a87ee051ca8c77f5d4070843ce2c78cdf95b858b950fb039151de955122f5f5?s=96&d=mm&r=g\",\"caption\":\"impactocastex\"},\"sameAs\":[\"https:\\\/\\\/impactocastex.com.ar\"],\"url\":\"https:\\\/\\\/impactocastex.com.ar\\\/?author=1\"}]}<\/script>\n<!-- \/ Yoast SEO plugin. -->","yoast_head_json":{"title":"Javier Milei, en vivo: las \u00faltimas medidas del Gobierno -","robots":{"index":"index","follow":"follow","max-snippet":"max-snippet:-1","max-image-preview":"max-image-preview:large","max-video-preview":"max-video-preview:-1"},"canonical":"https:\/\/impactocastex.com.ar\/?p=8474","og_locale":"es_ES","og_type":"article","og_title":"Javier Milei, en vivo: las \u00faltimas medidas del Gobierno -","og_description":"El presidente Javier Milei reiter\u00f3 en las \u00faltimas horas que ya tiene definido su plan...","og_url":"https:\/\/impactocastex.com.ar\/?p=8474","article_publisher":"https:\/\/www.facebook.com\/impactocastexdiario","article_published_time":"2026-01-14T06:30:00+00:00","og_image":[{"url":"https:\/\/resizer.glanacion.com\/resizer\/v2\/VFDCKVZ7EZGD3OLHTADHSADP2Y.jpg?auth=d327e9ddb2e6044336b1e24abff213a6f40951d02ee70174951f872287b89953&amp;smart=true&amp;width=2000&amp;height=1333","type":"","width":"","height":""}],"author":"impactocastex","twitter_card":"summary_large_image","twitter_misc":{"Escrito por":"impactocastex","Tiempo de lectura":"2 minutos"},"schema":{"@context":"https:\/\/schema.org","@graph":[{"@type":"Article","@id":"https:\/\/impactocastex.com.ar\/?p=8474#article","isPartOf":{"@id":"https:\/\/impactocastex.com.ar\/?p=8474"},"author":{"name":"impactocastex","@id":"https:\/\/impactocastex.com.ar\/#\/schema\/person\/86cb4f827fb5f87869a239b98a69c6e3"},"headline":"Javier Milei, en vivo: las \u00faltimas medidas del Gobierno","datePublished":"2026-01-14T06:30:00+00:00","mainEntityOfPage":{"@id":"https:\/\/impactocastex.com.ar\/?p=8474"},"wordCount":440,"publisher":{"@id":"https:\/\/impactocastex.com.ar\/#organization"},"image":{"@id":"https:\/\/impactocastex.com.ar\/?p=8474#primaryimage"},"thumbnailUrl":"https:\/\/impactocastex.com.ar\/wp-content\/uploads\/2025\/11\/Q5CDR33JIFGJFGHZVGW7DRTMRI-jwpEav.jpg","articleSection":["NACIONALES"],"inLanguage":"es"},{"@type":"WebPage","@id":"https:\/\/impactocastex.com.ar\/?p=8474","url":"https:\/\/impactocastex.com.ar\/?p=8474","name":"Javier Milei, en vivo: las \u00faltimas medidas del Gobierno -","isPartOf":{"@id":"https:\/\/impactocastex.com.ar\/#website"},"primaryImageOfPage":{"@id":"https:\/\/impactocastex.com.ar\/?p=8474#primaryimage"},"image":{"@id":"https:\/\/impactocastex.com.ar\/?p=8474#primaryimage"},"thumbnailUrl":"https:\/\/impactocastex.com.ar\/wp-content\/uploads\/2025\/11\/Q5CDR33JIFGJFGHZVGW7DRTMRI-jwpEav.jpg","datePublished":"2026-01-14T06:30:00+00:00","breadcrumb":{"@id":"https:\/\/impactocastex.com.ar\/?p=8474#breadcrumb"},"inLanguage":"es","potentialAction":[{"@type":"ReadAction","target":["https:\/\/impactocastex.com.ar\/?p=8474"]}]},{"@type":"ImageObject","inLanguage":"es","@id":"https:\/\/impactocastex.com.ar\/?p=8474#primaryimage","url":"https:\/\/impactocastex.com.ar\/wp-content\/uploads\/2025\/11\/Q5CDR33JIFGJFGHZVGW7DRTMRI-jwpEav.jpg","contentUrl":"https:\/\/impactocastex.com.ar\/wp-content\/uploads\/2025\/11\/Q5CDR33JIFGJFGHZVGW7DRTMRI-jwpEav.jpg","width":2000,"height":1333},{"@type":"BreadcrumbList","@id":"https:\/\/impactocastex.com.ar\/?p=8474#breadcrumb","itemListElement":[{"@type":"ListItem","position":1,"name":"Portada","item":"https:\/\/impactocastex.com.ar\/"},{"@type":"ListItem","position":2,"name":"Javier Milei, en vivo: las \u00faltimas medidas del Gobierno"}]},{"@type":"WebSite","@id":"https:\/\/impactocastex.com.ar\/#website","url":"https:\/\/impactocastex.com.ar\/","name":"Impacto Castex","description":"","publisher":{"@id":"https:\/\/impactocastex.com.ar\/#organization"},"potentialAction":[{"@type":"SearchAction","target":{"@type":"EntryPoint","urlTemplate":"https:\/\/impactocastex.com.ar\/?s={search_term_string}"},"query-input":{"@type":"PropertyValueSpecification","valueRequired":true,"valueName":"search_term_string"}}],"inLanguage":"es"},{"@type":"Organization","@id":"https:\/\/impactocastex.com.ar\/#organization","name":"Impacto Castex","url":"https:\/\/impactocastex.com.ar\/","logo":{"@type":"ImageObject","inLanguage":"es","@id":"https:\/\/impactocastex.com.ar\/#\/schema\/logo\/image\/","url":"https:\/\/impactocastex.com.ar\/wp-content\/uploads\/2025\/09\/cropped-icoweb.png","contentUrl":"https:\/\/impactocastex.com.ar\/wp-content\/uploads\/2025\/09\/cropped-icoweb.png","width":512,"height":512,"caption":"Impacto Castex"},"image":{"@id":"https:\/\/impactocastex.com.ar\/#\/schema\/logo\/image\/"},"sameAs":["https:\/\/www.facebook.com\/impactocastexdiario","https:\/\/www.instagram.com\/impactocastex.com.ar\/"]},{"@type":"Person","@id":"https:\/\/impactocastex.com.ar\/#\/schema\/person\/86cb4f827fb5f87869a239b98a69c6e3","name":"impactocastex","image":{"@type":"ImageObject","inLanguage":"es","@id":"https:\/\/secure.gravatar.com\/avatar\/9a87ee051ca8c77f5d4070843ce2c78cdf95b858b950fb039151de955122f5f5?s=96&d=mm&r=g","url":"https:\/\/secure.gravatar.com\/avatar\/9a87ee051ca8c77f5d4070843ce2c78cdf95b858b950fb039151de955122f5f5?s=96&d=mm&r=g","contentUrl":"https:\/\/secure.gravatar.com\/avatar\/9a87ee051ca8c77f5d4070843ce2c78cdf95b858b950fb039151de955122f5f5?s=96&d=mm&r=g","caption":"impactocastex"},"sameAs":["https:\/\/impactocastex.com.ar"],"url":"https:\/\/impactocastex.com.ar\/?author=1"}]}},"jetpack_publicize_connections":[],"featured_image_urls":{"full":["https:\/\/impactocastex.com.ar\/wp-content\/uploads\/2025\/11\/Q5CDR33JIFGJFGHZVGW7DRTMRI-jwpEav.jpg",2000,1333,false],"thumbnail":["https:\/\/impactocastex.com.ar\/wp-content\/uploads\/2025\/11\/Q5CDR33JIFGJFGHZVGW7DRTMRI-jwpEav-150x150.jpg",150,150,true],"medium":["https:\/\/impactocastex.com.ar\/wp-content\/uploads\/2025\/11\/Q5CDR33JIFGJFGHZVGW7DRTMRI-jwpEav-300x200.jpg",300,200,true],"medium_large":["https:\/\/impactocastex.com.ar\/wp-content\/uploads\/2025\/11\/Q5CDR33JIFGJFGHZVGW7DRTMRI-jwpEav-768x512.jpg",640,427,true],"large":["https:\/\/impactocastex.com.ar\/wp-content\/uploads\/2025\/11\/Q5CDR33JIFGJFGHZVGW7DRTMRI-jwpEav-1024x682.jpg",640,426,true],"1536x1536":["https:\/\/impactocastex.com.ar\/wp-content\/uploads\/2025\/11\/Q5CDR33JIFGJFGHZVGW7DRTMRI-jwpEav-1536x1024.jpg",1536,1024,true],"2048x2048":["https:\/\/impactocastex.com.ar\/wp-content\/uploads\/2025\/11\/Q5CDR33JIFGJFGHZVGW7DRTMRI-jwpEav.jpg",2000,1333,false],"newsever-slider-full":["https:\/\/impactocastex.com.ar\/wp-content\/uploads\/2025\/11\/Q5CDR33JIFGJFGHZVGW7DRTMRI-jwpEav-1280x845.jpg",1280,845,true],"newsever-featured":["https:\/\/impactocastex.com.ar\/wp-content\/uploads\/2025\/11\/Q5CDR33JIFGJFGHZVGW7DRTMRI-jwpEav-1024x682.jpg",1024,682,true],"newsever-medium":["https:\/\/impactocastex.com.ar\/wp-content\/uploads\/2025\/11\/Q5CDR33JIFGJFGHZVGW7DRTMRI-jwpEav-720x475.jpg",720,475,true]},"author_info":{"info":["impactocastex"]},"category_info":"<a href=\"https:\/\/impactocastex.com.ar\/?cat=89\" rel=\"category\">NACIONALES<\/a>","tag_info":"NACIONALES","comment_count":0,"jetpack_featured_media_url":"https:\/\/impactocastex.com.ar\/wp-content\/uploads\/2025\/11\/Q5CDR33JIFGJFGHZVGW7DRTMRI-jwpEav.jpg","jetpack_sharing_enabled":true,"jetpack_likes_enabled":true,"jetpack_shortlink":"https:\/\/wp.me\/p7sopA-2cG","_links":{"self":[{"href":"https:\/\/impactocastex.com.ar\/index.php?rest_route=\/wp\/v2\/posts\/8474","targetHints":{"allow":["GET"]}}],"collection":[{"href":"https:\/\/impactocastex.com.ar\/index.php?rest_route=\/wp\/v2\/posts"}],"about":[{"href":"https:\/\/impactocastex.com.ar\/index.php?rest_route=\/wp\/v2\/types\/post"}],"author":[{"embeddable":true,"href":"https:\/\/impactocastex.com.ar\/index.php?rest_route=\/wp\/v2\/users\/1"}],"replies":[{"embeddable":true,"href":"https:\/\/impactocastex.com.ar\/index.php?rest_route=%2Fwp%2Fv2%2Fcomments&post=8474"}],"version-history":[{"count":0,"href":"https:\/\/impactocastex.com.ar\/index.php?rest_route=\/wp\/v2\/posts\/8474\/revisions"}],"wp:featuredmedia":[{"embeddable":true,"href":"https:\/\/impactocastex.com.ar\/index.php?rest_route=\/wp\/v2\/media\/3372"}],"wp:attachment":[{"href":"https:\/\/impactocastex.com.ar\/index.php?rest_route=%2Fwp%2Fv2%2Fmedia&parent=8474"}],"wp:term":[{"taxonomy":"category","embeddable":true,"href":"https:\/\/impactocastex.com.ar\/index.php?rest_route=%2Fwp%2Fv2%2Fcategories&post=8474"},{"taxonomy":"post_tag","embeddable":true,"href":"https:\/\/impactocastex.com.ar\/index.php?rest_route=%2Fwp%2Fv2%2Ftags&post=8474"}],"curies":[{"name":"wp","href":"https:\/\/api.w.org\/{rel}","templated":true}]}}