{"id":8472,"date":"2026-01-14T03:32:24","date_gmt":"2026-01-14T06:32:24","guid":{"rendered":"https:\/\/impactocastex.com.ar\/?p=8472"},"modified":"2026-01-14T03:32:24","modified_gmt":"2026-01-14T06:32:24","slug":"el-titular-de-la-igj-nego-las-acusaciones-de-la-afa-y-celebro-un-traspie-en-el-comunicado","status":"publish","type":"post","link":"https:\/\/impactocastex.com.ar\/?p=8472","title":{"rendered":"El titular de la IGJ neg\u00f3 las acusaciones de la AFA y celebr\u00f3 un traspi\u00e9 en el comunicado"},"content":{"rendered":"<p>Luego de que la <a href=\"https:\/\/www.lanacion.com.ar\/politica\/cuenta-regresiva-comienzan-dos-semanas-claves-para-que-la-afa-explique-sus-cuentas-al-gobierno-nid08012026\/\" target=\"_self\" rel=\"\" title=\"https:\/\/www.lanacion.com.ar\/politica\/cuenta-regresiva-comienzan-dos-semanas-claves-para-que-la-afa-explique-sus-cuentas-al-gobierno-nid08012026\/\"><b>Inspecci\u00f3n General de Justicia (IGJ) acusara a la Asociaci\u00f3n del F\u00fatbol Argentino (AFA) <\/b><\/a><b>de cometer irregularidades en su administraci\u00f3n, <\/b>como una posible malversaci\u00f3n de fondos y lavado de dinero, y lo intimara a responder, la entidad que preside <b>Claudio \u201cChiqui\u201d Tapia <\/b>public\u00f3 un comunicado titulado \u201cla \u00fanica verdad es la realidad\u201d. <b>\u201cEs objetivamente falso afirmar <\/b>que la AFA se escap\u00f3, que no inform\u00f3 su cambio de jurisdicci\u00f3n o que dicho cambio sea ilegal\u201d, marc\u00f3 parte del texto.<\/p>\n<p>\u201cAnte las reiteradas manifestaciones p\u00fablicas realizadas durante las \u00faltimas semanas por el inspector General de Justicia, Dr. <b>Daniel Roque V\u00edtolo<\/b>, y frente a la intimaci\u00f3n cursada por dicho organismo, la AFA considera imprescindible informar que en el d\u00eda de la fecha [por este lunes] se contest\u00f3 la mencionada intimaci\u00f3n\u201d, comenz\u00f3 el comunicado dado a conocer en las redes sociales. A su vez, el m\u00e1ximo rector del f\u00fatbol argentino indic\u00f3 que la entidad respondi\u00f3 a los <b>pedidos sobre los ejercicios contables <\/b>por los a\u00f1os 2017 a 2023. <\/p>\n<p><b>\u201cEs incre\u00edble. Es el primer reconocimiento de que en los a\u00f1os anteriores no hab\u00edan presentado nada\u201d<\/b>, respondi\u00f3 V\u00edtolo, entrevistado este martes por la tarde en TN. El funcionario destac\u00f3 adem\u00e1s que el comunicado, titulado \u201cla \u00fanica verdad es la realidad (bis)\u201d, lleva como imagen institucional el frente del edificio de la AFA en la calle Viamonte de la ciudad de Buenos Aires, no el nuevo domicilio elegido por la entidad en territorio bonaerense.<\/p>\n<blockquote class=\"twitter-tweet\">\n<p lang=\"es\" dir=\"ltr\">Comunicado de prensa de la Asociaci\u00f3n del F\u00fatbol Argentino.<\/p>\n<p>La \u00fanica verdad, es la realidad (bis).<\/p>\n<p>\ud83d\udcdd  <a href=\"https:\/\/t.co\/WFLKpHZPFj\">https:\/\/t.co\/WFLKpHZPFj<\/a> <a href=\"https:\/\/t.co\/avUwp5PRnH\">pic.twitter.com\/avUwp5PRnH<\/a><\/p>\n<p>\u2014 AFA (@afa) <a href=\"https:\/\/twitter.com\/afa\/status\/2011060695388041684?ref_src=twsrc%5Etfw\">January 13, 2026<\/a><\/p><\/blockquote>\n<p>En medio del <b>esc\u00e1ndalo por la derivaci\u00f3n de millonarios fondos de la entidad<\/b>,<b> la IGJ hab\u00eda citado para este jueves y viernes a los contadores que avalaron los balances tanto de la AFA como de la Superliga entre 2017 y 2024<\/b>. Si la AFA no respond\u00eda a la intimaci\u00f3n antes del 20 de enero, la administraci\u00f3n de <b>Javier Milei <\/b>ten\u00eda la potestad de avanzar con<b> la designaci\u00f3n de veedores<\/b> dentro de la organizaci\u00f3n del f\u00fatbol argentino.<\/p>\n<p>En tanto,<b> la AFA<\/b> <b>apunt\u00f3 a realizar ciertas \u201caclaraciones fundadas en hechos objetivos, documentaci\u00f3n p\u00fablica y actos administrativos verificables, a fin de llevar claridad a las asociaciones socias de la entidad y a la opini\u00f3n p\u00fablica en general\u201d<\/b>. <\/p>\n<p><img loading=\"lazy\" decoding=\"async\" src=\"https:\/\/resizer.glanacion.com\/resizer\/v2\/J6UB5BYQXBAXNPLNDYTJC3SK4U.jpg?auth=374e02a2d6e5cb79aaf940a3cf953c6a6f10050b8e98febedb857356f7b7fca9&amp;smart=true&amp;width=8283&amp;height=5522\" alt=\"Un comunicado que arremete contra las denuncias de la IGJ: \u201cEs falso que la AFA \u2018se escap\u00f3\u2019\u201d.\" height=\"5522\" width=\"8283\" \/><\/p>\n<p>Mediante un detallado punteo, <b>el organismo que dirige Tapia indic\u00f3 que el cambio de jurisdicci\u00f3n <\/b>-de la Ciudad de Buenos Aires a la Provincia de Buenos Aires- fue aprobado en Asamblea, \u201cfiscalizado por veedores de la IGJ y debidamente notificado y certificado por el propio organismo\u201d. <\/p>\n<p>\u201cEl acta de la asamblea se encuentra p\u00fablica y disponible, incluso en plataformas abiertas como YouTube. La IGJ nunca cuestion\u00f3 dicho cambio de jurisdicci\u00f3n que data de hace m\u00e1s de un a\u00f1o, a tal punto que fue el propio organismo quien con fecha 7 de noviembre de 2024 emiti\u00f3 el Certificado de Vigencia por cambio de jurisdicci\u00f3n para que la AFA lo pueda presentar en la provincia de Buenos Aires, acto administrativo indispensable para obtener la inscripci\u00f3n de AFA en dicha jurisdicci\u00f3n\u201d, prosigui\u00f3 el texto.<\/p>\n<p>Seg\u00fan la AFA, en dicho certificado, \u201cla IGJ dej\u00f3 constancia expresa de que la entidad se encontraba al d\u00eda con la presentaci\u00f3n de sus estados contables y documentaci\u00f3n post-asamblearia y que no registraba medidas cautelares\u201d. \u201cEstos actos \u2014todos documentados\u2014 demuestran de manera inequ\u00edvoca que la Inspecci\u00f3n General de Justicia conoci\u00f3, particip\u00f3 y certific\u00f3 el cambio de jurisdicci\u00f3n desde su etapa inicial. Cualquier afirmaci\u00f3n en contrario resulta incompatible con los propios actos del organismo\u201d, resalt\u00f3 la asociaci\u00f3n.<\/p>\n<p><img loading=\"lazy\" decoding=\"async\" src=\"https:\/\/resizer.glanacion.com\/resizer\/v2\/AFXWSL4JJ5ADZGVEJD7ZODUHUE.jpg?auth=8901f170a1af441abc736b3aab37ad6e2733078f9c495328f983503990a27699&amp;smart=true&amp;width=2000&amp;height=1333\" alt=\"Un comunicado que arremete contra las denuncias de la IGJ: \u201cEs falso que la AFA \u2018se escap\u00f3\u2019\u201d.\" height=\"1333\" width=\"2000\" \/><\/p>\n<p>\u201c<b>La AFA nunca desconoci\u00f3 la existencia de tr\u00e1mites pendientes ante la IGJ<\/b>, circunstancia que fue expresamente informada a sus socios en la Asamblea del 28 de octubre de 2025 (previo al raid medi\u00e1tico del Dr. V\u00edtolo), en la cual se trataron los puntos necesarios para culminar dichas actuaciones. Asimismo, corresponde destacar que durante todo el a\u00f1o 2025 la AFA fue contestando, de manera progresiva, las vistas formuladas por dicho organismo en el tr\u00e1mite de reforma de estatuto cuya inscripci\u00f3n se encontraba pendiente\u201d, sigui\u00f3 el comunicado.<\/p>\n<p><b>\u201cEs falso afirmar que la AFA pretendiera eludir obligaciones o sustraerse al control estatal\u201d, <\/b>destac\u00f3 la entidad que tambi\u00e9n insisti\u00f3 en que hubo un \u201cejercicio regular de un procedimiento legal previsto por la normativa de ambos organismos\u201d.<\/p>\n<p>No obstante, la entidad busca que se reconozca su mudanza a la provincia de Buenos Aires, donde gobierna Axel Kicillof, que encumbr\u00f3 a Tapia como presidente de la Ceamse y lo respald\u00f3 a trav\u00e9s de gestos de su mano derecha, el ministro de Gobierno, Carlos Bianco.<\/p>\n<h1>\u201cLa AFA present\u00f3, en tiempo y forma, todos sus balances\u201d<\/h1>\n<p>La IGJ es la encargada de revisar y controlar que las sociedades comerciales, asociaciones civiles, fundaciones y entidades deportivas act\u00faen conforme a su estatuto y que sus balances contables sean reales. <b>El 18 de diciembre pasado, el organismo le pidi\u00f3 a la AFA que clarifique supuestas irregularidades y vac\u00edos en sus estados contables <\/b>acumulados durante siete ejercicios consecutivos. El plazo de esa intimaci\u00f3n vencer\u00eda el 20 de enero.<\/p>\n<p>Al respecto, <b>la AFA asegur\u00f3 que present\u00f3 ante la IGJ, en tiempo y forma, todos sus balances desde el ejercicio cerrado al 30 de junio de 2017 hasta el 30 de junio de 2024<\/b>. <\/p>\n<p><img loading=\"lazy\" decoding=\"async\" src=\"https:\/\/resizer.glanacion.com\/resizer\/v2\/U7YRZSXHZZDQDFKNRQK4MVNGVA.JPG?auth=aa8993b25b14cd80e1dbbdde777c77ab03d5fa0cab0f90fbeabf5a5e51ac4bc6&amp;smart=true&amp;width=6720&amp;height=4480\" alt=\"\u201cAnte las reiteradas manifestaciones p\u00fablicas realizadas durante las \u00faltimas semanas por el inspector General de Justicia, Dr. Daniel Roque V\u00edtolo, y frente a la intimaci\u00f3n cursada por dicho organismo, la AFA considera imprescindible informar que en el d\u00eda de la fecha [por este lunes] se contest\u00f3 la mencionada intimaci\u00f3n\u201d, comenz\u00f3 el comunicado dado a conocer por la AFA en sus redes sociales.\" height=\"4480\" width=\"6720\" \/><\/p>\n<p>\u201cDe ese universo de presentaciones solo una \u00fanica vista fue debidamente notificada a la AFA, la correspondiente al balance cerrado el 30 de junio de 2017, la cual se notific\u00f3 con fecha 26 de diciembre de ese a\u00f1o y fue respondida por AFA con nota y documentaci\u00f3n el 9 de enero de 2018\u2033, sum\u00f3 el organismo futbolero. <b>\u201cEl resto de las vistas invocadas p\u00fablicamente por el Inspector General, de las cuales maliciosamente dijo que AFA se neg\u00f3 a contestar, nunca fueron notificadas, como exige la propia normativa de la IGJ\u201d<\/b>, apunt\u00f3 en el comunicado.<\/p>\n<p>V\u00edtolo respondi\u00f3 que en la \u201creglamentaci\u00f3n [de la IGJ] no se notifica las vistas\u201d y que quien inicia un tr\u00e1mite ante el \u00f3rgano de contralor \u201clo va siguiendo\u201d y all\u00ed toma conocimiento de los pasos pendientes.<\/p>\n<p>Vitolo insisti\u00f3 en que, b\u00e1sicamente, lo que la IGJ le reclama a la AFA son \u201caclaraciones\u201d que se le pidieron sobre gastos millonarios que la entidad asent\u00f3 en sus balances de los \u00faltimos ocho a\u00f1os a trav\u00e9s de \u201crubros globales que no estaban explicados\u201d. <\/p>\n<p>\u201cNosotros nunca hemos dicho que los estados contables de la AFA sean falsos o estaban mal. Lo que hemos dicho es, por ejemplo en un a\u00f1o, \u00b4mire, estos 17 millones de d\u00f3lares de gastos de administraci\u00f3n, en qu\u00e9 consisten, c\u00f3mo se componen\u2019\u201d, explic\u00f3. <\/p>\n<p>En su comunicado, la entidad del f\u00fatbol insisti\u00f3 en que la IGJ no le notific\u00f3 sus exigencias y agreg\u00f3, desafiante: \u201cEl incumplidor no es la AFA, sino la propia IGJ, que adem\u00e1s tiene el atrevimiento de recorrer los medios de comunicaci\u00f3n acusando a la AFA de incumplimientos inexistentes\u201d. <\/p>\n<p>La AFA consider\u00f3 \u201cpreocupante la reiterada utilizaci\u00f3n del espacio medi\u00e1tico para formular imputaciones graves, sin respaldo\u201d y acus\u00f3 de una \u201cfalta de imparcialidad manifiesta\u201d a la IGJ.<\/p>\n<p>\u200bLa entidad que conduce Claudio Tapia difundi\u00f3 un comunicado en el que asegur\u00f3 haber respondido a los requerimientos sobre sus estados financieros de los \u00faltimos a\u00f1os; la respuesta de V\u00edtolo\u00a0\u00a0<\/p>","protected":false},"excerpt":{"rendered":"<p>Luego de que la Inspecci\u00f3n General de Justicia (IGJ) acusara a la Asociaci\u00f3n del F\u00fatbol&#8230;<\/p>\n","protected":false},"author":1,"featured_media":8473,"comment_status":"closed","ping_status":"closed","sticky":false,"template":"","format":"standard","meta":{"_jetpack_memberships_contains_paid_content":false,"footnotes":"","jetpack_publicize_message":"","jetpack_publicize_feature_enabled":true,"jetpack_social_post_already_shared":true,"jetpack_social_options":{"image_generator_settings":{"template":"highway","default_image_id":0,"font":"","enabled":false},"version":2}},"categories":[89],"tags":[],"class_list":["post-8472","post","type-post","status-publish","format-standard","has-post-thumbnail","hentry","category-nacionales"],"yoast_head":"<!-- This site is optimized with the Yoast SEO plugin v27.4 - https:\/\/yoast.com\/product\/yoast-seo-wordpress\/ -->\n<title>El titular de la IGJ neg\u00f3 las acusaciones de la AFA y celebr\u00f3 un traspi\u00e9 en el comunicado -<\/title>\n<meta name=\"robots\" content=\"index, follow, max-snippet:-1, max-image-preview:large, max-video-preview:-1\" \/>\n<link rel=\"canonical\" href=\"https:\/\/impactocastex.com.ar\/?p=8472\" \/>\n<meta property=\"og:locale\" content=\"es_ES\" \/>\n<meta property=\"og:type\" content=\"article\" \/>\n<meta property=\"og:title\" content=\"El titular de la IGJ neg\u00f3 las acusaciones de la AFA y celebr\u00f3 un traspi\u00e9 en el comunicado -\" \/>\n<meta property=\"og:description\" content=\"Luego de que la Inspecci\u00f3n General de Justicia (IGJ) acusara a la Asociaci\u00f3n del F\u00fatbol...\" \/>\n<meta property=\"og:url\" content=\"https:\/\/impactocastex.com.ar\/?p=8472\" \/>\n<meta property=\"article:publisher\" content=\"https:\/\/www.facebook.com\/impactocastexdiario\" \/>\n<meta property=\"article:published_time\" content=\"2026-01-14T06:32:24+00:00\" \/>\n<meta property=\"og:image\" content=\"https:\/\/resizer.glanacion.com\/resizer\/v2\/J6UB5BYQXBAXNPLNDYTJC3SK4U.jpg?auth=374e02a2d6e5cb79aaf940a3cf953c6a6f10050b8e98febedb857356f7b7fca9&amp;smart=true&amp;width=8283&amp;height=5522\" \/>\n<meta name=\"author\" content=\"impactocastex\" \/>\n<meta name=\"twitter:card\" content=\"summary_large_image\" \/>\n<meta name=\"twitter:label1\" content=\"Escrito por\" \/>\n\t<meta name=\"twitter:data1\" content=\"impactocastex\" \/>\n\t<meta name=\"twitter:label2\" content=\"Tiempo de lectura\" \/>\n\t<meta name=\"twitter:data2\" content=\"6 minutos\" \/>\n<script type=\"application\/ld+json\" class=\"yoast-schema-graph\">{\"@context\":\"https:\\\/\\\/schema.org\",\"@graph\":[{\"@type\":\"Article\",\"@id\":\"https:\\\/\\\/impactocastex.com.ar\\\/?p=8472#article\",\"isPartOf\":{\"@id\":\"https:\\\/\\\/impactocastex.com.ar\\\/?p=8472\"},\"author\":{\"name\":\"impactocastex\",\"@id\":\"https:\\\/\\\/impactocastex.com.ar\\\/#\\\/schema\\\/person\\\/86cb4f827fb5f87869a239b98a69c6e3\"},\"headline\":\"El titular de la IGJ neg\u00f3 las acusaciones de la AFA y celebr\u00f3 un traspi\u00e9 en el comunicado\",\"datePublished\":\"2026-01-14T06:32:24+00:00\",\"mainEntityOfPage\":{\"@id\":\"https:\\\/\\\/impactocastex.com.ar\\\/?p=8472\"},\"wordCount\":1271,\"publisher\":{\"@id\":\"https:\\\/\\\/impactocastex.com.ar\\\/#organization\"},\"image\":{\"@id\":\"https:\\\/\\\/impactocastex.com.ar\\\/?p=8472#primaryimage\"},\"thumbnailUrl\":\"https:\\\/\\\/impactocastex.com.ar\\\/wp-content\\\/uploads\\\/2026\\\/01\\\/XV5VWS5KQJFH5C4RC5MRIP73W4-WZAvBM-scaled.jpg\",\"articleSection\":[\"NACIONALES\"],\"inLanguage\":\"es\"},{\"@type\":\"WebPage\",\"@id\":\"https:\\\/\\\/impactocastex.com.ar\\\/?p=8472\",\"url\":\"https:\\\/\\\/impactocastex.com.ar\\\/?p=8472\",\"name\":\"El titular de la IGJ neg\u00f3 las acusaciones de la AFA y celebr\u00f3 un traspi\u00e9 en el comunicado -\",\"isPartOf\":{\"@id\":\"https:\\\/\\\/impactocastex.com.ar\\\/#website\"},\"primaryImageOfPage\":{\"@id\":\"https:\\\/\\\/impactocastex.com.ar\\\/?p=8472#primaryimage\"},\"image\":{\"@id\":\"https:\\\/\\\/impactocastex.com.ar\\\/?p=8472#primaryimage\"},\"thumbnailUrl\":\"https:\\\/\\\/impactocastex.com.ar\\\/wp-content\\\/uploads\\\/2026\\\/01\\\/XV5VWS5KQJFH5C4RC5MRIP73W4-WZAvBM-scaled.jpg\",\"datePublished\":\"2026-01-14T06:32:24+00:00\",\"breadcrumb\":{\"@id\":\"https:\\\/\\\/impactocastex.com.ar\\\/?p=8472#breadcrumb\"},\"inLanguage\":\"es\",\"potentialAction\":[{\"@type\":\"ReadAction\",\"target\":[\"https:\\\/\\\/impactocastex.com.ar\\\/?p=8472\"]}]},{\"@type\":\"ImageObject\",\"inLanguage\":\"es\",\"@id\":\"https:\\\/\\\/impactocastex.com.ar\\\/?p=8472#primaryimage\",\"url\":\"https:\\\/\\\/impactocastex.com.ar\\\/wp-content\\\/uploads\\\/2026\\\/01\\\/XV5VWS5KQJFH5C4RC5MRIP73W4-WZAvBM-scaled.jpg\",\"contentUrl\":\"https:\\\/\\\/impactocastex.com.ar\\\/wp-content\\\/uploads\\\/2026\\\/01\\\/XV5VWS5KQJFH5C4RC5MRIP73W4-WZAvBM-scaled.jpg\",\"width\":2560,\"height\":1706},{\"@type\":\"BreadcrumbList\",\"@id\":\"https:\\\/\\\/impactocastex.com.ar\\\/?p=8472#breadcrumb\",\"itemListElement\":[{\"@type\":\"ListItem\",\"position\":1,\"name\":\"Portada\",\"item\":\"https:\\\/\\\/impactocastex.com.ar\\\/\"},{\"@type\":\"ListItem\",\"position\":2,\"name\":\"El titular de la IGJ neg\u00f3 las acusaciones de la AFA y celebr\u00f3 un traspi\u00e9 en el comunicado\"}]},{\"@type\":\"WebSite\",\"@id\":\"https:\\\/\\\/impactocastex.com.ar\\\/#website\",\"url\":\"https:\\\/\\\/impactocastex.com.ar\\\/\",\"name\":\"Impacto Castex\",\"description\":\"\",\"publisher\":{\"@id\":\"https:\\\/\\\/impactocastex.com.ar\\\/#organization\"},\"potentialAction\":[{\"@type\":\"SearchAction\",\"target\":{\"@type\":\"EntryPoint\",\"urlTemplate\":\"https:\\\/\\\/impactocastex.com.ar\\\/?s={search_term_string}\"},\"query-input\":{\"@type\":\"PropertyValueSpecification\",\"valueRequired\":true,\"valueName\":\"search_term_string\"}}],\"inLanguage\":\"es\"},{\"@type\":\"Organization\",\"@id\":\"https:\\\/\\\/impactocastex.com.ar\\\/#organization\",\"name\":\"Impacto Castex\",\"url\":\"https:\\\/\\\/impactocastex.com.ar\\\/\",\"logo\":{\"@type\":\"ImageObject\",\"inLanguage\":\"es\",\"@id\":\"https:\\\/\\\/impactocastex.com.ar\\\/#\\\/schema\\\/logo\\\/image\\\/\",\"url\":\"https:\\\/\\\/impactocastex.com.ar\\\/wp-content\\\/uploads\\\/2025\\\/09\\\/cropped-icoweb.png\",\"contentUrl\":\"https:\\\/\\\/impactocastex.com.ar\\\/wp-content\\\/uploads\\\/2025\\\/09\\\/cropped-icoweb.png\",\"width\":512,\"height\":512,\"caption\":\"Impacto Castex\"},\"image\":{\"@id\":\"https:\\\/\\\/impactocastex.com.ar\\\/#\\\/schema\\\/logo\\\/image\\\/\"},\"sameAs\":[\"https:\\\/\\\/www.facebook.com\\\/impactocastexdiario\",\"https:\\\/\\\/www.instagram.com\\\/impactocastex.com.ar\\\/\"]},{\"@type\":\"Person\",\"@id\":\"https:\\\/\\\/impactocastex.com.ar\\\/#\\\/schema\\\/person\\\/86cb4f827fb5f87869a239b98a69c6e3\",\"name\":\"impactocastex\",\"image\":{\"@type\":\"ImageObject\",\"inLanguage\":\"es\",\"@id\":\"https:\\\/\\\/secure.gravatar.com\\\/avatar\\\/9a87ee051ca8c77f5d4070843ce2c78cdf95b858b950fb039151de955122f5f5?s=96&d=mm&r=g\",\"url\":\"https:\\\/\\\/secure.gravatar.com\\\/avatar\\\/9a87ee051ca8c77f5d4070843ce2c78cdf95b858b950fb039151de955122f5f5?s=96&d=mm&r=g\",\"contentUrl\":\"https:\\\/\\\/secure.gravatar.com\\\/avatar\\\/9a87ee051ca8c77f5d4070843ce2c78cdf95b858b950fb039151de955122f5f5?s=96&d=mm&r=g\",\"caption\":\"impactocastex\"},\"sameAs\":[\"https:\\\/\\\/impactocastex.com.ar\"],\"url\":\"https:\\\/\\\/impactocastex.com.ar\\\/?author=1\"}]}<\/script>\n<!-- \/ Yoast SEO plugin. -->","yoast_head_json":{"title":"El titular de la IGJ neg\u00f3 las acusaciones de la AFA y celebr\u00f3 un traspi\u00e9 en el comunicado -","robots":{"index":"index","follow":"follow","max-snippet":"max-snippet:-1","max-image-preview":"max-image-preview:large","max-video-preview":"max-video-preview:-1"},"canonical":"https:\/\/impactocastex.com.ar\/?p=8472","og_locale":"es_ES","og_type":"article","og_title":"El titular de la IGJ neg\u00f3 las acusaciones de la AFA y celebr\u00f3 un traspi\u00e9 en el comunicado -","og_description":"Luego de que la Inspecci\u00f3n General de Justicia (IGJ) acusara a la Asociaci\u00f3n del F\u00fatbol...","og_url":"https:\/\/impactocastex.com.ar\/?p=8472","article_publisher":"https:\/\/www.facebook.com\/impactocastexdiario","article_published_time":"2026-01-14T06:32:24+00:00","og_image":[{"url":"https:\/\/resizer.glanacion.com\/resizer\/v2\/J6UB5BYQXBAXNPLNDYTJC3SK4U.jpg?auth=374e02a2d6e5cb79aaf940a3cf953c6a6f10050b8e98febedb857356f7b7fca9&amp;smart=true&amp;width=8283&amp;height=5522","type":"","width":"","height":""}],"author":"impactocastex","twitter_card":"summary_large_image","twitter_misc":{"Escrito por":"impactocastex","Tiempo de lectura":"6 minutos"},"schema":{"@context":"https:\/\/schema.org","@graph":[{"@type":"Article","@id":"https:\/\/impactocastex.com.ar\/?p=8472#article","isPartOf":{"@id":"https:\/\/impactocastex.com.ar\/?p=8472"},"author":{"name":"impactocastex","@id":"https:\/\/impactocastex.com.ar\/#\/schema\/person\/86cb4f827fb5f87869a239b98a69c6e3"},"headline":"El titular de la IGJ neg\u00f3 las acusaciones de la AFA y celebr\u00f3 un traspi\u00e9 en el comunicado","datePublished":"2026-01-14T06:32:24+00:00","mainEntityOfPage":{"@id":"https:\/\/impactocastex.com.ar\/?p=8472"},"wordCount":1271,"publisher":{"@id":"https:\/\/impactocastex.com.ar\/#organization"},"image":{"@id":"https:\/\/impactocastex.com.ar\/?p=8472#primaryimage"},"thumbnailUrl":"https:\/\/impactocastex.com.ar\/wp-content\/uploads\/2026\/01\/XV5VWS5KQJFH5C4RC5MRIP73W4-WZAvBM-scaled.jpg","articleSection":["NACIONALES"],"inLanguage":"es"},{"@type":"WebPage","@id":"https:\/\/impactocastex.com.ar\/?p=8472","url":"https:\/\/impactocastex.com.ar\/?p=8472","name":"El titular de la IGJ neg\u00f3 las acusaciones de la AFA y celebr\u00f3 un traspi\u00e9 en el comunicado -","isPartOf":{"@id":"https:\/\/impactocastex.com.ar\/#website"},"primaryImageOfPage":{"@id":"https:\/\/impactocastex.com.ar\/?p=8472#primaryimage"},"image":{"@id":"https:\/\/impactocastex.com.ar\/?p=8472#primaryimage"},"thumbnailUrl":"https:\/\/impactocastex.com.ar\/wp-content\/uploads\/2026\/01\/XV5VWS5KQJFH5C4RC5MRIP73W4-WZAvBM-scaled.jpg","datePublished":"2026-01-14T06:32:24+00:00","breadcrumb":{"@id":"https:\/\/impactocastex.com.ar\/?p=8472#breadcrumb"},"inLanguage":"es","potentialAction":[{"@type":"ReadAction","target":["https:\/\/impactocastex.com.ar\/?p=8472"]}]},{"@type":"ImageObject","inLanguage":"es","@id":"https:\/\/impactocastex.com.ar\/?p=8472#primaryimage","url":"https:\/\/impactocastex.com.ar\/wp-content\/uploads\/2026\/01\/XV5VWS5KQJFH5C4RC5MRIP73W4-WZAvBM-scaled.jpg","contentUrl":"https:\/\/impactocastex.com.ar\/wp-content\/uploads\/2026\/01\/XV5VWS5KQJFH5C4RC5MRIP73W4-WZAvBM-scaled.jpg","width":2560,"height":1706},{"@type":"BreadcrumbList","@id":"https:\/\/impactocastex.com.ar\/?p=8472#breadcrumb","itemListElement":[{"@type":"ListItem","position":1,"name":"Portada","item":"https:\/\/impactocastex.com.ar\/"},{"@type":"ListItem","position":2,"name":"El titular de la IGJ neg\u00f3 las acusaciones de la AFA y celebr\u00f3 un traspi\u00e9 en el comunicado"}]},{"@type":"WebSite","@id":"https:\/\/impactocastex.com.ar\/#website","url":"https:\/\/impactocastex.com.ar\/","name":"Impacto Castex","description":"","publisher":{"@id":"https:\/\/impactocastex.com.ar\/#organization"},"potentialAction":[{"@type":"SearchAction","target":{"@type":"EntryPoint","urlTemplate":"https:\/\/impactocastex.com.ar\/?s={search_term_string}"},"query-input":{"@type":"PropertyValueSpecification","valueRequired":true,"valueName":"search_term_string"}}],"inLanguage":"es"},{"@type":"Organization","@id":"https:\/\/impactocastex.com.ar\/#organization","name":"Impacto Castex","url":"https:\/\/impactocastex.com.ar\/","logo":{"@type":"ImageObject","inLanguage":"es","@id":"https:\/\/impactocastex.com.ar\/#\/schema\/logo\/image\/","url":"https:\/\/impactocastex.com.ar\/wp-content\/uploads\/2025\/09\/cropped-icoweb.png","contentUrl":"https:\/\/impactocastex.com.ar\/wp-content\/uploads\/2025\/09\/cropped-icoweb.png","width":512,"height":512,"caption":"Impacto Castex"},"image":{"@id":"https:\/\/impactocastex.com.ar\/#\/schema\/logo\/image\/"},"sameAs":["https:\/\/www.facebook.com\/impactocastexdiario","https:\/\/www.instagram.com\/impactocastex.com.ar\/"]},{"@type":"Person","@id":"https:\/\/impactocastex.com.ar\/#\/schema\/person\/86cb4f827fb5f87869a239b98a69c6e3","name":"impactocastex","image":{"@type":"ImageObject","inLanguage":"es","@id":"https:\/\/secure.gravatar.com\/avatar\/9a87ee051ca8c77f5d4070843ce2c78cdf95b858b950fb039151de955122f5f5?s=96&d=mm&r=g","url":"https:\/\/secure.gravatar.com\/avatar\/9a87ee051ca8c77f5d4070843ce2c78cdf95b858b950fb039151de955122f5f5?s=96&d=mm&r=g","contentUrl":"https:\/\/secure.gravatar.com\/avatar\/9a87ee051ca8c77f5d4070843ce2c78cdf95b858b950fb039151de955122f5f5?s=96&d=mm&r=g","caption":"impactocastex"},"sameAs":["https:\/\/impactocastex.com.ar"],"url":"https:\/\/impactocastex.com.ar\/?author=1"}]}},"jetpack_publicize_connections":[],"featured_image_urls":{"full":["https:\/\/impactocastex.com.ar\/wp-content\/uploads\/2026\/01\/XV5VWS5KQJFH5C4RC5MRIP73W4-WZAvBM-scaled.jpg",2560,1706,false],"thumbnail":["https:\/\/impactocastex.com.ar\/wp-content\/uploads\/2026\/01\/XV5VWS5KQJFH5C4RC5MRIP73W4-WZAvBM-150x150.jpg",150,150,true],"medium":["https:\/\/impactocastex.com.ar\/wp-content\/uploads\/2026\/01\/XV5VWS5KQJFH5C4RC5MRIP73W4-WZAvBM-300x200.jpg",300,200,true],"medium_large":["https:\/\/impactocastex.com.ar\/wp-content\/uploads\/2026\/01\/XV5VWS5KQJFH5C4RC5MRIP73W4-WZAvBM-768x512.jpg",640,427,true],"large":["https:\/\/impactocastex.com.ar\/wp-content\/uploads\/2026\/01\/XV5VWS5KQJFH5C4RC5MRIP73W4-WZAvBM-1024x683.jpg",640,427,true],"1536x1536":["https:\/\/impactocastex.com.ar\/wp-content\/uploads\/2026\/01\/XV5VWS5KQJFH5C4RC5MRIP73W4-WZAvBM-1536x1024.jpg",1536,1024,true],"2048x2048":["https:\/\/impactocastex.com.ar\/wp-content\/uploads\/2026\/01\/XV5VWS5KQJFH5C4RC5MRIP73W4-WZAvBM-2048x1365.jpg",2048,1365,true],"newsever-slider-full":["https:\/\/impactocastex.com.ar\/wp-content\/uploads\/2026\/01\/XV5VWS5KQJFH5C4RC5MRIP73W4-WZAvBM-1280x845.jpg",1280,845,true],"newsever-featured":["https:\/\/impactocastex.com.ar\/wp-content\/uploads\/2026\/01\/XV5VWS5KQJFH5C4RC5MRIP73W4-WZAvBM-1024x683.jpg",1024,683,true],"newsever-medium":["https:\/\/impactocastex.com.ar\/wp-content\/uploads\/2026\/01\/XV5VWS5KQJFH5C4RC5MRIP73W4-WZAvBM-720x475.jpg",720,475,true]},"author_info":{"info":["impactocastex"]},"category_info":"<a href=\"https:\/\/impactocastex.com.ar\/?cat=89\" rel=\"category\">NACIONALES<\/a>","tag_info":"NACIONALES","comment_count":0,"jetpack_featured_media_url":"https:\/\/impactocastex.com.ar\/wp-content\/uploads\/2026\/01\/XV5VWS5KQJFH5C4RC5MRIP73W4-WZAvBM-scaled.jpg","jetpack_sharing_enabled":true,"jetpack_likes_enabled":true,"jetpack_shortlink":"https:\/\/wp.me\/p7sopA-2cE","_links":{"self":[{"href":"https:\/\/impactocastex.com.ar\/index.php?rest_route=\/wp\/v2\/posts\/8472","targetHints":{"allow":["GET"]}}],"collection":[{"href":"https:\/\/impactocastex.com.ar\/index.php?rest_route=\/wp\/v2\/posts"}],"about":[{"href":"https:\/\/impactocastex.com.ar\/index.php?rest_route=\/wp\/v2\/types\/post"}],"author":[{"embeddable":true,"href":"https:\/\/impactocastex.com.ar\/index.php?rest_route=\/wp\/v2\/users\/1"}],"replies":[{"embeddable":true,"href":"https:\/\/impactocastex.com.ar\/index.php?rest_route=%2Fwp%2Fv2%2Fcomments&post=8472"}],"version-history":[{"count":0,"href":"https:\/\/impactocastex.com.ar\/index.php?rest_route=\/wp\/v2\/posts\/8472\/revisions"}],"wp:featuredmedia":[{"embeddable":true,"href":"https:\/\/impactocastex.com.ar\/index.php?rest_route=\/wp\/v2\/media\/8473"}],"wp:attachment":[{"href":"https:\/\/impactocastex.com.ar\/index.php?rest_route=%2Fwp%2Fv2%2Fmedia&parent=8472"}],"wp:term":[{"taxonomy":"category","embeddable":true,"href":"https:\/\/impactocastex.com.ar\/index.php?rest_route=%2Fwp%2Fv2%2Fcategories&post=8472"},{"taxonomy":"post_tag","embeddable":true,"href":"https:\/\/impactocastex.com.ar\/index.php?rest_route=%2Fwp%2Fv2%2Ftags&post=8472"}],"curies":[{"name":"wp","href":"https:\/\/api.w.org\/{rel}","templated":true}]}}