{"id":8432,"date":"2026-01-13T15:43:02","date_gmt":"2026-01-13T18:43:02","guid":{"rendered":"https:\/\/impactocastex.com.ar\/?p=8432"},"modified":"2026-01-13T15:43:02","modified_gmt":"2026-01-13T18:43:02","slug":"atp-de-buenos-aires-se-conocio-la-lista-oficial-de-los-jugadores-que-participaran-en-el-torneo","status":"publish","type":"post","link":"https:\/\/impactocastex.com.ar\/?p=8432","title":{"rendered":"ATP de Buenos Aires: se conoci\u00f3 la lista oficial de los jugadores que participar\u00e1n en el torneo"},"content":{"rendered":"<p>El <b>ATP 250 de Buenos Aires<\/b> dio a conocer la <b>lista oficial <\/b>de los tenistas que participar\u00e1n en el torneo que se jugar\u00e1 entre el 9 y el 15 de febrero. La gran figura ser\u00e1 el N\u00b08 del mundo, <b>Lorenzo Musetti<\/b>, y habr\u00e1 <b>seis argentinos<\/b> que ya tienen asegurada su participaci\u00f3n en el cuadro principal: Francisco <b>Cer\u00fandolo<\/b>, Sebasti\u00e1n <b>B\u00e1ez<\/b>, Camilo <b>Ugo Carabelli<\/b>, Tom\u00e1s <b>Etcheverry<\/b>, Francisco <b>Comesa\u00f1a <\/b>y Mariano <b>Navone<\/b>.<\/p>\n<p>El torneo volver\u00e1 a disputarse en las canchas del <b>Buenos Aires Lawn Tennis Club<\/b>. Hasta el momento, <a href=\"https:\/\/www.lanacion.com.ar\/deportes\/tenis\/argentina-open-musetti-cerundolo-y-fonseca-los-nombres-mas-destacados-en-febrero-en-palermo-nid15122025\/\" target=\"_self\" rel=\"\" title=\"https:\/\/www.lanacion.com.ar\/deportes\/tenis\/argentina-open-musetti-cerundolo-y-fonseca-los-nombres-mas-destacados-en-febrero-en-palermo-nid15122025\/\">solo se hab\u00edan confirmado la presencia<\/a> de los italianos <b>Musetti <\/b>y Matteo <b>Berrettini<\/b>, el franc\u00e9s Gael <b>Monfils<\/b>, <b>\u2018Fran\u2019 Cer\u00fandolo<\/b> y el campe\u00f3n defensor, el brasile\u00f1o <b>Joao Fonseca<\/b>.<\/p>\n<blockquote class=\"twitter-tweet\">\n<p lang=\"es\" dir=\"ltr\">\u00a1LISTA OFICIAL CONFIRMADA PARA EL <a href=\"https:\/\/twitter.com\/hashtag\/IEBMasArgOpen2026?src=hash&amp;ref_src=twsrc%5Etfw\">#IEBMasArgOpen2026<\/a>! \ud83c\udfc6<br \/>\ud83d\udccb Estos son los jugadores que dir\u00e1n presente en la vig\u00e9simo sexta edici\u00f3n del IEB+ Argentina Open:<\/p>\n<p>Lorenzo Musetti \ud83c\uddee\ud83c\uddf9 (5)<br \/>Francisco Cer\u00fandolo \ud83c\udde6\ud83c\uddf7 (20)<br \/>Luciano Darderi \ud83c\uddee\ud83c\uddf9 (24)<br \/>Jo\u00e3o Fonseca \ud83c\udde7\ud83c\uddf7 (30)<br \/>Sebasti\u00e1n B\u00e1ez \ud83c\udde6\ud83c\uddf7 (39)\u2026 <a href=\"https:\/\/t.co\/Ns2koeChBX\">pic.twitter.com\/Ns2koeChBX<\/a><\/p>\n<p>\u2014 IEB+ Argentina Open (@iebmasargopen) <a href=\"https:\/\/twitter.com\/iebmasargopen\/status\/2011093713808765295?ref_src=twsrc%5Etfw\">January 13, 2026<\/a><\/p><\/blockquote>\n<p>No obstante, <b>el tenista de Francia recibir\u00e1 una Wild Card <\/b>para competir en el cuadro principal dado que se ubica por debajo de los 100 mejores del Ranking ATP y <b>la lista de los 18 ingresantes cerr\u00f3 con el tenista chileno Alejandro Tabilo<\/b> que se ubica en el puesto N\u00b082. <\/p>\n<p>Por su parte,<b> Juan Manuel Cer\u00fandolo<\/b> se encuentra a la espera de <b>una sola baja<\/b> para poder ingresar al cuadro directo. El tenista de 24 a\u00f1os apunta a disputar <b>su segundo ATP de Buenos Aires de forma consecutiva<\/b> y as\u00ed no tener que disputar la clasificaci\u00f3n que se jugar\u00e1 el 5 y 6 de febrero. En la edici\u00f3n pasada, ingres\u00f3 <b>proveniente de la qualy <\/b>y perdi\u00f3 en la segunda ronda <a href=\"https:\/\/www.lanacion.com.ar\/deportes\/tenis\/duelo-de-hermanos-en-el-argentina-open-la-batalla-entre-francisco-y-juan-manuel-cerundolo-nid12022025\/\" target=\"_self\" rel=\"\" title=\"https:\/\/www.lanacion.com.ar\/deportes\/tenis\/duelo-de-hermanos-en-el-argentina-open-la-batalla-entre-francisco-y-juan-manuel-cerundolo-nid12022025\/\">ante su hermano Francisco<\/a>. <\/p>\n<p>Cabe se\u00f1alar que el ATP disputado en territorio argentino <b>marca el comienzo de la gira sudamericana<\/b> de polvo de ladrillo. M\u00e1s tarde, se disputar\u00e1 el <b>ATP 500 de R\u00edo de Janeiro <\/b>(donde B\u00e1ez defiende el t\u00edtulo) y finalmente se jugar\u00e1 el <b>ATP 250 de Santiago de Chile<\/b>.<\/p>\n<p><img loading=\"lazy\" decoding=\"async\" src=\"https:\/\/resizer.glanacion.com\/resizer\/v2\/4JQOOIGR7BAWVGJUJSAHRZH5SY.jpg?auth=1211370e14d4c6bebb4de3bdeaa08b1d366d4a828a56665964df47bdd3cc73ba&amp;smart=true&amp;width=4160&amp;height=2746\" alt=\"Sebasti\u00e1n B\u00e1ez buscar\u00e1 seguir haciendo historia en R\u00edo de Janeiro y ser el primer jugador en lograr el tricampeonato\" height=\"2746\" width=\"4160\" \/><\/p>\n<h1>Un torneo que podr\u00eda perder protagonismo<\/h1>\n<p>A partir del 2028,<b> <\/b>la <b>ATP <\/b>confirm\u00f3 que se podr\u00eda<b> disputar un Masters 1000 en Arabia Saudita <\/b>durante el mes de <b>febrero<\/b>. Si bien el torneo <b>no ser\u00e1 obligatorio<\/b> para los mejores jugadores del mundo, los <b>jugosos premios<\/b> que se entregar\u00e1n ser\u00e1n un motivo<b> m\u00e1s que interesante<\/b> para que varios tenistas opten por viajar a Asia en lugar de disputar la gira sudamericana.<\/p>\n<p>\u201cNo es lo que m\u00e1s nos gusta escuchar, por un lado. Pero por otro lado lo que s\u00ed sabemos es que el mensaje de la ATP es que <b>el swing sudamericano hay que mantenerlo y potenciarlo<\/b>. Eso es muy importante. Ese mensaje fue dado tambi\u00e9n p\u00fablicamente. <b>No est\u00e1n haciendo lo mismo con la gira de Norteam\u00e9rica ni tampoco con la de Europa<\/b>\u201d, detall\u00f3 el <b>Mart\u00edn Hughes<\/b>, director de Tennium que se encarga de organizar el ATP de Buenos Aires, a <b>LA NACION <\/b>en noviembre del a\u00f1o pasado.<\/p>\n<p>El de <b>Buenos Aires<\/b> es uno de los<b> 40 torneos del nivel ATP 250<\/b>, mientras que hay 16 de la gira 500. De cara al ingreso del Masters 1000 \u00e1rabe, <b>Hughes <\/b>se\u00f1al\u00f3 que podr\u00eda haber muchos m\u00e1s cambios: \u201c<b>Van a tocar abajo<\/b>. Ese es un poco el plan, que se toque en la parte baja [de la gira]. Que esa es la respuesta a c\u00f3mo nos afecta a nosotros. Pero eso no quiere decir \u2018cambio todo abajo\u2019, porque hay cosas que no se pueden tocar\u201d. <\/p>\n<p><img loading=\"lazy\" decoding=\"async\" src=\"https:\/\/resizer.glanacion.com\/resizer\/v2\/MR7IZNPPURHNNCVUD6IQSRG6ZE.JPG?auth=2865107383e2554d765890da64649eff0b6efc983415773cc35f2689e9e9a799&amp;smart=true&amp;width=2000&amp;height=1333\" alt=\"Durante la \u00faltima edici\u00f3n, m\u00e1s de 66 mil espectadores asistieron al torneo y super\u00f3 el r\u00e9cord de la edici\u00f3n del 2007\" height=\"1333\" width=\"2000\" \/><\/p>\n<p>\u201cMe imagino que tambi\u00e9n debe haber alguna idea de<b> aumentar el n\u00famero de challengers<\/b>, si sacan m\u00e1s ATP 250, para que no haya un salto tan grande en c\u00f3mo acceder despu\u00e9s a un 500, etc. No creo que se ampl\u00ede la base de los ATP 500. <b>Creo que va a ser un calendario m\u00e1s limpio y ponerlo m\u00e1s atractivo<\/b>, con torneos m\u00e1s grandes. Ahora est\u00e1 sobrecargado\u201d.<\/p>\n<h1>Los jugadores que disputar\u00e1n el cuadro principal del ATP de Buenos Aires<\/h1>\n<ul>\n<li>Lorenzo Musetti (5)<\/li>\n<li>Francisco Cer\u00fandolo (20)<\/li>\n<li>Luciano Darderi (24)<\/li>\n<li>Jo\u00e3o Fonseca (30)<\/li>\n<li>Sebasti\u00e1n B\u00e1ez (39)<\/li>\n<li>Lorenzo Sonego (40)<\/li>\n<li>Daniel Altmaier (44)<\/li>\n<li>Camilo Ugo Carabelli (47)<\/li>\n<li>Alexandre Muller (50)<\/li>\n<li>Matteo Berrettini (56)<\/li>\n<li>Tom\u00e1s Etcheverry (61)<\/li>\n<li>Damir D\u017eumhur (66)<\/li>\n<li>Francisco Comesa\u00f1a (68)<\/li>\n<li>Pedro Mart\u00ednez (71)<\/li>\n<li>Mariano Navone (74)<\/li>\n<li>Cristian Garin (80)<\/li>\n<li>Alejandro Tabilo (81)<\/li>\n<li>Filip Misolic (82)<\/li>\n<\/ul>\n<p>\u200bEl torneo, que se disputar\u00e1 entre el 9 y el 15 de febrero, dio a conocer a los 16 tenistas que competir\u00e1n en el cuadro principal; hay seis argentinos confirmados\u00a0\u00a0<\/p>","protected":false},"excerpt":{"rendered":"<p>El ATP 250 de Buenos Aires dio a conocer la lista oficial de los tenistas&#8230;<\/p>\n","protected":false},"author":1,"featured_media":8433,"comment_status":"closed","ping_status":"closed","sticky":false,"template":"","format":"standard","meta":{"_jetpack_memberships_contains_paid_content":false,"footnotes":"","jetpack_publicize_message":"","jetpack_publicize_feature_enabled":true,"jetpack_social_post_already_shared":true,"jetpack_social_options":{"image_generator_settings":{"template":"highway","default_image_id":0,"font":"","enabled":false},"version":2}},"categories":[89],"tags":[],"class_list":["post-8432","post","type-post","status-publish","format-standard","has-post-thumbnail","hentry","category-nacionales"],"yoast_head":"<!-- This site is optimized with the Yoast SEO plugin v27.4 - https:\/\/yoast.com\/product\/yoast-seo-wordpress\/ -->\n<title>ATP de Buenos Aires: se conoci\u00f3 la lista oficial de los jugadores que participar\u00e1n en el torneo -<\/title>\n<meta name=\"robots\" content=\"index, follow, max-snippet:-1, max-image-preview:large, max-video-preview:-1\" \/>\n<link rel=\"canonical\" href=\"https:\/\/impactocastex.com.ar\/?p=8432\" \/>\n<meta property=\"og:locale\" content=\"es_ES\" \/>\n<meta property=\"og:type\" content=\"article\" \/>\n<meta property=\"og:title\" content=\"ATP de Buenos Aires: se conoci\u00f3 la lista oficial de los jugadores que participar\u00e1n en el torneo -\" \/>\n<meta property=\"og:description\" content=\"El ATP 250 de Buenos Aires dio a conocer la lista oficial de los tenistas...\" \/>\n<meta property=\"og:url\" content=\"https:\/\/impactocastex.com.ar\/?p=8432\" \/>\n<meta property=\"article:publisher\" content=\"https:\/\/www.facebook.com\/impactocastexdiario\" \/>\n<meta property=\"article:published_time\" content=\"2026-01-13T18:43:02+00:00\" \/>\n<meta property=\"og:image\" content=\"https:\/\/resizer.glanacion.com\/resizer\/v2\/4JQOOIGR7BAWVGJUJSAHRZH5SY.jpg?auth=1211370e14d4c6bebb4de3bdeaa08b1d366d4a828a56665964df47bdd3cc73ba&amp;smart=true&amp;width=4160&amp;height=2746\" \/>\n<meta name=\"author\" content=\"impactocastex\" \/>\n<meta name=\"twitter:card\" content=\"summary_large_image\" \/>\n<meta name=\"twitter:label1\" content=\"Escrito por\" \/>\n\t<meta name=\"twitter:data1\" content=\"impactocastex\" \/>\n\t<meta name=\"twitter:label2\" content=\"Tiempo de lectura\" \/>\n\t<meta name=\"twitter:data2\" content=\"4 minutos\" \/>\n<script type=\"application\/ld+json\" class=\"yoast-schema-graph\">{\"@context\":\"https:\\\/\\\/schema.org\",\"@graph\":[{\"@type\":\"Article\",\"@id\":\"https:\\\/\\\/impactocastex.com.ar\\\/?p=8432#article\",\"isPartOf\":{\"@id\":\"https:\\\/\\\/impactocastex.com.ar\\\/?p=8432\"},\"author\":{\"name\":\"impactocastex\",\"@id\":\"https:\\\/\\\/impactocastex.com.ar\\\/#\\\/schema\\\/person\\\/86cb4f827fb5f87869a239b98a69c6e3\"},\"headline\":\"ATP de Buenos Aires: se conoci\u00f3 la lista oficial de los jugadores que participar\u00e1n en el torneo\",\"datePublished\":\"2026-01-13T18:43:02+00:00\",\"mainEntityOfPage\":{\"@id\":\"https:\\\/\\\/impactocastex.com.ar\\\/?p=8432\"},\"wordCount\":770,\"publisher\":{\"@id\":\"https:\\\/\\\/impactocastex.com.ar\\\/#organization\"},\"image\":{\"@id\":\"https:\\\/\\\/impactocastex.com.ar\\\/?p=8432#primaryimage\"},\"thumbnailUrl\":\"https:\\\/\\\/impactocastex.com.ar\\\/wp-content\\\/uploads\\\/2026\\\/01\\\/PATHG7COCBGQ5FMZW2PTH5T7VU-CewkAC.jpg\",\"articleSection\":[\"NACIONALES\"],\"inLanguage\":\"es\"},{\"@type\":\"WebPage\",\"@id\":\"https:\\\/\\\/impactocastex.com.ar\\\/?p=8432\",\"url\":\"https:\\\/\\\/impactocastex.com.ar\\\/?p=8432\",\"name\":\"ATP de Buenos Aires: se conoci\u00f3 la lista oficial de los jugadores que participar\u00e1n en el torneo -\",\"isPartOf\":{\"@id\":\"https:\\\/\\\/impactocastex.com.ar\\\/#website\"},\"primaryImageOfPage\":{\"@id\":\"https:\\\/\\\/impactocastex.com.ar\\\/?p=8432#primaryimage\"},\"image\":{\"@id\":\"https:\\\/\\\/impactocastex.com.ar\\\/?p=8432#primaryimage\"},\"thumbnailUrl\":\"https:\\\/\\\/impactocastex.com.ar\\\/wp-content\\\/uploads\\\/2026\\\/01\\\/PATHG7COCBGQ5FMZW2PTH5T7VU-CewkAC.jpg\",\"datePublished\":\"2026-01-13T18:43:02+00:00\",\"breadcrumb\":{\"@id\":\"https:\\\/\\\/impactocastex.com.ar\\\/?p=8432#breadcrumb\"},\"inLanguage\":\"es\",\"potentialAction\":[{\"@type\":\"ReadAction\",\"target\":[\"https:\\\/\\\/impactocastex.com.ar\\\/?p=8432\"]}]},{\"@type\":\"ImageObject\",\"inLanguage\":\"es\",\"@id\":\"https:\\\/\\\/impactocastex.com.ar\\\/?p=8432#primaryimage\",\"url\":\"https:\\\/\\\/impactocastex.com.ar\\\/wp-content\\\/uploads\\\/2026\\\/01\\\/PATHG7COCBGQ5FMZW2PTH5T7VU-CewkAC.jpg\",\"contentUrl\":\"https:\\\/\\\/impactocastex.com.ar\\\/wp-content\\\/uploads\\\/2026\\\/01\\\/PATHG7COCBGQ5FMZW2PTH5T7VU-CewkAC.jpg\",\"width\":2000,\"height\":1332},{\"@type\":\"BreadcrumbList\",\"@id\":\"https:\\\/\\\/impactocastex.com.ar\\\/?p=8432#breadcrumb\",\"itemListElement\":[{\"@type\":\"ListItem\",\"position\":1,\"name\":\"Portada\",\"item\":\"https:\\\/\\\/impactocastex.com.ar\\\/\"},{\"@type\":\"ListItem\",\"position\":2,\"name\":\"ATP de Buenos Aires: se conoci\u00f3 la lista oficial de los jugadores que participar\u00e1n en el torneo\"}]},{\"@type\":\"WebSite\",\"@id\":\"https:\\\/\\\/impactocastex.com.ar\\\/#website\",\"url\":\"https:\\\/\\\/impactocastex.com.ar\\\/\",\"name\":\"Impacto Castex\",\"description\":\"\",\"publisher\":{\"@id\":\"https:\\\/\\\/impactocastex.com.ar\\\/#organization\"},\"potentialAction\":[{\"@type\":\"SearchAction\",\"target\":{\"@type\":\"EntryPoint\",\"urlTemplate\":\"https:\\\/\\\/impactocastex.com.ar\\\/?s={search_term_string}\"},\"query-input\":{\"@type\":\"PropertyValueSpecification\",\"valueRequired\":true,\"valueName\":\"search_term_string\"}}],\"inLanguage\":\"es\"},{\"@type\":\"Organization\",\"@id\":\"https:\\\/\\\/impactocastex.com.ar\\\/#organization\",\"name\":\"Impacto Castex\",\"url\":\"https:\\\/\\\/impactocastex.com.ar\\\/\",\"logo\":{\"@type\":\"ImageObject\",\"inLanguage\":\"es\",\"@id\":\"https:\\\/\\\/impactocastex.com.ar\\\/#\\\/schema\\\/logo\\\/image\\\/\",\"url\":\"https:\\\/\\\/impactocastex.com.ar\\\/wp-content\\\/uploads\\\/2025\\\/09\\\/cropped-icoweb.png\",\"contentUrl\":\"https:\\\/\\\/impactocastex.com.ar\\\/wp-content\\\/uploads\\\/2025\\\/09\\\/cropped-icoweb.png\",\"width\":512,\"height\":512,\"caption\":\"Impacto Castex\"},\"image\":{\"@id\":\"https:\\\/\\\/impactocastex.com.ar\\\/#\\\/schema\\\/logo\\\/image\\\/\"},\"sameAs\":[\"https:\\\/\\\/www.facebook.com\\\/impactocastexdiario\",\"https:\\\/\\\/www.instagram.com\\\/impactocastex.com.ar\\\/\"]},{\"@type\":\"Person\",\"@id\":\"https:\\\/\\\/impactocastex.com.ar\\\/#\\\/schema\\\/person\\\/86cb4f827fb5f87869a239b98a69c6e3\",\"name\":\"impactocastex\",\"image\":{\"@type\":\"ImageObject\",\"inLanguage\":\"es\",\"@id\":\"https:\\\/\\\/secure.gravatar.com\\\/avatar\\\/9a87ee051ca8c77f5d4070843ce2c78cdf95b858b950fb039151de955122f5f5?s=96&d=mm&r=g\",\"url\":\"https:\\\/\\\/secure.gravatar.com\\\/avatar\\\/9a87ee051ca8c77f5d4070843ce2c78cdf95b858b950fb039151de955122f5f5?s=96&d=mm&r=g\",\"contentUrl\":\"https:\\\/\\\/secure.gravatar.com\\\/avatar\\\/9a87ee051ca8c77f5d4070843ce2c78cdf95b858b950fb039151de955122f5f5?s=96&d=mm&r=g\",\"caption\":\"impactocastex\"},\"sameAs\":[\"https:\\\/\\\/impactocastex.com.ar\"],\"url\":\"https:\\\/\\\/impactocastex.com.ar\\\/?author=1\"}]}<\/script>\n<!-- \/ Yoast SEO plugin. -->","yoast_head_json":{"title":"ATP de Buenos Aires: se conoci\u00f3 la lista oficial de los jugadores que participar\u00e1n en el torneo -","robots":{"index":"index","follow":"follow","max-snippet":"max-snippet:-1","max-image-preview":"max-image-preview:large","max-video-preview":"max-video-preview:-1"},"canonical":"https:\/\/impactocastex.com.ar\/?p=8432","og_locale":"es_ES","og_type":"article","og_title":"ATP de Buenos Aires: se conoci\u00f3 la lista oficial de los jugadores que participar\u00e1n en el torneo -","og_description":"El ATP 250 de Buenos Aires dio a conocer la lista oficial de los tenistas...","og_url":"https:\/\/impactocastex.com.ar\/?p=8432","article_publisher":"https:\/\/www.facebook.com\/impactocastexdiario","article_published_time":"2026-01-13T18:43:02+00:00","og_image":[{"url":"https:\/\/resizer.glanacion.com\/resizer\/v2\/4JQOOIGR7BAWVGJUJSAHRZH5SY.jpg?auth=1211370e14d4c6bebb4de3bdeaa08b1d366d4a828a56665964df47bdd3cc73ba&amp;smart=true&amp;width=4160&amp;height=2746","type":"","width":"","height":""}],"author":"impactocastex","twitter_card":"summary_large_image","twitter_misc":{"Escrito por":"impactocastex","Tiempo de lectura":"4 minutos"},"schema":{"@context":"https:\/\/schema.org","@graph":[{"@type":"Article","@id":"https:\/\/impactocastex.com.ar\/?p=8432#article","isPartOf":{"@id":"https:\/\/impactocastex.com.ar\/?p=8432"},"author":{"name":"impactocastex","@id":"https:\/\/impactocastex.com.ar\/#\/schema\/person\/86cb4f827fb5f87869a239b98a69c6e3"},"headline":"ATP de Buenos Aires: se conoci\u00f3 la lista oficial de los jugadores que participar\u00e1n en el torneo","datePublished":"2026-01-13T18:43:02+00:00","mainEntityOfPage":{"@id":"https:\/\/impactocastex.com.ar\/?p=8432"},"wordCount":770,"publisher":{"@id":"https:\/\/impactocastex.com.ar\/#organization"},"image":{"@id":"https:\/\/impactocastex.com.ar\/?p=8432#primaryimage"},"thumbnailUrl":"https:\/\/impactocastex.com.ar\/wp-content\/uploads\/2026\/01\/PATHG7COCBGQ5FMZW2PTH5T7VU-CewkAC.jpg","articleSection":["NACIONALES"],"inLanguage":"es"},{"@type":"WebPage","@id":"https:\/\/impactocastex.com.ar\/?p=8432","url":"https:\/\/impactocastex.com.ar\/?p=8432","name":"ATP de Buenos Aires: se conoci\u00f3 la lista oficial de los jugadores que participar\u00e1n en el torneo -","isPartOf":{"@id":"https:\/\/impactocastex.com.ar\/#website"},"primaryImageOfPage":{"@id":"https:\/\/impactocastex.com.ar\/?p=8432#primaryimage"},"image":{"@id":"https:\/\/impactocastex.com.ar\/?p=8432#primaryimage"},"thumbnailUrl":"https:\/\/impactocastex.com.ar\/wp-content\/uploads\/2026\/01\/PATHG7COCBGQ5FMZW2PTH5T7VU-CewkAC.jpg","datePublished":"2026-01-13T18:43:02+00:00","breadcrumb":{"@id":"https:\/\/impactocastex.com.ar\/?p=8432#breadcrumb"},"inLanguage":"es","potentialAction":[{"@type":"ReadAction","target":["https:\/\/impactocastex.com.ar\/?p=8432"]}]},{"@type":"ImageObject","inLanguage":"es","@id":"https:\/\/impactocastex.com.ar\/?p=8432#primaryimage","url":"https:\/\/impactocastex.com.ar\/wp-content\/uploads\/2026\/01\/PATHG7COCBGQ5FMZW2PTH5T7VU-CewkAC.jpg","contentUrl":"https:\/\/impactocastex.com.ar\/wp-content\/uploads\/2026\/01\/PATHG7COCBGQ5FMZW2PTH5T7VU-CewkAC.jpg","width":2000,"height":1332},{"@type":"BreadcrumbList","@id":"https:\/\/impactocastex.com.ar\/?p=8432#breadcrumb","itemListElement":[{"@type":"ListItem","position":1,"name":"Portada","item":"https:\/\/impactocastex.com.ar\/"},{"@type":"ListItem","position":2,"name":"ATP de Buenos Aires: se conoci\u00f3 la lista oficial de los jugadores que participar\u00e1n en el torneo"}]},{"@type":"WebSite","@id":"https:\/\/impactocastex.com.ar\/#website","url":"https:\/\/impactocastex.com.ar\/","name":"Impacto Castex","description":"","publisher":{"@id":"https:\/\/impactocastex.com.ar\/#organization"},"potentialAction":[{"@type":"SearchAction","target":{"@type":"EntryPoint","urlTemplate":"https:\/\/impactocastex.com.ar\/?s={search_term_string}"},"query-input":{"@type":"PropertyValueSpecification","valueRequired":true,"valueName":"search_term_string"}}],"inLanguage":"es"},{"@type":"Organization","@id":"https:\/\/impactocastex.com.ar\/#organization","name":"Impacto Castex","url":"https:\/\/impactocastex.com.ar\/","logo":{"@type":"ImageObject","inLanguage":"es","@id":"https:\/\/impactocastex.com.ar\/#\/schema\/logo\/image\/","url":"https:\/\/impactocastex.com.ar\/wp-content\/uploads\/2025\/09\/cropped-icoweb.png","contentUrl":"https:\/\/impactocastex.com.ar\/wp-content\/uploads\/2025\/09\/cropped-icoweb.png","width":512,"height":512,"caption":"Impacto Castex"},"image":{"@id":"https:\/\/impactocastex.com.ar\/#\/schema\/logo\/image\/"},"sameAs":["https:\/\/www.facebook.com\/impactocastexdiario","https:\/\/www.instagram.com\/impactocastex.com.ar\/"]},{"@type":"Person","@id":"https:\/\/impactocastex.com.ar\/#\/schema\/person\/86cb4f827fb5f87869a239b98a69c6e3","name":"impactocastex","image":{"@type":"ImageObject","inLanguage":"es","@id":"https:\/\/secure.gravatar.com\/avatar\/9a87ee051ca8c77f5d4070843ce2c78cdf95b858b950fb039151de955122f5f5?s=96&d=mm&r=g","url":"https:\/\/secure.gravatar.com\/avatar\/9a87ee051ca8c77f5d4070843ce2c78cdf95b858b950fb039151de955122f5f5?s=96&d=mm&r=g","contentUrl":"https:\/\/secure.gravatar.com\/avatar\/9a87ee051ca8c77f5d4070843ce2c78cdf95b858b950fb039151de955122f5f5?s=96&d=mm&r=g","caption":"impactocastex"},"sameAs":["https:\/\/impactocastex.com.ar"],"url":"https:\/\/impactocastex.com.ar\/?author=1"}]}},"jetpack_publicize_connections":[],"featured_image_urls":{"full":["https:\/\/impactocastex.com.ar\/wp-content\/uploads\/2026\/01\/PATHG7COCBGQ5FMZW2PTH5T7VU-CewkAC.jpg",2000,1332,false],"thumbnail":["https:\/\/impactocastex.com.ar\/wp-content\/uploads\/2026\/01\/PATHG7COCBGQ5FMZW2PTH5T7VU-CewkAC-150x150.jpg",150,150,true],"medium":["https:\/\/impactocastex.com.ar\/wp-content\/uploads\/2026\/01\/PATHG7COCBGQ5FMZW2PTH5T7VU-CewkAC-300x200.jpg",300,200,true],"medium_large":["https:\/\/impactocastex.com.ar\/wp-content\/uploads\/2026\/01\/PATHG7COCBGQ5FMZW2PTH5T7VU-CewkAC-768x511.jpg",640,426,true],"large":["https:\/\/impactocastex.com.ar\/wp-content\/uploads\/2026\/01\/PATHG7COCBGQ5FMZW2PTH5T7VU-CewkAC-1024x682.jpg",640,426,true],"1536x1536":["https:\/\/impactocastex.com.ar\/wp-content\/uploads\/2026\/01\/PATHG7COCBGQ5FMZW2PTH5T7VU-CewkAC-1536x1023.jpg",1536,1023,true],"2048x2048":["https:\/\/impactocastex.com.ar\/wp-content\/uploads\/2026\/01\/PATHG7COCBGQ5FMZW2PTH5T7VU-CewkAC.jpg",2000,1332,false],"newsever-slider-full":["https:\/\/impactocastex.com.ar\/wp-content\/uploads\/2026\/01\/PATHG7COCBGQ5FMZW2PTH5T7VU-CewkAC-1280x845.jpg",1280,845,true],"newsever-featured":["https:\/\/impactocastex.com.ar\/wp-content\/uploads\/2026\/01\/PATHG7COCBGQ5FMZW2PTH5T7VU-CewkAC-1024x682.jpg",1024,682,true],"newsever-medium":["https:\/\/impactocastex.com.ar\/wp-content\/uploads\/2026\/01\/PATHG7COCBGQ5FMZW2PTH5T7VU-CewkAC-720x475.jpg",720,475,true]},"author_info":{"info":["impactocastex"]},"category_info":"<a href=\"https:\/\/impactocastex.com.ar\/?cat=89\" rel=\"category\">NACIONALES<\/a>","tag_info":"NACIONALES","comment_count":0,"jetpack_featured_media_url":"https:\/\/impactocastex.com.ar\/wp-content\/uploads\/2026\/01\/PATHG7COCBGQ5FMZW2PTH5T7VU-CewkAC.jpg","jetpack_sharing_enabled":true,"jetpack_likes_enabled":true,"jetpack_shortlink":"https:\/\/wp.me\/p7sopA-2c0","_links":{"self":[{"href":"https:\/\/impactocastex.com.ar\/index.php?rest_route=\/wp\/v2\/posts\/8432","targetHints":{"allow":["GET"]}}],"collection":[{"href":"https:\/\/impactocastex.com.ar\/index.php?rest_route=\/wp\/v2\/posts"}],"about":[{"href":"https:\/\/impactocastex.com.ar\/index.php?rest_route=\/wp\/v2\/types\/post"}],"author":[{"embeddable":true,"href":"https:\/\/impactocastex.com.ar\/index.php?rest_route=\/wp\/v2\/users\/1"}],"replies":[{"embeddable":true,"href":"https:\/\/impactocastex.com.ar\/index.php?rest_route=%2Fwp%2Fv2%2Fcomments&post=8432"}],"version-history":[{"count":0,"href":"https:\/\/impactocastex.com.ar\/index.php?rest_route=\/wp\/v2\/posts\/8432\/revisions"}],"wp:featuredmedia":[{"embeddable":true,"href":"https:\/\/impactocastex.com.ar\/index.php?rest_route=\/wp\/v2\/media\/8433"}],"wp:attachment":[{"href":"https:\/\/impactocastex.com.ar\/index.php?rest_route=%2Fwp%2Fv2%2Fmedia&parent=8432"}],"wp:term":[{"taxonomy":"category","embeddable":true,"href":"https:\/\/impactocastex.com.ar\/index.php?rest_route=%2Fwp%2Fv2%2Fcategories&post=8432"},{"taxonomy":"post_tag","embeddable":true,"href":"https:\/\/impactocastex.com.ar\/index.php?rest_route=%2Fwp%2Fv2%2Ftags&post=8432"}],"curies":[{"name":"wp","href":"https:\/\/api.w.org\/{rel}","templated":true}]}}