{"id":8417,"date":"2026-01-13T12:17:55","date_gmt":"2026-01-13T15:17:55","guid":{"rendered":"https:\/\/impactocastex.com.ar\/?p=8417"},"modified":"2026-01-13T12:17:57","modified_gmt":"2026-01-13T15:17:57","slug":"violencia-extrema-golpeo-a-su-vecina-y-la-amenazo-con-una-katana","status":"publish","type":"post","link":"https:\/\/impactocastex.com.ar\/?p=8417","title":{"rendered":"Violencia extrema: golpe\u00f3 a su vecina y la amenaz\u00f3 con una katana"},"content":{"rendered":"\n<p>En la localidad de&nbsp;<strong>Tres Arroyos<\/strong>,&nbsp;<strong>provincia de Buenos Aires<\/strong>, el domingo, despu\u00e9s de la medianoche,&nbsp;un hombre de 67 a\u00f1os fue detenido por agredir y amenazar a su vecina, una joven de 23 a\u00f1os. El hombre le golpe\u00f3 la cara y la amenaz\u00f3 con un arma blanca, m\u00e1s precisamente con una katana, en un violento episodio sucedido en una vivienda sobre calle 20 de Abril al 1000. Personal de la Comisar\u00eda Primera de Tres Arroyos detuvieron al agresor.&nbsp;<\/p>\n\n\n\n<figure class=\"wp-block-image size-large\"><img loading=\"lazy\" decoding=\"async\" width=\"1024\" height=\"578\" src=\"https:\/\/impactocastex.com.ar\/wp-content\/uploads\/2026\/01\/1768314942257-1024x578.webp\" alt=\"\" class=\"wp-image-8418\" srcset=\"https:\/\/impactocastex.com.ar\/wp-content\/uploads\/2026\/01\/1768314942257-1024x578.webp 1024w, https:\/\/impactocastex.com.ar\/wp-content\/uploads\/2026\/01\/1768314942257-300x169.webp 300w, https:\/\/impactocastex.com.ar\/wp-content\/uploads\/2026\/01\/1768314942257-768x434.webp 768w, https:\/\/impactocastex.com.ar\/wp-content\/uploads\/2026\/01\/1768314942257.webp 1121w\" sizes=\"auto, (max-width: 1024px) 100vw, 1024px\" \/><\/figure>\n\n\n\n<p>De acuerdo con la informaci\u00f3n brindada en el portal LU24.com.ar, el sujeto habr\u00eda atacado a la joven con golpes de pu\u00f1o y despu\u00e9s la intimid\u00f3 con lo que en parec\u00eda una varilla de madera, despu\u00e9s pensaron que era un machete, sin embargo, con el avance de la investigaci\u00f3n descubrieron que se trataba de una katana, un arma ic\u00f3nica para la cultura japonesa.<\/p>\n\n\n\n<p>Despu\u00e9s del ataque, el hombre fue aprehendido y se lo traslad\u00f3 y aloj\u00f3 en el calabozo de la seccional. Seg\u00fan trascendi\u00f3 en La Br\u00fajula 24, el sujeto habr\u00eda descartado los elementos que utiliz\u00f3 para amenazar a la mujer y despu\u00e9s se neg\u00f3 a colaborar con el personal policial que tuvo que intervenir en el procedimiento.<\/p>\n\n\n\n<p>Por los golpes recibidos en la cara, la mujer sufri\u00f3 lesiones leves y fue trasladada a la Comisar\u00eda de la Mujer y la Familia. Ah\u00ed se activaron los protocolos que corresponden en este tipo de casos.<\/p>\n\n\n\n<p>Por orden judicial, se realiz\u00f3 un allanamiento en el domicilio del acusado y participaron efectivos de la Sub DDI. En el procedimiento secuestraron la katana, el arma que utiliz\u00f3 el hombre para amenazar a la joven, seg\u00fan indicaron las autoridades.<\/p>\n\n\n\n<p>Por el momento no se conocen los motivos que motivaron el conflicto entre las partes. La causa fue caratulada como \u201clesiones leves, amenazas agravadas y desobediencia\u201d y qued\u00f3 a cargo de la Unidad Funcional de Instrucci\u00f3n y Juicio N\u00ba 6.<\/p>\n\n\n\n<figure class=\"wp-block-image\"><img decoding=\"async\" src=\"https:\/\/pxcdn.laarena.com.ar\/012026\/1768314987878\/katana.jpeg?cw=900\" alt=\"\" title=\"-\" \/><\/figure>\n\n\n\n<p><strong>\u00bfQu\u00e9 es una katana?<\/strong><\/p>\n\n\n\n<p>La katana es una tradicional espada japonesa. Es curva y tiene un solo filo. Se la conoce como el arma de los samur\u00e1is, caracterizada por su hoja afilada y un equilibrio que favorece el corte. Suelen estar forjadas mediante complejos procesos de plegado y templado diferencial lo que le brinda&nbsp; dureza y flexibilidad. Si bien hist\u00f3ricamente era un arma secundaria en la batalla, fue muy valorada en combates cercanos por su r\u00e1pido desenvaine y eficacia cortante.<\/p>\n","protected":false},"excerpt":{"rendered":"<p>En la localidad de&nbsp;Tres Arroyos,&nbsp;provincia de Buenos Aires, el domingo, despu\u00e9s de la medianoche,&nbsp;un hombre&#8230;<\/p>\n","protected":false},"author":2,"featured_media":8418,"comment_status":"closed","ping_status":"closed","sticky":false,"template":"","format":"standard","meta":{"_jetpack_memberships_contains_paid_content":false,"footnotes":"","jetpack_publicize_message":"Violencia extrema: golpe\u00f3 a su vecina y la amenaz\u00f3 con una katana","jetpack_publicize_feature_enabled":true,"jetpack_social_post_already_shared":false,"jetpack_social_options":{"image_generator_settings":{"template":"highway","default_image_id":0,"font":"","enabled":false},"version":2}},"categories":[85],"tags":[],"class_list":["post-8417","post","type-post","status-publish","format-standard","has-post-thumbnail","hentry","category-policiales"],"yoast_head":"<!-- This site is optimized with the Yoast SEO plugin v27.4 - https:\/\/yoast.com\/product\/yoast-seo-wordpress\/ -->\n<title>Violencia extrema: golpe\u00f3 a su vecina y la amenaz\u00f3 con una katana -<\/title>\n<meta name=\"robots\" content=\"index, follow, max-snippet:-1, max-image-preview:large, max-video-preview:-1\" \/>\n<link rel=\"canonical\" href=\"https:\/\/impactocastex.com.ar\/?p=8417\" \/>\n<meta property=\"og:locale\" content=\"es_ES\" \/>\n<meta property=\"og:type\" content=\"article\" \/>\n<meta property=\"og:title\" content=\"Violencia extrema: golpe\u00f3 a su vecina y la amenaz\u00f3 con una katana -\" \/>\n<meta property=\"og:description\" content=\"En la localidad de&nbsp;Tres Arroyos,&nbsp;provincia de Buenos Aires, el domingo, despu\u00e9s de la medianoche,&nbsp;un hombre...\" \/>\n<meta property=\"og:url\" content=\"https:\/\/impactocastex.com.ar\/?p=8417\" \/>\n<meta property=\"article:publisher\" content=\"https:\/\/www.facebook.com\/impactocastexdiario\" \/>\n<meta property=\"article:published_time\" content=\"2026-01-13T15:17:55+00:00\" \/>\n<meta property=\"article:modified_time\" content=\"2026-01-13T15:17:57+00:00\" \/>\n<meta property=\"og:image\" content=\"https:\/\/impactocastex.com.ar\/wp-content\/uploads\/2026\/01\/1768314942257.webp\" \/>\n\t<meta property=\"og:image:width\" content=\"1121\" \/>\n\t<meta property=\"og:image:height\" content=\"633\" \/>\n\t<meta property=\"og:image:type\" content=\"image\/webp\" \/>\n<meta name=\"author\" content=\"impactocastex\" \/>\n<meta name=\"twitter:card\" content=\"summary_large_image\" \/>\n<meta name=\"twitter:label1\" content=\"Escrito por\" \/>\n\t<meta name=\"twitter:data1\" content=\"impactocastex\" \/>\n\t<meta name=\"twitter:label2\" content=\"Tiempo de lectura\" \/>\n\t<meta name=\"twitter:data2\" content=\"3 minutos\" \/>\n<script type=\"application\/ld+json\" class=\"yoast-schema-graph\">{\"@context\":\"https:\\\/\\\/schema.org\",\"@graph\":[{\"@type\":\"Article\",\"@id\":\"https:\\\/\\\/impactocastex.com.ar\\\/?p=8417#article\",\"isPartOf\":{\"@id\":\"https:\\\/\\\/impactocastex.com.ar\\\/?p=8417\"},\"author\":{\"name\":\"impactocastex\",\"@id\":\"https:\\\/\\\/impactocastex.com.ar\\\/#\\\/schema\\\/person\\\/c115028fb60f9bf49ce7550894b84ea7\"},\"headline\":\"Violencia extrema: golpe\u00f3 a su vecina y la amenaz\u00f3 con una katana\",\"datePublished\":\"2026-01-13T15:17:55+00:00\",\"dateModified\":\"2026-01-13T15:17:57+00:00\",\"mainEntityOfPage\":{\"@id\":\"https:\\\/\\\/impactocastex.com.ar\\\/?p=8417\"},\"wordCount\":429,\"publisher\":{\"@id\":\"https:\\\/\\\/impactocastex.com.ar\\\/#organization\"},\"image\":{\"@id\":\"https:\\\/\\\/impactocastex.com.ar\\\/?p=8417#primaryimage\"},\"thumbnailUrl\":\"https:\\\/\\\/impactocastex.com.ar\\\/wp-content\\\/uploads\\\/2026\\\/01\\\/1768314942257.webp\",\"articleSection\":[\"POLICIALES\"],\"inLanguage\":\"es\"},{\"@type\":\"WebPage\",\"@id\":\"https:\\\/\\\/impactocastex.com.ar\\\/?p=8417\",\"url\":\"https:\\\/\\\/impactocastex.com.ar\\\/?p=8417\",\"name\":\"Violencia extrema: golpe\u00f3 a su vecina y la amenaz\u00f3 con una katana -\",\"isPartOf\":{\"@id\":\"https:\\\/\\\/impactocastex.com.ar\\\/#website\"},\"primaryImageOfPage\":{\"@id\":\"https:\\\/\\\/impactocastex.com.ar\\\/?p=8417#primaryimage\"},\"image\":{\"@id\":\"https:\\\/\\\/impactocastex.com.ar\\\/?p=8417#primaryimage\"},\"thumbnailUrl\":\"https:\\\/\\\/impactocastex.com.ar\\\/wp-content\\\/uploads\\\/2026\\\/01\\\/1768314942257.webp\",\"datePublished\":\"2026-01-13T15:17:55+00:00\",\"dateModified\":\"2026-01-13T15:17:57+00:00\",\"breadcrumb\":{\"@id\":\"https:\\\/\\\/impactocastex.com.ar\\\/?p=8417#breadcrumb\"},\"inLanguage\":\"es\",\"potentialAction\":[{\"@type\":\"ReadAction\",\"target\":[\"https:\\\/\\\/impactocastex.com.ar\\\/?p=8417\"]}]},{\"@type\":\"ImageObject\",\"inLanguage\":\"es\",\"@id\":\"https:\\\/\\\/impactocastex.com.ar\\\/?p=8417#primaryimage\",\"url\":\"https:\\\/\\\/impactocastex.com.ar\\\/wp-content\\\/uploads\\\/2026\\\/01\\\/1768314942257.webp\",\"contentUrl\":\"https:\\\/\\\/impactocastex.com.ar\\\/wp-content\\\/uploads\\\/2026\\\/01\\\/1768314942257.webp\",\"width\":1121,\"height\":633},{\"@type\":\"BreadcrumbList\",\"@id\":\"https:\\\/\\\/impactocastex.com.ar\\\/?p=8417#breadcrumb\",\"itemListElement\":[{\"@type\":\"ListItem\",\"position\":1,\"name\":\"Portada\",\"item\":\"https:\\\/\\\/impactocastex.com.ar\\\/\"},{\"@type\":\"ListItem\",\"position\":2,\"name\":\"Violencia extrema: golpe\u00f3 a su vecina y la amenaz\u00f3 con una katana\"}]},{\"@type\":\"WebSite\",\"@id\":\"https:\\\/\\\/impactocastex.com.ar\\\/#website\",\"url\":\"https:\\\/\\\/impactocastex.com.ar\\\/\",\"name\":\"Impacto Castex\",\"description\":\"\",\"publisher\":{\"@id\":\"https:\\\/\\\/impactocastex.com.ar\\\/#organization\"},\"potentialAction\":[{\"@type\":\"SearchAction\",\"target\":{\"@type\":\"EntryPoint\",\"urlTemplate\":\"https:\\\/\\\/impactocastex.com.ar\\\/?s={search_term_string}\"},\"query-input\":{\"@type\":\"PropertyValueSpecification\",\"valueRequired\":true,\"valueName\":\"search_term_string\"}}],\"inLanguage\":\"es\"},{\"@type\":\"Organization\",\"@id\":\"https:\\\/\\\/impactocastex.com.ar\\\/#organization\",\"name\":\"Impacto Castex\",\"url\":\"https:\\\/\\\/impactocastex.com.ar\\\/\",\"logo\":{\"@type\":\"ImageObject\",\"inLanguage\":\"es\",\"@id\":\"https:\\\/\\\/impactocastex.com.ar\\\/#\\\/schema\\\/logo\\\/image\\\/\",\"url\":\"https:\\\/\\\/impactocastex.com.ar\\\/wp-content\\\/uploads\\\/2025\\\/09\\\/cropped-icoweb.png\",\"contentUrl\":\"https:\\\/\\\/impactocastex.com.ar\\\/wp-content\\\/uploads\\\/2025\\\/09\\\/cropped-icoweb.png\",\"width\":512,\"height\":512,\"caption\":\"Impacto Castex\"},\"image\":{\"@id\":\"https:\\\/\\\/impactocastex.com.ar\\\/#\\\/schema\\\/logo\\\/image\\\/\"},\"sameAs\":[\"https:\\\/\\\/www.facebook.com\\\/impactocastexdiario\",\"https:\\\/\\\/www.instagram.com\\\/impactocastex.com.ar\\\/\"]},{\"@type\":\"Person\",\"@id\":\"https:\\\/\\\/impactocastex.com.ar\\\/#\\\/schema\\\/person\\\/c115028fb60f9bf49ce7550894b84ea7\",\"name\":\"impactocastex\",\"image\":{\"@type\":\"ImageObject\",\"inLanguage\":\"es\",\"@id\":\"https:\\\/\\\/secure.gravatar.com\\\/avatar\\\/fee87e7af008f02e9becdc0b5a9fd4a2e79b3918a571edeacb62211704637833?s=96&d=mm&r=g\",\"url\":\"https:\\\/\\\/secure.gravatar.com\\\/avatar\\\/fee87e7af008f02e9becdc0b5a9fd4a2e79b3918a571edeacb62211704637833?s=96&d=mm&r=g\",\"contentUrl\":\"https:\\\/\\\/secure.gravatar.com\\\/avatar\\\/fee87e7af008f02e9becdc0b5a9fd4a2e79b3918a571edeacb62211704637833?s=96&d=mm&r=g\",\"caption\":\"impactocastex\"},\"sameAs\":[\"https:\\\/\\\/impactocastex.com.ar\\\/\"],\"url\":\"https:\\\/\\\/impactocastex.com.ar\\\/?author=2\"}]}<\/script>\n<!-- \/ Yoast SEO plugin. -->","yoast_head_json":{"title":"Violencia extrema: golpe\u00f3 a su vecina y la amenaz\u00f3 con una katana -","robots":{"index":"index","follow":"follow","max-snippet":"max-snippet:-1","max-image-preview":"max-image-preview:large","max-video-preview":"max-video-preview:-1"},"canonical":"https:\/\/impactocastex.com.ar\/?p=8417","og_locale":"es_ES","og_type":"article","og_title":"Violencia extrema: golpe\u00f3 a su vecina y la amenaz\u00f3 con una katana -","og_description":"En la localidad de&nbsp;Tres Arroyos,&nbsp;provincia de Buenos Aires, el domingo, despu\u00e9s de la medianoche,&nbsp;un hombre...","og_url":"https:\/\/impactocastex.com.ar\/?p=8417","article_publisher":"https:\/\/www.facebook.com\/impactocastexdiario","article_published_time":"2026-01-13T15:17:55+00:00","article_modified_time":"2026-01-13T15:17:57+00:00","og_image":[{"width":1121,"height":633,"url":"https:\/\/impactocastex.com.ar\/wp-content\/uploads\/2026\/01\/1768314942257.webp","type":"image\/webp"}],"author":"impactocastex","twitter_card":"summary_large_image","twitter_misc":{"Escrito por":"impactocastex","Tiempo de lectura":"3 minutos"},"schema":{"@context":"https:\/\/schema.org","@graph":[{"@type":"Article","@id":"https:\/\/impactocastex.com.ar\/?p=8417#article","isPartOf":{"@id":"https:\/\/impactocastex.com.ar\/?p=8417"},"author":{"name":"impactocastex","@id":"https:\/\/impactocastex.com.ar\/#\/schema\/person\/c115028fb60f9bf49ce7550894b84ea7"},"headline":"Violencia extrema: golpe\u00f3 a su vecina y la amenaz\u00f3 con una katana","datePublished":"2026-01-13T15:17:55+00:00","dateModified":"2026-01-13T15:17:57+00:00","mainEntityOfPage":{"@id":"https:\/\/impactocastex.com.ar\/?p=8417"},"wordCount":429,"publisher":{"@id":"https:\/\/impactocastex.com.ar\/#organization"},"image":{"@id":"https:\/\/impactocastex.com.ar\/?p=8417#primaryimage"},"thumbnailUrl":"https:\/\/impactocastex.com.ar\/wp-content\/uploads\/2026\/01\/1768314942257.webp","articleSection":["POLICIALES"],"inLanguage":"es"},{"@type":"WebPage","@id":"https:\/\/impactocastex.com.ar\/?p=8417","url":"https:\/\/impactocastex.com.ar\/?p=8417","name":"Violencia extrema: golpe\u00f3 a su vecina y la amenaz\u00f3 con una katana -","isPartOf":{"@id":"https:\/\/impactocastex.com.ar\/#website"},"primaryImageOfPage":{"@id":"https:\/\/impactocastex.com.ar\/?p=8417#primaryimage"},"image":{"@id":"https:\/\/impactocastex.com.ar\/?p=8417#primaryimage"},"thumbnailUrl":"https:\/\/impactocastex.com.ar\/wp-content\/uploads\/2026\/01\/1768314942257.webp","datePublished":"2026-01-13T15:17:55+00:00","dateModified":"2026-01-13T15:17:57+00:00","breadcrumb":{"@id":"https:\/\/impactocastex.com.ar\/?p=8417#breadcrumb"},"inLanguage":"es","potentialAction":[{"@type":"ReadAction","target":["https:\/\/impactocastex.com.ar\/?p=8417"]}]},{"@type":"ImageObject","inLanguage":"es","@id":"https:\/\/impactocastex.com.ar\/?p=8417#primaryimage","url":"https:\/\/impactocastex.com.ar\/wp-content\/uploads\/2026\/01\/1768314942257.webp","contentUrl":"https:\/\/impactocastex.com.ar\/wp-content\/uploads\/2026\/01\/1768314942257.webp","width":1121,"height":633},{"@type":"BreadcrumbList","@id":"https:\/\/impactocastex.com.ar\/?p=8417#breadcrumb","itemListElement":[{"@type":"ListItem","position":1,"name":"Portada","item":"https:\/\/impactocastex.com.ar\/"},{"@type":"ListItem","position":2,"name":"Violencia extrema: golpe\u00f3 a su vecina y la amenaz\u00f3 con una katana"}]},{"@type":"WebSite","@id":"https:\/\/impactocastex.com.ar\/#website","url":"https:\/\/impactocastex.com.ar\/","name":"Impacto Castex","description":"","publisher":{"@id":"https:\/\/impactocastex.com.ar\/#organization"},"potentialAction":[{"@type":"SearchAction","target":{"@type":"EntryPoint","urlTemplate":"https:\/\/impactocastex.com.ar\/?s={search_term_string}"},"query-input":{"@type":"PropertyValueSpecification","valueRequired":true,"valueName":"search_term_string"}}],"inLanguage":"es"},{"@type":"Organization","@id":"https:\/\/impactocastex.com.ar\/#organization","name":"Impacto Castex","url":"https:\/\/impactocastex.com.ar\/","logo":{"@type":"ImageObject","inLanguage":"es","@id":"https:\/\/impactocastex.com.ar\/#\/schema\/logo\/image\/","url":"https:\/\/impactocastex.com.ar\/wp-content\/uploads\/2025\/09\/cropped-icoweb.png","contentUrl":"https:\/\/impactocastex.com.ar\/wp-content\/uploads\/2025\/09\/cropped-icoweb.png","width":512,"height":512,"caption":"Impacto Castex"},"image":{"@id":"https:\/\/impactocastex.com.ar\/#\/schema\/logo\/image\/"},"sameAs":["https:\/\/www.facebook.com\/impactocastexdiario","https:\/\/www.instagram.com\/impactocastex.com.ar\/"]},{"@type":"Person","@id":"https:\/\/impactocastex.com.ar\/#\/schema\/person\/c115028fb60f9bf49ce7550894b84ea7","name":"impactocastex","image":{"@type":"ImageObject","inLanguage":"es","@id":"https:\/\/secure.gravatar.com\/avatar\/fee87e7af008f02e9becdc0b5a9fd4a2e79b3918a571edeacb62211704637833?s=96&d=mm&r=g","url":"https:\/\/secure.gravatar.com\/avatar\/fee87e7af008f02e9becdc0b5a9fd4a2e79b3918a571edeacb62211704637833?s=96&d=mm&r=g","contentUrl":"https:\/\/secure.gravatar.com\/avatar\/fee87e7af008f02e9becdc0b5a9fd4a2e79b3918a571edeacb62211704637833?s=96&d=mm&r=g","caption":"impactocastex"},"sameAs":["https:\/\/impactocastex.com.ar\/"],"url":"https:\/\/impactocastex.com.ar\/?author=2"}]}},"jetpack_publicize_connections":[],"featured_image_urls":{"full":["https:\/\/impactocastex.com.ar\/wp-content\/uploads\/2026\/01\/1768314942257.webp",1121,633,false],"thumbnail":["https:\/\/impactocastex.com.ar\/wp-content\/uploads\/2026\/01\/1768314942257-150x150.webp",150,150,true],"medium":["https:\/\/impactocastex.com.ar\/wp-content\/uploads\/2026\/01\/1768314942257-300x169.webp",300,169,true],"medium_large":["https:\/\/impactocastex.com.ar\/wp-content\/uploads\/2026\/01\/1768314942257-768x434.webp",640,362,true],"large":["https:\/\/impactocastex.com.ar\/wp-content\/uploads\/2026\/01\/1768314942257-1024x578.webp",640,361,true],"1536x1536":["https:\/\/impactocastex.com.ar\/wp-content\/uploads\/2026\/01\/1768314942257.webp",1121,633,false],"2048x2048":["https:\/\/impactocastex.com.ar\/wp-content\/uploads\/2026\/01\/1768314942257.webp",1121,633,false],"newsever-slider-full":["https:\/\/impactocastex.com.ar\/wp-content\/uploads\/2026\/01\/1768314942257.webp",1121,633,false],"newsever-featured":["https:\/\/impactocastex.com.ar\/wp-content\/uploads\/2026\/01\/1768314942257-1024x578.webp",1024,578,true],"newsever-medium":["https:\/\/impactocastex.com.ar\/wp-content\/uploads\/2026\/01\/1768314942257-720x475.webp",720,475,true]},"author_info":{"info":["impactocastex"]},"category_info":"<a href=\"https:\/\/impactocastex.com.ar\/?cat=85\" rel=\"category\">POLICIALES<\/a>","tag_info":"POLICIALES","comment_count":0,"jetpack_featured_media_url":"https:\/\/impactocastex.com.ar\/wp-content\/uploads\/2026\/01\/1768314942257.webp","jetpack_sharing_enabled":true,"jetpack_likes_enabled":true,"jetpack_shortlink":"https:\/\/wp.me\/p7sopA-2bL","_links":{"self":[{"href":"https:\/\/impactocastex.com.ar\/index.php?rest_route=\/wp\/v2\/posts\/8417","targetHints":{"allow":["GET"]}}],"collection":[{"href":"https:\/\/impactocastex.com.ar\/index.php?rest_route=\/wp\/v2\/posts"}],"about":[{"href":"https:\/\/impactocastex.com.ar\/index.php?rest_route=\/wp\/v2\/types\/post"}],"author":[{"embeddable":true,"href":"https:\/\/impactocastex.com.ar\/index.php?rest_route=\/wp\/v2\/users\/2"}],"replies":[{"embeddable":true,"href":"https:\/\/impactocastex.com.ar\/index.php?rest_route=%2Fwp%2Fv2%2Fcomments&post=8417"}],"version-history":[{"count":1,"href":"https:\/\/impactocastex.com.ar\/index.php?rest_route=\/wp\/v2\/posts\/8417\/revisions"}],"predecessor-version":[{"id":8419,"href":"https:\/\/impactocastex.com.ar\/index.php?rest_route=\/wp\/v2\/posts\/8417\/revisions\/8419"}],"wp:featuredmedia":[{"embeddable":true,"href":"https:\/\/impactocastex.com.ar\/index.php?rest_route=\/wp\/v2\/media\/8418"}],"wp:attachment":[{"href":"https:\/\/impactocastex.com.ar\/index.php?rest_route=%2Fwp%2Fv2%2Fmedia&parent=8417"}],"wp:term":[{"taxonomy":"category","embeddable":true,"href":"https:\/\/impactocastex.com.ar\/index.php?rest_route=%2Fwp%2Fv2%2Fcategories&post=8417"},{"taxonomy":"post_tag","embeddable":true,"href":"https:\/\/impactocastex.com.ar\/index.php?rest_route=%2Fwp%2Fv2%2Ftags&post=8417"}],"curies":[{"name":"wp","href":"https:\/\/api.w.org\/{rel}","templated":true}]}}