{"id":8374,"date":"2026-01-13T11:29:06","date_gmt":"2026-01-13T14:29:06","guid":{"rendered":"https:\/\/impactocastex.com.ar\/?p=8374"},"modified":"2026-01-13T11:29:08","modified_gmt":"2026-01-13T14:29:08","slug":"denuncian-aprietes-de-los-jefes-y-un-despido-de-un-guardaparque","status":"publish","type":"post","link":"https:\/\/impactocastex.com.ar\/?p=8374","title":{"rendered":"Denuncian aprietes de los jefes y un despido de un guardaparque"},"content":{"rendered":"\n<p>Las CTA encabezan este martes un reclamo\u00a0 por una suma compensatoria, paritarias y recomposici\u00f3n salarial.<strong>\u00a0Liliana Rechimont, de ATE, denunci\u00f3 aprietes y asegur\u00f3 que el gobierno tiene recursos. Denuncian el despido de un guardaparques en la reserva de Pichi Mahuida.<\/strong><\/p>\n\n\n\n<p>La CTA de los Trabajadores y la CTA Aut\u00f3noma encabezan este martes una movilizaci\u00f3n para reclamar al Gobierno provincial una suma compensatoria, convocatoria a paritarias y recomposici\u00f3n salarial.&nbsp;<strong>Liliana Rechimont, de ATE, denunci\u00f3 aprietes y asegur\u00f3 que el gobierno tiene recursos. Denunci\u00f3 el despido de un guardaparques en la reserva de Pichi Mahuida, por haber reclamado ropa de trabajo. La gremialista dijo que la movilizaci\u00f3n qued\u00f3 diezmada por los aprietes y por licencias vacacionales de los agentes p\u00fablicos.<\/strong><\/p>\n\n\n\n<p>La concentraci\u00f3n se hace el martes a las 10 de la ma\u00f1ana en la plaza San Mart\u00edn, para luego marchar a Casa de Gobierno \u00abpor mejores salarios, suma compensatoria y paritarias, en un contexto de ajuste que afecta a toda la clase trabajadora\u00bb, informaron. Los trabajadores que presentaron la nota pod\u00edan retirarse desde las 9:30 horas.<\/p>\n\n\n\n<figure class=\"wp-block-image\"><img decoding=\"async\" src=\"https:\/\/www.eldiariodelapampa.com.ar\/\/img\/publicaciones\/2026\/01\/13\/alta\/858468-t.jpg\" alt=\"\" \/><\/figure>\n\n\n\n<p><strong>Liliana Rechimont,<\/strong>&nbsp;dirigente de ATE, afirm\u00f3 que desde hace tiempo vienen trabajando junto a los compa\u00f1eros y compa\u00f1eras del gremio y de la mesa intersindical para pedirle al gobierno provincial que se sensibilice con la situaci\u00f3n que atraviesan los trabajadores y trabajadoras del Estado. Se\u00f1al\u00f3 que el escenario es \u00abmuy angustiante\u00bb y consider\u00f3 \u00abmuy triste\u00bb tener que salir a reclamar la devoluci\u00f3n de un bono que, seg\u00fan remarc\u00f3, cost\u00f3 mucho conseguir.<\/p>\n\n\n\n<p><strong>Rechimont sostuvo que hoy los trabajadores \u00abno tienen un peso\u00bb, est\u00e1n endeudados y, adem\u00e1s, enfrentan presiones de algunos jefes funcionales que \u2014aunque tambi\u00e9n son trabajadores\u2014 han salido a \u00abapretar\u00bb a sus compa\u00f1eros con amenazas de descuentos, p\u00e9rdida del presentismo y otras maniobras que calific\u00f3 como \u00abviles y bajas\u00bb<\/strong>. En ese sentido, afirm\u00f3 que nadie llega a fin de mes y que, si algunos lo hacen, es porque cobran adicionales, aunque aclar\u00f3 que salario digno no hay. Remarc\u00f3 que el reclamo surge de manera leg\u00edtima de los mandatos votados en las asambleas.<\/p>\n\n\n\n<p><strong>La dirigente denunci\u00f3 que en los lugares de trabajo se est\u00e1n produciendo aprietes y \u00aboperetas\u00bb para impedir que los trabajadores y trabajadoras se sumen a la jornada de lucha, una situaci\u00f3n que consider\u00f3 repudiable.<\/strong>&nbsp;Cuestion\u00f3 adem\u00e1s que quienes dicen oponerse a la derecha \u00abterminan operando de la misma forma\u00bb.<\/p>\n\n\n\n<p>Rechimont explic\u00f3 que enero es un mes particular, ya que cerca del cincuenta por ciento del personal est\u00e1 de licencia y el resto queda garantizando los servicios. Aclar\u00f3 que los jefes deben garantizar esa cobertura y que los trabajadores est\u00e1n en condiciones de salir a manifestarse, ya que no abandonan sus tareas. Detall\u00f3 que, en el caso del sector Salud, ingresan a trabajar a las seis de la ma\u00f1ana, realizan la salida de la jornada de lucha alrededor de las nueve y media y regresan a sus puestos a las doce para completar la jornada laboral.<\/p>\n\n\n\n<p>En ese marco, subray\u00f3 que no se trata de un paro, sino de una medida de acci\u00f3n directa que se toma porque la patronal no dej\u00f3 otra alternativa. Indic\u00f3 que no hubo cierre del di\u00e1logo, ni aceptaci\u00f3n de propuestas, ni sensibilidad hacia los trabajadores y trabajadoras del Estado, a quienes defini\u00f3 como \u00abel motor que moviliza la econom\u00eda privada de la provincia\u00bb.<\/p>\n\n\n\n<p>Consultada sobre la postura oficial, Rechimont rechaz\u00f3 el argumento del gobierno de que no hay dinero para pagar el bono. Asegur\u00f3 que es \u00abuna mentira\u00bb y<strong>&nbsp;record\u00f3 que el propio Ejecutivo provincial reconoce tener super\u00e1vit fiscal, del orden del veinti\u00fan por ciento, y un ahorro acumulado del nueve coma cinco por ciento. \u00abEse super\u00e1vit es a costa nuestra\u00bb, afirm\u00f3, y compar\u00f3 esa pol\u00edtica con la del gobierno nacional.<\/strong><\/p>\n\n\n\n<p>La referente de ATE remarc\u00f3 que, hist\u00f3ricamente y sin distinci\u00f3n pol\u00edtica, son los trabajadores y trabajadoras quienes sostienen y pagan las crisis con su sacrificio. Insisti\u00f3 en que plata hay, pero que el gobierno debe dejar de contratar tantos funcionarios, achicar la estructura pol\u00edtica y \u00ababrirle la mano\u00bb a los trabajadores.<\/p>\n\n\n\n<p><strong><em>Un despido<\/em><\/strong><\/p>\n\n\n\n<p>Por otro lado, Rechimont repudi\u00f3 p\u00fablicamente a la secretaria de Ambiente,&nbsp;<strong>Claudia Bazo,&nbsp;<\/strong>por la<strong>&nbsp;rescisi\u00f3n del contrato de un guardaparque, quien qued\u00f3 sin trabajo el 31 de diciembre<\/strong>. Denunci\u00f3 que el despido se produjo por el solo hecho de reclamar ropa y condiciones dignas de trabajo, y consider\u00f3 contradictorio que una funcionaria que se reivindica como \u00abnacional y popular\u00bb despida a un trabajador por luchar.<\/p>\n\n\n\n<p>Finalmente, se\u00f1al\u00f3 que existe un conflicto hist\u00f3rico con la Secretar\u00eda de Ambiente y Cambio Clim\u00e1tico y que, ante la falta de respuestas del gobierno provincial, las decisiones futuras se debatir\u00e1n nuevamente en asambleas. Indic\u00f3 que la jornada actual es una \u00abgran jornada de lucha\u00bb y asegur\u00f3 que cualquier medida que se adopte de aqu\u00ed en adelante ser\u00e1 consultada con las bases y coordinada en unidad con los dem\u00e1s sindicatos.<\/p>\n\n\n\n<p><strong><em>\u00abNo hay plata\u00bb<\/em><\/strong><\/p>\n\n\n\n<p>Recminont tambi\u00e9n chicane\u00f3 al gobierno provincial, que argument\u00f3 que no hay recursos para satisfacer el reclam\u00f3.<strong>&nbsp;\u00abQue no hay plata es una respuesta del gobierno de Milei, no es una respuesta de este gobierno\u00bb, ironiz\u00f3.<\/strong><\/p>\n\n\n\n<p>Los gremios convocantes marcha reclamando el bono de fin de a\u00f1o, la apertura de la paritaria y una recomposici\u00f3n salarial.<\/p>\n\n\n\n<p>El lunes 5, las CTA entregaron una nota dirigida al gobernador Sergio Ziliotto formalizando el reclamo. Lo fundamentaron en \u00abla profunda brecha existente entre los salarios de las y los trabajadores y el costo de vida real\u00bb.<\/p>\n\n\n\n<p><strong>Pero la respuesta desde Casa de Gobierno fue negativa: aseguraron que La Pampa fue la provincia que m\u00e1s aument\u00f3 los salarios p\u00fablicos y que un bono de 400 mil pesos demandar\u00eda al menos $13.000 millones, descartando un pago que era ya habitual desde hace varios a\u00f1os.<\/strong><\/p>\n\n\n\n<p>En la respuesta oficial, el Gobierno pampeano defendi\u00f3 la pol\u00edtica salarial de la administraci\u00f3n provincial y sostuvieron que La Pampa \u00absiempre hizo la mayor oferta y produjo el mayor aumento posible\u00bb en los ingresos del sector p\u00fablico.<\/p>\n\n\n\n<p>En relaci\u00f3n con el sector docente, indicaron que hay cuestiones que dejan de lado en el debate salarial y se\u00f1alaron que si el Gobierno nacional no hubiera frenado el Fondo Nacional de Incentivo Docente (FONID), los docentes tendr\u00edan hoy un salario 10% m\u00e1s alto.&nbsp;&nbsp;Adem\u00e1s, advirtieron que actualmente la Provincia no cuenta con los recursos necesarios para afrontar el pago de un bono.<\/p>\n\n\n\n<p>Otro de los pedidos de las centrales de trabajadores era que los fondos que ingresar\u00e1n por el pago de la deuda previsional de ANSES sirvieran para este reclamo inmediato. Pero tambi\u00e9n fue descartado: desde Casa de Gobierno adelantaron que esos recursos ser\u00e1n utilizados para reforzar \u00e1reas clave como salud, educaci\u00f3n y sostener a largo plazo la pol\u00edtica salarial y los haberes jubilatorios.<\/p>\n\n\n\n<p>eldiariodelapampa<\/p>\n","protected":false},"excerpt":{"rendered":"<p>Las CTA encabezan este martes un reclamo\u00a0 por una suma compensatoria, paritarias y recomposici\u00f3n salarial.\u00a0Liliana&#8230;<\/p>\n","protected":false},"author":2,"featured_media":8375,"comment_status":"closed","ping_status":"closed","sticky":false,"template":"","format":"standard","meta":{"_jetpack_memberships_contains_paid_content":false,"footnotes":"","jetpack_publicize_message":"Denuncian aprietes de los jefes y un despido de un guardaparque","jetpack_publicize_feature_enabled":true,"jetpack_social_post_already_shared":false,"jetpack_social_options":{"image_generator_settings":{"template":"highway","default_image_id":0,"font":"","enabled":false},"version":2}},"categories":[83],"tags":[],"class_list":["post-8374","post","type-post","status-publish","format-standard","has-post-thumbnail","hentry","category-la-pampa"],"yoast_head":"<!-- This site is optimized with the Yoast SEO plugin v27.4 - https:\/\/yoast.com\/product\/yoast-seo-wordpress\/ -->\n<title>Denuncian aprietes de los jefes y un despido de un guardaparque -<\/title>\n<meta name=\"robots\" content=\"index, follow, max-snippet:-1, max-image-preview:large, max-video-preview:-1\" \/>\n<link rel=\"canonical\" href=\"https:\/\/impactocastex.com.ar\/?p=8374\" \/>\n<meta property=\"og:locale\" content=\"es_ES\" \/>\n<meta property=\"og:type\" content=\"article\" \/>\n<meta property=\"og:title\" content=\"Denuncian aprietes de los jefes y un despido de un guardaparque -\" \/>\n<meta property=\"og:description\" content=\"Las CTA encabezan este martes un reclamo\u00a0 por una suma compensatoria, paritarias y recomposici\u00f3n salarial.\u00a0Liliana...\" \/>\n<meta property=\"og:url\" content=\"https:\/\/impactocastex.com.ar\/?p=8374\" \/>\n<meta property=\"article:publisher\" content=\"https:\/\/www.facebook.com\/impactocastexdiario\" \/>\n<meta property=\"article:published_time\" content=\"2026-01-13T14:29:06+00:00\" \/>\n<meta property=\"article:modified_time\" content=\"2026-01-13T14:29:08+00:00\" \/>\n<meta property=\"og:image\" content=\"https:\/\/impactocastex.com.ar\/wp-content\/uploads\/2026\/01\/2132579.jpg\" \/>\n\t<meta property=\"og:image:width\" content=\"1200\" \/>\n\t<meta property=\"og:image:height\" content=\"631\" \/>\n\t<meta property=\"og:image:type\" content=\"image\/jpeg\" \/>\n<meta name=\"author\" content=\"impactocastex\" \/>\n<meta name=\"twitter:card\" content=\"summary_large_image\" \/>\n<meta name=\"twitter:label1\" content=\"Escrito por\" \/>\n\t<meta name=\"twitter:data1\" content=\"impactocastex\" \/>\n\t<meta name=\"twitter:label2\" content=\"Tiempo de lectura\" \/>\n\t<meta name=\"twitter:data2\" content=\"6 minutos\" \/>\n<script type=\"application\/ld+json\" class=\"yoast-schema-graph\">{\"@context\":\"https:\\\/\\\/schema.org\",\"@graph\":[{\"@type\":\"Article\",\"@id\":\"https:\\\/\\\/impactocastex.com.ar\\\/?p=8374#article\",\"isPartOf\":{\"@id\":\"https:\\\/\\\/impactocastex.com.ar\\\/?p=8374\"},\"author\":{\"name\":\"impactocastex\",\"@id\":\"https:\\\/\\\/impactocastex.com.ar\\\/#\\\/schema\\\/person\\\/c115028fb60f9bf49ce7550894b84ea7\"},\"headline\":\"Denuncian aprietes de los jefes y un despido de un guardaparque\",\"datePublished\":\"2026-01-13T14:29:06+00:00\",\"dateModified\":\"2026-01-13T14:29:08+00:00\",\"mainEntityOfPage\":{\"@id\":\"https:\\\/\\\/impactocastex.com.ar\\\/?p=8374\"},\"wordCount\":1184,\"publisher\":{\"@id\":\"https:\\\/\\\/impactocastex.com.ar\\\/#organization\"},\"image\":{\"@id\":\"https:\\\/\\\/impactocastex.com.ar\\\/?p=8374#primaryimage\"},\"thumbnailUrl\":\"https:\\\/\\\/impactocastex.com.ar\\\/wp-content\\\/uploads\\\/2026\\\/01\\\/2132579.jpg\",\"articleSection\":[\"LA PAMPA\"],\"inLanguage\":\"es\"},{\"@type\":\"WebPage\",\"@id\":\"https:\\\/\\\/impactocastex.com.ar\\\/?p=8374\",\"url\":\"https:\\\/\\\/impactocastex.com.ar\\\/?p=8374\",\"name\":\"Denuncian aprietes de los jefes y un despido de un guardaparque -\",\"isPartOf\":{\"@id\":\"https:\\\/\\\/impactocastex.com.ar\\\/#website\"},\"primaryImageOfPage\":{\"@id\":\"https:\\\/\\\/impactocastex.com.ar\\\/?p=8374#primaryimage\"},\"image\":{\"@id\":\"https:\\\/\\\/impactocastex.com.ar\\\/?p=8374#primaryimage\"},\"thumbnailUrl\":\"https:\\\/\\\/impactocastex.com.ar\\\/wp-content\\\/uploads\\\/2026\\\/01\\\/2132579.jpg\",\"datePublished\":\"2026-01-13T14:29:06+00:00\",\"dateModified\":\"2026-01-13T14:29:08+00:00\",\"breadcrumb\":{\"@id\":\"https:\\\/\\\/impactocastex.com.ar\\\/?p=8374#breadcrumb\"},\"inLanguage\":\"es\",\"potentialAction\":[{\"@type\":\"ReadAction\",\"target\":[\"https:\\\/\\\/impactocastex.com.ar\\\/?p=8374\"]}]},{\"@type\":\"ImageObject\",\"inLanguage\":\"es\",\"@id\":\"https:\\\/\\\/impactocastex.com.ar\\\/?p=8374#primaryimage\",\"url\":\"https:\\\/\\\/impactocastex.com.ar\\\/wp-content\\\/uploads\\\/2026\\\/01\\\/2132579.jpg\",\"contentUrl\":\"https:\\\/\\\/impactocastex.com.ar\\\/wp-content\\\/uploads\\\/2026\\\/01\\\/2132579.jpg\",\"width\":1200,\"height\":631},{\"@type\":\"BreadcrumbList\",\"@id\":\"https:\\\/\\\/impactocastex.com.ar\\\/?p=8374#breadcrumb\",\"itemListElement\":[{\"@type\":\"ListItem\",\"position\":1,\"name\":\"Portada\",\"item\":\"https:\\\/\\\/impactocastex.com.ar\\\/\"},{\"@type\":\"ListItem\",\"position\":2,\"name\":\"Denuncian aprietes de los jefes y un despido de un guardaparque\"}]},{\"@type\":\"WebSite\",\"@id\":\"https:\\\/\\\/impactocastex.com.ar\\\/#website\",\"url\":\"https:\\\/\\\/impactocastex.com.ar\\\/\",\"name\":\"Impacto Castex\",\"description\":\"\",\"publisher\":{\"@id\":\"https:\\\/\\\/impactocastex.com.ar\\\/#organization\"},\"potentialAction\":[{\"@type\":\"SearchAction\",\"target\":{\"@type\":\"EntryPoint\",\"urlTemplate\":\"https:\\\/\\\/impactocastex.com.ar\\\/?s={search_term_string}\"},\"query-input\":{\"@type\":\"PropertyValueSpecification\",\"valueRequired\":true,\"valueName\":\"search_term_string\"}}],\"inLanguage\":\"es\"},{\"@type\":\"Organization\",\"@id\":\"https:\\\/\\\/impactocastex.com.ar\\\/#organization\",\"name\":\"Impacto Castex\",\"url\":\"https:\\\/\\\/impactocastex.com.ar\\\/\",\"logo\":{\"@type\":\"ImageObject\",\"inLanguage\":\"es\",\"@id\":\"https:\\\/\\\/impactocastex.com.ar\\\/#\\\/schema\\\/logo\\\/image\\\/\",\"url\":\"https:\\\/\\\/impactocastex.com.ar\\\/wp-content\\\/uploads\\\/2025\\\/09\\\/cropped-icoweb.png\",\"contentUrl\":\"https:\\\/\\\/impactocastex.com.ar\\\/wp-content\\\/uploads\\\/2025\\\/09\\\/cropped-icoweb.png\",\"width\":512,\"height\":512,\"caption\":\"Impacto Castex\"},\"image\":{\"@id\":\"https:\\\/\\\/impactocastex.com.ar\\\/#\\\/schema\\\/logo\\\/image\\\/\"},\"sameAs\":[\"https:\\\/\\\/www.facebook.com\\\/impactocastexdiario\",\"https:\\\/\\\/www.instagram.com\\\/impactocastex.com.ar\\\/\"]},{\"@type\":\"Person\",\"@id\":\"https:\\\/\\\/impactocastex.com.ar\\\/#\\\/schema\\\/person\\\/c115028fb60f9bf49ce7550894b84ea7\",\"name\":\"impactocastex\",\"image\":{\"@type\":\"ImageObject\",\"inLanguage\":\"es\",\"@id\":\"https:\\\/\\\/secure.gravatar.com\\\/avatar\\\/fee87e7af008f02e9becdc0b5a9fd4a2e79b3918a571edeacb62211704637833?s=96&d=mm&r=g\",\"url\":\"https:\\\/\\\/secure.gravatar.com\\\/avatar\\\/fee87e7af008f02e9becdc0b5a9fd4a2e79b3918a571edeacb62211704637833?s=96&d=mm&r=g\",\"contentUrl\":\"https:\\\/\\\/secure.gravatar.com\\\/avatar\\\/fee87e7af008f02e9becdc0b5a9fd4a2e79b3918a571edeacb62211704637833?s=96&d=mm&r=g\",\"caption\":\"impactocastex\"},\"sameAs\":[\"https:\\\/\\\/impactocastex.com.ar\\\/\"],\"url\":\"https:\\\/\\\/impactocastex.com.ar\\\/?author=2\"}]}<\/script>\n<!-- \/ Yoast SEO plugin. -->","yoast_head_json":{"title":"Denuncian aprietes de los jefes y un despido de un guardaparque -","robots":{"index":"index","follow":"follow","max-snippet":"max-snippet:-1","max-image-preview":"max-image-preview:large","max-video-preview":"max-video-preview:-1"},"canonical":"https:\/\/impactocastex.com.ar\/?p=8374","og_locale":"es_ES","og_type":"article","og_title":"Denuncian aprietes de los jefes y un despido de un guardaparque -","og_description":"Las CTA encabezan este martes un reclamo\u00a0 por una suma compensatoria, paritarias y recomposici\u00f3n salarial.\u00a0Liliana...","og_url":"https:\/\/impactocastex.com.ar\/?p=8374","article_publisher":"https:\/\/www.facebook.com\/impactocastexdiario","article_published_time":"2026-01-13T14:29:06+00:00","article_modified_time":"2026-01-13T14:29:08+00:00","og_image":[{"width":1200,"height":631,"url":"https:\/\/impactocastex.com.ar\/wp-content\/uploads\/2026\/01\/2132579.jpg","type":"image\/jpeg"}],"author":"impactocastex","twitter_card":"summary_large_image","twitter_misc":{"Escrito por":"impactocastex","Tiempo de lectura":"6 minutos"},"schema":{"@context":"https:\/\/schema.org","@graph":[{"@type":"Article","@id":"https:\/\/impactocastex.com.ar\/?p=8374#article","isPartOf":{"@id":"https:\/\/impactocastex.com.ar\/?p=8374"},"author":{"name":"impactocastex","@id":"https:\/\/impactocastex.com.ar\/#\/schema\/person\/c115028fb60f9bf49ce7550894b84ea7"},"headline":"Denuncian aprietes de los jefes y un despido de un guardaparque","datePublished":"2026-01-13T14:29:06+00:00","dateModified":"2026-01-13T14:29:08+00:00","mainEntityOfPage":{"@id":"https:\/\/impactocastex.com.ar\/?p=8374"},"wordCount":1184,"publisher":{"@id":"https:\/\/impactocastex.com.ar\/#organization"},"image":{"@id":"https:\/\/impactocastex.com.ar\/?p=8374#primaryimage"},"thumbnailUrl":"https:\/\/impactocastex.com.ar\/wp-content\/uploads\/2026\/01\/2132579.jpg","articleSection":["LA PAMPA"],"inLanguage":"es"},{"@type":"WebPage","@id":"https:\/\/impactocastex.com.ar\/?p=8374","url":"https:\/\/impactocastex.com.ar\/?p=8374","name":"Denuncian aprietes de los jefes y un despido de un guardaparque -","isPartOf":{"@id":"https:\/\/impactocastex.com.ar\/#website"},"primaryImageOfPage":{"@id":"https:\/\/impactocastex.com.ar\/?p=8374#primaryimage"},"image":{"@id":"https:\/\/impactocastex.com.ar\/?p=8374#primaryimage"},"thumbnailUrl":"https:\/\/impactocastex.com.ar\/wp-content\/uploads\/2026\/01\/2132579.jpg","datePublished":"2026-01-13T14:29:06+00:00","dateModified":"2026-01-13T14:29:08+00:00","breadcrumb":{"@id":"https:\/\/impactocastex.com.ar\/?p=8374#breadcrumb"},"inLanguage":"es","potentialAction":[{"@type":"ReadAction","target":["https:\/\/impactocastex.com.ar\/?p=8374"]}]},{"@type":"ImageObject","inLanguage":"es","@id":"https:\/\/impactocastex.com.ar\/?p=8374#primaryimage","url":"https:\/\/impactocastex.com.ar\/wp-content\/uploads\/2026\/01\/2132579.jpg","contentUrl":"https:\/\/impactocastex.com.ar\/wp-content\/uploads\/2026\/01\/2132579.jpg","width":1200,"height":631},{"@type":"BreadcrumbList","@id":"https:\/\/impactocastex.com.ar\/?p=8374#breadcrumb","itemListElement":[{"@type":"ListItem","position":1,"name":"Portada","item":"https:\/\/impactocastex.com.ar\/"},{"@type":"ListItem","position":2,"name":"Denuncian aprietes de los jefes y un despido de un guardaparque"}]},{"@type":"WebSite","@id":"https:\/\/impactocastex.com.ar\/#website","url":"https:\/\/impactocastex.com.ar\/","name":"Impacto Castex","description":"","publisher":{"@id":"https:\/\/impactocastex.com.ar\/#organization"},"potentialAction":[{"@type":"SearchAction","target":{"@type":"EntryPoint","urlTemplate":"https:\/\/impactocastex.com.ar\/?s={search_term_string}"},"query-input":{"@type":"PropertyValueSpecification","valueRequired":true,"valueName":"search_term_string"}}],"inLanguage":"es"},{"@type":"Organization","@id":"https:\/\/impactocastex.com.ar\/#organization","name":"Impacto Castex","url":"https:\/\/impactocastex.com.ar\/","logo":{"@type":"ImageObject","inLanguage":"es","@id":"https:\/\/impactocastex.com.ar\/#\/schema\/logo\/image\/","url":"https:\/\/impactocastex.com.ar\/wp-content\/uploads\/2025\/09\/cropped-icoweb.png","contentUrl":"https:\/\/impactocastex.com.ar\/wp-content\/uploads\/2025\/09\/cropped-icoweb.png","width":512,"height":512,"caption":"Impacto Castex"},"image":{"@id":"https:\/\/impactocastex.com.ar\/#\/schema\/logo\/image\/"},"sameAs":["https:\/\/www.facebook.com\/impactocastexdiario","https:\/\/www.instagram.com\/impactocastex.com.ar\/"]},{"@type":"Person","@id":"https:\/\/impactocastex.com.ar\/#\/schema\/person\/c115028fb60f9bf49ce7550894b84ea7","name":"impactocastex","image":{"@type":"ImageObject","inLanguage":"es","@id":"https:\/\/secure.gravatar.com\/avatar\/fee87e7af008f02e9becdc0b5a9fd4a2e79b3918a571edeacb62211704637833?s=96&d=mm&r=g","url":"https:\/\/secure.gravatar.com\/avatar\/fee87e7af008f02e9becdc0b5a9fd4a2e79b3918a571edeacb62211704637833?s=96&d=mm&r=g","contentUrl":"https:\/\/secure.gravatar.com\/avatar\/fee87e7af008f02e9becdc0b5a9fd4a2e79b3918a571edeacb62211704637833?s=96&d=mm&r=g","caption":"impactocastex"},"sameAs":["https:\/\/impactocastex.com.ar\/"],"url":"https:\/\/impactocastex.com.ar\/?author=2"}]}},"jetpack_publicize_connections":[],"featured_image_urls":{"full":["https:\/\/impactocastex.com.ar\/wp-content\/uploads\/2026\/01\/2132579.jpg",1200,631,false],"thumbnail":["https:\/\/impactocastex.com.ar\/wp-content\/uploads\/2026\/01\/2132579-150x150.jpg",150,150,true],"medium":["https:\/\/impactocastex.com.ar\/wp-content\/uploads\/2026\/01\/2132579-300x158.jpg",300,158,true],"medium_large":["https:\/\/impactocastex.com.ar\/wp-content\/uploads\/2026\/01\/2132579-768x404.jpg",640,337,true],"large":["https:\/\/impactocastex.com.ar\/wp-content\/uploads\/2026\/01\/2132579-1024x538.jpg",640,336,true],"1536x1536":["https:\/\/impactocastex.com.ar\/wp-content\/uploads\/2026\/01\/2132579.jpg",1200,631,false],"2048x2048":["https:\/\/impactocastex.com.ar\/wp-content\/uploads\/2026\/01\/2132579.jpg",1200,631,false],"newsever-slider-full":["https:\/\/impactocastex.com.ar\/wp-content\/uploads\/2026\/01\/2132579.jpg",1200,631,false],"newsever-featured":["https:\/\/impactocastex.com.ar\/wp-content\/uploads\/2026\/01\/2132579-1024x538.jpg",1024,538,true],"newsever-medium":["https:\/\/impactocastex.com.ar\/wp-content\/uploads\/2026\/01\/2132579-720x475.jpg",720,475,true]},"author_info":{"info":["impactocastex"]},"category_info":"<a href=\"https:\/\/impactocastex.com.ar\/?cat=83\" rel=\"category\">LA PAMPA<\/a>","tag_info":"LA PAMPA","comment_count":0,"jetpack_featured_media_url":"https:\/\/impactocastex.com.ar\/wp-content\/uploads\/2026\/01\/2132579.jpg","jetpack_sharing_enabled":true,"jetpack_likes_enabled":true,"jetpack_shortlink":"https:\/\/wp.me\/p7sopA-2b4","_links":{"self":[{"href":"https:\/\/impactocastex.com.ar\/index.php?rest_route=\/wp\/v2\/posts\/8374","targetHints":{"allow":["GET"]}}],"collection":[{"href":"https:\/\/impactocastex.com.ar\/index.php?rest_route=\/wp\/v2\/posts"}],"about":[{"href":"https:\/\/impactocastex.com.ar\/index.php?rest_route=\/wp\/v2\/types\/post"}],"author":[{"embeddable":true,"href":"https:\/\/impactocastex.com.ar\/index.php?rest_route=\/wp\/v2\/users\/2"}],"replies":[{"embeddable":true,"href":"https:\/\/impactocastex.com.ar\/index.php?rest_route=%2Fwp%2Fv2%2Fcomments&post=8374"}],"version-history":[{"count":1,"href":"https:\/\/impactocastex.com.ar\/index.php?rest_route=\/wp\/v2\/posts\/8374\/revisions"}],"predecessor-version":[{"id":8376,"href":"https:\/\/impactocastex.com.ar\/index.php?rest_route=\/wp\/v2\/posts\/8374\/revisions\/8376"}],"wp:featuredmedia":[{"embeddable":true,"href":"https:\/\/impactocastex.com.ar\/index.php?rest_route=\/wp\/v2\/media\/8375"}],"wp:attachment":[{"href":"https:\/\/impactocastex.com.ar\/index.php?rest_route=%2Fwp%2Fv2%2Fmedia&parent=8374"}],"wp:term":[{"taxonomy":"category","embeddable":true,"href":"https:\/\/impactocastex.com.ar\/index.php?rest_route=%2Fwp%2Fv2%2Fcategories&post=8374"},{"taxonomy":"post_tag","embeddable":true,"href":"https:\/\/impactocastex.com.ar\/index.php?rest_route=%2Fwp%2Fv2%2Ftags&post=8374"}],"curies":[{"name":"wp","href":"https:\/\/api.w.org\/{rel}","templated":true}]}}