{"id":8371,"date":"2026-01-13T11:22:28","date_gmt":"2026-01-13T14:22:28","guid":{"rendered":"https:\/\/impactocastex.com.ar\/?p=8371"},"modified":"2026-01-13T11:22:29","modified_gmt":"2026-01-13T14:22:29","slug":"marcha-por-el-bono-advierten-situacion-muy-critica-y-reclaman-suma-compensadora","status":"publish","type":"post","link":"https:\/\/impactocastex.com.ar\/?p=8371","title":{"rendered":"Marcha por el bono: advierten situaci\u00f3n \u00abmuy cr\u00edtica\u00bb y reclaman suma compensadora"},"content":{"rendered":"\n<p><strong>\u00abNecesitamos m\u00e1s que nunca una respuesta m\u00e1s que positiva\u00a0<\/strong>con respecto a esta suma compensadora para los trabajadores y trabajadoras\u00bb, afirm\u00f3<strong>\u00a0Lilia L\u00f3pez, de la CTA y la Utelpa,\u00a0<\/strong>durante la marcha a Casa de Gobierno de este martes.<\/p>\n\n\n\n<p>La dirigente docente de Utelpa y de la CTA,<strong>&nbsp;Lilia L\u00f3pez, advirti\u00f3 este martes que las y los trabajadores estatales atraviesan una situaci\u00f3n \u00abmuy cr\u00edtica\u00bb y reclam\u00f3 al Gobierno provincial una respuesta urgente<\/strong>&nbsp;que incluya el pago de una suma compensadora, la apertura de ambas paritarias y una recomposici\u00f3n real de los salarios.<\/p>\n\n\n\n<p>Este martes se desarroll\u00f3 una concentraci\u00f3n en plaza San Mart\u00edn con una marcha posterior hasta Casa de Gobierno, en Santa Rosa, para reclamarle al gobierno esos tres puntos. En ese marco, desde ATE denunciaron \u00abaprietes\u00bb a trabajadores para que no se sumen a la marcha y el despido de un guardaparque (Ver nota aparte).<\/p>\n\n\n\n<figure class=\"wp-block-image\"><img decoding=\"async\" src=\"https:\/\/www.eldiariodelapampa.com.ar\/\/img\/publicaciones\/2026\/01\/13\/alta\/858475-t.jpg\" alt=\"\" \/><\/figure>\n\n\n\n<p>L\u00f3pez aprovech\u00f3 la oportunidad para expresar el&nbsp;<strong>rechazo al proyecto de ley laboral impulsado a nivel nacional&nbsp;<\/strong>y del congelamiento salarial que, seg\u00fan denunci\u00f3, se arrastra desde octubre.<\/p>\n\n\n\n<p>\u00abLa verdad que las y los trabajadores, tanto de La Pampa como del pa\u00eds, nos encontramos en una situaci\u00f3n muy cr\u00edtica, porque hoy est\u00e1 en juego nuestro trabajo con este proyecto de ley laboral que se ha presentado en el Congreso de la Naci\u00f3n\u00bb, sostuvo L\u00f3pez. En ese sentido, afirm\u00f3 que&nbsp;<strong>\u00abest\u00e1 muy claro lo que pretende este gobierno nacional y los grandes grupos econ\u00f3micos concentrados del pa\u00eds y los multinacionales, que es la p\u00e9rdida de derechos de todos los trabajadores y trabajadoras\u00bb.<\/strong><\/p>\n\n\n\n<p>La dirigente rechaz\u00f3 los argumentos oficiales sobre una supuesta generaci\u00f3n de empleo:<strong>&nbsp;\u00abMentira que con la transformaci\u00f3n de esa ley va a haber m\u00e1s trabajo. Enga\u00f1an a la poblaci\u00f3n con un discurso que no es el real\u00bb.&nbsp;<\/strong>Y agreg\u00f3: \u00abEstamos comenzando un 2026 muy, muy, muy complicado\u00bb.<\/p>\n\n\n\n<p><strong>En relaci\u00f3n con la situaci\u00f3n provincial, L\u00f3pez expres\u00f3 expectativas de una definici\u00f3n inmediata por parte del Ejecutivo pampeano.<\/strong>&nbsp;\u00abAqu\u00ed en la provincia de La Pampa esperemos que hoy recibamos una propuesta, que tengamos una respuesta positiva, eso es lo que esperamos del se\u00f1or gobernador de nuestra provincia\u00bb, se\u00f1al\u00f3. Al mismo tiempo, remarc\u00f3 que \u00ab<strong>nuestros salarios est\u00e1n congelados desde el mes de octubre\u00bb y que \u00abnecesitamos urgente una suma compensadora para ver c\u00f3mo salimos de la situaci\u00f3n en la que nos encontramos\u00bb.<\/strong><\/p>\n\n\n\n<p>El reclamo incluye tambi\u00e9n la reapertura de la negociaci\u00f3n salarial. \u00abLa apertura de ambas paritarias para que las y los trabajadores de esta provincia puedan sentarse a discutir una recuperaci\u00f3n del salario real, porque los \u00edndices del INDEC sabemos que no son reales, que son mentirosos\u00bb, afirm\u00f3, y subray\u00f3 que&nbsp;<strong>\u00abnecesitamos urgente una recomposici\u00f3n salarial en la provincia de La Pampa\u00bb.<\/strong><\/p>\n\n\n\n<p>Consultada sobre la suma reclamada, L\u00f3pez explic\u00f3 que no la consideran un bono. \u00abLa que no recibimos como bono. Nosotros, desde hace much\u00edsimos a\u00f1os, venimos recibiendo esta suma.&nbsp;<strong>Siempre la llamamos m\u00e1s que bono, m\u00e1s que un regalo, consideramos siempre que fue una suma compensadora\u00bb,<\/strong>&nbsp;detall\u00f3. Seg\u00fan explic\u00f3, esa suma \u00abcompensa la p\u00e9rdida del poder adquisitivo del salario, o que no estuvo acorde durante el a\u00f1o la recomposici\u00f3n salarial\u00bb, y remarc\u00f3 que&nbsp;<strong>\u00abviene a compensar todo eso que el trabajador o trabajadora pierde\u00bb.<\/strong><\/p>\n\n\n\n<p>Respecto del monto, aclar\u00f3 que no fijaron una cifra concreta.<strong>&nbsp;\u00abNosotros no le ponemos n\u00famero, estamos dispuestos a escuchar, a sentarnos abiertos al di\u00e1logo, por supuesto\u00bb, sostuvo<\/strong>. Sin embargo, plante\u00f3 una cr\u00edtica al esquema de administraci\u00f3n provincial: \u00abSiempre celebramos que sea una provincia con d\u00e9ficit cero, que sea una provincia muy bien administrada.&nbsp;<strong>Pero si ese d\u00e9ficit cero es a costa de que las trabajadoras y los trabajadores se endeuden para comer, hoy los docentes, al sector al cual yo represento, se endeudan con tarjetas de cr\u00e9dito, con todo tipo de cr\u00e9dito, para comer\u00bb.<\/strong><\/p>\n\n\n\n<p>En ese marco, dej\u00f3 planteada una pregunta directa: \u00ab\u00bfD\u00e9ficit cero en la provincia y las y los trabajadores endeudados para comer?\u00bb. Adem\u00e1s, frente a la afirmaci\u00f3n oficial de que no habr\u00eda fondos para pagar el bono, advirti\u00f3 sobre el clima de conflictividad, aunque manifest\u00f3 expectativas de di\u00e1logo.&nbsp;<strong>\u00abTengo la esperanza de que vamos a tener una respuesta positiva. Espero que tengan una lectura pol\u00edtica correcta, acorde a la realidad que hoy tenemos las y los trabajadores en la provincia de La Pampa\u00bb, expres\u00f3.<\/strong><\/p>\n\n\n\n<p><strong>L\u00f3pez tambi\u00e9n se\u00f1al\u00f3 que no hubo respuestas a la nota presentada la semana pasada.<\/strong>&nbsp;\u00abNo hemos tenido respuesta de nada\u00bb, afirm\u00f3, y enumer\u00f3 los puntos del reclamo: \u00abLos tres puntos que hoy planteamos al gobierno son: suma compensadora, la apertura de ambas paritarias y la recomposici\u00f3n real del salario de los trabajadores y de las trabajadoras provinciales en esta provincia\u00bb.<\/p>\n\n\n\n<p>La dirigente describi\u00f3 la situaci\u00f3n econ\u00f3mica de los estatales como l\u00edmite. \u00abNo, ya est\u00e1n endeudados\u00bb, respondi\u00f3 al ser consultada sobre si los trabajadores cuentan con dinero para atravesar el resto del mes. En ese sentido, cuestion\u00f3 el desdoblamiento del aguinaldo:<strong>&nbsp;\u00abNo fue bueno desdoblar el aguinaldo con el salario\u00bb.<\/strong><\/p>\n\n\n\n<p>Desde el sector docente, aunque aclar\u00f3 que el reclamo es general, remarc\u00f3 que la problem\u00e1tica atraviesa a todos los estatales. \u00abHablo de los docentes, pero es de los trabajadores en general\u00bb, indic\u00f3, y destac\u00f3 la unidad sindical: \u00abHoy estamos ac\u00e1 en unidad con las dos CTA, porque necesitamos y consideramos que es muy importante estar en la calle con unidad para enfrentar esta situaci\u00f3n cr\u00edtica que estamos viviendo\u00bb.<\/p>\n\n\n\n<p>Finalmente, L\u00f3pez describi\u00f3 el impacto inmediato del endeudamiento en los salarios.&nbsp;<strong>\u00abDesde el momento que se cobr\u00f3, al otro d\u00eda, cuando vos cobr\u00e1s, se te deposita en el cajero, autom\u00e1ticamente se debitan todos los cr\u00e9ditos, todas las deudas, absolutamente todo. M\u00e1s de uno fue al cajero y se encontr\u00f3 con cero coma cero cero, y eso es triste\u00bb,<\/strong>&nbsp;relat\u00f3.<\/p>\n\n\n\n<p>En ese contexto, remarc\u00f3 la urgencia de una definici\u00f3n oficial: \u00abA esta altura del mes de enero, que generalmente es un mes particular por lo largo que es,&nbsp;<strong>necesitamos m\u00e1s que nunca una respuesta m\u00e1s que positiva con respecto a esta suma compensadora para los trabajadores y trabajadoras\u00bb.<\/strong><\/p>\n\n\n\n<p>eldiariodelapampa.<\/p>\n","protected":false},"excerpt":{"rendered":"<p>\u00abNecesitamos m\u00e1s que nunca una respuesta m\u00e1s que positiva\u00a0con respecto a esta suma compensadora para&#8230;<\/p>\n","protected":false},"author":2,"featured_media":8372,"comment_status":"closed","ping_status":"closed","sticky":false,"template":"","format":"standard","meta":{"_jetpack_memberships_contains_paid_content":false,"footnotes":"","jetpack_publicize_message":"Marcha por el bono: advierten situaci\u00f3n \"muy cr\u00edtica\" y reclaman suma compensadora","jetpack_publicize_feature_enabled":true,"jetpack_social_post_already_shared":false,"jetpack_social_options":{"image_generator_settings":{"template":"highway","default_image_id":0,"font":"","enabled":false},"version":2}},"categories":[83,85],"tags":[],"class_list":["post-8371","post","type-post","status-publish","format-standard","has-post-thumbnail","hentry","category-la-pampa","category-policiales"],"yoast_head":"<!-- This site is optimized with the Yoast SEO plugin v27.4 - https:\/\/yoast.com\/product\/yoast-seo-wordpress\/ -->\n<title>Marcha por el bono: advierten situaci\u00f3n &quot;muy cr\u00edtica&quot; y reclaman suma compensadora -<\/title>\n<meta name=\"robots\" content=\"index, follow, max-snippet:-1, max-image-preview:large, max-video-preview:-1\" \/>\n<link rel=\"canonical\" href=\"https:\/\/impactocastex.com.ar\/?p=8371\" \/>\n<meta property=\"og:locale\" content=\"es_ES\" \/>\n<meta property=\"og:type\" content=\"article\" \/>\n<meta property=\"og:title\" content=\"Marcha por el bono: advierten situaci\u00f3n &quot;muy cr\u00edtica&quot; y reclaman suma compensadora -\" \/>\n<meta property=\"og:description\" content=\"\u00abNecesitamos m\u00e1s que nunca una respuesta m\u00e1s que positiva\u00a0con respecto a esta suma compensadora para...\" \/>\n<meta property=\"og:url\" content=\"https:\/\/impactocastex.com.ar\/?p=8371\" \/>\n<meta property=\"article:publisher\" content=\"https:\/\/www.facebook.com\/impactocastexdiario\" \/>\n<meta property=\"article:published_time\" content=\"2026-01-13T14:22:28+00:00\" \/>\n<meta property=\"article:modified_time\" content=\"2026-01-13T14:22:29+00:00\" \/>\n<meta property=\"og:image\" content=\"https:\/\/impactocastex.com.ar\/wp-content\/uploads\/2026\/01\/2132582.jpg\" \/>\n\t<meta property=\"og:image:width\" content=\"1200\" \/>\n\t<meta property=\"og:image:height\" content=\"631\" \/>\n\t<meta property=\"og:image:type\" content=\"image\/jpeg\" \/>\n<meta name=\"author\" content=\"impactocastex\" \/>\n<meta name=\"twitter:card\" content=\"summary_large_image\" \/>\n<meta name=\"twitter:label1\" content=\"Escrito por\" \/>\n\t<meta name=\"twitter:data1\" content=\"impactocastex\" \/>\n\t<meta name=\"twitter:label2\" content=\"Tiempo de lectura\" \/>\n\t<meta name=\"twitter:data2\" content=\"5 minutos\" \/>\n<script type=\"application\/ld+json\" class=\"yoast-schema-graph\">{\"@context\":\"https:\\\/\\\/schema.org\",\"@graph\":[{\"@type\":\"Article\",\"@id\":\"https:\\\/\\\/impactocastex.com.ar\\\/?p=8371#article\",\"isPartOf\":{\"@id\":\"https:\\\/\\\/impactocastex.com.ar\\\/?p=8371\"},\"author\":{\"name\":\"impactocastex\",\"@id\":\"https:\\\/\\\/impactocastex.com.ar\\\/#\\\/schema\\\/person\\\/c115028fb60f9bf49ce7550894b84ea7\"},\"headline\":\"Marcha por el bono: advierten situaci\u00f3n \u00abmuy cr\u00edtica\u00bb y reclaman suma compensadora\",\"datePublished\":\"2026-01-13T14:22:28+00:00\",\"dateModified\":\"2026-01-13T14:22:29+00:00\",\"mainEntityOfPage\":{\"@id\":\"https:\\\/\\\/impactocastex.com.ar\\\/?p=8371\"},\"wordCount\":1104,\"publisher\":{\"@id\":\"https:\\\/\\\/impactocastex.com.ar\\\/#organization\"},\"image\":{\"@id\":\"https:\\\/\\\/impactocastex.com.ar\\\/?p=8371#primaryimage\"},\"thumbnailUrl\":\"https:\\\/\\\/impactocastex.com.ar\\\/wp-content\\\/uploads\\\/2026\\\/01\\\/2132582.jpg\",\"articleSection\":[\"LA PAMPA\",\"POLICIALES\"],\"inLanguage\":\"es\"},{\"@type\":\"WebPage\",\"@id\":\"https:\\\/\\\/impactocastex.com.ar\\\/?p=8371\",\"url\":\"https:\\\/\\\/impactocastex.com.ar\\\/?p=8371\",\"name\":\"Marcha por el bono: advierten situaci\u00f3n \\\"muy cr\u00edtica\\\" y reclaman suma compensadora -\",\"isPartOf\":{\"@id\":\"https:\\\/\\\/impactocastex.com.ar\\\/#website\"},\"primaryImageOfPage\":{\"@id\":\"https:\\\/\\\/impactocastex.com.ar\\\/?p=8371#primaryimage\"},\"image\":{\"@id\":\"https:\\\/\\\/impactocastex.com.ar\\\/?p=8371#primaryimage\"},\"thumbnailUrl\":\"https:\\\/\\\/impactocastex.com.ar\\\/wp-content\\\/uploads\\\/2026\\\/01\\\/2132582.jpg\",\"datePublished\":\"2026-01-13T14:22:28+00:00\",\"dateModified\":\"2026-01-13T14:22:29+00:00\",\"breadcrumb\":{\"@id\":\"https:\\\/\\\/impactocastex.com.ar\\\/?p=8371#breadcrumb\"},\"inLanguage\":\"es\",\"potentialAction\":[{\"@type\":\"ReadAction\",\"target\":[\"https:\\\/\\\/impactocastex.com.ar\\\/?p=8371\"]}]},{\"@type\":\"ImageObject\",\"inLanguage\":\"es\",\"@id\":\"https:\\\/\\\/impactocastex.com.ar\\\/?p=8371#primaryimage\",\"url\":\"https:\\\/\\\/impactocastex.com.ar\\\/wp-content\\\/uploads\\\/2026\\\/01\\\/2132582.jpg\",\"contentUrl\":\"https:\\\/\\\/impactocastex.com.ar\\\/wp-content\\\/uploads\\\/2026\\\/01\\\/2132582.jpg\",\"width\":1200,\"height\":631},{\"@type\":\"BreadcrumbList\",\"@id\":\"https:\\\/\\\/impactocastex.com.ar\\\/?p=8371#breadcrumb\",\"itemListElement\":[{\"@type\":\"ListItem\",\"position\":1,\"name\":\"Portada\",\"item\":\"https:\\\/\\\/impactocastex.com.ar\\\/\"},{\"@type\":\"ListItem\",\"position\":2,\"name\":\"Marcha por el bono: advierten situaci\u00f3n &#8220;muy cr\u00edtica&#8221; y reclaman suma compensadora\"}]},{\"@type\":\"WebSite\",\"@id\":\"https:\\\/\\\/impactocastex.com.ar\\\/#website\",\"url\":\"https:\\\/\\\/impactocastex.com.ar\\\/\",\"name\":\"Impacto Castex\",\"description\":\"\",\"publisher\":{\"@id\":\"https:\\\/\\\/impactocastex.com.ar\\\/#organization\"},\"potentialAction\":[{\"@type\":\"SearchAction\",\"target\":{\"@type\":\"EntryPoint\",\"urlTemplate\":\"https:\\\/\\\/impactocastex.com.ar\\\/?s={search_term_string}\"},\"query-input\":{\"@type\":\"PropertyValueSpecification\",\"valueRequired\":true,\"valueName\":\"search_term_string\"}}],\"inLanguage\":\"es\"},{\"@type\":\"Organization\",\"@id\":\"https:\\\/\\\/impactocastex.com.ar\\\/#organization\",\"name\":\"Impacto Castex\",\"url\":\"https:\\\/\\\/impactocastex.com.ar\\\/\",\"logo\":{\"@type\":\"ImageObject\",\"inLanguage\":\"es\",\"@id\":\"https:\\\/\\\/impactocastex.com.ar\\\/#\\\/schema\\\/logo\\\/image\\\/\",\"url\":\"https:\\\/\\\/impactocastex.com.ar\\\/wp-content\\\/uploads\\\/2025\\\/09\\\/cropped-icoweb.png\",\"contentUrl\":\"https:\\\/\\\/impactocastex.com.ar\\\/wp-content\\\/uploads\\\/2025\\\/09\\\/cropped-icoweb.png\",\"width\":512,\"height\":512,\"caption\":\"Impacto Castex\"},\"image\":{\"@id\":\"https:\\\/\\\/impactocastex.com.ar\\\/#\\\/schema\\\/logo\\\/image\\\/\"},\"sameAs\":[\"https:\\\/\\\/www.facebook.com\\\/impactocastexdiario\",\"https:\\\/\\\/www.instagram.com\\\/impactocastex.com.ar\\\/\"]},{\"@type\":\"Person\",\"@id\":\"https:\\\/\\\/impactocastex.com.ar\\\/#\\\/schema\\\/person\\\/c115028fb60f9bf49ce7550894b84ea7\",\"name\":\"impactocastex\",\"image\":{\"@type\":\"ImageObject\",\"inLanguage\":\"es\",\"@id\":\"https:\\\/\\\/secure.gravatar.com\\\/avatar\\\/fee87e7af008f02e9becdc0b5a9fd4a2e79b3918a571edeacb62211704637833?s=96&d=mm&r=g\",\"url\":\"https:\\\/\\\/secure.gravatar.com\\\/avatar\\\/fee87e7af008f02e9becdc0b5a9fd4a2e79b3918a571edeacb62211704637833?s=96&d=mm&r=g\",\"contentUrl\":\"https:\\\/\\\/secure.gravatar.com\\\/avatar\\\/fee87e7af008f02e9becdc0b5a9fd4a2e79b3918a571edeacb62211704637833?s=96&d=mm&r=g\",\"caption\":\"impactocastex\"},\"sameAs\":[\"https:\\\/\\\/impactocastex.com.ar\\\/\"],\"url\":\"https:\\\/\\\/impactocastex.com.ar\\\/?author=2\"}]}<\/script>\n<!-- \/ Yoast SEO plugin. -->","yoast_head_json":{"title":"Marcha por el bono: advierten situaci\u00f3n \"muy cr\u00edtica\" y reclaman suma compensadora -","robots":{"index":"index","follow":"follow","max-snippet":"max-snippet:-1","max-image-preview":"max-image-preview:large","max-video-preview":"max-video-preview:-1"},"canonical":"https:\/\/impactocastex.com.ar\/?p=8371","og_locale":"es_ES","og_type":"article","og_title":"Marcha por el bono: advierten situaci\u00f3n \"muy cr\u00edtica\" y reclaman suma compensadora -","og_description":"\u00abNecesitamos m\u00e1s que nunca una respuesta m\u00e1s que positiva\u00a0con respecto a esta suma compensadora para...","og_url":"https:\/\/impactocastex.com.ar\/?p=8371","article_publisher":"https:\/\/www.facebook.com\/impactocastexdiario","article_published_time":"2026-01-13T14:22:28+00:00","article_modified_time":"2026-01-13T14:22:29+00:00","og_image":[{"width":1200,"height":631,"url":"https:\/\/impactocastex.com.ar\/wp-content\/uploads\/2026\/01\/2132582.jpg","type":"image\/jpeg"}],"author":"impactocastex","twitter_card":"summary_large_image","twitter_misc":{"Escrito por":"impactocastex","Tiempo de lectura":"5 minutos"},"schema":{"@context":"https:\/\/schema.org","@graph":[{"@type":"Article","@id":"https:\/\/impactocastex.com.ar\/?p=8371#article","isPartOf":{"@id":"https:\/\/impactocastex.com.ar\/?p=8371"},"author":{"name":"impactocastex","@id":"https:\/\/impactocastex.com.ar\/#\/schema\/person\/c115028fb60f9bf49ce7550894b84ea7"},"headline":"Marcha por el bono: advierten situaci\u00f3n \u00abmuy cr\u00edtica\u00bb y reclaman suma compensadora","datePublished":"2026-01-13T14:22:28+00:00","dateModified":"2026-01-13T14:22:29+00:00","mainEntityOfPage":{"@id":"https:\/\/impactocastex.com.ar\/?p=8371"},"wordCount":1104,"publisher":{"@id":"https:\/\/impactocastex.com.ar\/#organization"},"image":{"@id":"https:\/\/impactocastex.com.ar\/?p=8371#primaryimage"},"thumbnailUrl":"https:\/\/impactocastex.com.ar\/wp-content\/uploads\/2026\/01\/2132582.jpg","articleSection":["LA PAMPA","POLICIALES"],"inLanguage":"es"},{"@type":"WebPage","@id":"https:\/\/impactocastex.com.ar\/?p=8371","url":"https:\/\/impactocastex.com.ar\/?p=8371","name":"Marcha por el bono: advierten situaci\u00f3n \"muy cr\u00edtica\" y reclaman suma compensadora -","isPartOf":{"@id":"https:\/\/impactocastex.com.ar\/#website"},"primaryImageOfPage":{"@id":"https:\/\/impactocastex.com.ar\/?p=8371#primaryimage"},"image":{"@id":"https:\/\/impactocastex.com.ar\/?p=8371#primaryimage"},"thumbnailUrl":"https:\/\/impactocastex.com.ar\/wp-content\/uploads\/2026\/01\/2132582.jpg","datePublished":"2026-01-13T14:22:28+00:00","dateModified":"2026-01-13T14:22:29+00:00","breadcrumb":{"@id":"https:\/\/impactocastex.com.ar\/?p=8371#breadcrumb"},"inLanguage":"es","potentialAction":[{"@type":"ReadAction","target":["https:\/\/impactocastex.com.ar\/?p=8371"]}]},{"@type":"ImageObject","inLanguage":"es","@id":"https:\/\/impactocastex.com.ar\/?p=8371#primaryimage","url":"https:\/\/impactocastex.com.ar\/wp-content\/uploads\/2026\/01\/2132582.jpg","contentUrl":"https:\/\/impactocastex.com.ar\/wp-content\/uploads\/2026\/01\/2132582.jpg","width":1200,"height":631},{"@type":"BreadcrumbList","@id":"https:\/\/impactocastex.com.ar\/?p=8371#breadcrumb","itemListElement":[{"@type":"ListItem","position":1,"name":"Portada","item":"https:\/\/impactocastex.com.ar\/"},{"@type":"ListItem","position":2,"name":"Marcha por el bono: advierten situaci\u00f3n &#8220;muy cr\u00edtica&#8221; y reclaman suma compensadora"}]},{"@type":"WebSite","@id":"https:\/\/impactocastex.com.ar\/#website","url":"https:\/\/impactocastex.com.ar\/","name":"Impacto Castex","description":"","publisher":{"@id":"https:\/\/impactocastex.com.ar\/#organization"},"potentialAction":[{"@type":"SearchAction","target":{"@type":"EntryPoint","urlTemplate":"https:\/\/impactocastex.com.ar\/?s={search_term_string}"},"query-input":{"@type":"PropertyValueSpecification","valueRequired":true,"valueName":"search_term_string"}}],"inLanguage":"es"},{"@type":"Organization","@id":"https:\/\/impactocastex.com.ar\/#organization","name":"Impacto Castex","url":"https:\/\/impactocastex.com.ar\/","logo":{"@type":"ImageObject","inLanguage":"es","@id":"https:\/\/impactocastex.com.ar\/#\/schema\/logo\/image\/","url":"https:\/\/impactocastex.com.ar\/wp-content\/uploads\/2025\/09\/cropped-icoweb.png","contentUrl":"https:\/\/impactocastex.com.ar\/wp-content\/uploads\/2025\/09\/cropped-icoweb.png","width":512,"height":512,"caption":"Impacto Castex"},"image":{"@id":"https:\/\/impactocastex.com.ar\/#\/schema\/logo\/image\/"},"sameAs":["https:\/\/www.facebook.com\/impactocastexdiario","https:\/\/www.instagram.com\/impactocastex.com.ar\/"]},{"@type":"Person","@id":"https:\/\/impactocastex.com.ar\/#\/schema\/person\/c115028fb60f9bf49ce7550894b84ea7","name":"impactocastex","image":{"@type":"ImageObject","inLanguage":"es","@id":"https:\/\/secure.gravatar.com\/avatar\/fee87e7af008f02e9becdc0b5a9fd4a2e79b3918a571edeacb62211704637833?s=96&d=mm&r=g","url":"https:\/\/secure.gravatar.com\/avatar\/fee87e7af008f02e9becdc0b5a9fd4a2e79b3918a571edeacb62211704637833?s=96&d=mm&r=g","contentUrl":"https:\/\/secure.gravatar.com\/avatar\/fee87e7af008f02e9becdc0b5a9fd4a2e79b3918a571edeacb62211704637833?s=96&d=mm&r=g","caption":"impactocastex"},"sameAs":["https:\/\/impactocastex.com.ar\/"],"url":"https:\/\/impactocastex.com.ar\/?author=2"}]}},"jetpack_publicize_connections":[],"featured_image_urls":{"full":["https:\/\/impactocastex.com.ar\/wp-content\/uploads\/2026\/01\/2132582.jpg",1200,631,false],"thumbnail":["https:\/\/impactocastex.com.ar\/wp-content\/uploads\/2026\/01\/2132582-150x150.jpg",150,150,true],"medium":["https:\/\/impactocastex.com.ar\/wp-content\/uploads\/2026\/01\/2132582-300x158.jpg",300,158,true],"medium_large":["https:\/\/impactocastex.com.ar\/wp-content\/uploads\/2026\/01\/2132582-768x404.jpg",640,337,true],"large":["https:\/\/impactocastex.com.ar\/wp-content\/uploads\/2026\/01\/2132582-1024x538.jpg",640,336,true],"1536x1536":["https:\/\/impactocastex.com.ar\/wp-content\/uploads\/2026\/01\/2132582.jpg",1200,631,false],"2048x2048":["https:\/\/impactocastex.com.ar\/wp-content\/uploads\/2026\/01\/2132582.jpg",1200,631,false],"newsever-slider-full":["https:\/\/impactocastex.com.ar\/wp-content\/uploads\/2026\/01\/2132582.jpg",1200,631,false],"newsever-featured":["https:\/\/impactocastex.com.ar\/wp-content\/uploads\/2026\/01\/2132582-1024x538.jpg",1024,538,true],"newsever-medium":["https:\/\/impactocastex.com.ar\/wp-content\/uploads\/2026\/01\/2132582-720x475.jpg",720,475,true]},"author_info":{"info":["impactocastex"]},"category_info":"<a href=\"https:\/\/impactocastex.com.ar\/?cat=83\" rel=\"category\">LA PAMPA<\/a> <a href=\"https:\/\/impactocastex.com.ar\/?cat=85\" rel=\"category\">POLICIALES<\/a>","tag_info":"POLICIALES","comment_count":0,"jetpack_featured_media_url":"https:\/\/impactocastex.com.ar\/wp-content\/uploads\/2026\/01\/2132582.jpg","jetpack_sharing_enabled":true,"jetpack_likes_enabled":true,"jetpack_shortlink":"https:\/\/wp.me\/p7sopA-2b1","_links":{"self":[{"href":"https:\/\/impactocastex.com.ar\/index.php?rest_route=\/wp\/v2\/posts\/8371","targetHints":{"allow":["GET"]}}],"collection":[{"href":"https:\/\/impactocastex.com.ar\/index.php?rest_route=\/wp\/v2\/posts"}],"about":[{"href":"https:\/\/impactocastex.com.ar\/index.php?rest_route=\/wp\/v2\/types\/post"}],"author":[{"embeddable":true,"href":"https:\/\/impactocastex.com.ar\/index.php?rest_route=\/wp\/v2\/users\/2"}],"replies":[{"embeddable":true,"href":"https:\/\/impactocastex.com.ar\/index.php?rest_route=%2Fwp%2Fv2%2Fcomments&post=8371"}],"version-history":[{"count":1,"href":"https:\/\/impactocastex.com.ar\/index.php?rest_route=\/wp\/v2\/posts\/8371\/revisions"}],"predecessor-version":[{"id":8373,"href":"https:\/\/impactocastex.com.ar\/index.php?rest_route=\/wp\/v2\/posts\/8371\/revisions\/8373"}],"wp:featuredmedia":[{"embeddable":true,"href":"https:\/\/impactocastex.com.ar\/index.php?rest_route=\/wp\/v2\/media\/8372"}],"wp:attachment":[{"href":"https:\/\/impactocastex.com.ar\/index.php?rest_route=%2Fwp%2Fv2%2Fmedia&parent=8371"}],"wp:term":[{"taxonomy":"category","embeddable":true,"href":"https:\/\/impactocastex.com.ar\/index.php?rest_route=%2Fwp%2Fv2%2Fcategories&post=8371"},{"taxonomy":"post_tag","embeddable":true,"href":"https:\/\/impactocastex.com.ar\/index.php?rest_route=%2Fwp%2Fv2%2Ftags&post=8371"}],"curies":[{"name":"wp","href":"https:\/\/api.w.org\/{rel}","templated":true}]}}