{"id":8339,"date":"2026-01-13T03:38:59","date_gmt":"2026-01-13T06:38:59","guid":{"rendered":"https:\/\/impactocastex.com.ar\/?p=8339"},"modified":"2026-01-13T03:38:59","modified_gmt":"2026-01-13T06:38:59","slug":"pese-a-sus-dichos-tapia-esta-imputado-en-una-causa-que-se-inicio-por-una-denuncia-de-arca","status":"publish","type":"post","link":"https:\/\/impactocastex.com.ar\/?p=8339","title":{"rendered":"Pese a sus dichos, Tapia est\u00e1 imputado en una causa que se inici\u00f3 por una denuncia de ARCA"},"content":{"rendered":"<p>Pese a que el presidente de la AFA, <b>Claudio Tapia<\/b>, le dijo a LA NACION en Mar del Plata que no est\u00e1 imputado en las investigaciones judiciales que se abrieron por el manejo irregular de fondos en la m\u00e1xima entidad del f\u00fatbol argentino, lo cierto es que el dirigente<b> ya afronta una imputaci\u00f3n<\/b> en una causa en el fuero penal econ\u00f3mico.<\/p>\n<p>Seg\u00fan public\u00f3 este medio el 26 de diciembre pasado, el fiscal en lo penal econ\u00f3mico <b>Claudio Roberto Navas Rial<\/b> imput\u00f3 a <b>Tapia<\/b>, a su mano derecha<b> Pablo Toviggino<\/b> y al resto de la c\u00fapula de la <b>Asociaci\u00f3n del F\u00fatbol Argentino <\/b>por<b> <\/b>la presunta <a href=\"https:\/\/www.lanacion.com.ar\/politica\/arca-denuncio-a-la-afa-de-tapia-por-apropiacion-indebida-de-tributos-nid12122025\/\" rel=\"\" title=\"https:\/\/www.lanacion.com.ar\/politica\/arca-denuncio-a-la-afa-de-tapia-por-apropiacion-indebida-de-tributos-nid12122025\/\">retenci\u00f3n indebida de tributos<\/a> por unos<b> $19.000 millones<\/b>.<\/p>\n<p>La imputaci\u00f3n advierte que, si bien la Agencia de Recaudaci\u00f3n y Control Aduanero (ARCA) hab\u00eda denunciado a Tapia \u201ccomo responsable de las maniobras descriptas\u201d en su car\u00e1cter de presidente de la AFA y \u201cadministrador de clave fiscal\u201d, la \u201cestructura societaria\u201d de la entidad exige <b>extender la investigaci\u00f3n<\/b> a \u201clos otros integrantes de la comisi\u00f3n directiva\u201d.<\/p>\n<p><b>\u201c\u00bfC\u00f3mo lo llevo? Tranquilo. No estoy imputado, nada\u00bb<\/b>, hab\u00eda afirmado este lunes por la tarde Tapia ante una pregunta de LA NACION en el Balneario 12 de Punta Mogotes, en Mar del Plata. Pero los dichos del presidente de la AFA no registraron que, en una causa espec\u00edfica, efectivamente se encuentra imputado.<\/p>\n<p><img loading=\"lazy\" decoding=\"async\" src=\"https:\/\/resizer.glanacion.com\/resizer\/v2\/GV2NXSM6AVBKXGIUUJXZ36GNUU.jpg?auth=816ce79e5a9dd568d2ec6367a53cfbf4952682d4be20189f063311eece6f4d50&amp;smart=true&amp;width=2000&amp;height=1333\" alt=\"Tapia en su carpa del Balneario 12, en Punta Mogotes\" height=\"1333\" width=\"2000\" \/><\/p>\n<p>El dictamen del fiscal nombra tambi\u00e9n a <b>Cristian Ariel Malaspina, Pablo Ariel Toviggino y Gustavo Roberto Lorenzo<\/b>, que integran la comisi\u00f3n directiva de la AFA. La denuncia hab\u00eda sido presentada por ARCA<b> <\/b>ante el Juzgado Penal Econ\u00f3mico N\u00b05, Secretar\u00eda N\u00b010, y qued\u00f3 formalmente incorporada a un expediente por la presunta infracci\u00f3n a la Ley 27.430, el R\u00e9gimen Penal Tributario.<\/p>\n<p>Tanto en la denuncia original como en su ampliaci\u00f3n se acus\u00f3 a la AFA de incurrir en la <b>retenci\u00f3n de tributos y contribuciones a la Seguridad Social que no fueron depositados dentro del plazo<\/b>, conducta que encuadra en los art\u00edculos 4\u00b0 y 7\u00b0 del R\u00e9gimen Penal Tributario (Ley 27.430). El documento asegura que la entidad actu\u00f3 como agente de retenci\u00f3n \u2014descontando impuestos y cargas sociales a terceros\u2014 y se financi\u00f3 con esos fondos.<\/p>\n<p>En una primera instancia, ARCA hab\u00eda informado un monto cercano a los <b>$7500 millones<\/b>, correspondiente a una parte de las retenciones y aportes detectados. Ahora, en el \u00faltimo texto, al que tuvo acceso <b>LA NACION<\/b>, el organismo indic\u00f3 que hubo retenciones y contribuciones no ingresadas en nuevos per\u00edodos que ascienden a <b>$11.759 millones<\/b>, al considerar un alcance temporal m\u00e1s amplio y nuevos conceptos tributarios y previsionales.<\/p>\n<p><img loading=\"lazy\" decoding=\"async\" src=\"https:\/\/resizer.glanacion.com\/resizer\/v2\/M3BD4GJPJ5A3DD6J2YJD2E2QKI.JPG?auth=e295c04ffa19a11c52443eb105681dd2d289e9a72792da33e8b4b1180b8431d9&amp;smart=true&amp;width=2000&amp;height=1333\" alt=\"La ARCA es la autora de la denuncia que deriv\u00f3 en una imputaci\u00f3n judicial contra Tapia\" height=\"1333\" width=\"2000\" \/><\/p>\n<p>As\u00ed, la ampliaci\u00f3n incorpor\u00f3 un <b>cuadro consolidado bajo el t\u00edtulo \u201cMonto total denunciado\u201d<\/b>, en el que la entidad al mando de Andr\u00e9s Edgardo V\u00e1zquez expone la <b>totalidad de la pretensi\u00f3n punitiva<\/b>, resultante de la suma de la denuncia original y la ampliaci\u00f3n<b>. De acuerdo con ese detalle, el monto global de la maniobra investigada asciende a $19.353.546.843,85,<\/b> correspondientes a retenciones de IVA, Impuesto a las Ganancias (en distintos reg\u00edmenes) y contribuciones no ingresadas entre <b>marzo de 2024 y septiembre de 2025.<\/b><\/p>\n<p>Para la Agencia de Recaudaci\u00f3n y Control Aduanero, como expone en la denuncia original,<b> existi\u00f3 dolo (intenci\u00f3n) <\/b>por parte de la AFA \u201cconoc\u00eda su calidad de agente de retenci\u00f3n de impuestos y de los recursos de la seguridad social (habiendo efectivamente practicado tales retenciones) y pod\u00eda cumplir con dichas obligaciones\u201d.<\/p>\n<p>Seg\u00fan informaron fuentes judiciales, ARCA encuadr\u00f3 la conducta en la Ley Penal Tributaria, que prev\u00e9 penas de <b>prisi\u00f3n de dos a seis a\u00f1os<\/b> para quien no deposite los tributos retenidos dentro de los diez d\u00edas h\u00e1biles. El organismo solicit\u00f3 al juzgado Penal Econ\u00f3mico de Diego Amarante, donde recay\u00f3 la causa, <b>que cite a declaraci\u00f3n indagatoria a Tapia y a los responsables del organismo<\/b> y condene a los autores \u201cal m\u00e1ximo de la pena en el ordenamiento legal vigente\u201d.<\/p>\n<h2>Otras causas<\/h2>\n<p>Esta es una de las tres causas abiertas que tiene a las autoridades de la AFA en la mira de la Justicia. Las otras est\u00e1n vinculadas a los negocios de<b> Sur Finanzas<\/b>, la financiera de Ariel Vallejo, cercano a Tapia, y la <b>quinta de lujo <\/b>de Pilar que estar\u00eda a nombre de dos presuntos testaferros de Toviggino.<\/p>\n<p><img loading=\"lazy\" decoding=\"async\" src=\"https:\/\/resizer.glanacion.com\/resizer\/v2\/AH62KTG3NRA3DIPRMZHWYLCZZE.jpg?auth=ac90f3caf486f2e991d5747e5cc45594c4a70cefc4302b147a3bed5dc2beb4f8&amp;smart=true&amp;width=2000&amp;height=1500\" alt=\"La quinta de Pilar que investiga la Justicia\" height=\"1500\" width=\"2000\" \/><\/p>\n<p>La causa de Sur Finanzas tramita en el juzgado de Luis Armella, en Lomas de Zamora, y cuenta con el impulso de la fiscal <b>Cecilia Incardona<\/b>. Investiga presuntas irregularidades en una red de movimientos financieros que une a la firma con la AFA y una gran cantidad de clubes de futbol. Se inici\u00f3 con una denuncia que se\u00f1alaba un pr\u00e9stamo al club Banfield, pero cobr\u00f3 otra fisonom\u00eda con una presentaci\u00f3n de la <b>Direcci\u00f3n General Impositiva<\/b> (DGI).<\/p>\n<p>Otra causa que avanz\u00f3 con allanamientos y medidas varias es la que investiga la fastuosa quinta en Pilar, que cuenta con<b> helipuerto<\/b> y un haras de caballos. En los papeles, es propiedad de un monotributista y una jubilada, pero la sospecha que funda el caso es que podr\u00eda pertenecer a los altos mandos de la AFA.<\/p>\n<p>La Justicia analiza si los due\u00f1os formales tanto de la quinta como de la colecci\u00f3n de autos &#8211;<b>Luciano Pantano y Ana Conte<\/b>-, son, en realidad, prestanombres que integran un esquema de lavado y encubrimiento.<\/p>\n<p>\u200bLa agencia gubernamental lo acus\u00f3, como cabeza de la AFA, de quedarse indebidamente con tributos; la Justicia investiga tambi\u00e9n al tesorero Toviggino y a la comisi\u00f3n directiva\u00a0\u00a0<\/p>","protected":false},"excerpt":{"rendered":"<p>Pese a que el presidente de la AFA, Claudio Tapia, le dijo a LA NACION&#8230;<\/p>\n","protected":false},"author":1,"featured_media":8340,"comment_status":"closed","ping_status":"closed","sticky":false,"template":"","format":"standard","meta":{"_jetpack_memberships_contains_paid_content":false,"footnotes":"","jetpack_publicize_message":"","jetpack_publicize_feature_enabled":true,"jetpack_social_post_already_shared":true,"jetpack_social_options":{"image_generator_settings":{"template":"highway","default_image_id":0,"font":"","enabled":false},"version":2}},"categories":[89],"tags":[],"class_list":["post-8339","post","type-post","status-publish","format-standard","has-post-thumbnail","hentry","category-nacionales"],"yoast_head":"<!-- This site is optimized with the Yoast SEO plugin v27.4 - https:\/\/yoast.com\/product\/yoast-seo-wordpress\/ -->\n<title>Pese a sus dichos, Tapia est\u00e1 imputado en una causa que se inici\u00f3 por una denuncia de ARCA -<\/title>\n<meta name=\"robots\" content=\"index, follow, max-snippet:-1, max-image-preview:large, max-video-preview:-1\" \/>\n<link rel=\"canonical\" href=\"https:\/\/impactocastex.com.ar\/?p=8339\" \/>\n<meta property=\"og:locale\" content=\"es_ES\" \/>\n<meta property=\"og:type\" content=\"article\" \/>\n<meta property=\"og:title\" content=\"Pese a sus dichos, Tapia est\u00e1 imputado en una causa que se inici\u00f3 por una denuncia de ARCA -\" \/>\n<meta property=\"og:description\" content=\"Pese a que el presidente de la AFA, Claudio Tapia, le dijo a LA NACION...\" \/>\n<meta property=\"og:url\" content=\"https:\/\/impactocastex.com.ar\/?p=8339\" \/>\n<meta property=\"article:publisher\" content=\"https:\/\/www.facebook.com\/impactocastexdiario\" \/>\n<meta property=\"article:published_time\" content=\"2026-01-13T06:38:59+00:00\" \/>\n<meta property=\"og:image\" content=\"https:\/\/resizer.glanacion.com\/resizer\/v2\/GV2NXSM6AVBKXGIUUJXZ36GNUU.jpg?auth=816ce79e5a9dd568d2ec6367a53cfbf4952682d4be20189f063311eece6f4d50&amp;smart=true&amp;width=2000&amp;height=1333\" \/>\n<meta name=\"author\" content=\"impactocastex\" \/>\n<meta name=\"twitter:card\" content=\"summary_large_image\" \/>\n<meta name=\"twitter:label1\" content=\"Escrito por\" \/>\n\t<meta name=\"twitter:data1\" content=\"impactocastex\" \/>\n\t<meta name=\"twitter:label2\" content=\"Tiempo de lectura\" \/>\n\t<meta name=\"twitter:data2\" content=\"5 minutos\" \/>\n<script type=\"application\/ld+json\" class=\"yoast-schema-graph\">{\"@context\":\"https:\\\/\\\/schema.org\",\"@graph\":[{\"@type\":\"Article\",\"@id\":\"https:\\\/\\\/impactocastex.com.ar\\\/?p=8339#article\",\"isPartOf\":{\"@id\":\"https:\\\/\\\/impactocastex.com.ar\\\/?p=8339\"},\"author\":{\"name\":\"impactocastex\",\"@id\":\"https:\\\/\\\/impactocastex.com.ar\\\/#\\\/schema\\\/person\\\/86cb4f827fb5f87869a239b98a69c6e3\"},\"headline\":\"Pese a sus dichos, Tapia est\u00e1 imputado en una causa que se inici\u00f3 por una denuncia de ARCA\",\"datePublished\":\"2026-01-13T06:38:59+00:00\",\"mainEntityOfPage\":{\"@id\":\"https:\\\/\\\/impactocastex.com.ar\\\/?p=8339\"},\"wordCount\":950,\"publisher\":{\"@id\":\"https:\\\/\\\/impactocastex.com.ar\\\/#organization\"},\"image\":{\"@id\":\"https:\\\/\\\/impactocastex.com.ar\\\/?p=8339#primaryimage\"},\"thumbnailUrl\":\"https:\\\/\\\/impactocastex.com.ar\\\/wp-content\\\/uploads\\\/2026\\\/01\\\/CPRNUKOBDRCRJHZSYEJGK636QQ-ey68WQ.jpg\",\"articleSection\":[\"NACIONALES\"],\"inLanguage\":\"es\"},{\"@type\":\"WebPage\",\"@id\":\"https:\\\/\\\/impactocastex.com.ar\\\/?p=8339\",\"url\":\"https:\\\/\\\/impactocastex.com.ar\\\/?p=8339\",\"name\":\"Pese a sus dichos, Tapia est\u00e1 imputado en una causa que se inici\u00f3 por una denuncia de ARCA -\",\"isPartOf\":{\"@id\":\"https:\\\/\\\/impactocastex.com.ar\\\/#website\"},\"primaryImageOfPage\":{\"@id\":\"https:\\\/\\\/impactocastex.com.ar\\\/?p=8339#primaryimage\"},\"image\":{\"@id\":\"https:\\\/\\\/impactocastex.com.ar\\\/?p=8339#primaryimage\"},\"thumbnailUrl\":\"https:\\\/\\\/impactocastex.com.ar\\\/wp-content\\\/uploads\\\/2026\\\/01\\\/CPRNUKOBDRCRJHZSYEJGK636QQ-ey68WQ.jpg\",\"datePublished\":\"2026-01-13T06:38:59+00:00\",\"breadcrumb\":{\"@id\":\"https:\\\/\\\/impactocastex.com.ar\\\/?p=8339#breadcrumb\"},\"inLanguage\":\"es\",\"potentialAction\":[{\"@type\":\"ReadAction\",\"target\":[\"https:\\\/\\\/impactocastex.com.ar\\\/?p=8339\"]}]},{\"@type\":\"ImageObject\",\"inLanguage\":\"es\",\"@id\":\"https:\\\/\\\/impactocastex.com.ar\\\/?p=8339#primaryimage\",\"url\":\"https:\\\/\\\/impactocastex.com.ar\\\/wp-content\\\/uploads\\\/2026\\\/01\\\/CPRNUKOBDRCRJHZSYEJGK636QQ-ey68WQ.jpg\",\"contentUrl\":\"https:\\\/\\\/impactocastex.com.ar\\\/wp-content\\\/uploads\\\/2026\\\/01\\\/CPRNUKOBDRCRJHZSYEJGK636QQ-ey68WQ.jpg\",\"width\":2000,\"height\":1333},{\"@type\":\"BreadcrumbList\",\"@id\":\"https:\\\/\\\/impactocastex.com.ar\\\/?p=8339#breadcrumb\",\"itemListElement\":[{\"@type\":\"ListItem\",\"position\":1,\"name\":\"Portada\",\"item\":\"https:\\\/\\\/impactocastex.com.ar\\\/\"},{\"@type\":\"ListItem\",\"position\":2,\"name\":\"Pese a sus dichos, Tapia est\u00e1 imputado en una causa que se inici\u00f3 por una denuncia de ARCA\"}]},{\"@type\":\"WebSite\",\"@id\":\"https:\\\/\\\/impactocastex.com.ar\\\/#website\",\"url\":\"https:\\\/\\\/impactocastex.com.ar\\\/\",\"name\":\"Impacto Castex\",\"description\":\"\",\"publisher\":{\"@id\":\"https:\\\/\\\/impactocastex.com.ar\\\/#organization\"},\"potentialAction\":[{\"@type\":\"SearchAction\",\"target\":{\"@type\":\"EntryPoint\",\"urlTemplate\":\"https:\\\/\\\/impactocastex.com.ar\\\/?s={search_term_string}\"},\"query-input\":{\"@type\":\"PropertyValueSpecification\",\"valueRequired\":true,\"valueName\":\"search_term_string\"}}],\"inLanguage\":\"es\"},{\"@type\":\"Organization\",\"@id\":\"https:\\\/\\\/impactocastex.com.ar\\\/#organization\",\"name\":\"Impacto Castex\",\"url\":\"https:\\\/\\\/impactocastex.com.ar\\\/\",\"logo\":{\"@type\":\"ImageObject\",\"inLanguage\":\"es\",\"@id\":\"https:\\\/\\\/impactocastex.com.ar\\\/#\\\/schema\\\/logo\\\/image\\\/\",\"url\":\"https:\\\/\\\/impactocastex.com.ar\\\/wp-content\\\/uploads\\\/2025\\\/09\\\/cropped-icoweb.png\",\"contentUrl\":\"https:\\\/\\\/impactocastex.com.ar\\\/wp-content\\\/uploads\\\/2025\\\/09\\\/cropped-icoweb.png\",\"width\":512,\"height\":512,\"caption\":\"Impacto Castex\"},\"image\":{\"@id\":\"https:\\\/\\\/impactocastex.com.ar\\\/#\\\/schema\\\/logo\\\/image\\\/\"},\"sameAs\":[\"https:\\\/\\\/www.facebook.com\\\/impactocastexdiario\",\"https:\\\/\\\/www.instagram.com\\\/impactocastex.com.ar\\\/\"]},{\"@type\":\"Person\",\"@id\":\"https:\\\/\\\/impactocastex.com.ar\\\/#\\\/schema\\\/person\\\/86cb4f827fb5f87869a239b98a69c6e3\",\"name\":\"impactocastex\",\"image\":{\"@type\":\"ImageObject\",\"inLanguage\":\"es\",\"@id\":\"https:\\\/\\\/secure.gravatar.com\\\/avatar\\\/9a87ee051ca8c77f5d4070843ce2c78cdf95b858b950fb039151de955122f5f5?s=96&d=mm&r=g\",\"url\":\"https:\\\/\\\/secure.gravatar.com\\\/avatar\\\/9a87ee051ca8c77f5d4070843ce2c78cdf95b858b950fb039151de955122f5f5?s=96&d=mm&r=g\",\"contentUrl\":\"https:\\\/\\\/secure.gravatar.com\\\/avatar\\\/9a87ee051ca8c77f5d4070843ce2c78cdf95b858b950fb039151de955122f5f5?s=96&d=mm&r=g\",\"caption\":\"impactocastex\"},\"sameAs\":[\"https:\\\/\\\/impactocastex.com.ar\"],\"url\":\"https:\\\/\\\/impactocastex.com.ar\\\/?author=1\"}]}<\/script>\n<!-- \/ Yoast SEO plugin. -->","yoast_head_json":{"title":"Pese a sus dichos, Tapia est\u00e1 imputado en una causa que se inici\u00f3 por una denuncia de ARCA -","robots":{"index":"index","follow":"follow","max-snippet":"max-snippet:-1","max-image-preview":"max-image-preview:large","max-video-preview":"max-video-preview:-1"},"canonical":"https:\/\/impactocastex.com.ar\/?p=8339","og_locale":"es_ES","og_type":"article","og_title":"Pese a sus dichos, Tapia est\u00e1 imputado en una causa que se inici\u00f3 por una denuncia de ARCA -","og_description":"Pese a que el presidente de la AFA, Claudio Tapia, le dijo a LA NACION...","og_url":"https:\/\/impactocastex.com.ar\/?p=8339","article_publisher":"https:\/\/www.facebook.com\/impactocastexdiario","article_published_time":"2026-01-13T06:38:59+00:00","og_image":[{"url":"https:\/\/resizer.glanacion.com\/resizer\/v2\/GV2NXSM6AVBKXGIUUJXZ36GNUU.jpg?auth=816ce79e5a9dd568d2ec6367a53cfbf4952682d4be20189f063311eece6f4d50&amp;smart=true&amp;width=2000&amp;height=1333","type":"","width":"","height":""}],"author":"impactocastex","twitter_card":"summary_large_image","twitter_misc":{"Escrito por":"impactocastex","Tiempo de lectura":"5 minutos"},"schema":{"@context":"https:\/\/schema.org","@graph":[{"@type":"Article","@id":"https:\/\/impactocastex.com.ar\/?p=8339#article","isPartOf":{"@id":"https:\/\/impactocastex.com.ar\/?p=8339"},"author":{"name":"impactocastex","@id":"https:\/\/impactocastex.com.ar\/#\/schema\/person\/86cb4f827fb5f87869a239b98a69c6e3"},"headline":"Pese a sus dichos, Tapia est\u00e1 imputado en una causa que se inici\u00f3 por una denuncia de ARCA","datePublished":"2026-01-13T06:38:59+00:00","mainEntityOfPage":{"@id":"https:\/\/impactocastex.com.ar\/?p=8339"},"wordCount":950,"publisher":{"@id":"https:\/\/impactocastex.com.ar\/#organization"},"image":{"@id":"https:\/\/impactocastex.com.ar\/?p=8339#primaryimage"},"thumbnailUrl":"https:\/\/impactocastex.com.ar\/wp-content\/uploads\/2026\/01\/CPRNUKOBDRCRJHZSYEJGK636QQ-ey68WQ.jpg","articleSection":["NACIONALES"],"inLanguage":"es"},{"@type":"WebPage","@id":"https:\/\/impactocastex.com.ar\/?p=8339","url":"https:\/\/impactocastex.com.ar\/?p=8339","name":"Pese a sus dichos, Tapia est\u00e1 imputado en una causa que se inici\u00f3 por una denuncia de ARCA -","isPartOf":{"@id":"https:\/\/impactocastex.com.ar\/#website"},"primaryImageOfPage":{"@id":"https:\/\/impactocastex.com.ar\/?p=8339#primaryimage"},"image":{"@id":"https:\/\/impactocastex.com.ar\/?p=8339#primaryimage"},"thumbnailUrl":"https:\/\/impactocastex.com.ar\/wp-content\/uploads\/2026\/01\/CPRNUKOBDRCRJHZSYEJGK636QQ-ey68WQ.jpg","datePublished":"2026-01-13T06:38:59+00:00","breadcrumb":{"@id":"https:\/\/impactocastex.com.ar\/?p=8339#breadcrumb"},"inLanguage":"es","potentialAction":[{"@type":"ReadAction","target":["https:\/\/impactocastex.com.ar\/?p=8339"]}]},{"@type":"ImageObject","inLanguage":"es","@id":"https:\/\/impactocastex.com.ar\/?p=8339#primaryimage","url":"https:\/\/impactocastex.com.ar\/wp-content\/uploads\/2026\/01\/CPRNUKOBDRCRJHZSYEJGK636QQ-ey68WQ.jpg","contentUrl":"https:\/\/impactocastex.com.ar\/wp-content\/uploads\/2026\/01\/CPRNUKOBDRCRJHZSYEJGK636QQ-ey68WQ.jpg","width":2000,"height":1333},{"@type":"BreadcrumbList","@id":"https:\/\/impactocastex.com.ar\/?p=8339#breadcrumb","itemListElement":[{"@type":"ListItem","position":1,"name":"Portada","item":"https:\/\/impactocastex.com.ar\/"},{"@type":"ListItem","position":2,"name":"Pese a sus dichos, Tapia est\u00e1 imputado en una causa que se inici\u00f3 por una denuncia de ARCA"}]},{"@type":"WebSite","@id":"https:\/\/impactocastex.com.ar\/#website","url":"https:\/\/impactocastex.com.ar\/","name":"Impacto Castex","description":"","publisher":{"@id":"https:\/\/impactocastex.com.ar\/#organization"},"potentialAction":[{"@type":"SearchAction","target":{"@type":"EntryPoint","urlTemplate":"https:\/\/impactocastex.com.ar\/?s={search_term_string}"},"query-input":{"@type":"PropertyValueSpecification","valueRequired":true,"valueName":"search_term_string"}}],"inLanguage":"es"},{"@type":"Organization","@id":"https:\/\/impactocastex.com.ar\/#organization","name":"Impacto Castex","url":"https:\/\/impactocastex.com.ar\/","logo":{"@type":"ImageObject","inLanguage":"es","@id":"https:\/\/impactocastex.com.ar\/#\/schema\/logo\/image\/","url":"https:\/\/impactocastex.com.ar\/wp-content\/uploads\/2025\/09\/cropped-icoweb.png","contentUrl":"https:\/\/impactocastex.com.ar\/wp-content\/uploads\/2025\/09\/cropped-icoweb.png","width":512,"height":512,"caption":"Impacto Castex"},"image":{"@id":"https:\/\/impactocastex.com.ar\/#\/schema\/logo\/image\/"},"sameAs":["https:\/\/www.facebook.com\/impactocastexdiario","https:\/\/www.instagram.com\/impactocastex.com.ar\/"]},{"@type":"Person","@id":"https:\/\/impactocastex.com.ar\/#\/schema\/person\/86cb4f827fb5f87869a239b98a69c6e3","name":"impactocastex","image":{"@type":"ImageObject","inLanguage":"es","@id":"https:\/\/secure.gravatar.com\/avatar\/9a87ee051ca8c77f5d4070843ce2c78cdf95b858b950fb039151de955122f5f5?s=96&d=mm&r=g","url":"https:\/\/secure.gravatar.com\/avatar\/9a87ee051ca8c77f5d4070843ce2c78cdf95b858b950fb039151de955122f5f5?s=96&d=mm&r=g","contentUrl":"https:\/\/secure.gravatar.com\/avatar\/9a87ee051ca8c77f5d4070843ce2c78cdf95b858b950fb039151de955122f5f5?s=96&d=mm&r=g","caption":"impactocastex"},"sameAs":["https:\/\/impactocastex.com.ar"],"url":"https:\/\/impactocastex.com.ar\/?author=1"}]}},"jetpack_publicize_connections":[],"featured_image_urls":{"full":["https:\/\/impactocastex.com.ar\/wp-content\/uploads\/2026\/01\/CPRNUKOBDRCRJHZSYEJGK636QQ-ey68WQ.jpg",2000,1333,false],"thumbnail":["https:\/\/impactocastex.com.ar\/wp-content\/uploads\/2026\/01\/CPRNUKOBDRCRJHZSYEJGK636QQ-ey68WQ-150x150.jpg",150,150,true],"medium":["https:\/\/impactocastex.com.ar\/wp-content\/uploads\/2026\/01\/CPRNUKOBDRCRJHZSYEJGK636QQ-ey68WQ-300x200.jpg",300,200,true],"medium_large":["https:\/\/impactocastex.com.ar\/wp-content\/uploads\/2026\/01\/CPRNUKOBDRCRJHZSYEJGK636QQ-ey68WQ-768x512.jpg",640,427,true],"large":["https:\/\/impactocastex.com.ar\/wp-content\/uploads\/2026\/01\/CPRNUKOBDRCRJHZSYEJGK636QQ-ey68WQ-1024x682.jpg",640,426,true],"1536x1536":["https:\/\/impactocastex.com.ar\/wp-content\/uploads\/2026\/01\/CPRNUKOBDRCRJHZSYEJGK636QQ-ey68WQ-1536x1024.jpg",1536,1024,true],"2048x2048":["https:\/\/impactocastex.com.ar\/wp-content\/uploads\/2026\/01\/CPRNUKOBDRCRJHZSYEJGK636QQ-ey68WQ.jpg",2000,1333,false],"newsever-slider-full":["https:\/\/impactocastex.com.ar\/wp-content\/uploads\/2026\/01\/CPRNUKOBDRCRJHZSYEJGK636QQ-ey68WQ-1280x845.jpg",1280,845,true],"newsever-featured":["https:\/\/impactocastex.com.ar\/wp-content\/uploads\/2026\/01\/CPRNUKOBDRCRJHZSYEJGK636QQ-ey68WQ-1024x682.jpg",1024,682,true],"newsever-medium":["https:\/\/impactocastex.com.ar\/wp-content\/uploads\/2026\/01\/CPRNUKOBDRCRJHZSYEJGK636QQ-ey68WQ-720x475.jpg",720,475,true]},"author_info":{"info":["impactocastex"]},"category_info":"<a href=\"https:\/\/impactocastex.com.ar\/?cat=89\" rel=\"category\">NACIONALES<\/a>","tag_info":"NACIONALES","comment_count":0,"jetpack_featured_media_url":"https:\/\/impactocastex.com.ar\/wp-content\/uploads\/2026\/01\/CPRNUKOBDRCRJHZSYEJGK636QQ-ey68WQ.jpg","jetpack_sharing_enabled":true,"jetpack_likes_enabled":true,"jetpack_shortlink":"https:\/\/wp.me\/p7sopA-2av","_links":{"self":[{"href":"https:\/\/impactocastex.com.ar\/index.php?rest_route=\/wp\/v2\/posts\/8339","targetHints":{"allow":["GET"]}}],"collection":[{"href":"https:\/\/impactocastex.com.ar\/index.php?rest_route=\/wp\/v2\/posts"}],"about":[{"href":"https:\/\/impactocastex.com.ar\/index.php?rest_route=\/wp\/v2\/types\/post"}],"author":[{"embeddable":true,"href":"https:\/\/impactocastex.com.ar\/index.php?rest_route=\/wp\/v2\/users\/1"}],"replies":[{"embeddable":true,"href":"https:\/\/impactocastex.com.ar\/index.php?rest_route=%2Fwp%2Fv2%2Fcomments&post=8339"}],"version-history":[{"count":0,"href":"https:\/\/impactocastex.com.ar\/index.php?rest_route=\/wp\/v2\/posts\/8339\/revisions"}],"wp:featuredmedia":[{"embeddable":true,"href":"https:\/\/impactocastex.com.ar\/index.php?rest_route=\/wp\/v2\/media\/8340"}],"wp:attachment":[{"href":"https:\/\/impactocastex.com.ar\/index.php?rest_route=%2Fwp%2Fv2%2Fmedia&parent=8339"}],"wp:term":[{"taxonomy":"category","embeddable":true,"href":"https:\/\/impactocastex.com.ar\/index.php?rest_route=%2Fwp%2Fv2%2Fcategories&post=8339"},{"taxonomy":"post_tag","embeddable":true,"href":"https:\/\/impactocastex.com.ar\/index.php?rest_route=%2Fwp%2Fv2%2Ftags&post=8339"}],"curies":[{"name":"wp","href":"https:\/\/api.w.org\/{rel}","templated":true}]}}