{"id":7934,"date":"2026-01-08T11:09:07","date_gmt":"2026-01-08T14:09:07","guid":{"rendered":"https:\/\/impactocastex.com.ar\/?p=7934"},"modified":"2026-01-08T11:09:10","modified_gmt":"2026-01-08T14:09:10","slug":"una-abuela-reclama-en-la-direccion-de-ninez-la-tenencia-de-su-pequena-nieta","status":"publish","type":"post","link":"https:\/\/impactocastex.com.ar\/?p=7934","title":{"rendered":"Una abuela reclama en la Direcci\u00f3n de Ni\u00f1ez la tenencia de su peque\u00f1a nieta"},"content":{"rendered":"\n<p>\u00abMe devolvieron a tres nietos, pero a la m\u00e1s chiquita la quieren dar en adopci\u00f3n\u00bb, se quej\u00f3 Claudia Rivas, quien realiza una manifestaci\u00f3n frente al organismo provincial.<\/p>\n\n\n\n<figure class=\"wp-block-embed is-type-video is-provider-youtube wp-block-embed-youtube wp-embed-aspect-16-9 wp-has-aspect-ratio\"><div class=\"wp-block-embed__wrapper\">\n<iframe loading=\"lazy\" title=\"Una abuela reclama en la Direcci\u00f3n de Ni\u00f1ez la tenencia de su peque\u00f1a nieta\" width=\"640\" height=\"360\" src=\"https:\/\/www.youtube.com\/embed\/V_5zwkCI-ZQ?feature=oembed\" frameborder=\"0\" allow=\"accelerometer; autoplay; clipboard-write; encrypted-media; gyroscope; picture-in-picture; web-share\" referrerpolicy=\"strict-origin-when-cross-origin\" allowfullscreen><\/iframe>\n<\/div><\/figure>\n\n\n\n<p>Claudia Rivas atraviesa un calvario burocr\u00e1tico y humano que no encuentra explicaci\u00f3n l\u00f3gica. Tras el fallecimiento de su hija, Dalma Mu\u00f1oz, Claudia asumi\u00f3 el cuidado de sus nietos. Actualmente, tiene a su cargo a los tres mayores (de 12, 11 y 6 a\u00f1os), con quienes cumple estrictamente todos los controles m\u00e9dicos y requerimientos de la Direcci\u00f3n de Ni\u00f1ez. Sin embargo, el Estado se niega a restituirle a la menor, una ni\u00f1a de apenas 2 a\u00f1os, alegando que Claudia es \u00abuna persona muy grande\u00bb.<\/p>\n\n\n\n<figure class=\"wp-block-image\"><img decoding=\"async\" src=\"https:\/\/www.eldiariodelapampa.com.ar\/\/img\/publicaciones\/2026\/01\/08\/alta\/856319-t.jpg\" alt=\"\" \/><\/figure>\n\n\n\n<p>\u00abNo hay un fundamento coherente. Si puedo cuidar a un ni\u00f1o de 6, uno de 11 y una de 12, \u00bfpor qu\u00e9 me quitan a la beb\u00e9?\u00bb, cuestion\u00f3 la abuela en di\u00e1logo con El Diario.&nbsp;<\/p>\n\n\n\n<p>La mujer encabeza una protesta frente a la Direcci\u00f3n de Ni\u00f1ez, en la esquina de Falucho y San Mart\u00edn Oeste, en Santa Rosa, Seg\u00fan relata, la ni\u00f1a se encuentra en un dispositivo de cuidado donde presenta signos de angustia y maltrato f\u00edsico: \u00abEn las visitas llora, no quiere volver. Aparece con rasgu\u00f1os y mordidas. Est\u00e1 con chicos mucho m\u00e1s grandes y nadie me explica por qu\u00e9\u00bb, denunci\u00f3 Claudia. Y a\u00f1adi\u00f3 que la ni\u00f1a llora desconsoladamente al tener que regresar al dispositivo&nbsp;<\/p>\n\n\n\n<p>La situaci\u00f3n se agrava por las promesas incumplidas de los organismos intervinientes. Claudia asegura que la obligaron a dejar su anterior departamento para mudarse a una casa m\u00e1s grande con la promesa de que as\u00ed le entregar\u00edan a su peque\u00f1a nieta. Pero, lejos de cumplir, le quitaron los subsidios y ahora amenazan con dar a la ni\u00f1a en adopci\u00f3n.<\/p>\n\n\n\n<figure class=\"wp-block-image\"><img decoding=\"async\" src=\"https:\/\/www.eldiariodelapampa.com.ar\/\/img\/publicaciones\/2026\/01\/08\/alta\/856318-t.jpg\" alt=\"\" \/><\/figure>\n\n\n\n<p>\u00abMi vida no cambi\u00f3, lo que cambi\u00f3 fue la actitud de ellos (los organismos). Solo pido que mi nieta crezca con sus hermanos\u00bb, expres\u00f3 la mujer, acompa\u00f1ada por familiares durante la protesta.&nbsp;<\/p>\n\n\n\n<p>Rivas cont\u00f3 que se present\u00f3 ante la nueva Defensora de Ni\u00f1as, Ni\u00f1os y Adolescentes de la provincia, Sof\u00eda P\u00e9rez Dupont, fue recibida por su secretaria quien le tom\u00f3 los datos y le indic\u00f3 que la llamar\u00edan para una reuni\u00f3n. \u00abSiempre te van a llamar, pero nunca lo hacen\u00bb, se quej\u00f3 la mujer.<\/p>\n\n\n\n<p>eldiariodelapampa.<\/p>\n","protected":false},"excerpt":{"rendered":"<p>\u00abMe devolvieron a tres nietos, pero a la m\u00e1s chiquita la quieren dar en adopci\u00f3n\u00bb,&#8230;<\/p>\n","protected":false},"author":2,"featured_media":7935,"comment_status":"closed","ping_status":"closed","sticky":false,"template":"","format":"standard","meta":{"_jetpack_memberships_contains_paid_content":false,"footnotes":"","jetpack_publicize_message":"Una abuela reclama en la Direcci\u00f3n de Ni\u00f1ez la tenencia de su peque\u00f1a nieta","jetpack_publicize_feature_enabled":true,"jetpack_social_post_already_shared":false,"jetpack_social_options":{"image_generator_settings":{"template":"highway","default_image_id":0,"font":"","enabled":false},"version":2}},"categories":[83],"tags":[],"class_list":["post-7934","post","type-post","status-publish","format-standard","has-post-thumbnail","hentry","category-la-pampa"],"yoast_head":"<!-- This site is optimized with the Yoast SEO plugin v27.4 - https:\/\/yoast.com\/product\/yoast-seo-wordpress\/ -->\n<title>Una abuela reclama en la Direcci\u00f3n de Ni\u00f1ez la tenencia de su peque\u00f1a nieta -<\/title>\n<meta name=\"robots\" content=\"index, follow, max-snippet:-1, max-image-preview:large, max-video-preview:-1\" \/>\n<link rel=\"canonical\" href=\"https:\/\/impactocastex.com.ar\/?p=7934\" \/>\n<meta property=\"og:locale\" content=\"es_ES\" \/>\n<meta property=\"og:type\" content=\"article\" \/>\n<meta property=\"og:title\" content=\"Una abuela reclama en la Direcci\u00f3n de Ni\u00f1ez la tenencia de su peque\u00f1a nieta -\" \/>\n<meta property=\"og:description\" content=\"\u00abMe devolvieron a tres nietos, pero a la m\u00e1s chiquita la quieren dar en adopci\u00f3n\u00bb,...\" \/>\n<meta property=\"og:url\" content=\"https:\/\/impactocastex.com.ar\/?p=7934\" \/>\n<meta property=\"article:publisher\" content=\"https:\/\/www.facebook.com\/impactocastexdiario\" \/>\n<meta property=\"article:published_time\" content=\"2026-01-08T14:09:07+00:00\" \/>\n<meta property=\"article:modified_time\" content=\"2026-01-08T14:09:10+00:00\" \/>\n<meta property=\"og:image\" content=\"https:\/\/impactocastex.com.ar\/wp-content\/uploads\/2026\/01\/856319-t.jpg\" \/>\n\t<meta property=\"og:image:width\" content=\"1280\" \/>\n\t<meta property=\"og:image:height\" content=\"702\" \/>\n\t<meta property=\"og:image:type\" content=\"image\/jpeg\" \/>\n<meta name=\"author\" content=\"impactocastex\" \/>\n<meta name=\"twitter:card\" content=\"summary_large_image\" \/>\n<meta name=\"twitter:label1\" content=\"Escrito por\" \/>\n\t<meta name=\"twitter:data1\" content=\"impactocastex\" \/>\n\t<meta name=\"twitter:label2\" content=\"Tiempo de lectura\" \/>\n\t<meta name=\"twitter:data2\" content=\"3 minutos\" \/>\n<script type=\"application\/ld+json\" class=\"yoast-schema-graph\">{\"@context\":\"https:\\\/\\\/schema.org\",\"@graph\":[{\"@type\":\"Article\",\"@id\":\"https:\\\/\\\/impactocastex.com.ar\\\/?p=7934#article\",\"isPartOf\":{\"@id\":\"https:\\\/\\\/impactocastex.com.ar\\\/?p=7934\"},\"author\":{\"name\":\"impactocastex\",\"@id\":\"https:\\\/\\\/impactocastex.com.ar\\\/#\\\/schema\\\/person\\\/c115028fb60f9bf49ce7550894b84ea7\"},\"headline\":\"Una abuela reclama en la Direcci\u00f3n de Ni\u00f1ez la tenencia de su peque\u00f1a nieta\",\"datePublished\":\"2026-01-08T14:09:07+00:00\",\"dateModified\":\"2026-01-08T14:09:10+00:00\",\"mainEntityOfPage\":{\"@id\":\"https:\\\/\\\/impactocastex.com.ar\\\/?p=7934\"},\"wordCount\":426,\"publisher\":{\"@id\":\"https:\\\/\\\/impactocastex.com.ar\\\/#organization\"},\"image\":{\"@id\":\"https:\\\/\\\/impactocastex.com.ar\\\/?p=7934#primaryimage\"},\"thumbnailUrl\":\"https:\\\/\\\/impactocastex.com.ar\\\/wp-content\\\/uploads\\\/2026\\\/01\\\/856319-t.jpg\",\"articleSection\":[\"LA PAMPA\"],\"inLanguage\":\"es\"},{\"@type\":\"WebPage\",\"@id\":\"https:\\\/\\\/impactocastex.com.ar\\\/?p=7934\",\"url\":\"https:\\\/\\\/impactocastex.com.ar\\\/?p=7934\",\"name\":\"Una abuela reclama en la Direcci\u00f3n de Ni\u00f1ez la tenencia de su peque\u00f1a nieta -\",\"isPartOf\":{\"@id\":\"https:\\\/\\\/impactocastex.com.ar\\\/#website\"},\"primaryImageOfPage\":{\"@id\":\"https:\\\/\\\/impactocastex.com.ar\\\/?p=7934#primaryimage\"},\"image\":{\"@id\":\"https:\\\/\\\/impactocastex.com.ar\\\/?p=7934#primaryimage\"},\"thumbnailUrl\":\"https:\\\/\\\/impactocastex.com.ar\\\/wp-content\\\/uploads\\\/2026\\\/01\\\/856319-t.jpg\",\"datePublished\":\"2026-01-08T14:09:07+00:00\",\"dateModified\":\"2026-01-08T14:09:10+00:00\",\"breadcrumb\":{\"@id\":\"https:\\\/\\\/impactocastex.com.ar\\\/?p=7934#breadcrumb\"},\"inLanguage\":\"es\",\"potentialAction\":[{\"@type\":\"ReadAction\",\"target\":[\"https:\\\/\\\/impactocastex.com.ar\\\/?p=7934\"]}]},{\"@type\":\"ImageObject\",\"inLanguage\":\"es\",\"@id\":\"https:\\\/\\\/impactocastex.com.ar\\\/?p=7934#primaryimage\",\"url\":\"https:\\\/\\\/impactocastex.com.ar\\\/wp-content\\\/uploads\\\/2026\\\/01\\\/856319-t.jpg\",\"contentUrl\":\"https:\\\/\\\/impactocastex.com.ar\\\/wp-content\\\/uploads\\\/2026\\\/01\\\/856319-t.jpg\",\"width\":1280,\"height\":702},{\"@type\":\"BreadcrumbList\",\"@id\":\"https:\\\/\\\/impactocastex.com.ar\\\/?p=7934#breadcrumb\",\"itemListElement\":[{\"@type\":\"ListItem\",\"position\":1,\"name\":\"Portada\",\"item\":\"https:\\\/\\\/impactocastex.com.ar\\\/\"},{\"@type\":\"ListItem\",\"position\":2,\"name\":\"Una abuela reclama en la Direcci\u00f3n de Ni\u00f1ez la tenencia de su peque\u00f1a nieta\"}]},{\"@type\":\"WebSite\",\"@id\":\"https:\\\/\\\/impactocastex.com.ar\\\/#website\",\"url\":\"https:\\\/\\\/impactocastex.com.ar\\\/\",\"name\":\"Impacto Castex\",\"description\":\"\",\"publisher\":{\"@id\":\"https:\\\/\\\/impactocastex.com.ar\\\/#organization\"},\"potentialAction\":[{\"@type\":\"SearchAction\",\"target\":{\"@type\":\"EntryPoint\",\"urlTemplate\":\"https:\\\/\\\/impactocastex.com.ar\\\/?s={search_term_string}\"},\"query-input\":{\"@type\":\"PropertyValueSpecification\",\"valueRequired\":true,\"valueName\":\"search_term_string\"}}],\"inLanguage\":\"es\"},{\"@type\":\"Organization\",\"@id\":\"https:\\\/\\\/impactocastex.com.ar\\\/#organization\",\"name\":\"Impacto Castex\",\"url\":\"https:\\\/\\\/impactocastex.com.ar\\\/\",\"logo\":{\"@type\":\"ImageObject\",\"inLanguage\":\"es\",\"@id\":\"https:\\\/\\\/impactocastex.com.ar\\\/#\\\/schema\\\/logo\\\/image\\\/\",\"url\":\"https:\\\/\\\/impactocastex.com.ar\\\/wp-content\\\/uploads\\\/2025\\\/09\\\/cropped-icoweb.png\",\"contentUrl\":\"https:\\\/\\\/impactocastex.com.ar\\\/wp-content\\\/uploads\\\/2025\\\/09\\\/cropped-icoweb.png\",\"width\":512,\"height\":512,\"caption\":\"Impacto Castex\"},\"image\":{\"@id\":\"https:\\\/\\\/impactocastex.com.ar\\\/#\\\/schema\\\/logo\\\/image\\\/\"},\"sameAs\":[\"https:\\\/\\\/www.facebook.com\\\/impactocastexdiario\",\"https:\\\/\\\/www.instagram.com\\\/impactocastex.com.ar\\\/\"]},{\"@type\":\"Person\",\"@id\":\"https:\\\/\\\/impactocastex.com.ar\\\/#\\\/schema\\\/person\\\/c115028fb60f9bf49ce7550894b84ea7\",\"name\":\"impactocastex\",\"image\":{\"@type\":\"ImageObject\",\"inLanguage\":\"es\",\"@id\":\"https:\\\/\\\/secure.gravatar.com\\\/avatar\\\/fee87e7af008f02e9becdc0b5a9fd4a2e79b3918a571edeacb62211704637833?s=96&d=mm&r=g\",\"url\":\"https:\\\/\\\/secure.gravatar.com\\\/avatar\\\/fee87e7af008f02e9becdc0b5a9fd4a2e79b3918a571edeacb62211704637833?s=96&d=mm&r=g\",\"contentUrl\":\"https:\\\/\\\/secure.gravatar.com\\\/avatar\\\/fee87e7af008f02e9becdc0b5a9fd4a2e79b3918a571edeacb62211704637833?s=96&d=mm&r=g\",\"caption\":\"impactocastex\"},\"sameAs\":[\"https:\\\/\\\/impactocastex.com.ar\\\/\"],\"url\":\"https:\\\/\\\/impactocastex.com.ar\\\/?author=2\"}]}<\/script>\n<!-- \/ Yoast SEO plugin. -->","yoast_head_json":{"title":"Una abuela reclama en la Direcci\u00f3n de Ni\u00f1ez la tenencia de su peque\u00f1a nieta -","robots":{"index":"index","follow":"follow","max-snippet":"max-snippet:-1","max-image-preview":"max-image-preview:large","max-video-preview":"max-video-preview:-1"},"canonical":"https:\/\/impactocastex.com.ar\/?p=7934","og_locale":"es_ES","og_type":"article","og_title":"Una abuela reclama en la Direcci\u00f3n de Ni\u00f1ez la tenencia de su peque\u00f1a nieta -","og_description":"\u00abMe devolvieron a tres nietos, pero a la m\u00e1s chiquita la quieren dar en adopci\u00f3n\u00bb,...","og_url":"https:\/\/impactocastex.com.ar\/?p=7934","article_publisher":"https:\/\/www.facebook.com\/impactocastexdiario","article_published_time":"2026-01-08T14:09:07+00:00","article_modified_time":"2026-01-08T14:09:10+00:00","og_image":[{"width":1280,"height":702,"url":"https:\/\/impactocastex.com.ar\/wp-content\/uploads\/2026\/01\/856319-t.jpg","type":"image\/jpeg"}],"author":"impactocastex","twitter_card":"summary_large_image","twitter_misc":{"Escrito por":"impactocastex","Tiempo de lectura":"3 minutos"},"schema":{"@context":"https:\/\/schema.org","@graph":[{"@type":"Article","@id":"https:\/\/impactocastex.com.ar\/?p=7934#article","isPartOf":{"@id":"https:\/\/impactocastex.com.ar\/?p=7934"},"author":{"name":"impactocastex","@id":"https:\/\/impactocastex.com.ar\/#\/schema\/person\/c115028fb60f9bf49ce7550894b84ea7"},"headline":"Una abuela reclama en la Direcci\u00f3n de Ni\u00f1ez la tenencia de su peque\u00f1a nieta","datePublished":"2026-01-08T14:09:07+00:00","dateModified":"2026-01-08T14:09:10+00:00","mainEntityOfPage":{"@id":"https:\/\/impactocastex.com.ar\/?p=7934"},"wordCount":426,"publisher":{"@id":"https:\/\/impactocastex.com.ar\/#organization"},"image":{"@id":"https:\/\/impactocastex.com.ar\/?p=7934#primaryimage"},"thumbnailUrl":"https:\/\/impactocastex.com.ar\/wp-content\/uploads\/2026\/01\/856319-t.jpg","articleSection":["LA PAMPA"],"inLanguage":"es"},{"@type":"WebPage","@id":"https:\/\/impactocastex.com.ar\/?p=7934","url":"https:\/\/impactocastex.com.ar\/?p=7934","name":"Una abuela reclama en la Direcci\u00f3n de Ni\u00f1ez la tenencia de su peque\u00f1a nieta -","isPartOf":{"@id":"https:\/\/impactocastex.com.ar\/#website"},"primaryImageOfPage":{"@id":"https:\/\/impactocastex.com.ar\/?p=7934#primaryimage"},"image":{"@id":"https:\/\/impactocastex.com.ar\/?p=7934#primaryimage"},"thumbnailUrl":"https:\/\/impactocastex.com.ar\/wp-content\/uploads\/2026\/01\/856319-t.jpg","datePublished":"2026-01-08T14:09:07+00:00","dateModified":"2026-01-08T14:09:10+00:00","breadcrumb":{"@id":"https:\/\/impactocastex.com.ar\/?p=7934#breadcrumb"},"inLanguage":"es","potentialAction":[{"@type":"ReadAction","target":["https:\/\/impactocastex.com.ar\/?p=7934"]}]},{"@type":"ImageObject","inLanguage":"es","@id":"https:\/\/impactocastex.com.ar\/?p=7934#primaryimage","url":"https:\/\/impactocastex.com.ar\/wp-content\/uploads\/2026\/01\/856319-t.jpg","contentUrl":"https:\/\/impactocastex.com.ar\/wp-content\/uploads\/2026\/01\/856319-t.jpg","width":1280,"height":702},{"@type":"BreadcrumbList","@id":"https:\/\/impactocastex.com.ar\/?p=7934#breadcrumb","itemListElement":[{"@type":"ListItem","position":1,"name":"Portada","item":"https:\/\/impactocastex.com.ar\/"},{"@type":"ListItem","position":2,"name":"Una abuela reclama en la Direcci\u00f3n de Ni\u00f1ez la tenencia de su peque\u00f1a nieta"}]},{"@type":"WebSite","@id":"https:\/\/impactocastex.com.ar\/#website","url":"https:\/\/impactocastex.com.ar\/","name":"Impacto Castex","description":"","publisher":{"@id":"https:\/\/impactocastex.com.ar\/#organization"},"potentialAction":[{"@type":"SearchAction","target":{"@type":"EntryPoint","urlTemplate":"https:\/\/impactocastex.com.ar\/?s={search_term_string}"},"query-input":{"@type":"PropertyValueSpecification","valueRequired":true,"valueName":"search_term_string"}}],"inLanguage":"es"},{"@type":"Organization","@id":"https:\/\/impactocastex.com.ar\/#organization","name":"Impacto Castex","url":"https:\/\/impactocastex.com.ar\/","logo":{"@type":"ImageObject","inLanguage":"es","@id":"https:\/\/impactocastex.com.ar\/#\/schema\/logo\/image\/","url":"https:\/\/impactocastex.com.ar\/wp-content\/uploads\/2025\/09\/cropped-icoweb.png","contentUrl":"https:\/\/impactocastex.com.ar\/wp-content\/uploads\/2025\/09\/cropped-icoweb.png","width":512,"height":512,"caption":"Impacto Castex"},"image":{"@id":"https:\/\/impactocastex.com.ar\/#\/schema\/logo\/image\/"},"sameAs":["https:\/\/www.facebook.com\/impactocastexdiario","https:\/\/www.instagram.com\/impactocastex.com.ar\/"]},{"@type":"Person","@id":"https:\/\/impactocastex.com.ar\/#\/schema\/person\/c115028fb60f9bf49ce7550894b84ea7","name":"impactocastex","image":{"@type":"ImageObject","inLanguage":"es","@id":"https:\/\/secure.gravatar.com\/avatar\/fee87e7af008f02e9becdc0b5a9fd4a2e79b3918a571edeacb62211704637833?s=96&d=mm&r=g","url":"https:\/\/secure.gravatar.com\/avatar\/fee87e7af008f02e9becdc0b5a9fd4a2e79b3918a571edeacb62211704637833?s=96&d=mm&r=g","contentUrl":"https:\/\/secure.gravatar.com\/avatar\/fee87e7af008f02e9becdc0b5a9fd4a2e79b3918a571edeacb62211704637833?s=96&d=mm&r=g","caption":"impactocastex"},"sameAs":["https:\/\/impactocastex.com.ar\/"],"url":"https:\/\/impactocastex.com.ar\/?author=2"}]}},"jetpack_publicize_connections":[],"featured_image_urls":{"full":["https:\/\/impactocastex.com.ar\/wp-content\/uploads\/2026\/01\/856319-t.jpg",1280,702,false],"thumbnail":["https:\/\/impactocastex.com.ar\/wp-content\/uploads\/2026\/01\/856319-t-150x150.jpg",150,150,true],"medium":["https:\/\/impactocastex.com.ar\/wp-content\/uploads\/2026\/01\/856319-t-300x165.jpg",300,165,true],"medium_large":["https:\/\/impactocastex.com.ar\/wp-content\/uploads\/2026\/01\/856319-t-768x421.jpg",640,351,true],"large":["https:\/\/impactocastex.com.ar\/wp-content\/uploads\/2026\/01\/856319-t-1024x562.jpg",640,351,true],"1536x1536":["https:\/\/impactocastex.com.ar\/wp-content\/uploads\/2026\/01\/856319-t.jpg",1280,702,false],"2048x2048":["https:\/\/impactocastex.com.ar\/wp-content\/uploads\/2026\/01\/856319-t.jpg",1280,702,false],"newsever-slider-full":["https:\/\/impactocastex.com.ar\/wp-content\/uploads\/2026\/01\/856319-t.jpg",1280,702,false],"newsever-featured":["https:\/\/impactocastex.com.ar\/wp-content\/uploads\/2026\/01\/856319-t-1024x562.jpg",1024,562,true],"newsever-medium":["https:\/\/impactocastex.com.ar\/wp-content\/uploads\/2026\/01\/856319-t-720x475.jpg",720,475,true]},"author_info":{"info":["impactocastex"]},"category_info":"<a href=\"https:\/\/impactocastex.com.ar\/?cat=83\" rel=\"category\">LA PAMPA<\/a>","tag_info":"LA PAMPA","comment_count":0,"jetpack_featured_media_url":"https:\/\/impactocastex.com.ar\/wp-content\/uploads\/2026\/01\/856319-t.jpg","jetpack_sharing_enabled":true,"jetpack_likes_enabled":true,"jetpack_shortlink":"https:\/\/wp.me\/p7sopA-23Y","_links":{"self":[{"href":"https:\/\/impactocastex.com.ar\/index.php?rest_route=\/wp\/v2\/posts\/7934","targetHints":{"allow":["GET"]}}],"collection":[{"href":"https:\/\/impactocastex.com.ar\/index.php?rest_route=\/wp\/v2\/posts"}],"about":[{"href":"https:\/\/impactocastex.com.ar\/index.php?rest_route=\/wp\/v2\/types\/post"}],"author":[{"embeddable":true,"href":"https:\/\/impactocastex.com.ar\/index.php?rest_route=\/wp\/v2\/users\/2"}],"replies":[{"embeddable":true,"href":"https:\/\/impactocastex.com.ar\/index.php?rest_route=%2Fwp%2Fv2%2Fcomments&post=7934"}],"version-history":[{"count":1,"href":"https:\/\/impactocastex.com.ar\/index.php?rest_route=\/wp\/v2\/posts\/7934\/revisions"}],"predecessor-version":[{"id":7936,"href":"https:\/\/impactocastex.com.ar\/index.php?rest_route=\/wp\/v2\/posts\/7934\/revisions\/7936"}],"wp:featuredmedia":[{"embeddable":true,"href":"https:\/\/impactocastex.com.ar\/index.php?rest_route=\/wp\/v2\/media\/7935"}],"wp:attachment":[{"href":"https:\/\/impactocastex.com.ar\/index.php?rest_route=%2Fwp%2Fv2%2Fmedia&parent=7934"}],"wp:term":[{"taxonomy":"category","embeddable":true,"href":"https:\/\/impactocastex.com.ar\/index.php?rest_route=%2Fwp%2Fv2%2Fcategories&post=7934"},{"taxonomy":"post_tag","embeddable":true,"href":"https:\/\/impactocastex.com.ar\/index.php?rest_route=%2Fwp%2Fv2%2Ftags&post=7934"}],"curies":[{"name":"wp","href":"https:\/\/api.w.org\/{rel}","templated":true}]}}