{"id":7785,"date":"2026-01-06T15:36:04","date_gmt":"2026-01-06T18:36:04","guid":{"rendered":"https:\/\/impactocastex.com.ar\/?p=7785"},"modified":"2026-01-06T15:36:04","modified_gmt":"2026-01-06T18:36:04","slug":"diego-santilli-suma-una-aliada-en-interior-con-trayectoria-bonaerense-pertenencia-en-pro-y-pasado-en-el-gen","status":"publish","type":"post","link":"https:\/\/impactocastex.com.ar\/?p=7785","title":{"rendered":"Diego Santilli suma una aliada en Interior con trayectoria bonaerense, pertenencia en Pro y pasado en el GEN"},"content":{"rendered":"<p>El Gobierno design\u00f3 a <b>Fernanda Antonijevic<\/b> como <b>subsecretaria de Asuntos Pol\u00edticos<\/b> del <b>Ministerio del Interior<\/b>, cargo que se encontraba vacante desde agosto. Con el nombramiento, <a href=\"https:\/\/www.lanacion.com.ar\/politica\/diego-santilli-inicia-una-nueva-gira-por-las-provincias-para-conseguir-apoyo-a-la-reforma-laboral-nid05012026\/\" target=\"_self\" rel=\"\" title=\"https:\/\/www.lanacion.com.ar\/politica\/diego-santilli-inicia-una-nueva-gira-por-las-provincias-para-conseguir-apoyo-a-la-reforma-laboral-nid05012026\/\">el ministro <b>Diego Santilli<\/b><\/a> suma una aliada que trabaja con \u00e9l desde 2021 y pertenece a <b>Pro<\/b>.<\/p>\n<p>La flamante funcionaria expres\u00f3 su \u201cexpectativa por este rol nuevo\u201d e indic\u00f3 que los pedidos del ministro Santilli son \u201cescucha, pies en la tierra y decisiones claras\u201d.<\/p>\n<p>Su desembarco en la cartera de Interior significa un <b>nuevo acercamiento de un dirigente de Pro al Gobierno<\/b>. Ante la consulta de <b>LA NACION<\/b> respecto de si se afiliar\u00e1 a <b>La Libertad Avanza<\/b> (LLA), la subsecretaria sostuvo que a\u00fan no tiene una definici\u00f3n al respecto. Sin embargo, afirm\u00f3 que trabajar\u00e1 en funci\u00f3n de <b>\u201clo que pida el Presidente\u201d<\/b> y remarc\u00f3 su convicci\u00f3n con el sentido de la gesti\u00f3n nacional.<\/p>\n<p><img loading=\"lazy\" decoding=\"async\" src=\"https:\/\/resizer.glanacion.com\/resizer\/v2\/7MZKDC56IVBVJHVCBZSCPIMLH4.jpg?auth=8e5210b8c5edb15f365580eba78dfb1d6ce7c4460179c0054116b066ad4c2aed&amp;smart=true&amp;width=833&amp;height=1024\" alt=\"Fernanda Antonijevic junto a Diego Santilli, en la asunci\u00f3n del ministro\" height=\"1024\" width=\"833\" \/><\/p>\n<p>Luego de las elecciones nacionales celebradas el 26 de octubre, nueve miembros de Pro <a href=\"https:\/\/www.lanacion.com.ar\/politica\/la-libertad-avanza-sumo-a-una-ex-aliada-de-pro-en-diputados-y-se-entusiasma-con-disputarle-al-pj-la-nid28112025\/\" target=\"_self\" rel=\"\" title=\"https:\/\/www.lanacion.com.ar\/politica\/la-libertad-avanza-sumo-a-una-ex-aliada-de-pro-en-diputados-y-se-entusiasma-con-disputarle-al-pj-la-nid28112025\/\">se sumaron al bloque libertario en Diputados<\/a>, una senadora imit\u00f3 el movimiento en la C\u00e1mara alta y Santilli se sum\u00f3 al gabinete.<\/p>\n<p><b>\u201cAsumimos con el compromiso de una gesti\u00f3n ordenada, federal y con resultados\u201d<\/b>, dijo Antonijevic en di\u00e1logo con este medio y subray\u00f3 que asume dentro de un equipo profesional que busca el di\u00e1logo institucional.<\/p>\n<p>Advirti\u00f3 que se modific\u00f3 la competencia de la Subsecretar\u00eda, por lo que se est\u00e1 \u201cinteriorizando sobre las nuevas funciones\u201d, entre las que destac\u00f3 la asignaci\u00f3n de <a href=\"https:\/\/www.lanacion.com.ar\/politica\/los-atn-no-repartidos-en-dos-anos-equivalen-a-52-del-superavit-primario-acumulado-clone-nid05012026\/\" target=\"_self\" rel=\"\" title=\"https:\/\/www.lanacion.com.ar\/politica\/los-atn-no-repartidos-en-dos-anos-equivalen-a-52-del-superavit-primario-acumulado-clone-nid05012026\/\"><b>Aportes del Tesoro Nacional<\/b><\/a> (ATN) a las provincias, la modernizaci\u00f3n del <b>Archivo General de la Naci\u00f3n<\/b> y la responsabilidad sobre 14 <b>centros de frontera<\/b>.<\/p>\n<p>La designaci\u00f3n de Antonijevic se public\u00f3 en el Bolet\u00edn Oficial este martes, firmada por Milei y Santilli.<\/p>\n\n<h1>Trayectoria bonaerense<\/h1>\n<p>Antonijevic cuenta con una larga trayectoria pol\u00edtica que tuvo epicentro en la provincia de Buenos Aires. Fue <b>intendenta de Baradero entre 2015 y 2019<\/b>. Aquel a\u00f1o compiti\u00f3 por la reelecci\u00f3n bajo el sello Juntos por el Cambio, pero cay\u00f3 ante el peronista Esteban \u201cTito\u201d Sanzio.<\/p>\n<p>Tambi\u00e9n fue <b>diputada provincial<\/b> en dos per\u00edodos: 2009-2013 y 2021-2025. En este \u00faltimo mandato form\u00f3 parte del bloque Pro en la Legislatura bonaerense. Antes, era parte del espacio Generaci\u00f3n para un Encuentro Nacional (GEN) de Margarita Stolbizer. A partir de 2016 \u2212a\u00f1o en que se desempe\u00f1aba como jefa municipal\u2212, <b>se afili\u00f3 a Pro<\/b>, espacio al que todav\u00eda pertenece.<\/p>\n<p><img loading=\"lazy\" decoding=\"async\" src=\"https:\/\/resizer.glanacion.com\/resizer\/v2\/6XVACD2TVVBXXB7LFT73TOFHSE.jpg?auth=7bac484cd49da54b4013c4b517b6a935ceeda4a8df7696ab04bb48fa35309446&amp;smart=true&amp;width=1080&amp;height=1337\" alt=\"Fernanda Antonijevic junto a Javier Milei, en la f\u00e1brica de Sidersa en San Nicol\u00e1s\" height=\"1337\" width=\"1080\" \/><\/p>\n<p><b>Se referencia en Santilli desde 2021<\/b>, a\u00f1o en que el actual ministro comenz\u00f3 a trabajar por la gobernaci\u00f3n bonaerense, cargo para el que finalmente se postul\u00f3 en 2023.<\/p>\n<p>\u201c<b>Creo que Diego Santilli es el ministro del Interior que en este momento se necesita<\/b>. Conoce el pa\u00eds, los sectores productivos, es respetado por la gente y por la pol\u00edtica, y sabe construir consensos. S\u00e9 que cada desaf\u00edo que asuma estar\u00e1 guiado por una mirada puesta en el bienestar de los argentinos. Honrados de acompa\u00f1arte en este nuevo cap\u00edtulo. \u00a1Mis felicitaciones!\u201d, public\u00f3 Antonijevic en sus redes, luego de asistir a la <a href=\"https:\/\/www.lanacion.com.ar\/politica\/diego-santilli-jura-como-ministro-del-interior-en-medio-de-una-redefinicion-de-la-cartera-con-nid11112025\/\" target=\"_self\" rel=\"\" title=\"https:\/\/www.lanacion.com.ar\/politica\/diego-santilli-jura-como-ministro-del-interior-en-medio-de-una-redefinicion-de-la-cartera-con-nid11112025\/\"><b>jura del ministro<\/b><\/a>.<\/p>\n<h1>Cargo vacante<\/h1>\n<p>El cargo que ocup\u00f3 la abogada de Baradero se encontraba <b>vacante desde el 20 de agosto<\/b> del a\u00f1o pasado, cuando el Ministerio acept\u00f3 la renuncia de la por entonces subsecretaria, <b>Giselle Castelnuovo<\/b>, quien hab\u00eda ocupado el cargo desde el 1\u00b0 de marzo de 2024.<\/p>\n<p>Castelnuovo dej\u00f3 la Subsecretar\u00eda durante la <b>campa\u00f1a <\/b>para las elecciones nacionales, en las que ocup\u00f3 el d\u00e9cimo lugar en la lista de LLA de la provincia de Buenos Aires. El 3 de diciembre jur\u00f3 como <b>diputada nacional<\/b> en la sesi\u00f3n preparatoria, banca que ocupar\u00e1 hasta 2029.<\/p>\n<p>El polit\u00f3logo Pablo Salinas calific\u00f3 su renuncia a la Subsecretar\u00eda como <b>\u201cuna salida muy rara\u201d<\/b> en tanto de ella \u201cdepende el operativo electoral, dado que entre otras \u00e1reas maneja la DINE (Direcci\u00f3n Nacional Electoral)\u201d. El analista dijo que su retirada implicaba \u201csalir de un lado del mostrador para pasar al otro\u201d.<\/p>\n<p>\u200bFernanda Antonijevic fue nombrada subsecretaria de Asuntos Pol\u00edticos; fue intendenta de Baradero y responde al ministro desde 2021\u00a0\u00a0<\/p>","protected":false},"excerpt":{"rendered":"<p>El Gobierno design\u00f3 a Fernanda Antonijevic como subsecretaria de Asuntos Pol\u00edticos del Ministerio del Interior,&#8230;<\/p>\n","protected":false},"author":1,"featured_media":7786,"comment_status":"closed","ping_status":"closed","sticky":false,"template":"","format":"standard","meta":{"_jetpack_memberships_contains_paid_content":false,"footnotes":"","jetpack_publicize_message":"","jetpack_publicize_feature_enabled":true,"jetpack_social_post_already_shared":true,"jetpack_social_options":{"image_generator_settings":{"template":"highway","default_image_id":0,"font":"","enabled":false},"version":2}},"categories":[89],"tags":[],"class_list":["post-7785","post","type-post","status-publish","format-standard","has-post-thumbnail","hentry","category-nacionales"],"yoast_head":"<!-- This site is optimized with the Yoast SEO plugin v27.4 - https:\/\/yoast.com\/product\/yoast-seo-wordpress\/ -->\n<title>Diego Santilli suma una aliada en Interior con trayectoria bonaerense, pertenencia en Pro y pasado en el GEN -<\/title>\n<meta name=\"robots\" content=\"index, follow, max-snippet:-1, max-image-preview:large, max-video-preview:-1\" \/>\n<link rel=\"canonical\" href=\"https:\/\/impactocastex.com.ar\/?p=7785\" \/>\n<meta property=\"og:locale\" content=\"es_ES\" \/>\n<meta property=\"og:type\" content=\"article\" \/>\n<meta property=\"og:title\" content=\"Diego Santilli suma una aliada en Interior con trayectoria bonaerense, pertenencia en Pro y pasado en el GEN -\" \/>\n<meta property=\"og:description\" content=\"El Gobierno design\u00f3 a Fernanda Antonijevic como subsecretaria de Asuntos Pol\u00edticos del Ministerio del Interior,...\" \/>\n<meta property=\"og:url\" content=\"https:\/\/impactocastex.com.ar\/?p=7785\" \/>\n<meta property=\"article:publisher\" content=\"https:\/\/www.facebook.com\/impactocastexdiario\" \/>\n<meta property=\"article:published_time\" content=\"2026-01-06T18:36:04+00:00\" \/>\n<meta property=\"og:image\" content=\"https:\/\/resizer.glanacion.com\/resizer\/v2\/7MZKDC56IVBVJHVCBZSCPIMLH4.jpg?auth=8e5210b8c5edb15f365580eba78dfb1d6ce7c4460179c0054116b066ad4c2aed&amp;smart=true&amp;width=833&amp;height=1024\" \/>\n<meta name=\"author\" content=\"impactocastex\" \/>\n<meta name=\"twitter:card\" content=\"summary_large_image\" \/>\n<meta name=\"twitter:label1\" content=\"Escrito por\" \/>\n\t<meta name=\"twitter:data1\" content=\"impactocastex\" \/>\n\t<meta name=\"twitter:label2\" content=\"Tiempo de lectura\" \/>\n\t<meta name=\"twitter:data2\" content=\"3 minutos\" \/>\n<script type=\"application\/ld+json\" class=\"yoast-schema-graph\">{\"@context\":\"https:\\\/\\\/schema.org\",\"@graph\":[{\"@type\":\"Article\",\"@id\":\"https:\\\/\\\/impactocastex.com.ar\\\/?p=7785#article\",\"isPartOf\":{\"@id\":\"https:\\\/\\\/impactocastex.com.ar\\\/?p=7785\"},\"author\":{\"name\":\"impactocastex\",\"@id\":\"https:\\\/\\\/impactocastex.com.ar\\\/#\\\/schema\\\/person\\\/86cb4f827fb5f87869a239b98a69c6e3\"},\"headline\":\"Diego Santilli suma una aliada en Interior con trayectoria bonaerense, pertenencia en Pro y pasado en el GEN\",\"datePublished\":\"2026-01-06T18:36:04+00:00\",\"mainEntityOfPage\":{\"@id\":\"https:\\\/\\\/impactocastex.com.ar\\\/?p=7785\"},\"wordCount\":688,\"publisher\":{\"@id\":\"https:\\\/\\\/impactocastex.com.ar\\\/#organization\"},\"image\":{\"@id\":\"https:\\\/\\\/impactocastex.com.ar\\\/?p=7785#primaryimage\"},\"thumbnailUrl\":\"https:\\\/\\\/impactocastex.com.ar\\\/wp-content\\\/uploads\\\/2026\\\/01\\\/LSBHRUSTTBBFPGJ555FE7BH6LY-CAvNQm.jpg\",\"articleSection\":[\"NACIONALES\"],\"inLanguage\":\"es\"},{\"@type\":\"WebPage\",\"@id\":\"https:\\\/\\\/impactocastex.com.ar\\\/?p=7785\",\"url\":\"https:\\\/\\\/impactocastex.com.ar\\\/?p=7785\",\"name\":\"Diego Santilli suma una aliada en Interior con trayectoria bonaerense, pertenencia en Pro y pasado en el GEN -\",\"isPartOf\":{\"@id\":\"https:\\\/\\\/impactocastex.com.ar\\\/#website\"},\"primaryImageOfPage\":{\"@id\":\"https:\\\/\\\/impactocastex.com.ar\\\/?p=7785#primaryimage\"},\"image\":{\"@id\":\"https:\\\/\\\/impactocastex.com.ar\\\/?p=7785#primaryimage\"},\"thumbnailUrl\":\"https:\\\/\\\/impactocastex.com.ar\\\/wp-content\\\/uploads\\\/2026\\\/01\\\/LSBHRUSTTBBFPGJ555FE7BH6LY-CAvNQm.jpg\",\"datePublished\":\"2026-01-06T18:36:04+00:00\",\"breadcrumb\":{\"@id\":\"https:\\\/\\\/impactocastex.com.ar\\\/?p=7785#breadcrumb\"},\"inLanguage\":\"es\",\"potentialAction\":[{\"@type\":\"ReadAction\",\"target\":[\"https:\\\/\\\/impactocastex.com.ar\\\/?p=7785\"]}]},{\"@type\":\"ImageObject\",\"inLanguage\":\"es\",\"@id\":\"https:\\\/\\\/impactocastex.com.ar\\\/?p=7785#primaryimage\",\"url\":\"https:\\\/\\\/impactocastex.com.ar\\\/wp-content\\\/uploads\\\/2026\\\/01\\\/LSBHRUSTTBBFPGJ555FE7BH6LY-CAvNQm.jpg\",\"contentUrl\":\"https:\\\/\\\/impactocastex.com.ar\\\/wp-content\\\/uploads\\\/2026\\\/01\\\/LSBHRUSTTBBFPGJ555FE7BH6LY-CAvNQm.jpg\",\"width\":1080,\"height\":909},{\"@type\":\"BreadcrumbList\",\"@id\":\"https:\\\/\\\/impactocastex.com.ar\\\/?p=7785#breadcrumb\",\"itemListElement\":[{\"@type\":\"ListItem\",\"position\":1,\"name\":\"Portada\",\"item\":\"https:\\\/\\\/impactocastex.com.ar\\\/\"},{\"@type\":\"ListItem\",\"position\":2,\"name\":\"Diego Santilli suma una aliada en Interior con trayectoria bonaerense, pertenencia en Pro y pasado en el GEN\"}]},{\"@type\":\"WebSite\",\"@id\":\"https:\\\/\\\/impactocastex.com.ar\\\/#website\",\"url\":\"https:\\\/\\\/impactocastex.com.ar\\\/\",\"name\":\"Impacto Castex\",\"description\":\"\",\"publisher\":{\"@id\":\"https:\\\/\\\/impactocastex.com.ar\\\/#organization\"},\"potentialAction\":[{\"@type\":\"SearchAction\",\"target\":{\"@type\":\"EntryPoint\",\"urlTemplate\":\"https:\\\/\\\/impactocastex.com.ar\\\/?s={search_term_string}\"},\"query-input\":{\"@type\":\"PropertyValueSpecification\",\"valueRequired\":true,\"valueName\":\"search_term_string\"}}],\"inLanguage\":\"es\"},{\"@type\":\"Organization\",\"@id\":\"https:\\\/\\\/impactocastex.com.ar\\\/#organization\",\"name\":\"Impacto Castex\",\"url\":\"https:\\\/\\\/impactocastex.com.ar\\\/\",\"logo\":{\"@type\":\"ImageObject\",\"inLanguage\":\"es\",\"@id\":\"https:\\\/\\\/impactocastex.com.ar\\\/#\\\/schema\\\/logo\\\/image\\\/\",\"url\":\"https:\\\/\\\/impactocastex.com.ar\\\/wp-content\\\/uploads\\\/2025\\\/09\\\/cropped-icoweb.png\",\"contentUrl\":\"https:\\\/\\\/impactocastex.com.ar\\\/wp-content\\\/uploads\\\/2025\\\/09\\\/cropped-icoweb.png\",\"width\":512,\"height\":512,\"caption\":\"Impacto Castex\"},\"image\":{\"@id\":\"https:\\\/\\\/impactocastex.com.ar\\\/#\\\/schema\\\/logo\\\/image\\\/\"},\"sameAs\":[\"https:\\\/\\\/www.facebook.com\\\/impactocastexdiario\",\"https:\\\/\\\/www.instagram.com\\\/impactocastex.com.ar\\\/\"]},{\"@type\":\"Person\",\"@id\":\"https:\\\/\\\/impactocastex.com.ar\\\/#\\\/schema\\\/person\\\/86cb4f827fb5f87869a239b98a69c6e3\",\"name\":\"impactocastex\",\"image\":{\"@type\":\"ImageObject\",\"inLanguage\":\"es\",\"@id\":\"https:\\\/\\\/secure.gravatar.com\\\/avatar\\\/9a87ee051ca8c77f5d4070843ce2c78cdf95b858b950fb039151de955122f5f5?s=96&d=mm&r=g\",\"url\":\"https:\\\/\\\/secure.gravatar.com\\\/avatar\\\/9a87ee051ca8c77f5d4070843ce2c78cdf95b858b950fb039151de955122f5f5?s=96&d=mm&r=g\",\"contentUrl\":\"https:\\\/\\\/secure.gravatar.com\\\/avatar\\\/9a87ee051ca8c77f5d4070843ce2c78cdf95b858b950fb039151de955122f5f5?s=96&d=mm&r=g\",\"caption\":\"impactocastex\"},\"sameAs\":[\"https:\\\/\\\/impactocastex.com.ar\"],\"url\":\"https:\\\/\\\/impactocastex.com.ar\\\/?author=1\"}]}<\/script>\n<!-- \/ Yoast SEO plugin. -->","yoast_head_json":{"title":"Diego Santilli suma una aliada en Interior con trayectoria bonaerense, pertenencia en Pro y pasado en el GEN -","robots":{"index":"index","follow":"follow","max-snippet":"max-snippet:-1","max-image-preview":"max-image-preview:large","max-video-preview":"max-video-preview:-1"},"canonical":"https:\/\/impactocastex.com.ar\/?p=7785","og_locale":"es_ES","og_type":"article","og_title":"Diego Santilli suma una aliada en Interior con trayectoria bonaerense, pertenencia en Pro y pasado en el GEN -","og_description":"El Gobierno design\u00f3 a Fernanda Antonijevic como subsecretaria de Asuntos Pol\u00edticos del Ministerio del Interior,...","og_url":"https:\/\/impactocastex.com.ar\/?p=7785","article_publisher":"https:\/\/www.facebook.com\/impactocastexdiario","article_published_time":"2026-01-06T18:36:04+00:00","og_image":[{"url":"https:\/\/resizer.glanacion.com\/resizer\/v2\/7MZKDC56IVBVJHVCBZSCPIMLH4.jpg?auth=8e5210b8c5edb15f365580eba78dfb1d6ce7c4460179c0054116b066ad4c2aed&amp;smart=true&amp;width=833&amp;height=1024","type":"","width":"","height":""}],"author":"impactocastex","twitter_card":"summary_large_image","twitter_misc":{"Escrito por":"impactocastex","Tiempo de lectura":"3 minutos"},"schema":{"@context":"https:\/\/schema.org","@graph":[{"@type":"Article","@id":"https:\/\/impactocastex.com.ar\/?p=7785#article","isPartOf":{"@id":"https:\/\/impactocastex.com.ar\/?p=7785"},"author":{"name":"impactocastex","@id":"https:\/\/impactocastex.com.ar\/#\/schema\/person\/86cb4f827fb5f87869a239b98a69c6e3"},"headline":"Diego Santilli suma una aliada en Interior con trayectoria bonaerense, pertenencia en Pro y pasado en el GEN","datePublished":"2026-01-06T18:36:04+00:00","mainEntityOfPage":{"@id":"https:\/\/impactocastex.com.ar\/?p=7785"},"wordCount":688,"publisher":{"@id":"https:\/\/impactocastex.com.ar\/#organization"},"image":{"@id":"https:\/\/impactocastex.com.ar\/?p=7785#primaryimage"},"thumbnailUrl":"https:\/\/impactocastex.com.ar\/wp-content\/uploads\/2026\/01\/LSBHRUSTTBBFPGJ555FE7BH6LY-CAvNQm.jpg","articleSection":["NACIONALES"],"inLanguage":"es"},{"@type":"WebPage","@id":"https:\/\/impactocastex.com.ar\/?p=7785","url":"https:\/\/impactocastex.com.ar\/?p=7785","name":"Diego Santilli suma una aliada en Interior con trayectoria bonaerense, pertenencia en Pro y pasado en el GEN -","isPartOf":{"@id":"https:\/\/impactocastex.com.ar\/#website"},"primaryImageOfPage":{"@id":"https:\/\/impactocastex.com.ar\/?p=7785#primaryimage"},"image":{"@id":"https:\/\/impactocastex.com.ar\/?p=7785#primaryimage"},"thumbnailUrl":"https:\/\/impactocastex.com.ar\/wp-content\/uploads\/2026\/01\/LSBHRUSTTBBFPGJ555FE7BH6LY-CAvNQm.jpg","datePublished":"2026-01-06T18:36:04+00:00","breadcrumb":{"@id":"https:\/\/impactocastex.com.ar\/?p=7785#breadcrumb"},"inLanguage":"es","potentialAction":[{"@type":"ReadAction","target":["https:\/\/impactocastex.com.ar\/?p=7785"]}]},{"@type":"ImageObject","inLanguage":"es","@id":"https:\/\/impactocastex.com.ar\/?p=7785#primaryimage","url":"https:\/\/impactocastex.com.ar\/wp-content\/uploads\/2026\/01\/LSBHRUSTTBBFPGJ555FE7BH6LY-CAvNQm.jpg","contentUrl":"https:\/\/impactocastex.com.ar\/wp-content\/uploads\/2026\/01\/LSBHRUSTTBBFPGJ555FE7BH6LY-CAvNQm.jpg","width":1080,"height":909},{"@type":"BreadcrumbList","@id":"https:\/\/impactocastex.com.ar\/?p=7785#breadcrumb","itemListElement":[{"@type":"ListItem","position":1,"name":"Portada","item":"https:\/\/impactocastex.com.ar\/"},{"@type":"ListItem","position":2,"name":"Diego Santilli suma una aliada en Interior con trayectoria bonaerense, pertenencia en Pro y pasado en el GEN"}]},{"@type":"WebSite","@id":"https:\/\/impactocastex.com.ar\/#website","url":"https:\/\/impactocastex.com.ar\/","name":"Impacto Castex","description":"","publisher":{"@id":"https:\/\/impactocastex.com.ar\/#organization"},"potentialAction":[{"@type":"SearchAction","target":{"@type":"EntryPoint","urlTemplate":"https:\/\/impactocastex.com.ar\/?s={search_term_string}"},"query-input":{"@type":"PropertyValueSpecification","valueRequired":true,"valueName":"search_term_string"}}],"inLanguage":"es"},{"@type":"Organization","@id":"https:\/\/impactocastex.com.ar\/#organization","name":"Impacto Castex","url":"https:\/\/impactocastex.com.ar\/","logo":{"@type":"ImageObject","inLanguage":"es","@id":"https:\/\/impactocastex.com.ar\/#\/schema\/logo\/image\/","url":"https:\/\/impactocastex.com.ar\/wp-content\/uploads\/2025\/09\/cropped-icoweb.png","contentUrl":"https:\/\/impactocastex.com.ar\/wp-content\/uploads\/2025\/09\/cropped-icoweb.png","width":512,"height":512,"caption":"Impacto Castex"},"image":{"@id":"https:\/\/impactocastex.com.ar\/#\/schema\/logo\/image\/"},"sameAs":["https:\/\/www.facebook.com\/impactocastexdiario","https:\/\/www.instagram.com\/impactocastex.com.ar\/"]},{"@type":"Person","@id":"https:\/\/impactocastex.com.ar\/#\/schema\/person\/86cb4f827fb5f87869a239b98a69c6e3","name":"impactocastex","image":{"@type":"ImageObject","inLanguage":"es","@id":"https:\/\/secure.gravatar.com\/avatar\/9a87ee051ca8c77f5d4070843ce2c78cdf95b858b950fb039151de955122f5f5?s=96&d=mm&r=g","url":"https:\/\/secure.gravatar.com\/avatar\/9a87ee051ca8c77f5d4070843ce2c78cdf95b858b950fb039151de955122f5f5?s=96&d=mm&r=g","contentUrl":"https:\/\/secure.gravatar.com\/avatar\/9a87ee051ca8c77f5d4070843ce2c78cdf95b858b950fb039151de955122f5f5?s=96&d=mm&r=g","caption":"impactocastex"},"sameAs":["https:\/\/impactocastex.com.ar"],"url":"https:\/\/impactocastex.com.ar\/?author=1"}]}},"jetpack_publicize_connections":[],"featured_image_urls":{"full":["https:\/\/impactocastex.com.ar\/wp-content\/uploads\/2026\/01\/LSBHRUSTTBBFPGJ555FE7BH6LY-CAvNQm.jpg",1080,909,false],"thumbnail":["https:\/\/impactocastex.com.ar\/wp-content\/uploads\/2026\/01\/LSBHRUSTTBBFPGJ555FE7BH6LY-CAvNQm-150x150.jpg",150,150,true],"medium":["https:\/\/impactocastex.com.ar\/wp-content\/uploads\/2026\/01\/LSBHRUSTTBBFPGJ555FE7BH6LY-CAvNQm-300x253.jpg",300,253,true],"medium_large":["https:\/\/impactocastex.com.ar\/wp-content\/uploads\/2026\/01\/LSBHRUSTTBBFPGJ555FE7BH6LY-CAvNQm-768x646.jpg",640,538,true],"large":["https:\/\/impactocastex.com.ar\/wp-content\/uploads\/2026\/01\/LSBHRUSTTBBFPGJ555FE7BH6LY-CAvNQm-1024x862.jpg",640,539,true],"1536x1536":["https:\/\/impactocastex.com.ar\/wp-content\/uploads\/2026\/01\/LSBHRUSTTBBFPGJ555FE7BH6LY-CAvNQm.jpg",1080,909,false],"2048x2048":["https:\/\/impactocastex.com.ar\/wp-content\/uploads\/2026\/01\/LSBHRUSTTBBFPGJ555FE7BH6LY-CAvNQm.jpg",1080,909,false],"newsever-slider-full":["https:\/\/impactocastex.com.ar\/wp-content\/uploads\/2026\/01\/LSBHRUSTTBBFPGJ555FE7BH6LY-CAvNQm-1080x845.jpg",1080,845,true],"newsever-featured":["https:\/\/impactocastex.com.ar\/wp-content\/uploads\/2026\/01\/LSBHRUSTTBBFPGJ555FE7BH6LY-CAvNQm-1024x862.jpg",1024,862,true],"newsever-medium":["https:\/\/impactocastex.com.ar\/wp-content\/uploads\/2026\/01\/LSBHRUSTTBBFPGJ555FE7BH6LY-CAvNQm-720x475.jpg",720,475,true]},"author_info":{"info":["impactocastex"]},"category_info":"<a href=\"https:\/\/impactocastex.com.ar\/?cat=89\" rel=\"category\">NACIONALES<\/a>","tag_info":"NACIONALES","comment_count":0,"jetpack_featured_media_url":"https:\/\/impactocastex.com.ar\/wp-content\/uploads\/2026\/01\/LSBHRUSTTBBFPGJ555FE7BH6LY-CAvNQm.jpg","jetpack_sharing_enabled":true,"jetpack_likes_enabled":true,"jetpack_shortlink":"https:\/\/wp.me\/p7sopA-21z","_links":{"self":[{"href":"https:\/\/impactocastex.com.ar\/index.php?rest_route=\/wp\/v2\/posts\/7785","targetHints":{"allow":["GET"]}}],"collection":[{"href":"https:\/\/impactocastex.com.ar\/index.php?rest_route=\/wp\/v2\/posts"}],"about":[{"href":"https:\/\/impactocastex.com.ar\/index.php?rest_route=\/wp\/v2\/types\/post"}],"author":[{"embeddable":true,"href":"https:\/\/impactocastex.com.ar\/index.php?rest_route=\/wp\/v2\/users\/1"}],"replies":[{"embeddable":true,"href":"https:\/\/impactocastex.com.ar\/index.php?rest_route=%2Fwp%2Fv2%2Fcomments&post=7785"}],"version-history":[{"count":0,"href":"https:\/\/impactocastex.com.ar\/index.php?rest_route=\/wp\/v2\/posts\/7785\/revisions"}],"wp:featuredmedia":[{"embeddable":true,"href":"https:\/\/impactocastex.com.ar\/index.php?rest_route=\/wp\/v2\/media\/7786"}],"wp:attachment":[{"href":"https:\/\/impactocastex.com.ar\/index.php?rest_route=%2Fwp%2Fv2%2Fmedia&parent=7785"}],"wp:term":[{"taxonomy":"category","embeddable":true,"href":"https:\/\/impactocastex.com.ar\/index.php?rest_route=%2Fwp%2Fv2%2Fcategories&post=7785"},{"taxonomy":"post_tag","embeddable":true,"href":"https:\/\/impactocastex.com.ar\/index.php?rest_route=%2Fwp%2Fv2%2Ftags&post=7785"}],"curies":[{"name":"wp","href":"https:\/\/api.w.org\/{rel}","templated":true}]}}