{"id":7783,"date":"2026-01-06T15:36:18","date_gmt":"2026-01-06T18:36:18","guid":{"rendered":"https:\/\/impactocastex.com.ar\/?p=7783"},"modified":"2026-01-06T15:36:18","modified_gmt":"2026-01-06T18:36:18","slug":"que-dijo-elisa-carrio-tras-acompanar-a-tribunales-a-un-dirigente-de-la-coalicion-civica-allanado","status":"publish","type":"post","link":"https:\/\/impactocastex.com.ar\/?p=7783","title":{"rendered":"Qu\u00e9 dijo Elisa Carri\u00f3 tras acompa\u00f1ar a tribunales a un dirigente de la Coalici\u00f3n C\u00edvica allanado"},"content":{"rendered":"<p><b>Elisa Carri\u00f3<\/b> se present\u00f3 el pasado lunes 6 de enero, en la Unidad Funcional de Instrucci\u00f3n N\u00b0 3 de Pilar junto a <b>Mat\u00edas Yofe<\/b>, dirigente de su partido imputado en una causa por extorsi\u00f3n. La l\u00edder de la Coalici\u00f3n C\u00edvica <a href=\"https:\/\/www.lanacion.com.ar\/politica\/el-dirigente-de-la-coalicion-civica-que-fue-allanado-y-denuncio-un-mensaje-mafioso-se-presento-en-nid05012026\/\" target=\"_self\" rel=\"\" title=\"https:\/\/www.lanacion.com.ar\/politica\/el-dirigente-de-la-coalicion-civica-que-fue-allanado-y-denuncio-un-mensaje-mafioso-se-presento-en-nid05012026\/\"><b>apunt\u00f3 contra Sergio Massa<\/b><\/a> y defini\u00f3 el accionar judicial como una represalia por las investigaciones que su espacio impulsa contra la dirigencia del f\u00fatbol argentino. <\/p>\n<h1>Las declaraciones de Carri\u00f3 en Tribunales<\/h1>\n<p>La l\u00edder de la Coalici\u00f3n C\u00edvica asoci\u00f3 la situaci\u00f3n procesal de Yofe con un intento de amedrentamiento por parte de figuras ligadas al poder y aclar\u00f3 los motivos de su presencia en el lugar: \u201cVengo a asistir a Mat\u00edas.<b> Somos denunciantes de hechos de lavado de dinero y coimas<\/b> contra el exministro Jorge D\u2019Onofrio y Pablo Toviggino, el segundo de (Claudio Chiqui) Tapia, con enormes conexiones con Massa\u201d.<\/p>\n<figure><video height=\"720\" width=\"1280\" poster=\"https:\/\/cdn.jwplayer.com\/v2\/media\/Harz1rTc\/poster.jpg?width=1280\" preload=\"none\"><\/video><figcaption>Elisa Carri\u00f3 acompa\u00f1\u00f3 a Mat\u00edas Yofre en tribunales tras el allanamiento<\/figcaption><\/figure>\n<p>La exdiputada nacional caracteriz\u00f3 el operativo previo como una se\u00f1al intimidatoria: <b>\u201cMassa est\u00e1 desesperado\u201d <\/b>y cuestion\u00f3 el rol de los magistrados intervinientes en el expediente. \u201cM\u00e1s que el fiscal Camafreita, el que actu\u00f3 mal es el juez de garant\u00edas de San Isidro, que es Sergio Massa. \u00c9l controla gran parte de la Justicia de la provincia de Buenos Aires\u201d, afirm\u00f3 antes de ingresar a la fiscal\u00eda. Para la fundadora de la CC, el allanamiento represent\u00f3 <b>\u201cun mensaje mafioso\u201d<\/b>.<\/p>\n<h1>La pol\u00e9mica por el tel\u00e9fono celular y la orden judicial<\/h1>\n<p>Uno de los focos de conflicto durante la jornada gir\u00f3 en torno al <b>secuestro de dispositivos electr\u00f3nicos<\/b>. Carri\u00f3 denunci\u00f3 la falta de acceso a la documentaci\u00f3n oficial del procedimiento. \u201cLe ped\u00ed la orden de allanamiento al juez y no me la dieron. Quisieron venir a buscar la documentaci\u00f3n de la estafa de la AFA, que incluye a Massa, Tapia y Toviggino\u201d, indic\u00f3.<\/p>\n<p><img loading=\"lazy\" decoding=\"async\" src=\"https:\/\/resizer.glanacion.com\/resizer\/v2\/2JXXDRVCCBF3TOMF7UIWET6NBM.JPG?auth=46f417b40d05cf9cb3c68d8bc29c775e81acc67d651b7389fbe5d85fb38c4ecd&amp;smart=true&amp;width=1998&amp;height=1333\" alt=\"Elisa Carri\u00f3 manifest\u00f3 su apoyo a Mat\u00edas Yobre en tribunales \" height=\"1333\" width=\"1998\" \/><\/p>\n<p>Ante esta supuesta irregularidad, la dirigente reconoci\u00f3 una directiva espec\u00edfica que le imparti\u00f3 a su defendido para proteger la informaci\u00f3n. \u201cComo yo nunca supe la orden de allanamiento, le dije a Mat\u00edas:<b> \u2018tir\u00e1 el celular al mar\u2019, porque lo que est\u00e1n buscando es retener las pruebas\u201d<\/b>, admiti\u00f3. Yofe declar\u00f3 ante el fiscal no tener su tel\u00e9fono \u201cen este momento\u201d.<\/p>\n<p>En simult\u00e1neo, el abogado de la AFA, <b>Gregorio Dalbon<\/b>, quien no interviene en esta causa, se refiri\u00f3 al tema mediante la red social X: \u201cCuidado con los celulares y dispositivos electr\u00f3nicos que, cuando se abran, encontrar\u00e1n m\u00e1s pruebas\u201d.<\/p>\n<p><img loading=\"lazy\" decoding=\"async\" src=\"https:\/\/resizer.glanacion.com\/resizer\/v2\/SI5IOKHBCFEZZIAUXFSV4KXKSM.png?auth=f05d6086d7c0300de66dc3ebd4938ec08a6eac28032b661d46c1886abea0c239&amp;smart=true&amp;width=433&amp;height=178\" alt=\"El posteo de Gregorio Dalbon (X: @Gregoriodalbon)\" height=\"178\" width=\"433\" \/><\/p>\n<h1>El origen de la imputaci\u00f3n y los v\u00ednculos con la AFA<\/h1>\n<p>La Justicia imput\u00f3 a Yofe por <b>extorsi\u00f3n agravada<\/b> y lo acusa de integrar una presunta banda dedicada a realizar demandas judiciales para luego exigir dinero a los denunciados. Carri\u00f3 desestim\u00f3 la solidez de la prueba de cargo y cuestion\u00f3 la l\u00f3gica de la acusaci\u00f3n. \u201cExisti\u00f3 una denuncia del chofer de <b>D\u2019Onofrio <\/b>que habla de una conversaci\u00f3n con Mat\u00edas en campa\u00f1a, quien le habr\u00eda dicho que colabore en la investigaci\u00f3n a D\u2019Onofrio a cambio de dinero. <b>No s\u00e9 de d\u00f3nde sacar\u00eda la plata, si Yofe gana dos millones de pesos<\/b>\u201d, relat\u00f3.<\/p>\n<p>Yofe ocupa un cargo en la Legislatura porte\u00f1a y cobr\u00f3 notoriedad recientemente por denunciar el <a href=\"https:\/\/www.lanacion.com.ar\/politica\/pericia-oficial-la-mansion-de-pilar-que-se-adjudica-a-autoridades-de-la-afa-fue-valuada-en-20-nid30122025\/\" target=\"_self\" rel=\"\" title=\"https:\/\/www.lanacion.com.ar\/politica\/pericia-oficial-la-mansion-de-pilar-que-se-adjudica-a-autoridades-de-la-afa-fue-valuada-en-20-nid30122025\/\">caso de la<b> \u201cmansi\u00f3n de Pilar\u201d<\/b><\/a>. Este expediente indaga sobre presunta corrupci\u00f3n en la<b> Asociaci\u00f3n del F\u00fatbol Argentino <\/b>(AFA) y apunta contra el tesorero <b>Pablo Toviggino<\/b>. Una tasaci\u00f3n oficial valor\u00f3 esa <a href=\"https:\/\/www.lanacion.com.ar\/politica\/sur-finanzas-allanan-la-quinta-de-villa-rosa-sospechada-de-pertenecer-a-altos-dirigentes-de-la-afa-nid12122025\/\" target=\"_self\" rel=\"\" title=\"https:\/\/www.lanacion.com.ar\/politica\/sur-finanzas-allanan-la-quinta-de-villa-rosa-sospechada-de-pertenecer-a-altos-dirigentes-de-la-afa-nid12122025\/\">propiedad en Villa Rosa<\/a> y sus bienes en m\u00e1s de 20 millones de d\u00f3lares. El dirigente tambi\u00e9n impuls\u00f3 denuncias por <b>\u201cgraves irregularidades\u201d<\/b> vinculadas a las VTV en la provincia de Buenos Aires.<\/p>\n<p><img loading=\"lazy\" decoding=\"async\" src=\"https:\/\/resizer.glanacion.com\/resizer\/v2\/ZEXLZRZ7QVF2PE6FH6KJDTFKC4.jpeg?auth=512d65afeb99e64622488c81f3f700381a0ed2d189c2458f50a638c08aad2618&amp;smart=true&amp;width=2000&amp;height=1333\" alt=\"La Justicia acusa de integrar una presunta banda dedicada a realizar demandas judiciales para luego exigir dinero a los denunciados\" height=\"1333\" width=\"2000\" \/><\/p>\n<p>El <a href=\"https:\/\/www.lanacion.com.ar\/politica\/allanaron-la-casa-de-un-dirigente-de-la-cc-que-denuncio-a-los-jefes-de-la-afa-es-un-operativo-nid02012026\/\" target=\"_self\" rel=\"\" title=\"https:\/\/www.lanacion.com.ar\/politica\/allanaron-la-casa-de-un-dirigente-de-la-cc-que-denuncio-a-los-jefes-de-la-afa-es-un-operativo-nid02012026\/\">allanamiento policial<\/a> ocurri\u00f3 el viernes pasado mientras Yofe se encontraba en Mar del Plata. Seg\u00fan el acta judicial a la que accedi\u00f3 <b>LA NACION<\/b>, el imputado vio el expediente por primera vez hoy durante la audiencia.<\/p>\n<p>A la salida del juzgado, Yofe describi\u00f3 el impacto del procedimiento en su hogar y su familia. \u201cEstoy emocionado, no puedo hablar. <b>Con el allanamiento violaron a mi familia<\/b>. No puedo adelantar nada por pedido de mis abogados\u201d, expres\u00f3.<\/p>\n<p>El dirigente detall\u00f3 la situaci\u00f3n que vivi\u00f3 su pareja durante el ingreso de las fuerzas de seguridad. \u201cBuscaron da\u00f1arme en lo profundo de la intimidad de mi familia. Yo por cuestiones personales no estaba durante el allanamiento, donde violentaron a mi mujer, que est\u00e1 procesando un puerperio. En palabras de ella,<b> se siente violada. Se violaron todos los derechos, este procedimiento se hizo mal\u201d<\/b>, declar\u00f3 Yofe.<\/p>\n<figure><video height=\"720\" width=\"1280\" poster=\"https:\/\/cdn.jwplayer.com\/v2\/media\/MyJtKbVP\/poster.jpg?width=1280\" preload=\"none\"><\/video><figcaption>Las declaraciones de Mat\u00edas Yofre en tribunales tras el allanamiento <\/figcaption><\/figure>\n<h1>Estrategia de defensa y apoyos recibidos<\/h1>\n<p>La defensa de Yofe anticip\u00f3 su estrategia procesal inmediata para frenar la causa. Carri\u00f3 detall\u00f3 las acciones a seguir contra el procedimiento policial y el juez interviniente. \u201cEstamos impugnando el procedimiento policial.<b> Se va a pedir la nulidad. <\/b>Ya est\u00e1 todo encausado, no creo que haya otro procedimiento similar contra Mat\u00edas\u201d, asegur\u00f3.<\/p>\n<p>La l\u00edder de la CC confirm\u00f3 la recusaci\u00f3n del magistrado y critic\u00f3 la visi\u00f3n del fiscal sobre la magnitud de los actores involucrados. \u201cSe est\u00e1 recusando al juez Saettone y creo que el fiscal Camafreita no entendi\u00f3 el contexto: <b>la AFA es m\u00e1s grande que la corrupci\u00f3n kirchnerista\u201d<\/b>, concluy\u00f3.<\/p>\n<p><i>Este contenido fue producido por un equipo de LA NACION con la asistencia de la IA.<\/i><\/p>\n<p>\u200bLa l\u00edder de la Coalici\u00f3n C\u00edvica asisti\u00f3 a la fiscal\u00eda de Pilar para apoyar a Mat\u00edas Yofe. Vincul\u00f3 la causa con Sergio Massa y denunci\u00f3 una supuesta persecuci\u00f3n por investigar a la AFA.\u00a0\u00a0<\/p>","protected":false},"excerpt":{"rendered":"<p>Elisa Carri\u00f3 se present\u00f3 el pasado lunes 6 de enero, en la Unidad Funcional de&#8230;<\/p>\n","protected":false},"author":1,"featured_media":7784,"comment_status":"closed","ping_status":"closed","sticky":false,"template":"","format":"standard","meta":{"_jetpack_memberships_contains_paid_content":false,"footnotes":"","jetpack_publicize_message":"","jetpack_publicize_feature_enabled":true,"jetpack_social_post_already_shared":true,"jetpack_social_options":{"image_generator_settings":{"template":"highway","default_image_id":0,"font":"","enabled":false},"version":2}},"categories":[89],"tags":[],"class_list":["post-7783","post","type-post","status-publish","format-standard","has-post-thumbnail","hentry","category-nacionales"],"yoast_head":"<!-- This site is optimized with the Yoast SEO plugin v27.4 - https:\/\/yoast.com\/product\/yoast-seo-wordpress\/ -->\n<title>Qu\u00e9 dijo Elisa Carri\u00f3 tras acompa\u00f1ar a tribunales a un dirigente de la Coalici\u00f3n C\u00edvica allanado -<\/title>\n<meta name=\"robots\" content=\"index, follow, max-snippet:-1, max-image-preview:large, max-video-preview:-1\" \/>\n<link rel=\"canonical\" href=\"https:\/\/impactocastex.com.ar\/?p=7783\" \/>\n<meta property=\"og:locale\" content=\"es_ES\" \/>\n<meta property=\"og:type\" content=\"article\" \/>\n<meta property=\"og:title\" content=\"Qu\u00e9 dijo Elisa Carri\u00f3 tras acompa\u00f1ar a tribunales a un dirigente de la Coalici\u00f3n C\u00edvica allanado -\" \/>\n<meta property=\"og:description\" content=\"Elisa Carri\u00f3 se present\u00f3 el pasado lunes 6 de enero, en la Unidad Funcional de...\" \/>\n<meta property=\"og:url\" content=\"https:\/\/impactocastex.com.ar\/?p=7783\" \/>\n<meta property=\"article:publisher\" content=\"https:\/\/www.facebook.com\/impactocastexdiario\" \/>\n<meta property=\"article:published_time\" content=\"2026-01-06T18:36:18+00:00\" \/>\n<meta property=\"og:image\" content=\"https:\/\/resizer.glanacion.com\/resizer\/v2\/2JXXDRVCCBF3TOMF7UIWET6NBM.JPG?auth=46f417b40d05cf9cb3c68d8bc29c775e81acc67d651b7389fbe5d85fb38c4ecd&amp;smart=true&amp;width=1998&amp;height=1333\" \/>\n<meta name=\"author\" content=\"impactocastex\" \/>\n<meta name=\"twitter:card\" content=\"summary_large_image\" \/>\n<meta name=\"twitter:label1\" content=\"Escrito por\" \/>\n\t<meta name=\"twitter:data1\" content=\"impactocastex\" \/>\n\t<meta name=\"twitter:label2\" content=\"Tiempo de lectura\" \/>\n\t<meta name=\"twitter:data2\" content=\"5 minutos\" \/>\n<script type=\"application\/ld+json\" class=\"yoast-schema-graph\">{\"@context\":\"https:\\\/\\\/schema.org\",\"@graph\":[{\"@type\":\"Article\",\"@id\":\"https:\\\/\\\/impactocastex.com.ar\\\/?p=7783#article\",\"isPartOf\":{\"@id\":\"https:\\\/\\\/impactocastex.com.ar\\\/?p=7783\"},\"author\":{\"name\":\"impactocastex\",\"@id\":\"https:\\\/\\\/impactocastex.com.ar\\\/#\\\/schema\\\/person\\\/86cb4f827fb5f87869a239b98a69c6e3\"},\"headline\":\"Qu\u00e9 dijo Elisa Carri\u00f3 tras acompa\u00f1ar a tribunales a un dirigente de la Coalici\u00f3n C\u00edvica allanado\",\"datePublished\":\"2026-01-06T18:36:18+00:00\",\"mainEntityOfPage\":{\"@id\":\"https:\\\/\\\/impactocastex.com.ar\\\/?p=7783\"},\"wordCount\":971,\"publisher\":{\"@id\":\"https:\\\/\\\/impactocastex.com.ar\\\/#organization\"},\"image\":{\"@id\":\"https:\\\/\\\/impactocastex.com.ar\\\/?p=7783#primaryimage\"},\"thumbnailUrl\":\"https:\\\/\\\/impactocastex.com.ar\\\/wp-content\\\/uploads\\\/2026\\\/01\\\/DZX2NXXY6BDHPNBL64AH6SUHXA-ZCufC9.jpg\",\"articleSection\":[\"NACIONALES\"],\"inLanguage\":\"es\"},{\"@type\":\"WebPage\",\"@id\":\"https:\\\/\\\/impactocastex.com.ar\\\/?p=7783\",\"url\":\"https:\\\/\\\/impactocastex.com.ar\\\/?p=7783\",\"name\":\"Qu\u00e9 dijo Elisa Carri\u00f3 tras acompa\u00f1ar a tribunales a un dirigente de la Coalici\u00f3n C\u00edvica allanado -\",\"isPartOf\":{\"@id\":\"https:\\\/\\\/impactocastex.com.ar\\\/#website\"},\"primaryImageOfPage\":{\"@id\":\"https:\\\/\\\/impactocastex.com.ar\\\/?p=7783#primaryimage\"},\"image\":{\"@id\":\"https:\\\/\\\/impactocastex.com.ar\\\/?p=7783#primaryimage\"},\"thumbnailUrl\":\"https:\\\/\\\/impactocastex.com.ar\\\/wp-content\\\/uploads\\\/2026\\\/01\\\/DZX2NXXY6BDHPNBL64AH6SUHXA-ZCufC9.jpg\",\"datePublished\":\"2026-01-06T18:36:18+00:00\",\"breadcrumb\":{\"@id\":\"https:\\\/\\\/impactocastex.com.ar\\\/?p=7783#breadcrumb\"},\"inLanguage\":\"es\",\"potentialAction\":[{\"@type\":\"ReadAction\",\"target\":[\"https:\\\/\\\/impactocastex.com.ar\\\/?p=7783\"]}]},{\"@type\":\"ImageObject\",\"inLanguage\":\"es\",\"@id\":\"https:\\\/\\\/impactocastex.com.ar\\\/?p=7783#primaryimage\",\"url\":\"https:\\\/\\\/impactocastex.com.ar\\\/wp-content\\\/uploads\\\/2026\\\/01\\\/DZX2NXXY6BDHPNBL64AH6SUHXA-ZCufC9.jpg\",\"contentUrl\":\"https:\\\/\\\/impactocastex.com.ar\\\/wp-content\\\/uploads\\\/2026\\\/01\\\/DZX2NXXY6BDHPNBL64AH6SUHXA-ZCufC9.jpg\",\"width\":2000,\"height\":1333},{\"@type\":\"BreadcrumbList\",\"@id\":\"https:\\\/\\\/impactocastex.com.ar\\\/?p=7783#breadcrumb\",\"itemListElement\":[{\"@type\":\"ListItem\",\"position\":1,\"name\":\"Portada\",\"item\":\"https:\\\/\\\/impactocastex.com.ar\\\/\"},{\"@type\":\"ListItem\",\"position\":2,\"name\":\"Qu\u00e9 dijo Elisa Carri\u00f3 tras acompa\u00f1ar a tribunales a un dirigente de la Coalici\u00f3n C\u00edvica allanado\"}]},{\"@type\":\"WebSite\",\"@id\":\"https:\\\/\\\/impactocastex.com.ar\\\/#website\",\"url\":\"https:\\\/\\\/impactocastex.com.ar\\\/\",\"name\":\"Impacto Castex\",\"description\":\"\",\"publisher\":{\"@id\":\"https:\\\/\\\/impactocastex.com.ar\\\/#organization\"},\"potentialAction\":[{\"@type\":\"SearchAction\",\"target\":{\"@type\":\"EntryPoint\",\"urlTemplate\":\"https:\\\/\\\/impactocastex.com.ar\\\/?s={search_term_string}\"},\"query-input\":{\"@type\":\"PropertyValueSpecification\",\"valueRequired\":true,\"valueName\":\"search_term_string\"}}],\"inLanguage\":\"es\"},{\"@type\":\"Organization\",\"@id\":\"https:\\\/\\\/impactocastex.com.ar\\\/#organization\",\"name\":\"Impacto Castex\",\"url\":\"https:\\\/\\\/impactocastex.com.ar\\\/\",\"logo\":{\"@type\":\"ImageObject\",\"inLanguage\":\"es\",\"@id\":\"https:\\\/\\\/impactocastex.com.ar\\\/#\\\/schema\\\/logo\\\/image\\\/\",\"url\":\"https:\\\/\\\/impactocastex.com.ar\\\/wp-content\\\/uploads\\\/2025\\\/09\\\/cropped-icoweb.png\",\"contentUrl\":\"https:\\\/\\\/impactocastex.com.ar\\\/wp-content\\\/uploads\\\/2025\\\/09\\\/cropped-icoweb.png\",\"width\":512,\"height\":512,\"caption\":\"Impacto Castex\"},\"image\":{\"@id\":\"https:\\\/\\\/impactocastex.com.ar\\\/#\\\/schema\\\/logo\\\/image\\\/\"},\"sameAs\":[\"https:\\\/\\\/www.facebook.com\\\/impactocastexdiario\",\"https:\\\/\\\/www.instagram.com\\\/impactocastex.com.ar\\\/\"]},{\"@type\":\"Person\",\"@id\":\"https:\\\/\\\/impactocastex.com.ar\\\/#\\\/schema\\\/person\\\/86cb4f827fb5f87869a239b98a69c6e3\",\"name\":\"impactocastex\",\"image\":{\"@type\":\"ImageObject\",\"inLanguage\":\"es\",\"@id\":\"https:\\\/\\\/secure.gravatar.com\\\/avatar\\\/9a87ee051ca8c77f5d4070843ce2c78cdf95b858b950fb039151de955122f5f5?s=96&d=mm&r=g\",\"url\":\"https:\\\/\\\/secure.gravatar.com\\\/avatar\\\/9a87ee051ca8c77f5d4070843ce2c78cdf95b858b950fb039151de955122f5f5?s=96&d=mm&r=g\",\"contentUrl\":\"https:\\\/\\\/secure.gravatar.com\\\/avatar\\\/9a87ee051ca8c77f5d4070843ce2c78cdf95b858b950fb039151de955122f5f5?s=96&d=mm&r=g\",\"caption\":\"impactocastex\"},\"sameAs\":[\"https:\\\/\\\/impactocastex.com.ar\"],\"url\":\"https:\\\/\\\/impactocastex.com.ar\\\/?author=1\"}]}<\/script>\n<!-- \/ Yoast SEO plugin. -->","yoast_head_json":{"title":"Qu\u00e9 dijo Elisa Carri\u00f3 tras acompa\u00f1ar a tribunales a un dirigente de la Coalici\u00f3n C\u00edvica allanado -","robots":{"index":"index","follow":"follow","max-snippet":"max-snippet:-1","max-image-preview":"max-image-preview:large","max-video-preview":"max-video-preview:-1"},"canonical":"https:\/\/impactocastex.com.ar\/?p=7783","og_locale":"es_ES","og_type":"article","og_title":"Qu\u00e9 dijo Elisa Carri\u00f3 tras acompa\u00f1ar a tribunales a un dirigente de la Coalici\u00f3n C\u00edvica allanado -","og_description":"Elisa Carri\u00f3 se present\u00f3 el pasado lunes 6 de enero, en la Unidad Funcional de...","og_url":"https:\/\/impactocastex.com.ar\/?p=7783","article_publisher":"https:\/\/www.facebook.com\/impactocastexdiario","article_published_time":"2026-01-06T18:36:18+00:00","og_image":[{"url":"https:\/\/resizer.glanacion.com\/resizer\/v2\/2JXXDRVCCBF3TOMF7UIWET6NBM.JPG?auth=46f417b40d05cf9cb3c68d8bc29c775e81acc67d651b7389fbe5d85fb38c4ecd&amp;smart=true&amp;width=1998&amp;height=1333","type":"","width":"","height":""}],"author":"impactocastex","twitter_card":"summary_large_image","twitter_misc":{"Escrito por":"impactocastex","Tiempo de lectura":"5 minutos"},"schema":{"@context":"https:\/\/schema.org","@graph":[{"@type":"Article","@id":"https:\/\/impactocastex.com.ar\/?p=7783#article","isPartOf":{"@id":"https:\/\/impactocastex.com.ar\/?p=7783"},"author":{"name":"impactocastex","@id":"https:\/\/impactocastex.com.ar\/#\/schema\/person\/86cb4f827fb5f87869a239b98a69c6e3"},"headline":"Qu\u00e9 dijo Elisa Carri\u00f3 tras acompa\u00f1ar a tribunales a un dirigente de la Coalici\u00f3n C\u00edvica allanado","datePublished":"2026-01-06T18:36:18+00:00","mainEntityOfPage":{"@id":"https:\/\/impactocastex.com.ar\/?p=7783"},"wordCount":971,"publisher":{"@id":"https:\/\/impactocastex.com.ar\/#organization"},"image":{"@id":"https:\/\/impactocastex.com.ar\/?p=7783#primaryimage"},"thumbnailUrl":"https:\/\/impactocastex.com.ar\/wp-content\/uploads\/2026\/01\/DZX2NXXY6BDHPNBL64AH6SUHXA-ZCufC9.jpg","articleSection":["NACIONALES"],"inLanguage":"es"},{"@type":"WebPage","@id":"https:\/\/impactocastex.com.ar\/?p=7783","url":"https:\/\/impactocastex.com.ar\/?p=7783","name":"Qu\u00e9 dijo Elisa Carri\u00f3 tras acompa\u00f1ar a tribunales a un dirigente de la Coalici\u00f3n C\u00edvica allanado -","isPartOf":{"@id":"https:\/\/impactocastex.com.ar\/#website"},"primaryImageOfPage":{"@id":"https:\/\/impactocastex.com.ar\/?p=7783#primaryimage"},"image":{"@id":"https:\/\/impactocastex.com.ar\/?p=7783#primaryimage"},"thumbnailUrl":"https:\/\/impactocastex.com.ar\/wp-content\/uploads\/2026\/01\/DZX2NXXY6BDHPNBL64AH6SUHXA-ZCufC9.jpg","datePublished":"2026-01-06T18:36:18+00:00","breadcrumb":{"@id":"https:\/\/impactocastex.com.ar\/?p=7783#breadcrumb"},"inLanguage":"es","potentialAction":[{"@type":"ReadAction","target":["https:\/\/impactocastex.com.ar\/?p=7783"]}]},{"@type":"ImageObject","inLanguage":"es","@id":"https:\/\/impactocastex.com.ar\/?p=7783#primaryimage","url":"https:\/\/impactocastex.com.ar\/wp-content\/uploads\/2026\/01\/DZX2NXXY6BDHPNBL64AH6SUHXA-ZCufC9.jpg","contentUrl":"https:\/\/impactocastex.com.ar\/wp-content\/uploads\/2026\/01\/DZX2NXXY6BDHPNBL64AH6SUHXA-ZCufC9.jpg","width":2000,"height":1333},{"@type":"BreadcrumbList","@id":"https:\/\/impactocastex.com.ar\/?p=7783#breadcrumb","itemListElement":[{"@type":"ListItem","position":1,"name":"Portada","item":"https:\/\/impactocastex.com.ar\/"},{"@type":"ListItem","position":2,"name":"Qu\u00e9 dijo Elisa Carri\u00f3 tras acompa\u00f1ar a tribunales a un dirigente de la Coalici\u00f3n C\u00edvica allanado"}]},{"@type":"WebSite","@id":"https:\/\/impactocastex.com.ar\/#website","url":"https:\/\/impactocastex.com.ar\/","name":"Impacto Castex","description":"","publisher":{"@id":"https:\/\/impactocastex.com.ar\/#organization"},"potentialAction":[{"@type":"SearchAction","target":{"@type":"EntryPoint","urlTemplate":"https:\/\/impactocastex.com.ar\/?s={search_term_string}"},"query-input":{"@type":"PropertyValueSpecification","valueRequired":true,"valueName":"search_term_string"}}],"inLanguage":"es"},{"@type":"Organization","@id":"https:\/\/impactocastex.com.ar\/#organization","name":"Impacto Castex","url":"https:\/\/impactocastex.com.ar\/","logo":{"@type":"ImageObject","inLanguage":"es","@id":"https:\/\/impactocastex.com.ar\/#\/schema\/logo\/image\/","url":"https:\/\/impactocastex.com.ar\/wp-content\/uploads\/2025\/09\/cropped-icoweb.png","contentUrl":"https:\/\/impactocastex.com.ar\/wp-content\/uploads\/2025\/09\/cropped-icoweb.png","width":512,"height":512,"caption":"Impacto Castex"},"image":{"@id":"https:\/\/impactocastex.com.ar\/#\/schema\/logo\/image\/"},"sameAs":["https:\/\/www.facebook.com\/impactocastexdiario","https:\/\/www.instagram.com\/impactocastex.com.ar\/"]},{"@type":"Person","@id":"https:\/\/impactocastex.com.ar\/#\/schema\/person\/86cb4f827fb5f87869a239b98a69c6e3","name":"impactocastex","image":{"@type":"ImageObject","inLanguage":"es","@id":"https:\/\/secure.gravatar.com\/avatar\/9a87ee051ca8c77f5d4070843ce2c78cdf95b858b950fb039151de955122f5f5?s=96&d=mm&r=g","url":"https:\/\/secure.gravatar.com\/avatar\/9a87ee051ca8c77f5d4070843ce2c78cdf95b858b950fb039151de955122f5f5?s=96&d=mm&r=g","contentUrl":"https:\/\/secure.gravatar.com\/avatar\/9a87ee051ca8c77f5d4070843ce2c78cdf95b858b950fb039151de955122f5f5?s=96&d=mm&r=g","caption":"impactocastex"},"sameAs":["https:\/\/impactocastex.com.ar"],"url":"https:\/\/impactocastex.com.ar\/?author=1"}]}},"jetpack_publicize_connections":[],"featured_image_urls":{"full":["https:\/\/impactocastex.com.ar\/wp-content\/uploads\/2026\/01\/DZX2NXXY6BDHPNBL64AH6SUHXA-ZCufC9.jpg",2000,1333,false],"thumbnail":["https:\/\/impactocastex.com.ar\/wp-content\/uploads\/2026\/01\/DZX2NXXY6BDHPNBL64AH6SUHXA-ZCufC9-150x150.jpg",150,150,true],"medium":["https:\/\/impactocastex.com.ar\/wp-content\/uploads\/2026\/01\/DZX2NXXY6BDHPNBL64AH6SUHXA-ZCufC9-300x200.jpg",300,200,true],"medium_large":["https:\/\/impactocastex.com.ar\/wp-content\/uploads\/2026\/01\/DZX2NXXY6BDHPNBL64AH6SUHXA-ZCufC9-768x512.jpg",640,427,true],"large":["https:\/\/impactocastex.com.ar\/wp-content\/uploads\/2026\/01\/DZX2NXXY6BDHPNBL64AH6SUHXA-ZCufC9-1024x682.jpg",640,426,true],"1536x1536":["https:\/\/impactocastex.com.ar\/wp-content\/uploads\/2026\/01\/DZX2NXXY6BDHPNBL64AH6SUHXA-ZCufC9-1536x1024.jpg",1536,1024,true],"2048x2048":["https:\/\/impactocastex.com.ar\/wp-content\/uploads\/2026\/01\/DZX2NXXY6BDHPNBL64AH6SUHXA-ZCufC9.jpg",2000,1333,false],"newsever-slider-full":["https:\/\/impactocastex.com.ar\/wp-content\/uploads\/2026\/01\/DZX2NXXY6BDHPNBL64AH6SUHXA-ZCufC9-1280x845.jpg",1280,845,true],"newsever-featured":["https:\/\/impactocastex.com.ar\/wp-content\/uploads\/2026\/01\/DZX2NXXY6BDHPNBL64AH6SUHXA-ZCufC9-1024x682.jpg",1024,682,true],"newsever-medium":["https:\/\/impactocastex.com.ar\/wp-content\/uploads\/2026\/01\/DZX2NXXY6BDHPNBL64AH6SUHXA-ZCufC9-720x475.jpg",720,475,true]},"author_info":{"info":["impactocastex"]},"category_info":"<a href=\"https:\/\/impactocastex.com.ar\/?cat=89\" rel=\"category\">NACIONALES<\/a>","tag_info":"NACIONALES","comment_count":0,"jetpack_featured_media_url":"https:\/\/impactocastex.com.ar\/wp-content\/uploads\/2026\/01\/DZX2NXXY6BDHPNBL64AH6SUHXA-ZCufC9.jpg","jetpack_sharing_enabled":true,"jetpack_likes_enabled":true,"jetpack_shortlink":"https:\/\/wp.me\/p7sopA-21x","_links":{"self":[{"href":"https:\/\/impactocastex.com.ar\/index.php?rest_route=\/wp\/v2\/posts\/7783","targetHints":{"allow":["GET"]}}],"collection":[{"href":"https:\/\/impactocastex.com.ar\/index.php?rest_route=\/wp\/v2\/posts"}],"about":[{"href":"https:\/\/impactocastex.com.ar\/index.php?rest_route=\/wp\/v2\/types\/post"}],"author":[{"embeddable":true,"href":"https:\/\/impactocastex.com.ar\/index.php?rest_route=\/wp\/v2\/users\/1"}],"replies":[{"embeddable":true,"href":"https:\/\/impactocastex.com.ar\/index.php?rest_route=%2Fwp%2Fv2%2Fcomments&post=7783"}],"version-history":[{"count":0,"href":"https:\/\/impactocastex.com.ar\/index.php?rest_route=\/wp\/v2\/posts\/7783\/revisions"}],"wp:featuredmedia":[{"embeddable":true,"href":"https:\/\/impactocastex.com.ar\/index.php?rest_route=\/wp\/v2\/media\/7784"}],"wp:attachment":[{"href":"https:\/\/impactocastex.com.ar\/index.php?rest_route=%2Fwp%2Fv2%2Fmedia&parent=7783"}],"wp:term":[{"taxonomy":"category","embeddable":true,"href":"https:\/\/impactocastex.com.ar\/index.php?rest_route=%2Fwp%2Fv2%2Fcategories&post=7783"},{"taxonomy":"post_tag","embeddable":true,"href":"https:\/\/impactocastex.com.ar\/index.php?rest_route=%2Fwp%2Fv2%2Ftags&post=7783"}],"curies":[{"name":"wp","href":"https:\/\/api.w.org\/{rel}","templated":true}]}}