{"id":7742,"date":"2026-01-06T11:12:52","date_gmt":"2026-01-06T14:12:52","guid":{"rendered":"https:\/\/impactocastex.com.ar\/?p=7742"},"modified":"2026-01-06T11:12:54","modified_gmt":"2026-01-06T14:12:54","slug":"incendio-fatal-en-un-geriatrico-dos-muertos-y-37-heridos-tras-una-noche-de-terror","status":"publish","type":"post","link":"https:\/\/impactocastex.com.ar\/?p=7742","title":{"rendered":"Incendio fatal en un geri\u00e1trico: dos muertos y 37 heridos tras una noche de terror"},"content":{"rendered":"\n<p>El siniestro ocurri\u00f3 en una residencia de adultos mayores de Olavarr\u00eda. La mayor\u00eda de las v\u00edctimas sufri\u00f3 intoxicaci\u00f3n por mon\u00f3xido de carbono.<\/p>\n\n\n\n<figure class=\"wp-block-embed is-type-video is-provider-youtube wp-block-embed-youtube wp-embed-aspect-16-9 wp-has-aspect-ratio\"><div class=\"wp-block-embed__wrapper\">\n<iframe loading=\"lazy\" title=\"Incendio fatal en un geri\u00e1trico: dos muertos y 37 heridos tras una noche de terror\" width=\"640\" height=\"360\" src=\"https:\/\/www.youtube.com\/embed\/LtD5gf0v1bw?feature=oembed\" frameborder=\"0\" allow=\"accelerometer; autoplay; clipboard-write; encrypted-media; gyroscope; picture-in-picture; web-share\" referrerpolicy=\"strict-origin-when-cross-origin\" allowfullscreen><\/iframe>\n<\/div><\/figure>\n\n\n\n<p>Una noche de horror se vivi\u00f3 en la ciudad bonaerense de Olavarr\u00eda, donde un incendio de grandes proporciones en una residencia de adultos mayores dej\u00f3 como saldo dos personas fallecidas y 37 heridos con diversos grados de gravedad. El fuego se desat\u00f3 el lunes por la noche en el establecimiento ubicado en la intersecci\u00f3n de las calles 25 de Mayo y 110, en el barrio Isaura.<\/p>\n\n\n\n<p>De acuerdo a la informaci\u00f3n oficial, el primer alerta se recibi\u00f3 a las 21:36 horas. Al arribar la primera dotaci\u00f3n de bomberos, las llamas ya se encontraban generalizadas en el primer piso del edificio, lo que oblig\u00f3 a un despliegue de emergencia que involucr\u00f3 a 40 efectivos y ocho dotaciones de combate.<\/p>\n\n\n\n<figure class=\"wp-block-image\"><img decoding=\"async\" src=\"https:\/\/www.eldiariodelapampa.com.ar\/\/img\/publicaciones\/2026\/01\/06\/alta\/855191-t.jpg\" alt=\"\" \/><\/figure>\n\n\n\n<p>Rescate desesperado<\/p>\n\n\n\n<p>El operativo de evacuaci\u00f3n fue calificado como cr\u00edtico: los bomberos debieron utilizar escaleras y tablas para extraer a los residentes del primer piso mientras el humo invad\u00eda todo el recinto. En el lugar trabajaron cerca de veinte ambulancias, tanto p\u00fablicas como privadas, para trasladar a los afectados hacia los distintos centros de salud.<\/p>\n\n\n\n<p>Entre los 37 heridos, la gran mayor\u00eda presenta cuadros de intoxicaci\u00f3n por inhalaci\u00f3n de mon\u00f3xido de carbono. La gravedad del siniestro tambi\u00e9n alcanz\u00f3 a los rescatistas: tres bomberos resultaron heridos, y uno de ellos permanece internado en la Unidad de Terapia Intensiva (UTI) con asistencia respiratoria mec\u00e1nica.<\/p>\n\n\n\n<p>El origen del fuego<\/p>\n\n\n\n<p>Si bien las causas exactas est\u00e1n bajo investigaci\u00f3n de la Polic\u00eda Cient\u00edfica y especialistas de Azul, testimonios de trabajadores y residentes indican que las llamas habr\u00edan comenzado en una de las habitaciones de la planta baja antes de propagarse hacia el resto del inmueble.<\/p>\n\n\n\n<p>En cuanto a la situaci\u00f3n del geri\u00e1trico, las autoridades municipales aclararon que el lugar formaba parte de un programa local de evaluaci\u00f3n y seguimiento desde hace un a\u00f1o. Por estas horas, 25 pacientes permanecen en el Hospital Municipal, ocho en la Cl\u00ednica Mar\u00eda Auxiliadora y cuatro en el sanatorio Cemeda, varios de ellos recibiendo tratamiento en c\u00e1maras hiperb\u00e1ricas debido a la severa intoxicaci\u00f3n sufrida.<\/p>\n\n\n\n<figure class=\"wp-block-image\"><img decoding=\"async\" src=\"https:\/\/www.eldiariodelapampa.com.ar\/\/img\/publicaciones\/2026\/01\/06\/alta\/855179-t.jpg\" alt=\"\" \/><\/figure>\n","protected":false},"excerpt":{"rendered":"<p>El siniestro ocurri\u00f3 en una residencia de adultos mayores de Olavarr\u00eda. La mayor\u00eda de las&#8230;<\/p>\n","protected":false},"author":2,"featured_media":7743,"comment_status":"closed","ping_status":"closed","sticky":false,"template":"","format":"standard","meta":{"_jetpack_memberships_contains_paid_content":false,"footnotes":"","jetpack_publicize_message":"Incendio fatal en un geri\u00e1trico: dos muertos y 37 heridos tras una noche de terror","jetpack_publicize_feature_enabled":true,"jetpack_social_post_already_shared":false,"jetpack_social_options":{"image_generator_settings":{"template":"highway","default_image_id":0,"font":"","enabled":false},"version":2}},"categories":[85],"tags":[],"class_list":["post-7742","post","type-post","status-publish","format-standard","has-post-thumbnail","hentry","category-policiales"],"yoast_head":"<!-- This site is optimized with the Yoast SEO plugin v27.4 - https:\/\/yoast.com\/product\/yoast-seo-wordpress\/ -->\n<title>Incendio fatal en un geri\u00e1trico: dos muertos y 37 heridos tras una noche de terror -<\/title>\n<meta name=\"robots\" content=\"index, follow, max-snippet:-1, max-image-preview:large, max-video-preview:-1\" \/>\n<link rel=\"canonical\" href=\"https:\/\/impactocastex.com.ar\/?p=7742\" \/>\n<meta property=\"og:locale\" content=\"es_ES\" \/>\n<meta property=\"og:type\" content=\"article\" \/>\n<meta property=\"og:title\" content=\"Incendio fatal en un geri\u00e1trico: dos muertos y 37 heridos tras una noche de terror -\" \/>\n<meta property=\"og:description\" content=\"El siniestro ocurri\u00f3 en una residencia de adultos mayores de Olavarr\u00eda. La mayor\u00eda de las...\" \/>\n<meta property=\"og:url\" content=\"https:\/\/impactocastex.com.ar\/?p=7742\" \/>\n<meta property=\"article:publisher\" content=\"https:\/\/www.facebook.com\/impactocastexdiario\" \/>\n<meta property=\"article:published_time\" content=\"2026-01-06T14:12:52+00:00\" \/>\n<meta property=\"article:modified_time\" content=\"2026-01-06T14:12:54+00:00\" \/>\n<meta property=\"og:image\" content=\"https:\/\/impactocastex.com.ar\/wp-content\/uploads\/2026\/01\/855191-t.webp\" \/>\n\t<meta property=\"og:image:width\" content=\"780\" \/>\n\t<meta property=\"og:image:height\" content=\"448\" \/>\n\t<meta property=\"og:image:type\" content=\"image\/webp\" \/>\n<meta name=\"author\" content=\"impactocastex\" \/>\n<meta name=\"twitter:card\" content=\"summary_large_image\" \/>\n<meta name=\"twitter:label1\" content=\"Escrito por\" \/>\n\t<meta name=\"twitter:data1\" content=\"impactocastex\" \/>\n\t<meta name=\"twitter:label2\" content=\"Tiempo de lectura\" \/>\n\t<meta name=\"twitter:data2\" content=\"3 minutos\" \/>\n<script type=\"application\/ld+json\" class=\"yoast-schema-graph\">{\"@context\":\"https:\\\/\\\/schema.org\",\"@graph\":[{\"@type\":\"Article\",\"@id\":\"https:\\\/\\\/impactocastex.com.ar\\\/?p=7742#article\",\"isPartOf\":{\"@id\":\"https:\\\/\\\/impactocastex.com.ar\\\/?p=7742\"},\"author\":{\"name\":\"impactocastex\",\"@id\":\"https:\\\/\\\/impactocastex.com.ar\\\/#\\\/schema\\\/person\\\/c115028fb60f9bf49ce7550894b84ea7\"},\"headline\":\"Incendio fatal en un geri\u00e1trico: dos muertos y 37 heridos tras una noche de terror\",\"datePublished\":\"2026-01-06T14:12:52+00:00\",\"dateModified\":\"2026-01-06T14:12:54+00:00\",\"mainEntityOfPage\":{\"@id\":\"https:\\\/\\\/impactocastex.com.ar\\\/?p=7742\"},\"wordCount\":402,\"publisher\":{\"@id\":\"https:\\\/\\\/impactocastex.com.ar\\\/#organization\"},\"image\":{\"@id\":\"https:\\\/\\\/impactocastex.com.ar\\\/?p=7742#primaryimage\"},\"thumbnailUrl\":\"https:\\\/\\\/impactocastex.com.ar\\\/wp-content\\\/uploads\\\/2026\\\/01\\\/855191-t.webp\",\"articleSection\":[\"POLICIALES\"],\"inLanguage\":\"es\"},{\"@type\":\"WebPage\",\"@id\":\"https:\\\/\\\/impactocastex.com.ar\\\/?p=7742\",\"url\":\"https:\\\/\\\/impactocastex.com.ar\\\/?p=7742\",\"name\":\"Incendio fatal en un geri\u00e1trico: dos muertos y 37 heridos tras una noche de terror -\",\"isPartOf\":{\"@id\":\"https:\\\/\\\/impactocastex.com.ar\\\/#website\"},\"primaryImageOfPage\":{\"@id\":\"https:\\\/\\\/impactocastex.com.ar\\\/?p=7742#primaryimage\"},\"image\":{\"@id\":\"https:\\\/\\\/impactocastex.com.ar\\\/?p=7742#primaryimage\"},\"thumbnailUrl\":\"https:\\\/\\\/impactocastex.com.ar\\\/wp-content\\\/uploads\\\/2026\\\/01\\\/855191-t.webp\",\"datePublished\":\"2026-01-06T14:12:52+00:00\",\"dateModified\":\"2026-01-06T14:12:54+00:00\",\"breadcrumb\":{\"@id\":\"https:\\\/\\\/impactocastex.com.ar\\\/?p=7742#breadcrumb\"},\"inLanguage\":\"es\",\"potentialAction\":[{\"@type\":\"ReadAction\",\"target\":[\"https:\\\/\\\/impactocastex.com.ar\\\/?p=7742\"]}]},{\"@type\":\"ImageObject\",\"inLanguage\":\"es\",\"@id\":\"https:\\\/\\\/impactocastex.com.ar\\\/?p=7742#primaryimage\",\"url\":\"https:\\\/\\\/impactocastex.com.ar\\\/wp-content\\\/uploads\\\/2026\\\/01\\\/855191-t.webp\",\"contentUrl\":\"https:\\\/\\\/impactocastex.com.ar\\\/wp-content\\\/uploads\\\/2026\\\/01\\\/855191-t.webp\",\"width\":780,\"height\":448},{\"@type\":\"BreadcrumbList\",\"@id\":\"https:\\\/\\\/impactocastex.com.ar\\\/?p=7742#breadcrumb\",\"itemListElement\":[{\"@type\":\"ListItem\",\"position\":1,\"name\":\"Portada\",\"item\":\"https:\\\/\\\/impactocastex.com.ar\\\/\"},{\"@type\":\"ListItem\",\"position\":2,\"name\":\"Incendio fatal en un geri\u00e1trico: dos muertos y 37 heridos tras una noche de terror\"}]},{\"@type\":\"WebSite\",\"@id\":\"https:\\\/\\\/impactocastex.com.ar\\\/#website\",\"url\":\"https:\\\/\\\/impactocastex.com.ar\\\/\",\"name\":\"Impacto Castex\",\"description\":\"\",\"publisher\":{\"@id\":\"https:\\\/\\\/impactocastex.com.ar\\\/#organization\"},\"potentialAction\":[{\"@type\":\"SearchAction\",\"target\":{\"@type\":\"EntryPoint\",\"urlTemplate\":\"https:\\\/\\\/impactocastex.com.ar\\\/?s={search_term_string}\"},\"query-input\":{\"@type\":\"PropertyValueSpecification\",\"valueRequired\":true,\"valueName\":\"search_term_string\"}}],\"inLanguage\":\"es\"},{\"@type\":\"Organization\",\"@id\":\"https:\\\/\\\/impactocastex.com.ar\\\/#organization\",\"name\":\"Impacto Castex\",\"url\":\"https:\\\/\\\/impactocastex.com.ar\\\/\",\"logo\":{\"@type\":\"ImageObject\",\"inLanguage\":\"es\",\"@id\":\"https:\\\/\\\/impactocastex.com.ar\\\/#\\\/schema\\\/logo\\\/image\\\/\",\"url\":\"https:\\\/\\\/impactocastex.com.ar\\\/wp-content\\\/uploads\\\/2025\\\/09\\\/cropped-icoweb.png\",\"contentUrl\":\"https:\\\/\\\/impactocastex.com.ar\\\/wp-content\\\/uploads\\\/2025\\\/09\\\/cropped-icoweb.png\",\"width\":512,\"height\":512,\"caption\":\"Impacto Castex\"},\"image\":{\"@id\":\"https:\\\/\\\/impactocastex.com.ar\\\/#\\\/schema\\\/logo\\\/image\\\/\"},\"sameAs\":[\"https:\\\/\\\/www.facebook.com\\\/impactocastexdiario\",\"https:\\\/\\\/www.instagram.com\\\/impactocastex.com.ar\\\/\"]},{\"@type\":\"Person\",\"@id\":\"https:\\\/\\\/impactocastex.com.ar\\\/#\\\/schema\\\/person\\\/c115028fb60f9bf49ce7550894b84ea7\",\"name\":\"impactocastex\",\"image\":{\"@type\":\"ImageObject\",\"inLanguage\":\"es\",\"@id\":\"https:\\\/\\\/secure.gravatar.com\\\/avatar\\\/fee87e7af008f02e9becdc0b5a9fd4a2e79b3918a571edeacb62211704637833?s=96&d=mm&r=g\",\"url\":\"https:\\\/\\\/secure.gravatar.com\\\/avatar\\\/fee87e7af008f02e9becdc0b5a9fd4a2e79b3918a571edeacb62211704637833?s=96&d=mm&r=g\",\"contentUrl\":\"https:\\\/\\\/secure.gravatar.com\\\/avatar\\\/fee87e7af008f02e9becdc0b5a9fd4a2e79b3918a571edeacb62211704637833?s=96&d=mm&r=g\",\"caption\":\"impactocastex\"},\"sameAs\":[\"https:\\\/\\\/impactocastex.com.ar\\\/\"],\"url\":\"https:\\\/\\\/impactocastex.com.ar\\\/?author=2\"}]}<\/script>\n<!-- \/ Yoast SEO plugin. -->","yoast_head_json":{"title":"Incendio fatal en un geri\u00e1trico: dos muertos y 37 heridos tras una noche de terror -","robots":{"index":"index","follow":"follow","max-snippet":"max-snippet:-1","max-image-preview":"max-image-preview:large","max-video-preview":"max-video-preview:-1"},"canonical":"https:\/\/impactocastex.com.ar\/?p=7742","og_locale":"es_ES","og_type":"article","og_title":"Incendio fatal en un geri\u00e1trico: dos muertos y 37 heridos tras una noche de terror -","og_description":"El siniestro ocurri\u00f3 en una residencia de adultos mayores de Olavarr\u00eda. La mayor\u00eda de las...","og_url":"https:\/\/impactocastex.com.ar\/?p=7742","article_publisher":"https:\/\/www.facebook.com\/impactocastexdiario","article_published_time":"2026-01-06T14:12:52+00:00","article_modified_time":"2026-01-06T14:12:54+00:00","og_image":[{"width":780,"height":448,"url":"https:\/\/impactocastex.com.ar\/wp-content\/uploads\/2026\/01\/855191-t.webp","type":"image\/webp"}],"author":"impactocastex","twitter_card":"summary_large_image","twitter_misc":{"Escrito por":"impactocastex","Tiempo de lectura":"3 minutos"},"schema":{"@context":"https:\/\/schema.org","@graph":[{"@type":"Article","@id":"https:\/\/impactocastex.com.ar\/?p=7742#article","isPartOf":{"@id":"https:\/\/impactocastex.com.ar\/?p=7742"},"author":{"name":"impactocastex","@id":"https:\/\/impactocastex.com.ar\/#\/schema\/person\/c115028fb60f9bf49ce7550894b84ea7"},"headline":"Incendio fatal en un geri\u00e1trico: dos muertos y 37 heridos tras una noche de terror","datePublished":"2026-01-06T14:12:52+00:00","dateModified":"2026-01-06T14:12:54+00:00","mainEntityOfPage":{"@id":"https:\/\/impactocastex.com.ar\/?p=7742"},"wordCount":402,"publisher":{"@id":"https:\/\/impactocastex.com.ar\/#organization"},"image":{"@id":"https:\/\/impactocastex.com.ar\/?p=7742#primaryimage"},"thumbnailUrl":"https:\/\/impactocastex.com.ar\/wp-content\/uploads\/2026\/01\/855191-t.webp","articleSection":["POLICIALES"],"inLanguage":"es"},{"@type":"WebPage","@id":"https:\/\/impactocastex.com.ar\/?p=7742","url":"https:\/\/impactocastex.com.ar\/?p=7742","name":"Incendio fatal en un geri\u00e1trico: dos muertos y 37 heridos tras una noche de terror -","isPartOf":{"@id":"https:\/\/impactocastex.com.ar\/#website"},"primaryImageOfPage":{"@id":"https:\/\/impactocastex.com.ar\/?p=7742#primaryimage"},"image":{"@id":"https:\/\/impactocastex.com.ar\/?p=7742#primaryimage"},"thumbnailUrl":"https:\/\/impactocastex.com.ar\/wp-content\/uploads\/2026\/01\/855191-t.webp","datePublished":"2026-01-06T14:12:52+00:00","dateModified":"2026-01-06T14:12:54+00:00","breadcrumb":{"@id":"https:\/\/impactocastex.com.ar\/?p=7742#breadcrumb"},"inLanguage":"es","potentialAction":[{"@type":"ReadAction","target":["https:\/\/impactocastex.com.ar\/?p=7742"]}]},{"@type":"ImageObject","inLanguage":"es","@id":"https:\/\/impactocastex.com.ar\/?p=7742#primaryimage","url":"https:\/\/impactocastex.com.ar\/wp-content\/uploads\/2026\/01\/855191-t.webp","contentUrl":"https:\/\/impactocastex.com.ar\/wp-content\/uploads\/2026\/01\/855191-t.webp","width":780,"height":448},{"@type":"BreadcrumbList","@id":"https:\/\/impactocastex.com.ar\/?p=7742#breadcrumb","itemListElement":[{"@type":"ListItem","position":1,"name":"Portada","item":"https:\/\/impactocastex.com.ar\/"},{"@type":"ListItem","position":2,"name":"Incendio fatal en un geri\u00e1trico: dos muertos y 37 heridos tras una noche de terror"}]},{"@type":"WebSite","@id":"https:\/\/impactocastex.com.ar\/#website","url":"https:\/\/impactocastex.com.ar\/","name":"Impacto Castex","description":"","publisher":{"@id":"https:\/\/impactocastex.com.ar\/#organization"},"potentialAction":[{"@type":"SearchAction","target":{"@type":"EntryPoint","urlTemplate":"https:\/\/impactocastex.com.ar\/?s={search_term_string}"},"query-input":{"@type":"PropertyValueSpecification","valueRequired":true,"valueName":"search_term_string"}}],"inLanguage":"es"},{"@type":"Organization","@id":"https:\/\/impactocastex.com.ar\/#organization","name":"Impacto Castex","url":"https:\/\/impactocastex.com.ar\/","logo":{"@type":"ImageObject","inLanguage":"es","@id":"https:\/\/impactocastex.com.ar\/#\/schema\/logo\/image\/","url":"https:\/\/impactocastex.com.ar\/wp-content\/uploads\/2025\/09\/cropped-icoweb.png","contentUrl":"https:\/\/impactocastex.com.ar\/wp-content\/uploads\/2025\/09\/cropped-icoweb.png","width":512,"height":512,"caption":"Impacto Castex"},"image":{"@id":"https:\/\/impactocastex.com.ar\/#\/schema\/logo\/image\/"},"sameAs":["https:\/\/www.facebook.com\/impactocastexdiario","https:\/\/www.instagram.com\/impactocastex.com.ar\/"]},{"@type":"Person","@id":"https:\/\/impactocastex.com.ar\/#\/schema\/person\/c115028fb60f9bf49ce7550894b84ea7","name":"impactocastex","image":{"@type":"ImageObject","inLanguage":"es","@id":"https:\/\/secure.gravatar.com\/avatar\/fee87e7af008f02e9becdc0b5a9fd4a2e79b3918a571edeacb62211704637833?s=96&d=mm&r=g","url":"https:\/\/secure.gravatar.com\/avatar\/fee87e7af008f02e9becdc0b5a9fd4a2e79b3918a571edeacb62211704637833?s=96&d=mm&r=g","contentUrl":"https:\/\/secure.gravatar.com\/avatar\/fee87e7af008f02e9becdc0b5a9fd4a2e79b3918a571edeacb62211704637833?s=96&d=mm&r=g","caption":"impactocastex"},"sameAs":["https:\/\/impactocastex.com.ar\/"],"url":"https:\/\/impactocastex.com.ar\/?author=2"}]}},"jetpack_publicize_connections":[],"featured_image_urls":{"full":["https:\/\/impactocastex.com.ar\/wp-content\/uploads\/2026\/01\/855191-t.webp",780,448,false],"thumbnail":["https:\/\/impactocastex.com.ar\/wp-content\/uploads\/2026\/01\/855191-t-150x150.webp",150,150,true],"medium":["https:\/\/impactocastex.com.ar\/wp-content\/uploads\/2026\/01\/855191-t-300x172.webp",300,172,true],"medium_large":["https:\/\/impactocastex.com.ar\/wp-content\/uploads\/2026\/01\/855191-t-768x441.webp",640,368,true],"large":["https:\/\/impactocastex.com.ar\/wp-content\/uploads\/2026\/01\/855191-t.webp",640,368,false],"1536x1536":["https:\/\/impactocastex.com.ar\/wp-content\/uploads\/2026\/01\/855191-t.webp",780,448,false],"2048x2048":["https:\/\/impactocastex.com.ar\/wp-content\/uploads\/2026\/01\/855191-t.webp",780,448,false],"newsever-slider-full":["https:\/\/impactocastex.com.ar\/wp-content\/uploads\/2026\/01\/855191-t.webp",780,448,false],"newsever-featured":["https:\/\/impactocastex.com.ar\/wp-content\/uploads\/2026\/01\/855191-t.webp",780,448,false],"newsever-medium":["https:\/\/impactocastex.com.ar\/wp-content\/uploads\/2026\/01\/855191-t-720x448.webp",720,448,true]},"author_info":{"info":["impactocastex"]},"category_info":"<a href=\"https:\/\/impactocastex.com.ar\/?cat=85\" rel=\"category\">POLICIALES<\/a>","tag_info":"POLICIALES","comment_count":0,"jetpack_featured_media_url":"https:\/\/impactocastex.com.ar\/wp-content\/uploads\/2026\/01\/855191-t.webp","jetpack_sharing_enabled":true,"jetpack_likes_enabled":true,"jetpack_shortlink":"https:\/\/wp.me\/p7sopA-20S","_links":{"self":[{"href":"https:\/\/impactocastex.com.ar\/index.php?rest_route=\/wp\/v2\/posts\/7742","targetHints":{"allow":["GET"]}}],"collection":[{"href":"https:\/\/impactocastex.com.ar\/index.php?rest_route=\/wp\/v2\/posts"}],"about":[{"href":"https:\/\/impactocastex.com.ar\/index.php?rest_route=\/wp\/v2\/types\/post"}],"author":[{"embeddable":true,"href":"https:\/\/impactocastex.com.ar\/index.php?rest_route=\/wp\/v2\/users\/2"}],"replies":[{"embeddable":true,"href":"https:\/\/impactocastex.com.ar\/index.php?rest_route=%2Fwp%2Fv2%2Fcomments&post=7742"}],"version-history":[{"count":1,"href":"https:\/\/impactocastex.com.ar\/index.php?rest_route=\/wp\/v2\/posts\/7742\/revisions"}],"predecessor-version":[{"id":7744,"href":"https:\/\/impactocastex.com.ar\/index.php?rest_route=\/wp\/v2\/posts\/7742\/revisions\/7744"}],"wp:featuredmedia":[{"embeddable":true,"href":"https:\/\/impactocastex.com.ar\/index.php?rest_route=\/wp\/v2\/media\/7743"}],"wp:attachment":[{"href":"https:\/\/impactocastex.com.ar\/index.php?rest_route=%2Fwp%2Fv2%2Fmedia&parent=7742"}],"wp:term":[{"taxonomy":"category","embeddable":true,"href":"https:\/\/impactocastex.com.ar\/index.php?rest_route=%2Fwp%2Fv2%2Fcategories&post=7742"},{"taxonomy":"post_tag","embeddable":true,"href":"https:\/\/impactocastex.com.ar\/index.php?rest_route=%2Fwp%2Fv2%2Ftags&post=7742"}],"curies":[{"name":"wp","href":"https:\/\/api.w.org\/{rel}","templated":true}]}}