{"id":7732,"date":"2026-01-06T11:04:58","date_gmt":"2026-01-06T14:04:58","guid":{"rendered":"https:\/\/impactocastex.com.ar\/?p=7732"},"modified":"2026-01-06T11:04:59","modified_gmt":"2026-01-06T14:04:59","slug":"fuerte-caida-mensual-del-patentamiento-en-la-pampa","status":"publish","type":"post","link":"https:\/\/impactocastex.com.ar\/?p=7732","title":{"rendered":"Fuerte ca\u00edda mensual del patentamiento en La Pampa"},"content":{"rendered":"\n<p>A nivel nacional, el sector cerr\u00f3 un a\u00f1o de fuerte recuperaci\u00f3n.<\/p>\n\n\n\n<p><strong><\/strong><strong>La provincia cerr\u00f3 2025 con 7.911 veh\u00edculos patentados y un crecimiento interanual del 44,2%,<\/strong>&nbsp;aunque el \u00faltimo mes del a\u00f1o mostr\u00f3 se\u00f1ales de enfriamiento: en diciembre se registraron 244 unidades, apenas 1,6% menos que en igual mes de 2024 pero con una fuerte ca\u00edda intermensual del 40%.<\/p>\n\n\n\n<p>La Pampa registr\u00f3 en diciembre de 2025 un total de 244 veh\u00edculos patentados, lo que represent\u00f3 una baja del 1,6% respecto del mismo mes de 2024, pero evidenci\u00f3 una ca\u00edda muy marcada en la comparaci\u00f3n intermensual: frente a noviembre, el derrumbe fue del 40%, seg\u00fan el informe difundido por la Asociaci\u00f3n de Concesionarios de Automotores de la Rep\u00fablica Argentina (ACARA).<\/p>\n\n\n\n<p>M\u00e1s all\u00e1 del retroceso del \u00faltimo mes del a\u00f1o, el balance anual fue ampliamente positivo para el mercado automotor pampeano. Durante 2025 se patentaron 7.911 veh\u00edculos, frente a los 5.488 registrados en 2024, lo que equivale a una suba del 44,2% en t\u00e9rminos interanuales. Con ese desempe\u00f1o, la provincia se ubic\u00f3 en el puesto 16 del ranking nacional de patentamientos.<\/p>\n\n\n\n<p>El listado fue encabezado por la provincia de Buenos Aires, con 171.822 unidades patentadas en el a\u00f1o, mientras que en el otro extremo se ubic\u00f3 La Rioja, con 3.254 operaciones registradas.<\/p>\n\n\n\n<p>A nivel nacional, el sector tambi\u00e9n cerr\u00f3 un a\u00f1o de fuerte recuperaci\u00f3n. En todo el pa\u00eds se patentaron 612.178 veh\u00edculos durante 2025, cifra que implic\u00f3 un crecimiento del 47,8% en relaci\u00f3n con 2024, cuando se hab\u00edan registrado 414.211 unidades. Solo en diciembre se inscribieron 23.997 veh\u00edculos, con un incremento interanual del 10,3%, aunque con una ca\u00edda del 32,3% respecto de noviembre.<\/p>\n\n\n\n<p>Desde ACARA destacaron que el desempe\u00f1o anual estuvo impulsado por un primer semestre muy din\u00e1mico, la reaparici\u00f3n del cr\u00e9dito para la compra de autos y una mayor oferta de modelos, factores que posibilitaron retomar niveles de actividad que no se registraban desde 2018 y que alimentan expectativas positivas para el pr\u00f3ximo a\u00f1o.<\/p>\n\n\n\n<p>En cuanto al ranking de marcas, el informe remarca que 2025 estuvo marcado por una pulseada permanente entre Toyota y Volkswagen por el liderazgo del mercado, que finalmente qued\u00f3 en manos de la automotriz japonesa en el tramo final del a\u00f1o. M\u00e1s atr\u00e1s, Fiat, Renault y Ford se consolidaron entre las firmas con mayor presencia en ventas, mientras que Chevrolet y Peugeot mantuvieron su lugar entre las m\u00e1s elegidas. Citro\u00ebn, Jeep y Nissan completaron el top ten, con desempe\u00f1os dispares pero crecimiento sostenido en el acumulado anual.<\/p>\n\n\n\n<p>eldiariodelapampa<\/p>\n","protected":false},"excerpt":{"rendered":"<p>A nivel nacional, el sector cerr\u00f3 un a\u00f1o de fuerte recuperaci\u00f3n. La provincia cerr\u00f3 2025&#8230;<\/p>\n","protected":false},"author":2,"featured_media":7733,"comment_status":"closed","ping_status":"closed","sticky":false,"template":"","format":"standard","meta":{"_jetpack_memberships_contains_paid_content":false,"footnotes":"","jetpack_publicize_message":"Fuerte ca\u00edda mensual del patentamiento en La Pampa","jetpack_publicize_feature_enabled":true,"jetpack_social_post_already_shared":false,"jetpack_social_options":{"image_generator_settings":{"template":"highway","default_image_id":0,"font":"","enabled":false},"version":2}},"categories":[83],"tags":[],"class_list":["post-7732","post","type-post","status-publish","format-standard","has-post-thumbnail","hentry","category-la-pampa"],"yoast_head":"<!-- This site is optimized with the Yoast SEO plugin v27.4 - https:\/\/yoast.com\/product\/yoast-seo-wordpress\/ -->\n<title>Fuerte ca\u00edda mensual del patentamiento en La Pampa -<\/title>\n<meta name=\"robots\" content=\"index, follow, max-snippet:-1, max-image-preview:large, max-video-preview:-1\" \/>\n<link rel=\"canonical\" href=\"https:\/\/impactocastex.com.ar\/?p=7732\" \/>\n<meta property=\"og:locale\" content=\"es_ES\" \/>\n<meta property=\"og:type\" content=\"article\" \/>\n<meta property=\"og:title\" content=\"Fuerte ca\u00edda mensual del patentamiento en La Pampa -\" \/>\n<meta property=\"og:description\" content=\"A nivel nacional, el sector cerr\u00f3 un a\u00f1o de fuerte recuperaci\u00f3n. La provincia cerr\u00f3 2025...\" \/>\n<meta property=\"og:url\" content=\"https:\/\/impactocastex.com.ar\/?p=7732\" \/>\n<meta property=\"article:publisher\" content=\"https:\/\/www.facebook.com\/impactocastexdiario\" \/>\n<meta property=\"article:published_time\" content=\"2026-01-06T14:04:58+00:00\" \/>\n<meta property=\"article:modified_time\" content=\"2026-01-06T14:04:59+00:00\" \/>\n<meta property=\"og:image\" content=\"https:\/\/impactocastex.com.ar\/wp-content\/uploads\/2026\/01\/2132085.jpg\" \/>\n\t<meta property=\"og:image:width\" content=\"1200\" \/>\n\t<meta property=\"og:image:height\" content=\"631\" \/>\n\t<meta property=\"og:image:type\" content=\"image\/jpeg\" \/>\n<meta name=\"author\" content=\"impactocastex\" \/>\n<meta name=\"twitter:card\" content=\"summary_large_image\" \/>\n<meta name=\"twitter:label1\" content=\"Escrito por\" \/>\n\t<meta name=\"twitter:data1\" content=\"impactocastex\" \/>\n\t<meta name=\"twitter:label2\" content=\"Tiempo de lectura\" \/>\n\t<meta name=\"twitter:data2\" content=\"3 minutos\" \/>\n<script type=\"application\/ld+json\" class=\"yoast-schema-graph\">{\"@context\":\"https:\\\/\\\/schema.org\",\"@graph\":[{\"@type\":\"Article\",\"@id\":\"https:\\\/\\\/impactocastex.com.ar\\\/?p=7732#article\",\"isPartOf\":{\"@id\":\"https:\\\/\\\/impactocastex.com.ar\\\/?p=7732\"},\"author\":{\"name\":\"impactocastex\",\"@id\":\"https:\\\/\\\/impactocastex.com.ar\\\/#\\\/schema\\\/person\\\/c115028fb60f9bf49ce7550894b84ea7\"},\"headline\":\"Fuerte ca\u00edda mensual del patentamiento en La Pampa\",\"datePublished\":\"2026-01-06T14:04:58+00:00\",\"dateModified\":\"2026-01-06T14:04:59+00:00\",\"mainEntityOfPage\":{\"@id\":\"https:\\\/\\\/impactocastex.com.ar\\\/?p=7732\"},\"wordCount\":429,\"publisher\":{\"@id\":\"https:\\\/\\\/impactocastex.com.ar\\\/#organization\"},\"image\":{\"@id\":\"https:\\\/\\\/impactocastex.com.ar\\\/?p=7732#primaryimage\"},\"thumbnailUrl\":\"https:\\\/\\\/impactocastex.com.ar\\\/wp-content\\\/uploads\\\/2026\\\/01\\\/2132085.jpg\",\"articleSection\":[\"LA PAMPA\"],\"inLanguage\":\"es\"},{\"@type\":\"WebPage\",\"@id\":\"https:\\\/\\\/impactocastex.com.ar\\\/?p=7732\",\"url\":\"https:\\\/\\\/impactocastex.com.ar\\\/?p=7732\",\"name\":\"Fuerte ca\u00edda mensual del patentamiento en La Pampa -\",\"isPartOf\":{\"@id\":\"https:\\\/\\\/impactocastex.com.ar\\\/#website\"},\"primaryImageOfPage\":{\"@id\":\"https:\\\/\\\/impactocastex.com.ar\\\/?p=7732#primaryimage\"},\"image\":{\"@id\":\"https:\\\/\\\/impactocastex.com.ar\\\/?p=7732#primaryimage\"},\"thumbnailUrl\":\"https:\\\/\\\/impactocastex.com.ar\\\/wp-content\\\/uploads\\\/2026\\\/01\\\/2132085.jpg\",\"datePublished\":\"2026-01-06T14:04:58+00:00\",\"dateModified\":\"2026-01-06T14:04:59+00:00\",\"breadcrumb\":{\"@id\":\"https:\\\/\\\/impactocastex.com.ar\\\/?p=7732#breadcrumb\"},\"inLanguage\":\"es\",\"potentialAction\":[{\"@type\":\"ReadAction\",\"target\":[\"https:\\\/\\\/impactocastex.com.ar\\\/?p=7732\"]}]},{\"@type\":\"ImageObject\",\"inLanguage\":\"es\",\"@id\":\"https:\\\/\\\/impactocastex.com.ar\\\/?p=7732#primaryimage\",\"url\":\"https:\\\/\\\/impactocastex.com.ar\\\/wp-content\\\/uploads\\\/2026\\\/01\\\/2132085.jpg\",\"contentUrl\":\"https:\\\/\\\/impactocastex.com.ar\\\/wp-content\\\/uploads\\\/2026\\\/01\\\/2132085.jpg\",\"width\":1200,\"height\":631},{\"@type\":\"BreadcrumbList\",\"@id\":\"https:\\\/\\\/impactocastex.com.ar\\\/?p=7732#breadcrumb\",\"itemListElement\":[{\"@type\":\"ListItem\",\"position\":1,\"name\":\"Portada\",\"item\":\"https:\\\/\\\/impactocastex.com.ar\\\/\"},{\"@type\":\"ListItem\",\"position\":2,\"name\":\"Fuerte ca\u00edda mensual del patentamiento en La Pampa\"}]},{\"@type\":\"WebSite\",\"@id\":\"https:\\\/\\\/impactocastex.com.ar\\\/#website\",\"url\":\"https:\\\/\\\/impactocastex.com.ar\\\/\",\"name\":\"Impacto Castex\",\"description\":\"\",\"publisher\":{\"@id\":\"https:\\\/\\\/impactocastex.com.ar\\\/#organization\"},\"potentialAction\":[{\"@type\":\"SearchAction\",\"target\":{\"@type\":\"EntryPoint\",\"urlTemplate\":\"https:\\\/\\\/impactocastex.com.ar\\\/?s={search_term_string}\"},\"query-input\":{\"@type\":\"PropertyValueSpecification\",\"valueRequired\":true,\"valueName\":\"search_term_string\"}}],\"inLanguage\":\"es\"},{\"@type\":\"Organization\",\"@id\":\"https:\\\/\\\/impactocastex.com.ar\\\/#organization\",\"name\":\"Impacto Castex\",\"url\":\"https:\\\/\\\/impactocastex.com.ar\\\/\",\"logo\":{\"@type\":\"ImageObject\",\"inLanguage\":\"es\",\"@id\":\"https:\\\/\\\/impactocastex.com.ar\\\/#\\\/schema\\\/logo\\\/image\\\/\",\"url\":\"https:\\\/\\\/impactocastex.com.ar\\\/wp-content\\\/uploads\\\/2025\\\/09\\\/cropped-icoweb.png\",\"contentUrl\":\"https:\\\/\\\/impactocastex.com.ar\\\/wp-content\\\/uploads\\\/2025\\\/09\\\/cropped-icoweb.png\",\"width\":512,\"height\":512,\"caption\":\"Impacto Castex\"},\"image\":{\"@id\":\"https:\\\/\\\/impactocastex.com.ar\\\/#\\\/schema\\\/logo\\\/image\\\/\"},\"sameAs\":[\"https:\\\/\\\/www.facebook.com\\\/impactocastexdiario\",\"https:\\\/\\\/www.instagram.com\\\/impactocastex.com.ar\\\/\"]},{\"@type\":\"Person\",\"@id\":\"https:\\\/\\\/impactocastex.com.ar\\\/#\\\/schema\\\/person\\\/c115028fb60f9bf49ce7550894b84ea7\",\"name\":\"impactocastex\",\"image\":{\"@type\":\"ImageObject\",\"inLanguage\":\"es\",\"@id\":\"https:\\\/\\\/secure.gravatar.com\\\/avatar\\\/fee87e7af008f02e9becdc0b5a9fd4a2e79b3918a571edeacb62211704637833?s=96&d=mm&r=g\",\"url\":\"https:\\\/\\\/secure.gravatar.com\\\/avatar\\\/fee87e7af008f02e9becdc0b5a9fd4a2e79b3918a571edeacb62211704637833?s=96&d=mm&r=g\",\"contentUrl\":\"https:\\\/\\\/secure.gravatar.com\\\/avatar\\\/fee87e7af008f02e9becdc0b5a9fd4a2e79b3918a571edeacb62211704637833?s=96&d=mm&r=g\",\"caption\":\"impactocastex\"},\"sameAs\":[\"https:\\\/\\\/impactocastex.com.ar\\\/\"],\"url\":\"https:\\\/\\\/impactocastex.com.ar\\\/?author=2\"}]}<\/script>\n<!-- \/ Yoast SEO plugin. -->","yoast_head_json":{"title":"Fuerte ca\u00edda mensual del patentamiento en La Pampa -","robots":{"index":"index","follow":"follow","max-snippet":"max-snippet:-1","max-image-preview":"max-image-preview:large","max-video-preview":"max-video-preview:-1"},"canonical":"https:\/\/impactocastex.com.ar\/?p=7732","og_locale":"es_ES","og_type":"article","og_title":"Fuerte ca\u00edda mensual del patentamiento en La Pampa -","og_description":"A nivel nacional, el sector cerr\u00f3 un a\u00f1o de fuerte recuperaci\u00f3n. La provincia cerr\u00f3 2025...","og_url":"https:\/\/impactocastex.com.ar\/?p=7732","article_publisher":"https:\/\/www.facebook.com\/impactocastexdiario","article_published_time":"2026-01-06T14:04:58+00:00","article_modified_time":"2026-01-06T14:04:59+00:00","og_image":[{"width":1200,"height":631,"url":"https:\/\/impactocastex.com.ar\/wp-content\/uploads\/2026\/01\/2132085.jpg","type":"image\/jpeg"}],"author":"impactocastex","twitter_card":"summary_large_image","twitter_misc":{"Escrito por":"impactocastex","Tiempo de lectura":"3 minutos"},"schema":{"@context":"https:\/\/schema.org","@graph":[{"@type":"Article","@id":"https:\/\/impactocastex.com.ar\/?p=7732#article","isPartOf":{"@id":"https:\/\/impactocastex.com.ar\/?p=7732"},"author":{"name":"impactocastex","@id":"https:\/\/impactocastex.com.ar\/#\/schema\/person\/c115028fb60f9bf49ce7550894b84ea7"},"headline":"Fuerte ca\u00edda mensual del patentamiento en La Pampa","datePublished":"2026-01-06T14:04:58+00:00","dateModified":"2026-01-06T14:04:59+00:00","mainEntityOfPage":{"@id":"https:\/\/impactocastex.com.ar\/?p=7732"},"wordCount":429,"publisher":{"@id":"https:\/\/impactocastex.com.ar\/#organization"},"image":{"@id":"https:\/\/impactocastex.com.ar\/?p=7732#primaryimage"},"thumbnailUrl":"https:\/\/impactocastex.com.ar\/wp-content\/uploads\/2026\/01\/2132085.jpg","articleSection":["LA PAMPA"],"inLanguage":"es"},{"@type":"WebPage","@id":"https:\/\/impactocastex.com.ar\/?p=7732","url":"https:\/\/impactocastex.com.ar\/?p=7732","name":"Fuerte ca\u00edda mensual del patentamiento en La Pampa -","isPartOf":{"@id":"https:\/\/impactocastex.com.ar\/#website"},"primaryImageOfPage":{"@id":"https:\/\/impactocastex.com.ar\/?p=7732#primaryimage"},"image":{"@id":"https:\/\/impactocastex.com.ar\/?p=7732#primaryimage"},"thumbnailUrl":"https:\/\/impactocastex.com.ar\/wp-content\/uploads\/2026\/01\/2132085.jpg","datePublished":"2026-01-06T14:04:58+00:00","dateModified":"2026-01-06T14:04:59+00:00","breadcrumb":{"@id":"https:\/\/impactocastex.com.ar\/?p=7732#breadcrumb"},"inLanguage":"es","potentialAction":[{"@type":"ReadAction","target":["https:\/\/impactocastex.com.ar\/?p=7732"]}]},{"@type":"ImageObject","inLanguage":"es","@id":"https:\/\/impactocastex.com.ar\/?p=7732#primaryimage","url":"https:\/\/impactocastex.com.ar\/wp-content\/uploads\/2026\/01\/2132085.jpg","contentUrl":"https:\/\/impactocastex.com.ar\/wp-content\/uploads\/2026\/01\/2132085.jpg","width":1200,"height":631},{"@type":"BreadcrumbList","@id":"https:\/\/impactocastex.com.ar\/?p=7732#breadcrumb","itemListElement":[{"@type":"ListItem","position":1,"name":"Portada","item":"https:\/\/impactocastex.com.ar\/"},{"@type":"ListItem","position":2,"name":"Fuerte ca\u00edda mensual del patentamiento en La Pampa"}]},{"@type":"WebSite","@id":"https:\/\/impactocastex.com.ar\/#website","url":"https:\/\/impactocastex.com.ar\/","name":"Impacto Castex","description":"","publisher":{"@id":"https:\/\/impactocastex.com.ar\/#organization"},"potentialAction":[{"@type":"SearchAction","target":{"@type":"EntryPoint","urlTemplate":"https:\/\/impactocastex.com.ar\/?s={search_term_string}"},"query-input":{"@type":"PropertyValueSpecification","valueRequired":true,"valueName":"search_term_string"}}],"inLanguage":"es"},{"@type":"Organization","@id":"https:\/\/impactocastex.com.ar\/#organization","name":"Impacto Castex","url":"https:\/\/impactocastex.com.ar\/","logo":{"@type":"ImageObject","inLanguage":"es","@id":"https:\/\/impactocastex.com.ar\/#\/schema\/logo\/image\/","url":"https:\/\/impactocastex.com.ar\/wp-content\/uploads\/2025\/09\/cropped-icoweb.png","contentUrl":"https:\/\/impactocastex.com.ar\/wp-content\/uploads\/2025\/09\/cropped-icoweb.png","width":512,"height":512,"caption":"Impacto Castex"},"image":{"@id":"https:\/\/impactocastex.com.ar\/#\/schema\/logo\/image\/"},"sameAs":["https:\/\/www.facebook.com\/impactocastexdiario","https:\/\/www.instagram.com\/impactocastex.com.ar\/"]},{"@type":"Person","@id":"https:\/\/impactocastex.com.ar\/#\/schema\/person\/c115028fb60f9bf49ce7550894b84ea7","name":"impactocastex","image":{"@type":"ImageObject","inLanguage":"es","@id":"https:\/\/secure.gravatar.com\/avatar\/fee87e7af008f02e9becdc0b5a9fd4a2e79b3918a571edeacb62211704637833?s=96&d=mm&r=g","url":"https:\/\/secure.gravatar.com\/avatar\/fee87e7af008f02e9becdc0b5a9fd4a2e79b3918a571edeacb62211704637833?s=96&d=mm&r=g","contentUrl":"https:\/\/secure.gravatar.com\/avatar\/fee87e7af008f02e9becdc0b5a9fd4a2e79b3918a571edeacb62211704637833?s=96&d=mm&r=g","caption":"impactocastex"},"sameAs":["https:\/\/impactocastex.com.ar\/"],"url":"https:\/\/impactocastex.com.ar\/?author=2"}]}},"jetpack_publicize_connections":[],"featured_image_urls":{"full":["https:\/\/impactocastex.com.ar\/wp-content\/uploads\/2026\/01\/2132085.jpg",1200,631,false],"thumbnail":["https:\/\/impactocastex.com.ar\/wp-content\/uploads\/2026\/01\/2132085-150x150.jpg",150,150,true],"medium":["https:\/\/impactocastex.com.ar\/wp-content\/uploads\/2026\/01\/2132085-300x158.jpg",300,158,true],"medium_large":["https:\/\/impactocastex.com.ar\/wp-content\/uploads\/2026\/01\/2132085-768x404.jpg",640,337,true],"large":["https:\/\/impactocastex.com.ar\/wp-content\/uploads\/2026\/01\/2132085-1024x538.jpg",640,336,true],"1536x1536":["https:\/\/impactocastex.com.ar\/wp-content\/uploads\/2026\/01\/2132085.jpg",1200,631,false],"2048x2048":["https:\/\/impactocastex.com.ar\/wp-content\/uploads\/2026\/01\/2132085.jpg",1200,631,false],"newsever-slider-full":["https:\/\/impactocastex.com.ar\/wp-content\/uploads\/2026\/01\/2132085.jpg",1200,631,false],"newsever-featured":["https:\/\/impactocastex.com.ar\/wp-content\/uploads\/2026\/01\/2132085-1024x538.jpg",1024,538,true],"newsever-medium":["https:\/\/impactocastex.com.ar\/wp-content\/uploads\/2026\/01\/2132085-720x475.jpg",720,475,true]},"author_info":{"info":["impactocastex"]},"category_info":"<a href=\"https:\/\/impactocastex.com.ar\/?cat=83\" rel=\"category\">LA PAMPA<\/a>","tag_info":"LA PAMPA","comment_count":0,"jetpack_featured_media_url":"https:\/\/impactocastex.com.ar\/wp-content\/uploads\/2026\/01\/2132085.jpg","jetpack_sharing_enabled":true,"jetpack_likes_enabled":true,"jetpack_shortlink":"https:\/\/wp.me\/p7sopA-20I","_links":{"self":[{"href":"https:\/\/impactocastex.com.ar\/index.php?rest_route=\/wp\/v2\/posts\/7732","targetHints":{"allow":["GET"]}}],"collection":[{"href":"https:\/\/impactocastex.com.ar\/index.php?rest_route=\/wp\/v2\/posts"}],"about":[{"href":"https:\/\/impactocastex.com.ar\/index.php?rest_route=\/wp\/v2\/types\/post"}],"author":[{"embeddable":true,"href":"https:\/\/impactocastex.com.ar\/index.php?rest_route=\/wp\/v2\/users\/2"}],"replies":[{"embeddable":true,"href":"https:\/\/impactocastex.com.ar\/index.php?rest_route=%2Fwp%2Fv2%2Fcomments&post=7732"}],"version-history":[{"count":1,"href":"https:\/\/impactocastex.com.ar\/index.php?rest_route=\/wp\/v2\/posts\/7732\/revisions"}],"predecessor-version":[{"id":7734,"href":"https:\/\/impactocastex.com.ar\/index.php?rest_route=\/wp\/v2\/posts\/7732\/revisions\/7734"}],"wp:featuredmedia":[{"embeddable":true,"href":"https:\/\/impactocastex.com.ar\/index.php?rest_route=\/wp\/v2\/media\/7733"}],"wp:attachment":[{"href":"https:\/\/impactocastex.com.ar\/index.php?rest_route=%2Fwp%2Fv2%2Fmedia&parent=7732"}],"wp:term":[{"taxonomy":"category","embeddable":true,"href":"https:\/\/impactocastex.com.ar\/index.php?rest_route=%2Fwp%2Fv2%2Fcategories&post=7732"},{"taxonomy":"post_tag","embeddable":true,"href":"https:\/\/impactocastex.com.ar\/index.php?rest_route=%2Fwp%2Fv2%2Ftags&post=7732"}],"curies":[{"name":"wp","href":"https:\/\/api.w.org\/{rel}","templated":true}]}}