{"id":7727,"date":"2026-01-06T11:00:36","date_gmt":"2026-01-06T14:00:36","guid":{"rendered":"https:\/\/impactocastex.com.ar\/?p=7727"},"modified":"2026-01-06T11:00:37","modified_gmt":"2026-01-06T14:00:37","slug":"incendio-de-pastizales-en-el-predio-del-aeropuerto-local","status":"publish","type":"post","link":"https:\/\/impactocastex.com.ar\/?p=7727","title":{"rendered":"Incendio de pastizales en el predio del Aeropuerto local"},"content":{"rendered":"\n<p>Trabajan varias dotaciones para controlar las llamas.El fuego se desat\u00f3 este martes por la ma\u00f1ana en un sector de vegetaci\u00f3n seca dentro del per\u00edmetro de la terminal a\u00e9rea santarrose\u00f1a. El humo afecta la visibilidad en la zona de la ruta nacional 35. Bomberos y personal de seguridad aeroportuaria operan en el lugar.<\/p>\n\n\n\n<p>Un incendio de pastizales de dimensiones considerables afecta desde hace instantes el predio del Aeropuerto de Santa Rosa, generando una intensa movilizaci\u00f3n de los servicios de emergencia. El foco \u00edgneo se concentra en una zona de vegetaci\u00f3n seca, lo que facilit\u00f3 la r\u00e1pida propagaci\u00f3n de las llamas.<\/p>\n\n\n\n<figure class=\"wp-block-embed is-type-rich is-provider-gestor-del-servicio wp-block-embed-gestor-del-servicio wp-embed-aspect-16-9 wp-has-aspect-ratio\"><div class=\"wp-block-embed__wrapper\">\n<iframe loading=\"lazy\" title=\"Incendio de pastizales en el predio del Aeropuerto local\" width=\"640\" height=\"360\" src=\"https:\/\/www.youtube.com\/embed\/JiFFGnEdoeA?feature=oembed\" frameborder=\"0\" allow=\"accelerometer; autoplay; clipboard-write; encrypted-media; gyroscope; picture-in-picture; web-share\" referrerpolicy=\"strict-origin-when-cross-origin\" allowfullscreen><\/iframe>\n<\/div><\/figure>\n\n\n\n<p>Seg\u00fan las primeras informaciones y las im\u00e1genes captadas por<strong>&nbsp;El Diario&nbsp;<\/strong>en el lugar, la densa columna de humo es visible desde varios kil\u00f3metros a la redonda, lo que obliga a circular con extrema precauci\u00f3n por el sector norte de la ciudad.<\/p>\n\n\n\n<p>En el sitio trabajan dotaciones de Bomberos de la Polic\u00eda de La Pampa, con el apoyo de la unidad de salvamento y extinci\u00f3n de incendios propia de la terminal a\u00e9rea. La prioridad de los brigadistas es circunscribir el per\u00edmetro para evitar que el fuego se acerque a las estructuras edilicias o afecte el normal funcionamiento de la pista de aterrizaje.<\/p>\n\n\n\n<figure class=\"wp-block-embed is-type-rich is-provider-gestor-del-servicio wp-block-embed-gestor-del-servicio wp-embed-aspect-16-9 wp-has-aspect-ratio\"><div class=\"wp-block-embed__wrapper\">\n<iframe loading=\"lazy\" title=\"Incendio de pastizales en el predio del Aeropuerto local\" width=\"640\" height=\"360\" src=\"https:\/\/www.youtube.com\/embed\/4yLu-_rfXow?feature=oembed\" frameborder=\"0\" allow=\"accelerometer; autoplay; clipboard-write; encrypted-media; gyroscope; picture-in-picture; web-share\" referrerpolicy=\"strict-origin-when-cross-origin\" allowfullscreen><\/iframe>\n<\/div><\/figure>\n\n\n\n<p>Hasta el momento, las autoridades de Aeropuertos Argentina no han informado de manera oficial si existe una suspensi\u00f3n o demora en los vuelos programados para la jornada. No obstante, el personal de seguridad aeroportuaria se encuentra colaborando en el ordenamiento del \u00e1rea para facilitar el ingreso y egreso de las unidades de emergencia.<\/p>\n\n\n\n<p>Se desconocen a\u00fan las causas que originaron el inicio del fuego, aunque no se descarta que haya sido producto de una combusti\u00f3n espont\u00e1nea agravada por el estado de los pastos o un factor externo.<\/p>\n\n\n\n<p>eldiariodelapampa.<\/p>\n","protected":false},"excerpt":{"rendered":"<p>Trabajan varias dotaciones para controlar las llamas.El fuego se desat\u00f3 este martes por la ma\u00f1ana&#8230;<\/p>\n","protected":false},"author":2,"featured_media":7730,"comment_status":"closed","ping_status":"closed","sticky":false,"template":"","format":"standard","meta":{"_jetpack_memberships_contains_paid_content":false,"footnotes":"","jetpack_publicize_message":"Incendio de pastizales en el predio del Aeropuerto local","jetpack_publicize_feature_enabled":true,"jetpack_social_post_already_shared":false,"jetpack_social_options":{"image_generator_settings":{"template":"highway","default_image_id":0,"font":"","enabled":false},"version":2}},"categories":[83],"tags":[],"class_list":["post-7727","post","type-post","status-publish","format-standard","has-post-thumbnail","hentry","category-la-pampa"],"yoast_head":"<!-- This site is optimized with the Yoast SEO plugin v27.4 - https:\/\/yoast.com\/product\/yoast-seo-wordpress\/ -->\n<title>Incendio de pastizales en el predio del Aeropuerto local -<\/title>\n<meta name=\"robots\" content=\"index, follow, max-snippet:-1, max-image-preview:large, max-video-preview:-1\" \/>\n<link rel=\"canonical\" href=\"https:\/\/impactocastex.com.ar\/?p=7727\" \/>\n<meta property=\"og:locale\" content=\"es_ES\" \/>\n<meta property=\"og:type\" content=\"article\" \/>\n<meta property=\"og:title\" content=\"Incendio de pastizales en el predio del Aeropuerto local -\" \/>\n<meta property=\"og:description\" content=\"Trabajan varias dotaciones para controlar las llamas.El fuego se desat\u00f3 este martes por la ma\u00f1ana...\" \/>\n<meta property=\"og:url\" content=\"https:\/\/impactocastex.com.ar\/?p=7727\" \/>\n<meta property=\"article:publisher\" content=\"https:\/\/www.facebook.com\/impactocastexdiario\" \/>\n<meta property=\"article:published_time\" content=\"2026-01-06T14:00:36+00:00\" \/>\n<meta property=\"article:modified_time\" content=\"2026-01-06T14:00:37+00:00\" \/>\n<meta property=\"og:image\" content=\"https:\/\/impactocastex.com.ar\/wp-content\/uploads\/2026\/01\/2132097.jpg\" \/>\n\t<meta property=\"og:image:width\" content=\"1200\" \/>\n\t<meta property=\"og:image:height\" content=\"631\" \/>\n\t<meta property=\"og:image:type\" content=\"image\/jpeg\" \/>\n<meta name=\"author\" content=\"impactocastex\" \/>\n<meta name=\"twitter:card\" content=\"summary_large_image\" \/>\n<meta name=\"twitter:label1\" content=\"Escrito por\" \/>\n\t<meta name=\"twitter:data1\" content=\"impactocastex\" \/>\n\t<meta name=\"twitter:label2\" content=\"Tiempo de lectura\" \/>\n\t<meta name=\"twitter:data2\" content=\"2 minutos\" \/>\n<script type=\"application\/ld+json\" class=\"yoast-schema-graph\">{\"@context\":\"https:\\\/\\\/schema.org\",\"@graph\":[{\"@type\":\"Article\",\"@id\":\"https:\\\/\\\/impactocastex.com.ar\\\/?p=7727#article\",\"isPartOf\":{\"@id\":\"https:\\\/\\\/impactocastex.com.ar\\\/?p=7727\"},\"author\":{\"name\":\"impactocastex\",\"@id\":\"https:\\\/\\\/impactocastex.com.ar\\\/#\\\/schema\\\/person\\\/c115028fb60f9bf49ce7550894b84ea7\"},\"headline\":\"Incendio de pastizales en el predio del Aeropuerto local\",\"datePublished\":\"2026-01-06T14:00:36+00:00\",\"dateModified\":\"2026-01-06T14:00:37+00:00\",\"mainEntityOfPage\":{\"@id\":\"https:\\\/\\\/impactocastex.com.ar\\\/?p=7727\"},\"wordCount\":334,\"publisher\":{\"@id\":\"https:\\\/\\\/impactocastex.com.ar\\\/#organization\"},\"image\":{\"@id\":\"https:\\\/\\\/impactocastex.com.ar\\\/?p=7727#primaryimage\"},\"thumbnailUrl\":\"https:\\\/\\\/impactocastex.com.ar\\\/wp-content\\\/uploads\\\/2026\\\/01\\\/2132097.jpg\",\"articleSection\":[\"LA PAMPA\"],\"inLanguage\":\"es\"},{\"@type\":\"WebPage\",\"@id\":\"https:\\\/\\\/impactocastex.com.ar\\\/?p=7727\",\"url\":\"https:\\\/\\\/impactocastex.com.ar\\\/?p=7727\",\"name\":\"Incendio de pastizales en el predio del Aeropuerto local -\",\"isPartOf\":{\"@id\":\"https:\\\/\\\/impactocastex.com.ar\\\/#website\"},\"primaryImageOfPage\":{\"@id\":\"https:\\\/\\\/impactocastex.com.ar\\\/?p=7727#primaryimage\"},\"image\":{\"@id\":\"https:\\\/\\\/impactocastex.com.ar\\\/?p=7727#primaryimage\"},\"thumbnailUrl\":\"https:\\\/\\\/impactocastex.com.ar\\\/wp-content\\\/uploads\\\/2026\\\/01\\\/2132097.jpg\",\"datePublished\":\"2026-01-06T14:00:36+00:00\",\"dateModified\":\"2026-01-06T14:00:37+00:00\",\"breadcrumb\":{\"@id\":\"https:\\\/\\\/impactocastex.com.ar\\\/?p=7727#breadcrumb\"},\"inLanguage\":\"es\",\"potentialAction\":[{\"@type\":\"ReadAction\",\"target\":[\"https:\\\/\\\/impactocastex.com.ar\\\/?p=7727\"]}]},{\"@type\":\"ImageObject\",\"inLanguage\":\"es\",\"@id\":\"https:\\\/\\\/impactocastex.com.ar\\\/?p=7727#primaryimage\",\"url\":\"https:\\\/\\\/impactocastex.com.ar\\\/wp-content\\\/uploads\\\/2026\\\/01\\\/2132097.jpg\",\"contentUrl\":\"https:\\\/\\\/impactocastex.com.ar\\\/wp-content\\\/uploads\\\/2026\\\/01\\\/2132097.jpg\",\"width\":1200,\"height\":631},{\"@type\":\"BreadcrumbList\",\"@id\":\"https:\\\/\\\/impactocastex.com.ar\\\/?p=7727#breadcrumb\",\"itemListElement\":[{\"@type\":\"ListItem\",\"position\":1,\"name\":\"Portada\",\"item\":\"https:\\\/\\\/impactocastex.com.ar\\\/\"},{\"@type\":\"ListItem\",\"position\":2,\"name\":\"Incendio de pastizales en el predio del Aeropuerto local\"}]},{\"@type\":\"WebSite\",\"@id\":\"https:\\\/\\\/impactocastex.com.ar\\\/#website\",\"url\":\"https:\\\/\\\/impactocastex.com.ar\\\/\",\"name\":\"Impacto Castex\",\"description\":\"\",\"publisher\":{\"@id\":\"https:\\\/\\\/impactocastex.com.ar\\\/#organization\"},\"potentialAction\":[{\"@type\":\"SearchAction\",\"target\":{\"@type\":\"EntryPoint\",\"urlTemplate\":\"https:\\\/\\\/impactocastex.com.ar\\\/?s={search_term_string}\"},\"query-input\":{\"@type\":\"PropertyValueSpecification\",\"valueRequired\":true,\"valueName\":\"search_term_string\"}}],\"inLanguage\":\"es\"},{\"@type\":\"Organization\",\"@id\":\"https:\\\/\\\/impactocastex.com.ar\\\/#organization\",\"name\":\"Impacto Castex\",\"url\":\"https:\\\/\\\/impactocastex.com.ar\\\/\",\"logo\":{\"@type\":\"ImageObject\",\"inLanguage\":\"es\",\"@id\":\"https:\\\/\\\/impactocastex.com.ar\\\/#\\\/schema\\\/logo\\\/image\\\/\",\"url\":\"https:\\\/\\\/impactocastex.com.ar\\\/wp-content\\\/uploads\\\/2025\\\/09\\\/cropped-icoweb.png\",\"contentUrl\":\"https:\\\/\\\/impactocastex.com.ar\\\/wp-content\\\/uploads\\\/2025\\\/09\\\/cropped-icoweb.png\",\"width\":512,\"height\":512,\"caption\":\"Impacto Castex\"},\"image\":{\"@id\":\"https:\\\/\\\/impactocastex.com.ar\\\/#\\\/schema\\\/logo\\\/image\\\/\"},\"sameAs\":[\"https:\\\/\\\/www.facebook.com\\\/impactocastexdiario\",\"https:\\\/\\\/www.instagram.com\\\/impactocastex.com.ar\\\/\"]},{\"@type\":\"Person\",\"@id\":\"https:\\\/\\\/impactocastex.com.ar\\\/#\\\/schema\\\/person\\\/c115028fb60f9bf49ce7550894b84ea7\",\"name\":\"impactocastex\",\"image\":{\"@type\":\"ImageObject\",\"inLanguage\":\"es\",\"@id\":\"https:\\\/\\\/secure.gravatar.com\\\/avatar\\\/fee87e7af008f02e9becdc0b5a9fd4a2e79b3918a571edeacb62211704637833?s=96&d=mm&r=g\",\"url\":\"https:\\\/\\\/secure.gravatar.com\\\/avatar\\\/fee87e7af008f02e9becdc0b5a9fd4a2e79b3918a571edeacb62211704637833?s=96&d=mm&r=g\",\"contentUrl\":\"https:\\\/\\\/secure.gravatar.com\\\/avatar\\\/fee87e7af008f02e9becdc0b5a9fd4a2e79b3918a571edeacb62211704637833?s=96&d=mm&r=g\",\"caption\":\"impactocastex\"},\"sameAs\":[\"https:\\\/\\\/impactocastex.com.ar\\\/\"],\"url\":\"https:\\\/\\\/impactocastex.com.ar\\\/?author=2\"}]}<\/script>\n<!-- \/ Yoast SEO plugin. -->","yoast_head_json":{"title":"Incendio de pastizales en el predio del Aeropuerto local -","robots":{"index":"index","follow":"follow","max-snippet":"max-snippet:-1","max-image-preview":"max-image-preview:large","max-video-preview":"max-video-preview:-1"},"canonical":"https:\/\/impactocastex.com.ar\/?p=7727","og_locale":"es_ES","og_type":"article","og_title":"Incendio de pastizales en el predio del Aeropuerto local -","og_description":"Trabajan varias dotaciones para controlar las llamas.El fuego se desat\u00f3 este martes por la ma\u00f1ana...","og_url":"https:\/\/impactocastex.com.ar\/?p=7727","article_publisher":"https:\/\/www.facebook.com\/impactocastexdiario","article_published_time":"2026-01-06T14:00:36+00:00","article_modified_time":"2026-01-06T14:00:37+00:00","og_image":[{"width":1200,"height":631,"url":"https:\/\/impactocastex.com.ar\/wp-content\/uploads\/2026\/01\/2132097.jpg","type":"image\/jpeg"}],"author":"impactocastex","twitter_card":"summary_large_image","twitter_misc":{"Escrito por":"impactocastex","Tiempo de lectura":"2 minutos"},"schema":{"@context":"https:\/\/schema.org","@graph":[{"@type":"Article","@id":"https:\/\/impactocastex.com.ar\/?p=7727#article","isPartOf":{"@id":"https:\/\/impactocastex.com.ar\/?p=7727"},"author":{"name":"impactocastex","@id":"https:\/\/impactocastex.com.ar\/#\/schema\/person\/c115028fb60f9bf49ce7550894b84ea7"},"headline":"Incendio de pastizales en el predio del Aeropuerto local","datePublished":"2026-01-06T14:00:36+00:00","dateModified":"2026-01-06T14:00:37+00:00","mainEntityOfPage":{"@id":"https:\/\/impactocastex.com.ar\/?p=7727"},"wordCount":334,"publisher":{"@id":"https:\/\/impactocastex.com.ar\/#organization"},"image":{"@id":"https:\/\/impactocastex.com.ar\/?p=7727#primaryimage"},"thumbnailUrl":"https:\/\/impactocastex.com.ar\/wp-content\/uploads\/2026\/01\/2132097.jpg","articleSection":["LA PAMPA"],"inLanguage":"es"},{"@type":"WebPage","@id":"https:\/\/impactocastex.com.ar\/?p=7727","url":"https:\/\/impactocastex.com.ar\/?p=7727","name":"Incendio de pastizales en el predio del Aeropuerto local -","isPartOf":{"@id":"https:\/\/impactocastex.com.ar\/#website"},"primaryImageOfPage":{"@id":"https:\/\/impactocastex.com.ar\/?p=7727#primaryimage"},"image":{"@id":"https:\/\/impactocastex.com.ar\/?p=7727#primaryimage"},"thumbnailUrl":"https:\/\/impactocastex.com.ar\/wp-content\/uploads\/2026\/01\/2132097.jpg","datePublished":"2026-01-06T14:00:36+00:00","dateModified":"2026-01-06T14:00:37+00:00","breadcrumb":{"@id":"https:\/\/impactocastex.com.ar\/?p=7727#breadcrumb"},"inLanguage":"es","potentialAction":[{"@type":"ReadAction","target":["https:\/\/impactocastex.com.ar\/?p=7727"]}]},{"@type":"ImageObject","inLanguage":"es","@id":"https:\/\/impactocastex.com.ar\/?p=7727#primaryimage","url":"https:\/\/impactocastex.com.ar\/wp-content\/uploads\/2026\/01\/2132097.jpg","contentUrl":"https:\/\/impactocastex.com.ar\/wp-content\/uploads\/2026\/01\/2132097.jpg","width":1200,"height":631},{"@type":"BreadcrumbList","@id":"https:\/\/impactocastex.com.ar\/?p=7727#breadcrumb","itemListElement":[{"@type":"ListItem","position":1,"name":"Portada","item":"https:\/\/impactocastex.com.ar\/"},{"@type":"ListItem","position":2,"name":"Incendio de pastizales en el predio del Aeropuerto local"}]},{"@type":"WebSite","@id":"https:\/\/impactocastex.com.ar\/#website","url":"https:\/\/impactocastex.com.ar\/","name":"Impacto Castex","description":"","publisher":{"@id":"https:\/\/impactocastex.com.ar\/#organization"},"potentialAction":[{"@type":"SearchAction","target":{"@type":"EntryPoint","urlTemplate":"https:\/\/impactocastex.com.ar\/?s={search_term_string}"},"query-input":{"@type":"PropertyValueSpecification","valueRequired":true,"valueName":"search_term_string"}}],"inLanguage":"es"},{"@type":"Organization","@id":"https:\/\/impactocastex.com.ar\/#organization","name":"Impacto Castex","url":"https:\/\/impactocastex.com.ar\/","logo":{"@type":"ImageObject","inLanguage":"es","@id":"https:\/\/impactocastex.com.ar\/#\/schema\/logo\/image\/","url":"https:\/\/impactocastex.com.ar\/wp-content\/uploads\/2025\/09\/cropped-icoweb.png","contentUrl":"https:\/\/impactocastex.com.ar\/wp-content\/uploads\/2025\/09\/cropped-icoweb.png","width":512,"height":512,"caption":"Impacto Castex"},"image":{"@id":"https:\/\/impactocastex.com.ar\/#\/schema\/logo\/image\/"},"sameAs":["https:\/\/www.facebook.com\/impactocastexdiario","https:\/\/www.instagram.com\/impactocastex.com.ar\/"]},{"@type":"Person","@id":"https:\/\/impactocastex.com.ar\/#\/schema\/person\/c115028fb60f9bf49ce7550894b84ea7","name":"impactocastex","image":{"@type":"ImageObject","inLanguage":"es","@id":"https:\/\/secure.gravatar.com\/avatar\/fee87e7af008f02e9becdc0b5a9fd4a2e79b3918a571edeacb62211704637833?s=96&d=mm&r=g","url":"https:\/\/secure.gravatar.com\/avatar\/fee87e7af008f02e9becdc0b5a9fd4a2e79b3918a571edeacb62211704637833?s=96&d=mm&r=g","contentUrl":"https:\/\/secure.gravatar.com\/avatar\/fee87e7af008f02e9becdc0b5a9fd4a2e79b3918a571edeacb62211704637833?s=96&d=mm&r=g","caption":"impactocastex"},"sameAs":["https:\/\/impactocastex.com.ar\/"],"url":"https:\/\/impactocastex.com.ar\/?author=2"}]}},"jetpack_publicize_connections":[],"featured_image_urls":{"full":["https:\/\/impactocastex.com.ar\/wp-content\/uploads\/2026\/01\/2132097.jpg",1200,631,false],"thumbnail":["https:\/\/impactocastex.com.ar\/wp-content\/uploads\/2026\/01\/2132097-150x150.jpg",150,150,true],"medium":["https:\/\/impactocastex.com.ar\/wp-content\/uploads\/2026\/01\/2132097-300x158.jpg",300,158,true],"medium_large":["https:\/\/impactocastex.com.ar\/wp-content\/uploads\/2026\/01\/2132097-768x404.jpg",640,337,true],"large":["https:\/\/impactocastex.com.ar\/wp-content\/uploads\/2026\/01\/2132097-1024x538.jpg",640,336,true],"1536x1536":["https:\/\/impactocastex.com.ar\/wp-content\/uploads\/2026\/01\/2132097.jpg",1200,631,false],"2048x2048":["https:\/\/impactocastex.com.ar\/wp-content\/uploads\/2026\/01\/2132097.jpg",1200,631,false],"newsever-slider-full":["https:\/\/impactocastex.com.ar\/wp-content\/uploads\/2026\/01\/2132097.jpg",1200,631,false],"newsever-featured":["https:\/\/impactocastex.com.ar\/wp-content\/uploads\/2026\/01\/2132097-1024x538.jpg",1024,538,true],"newsever-medium":["https:\/\/impactocastex.com.ar\/wp-content\/uploads\/2026\/01\/2132097-720x475.jpg",720,475,true]},"author_info":{"info":["impactocastex"]},"category_info":"<a href=\"https:\/\/impactocastex.com.ar\/?cat=83\" rel=\"category\">LA PAMPA<\/a>","tag_info":"LA PAMPA","comment_count":0,"jetpack_featured_media_url":"https:\/\/impactocastex.com.ar\/wp-content\/uploads\/2026\/01\/2132097.jpg","jetpack_sharing_enabled":true,"jetpack_likes_enabled":true,"jetpack_shortlink":"https:\/\/wp.me\/p7sopA-20D","_links":{"self":[{"href":"https:\/\/impactocastex.com.ar\/index.php?rest_route=\/wp\/v2\/posts\/7727","targetHints":{"allow":["GET"]}}],"collection":[{"href":"https:\/\/impactocastex.com.ar\/index.php?rest_route=\/wp\/v2\/posts"}],"about":[{"href":"https:\/\/impactocastex.com.ar\/index.php?rest_route=\/wp\/v2\/types\/post"}],"author":[{"embeddable":true,"href":"https:\/\/impactocastex.com.ar\/index.php?rest_route=\/wp\/v2\/users\/2"}],"replies":[{"embeddable":true,"href":"https:\/\/impactocastex.com.ar\/index.php?rest_route=%2Fwp%2Fv2%2Fcomments&post=7727"}],"version-history":[{"count":1,"href":"https:\/\/impactocastex.com.ar\/index.php?rest_route=\/wp\/v2\/posts\/7727\/revisions"}],"predecessor-version":[{"id":7731,"href":"https:\/\/impactocastex.com.ar\/index.php?rest_route=\/wp\/v2\/posts\/7727\/revisions\/7731"}],"wp:featuredmedia":[{"embeddable":true,"href":"https:\/\/impactocastex.com.ar\/index.php?rest_route=\/wp\/v2\/media\/7730"}],"wp:attachment":[{"href":"https:\/\/impactocastex.com.ar\/index.php?rest_route=%2Fwp%2Fv2%2Fmedia&parent=7727"}],"wp:term":[{"taxonomy":"category","embeddable":true,"href":"https:\/\/impactocastex.com.ar\/index.php?rest_route=%2Fwp%2Fv2%2Fcategories&post=7727"},{"taxonomy":"post_tag","embeddable":true,"href":"https:\/\/impactocastex.com.ar\/index.php?rest_route=%2Fwp%2Fv2%2Ftags&post=7727"}],"curies":[{"name":"wp","href":"https:\/\/api.w.org\/{rel}","templated":true}]}}