{"id":7693,"date":"2026-01-06T03:44:49","date_gmt":"2026-01-06T06:44:49","guid":{"rendered":"https:\/\/impactocastex.com.ar\/?p=7693"},"modified":"2026-01-06T03:44:49","modified_gmt":"2026-01-06T06:44:49","slug":"milei-cruzo-a-grabois-por-insultar-a-un-grupo-de-periodistas-y-el-diputado-le-respondio-se-escandaliza-por-mis-modales","status":"publish","type":"post","link":"https:\/\/impactocastex.com.ar\/?p=7693","title":{"rendered":"Milei cruz\u00f3 a Grabois por insultar a un grupo de periodistas y el diputado le respondi\u00f3: \u201cSe escandaliza por mis modales\u201d"},"content":{"rendered":"<p>El diputado nacional <b>Juan Grabois<\/b> insult\u00f3 y agredi\u00f3 a un grupo de periodistas que lo entrevistaban durante la <a href=\"https:\/\/www.lanacion.com.ar\/politica\/manifestantes-buscan-llegar-a-la-embajada-de-estados-unidos-pero-los-intercepta-la-policia-nid05012026\/\" target=\"_blank\" rel=\"noreferrer\" title=\"https:\/\/www.lanacion.com.ar\/politica\/manifestantes-buscan-llegar-a-la-embajada-de-estados-unidos-pero-los-intercepta-la-policia-nid05012026\/\">manifestaci\u00f3n frente a la embajada de Estados Unidos<\/a>, en la ciudad de Buenos Aires, donde se repudiaba la captura de <b>Nicol\u00e1s<\/b> <b>Maduro <\/b>por parte de el gobierno estadounidense. El momento se viraliz\u00f3 en redes y lleg\u00f3 hasta el presidente Javier Milei, quien lo critic\u00f3. El dirigente social, sin \u00e1nimos de resarcir lo ocurrido, redobl\u00f3 la apuesta y cruz\u00f3 al mandatario. <\/p>\n<p>El lunes por la tarde, durante la mencionada movilizaci\u00f3n de sectores de izquierda en la sede diplom\u00e1tica de EE.UU., Grabois se trenz\u00f3 con un grupo de periodistas que, desde el estudio de televisi\u00f3n, le cuestionaron su presencia en la marcha. Tras unos minutos de intercambio, Grabois elev\u00f3 el tono de la conversaci\u00f3n con una serie de exabruptos e insultos hacia los entrevistadores. <\/p>\n<blockquote class=\"twitter-tweet\">\n<p lang=\"es\" dir=\"ltr\">Nunca nos olvidemos que en frente tenemos a este tipo de personajes&#8230;<br \/>Fin. <a href=\"https:\/\/t.co\/SSUd9SR4N3\">https:\/\/t.co\/SSUd9SR4N3<\/a><\/p>\n<p>\u2014 Javier Milei (@JMilei) <a href=\"https:\/\/twitter.com\/JMilei\/status\/2008329914651382204?ref_src=twsrc%5Etfw\">January 6, 2026<\/a><\/p><\/blockquote>\n<p>\u201c<b>Tratemos de no ser tan imb\u00e9ciles y de no confundir a la gente <\/b>lo que es un acto de guerra y saqueo de recursos naturales con un acto de defensa de la democracia\u201d, dispar\u00f3 y sigui\u00f3: \u201c<b>Si quieren estupidizar a la gente, no cuenten conmigo para eso<\/b>\u201d.<\/p>\n<p>Los periodistas intentaron apaciguar el intercambio, pero le achacaron los insultos: \u201c<b>Sigamos tranquilos. Nos dijiste est\u00fapidos e imb\u00e9ciles a los presentes, y nosotros no te lo dijimos nunca<\/b>\u201d.<\/p>\n<p>Enfurecido, Grabois carg\u00f3 contra el conductor del noticiero: \u201c<b>Vos deb\u00e9s ser muy imb\u00e9cil, con las boludeces que dec\u00eds<\/b>, con no tener la conciencia de c\u00f3mo cambia la geopol\u00edtica y la seguridad latinoamericana con lo que pas\u00f3, y haciendo comparaciones est\u00fapidas. <b>Claramente sos un pelotudo (sic)<\/b>\u201d.<\/p>\n<p><img loading=\"lazy\" decoding=\"async\" src=\"https:\/\/resizer.glanacion.com\/resizer\/v2\/RLAUNFIUTZD67LZXP5USGYENII.png?auth=d2493c762dce68713bfdd8110ea2953ef25f47a8df4be05428b659b62d25db04&amp;smart=true&amp;width=598&amp;height=249\" alt=\"La respuesta en X de Grabois a Milei\" height=\"249\" width=\"598\" \/><\/p>\n<p>El recorte de la discusi\u00f3n de Grabois con los periodistas se viraliz\u00f3 en redes sociales y lleg\u00f3 hasta Javier Milei, quien, alrededor de las 21 de la noche, cit\u00f3 el clip y le dedic\u00f3 unas palabras a legislador nacional: \u201c<b>Nunca nos olvidemos que en frente tenemos a este tipo de personajes&#8230; Fin<\/b>\u201d.<\/p>\n<p>No obstante, 40 minutos despu\u00e9s, Grabois le respondi\u00f3, tambi\u00e9n con insultos hacia \u00e9l y el resto de funcionarios del Gobierno: \u201c<b>El que se dedic\u00f3 a insultar a medio pa\u00eds ahora se escandaliza por mis modales. Hip\u00f3critas.<\/b> Estoy enfrente tuyo y de tu caterva de hijos de puta (sic), siempre, basura\u201d.<\/p>\n<p>\u200bEl legislador nacional participaba de una marcha en repudio a la intervenci\u00f3n de EE.UU. en Venezuela cuando agredi\u00f3 a sus entrevistadores; el jefe de Estado comparti\u00f3 el clip y lo cuestion\u00f3: \u201cEn frente tenemos a este tipo de personajes\u201d\u00a0\u00a0<\/p>","protected":false},"excerpt":{"rendered":"<p>El diputado nacional Juan Grabois insult\u00f3 y agredi\u00f3 a un grupo de periodistas que lo&#8230;<\/p>\n","protected":false},"author":1,"featured_media":7694,"comment_status":"closed","ping_status":"closed","sticky":false,"template":"","format":"standard","meta":{"_jetpack_memberships_contains_paid_content":false,"footnotes":"","jetpack_publicize_message":"","jetpack_publicize_feature_enabled":true,"jetpack_social_post_already_shared":true,"jetpack_social_options":{"image_generator_settings":{"template":"highway","default_image_id":0,"font":"","enabled":false},"version":2}},"categories":[89],"tags":[],"class_list":["post-7693","post","type-post","status-publish","format-standard","has-post-thumbnail","hentry","category-nacionales"],"yoast_head":"<!-- This site is optimized with the Yoast SEO plugin v27.4 - https:\/\/yoast.com\/product\/yoast-seo-wordpress\/ -->\n<title>Milei cruz\u00f3 a Grabois por insultar a un grupo de periodistas y el diputado le respondi\u00f3: \u201cSe escandaliza por mis modales\u201d -<\/title>\n<meta name=\"robots\" content=\"index, follow, max-snippet:-1, max-image-preview:large, max-video-preview:-1\" \/>\n<link rel=\"canonical\" href=\"https:\/\/impactocastex.com.ar\/?p=7693\" \/>\n<meta property=\"og:locale\" content=\"es_ES\" \/>\n<meta property=\"og:type\" content=\"article\" \/>\n<meta property=\"og:title\" content=\"Milei cruz\u00f3 a Grabois por insultar a un grupo de periodistas y el diputado le respondi\u00f3: \u201cSe escandaliza por mis modales\u201d -\" \/>\n<meta property=\"og:description\" content=\"El diputado nacional Juan Grabois insult\u00f3 y agredi\u00f3 a un grupo de periodistas que lo...\" \/>\n<meta property=\"og:url\" content=\"https:\/\/impactocastex.com.ar\/?p=7693\" \/>\n<meta property=\"article:publisher\" content=\"https:\/\/www.facebook.com\/impactocastexdiario\" \/>\n<meta property=\"article:published_time\" content=\"2026-01-06T06:44:49+00:00\" \/>\n<meta property=\"og:image\" content=\"https:\/\/resizer.glanacion.com\/resizer\/v2\/RLAUNFIUTZD67LZXP5USGYENII.png?auth=d2493c762dce68713bfdd8110ea2953ef25f47a8df4be05428b659b62d25db04&amp;smart=true&amp;width=598&amp;height=249\" \/>\n<meta name=\"author\" content=\"impactocastex\" \/>\n<meta name=\"twitter:card\" content=\"summary_large_image\" \/>\n<meta name=\"twitter:label1\" content=\"Escrito por\" \/>\n\t<meta name=\"twitter:data1\" content=\"impactocastex\" \/>\n\t<meta name=\"twitter:label2\" content=\"Tiempo de lectura\" \/>\n\t<meta name=\"twitter:data2\" content=\"2 minutos\" \/>\n<script type=\"application\/ld+json\" class=\"yoast-schema-graph\">{\"@context\":\"https:\\\/\\\/schema.org\",\"@graph\":[{\"@type\":\"Article\",\"@id\":\"https:\\\/\\\/impactocastex.com.ar\\\/?p=7693#article\",\"isPartOf\":{\"@id\":\"https:\\\/\\\/impactocastex.com.ar\\\/?p=7693\"},\"author\":{\"name\":\"impactocastex\",\"@id\":\"https:\\\/\\\/impactocastex.com.ar\\\/#\\\/schema\\\/person\\\/86cb4f827fb5f87869a239b98a69c6e3\"},\"headline\":\"Milei cruz\u00f3 a Grabois por insultar a un grupo de periodistas y el diputado le respondi\u00f3: \u201cSe escandaliza por mis modales\u201d\",\"datePublished\":\"2026-01-06T06:44:49+00:00\",\"mainEntityOfPage\":{\"@id\":\"https:\\\/\\\/impactocastex.com.ar\\\/?p=7693\"},\"wordCount\":466,\"publisher\":{\"@id\":\"https:\\\/\\\/impactocastex.com.ar\\\/#organization\"},\"image\":{\"@id\":\"https:\\\/\\\/impactocastex.com.ar\\\/?p=7693#primaryimage\"},\"thumbnailUrl\":\"https:\\\/\\\/impactocastex.com.ar\\\/wp-content\\\/uploads\\\/2026\\\/01\\\/2I35R3NCQJDW3FMJTQ4BENGW6I-ZnEjQ3.jpg\",\"articleSection\":[\"NACIONALES\"],\"inLanguage\":\"es\"},{\"@type\":\"WebPage\",\"@id\":\"https:\\\/\\\/impactocastex.com.ar\\\/?p=7693\",\"url\":\"https:\\\/\\\/impactocastex.com.ar\\\/?p=7693\",\"name\":\"Milei cruz\u00f3 a Grabois por insultar a un grupo de periodistas y el diputado le respondi\u00f3: \u201cSe escandaliza por mis modales\u201d -\",\"isPartOf\":{\"@id\":\"https:\\\/\\\/impactocastex.com.ar\\\/#website\"},\"primaryImageOfPage\":{\"@id\":\"https:\\\/\\\/impactocastex.com.ar\\\/?p=7693#primaryimage\"},\"image\":{\"@id\":\"https:\\\/\\\/impactocastex.com.ar\\\/?p=7693#primaryimage\"},\"thumbnailUrl\":\"https:\\\/\\\/impactocastex.com.ar\\\/wp-content\\\/uploads\\\/2026\\\/01\\\/2I35R3NCQJDW3FMJTQ4BENGW6I-ZnEjQ3.jpg\",\"datePublished\":\"2026-01-06T06:44:49+00:00\",\"breadcrumb\":{\"@id\":\"https:\\\/\\\/impactocastex.com.ar\\\/?p=7693#breadcrumb\"},\"inLanguage\":\"es\",\"potentialAction\":[{\"@type\":\"ReadAction\",\"target\":[\"https:\\\/\\\/impactocastex.com.ar\\\/?p=7693\"]}]},{\"@type\":\"ImageObject\",\"inLanguage\":\"es\",\"@id\":\"https:\\\/\\\/impactocastex.com.ar\\\/?p=7693#primaryimage\",\"url\":\"https:\\\/\\\/impactocastex.com.ar\\\/wp-content\\\/uploads\\\/2026\\\/01\\\/2I35R3NCQJDW3FMJTQ4BENGW6I-ZnEjQ3.jpg\",\"contentUrl\":\"https:\\\/\\\/impactocastex.com.ar\\\/wp-content\\\/uploads\\\/2026\\\/01\\\/2I35R3NCQJDW3FMJTQ4BENGW6I-ZnEjQ3.jpg\",\"width\":2000,\"height\":1333},{\"@type\":\"BreadcrumbList\",\"@id\":\"https:\\\/\\\/impactocastex.com.ar\\\/?p=7693#breadcrumb\",\"itemListElement\":[{\"@type\":\"ListItem\",\"position\":1,\"name\":\"Portada\",\"item\":\"https:\\\/\\\/impactocastex.com.ar\\\/\"},{\"@type\":\"ListItem\",\"position\":2,\"name\":\"Milei cruz\u00f3 a Grabois por insultar a un grupo de periodistas y el diputado le respondi\u00f3: \u201cSe escandaliza por mis modales\u201d\"}]},{\"@type\":\"WebSite\",\"@id\":\"https:\\\/\\\/impactocastex.com.ar\\\/#website\",\"url\":\"https:\\\/\\\/impactocastex.com.ar\\\/\",\"name\":\"Impacto Castex\",\"description\":\"\",\"publisher\":{\"@id\":\"https:\\\/\\\/impactocastex.com.ar\\\/#organization\"},\"potentialAction\":[{\"@type\":\"SearchAction\",\"target\":{\"@type\":\"EntryPoint\",\"urlTemplate\":\"https:\\\/\\\/impactocastex.com.ar\\\/?s={search_term_string}\"},\"query-input\":{\"@type\":\"PropertyValueSpecification\",\"valueRequired\":true,\"valueName\":\"search_term_string\"}}],\"inLanguage\":\"es\"},{\"@type\":\"Organization\",\"@id\":\"https:\\\/\\\/impactocastex.com.ar\\\/#organization\",\"name\":\"Impacto Castex\",\"url\":\"https:\\\/\\\/impactocastex.com.ar\\\/\",\"logo\":{\"@type\":\"ImageObject\",\"inLanguage\":\"es\",\"@id\":\"https:\\\/\\\/impactocastex.com.ar\\\/#\\\/schema\\\/logo\\\/image\\\/\",\"url\":\"https:\\\/\\\/impactocastex.com.ar\\\/wp-content\\\/uploads\\\/2025\\\/09\\\/cropped-icoweb.png\",\"contentUrl\":\"https:\\\/\\\/impactocastex.com.ar\\\/wp-content\\\/uploads\\\/2025\\\/09\\\/cropped-icoweb.png\",\"width\":512,\"height\":512,\"caption\":\"Impacto Castex\"},\"image\":{\"@id\":\"https:\\\/\\\/impactocastex.com.ar\\\/#\\\/schema\\\/logo\\\/image\\\/\"},\"sameAs\":[\"https:\\\/\\\/www.facebook.com\\\/impactocastexdiario\",\"https:\\\/\\\/www.instagram.com\\\/impactocastex.com.ar\\\/\"]},{\"@type\":\"Person\",\"@id\":\"https:\\\/\\\/impactocastex.com.ar\\\/#\\\/schema\\\/person\\\/86cb4f827fb5f87869a239b98a69c6e3\",\"name\":\"impactocastex\",\"image\":{\"@type\":\"ImageObject\",\"inLanguage\":\"es\",\"@id\":\"https:\\\/\\\/secure.gravatar.com\\\/avatar\\\/9a87ee051ca8c77f5d4070843ce2c78cdf95b858b950fb039151de955122f5f5?s=96&d=mm&r=g\",\"url\":\"https:\\\/\\\/secure.gravatar.com\\\/avatar\\\/9a87ee051ca8c77f5d4070843ce2c78cdf95b858b950fb039151de955122f5f5?s=96&d=mm&r=g\",\"contentUrl\":\"https:\\\/\\\/secure.gravatar.com\\\/avatar\\\/9a87ee051ca8c77f5d4070843ce2c78cdf95b858b950fb039151de955122f5f5?s=96&d=mm&r=g\",\"caption\":\"impactocastex\"},\"sameAs\":[\"https:\\\/\\\/impactocastex.com.ar\"],\"url\":\"https:\\\/\\\/impactocastex.com.ar\\\/?author=1\"}]}<\/script>\n<!-- \/ Yoast SEO plugin. -->","yoast_head_json":{"title":"Milei cruz\u00f3 a Grabois por insultar a un grupo de periodistas y el diputado le respondi\u00f3: \u201cSe escandaliza por mis modales\u201d -","robots":{"index":"index","follow":"follow","max-snippet":"max-snippet:-1","max-image-preview":"max-image-preview:large","max-video-preview":"max-video-preview:-1"},"canonical":"https:\/\/impactocastex.com.ar\/?p=7693","og_locale":"es_ES","og_type":"article","og_title":"Milei cruz\u00f3 a Grabois por insultar a un grupo de periodistas y el diputado le respondi\u00f3: \u201cSe escandaliza por mis modales\u201d -","og_description":"El diputado nacional Juan Grabois insult\u00f3 y agredi\u00f3 a un grupo de periodistas que lo...","og_url":"https:\/\/impactocastex.com.ar\/?p=7693","article_publisher":"https:\/\/www.facebook.com\/impactocastexdiario","article_published_time":"2026-01-06T06:44:49+00:00","og_image":[{"url":"https:\/\/resizer.glanacion.com\/resizer\/v2\/RLAUNFIUTZD67LZXP5USGYENII.png?auth=d2493c762dce68713bfdd8110ea2953ef25f47a8df4be05428b659b62d25db04&amp;smart=true&amp;width=598&amp;height=249","type":"","width":"","height":""}],"author":"impactocastex","twitter_card":"summary_large_image","twitter_misc":{"Escrito por":"impactocastex","Tiempo de lectura":"2 minutos"},"schema":{"@context":"https:\/\/schema.org","@graph":[{"@type":"Article","@id":"https:\/\/impactocastex.com.ar\/?p=7693#article","isPartOf":{"@id":"https:\/\/impactocastex.com.ar\/?p=7693"},"author":{"name":"impactocastex","@id":"https:\/\/impactocastex.com.ar\/#\/schema\/person\/86cb4f827fb5f87869a239b98a69c6e3"},"headline":"Milei cruz\u00f3 a Grabois por insultar a un grupo de periodistas y el diputado le respondi\u00f3: \u201cSe escandaliza por mis modales\u201d","datePublished":"2026-01-06T06:44:49+00:00","mainEntityOfPage":{"@id":"https:\/\/impactocastex.com.ar\/?p=7693"},"wordCount":466,"publisher":{"@id":"https:\/\/impactocastex.com.ar\/#organization"},"image":{"@id":"https:\/\/impactocastex.com.ar\/?p=7693#primaryimage"},"thumbnailUrl":"https:\/\/impactocastex.com.ar\/wp-content\/uploads\/2026\/01\/2I35R3NCQJDW3FMJTQ4BENGW6I-ZnEjQ3.jpg","articleSection":["NACIONALES"],"inLanguage":"es"},{"@type":"WebPage","@id":"https:\/\/impactocastex.com.ar\/?p=7693","url":"https:\/\/impactocastex.com.ar\/?p=7693","name":"Milei cruz\u00f3 a Grabois por insultar a un grupo de periodistas y el diputado le respondi\u00f3: \u201cSe escandaliza por mis modales\u201d -","isPartOf":{"@id":"https:\/\/impactocastex.com.ar\/#website"},"primaryImageOfPage":{"@id":"https:\/\/impactocastex.com.ar\/?p=7693#primaryimage"},"image":{"@id":"https:\/\/impactocastex.com.ar\/?p=7693#primaryimage"},"thumbnailUrl":"https:\/\/impactocastex.com.ar\/wp-content\/uploads\/2026\/01\/2I35R3NCQJDW3FMJTQ4BENGW6I-ZnEjQ3.jpg","datePublished":"2026-01-06T06:44:49+00:00","breadcrumb":{"@id":"https:\/\/impactocastex.com.ar\/?p=7693#breadcrumb"},"inLanguage":"es","potentialAction":[{"@type":"ReadAction","target":["https:\/\/impactocastex.com.ar\/?p=7693"]}]},{"@type":"ImageObject","inLanguage":"es","@id":"https:\/\/impactocastex.com.ar\/?p=7693#primaryimage","url":"https:\/\/impactocastex.com.ar\/wp-content\/uploads\/2026\/01\/2I35R3NCQJDW3FMJTQ4BENGW6I-ZnEjQ3.jpg","contentUrl":"https:\/\/impactocastex.com.ar\/wp-content\/uploads\/2026\/01\/2I35R3NCQJDW3FMJTQ4BENGW6I-ZnEjQ3.jpg","width":2000,"height":1333},{"@type":"BreadcrumbList","@id":"https:\/\/impactocastex.com.ar\/?p=7693#breadcrumb","itemListElement":[{"@type":"ListItem","position":1,"name":"Portada","item":"https:\/\/impactocastex.com.ar\/"},{"@type":"ListItem","position":2,"name":"Milei cruz\u00f3 a Grabois por insultar a un grupo de periodistas y el diputado le respondi\u00f3: \u201cSe escandaliza por mis modales\u201d"}]},{"@type":"WebSite","@id":"https:\/\/impactocastex.com.ar\/#website","url":"https:\/\/impactocastex.com.ar\/","name":"Impacto Castex","description":"","publisher":{"@id":"https:\/\/impactocastex.com.ar\/#organization"},"potentialAction":[{"@type":"SearchAction","target":{"@type":"EntryPoint","urlTemplate":"https:\/\/impactocastex.com.ar\/?s={search_term_string}"},"query-input":{"@type":"PropertyValueSpecification","valueRequired":true,"valueName":"search_term_string"}}],"inLanguage":"es"},{"@type":"Organization","@id":"https:\/\/impactocastex.com.ar\/#organization","name":"Impacto Castex","url":"https:\/\/impactocastex.com.ar\/","logo":{"@type":"ImageObject","inLanguage":"es","@id":"https:\/\/impactocastex.com.ar\/#\/schema\/logo\/image\/","url":"https:\/\/impactocastex.com.ar\/wp-content\/uploads\/2025\/09\/cropped-icoweb.png","contentUrl":"https:\/\/impactocastex.com.ar\/wp-content\/uploads\/2025\/09\/cropped-icoweb.png","width":512,"height":512,"caption":"Impacto Castex"},"image":{"@id":"https:\/\/impactocastex.com.ar\/#\/schema\/logo\/image\/"},"sameAs":["https:\/\/www.facebook.com\/impactocastexdiario","https:\/\/www.instagram.com\/impactocastex.com.ar\/"]},{"@type":"Person","@id":"https:\/\/impactocastex.com.ar\/#\/schema\/person\/86cb4f827fb5f87869a239b98a69c6e3","name":"impactocastex","image":{"@type":"ImageObject","inLanguage":"es","@id":"https:\/\/secure.gravatar.com\/avatar\/9a87ee051ca8c77f5d4070843ce2c78cdf95b858b950fb039151de955122f5f5?s=96&d=mm&r=g","url":"https:\/\/secure.gravatar.com\/avatar\/9a87ee051ca8c77f5d4070843ce2c78cdf95b858b950fb039151de955122f5f5?s=96&d=mm&r=g","contentUrl":"https:\/\/secure.gravatar.com\/avatar\/9a87ee051ca8c77f5d4070843ce2c78cdf95b858b950fb039151de955122f5f5?s=96&d=mm&r=g","caption":"impactocastex"},"sameAs":["https:\/\/impactocastex.com.ar"],"url":"https:\/\/impactocastex.com.ar\/?author=1"}]}},"jetpack_publicize_connections":[],"featured_image_urls":{"full":["https:\/\/impactocastex.com.ar\/wp-content\/uploads\/2026\/01\/2I35R3NCQJDW3FMJTQ4BENGW6I-ZnEjQ3.jpg",2000,1333,false],"thumbnail":["https:\/\/impactocastex.com.ar\/wp-content\/uploads\/2026\/01\/2I35R3NCQJDW3FMJTQ4BENGW6I-ZnEjQ3-150x150.jpg",150,150,true],"medium":["https:\/\/impactocastex.com.ar\/wp-content\/uploads\/2026\/01\/2I35R3NCQJDW3FMJTQ4BENGW6I-ZnEjQ3-300x200.jpg",300,200,true],"medium_large":["https:\/\/impactocastex.com.ar\/wp-content\/uploads\/2026\/01\/2I35R3NCQJDW3FMJTQ4BENGW6I-ZnEjQ3-768x512.jpg",640,427,true],"large":["https:\/\/impactocastex.com.ar\/wp-content\/uploads\/2026\/01\/2I35R3NCQJDW3FMJTQ4BENGW6I-ZnEjQ3-1024x682.jpg",640,426,true],"1536x1536":["https:\/\/impactocastex.com.ar\/wp-content\/uploads\/2026\/01\/2I35R3NCQJDW3FMJTQ4BENGW6I-ZnEjQ3-1536x1024.jpg",1536,1024,true],"2048x2048":["https:\/\/impactocastex.com.ar\/wp-content\/uploads\/2026\/01\/2I35R3NCQJDW3FMJTQ4BENGW6I-ZnEjQ3.jpg",2000,1333,false],"newsever-slider-full":["https:\/\/impactocastex.com.ar\/wp-content\/uploads\/2026\/01\/2I35R3NCQJDW3FMJTQ4BENGW6I-ZnEjQ3-1280x845.jpg",1280,845,true],"newsever-featured":["https:\/\/impactocastex.com.ar\/wp-content\/uploads\/2026\/01\/2I35R3NCQJDW3FMJTQ4BENGW6I-ZnEjQ3-1024x682.jpg",1024,682,true],"newsever-medium":["https:\/\/impactocastex.com.ar\/wp-content\/uploads\/2026\/01\/2I35R3NCQJDW3FMJTQ4BENGW6I-ZnEjQ3-720x475.jpg",720,475,true]},"author_info":{"info":["impactocastex"]},"category_info":"<a href=\"https:\/\/impactocastex.com.ar\/?cat=89\" rel=\"category\">NACIONALES<\/a>","tag_info":"NACIONALES","comment_count":0,"jetpack_featured_media_url":"https:\/\/impactocastex.com.ar\/wp-content\/uploads\/2026\/01\/2I35R3NCQJDW3FMJTQ4BENGW6I-ZnEjQ3.jpg","jetpack_sharing_enabled":true,"jetpack_likes_enabled":true,"jetpack_shortlink":"https:\/\/wp.me\/p7sopA-205","_links":{"self":[{"href":"https:\/\/impactocastex.com.ar\/index.php?rest_route=\/wp\/v2\/posts\/7693","targetHints":{"allow":["GET"]}}],"collection":[{"href":"https:\/\/impactocastex.com.ar\/index.php?rest_route=\/wp\/v2\/posts"}],"about":[{"href":"https:\/\/impactocastex.com.ar\/index.php?rest_route=\/wp\/v2\/types\/post"}],"author":[{"embeddable":true,"href":"https:\/\/impactocastex.com.ar\/index.php?rest_route=\/wp\/v2\/users\/1"}],"replies":[{"embeddable":true,"href":"https:\/\/impactocastex.com.ar\/index.php?rest_route=%2Fwp%2Fv2%2Fcomments&post=7693"}],"version-history":[{"count":0,"href":"https:\/\/impactocastex.com.ar\/index.php?rest_route=\/wp\/v2\/posts\/7693\/revisions"}],"wp:featuredmedia":[{"embeddable":true,"href":"https:\/\/impactocastex.com.ar\/index.php?rest_route=\/wp\/v2\/media\/7694"}],"wp:attachment":[{"href":"https:\/\/impactocastex.com.ar\/index.php?rest_route=%2Fwp%2Fv2%2Fmedia&parent=7693"}],"wp:term":[{"taxonomy":"category","embeddable":true,"href":"https:\/\/impactocastex.com.ar\/index.php?rest_route=%2Fwp%2Fv2%2Fcategories&post=7693"},{"taxonomy":"post_tag","embeddable":true,"href":"https:\/\/impactocastex.com.ar\/index.php?rest_route=%2Fwp%2Fv2%2Ftags&post=7693"}],"curies":[{"name":"wp","href":"https:\/\/api.w.org\/{rel}","templated":true}]}}