{"id":7655,"date":"2026-01-05T15:42:14","date_gmt":"2026-01-05T18:42:14","guid":{"rendered":"https:\/\/impactocastex.com.ar\/?p=7655"},"modified":"2026-01-05T15:42:14","modified_gmt":"2026-01-05T18:42:14","slug":"el-consejo-que-le-dio-maria-vazquez-a-laurita-fernandez-sobre-matias-busquet-su-novio-polista-me-dijo-todo","status":"publish","type":"post","link":"https:\/\/impactocastex.com.ar\/?p=7655","title":{"rendered":"El consejo que le dio Mar\u00eda V\u00e1zquez a Laurita Fern\u00e1ndez sobre Mat\u00edas Busquet, su novio polista: \u201cMe dijo todo\u201d"},"content":{"rendered":"<p>\u00a1A\u00f1o nuevo, novio nuevo! Despu\u00e9s de semanas de rumores, <b>Laurita Fern\u00e1ndez<\/b> finalmente confirm\u00f3 su romance con <b>Mat\u00edas Busquet<\/b>. En las \u00faltimas horas, la actriz y bailarina dio algunos detalles de su nueva relaci\u00f3n y cont\u00f3 c\u00f3mo conoci\u00f3 al polista. Tras revelar que, a\u00f1os atr\u00e1s, \u00e9ste ya hab\u00eda intentado conocerla, la protagonista de <i>La cena de los tontos<\/i> confes\u00f3 que llam\u00f3 a <b>Mar\u00eda V\u00e1zquez <\/b>-quien es considerada \u201cla primera dama del polo argentino\u201d- para pedirle \u201creferencias\u201d sobre el muchacho en cuesti\u00f3n. <\/p>\n<p>\u201cNos est\u00e1 yendo incre\u00edble. Ya pas\u00f3 en Buenos Aires que la gente se r\u00ede sin parar. Es una obra que es una bomba\u201d, dijo Fern\u00e1ndez en un m\u00f3vil con <i>La ma\u00f1ana de Moria<\/i> sobre su temporada en Mar del Plata junto a Mart\u00edn Bossi y Gustavo Berm\u00fadez. Tras recordar que reemplazar a Siciliani en <i>Sugar<\/i> signific\u00f3 \u201cun salto impresionante\u201d en su carrera, la actriz destac\u00f3 una linda coincidencia con aquel momento: \u201cAhora estoy en el mismo camar\u00edn, porque <i>Sugar<\/i> tambi\u00e9n se hizo en el Teatro Neptuno\u201d, record\u00f3 con una sonrisa. <\/p>\n<p>Inmediatamente, la bailarina, actriz y conductora habl\u00f3 de todas sus facetas y asegur\u00f3 que no puede elegir una sola como su favorita: \u201cMe gusta hacer todas y <b>est\u00e1 bueno tener la posibilidad de tocar varias teclas y hacer muchas cosas porque me siento desafiada todo el tiempo<\/b>\u201d, remarc\u00f3. <\/p>\n<p>\u201cAhora todos hacen todo. En su momento, si estabas en el <i>Bailando<\/i> no te cre\u00edan capaz de hacer otras cosas\u201d, agreg\u00f3 mientras recordaba el camino de trabajo y esfuerzo que la puso en este exitoso presente laboral. \u201cQu\u00e9 lindo mirar para atr\u00e1s y ver todo lo recorrido, que es a base de mucho trabajo y tambi\u00e9n una cuota de suerte, porque hay muchas artistas talentosas\u201d, reflexion\u00f3.<\/p>\n<p><img loading=\"lazy\" decoding=\"async\" src=\"https:\/\/resizer.glanacion.com\/resizer\/v2\/IUD55HJLRJGYRBNIJCOL4MKLTM.jpg?auth=29e4a23c27c8c7c5a9aec5558f1082b075868965d2de000d16f1fea4011cf236&amp;smart=true&amp;width=5760&amp;height=3840\" alt=\"Laurita Fernandez est\u00e1 haciendo temporada en Mar del Plata con La cena de los tontos\" height=\"3840\" width=\"5760\" \/><\/p>\n<p>Minutos despu\u00e9s, Moria Cas\u00e1n rememor\u00f3 la vez que estuvieron juntas en el programa de Mirtha Legrand y Susana Gim\u00e9nez (productora de <i>Sugar<\/i>) llam\u00f3 por tel\u00e9fono para pedirle disculpas por asegurar que no la conoc\u00eda. \u201cEsa mesa no me la olvido m\u00e1s porque te tuve a vos, a Mirtha y a Susana por tel\u00e9fono. \u00bfQui\u00e9n come con las tres? Fue so\u00f1ada esa mesa\u201d, dijo Laurita. Sin embargo, \u201cLa One\u201d intent\u00f3 volver a meterla en la pol\u00e9mica. \u201c\u00bfQue no te reconozca lo sentiste como que era por volada o como un ninguneo?\u201d. \u201cSusana fue muy generosa conmigo, que llame en medio del programa de Mirtha&#8230; Yo estaba a dos d\u00edas de debutar, imaginate los nervios que tenia encima\u201d, respondi\u00f3 la invitada sin meterse en la pol\u00e9mica. <\/p>\n<h1>\u201cAnd\u00e1 para adelante\u201d<\/h1>\n<p>Tras el mano a mano con Moria, Laurita Fern\u00e1ndez se someti\u00f3 a las preguntas del panel. El primero en preguntar fue Gustavo M\u00e9ndez, quien dio la primicia de su romance con Mat\u00edas Busquet cuando una seguidora capt\u00f3 im\u00e1genes de ella junto al polista a los besos en el recital de Shakira. \u201c\u00bfC\u00f3mo estas hoy del coraz\u00f3n? \u00bfC\u00f3mo lo conociste?\u201d, indag\u00f3 el periodista. \u201c<b>De casualidad, porque yo estaba haciendo una obra con Benja (Vicu\u00f1a) hace unos a\u00f1os atr\u00e1s (<\/b><i><b>El m\u00e9todo Gr\u00f6nholm<\/b><\/i><b>) y una vez \u00e9l lo invito a Mati a vernos. Cuando termin\u00f3 la obra, ten\u00eda un mensaje de \u00e9l que yo en su momento desestim\u00e9\u201d<\/b>, revel\u00f3 la rubia dando a entender que no era la primera vez que el deportista intentaba conquistarla. <\/p>\n<p><img loading=\"lazy\" decoding=\"async\" src=\"https:\/\/resizer.glanacion.com\/resizer\/v2\/POX5CPQJAZDV5KP3BNNDZRVQDQ.PNG?auth=40bff7003fe28c27ae3ea88d7d1472a08883d9a6d07a0f9ffcecac9306bcf27a&amp;smart=true&amp;width=371&amp;height=680\" alt=\"El hombre que conquist\u00f3 a Laurita Fern\u00e1ndez (Foto: Captura Instagram\/@mecomprendezmendez)\" height=\"680\" width=\"371\" \/><\/p>\n<p>\u201c\u00bfEstabas en pareja con Peluca (Brusca, su \u00faltima pareja)?\u201d, pregunt\u00f3 Moria. \u201cTodav\u00eda no, en esa fecha no porque me fij\u00e9 en el registro de WhatsApp y no (\u2026). No conteste, por ah\u00ed estaba en otra, ni me acuerdo\u201d, advirti\u00f3 qui\u00e9n est\u00e1 separada del productor desde mayo o junio pasado. Y enseguida, la actriz cont\u00f3 c\u00f3mo fue el nuevo reencuentro. <b>\u201cPas\u00f3 el tiempo y hace poco nos cruzamos en una carrera de running en la que me anot\u00e9 con unas amigas de casualidad,<\/b> la de Favaloro. Me parec\u00eda que estaba bueno correrla y hacer algo por la salud, pero tambi\u00e9n era a beneficio entonces me interesaba participar. <b>\u00c9l estaba ah\u00ed y me volvi\u00f3 a mandar un mensaje y vi que era aquel chico que me hab\u00eda escrito en aquel momento y esta vez le contest\u00e9<\/b>\u201d, dijo con una sonrisa p\u00edcara. <\/p>\n<p>\u201cEra raro para mi conocer a alguien que no tenia referencias de ning\u00fan lado y que no era del medio entonces hab\u00eda muchas cosas nuestras que no entend\u00eda ni conoc\u00eda\u201d, se sincer\u00f3. Su comentario le dio pie a la conductora del ciclo para hacer una pregunta un tanto indiscreta: \u201c\u00bfEl mundo del polo te acepta?\u201d, lanz\u00f3 en alusi\u00f3n a todas las versiones que aseguran que es un ambiente muy cerrado. Inmediatamente, el nombre de Mar\u00eda V\u00e1zquez, la mujer de Adolfo Cambiasso, vino a escena y Laurita cont\u00f3 c\u00f3mo ella se convirti\u00f3 en una pieza clave para que ella empiece esta relaci\u00f3n. <\/p>\n<p>\u201cYo a Mar\u00eda la adoro. Tengo una historia muy linda con ella porque <b>cuando entr\u00e9 en el <\/b><i><b>Bailando<\/b><\/i><b> yo era bailarina numero 100 (era la \u2018so\u00f1adora\u2019 de Fede Bal) y muchas ni te saludaban, ni te registraban. Y Mar\u00eda siempre fue de las que se sentaba, te saludaba, te preguntaba c\u00f3mo estabas o te tiraba flores. Siempre fue muy amorosa<\/b>\u201d, revel\u00f3.<\/p>\n<p>Al ser considerada \u201cla primera dama del polo argentino\u201d, Fern\u00e1ndez no dud\u00f3 en contactarla para pedirle referencias sobre Busquet: \u201c<b>Cuando Mat\u00edas me escribe dije: \u2018\u00bfA qui\u00e9n le puedo preguntar y pedir referencias?\u2019. Y fue a ella. Me dijo todo. Hice el preocupacional, todo el cuestionario que uno hace cuando conoce a alguien de cero\u201d<\/b>, brome\u00f3. Tras asegurar que el polista pas\u00f3 el psicot\u00e9cnico, la bailarina revel\u00f3 cu\u00e1l fue el consejo que le dio la mujer de Cambiasso: \u201c<b>\u2019And\u00e1 para adelante\u2019<\/b>, me dijo\u201d. <\/p>\n<p>\u201cEs muy buena persona\u201d, confes\u00f3 sobre este deportista que se adue\u00f1\u00f3 de su coraz\u00f3n desde hace unas semanas. \u201c\u00bfYa te fue a ver al teatro?\u201d, quiso saber Mar\u00eda Fernanda Callej\u00f3n. \u201cNos conocimos porque vino a ver la obra en el Teatro Nacional en Buenos Aires, vino a la \u00faltima funci\u00f3n\u201d, cont\u00f3. <\/p>\n<p>Antes de despedirse del m\u00f3vil, Fern\u00e1ndez cont\u00f3 qu\u00e9 cosas no negociar\u00eda en este momento de su vida. \u201cNo dejar\u00eda de hacer nada que me haga feliz en mi carrera por el otro\u201d, aclar\u00f3 tajante. Y enseguida, hizo un mea culpa sobre relaciones anteriores: \u201cMe parece que est\u00e1 bueno el equilibrio. Yo era muy ego\u00edsta y con el tiempo entend\u00ed que, adem\u00e1s de que me acompa\u00f1en, est\u00e1 bueno acompa\u00f1ar. Es parte de ser dos y de apostar a un v\u00ednculo para construir algo\u201d, concluy\u00f3.<\/p>\n<p>\u200bTras confirmar su romance, la actriz y bailarina cont\u00f3 c\u00f3mo conoci\u00f3 a su flamante pareja y asegur\u00f3 que no es la primera vez que el deportista intenta conquistarla\u00a0\u00a0<\/p>","protected":false},"excerpt":{"rendered":"<p>\u00a1A\u00f1o nuevo, novio nuevo! Despu\u00e9s de semanas de rumores, Laurita Fern\u00e1ndez finalmente confirm\u00f3 su romance&#8230;<\/p>\n","protected":false},"author":1,"featured_media":7656,"comment_status":"closed","ping_status":"closed","sticky":false,"template":"","format":"standard","meta":{"_jetpack_memberships_contains_paid_content":false,"footnotes":"","jetpack_publicize_message":"","jetpack_publicize_feature_enabled":true,"jetpack_social_post_already_shared":true,"jetpack_social_options":{"image_generator_settings":{"template":"highway","default_image_id":0,"font":"","enabled":false},"version":2}},"categories":[89],"tags":[],"class_list":["post-7655","post","type-post","status-publish","format-standard","has-post-thumbnail","hentry","category-nacionales"],"yoast_head":"<!-- This site is optimized with the Yoast SEO plugin v27.4 - https:\/\/yoast.com\/product\/yoast-seo-wordpress\/ -->\n<title>El consejo que le dio Mar\u00eda V\u00e1zquez a Laurita Fern\u00e1ndez sobre Mat\u00edas Busquet, su novio polista: \u201cMe dijo todo\u201d -<\/title>\n<meta name=\"robots\" content=\"index, follow, max-snippet:-1, max-image-preview:large, max-video-preview:-1\" \/>\n<link rel=\"canonical\" href=\"https:\/\/impactocastex.com.ar\/?p=7655\" \/>\n<meta property=\"og:locale\" content=\"es_ES\" \/>\n<meta property=\"og:type\" content=\"article\" \/>\n<meta property=\"og:title\" content=\"El consejo que le dio Mar\u00eda V\u00e1zquez a Laurita Fern\u00e1ndez sobre Mat\u00edas Busquet, su novio polista: \u201cMe dijo todo\u201d -\" \/>\n<meta property=\"og:description\" content=\"\u00a1A\u00f1o nuevo, novio nuevo! Despu\u00e9s de semanas de rumores, Laurita Fern\u00e1ndez finalmente confirm\u00f3 su romance...\" \/>\n<meta property=\"og:url\" content=\"https:\/\/impactocastex.com.ar\/?p=7655\" \/>\n<meta property=\"article:publisher\" content=\"https:\/\/www.facebook.com\/impactocastexdiario\" \/>\n<meta property=\"article:published_time\" content=\"2026-01-05T18:42:14+00:00\" \/>\n<meta property=\"og:image\" content=\"https:\/\/resizer.glanacion.com\/resizer\/v2\/IUD55HJLRJGYRBNIJCOL4MKLTM.jpg?auth=29e4a23c27c8c7c5a9aec5558f1082b075868965d2de000d16f1fea4011cf236&amp;smart=true&amp;width=5760&amp;height=3840\" \/>\n<meta name=\"author\" content=\"impactocastex\" \/>\n<meta name=\"twitter:card\" content=\"summary_large_image\" \/>\n<meta name=\"twitter:label1\" content=\"Escrito por\" \/>\n\t<meta name=\"twitter:data1\" content=\"impactocastex\" \/>\n\t<meta name=\"twitter:label2\" content=\"Tiempo de lectura\" \/>\n\t<meta name=\"twitter:data2\" content=\"6 minutos\" \/>\n<script type=\"application\/ld+json\" class=\"yoast-schema-graph\">{\"@context\":\"https:\\\/\\\/schema.org\",\"@graph\":[{\"@type\":\"Article\",\"@id\":\"https:\\\/\\\/impactocastex.com.ar\\\/?p=7655#article\",\"isPartOf\":{\"@id\":\"https:\\\/\\\/impactocastex.com.ar\\\/?p=7655\"},\"author\":{\"name\":\"impactocastex\",\"@id\":\"https:\\\/\\\/impactocastex.com.ar\\\/#\\\/schema\\\/person\\\/86cb4f827fb5f87869a239b98a69c6e3\"},\"headline\":\"El consejo que le dio Mar\u00eda V\u00e1zquez a Laurita Fern\u00e1ndez sobre Mat\u00edas Busquet, su novio polista: \u201cMe dijo todo\u201d\",\"datePublished\":\"2026-01-05T18:42:14+00:00\",\"mainEntityOfPage\":{\"@id\":\"https:\\\/\\\/impactocastex.com.ar\\\/?p=7655\"},\"wordCount\":1188,\"publisher\":{\"@id\":\"https:\\\/\\\/impactocastex.com.ar\\\/#organization\"},\"image\":{\"@id\":\"https:\\\/\\\/impactocastex.com.ar\\\/?p=7655#primaryimage\"},\"thumbnailUrl\":\"https:\\\/\\\/impactocastex.com.ar\\\/wp-content\\\/uploads\\\/2026\\\/01\\\/QTLJZIDHRZESHCT4ABLEO7ENOU-Ivg9ZP.jpg\",\"articleSection\":[\"NACIONALES\"],\"inLanguage\":\"es\"},{\"@type\":\"WebPage\",\"@id\":\"https:\\\/\\\/impactocastex.com.ar\\\/?p=7655\",\"url\":\"https:\\\/\\\/impactocastex.com.ar\\\/?p=7655\",\"name\":\"El consejo que le dio Mar\u00eda V\u00e1zquez a Laurita Fern\u00e1ndez sobre Mat\u00edas Busquet, su novio polista: \u201cMe dijo todo\u201d -\",\"isPartOf\":{\"@id\":\"https:\\\/\\\/impactocastex.com.ar\\\/#website\"},\"primaryImageOfPage\":{\"@id\":\"https:\\\/\\\/impactocastex.com.ar\\\/?p=7655#primaryimage\"},\"image\":{\"@id\":\"https:\\\/\\\/impactocastex.com.ar\\\/?p=7655#primaryimage\"},\"thumbnailUrl\":\"https:\\\/\\\/impactocastex.com.ar\\\/wp-content\\\/uploads\\\/2026\\\/01\\\/QTLJZIDHRZESHCT4ABLEO7ENOU-Ivg9ZP.jpg\",\"datePublished\":\"2026-01-05T18:42:14+00:00\",\"breadcrumb\":{\"@id\":\"https:\\\/\\\/impactocastex.com.ar\\\/?p=7655#breadcrumb\"},\"inLanguage\":\"es\",\"potentialAction\":[{\"@type\":\"ReadAction\",\"target\":[\"https:\\\/\\\/impactocastex.com.ar\\\/?p=7655\"]}]},{\"@type\":\"ImageObject\",\"inLanguage\":\"es\",\"@id\":\"https:\\\/\\\/impactocastex.com.ar\\\/?p=7655#primaryimage\",\"url\":\"https:\\\/\\\/impactocastex.com.ar\\\/wp-content\\\/uploads\\\/2026\\\/01\\\/QTLJZIDHRZESHCT4ABLEO7ENOU-Ivg9ZP.jpg\",\"contentUrl\":\"https:\\\/\\\/impactocastex.com.ar\\\/wp-content\\\/uploads\\\/2026\\\/01\\\/QTLJZIDHRZESHCT4ABLEO7ENOU-Ivg9ZP.jpg\",\"width\":2000,\"height\":1333},{\"@type\":\"BreadcrumbList\",\"@id\":\"https:\\\/\\\/impactocastex.com.ar\\\/?p=7655#breadcrumb\",\"itemListElement\":[{\"@type\":\"ListItem\",\"position\":1,\"name\":\"Portada\",\"item\":\"https:\\\/\\\/impactocastex.com.ar\\\/\"},{\"@type\":\"ListItem\",\"position\":2,\"name\":\"El consejo que le dio Mar\u00eda V\u00e1zquez a Laurita Fern\u00e1ndez sobre Mat\u00edas Busquet, su novio polista: \u201cMe dijo todo\u201d\"}]},{\"@type\":\"WebSite\",\"@id\":\"https:\\\/\\\/impactocastex.com.ar\\\/#website\",\"url\":\"https:\\\/\\\/impactocastex.com.ar\\\/\",\"name\":\"Impacto Castex\",\"description\":\"\",\"publisher\":{\"@id\":\"https:\\\/\\\/impactocastex.com.ar\\\/#organization\"},\"potentialAction\":[{\"@type\":\"SearchAction\",\"target\":{\"@type\":\"EntryPoint\",\"urlTemplate\":\"https:\\\/\\\/impactocastex.com.ar\\\/?s={search_term_string}\"},\"query-input\":{\"@type\":\"PropertyValueSpecification\",\"valueRequired\":true,\"valueName\":\"search_term_string\"}}],\"inLanguage\":\"es\"},{\"@type\":\"Organization\",\"@id\":\"https:\\\/\\\/impactocastex.com.ar\\\/#organization\",\"name\":\"Impacto Castex\",\"url\":\"https:\\\/\\\/impactocastex.com.ar\\\/\",\"logo\":{\"@type\":\"ImageObject\",\"inLanguage\":\"es\",\"@id\":\"https:\\\/\\\/impactocastex.com.ar\\\/#\\\/schema\\\/logo\\\/image\\\/\",\"url\":\"https:\\\/\\\/impactocastex.com.ar\\\/wp-content\\\/uploads\\\/2025\\\/09\\\/cropped-icoweb.png\",\"contentUrl\":\"https:\\\/\\\/impactocastex.com.ar\\\/wp-content\\\/uploads\\\/2025\\\/09\\\/cropped-icoweb.png\",\"width\":512,\"height\":512,\"caption\":\"Impacto Castex\"},\"image\":{\"@id\":\"https:\\\/\\\/impactocastex.com.ar\\\/#\\\/schema\\\/logo\\\/image\\\/\"},\"sameAs\":[\"https:\\\/\\\/www.facebook.com\\\/impactocastexdiario\",\"https:\\\/\\\/www.instagram.com\\\/impactocastex.com.ar\\\/\"]},{\"@type\":\"Person\",\"@id\":\"https:\\\/\\\/impactocastex.com.ar\\\/#\\\/schema\\\/person\\\/86cb4f827fb5f87869a239b98a69c6e3\",\"name\":\"impactocastex\",\"image\":{\"@type\":\"ImageObject\",\"inLanguage\":\"es\",\"@id\":\"https:\\\/\\\/secure.gravatar.com\\\/avatar\\\/9a87ee051ca8c77f5d4070843ce2c78cdf95b858b950fb039151de955122f5f5?s=96&d=mm&r=g\",\"url\":\"https:\\\/\\\/secure.gravatar.com\\\/avatar\\\/9a87ee051ca8c77f5d4070843ce2c78cdf95b858b950fb039151de955122f5f5?s=96&d=mm&r=g\",\"contentUrl\":\"https:\\\/\\\/secure.gravatar.com\\\/avatar\\\/9a87ee051ca8c77f5d4070843ce2c78cdf95b858b950fb039151de955122f5f5?s=96&d=mm&r=g\",\"caption\":\"impactocastex\"},\"sameAs\":[\"https:\\\/\\\/impactocastex.com.ar\"],\"url\":\"https:\\\/\\\/impactocastex.com.ar\\\/?author=1\"}]}<\/script>\n<!-- \/ Yoast SEO plugin. -->","yoast_head_json":{"title":"El consejo que le dio Mar\u00eda V\u00e1zquez a Laurita Fern\u00e1ndez sobre Mat\u00edas Busquet, su novio polista: \u201cMe dijo todo\u201d -","robots":{"index":"index","follow":"follow","max-snippet":"max-snippet:-1","max-image-preview":"max-image-preview:large","max-video-preview":"max-video-preview:-1"},"canonical":"https:\/\/impactocastex.com.ar\/?p=7655","og_locale":"es_ES","og_type":"article","og_title":"El consejo que le dio Mar\u00eda V\u00e1zquez a Laurita Fern\u00e1ndez sobre Mat\u00edas Busquet, su novio polista: \u201cMe dijo todo\u201d -","og_description":"\u00a1A\u00f1o nuevo, novio nuevo! Despu\u00e9s de semanas de rumores, Laurita Fern\u00e1ndez finalmente confirm\u00f3 su romance...","og_url":"https:\/\/impactocastex.com.ar\/?p=7655","article_publisher":"https:\/\/www.facebook.com\/impactocastexdiario","article_published_time":"2026-01-05T18:42:14+00:00","og_image":[{"url":"https:\/\/resizer.glanacion.com\/resizer\/v2\/IUD55HJLRJGYRBNIJCOL4MKLTM.jpg?auth=29e4a23c27c8c7c5a9aec5558f1082b075868965d2de000d16f1fea4011cf236&amp;smart=true&amp;width=5760&amp;height=3840","type":"","width":"","height":""}],"author":"impactocastex","twitter_card":"summary_large_image","twitter_misc":{"Escrito por":"impactocastex","Tiempo de lectura":"6 minutos"},"schema":{"@context":"https:\/\/schema.org","@graph":[{"@type":"Article","@id":"https:\/\/impactocastex.com.ar\/?p=7655#article","isPartOf":{"@id":"https:\/\/impactocastex.com.ar\/?p=7655"},"author":{"name":"impactocastex","@id":"https:\/\/impactocastex.com.ar\/#\/schema\/person\/86cb4f827fb5f87869a239b98a69c6e3"},"headline":"El consejo que le dio Mar\u00eda V\u00e1zquez a Laurita Fern\u00e1ndez sobre Mat\u00edas Busquet, su novio polista: \u201cMe dijo todo\u201d","datePublished":"2026-01-05T18:42:14+00:00","mainEntityOfPage":{"@id":"https:\/\/impactocastex.com.ar\/?p=7655"},"wordCount":1188,"publisher":{"@id":"https:\/\/impactocastex.com.ar\/#organization"},"image":{"@id":"https:\/\/impactocastex.com.ar\/?p=7655#primaryimage"},"thumbnailUrl":"https:\/\/impactocastex.com.ar\/wp-content\/uploads\/2026\/01\/QTLJZIDHRZESHCT4ABLEO7ENOU-Ivg9ZP.jpg","articleSection":["NACIONALES"],"inLanguage":"es"},{"@type":"WebPage","@id":"https:\/\/impactocastex.com.ar\/?p=7655","url":"https:\/\/impactocastex.com.ar\/?p=7655","name":"El consejo que le dio Mar\u00eda V\u00e1zquez a Laurita Fern\u00e1ndez sobre Mat\u00edas Busquet, su novio polista: \u201cMe dijo todo\u201d -","isPartOf":{"@id":"https:\/\/impactocastex.com.ar\/#website"},"primaryImageOfPage":{"@id":"https:\/\/impactocastex.com.ar\/?p=7655#primaryimage"},"image":{"@id":"https:\/\/impactocastex.com.ar\/?p=7655#primaryimage"},"thumbnailUrl":"https:\/\/impactocastex.com.ar\/wp-content\/uploads\/2026\/01\/QTLJZIDHRZESHCT4ABLEO7ENOU-Ivg9ZP.jpg","datePublished":"2026-01-05T18:42:14+00:00","breadcrumb":{"@id":"https:\/\/impactocastex.com.ar\/?p=7655#breadcrumb"},"inLanguage":"es","potentialAction":[{"@type":"ReadAction","target":["https:\/\/impactocastex.com.ar\/?p=7655"]}]},{"@type":"ImageObject","inLanguage":"es","@id":"https:\/\/impactocastex.com.ar\/?p=7655#primaryimage","url":"https:\/\/impactocastex.com.ar\/wp-content\/uploads\/2026\/01\/QTLJZIDHRZESHCT4ABLEO7ENOU-Ivg9ZP.jpg","contentUrl":"https:\/\/impactocastex.com.ar\/wp-content\/uploads\/2026\/01\/QTLJZIDHRZESHCT4ABLEO7ENOU-Ivg9ZP.jpg","width":2000,"height":1333},{"@type":"BreadcrumbList","@id":"https:\/\/impactocastex.com.ar\/?p=7655#breadcrumb","itemListElement":[{"@type":"ListItem","position":1,"name":"Portada","item":"https:\/\/impactocastex.com.ar\/"},{"@type":"ListItem","position":2,"name":"El consejo que le dio Mar\u00eda V\u00e1zquez a Laurita Fern\u00e1ndez sobre Mat\u00edas Busquet, su novio polista: \u201cMe dijo todo\u201d"}]},{"@type":"WebSite","@id":"https:\/\/impactocastex.com.ar\/#website","url":"https:\/\/impactocastex.com.ar\/","name":"Impacto Castex","description":"","publisher":{"@id":"https:\/\/impactocastex.com.ar\/#organization"},"potentialAction":[{"@type":"SearchAction","target":{"@type":"EntryPoint","urlTemplate":"https:\/\/impactocastex.com.ar\/?s={search_term_string}"},"query-input":{"@type":"PropertyValueSpecification","valueRequired":true,"valueName":"search_term_string"}}],"inLanguage":"es"},{"@type":"Organization","@id":"https:\/\/impactocastex.com.ar\/#organization","name":"Impacto Castex","url":"https:\/\/impactocastex.com.ar\/","logo":{"@type":"ImageObject","inLanguage":"es","@id":"https:\/\/impactocastex.com.ar\/#\/schema\/logo\/image\/","url":"https:\/\/impactocastex.com.ar\/wp-content\/uploads\/2025\/09\/cropped-icoweb.png","contentUrl":"https:\/\/impactocastex.com.ar\/wp-content\/uploads\/2025\/09\/cropped-icoweb.png","width":512,"height":512,"caption":"Impacto Castex"},"image":{"@id":"https:\/\/impactocastex.com.ar\/#\/schema\/logo\/image\/"},"sameAs":["https:\/\/www.facebook.com\/impactocastexdiario","https:\/\/www.instagram.com\/impactocastex.com.ar\/"]},{"@type":"Person","@id":"https:\/\/impactocastex.com.ar\/#\/schema\/person\/86cb4f827fb5f87869a239b98a69c6e3","name":"impactocastex","image":{"@type":"ImageObject","inLanguage":"es","@id":"https:\/\/secure.gravatar.com\/avatar\/9a87ee051ca8c77f5d4070843ce2c78cdf95b858b950fb039151de955122f5f5?s=96&d=mm&r=g","url":"https:\/\/secure.gravatar.com\/avatar\/9a87ee051ca8c77f5d4070843ce2c78cdf95b858b950fb039151de955122f5f5?s=96&d=mm&r=g","contentUrl":"https:\/\/secure.gravatar.com\/avatar\/9a87ee051ca8c77f5d4070843ce2c78cdf95b858b950fb039151de955122f5f5?s=96&d=mm&r=g","caption":"impactocastex"},"sameAs":["https:\/\/impactocastex.com.ar"],"url":"https:\/\/impactocastex.com.ar\/?author=1"}]}},"jetpack_publicize_connections":[],"featured_image_urls":{"full":["https:\/\/impactocastex.com.ar\/wp-content\/uploads\/2026\/01\/QTLJZIDHRZESHCT4ABLEO7ENOU-Ivg9ZP.jpg",2000,1333,false],"thumbnail":["https:\/\/impactocastex.com.ar\/wp-content\/uploads\/2026\/01\/QTLJZIDHRZESHCT4ABLEO7ENOU-Ivg9ZP-150x150.jpg",150,150,true],"medium":["https:\/\/impactocastex.com.ar\/wp-content\/uploads\/2026\/01\/QTLJZIDHRZESHCT4ABLEO7ENOU-Ivg9ZP-300x200.jpg",300,200,true],"medium_large":["https:\/\/impactocastex.com.ar\/wp-content\/uploads\/2026\/01\/QTLJZIDHRZESHCT4ABLEO7ENOU-Ivg9ZP-768x512.jpg",640,427,true],"large":["https:\/\/impactocastex.com.ar\/wp-content\/uploads\/2026\/01\/QTLJZIDHRZESHCT4ABLEO7ENOU-Ivg9ZP-1024x682.jpg",640,426,true],"1536x1536":["https:\/\/impactocastex.com.ar\/wp-content\/uploads\/2026\/01\/QTLJZIDHRZESHCT4ABLEO7ENOU-Ivg9ZP-1536x1024.jpg",1536,1024,true],"2048x2048":["https:\/\/impactocastex.com.ar\/wp-content\/uploads\/2026\/01\/QTLJZIDHRZESHCT4ABLEO7ENOU-Ivg9ZP.jpg",2000,1333,false],"newsever-slider-full":["https:\/\/impactocastex.com.ar\/wp-content\/uploads\/2026\/01\/QTLJZIDHRZESHCT4ABLEO7ENOU-Ivg9ZP-1280x845.jpg",1280,845,true],"newsever-featured":["https:\/\/impactocastex.com.ar\/wp-content\/uploads\/2026\/01\/QTLJZIDHRZESHCT4ABLEO7ENOU-Ivg9ZP-1024x682.jpg",1024,682,true],"newsever-medium":["https:\/\/impactocastex.com.ar\/wp-content\/uploads\/2026\/01\/QTLJZIDHRZESHCT4ABLEO7ENOU-Ivg9ZP-720x475.jpg",720,475,true]},"author_info":{"info":["impactocastex"]},"category_info":"<a href=\"https:\/\/impactocastex.com.ar\/?cat=89\" rel=\"category\">NACIONALES<\/a>","tag_info":"NACIONALES","comment_count":0,"jetpack_featured_media_url":"https:\/\/impactocastex.com.ar\/wp-content\/uploads\/2026\/01\/QTLJZIDHRZESHCT4ABLEO7ENOU-Ivg9ZP.jpg","jetpack_sharing_enabled":true,"jetpack_likes_enabled":true,"jetpack_shortlink":"https:\/\/wp.me\/p7sopA-1Zt","_links":{"self":[{"href":"https:\/\/impactocastex.com.ar\/index.php?rest_route=\/wp\/v2\/posts\/7655","targetHints":{"allow":["GET"]}}],"collection":[{"href":"https:\/\/impactocastex.com.ar\/index.php?rest_route=\/wp\/v2\/posts"}],"about":[{"href":"https:\/\/impactocastex.com.ar\/index.php?rest_route=\/wp\/v2\/types\/post"}],"author":[{"embeddable":true,"href":"https:\/\/impactocastex.com.ar\/index.php?rest_route=\/wp\/v2\/users\/1"}],"replies":[{"embeddable":true,"href":"https:\/\/impactocastex.com.ar\/index.php?rest_route=%2Fwp%2Fv2%2Fcomments&post=7655"}],"version-history":[{"count":0,"href":"https:\/\/impactocastex.com.ar\/index.php?rest_route=\/wp\/v2\/posts\/7655\/revisions"}],"wp:featuredmedia":[{"embeddable":true,"href":"https:\/\/impactocastex.com.ar\/index.php?rest_route=\/wp\/v2\/media\/7656"}],"wp:attachment":[{"href":"https:\/\/impactocastex.com.ar\/index.php?rest_route=%2Fwp%2Fv2%2Fmedia&parent=7655"}],"wp:term":[{"taxonomy":"category","embeddable":true,"href":"https:\/\/impactocastex.com.ar\/index.php?rest_route=%2Fwp%2Fv2%2Fcategories&post=7655"},{"taxonomy":"post_tag","embeddable":true,"href":"https:\/\/impactocastex.com.ar\/index.php?rest_route=%2Fwp%2Fv2%2Ftags&post=7655"}],"curies":[{"name":"wp","href":"https:\/\/api.w.org\/{rel}","templated":true}]}}