{"id":7217,"date":"2025-12-31T03:15:12","date_gmt":"2025-12-31T06:15:12","guid":{"rendered":"https:\/\/impactocastex.com.ar\/?p=7217"},"modified":"2025-12-31T03:15:12","modified_gmt":"2025-12-31T06:15:12","slug":"cortes-en-el-amba-edesur-notifico-un-desperfecto-una-subestacion-y-anticipo-que-el-servicio-se-restablecera-por-etapas","status":"publish","type":"post","link":"https:\/\/impactocastex.com.ar\/?p=7217","title":{"rendered":"Cortes en el AMBA: Edesur notific\u00f3 un desperfecto una subestaci\u00f3n y anticip\u00f3 que el servicio se restablecer\u00e1 por etapas"},"content":{"rendered":"<p>A \u00faltima hora del martes, en la antesala de A\u00f1o Nuevo, sectores de la ciudad de Buenos Aires y la Provincia <a href=\"https:\/\/www.lanacion.com.ar\/sociedad\/cortes-de-luz-en-visperas-de-ano-nuevo-mas-de-30-mil-usuarios-no-tienen-servicio-en-la-ciudad-y-el-nid30122025\/\" target=\"_blank\" rel=\"noreferrer\" title=\"https:\/\/www.lanacion.com.ar\/sociedad\/cortes-de-luz-en-visperas-de-ano-nuevo-mas-de-30-mil-usuarios-no-tienen-servicio-en-la-ciudad-y-el-nid30122025\/\">sufrieron cortes de luz<\/a>, que se complementan a las altas temperaturas alertadas por el Servicio Meteorol\u00f3gico Nacional (SMN). En este sentido, <b>Edesur <\/b>emiti\u00f3 un comunicado en sus redes sociales este mi\u00e9rcoles, en el que inform\u00f3 haber detectado<b> una falla en la Subestaci\u00f3n Bosques<\/b>. <b>De momento se desconoce el n\u00famero de afectados ya que el sitio oficial del ENRE no funciona, Para las 23, hab\u00eda m\u00e1s de 30 mil usuarios sin servicio.<\/b><\/p>\n<p>En el mensaje, la empresa de distribuci\u00f3n de energ\u00eda explic\u00f3: <b>\u201cUna falla en la Subestaci\u00f3n Bosques gener\u00f3 una afectaci\u00f3n que alcanza a diferentes subestaciones de Capital Federal y el conurbano. Nuestros equipos t\u00e9cnicos ya se encuentran trabajando en la zona. El suministro ser\u00e1 restablecido en etapas\u201c.<\/b><\/p>\n<blockquote class=\"twitter-tweet\">\n<p lang=\"es\" dir=\"ltr\">INFORMACI\u00d3N IMPORTANTE\u203c\ufe0f<\/p>\n<p>Una falla en la Subestaci\u00f3n Bosques gener\u00f3 una afectaci\u00f3n que alcanza a diferentes subestaciones de Capital Federal y el Conurbano.<\/p>\n<p>Nuestros equipos t\u00e9cnicos ya se encuentran trabajando en la zona. <\/p>\n<p>El suministro ser\u00e1 restablecido en etapas.<\/p>\n<p>\u2014 Edesur Argentina (@OficialEdesur) <a href=\"https:\/\/twitter.com\/OficialEdesur\/status\/2006228329347653686?ref_src=twsrc%5Etfw\">December 31, 2025<\/a><\/p><\/blockquote>\n<p>Pasadas las 23, usuarios comenzaron a compartir a trav\u00e9s de redes sociales fotos y videos sobre los cortes en sus barrios. En un primer momento, el ENRE registr\u00f3 <b>33.814<\/b> damnificados, los cuales se concentraban principalmente en Almagro, Avellaneda, Berazategui y Parque Patricios, entre otros.<\/p>\n<p><b>Minutos m\u00e1s tarde, el n\u00famero de servicios afectados escal\u00f3 a 38.682 <\/b>y a las zonas con m\u00e1s cortes se le sum\u00f3 Alejandro Korn, partido de San Vicente, donde <b>6330<\/b> quedaron sin suministro, con una normalizaci\u00f3n estimada para las primeras horas de este mi\u00e9rcoles. En tanto, en <b>Almagro<\/b>, el barrio barrio porte\u00f1o m\u00e1s comprometido, se contabilizan <b>6118 usuarios afectados<\/b> por una falla en la red de media tensi\u00f3n, mientras que en <b>Avellaneda<\/b> el n\u00famero asciende a <b>3926<\/b>.<\/p>\n<p>Tambi\u00e9n se registraron cortes de gran impacto en <b>Ingeniero Allan<\/b>, en <b>Florencio Varela<\/b>, con <b>3143 usuarios sin luz<\/b>, y en <b>El Pato<\/b>, partido de <b>Berazategui<\/b>, donde <b>2516 usuarios<\/b> permanec\u00edan sin suministro. Por otro lado, en la <b>ciudad de Buenos Aires<\/b>, adem\u00e1s de Almagro, se destacaron interrupciones en <b>Parque Patricios<\/b> (1912 usuarios), <b>Constituci\u00f3n<\/b> (608), <b>Flores<\/b> (572) y <b>Parque Avellaneda<\/b> (467), de acuerdo con el detalle difundido por la distribuidora.<\/p>\n<p>La mayor parte de los inconvenientes se debe a <b>interrupciones no programadas del servicio de media tensi\u00f3n<\/b>, que afectaron a miles de hogares de manera simult\u00e1nea tanto en barrios de la <b>ciudad de Buenos Aires<\/b> como en el sur del <b>conurbano bonaerense<\/b>.<\/p>\n<p><img loading=\"lazy\" decoding=\"async\" src=\"https:\/\/resizer.glanacion.com\/resizer\/v2\/N2SJ2UIJSBHPTOBKD7ZVVOWIWQ.png?auth=32d3415a3444ec9eb2ba712867f5d9fe97b02072a21d04f2be265c9ea257e872&amp;smart=true&amp;width=1200&amp;height=800\" alt=\"Mapa de los cortes de luz de Edesur y Edenor, en medio de la ola de calor que afecta a la ciudad de Buenos Aires y alrededores\" height=\"800\" width=\"1200\" \/><\/p>\n<h2>Alerta por altas temperaturas<\/h2>\n<p>En paralelo con el apag\u00f3n en el AMBA, el Servicio Meteorol\u00f3gico Nacional advirti\u00f3 por un calor agobiante en la zona, el cual se suma a una seguidilla de d\u00edas pesados. En la <b>ciudad de Buenos Aires <\/b>la temperatura m\u00e1xima alcanzar\u00e1 los <b>39\u00b0C<\/b>y la m\u00ednima ser\u00e1 de <b>27\u00b0C<\/b>. Adem\u00e1s se prev\u00e9 que la jornada comience algo nublada, con cielo ligeramente nublado hacia el mediod\u00eda y probabilidades de chaparrones durante la tarde, estimadas en torno al 40%.<\/p>\n<p>Para el conurbano bonaerense, el pron\u00f3stico es similar, con una m\u00e1xima de <b>38\u00b0C<\/b> y una m\u00ednima de <b>26\u00b0C<\/b>. El d\u00eda comenzar\u00e1 algo nublado, luego estar\u00e1 parcialmente nublado y se esperan chaparrones durante la tarde, con cielo parcialmente nublado por la noche. <\/p>\n<p>De todos modos, para el jueves, el SMN anunci\u00f3 <b>un descenso de la temperatura de alrededor de 10\u00b0C<\/b>, con una nueva baja t\u00e9rmica hacia el d\u00eda siguiente. Ser\u00e1 un breve alivio, en el marco de d\u00edas agobiantes, aunque luego volver\u00e1 el calor.<\/p>\n<p>\u200bLa empresa inform\u00f3 que se gener\u00f3 una afectaci\u00f3n que lleg\u00f3 a la Capital Federal y el conurbano; el suministro ser\u00e1 restablecido en etapas\u00a0\u00a0<\/p>","protected":false},"excerpt":{"rendered":"<p>A \u00faltima hora del martes, en la antesala de A\u00f1o Nuevo, sectores de la ciudad&#8230;<\/p>\n","protected":false},"author":1,"featured_media":7218,"comment_status":"closed","ping_status":"closed","sticky":false,"template":"","format":"standard","meta":{"_jetpack_memberships_contains_paid_content":false,"footnotes":"","jetpack_publicize_message":"","jetpack_publicize_feature_enabled":true,"jetpack_social_post_already_shared":true,"jetpack_social_options":{"image_generator_settings":{"template":"highway","default_image_id":0,"font":"","enabled":false},"version":2}},"categories":[89],"tags":[],"class_list":["post-7217","post","type-post","status-publish","format-standard","has-post-thumbnail","hentry","category-nacionales"],"yoast_head":"<!-- This site is optimized with the Yoast SEO plugin v27.4 - https:\/\/yoast.com\/product\/yoast-seo-wordpress\/ -->\n<title>Cortes en el AMBA: Edesur notific\u00f3 un desperfecto una subestaci\u00f3n y anticip\u00f3 que el servicio se restablecer\u00e1 por etapas -<\/title>\n<meta name=\"robots\" content=\"index, follow, max-snippet:-1, max-image-preview:large, max-video-preview:-1\" \/>\n<link rel=\"canonical\" href=\"https:\/\/impactocastex.com.ar\/?p=7217\" \/>\n<meta property=\"og:locale\" content=\"es_ES\" \/>\n<meta property=\"og:type\" content=\"article\" \/>\n<meta property=\"og:title\" content=\"Cortes en el AMBA: Edesur notific\u00f3 un desperfecto una subestaci\u00f3n y anticip\u00f3 que el servicio se restablecer\u00e1 por etapas -\" \/>\n<meta property=\"og:description\" content=\"A \u00faltima hora del martes, en la antesala de A\u00f1o Nuevo, sectores de la ciudad...\" \/>\n<meta property=\"og:url\" content=\"https:\/\/impactocastex.com.ar\/?p=7217\" \/>\n<meta property=\"article:publisher\" content=\"https:\/\/www.facebook.com\/impactocastexdiario\" \/>\n<meta property=\"article:published_time\" content=\"2025-12-31T06:15:12+00:00\" \/>\n<meta property=\"og:image\" content=\"https:\/\/resizer.glanacion.com\/resizer\/v2\/N2SJ2UIJSBHPTOBKD7ZVVOWIWQ.png?auth=32d3415a3444ec9eb2ba712867f5d9fe97b02072a21d04f2be265c9ea257e872&amp;smart=true&amp;width=1200&amp;height=800\" \/>\n<meta name=\"author\" content=\"impactocastex\" \/>\n<meta name=\"twitter:card\" content=\"summary_large_image\" \/>\n<meta name=\"twitter:label1\" content=\"Escrito por\" \/>\n\t<meta name=\"twitter:data1\" content=\"impactocastex\" \/>\n\t<meta name=\"twitter:label2\" content=\"Tiempo de lectura\" \/>\n\t<meta name=\"twitter:data2\" content=\"3 minutos\" \/>\n<script type=\"application\/ld+json\" class=\"yoast-schema-graph\">{\"@context\":\"https:\\\/\\\/schema.org\",\"@graph\":[{\"@type\":\"Article\",\"@id\":\"https:\\\/\\\/impactocastex.com.ar\\\/?p=7217#article\",\"isPartOf\":{\"@id\":\"https:\\\/\\\/impactocastex.com.ar\\\/?p=7217\"},\"author\":{\"name\":\"impactocastex\",\"@id\":\"https:\\\/\\\/impactocastex.com.ar\\\/#\\\/schema\\\/person\\\/86cb4f827fb5f87869a239b98a69c6e3\"},\"headline\":\"Cortes en el AMBA: Edesur notific\u00f3 un desperfecto una subestaci\u00f3n y anticip\u00f3 que el servicio se restablecer\u00e1 por etapas\",\"datePublished\":\"2025-12-31T06:15:12+00:00\",\"mainEntityOfPage\":{\"@id\":\"https:\\\/\\\/impactocastex.com.ar\\\/?p=7217\"},\"wordCount\":647,\"publisher\":{\"@id\":\"https:\\\/\\\/impactocastex.com.ar\\\/#organization\"},\"image\":{\"@id\":\"https:\\\/\\\/impactocastex.com.ar\\\/?p=7217#primaryimage\"},\"thumbnailUrl\":\"https:\\\/\\\/impactocastex.com.ar\\\/wp-content\\\/uploads\\\/2025\\\/12\\\/RI274OROZZAJ5HDXKKCNTL47U4-Y5yzcZ.jpg\",\"articleSection\":[\"NACIONALES\"],\"inLanguage\":\"es\"},{\"@type\":\"WebPage\",\"@id\":\"https:\\\/\\\/impactocastex.com.ar\\\/?p=7217\",\"url\":\"https:\\\/\\\/impactocastex.com.ar\\\/?p=7217\",\"name\":\"Cortes en el AMBA: Edesur notific\u00f3 un desperfecto una subestaci\u00f3n y anticip\u00f3 que el servicio se restablecer\u00e1 por etapas -\",\"isPartOf\":{\"@id\":\"https:\\\/\\\/impactocastex.com.ar\\\/#website\"},\"primaryImageOfPage\":{\"@id\":\"https:\\\/\\\/impactocastex.com.ar\\\/?p=7217#primaryimage\"},\"image\":{\"@id\":\"https:\\\/\\\/impactocastex.com.ar\\\/?p=7217#primaryimage\"},\"thumbnailUrl\":\"https:\\\/\\\/impactocastex.com.ar\\\/wp-content\\\/uploads\\\/2025\\\/12\\\/RI274OROZZAJ5HDXKKCNTL47U4-Y5yzcZ.jpg\",\"datePublished\":\"2025-12-31T06:15:12+00:00\",\"breadcrumb\":{\"@id\":\"https:\\\/\\\/impactocastex.com.ar\\\/?p=7217#breadcrumb\"},\"inLanguage\":\"es\",\"potentialAction\":[{\"@type\":\"ReadAction\",\"target\":[\"https:\\\/\\\/impactocastex.com.ar\\\/?p=7217\"]}]},{\"@type\":\"ImageObject\",\"inLanguage\":\"es\",\"@id\":\"https:\\\/\\\/impactocastex.com.ar\\\/?p=7217#primaryimage\",\"url\":\"https:\\\/\\\/impactocastex.com.ar\\\/wp-content\\\/uploads\\\/2025\\\/12\\\/RI274OROZZAJ5HDXKKCNTL47U4-Y5yzcZ.jpg\",\"contentUrl\":\"https:\\\/\\\/impactocastex.com.ar\\\/wp-content\\\/uploads\\\/2025\\\/12\\\/RI274OROZZAJ5HDXKKCNTL47U4-Y5yzcZ.jpg\",\"width\":2000,\"height\":1334},{\"@type\":\"BreadcrumbList\",\"@id\":\"https:\\\/\\\/impactocastex.com.ar\\\/?p=7217#breadcrumb\",\"itemListElement\":[{\"@type\":\"ListItem\",\"position\":1,\"name\":\"Portada\",\"item\":\"https:\\\/\\\/impactocastex.com.ar\\\/\"},{\"@type\":\"ListItem\",\"position\":2,\"name\":\"Cortes en el AMBA: Edesur notific\u00f3 un desperfecto una subestaci\u00f3n y anticip\u00f3 que el servicio se restablecer\u00e1 por etapas\"}]},{\"@type\":\"WebSite\",\"@id\":\"https:\\\/\\\/impactocastex.com.ar\\\/#website\",\"url\":\"https:\\\/\\\/impactocastex.com.ar\\\/\",\"name\":\"Impacto Castex\",\"description\":\"\",\"publisher\":{\"@id\":\"https:\\\/\\\/impactocastex.com.ar\\\/#organization\"},\"potentialAction\":[{\"@type\":\"SearchAction\",\"target\":{\"@type\":\"EntryPoint\",\"urlTemplate\":\"https:\\\/\\\/impactocastex.com.ar\\\/?s={search_term_string}\"},\"query-input\":{\"@type\":\"PropertyValueSpecification\",\"valueRequired\":true,\"valueName\":\"search_term_string\"}}],\"inLanguage\":\"es\"},{\"@type\":\"Organization\",\"@id\":\"https:\\\/\\\/impactocastex.com.ar\\\/#organization\",\"name\":\"Impacto Castex\",\"url\":\"https:\\\/\\\/impactocastex.com.ar\\\/\",\"logo\":{\"@type\":\"ImageObject\",\"inLanguage\":\"es\",\"@id\":\"https:\\\/\\\/impactocastex.com.ar\\\/#\\\/schema\\\/logo\\\/image\\\/\",\"url\":\"https:\\\/\\\/impactocastex.com.ar\\\/wp-content\\\/uploads\\\/2025\\\/09\\\/cropped-icoweb.png\",\"contentUrl\":\"https:\\\/\\\/impactocastex.com.ar\\\/wp-content\\\/uploads\\\/2025\\\/09\\\/cropped-icoweb.png\",\"width\":512,\"height\":512,\"caption\":\"Impacto Castex\"},\"image\":{\"@id\":\"https:\\\/\\\/impactocastex.com.ar\\\/#\\\/schema\\\/logo\\\/image\\\/\"},\"sameAs\":[\"https:\\\/\\\/www.facebook.com\\\/impactocastexdiario\",\"https:\\\/\\\/www.instagram.com\\\/impactocastex.com.ar\\\/\"]},{\"@type\":\"Person\",\"@id\":\"https:\\\/\\\/impactocastex.com.ar\\\/#\\\/schema\\\/person\\\/86cb4f827fb5f87869a239b98a69c6e3\",\"name\":\"impactocastex\",\"image\":{\"@type\":\"ImageObject\",\"inLanguage\":\"es\",\"@id\":\"https:\\\/\\\/secure.gravatar.com\\\/avatar\\\/9a87ee051ca8c77f5d4070843ce2c78cdf95b858b950fb039151de955122f5f5?s=96&d=mm&r=g\",\"url\":\"https:\\\/\\\/secure.gravatar.com\\\/avatar\\\/9a87ee051ca8c77f5d4070843ce2c78cdf95b858b950fb039151de955122f5f5?s=96&d=mm&r=g\",\"contentUrl\":\"https:\\\/\\\/secure.gravatar.com\\\/avatar\\\/9a87ee051ca8c77f5d4070843ce2c78cdf95b858b950fb039151de955122f5f5?s=96&d=mm&r=g\",\"caption\":\"impactocastex\"},\"sameAs\":[\"https:\\\/\\\/impactocastex.com.ar\"],\"url\":\"https:\\\/\\\/impactocastex.com.ar\\\/?author=1\"}]}<\/script>\n<!-- \/ Yoast SEO plugin. -->","yoast_head_json":{"title":"Cortes en el AMBA: Edesur notific\u00f3 un desperfecto una subestaci\u00f3n y anticip\u00f3 que el servicio se restablecer\u00e1 por etapas -","robots":{"index":"index","follow":"follow","max-snippet":"max-snippet:-1","max-image-preview":"max-image-preview:large","max-video-preview":"max-video-preview:-1"},"canonical":"https:\/\/impactocastex.com.ar\/?p=7217","og_locale":"es_ES","og_type":"article","og_title":"Cortes en el AMBA: Edesur notific\u00f3 un desperfecto una subestaci\u00f3n y anticip\u00f3 que el servicio se restablecer\u00e1 por etapas -","og_description":"A \u00faltima hora del martes, en la antesala de A\u00f1o Nuevo, sectores de la ciudad...","og_url":"https:\/\/impactocastex.com.ar\/?p=7217","article_publisher":"https:\/\/www.facebook.com\/impactocastexdiario","article_published_time":"2025-12-31T06:15:12+00:00","og_image":[{"url":"https:\/\/resizer.glanacion.com\/resizer\/v2\/N2SJ2UIJSBHPTOBKD7ZVVOWIWQ.png?auth=32d3415a3444ec9eb2ba712867f5d9fe97b02072a21d04f2be265c9ea257e872&amp;smart=true&amp;width=1200&amp;height=800","type":"","width":"","height":""}],"author":"impactocastex","twitter_card":"summary_large_image","twitter_misc":{"Escrito por":"impactocastex","Tiempo de lectura":"3 minutos"},"schema":{"@context":"https:\/\/schema.org","@graph":[{"@type":"Article","@id":"https:\/\/impactocastex.com.ar\/?p=7217#article","isPartOf":{"@id":"https:\/\/impactocastex.com.ar\/?p=7217"},"author":{"name":"impactocastex","@id":"https:\/\/impactocastex.com.ar\/#\/schema\/person\/86cb4f827fb5f87869a239b98a69c6e3"},"headline":"Cortes en el AMBA: Edesur notific\u00f3 un desperfecto una subestaci\u00f3n y anticip\u00f3 que el servicio se restablecer\u00e1 por etapas","datePublished":"2025-12-31T06:15:12+00:00","mainEntityOfPage":{"@id":"https:\/\/impactocastex.com.ar\/?p=7217"},"wordCount":647,"publisher":{"@id":"https:\/\/impactocastex.com.ar\/#organization"},"image":{"@id":"https:\/\/impactocastex.com.ar\/?p=7217#primaryimage"},"thumbnailUrl":"https:\/\/impactocastex.com.ar\/wp-content\/uploads\/2025\/12\/RI274OROZZAJ5HDXKKCNTL47U4-Y5yzcZ.jpg","articleSection":["NACIONALES"],"inLanguage":"es"},{"@type":"WebPage","@id":"https:\/\/impactocastex.com.ar\/?p=7217","url":"https:\/\/impactocastex.com.ar\/?p=7217","name":"Cortes en el AMBA: Edesur notific\u00f3 un desperfecto una subestaci\u00f3n y anticip\u00f3 que el servicio se restablecer\u00e1 por etapas -","isPartOf":{"@id":"https:\/\/impactocastex.com.ar\/#website"},"primaryImageOfPage":{"@id":"https:\/\/impactocastex.com.ar\/?p=7217#primaryimage"},"image":{"@id":"https:\/\/impactocastex.com.ar\/?p=7217#primaryimage"},"thumbnailUrl":"https:\/\/impactocastex.com.ar\/wp-content\/uploads\/2025\/12\/RI274OROZZAJ5HDXKKCNTL47U4-Y5yzcZ.jpg","datePublished":"2025-12-31T06:15:12+00:00","breadcrumb":{"@id":"https:\/\/impactocastex.com.ar\/?p=7217#breadcrumb"},"inLanguage":"es","potentialAction":[{"@type":"ReadAction","target":["https:\/\/impactocastex.com.ar\/?p=7217"]}]},{"@type":"ImageObject","inLanguage":"es","@id":"https:\/\/impactocastex.com.ar\/?p=7217#primaryimage","url":"https:\/\/impactocastex.com.ar\/wp-content\/uploads\/2025\/12\/RI274OROZZAJ5HDXKKCNTL47U4-Y5yzcZ.jpg","contentUrl":"https:\/\/impactocastex.com.ar\/wp-content\/uploads\/2025\/12\/RI274OROZZAJ5HDXKKCNTL47U4-Y5yzcZ.jpg","width":2000,"height":1334},{"@type":"BreadcrumbList","@id":"https:\/\/impactocastex.com.ar\/?p=7217#breadcrumb","itemListElement":[{"@type":"ListItem","position":1,"name":"Portada","item":"https:\/\/impactocastex.com.ar\/"},{"@type":"ListItem","position":2,"name":"Cortes en el AMBA: Edesur notific\u00f3 un desperfecto una subestaci\u00f3n y anticip\u00f3 que el servicio se restablecer\u00e1 por etapas"}]},{"@type":"WebSite","@id":"https:\/\/impactocastex.com.ar\/#website","url":"https:\/\/impactocastex.com.ar\/","name":"Impacto Castex","description":"","publisher":{"@id":"https:\/\/impactocastex.com.ar\/#organization"},"potentialAction":[{"@type":"SearchAction","target":{"@type":"EntryPoint","urlTemplate":"https:\/\/impactocastex.com.ar\/?s={search_term_string}"},"query-input":{"@type":"PropertyValueSpecification","valueRequired":true,"valueName":"search_term_string"}}],"inLanguage":"es"},{"@type":"Organization","@id":"https:\/\/impactocastex.com.ar\/#organization","name":"Impacto Castex","url":"https:\/\/impactocastex.com.ar\/","logo":{"@type":"ImageObject","inLanguage":"es","@id":"https:\/\/impactocastex.com.ar\/#\/schema\/logo\/image\/","url":"https:\/\/impactocastex.com.ar\/wp-content\/uploads\/2025\/09\/cropped-icoweb.png","contentUrl":"https:\/\/impactocastex.com.ar\/wp-content\/uploads\/2025\/09\/cropped-icoweb.png","width":512,"height":512,"caption":"Impacto Castex"},"image":{"@id":"https:\/\/impactocastex.com.ar\/#\/schema\/logo\/image\/"},"sameAs":["https:\/\/www.facebook.com\/impactocastexdiario","https:\/\/www.instagram.com\/impactocastex.com.ar\/"]},{"@type":"Person","@id":"https:\/\/impactocastex.com.ar\/#\/schema\/person\/86cb4f827fb5f87869a239b98a69c6e3","name":"impactocastex","image":{"@type":"ImageObject","inLanguage":"es","@id":"https:\/\/secure.gravatar.com\/avatar\/9a87ee051ca8c77f5d4070843ce2c78cdf95b858b950fb039151de955122f5f5?s=96&d=mm&r=g","url":"https:\/\/secure.gravatar.com\/avatar\/9a87ee051ca8c77f5d4070843ce2c78cdf95b858b950fb039151de955122f5f5?s=96&d=mm&r=g","contentUrl":"https:\/\/secure.gravatar.com\/avatar\/9a87ee051ca8c77f5d4070843ce2c78cdf95b858b950fb039151de955122f5f5?s=96&d=mm&r=g","caption":"impactocastex"},"sameAs":["https:\/\/impactocastex.com.ar"],"url":"https:\/\/impactocastex.com.ar\/?author=1"}]}},"jetpack_publicize_connections":[],"featured_image_urls":{"full":["https:\/\/impactocastex.com.ar\/wp-content\/uploads\/2025\/12\/RI274OROZZAJ5HDXKKCNTL47U4-Y5yzcZ.jpg",2000,1334,false],"thumbnail":["https:\/\/impactocastex.com.ar\/wp-content\/uploads\/2025\/12\/RI274OROZZAJ5HDXKKCNTL47U4-Y5yzcZ-150x150.jpg",150,150,true],"medium":["https:\/\/impactocastex.com.ar\/wp-content\/uploads\/2025\/12\/RI274OROZZAJ5HDXKKCNTL47U4-Y5yzcZ-300x200.jpg",300,200,true],"medium_large":["https:\/\/impactocastex.com.ar\/wp-content\/uploads\/2025\/12\/RI274OROZZAJ5HDXKKCNTL47U4-Y5yzcZ-768x512.jpg",640,427,true],"large":["https:\/\/impactocastex.com.ar\/wp-content\/uploads\/2025\/12\/RI274OROZZAJ5HDXKKCNTL47U4-Y5yzcZ-1024x683.jpg",640,427,true],"1536x1536":["https:\/\/impactocastex.com.ar\/wp-content\/uploads\/2025\/12\/RI274OROZZAJ5HDXKKCNTL47U4-Y5yzcZ-1536x1025.jpg",1536,1025,true],"2048x2048":["https:\/\/impactocastex.com.ar\/wp-content\/uploads\/2025\/12\/RI274OROZZAJ5HDXKKCNTL47U4-Y5yzcZ.jpg",2000,1334,false],"newsever-slider-full":["https:\/\/impactocastex.com.ar\/wp-content\/uploads\/2025\/12\/RI274OROZZAJ5HDXKKCNTL47U4-Y5yzcZ-1280x845.jpg",1280,845,true],"newsever-featured":["https:\/\/impactocastex.com.ar\/wp-content\/uploads\/2025\/12\/RI274OROZZAJ5HDXKKCNTL47U4-Y5yzcZ-1024x683.jpg",1024,683,true],"newsever-medium":["https:\/\/impactocastex.com.ar\/wp-content\/uploads\/2025\/12\/RI274OROZZAJ5HDXKKCNTL47U4-Y5yzcZ-720x475.jpg",720,475,true]},"author_info":{"info":["impactocastex"]},"category_info":"<a href=\"https:\/\/impactocastex.com.ar\/?cat=89\" rel=\"category\">NACIONALES<\/a>","tag_info":"NACIONALES","comment_count":0,"jetpack_featured_media_url":"https:\/\/impactocastex.com.ar\/wp-content\/uploads\/2025\/12\/RI274OROZZAJ5HDXKKCNTL47U4-Y5yzcZ.jpg","jetpack_sharing_enabled":true,"jetpack_likes_enabled":true,"jetpack_shortlink":"https:\/\/wp.me\/p7sopA-1Sp","_links":{"self":[{"href":"https:\/\/impactocastex.com.ar\/index.php?rest_route=\/wp\/v2\/posts\/7217","targetHints":{"allow":["GET"]}}],"collection":[{"href":"https:\/\/impactocastex.com.ar\/index.php?rest_route=\/wp\/v2\/posts"}],"about":[{"href":"https:\/\/impactocastex.com.ar\/index.php?rest_route=\/wp\/v2\/types\/post"}],"author":[{"embeddable":true,"href":"https:\/\/impactocastex.com.ar\/index.php?rest_route=\/wp\/v2\/users\/1"}],"replies":[{"embeddable":true,"href":"https:\/\/impactocastex.com.ar\/index.php?rest_route=%2Fwp%2Fv2%2Fcomments&post=7217"}],"version-history":[{"count":0,"href":"https:\/\/impactocastex.com.ar\/index.php?rest_route=\/wp\/v2\/posts\/7217\/revisions"}],"wp:featuredmedia":[{"embeddable":true,"href":"https:\/\/impactocastex.com.ar\/index.php?rest_route=\/wp\/v2\/media\/7218"}],"wp:attachment":[{"href":"https:\/\/impactocastex.com.ar\/index.php?rest_route=%2Fwp%2Fv2%2Fmedia&parent=7217"}],"wp:term":[{"taxonomy":"category","embeddable":true,"href":"https:\/\/impactocastex.com.ar\/index.php?rest_route=%2Fwp%2Fv2%2Fcategories&post=7217"},{"taxonomy":"post_tag","embeddable":true,"href":"https:\/\/impactocastex.com.ar\/index.php?rest_route=%2Fwp%2Fv2%2Ftags&post=7217"}],"curies":[{"name":"wp","href":"https:\/\/api.w.org\/{rel}","templated":true}]}}