{"id":7181,"date":"2025-12-30T15:31:37","date_gmt":"2025-12-30T18:31:37","guid":{"rendered":"https:\/\/impactocastex.com.ar\/?p=7181"},"modified":"2025-12-30T15:31:37","modified_gmt":"2025-12-30T18:31:37","slug":"de-icono-juvenil-de-nickelodeon-a-una-vida-de-excesos-y-drasticos-cambios-fisicos-como-esta-hoy-amanda-bynes","status":"publish","type":"post","link":"https:\/\/impactocastex.com.ar\/?p=7181","title":{"rendered":"De \u00edcono juvenil de Nickelodeon a una vida de excesos y dr\u00e1sticos cambios f\u00edsicos: c\u00f3mo est\u00e1 hoy Amanda Bynes"},"content":{"rendered":"<p>La historia reciente de <a href=\"https:\/\/www.lanacion.com.ar\/espectaculos\/quien-es-tylor-chase-la-exestrella-de-nickelodeon-que-ahora-vive-en-la-indigencia-nid26122025\/\" target=\"_self\" rel=\"\" title=\"https:\/\/www.lanacion.com.ar\/espectaculos\/quien-es-tylor-chase-la-exestrella-de-nickelodeon-que-ahora-vive-en-la-indigencia-nid26122025\/\"><b>Tylor Chase<\/b><\/a> volvi\u00f3 a sacudir a las redes sociales y reabri\u00f3 un debate que parec\u00eda olvidado: <b>el impacto de la fama temprana<\/b>. En los \u00faltimos meses, circularon videos que<a href=\"https:\/\/www.lanacion.com.ar\/espectaculos\/fue-una-estrella-juvenil-pero-ahora-vive-en-la-indigencia-necesita-atencion-medica-nid23122025\/\" target=\"_self\" rel=\"\" title=\"https:\/\/www.lanacion.com.ar\/espectaculos\/fue-una-estrella-juvenil-pero-ahora-vive-en-la-indigencia-necesita-atencion-medica-nid23122025\/\"> lo mostraban viviendo en las calles de California<\/a>, desmejorado y visiblemente confundido, una imagen muy distinta a la del actor que en los 2000 fue un rostro habitual de la televisi\u00f3n infantil por su papel en<i> El manual de supervivencia escolar de Ned<\/i>. A partir de ese caso, la atenci\u00f3n volvi\u00f3 a posarse sobre otra exestrella de Nickelodeon cuya trayectoria tambi\u00e9n gener\u00f3 sorpresa y preocupaci\u00f3n:<b> Amanda Bynes, una de las figuras m\u00e1s reconocidas de la TV juvenil a fines de los 90<\/b>.<\/p>\n<p>Amanda Bynes dio sus primeros pasos en la televisi\u00f3n siendo apenas una ni\u00f1a.<b> A los 10 a\u00f1os se sum\u00f3 a <\/b><i><b>All That<\/b><\/i>, el recordado programa de <i>sketches <\/i>de Nickelodeon, y su talento no tard\u00f3 en destacarse. Ese impulso la llev\u00f3 a tener su propio ciclo,<i> The Amanda Show,<\/i> que<b> la posicion\u00f3 r\u00e1pidamente como una de las grandes promesas de la comedia juvenil<\/b>.<\/p>\n<p><img loading=\"lazy\" decoding=\"async\" src=\"https:\/\/resizer.glanacion.com\/resizer\/v2\/FMMN5LCY5BGYTOSWIG3KFJMNII.jpg?auth=32617c16341e029ed8ae23539f23ec2467e2062e3206e09060692a5f417b3adf&amp;smart=true&amp;width=660&amp;height=660\" alt=\"Amanda Bynes inici\u00f3 su carrera cuando era una ni\u00f1a (Foto: Instagram\/@amandabynesnews)\" height=\"660\" width=\"660\" \/><\/p>\n<p>Con el correr de los a\u00f1os, su carrera se expandi\u00f3 al cine con t\u00edtulos que marcaron a toda una generaci\u00f3n, como<b> <\/b><i><b>Lo que una chica quiere, Ella es el chico y Hairspray<\/b><\/i>. Su carisma, sentido del humor y estilo fresco <b>la convirtieron en un verdadero \u00edcono adolescente<\/b>, con una popularidad que trascendi\u00f3 fronteras y la consolid\u00f3 como una de las figuras m\u00e1s queridas de comienzos de los 2000.<\/p>\n<p>Sin embargo, <b>ese ascenso se vio abruptamente interrumpido antes de que cumpliera los 25 a\u00f1os<\/b>. A partir de 2010, comenzaron a hacerse p\u00fablicos distintos episodios de inestabilidad emocional, conflictos legales y mensajes controvertidos en redes sociales. <b>Diagnosticada con trastorno bipolar y atravesando problemas de consumo<\/b>, en 2013 su familia solicit\u00f3 una tutela legal para resguardarla. Desde entonces, <b>Amanda Bynes se alej\u00f3 por completo del mundo del espect\u00e1culo<\/b>.<\/p>\n<p><img loading=\"lazy\" decoding=\"async\" src=\"https:\/\/resizer.glanacion.com\/resizer\/v2\/4WIMXVD7FFA6ZPMKAHRVKEODUU.jpg?auth=3ae62471c381e1dc15b6f8b3135c30bbecbe47f29169fcaa36b7ce5caaa06db5&amp;smart=true&amp;width=2000&amp;height=1333\" alt=\"El presente de Amanda Bynes: lejos de Hollywood, con OnlyFans y un cambio f\u00edsico que gener\u00f3 debate\" height=\"1333\" width=\"2000\" \/><\/p>\n<h1>Autoexigencia, adicciones y exposici\u00f3n: sus a\u00f1os m\u00e1s dif\u00edciles<\/h1>\n<p>Durante mucho tiempo, Amanda se mantuvo alejada del ojo p\u00fablico y cada reaparici\u00f3n suya gener\u00f3 inquietud, <b>especialmente por los cambios en su aspecto f\u00edsico y su actitud distante<\/b>. Su imagen, visiblemente desmejorada en algunas ocasiones,<b> aliment\u00f3 la preocupaci\u00f3n y reforz\u00f3 el hermetismo que rode\u00f3 esta etapa de su vida<\/b>, marcada por el silencio y el aislamiento.<\/p>\n<p><img loading=\"lazy\" decoding=\"async\" src=\"https:\/\/resizer.glanacion.com\/resizer\/v2\/GSDKQP5XVBGONEJW37HU5ASQPA.jpg?auth=abd6faca92b3d405b12e8a232e919223c41ce9d66566aa3972f47f184702b88b&amp;smart=true&amp;width=2000&amp;height=1333\" alt=\"Se alej\u00f3 de la actuaci\u00f3n en 2013 tras enfrentar adicciones y problemas de salud mental\" height=\"1333\" width=\"2000\" \/><\/p>\n<p>A lo largo de los a\u00f1os, la propia actriz dio algunas explicaciones sobre lo que atravesaba puertas adentro. En entrevistas posteriores<b> reconoci\u00f3 haber consumido Adderall y habl\u00f3 de una fuerte presi\u00f3n personal ligada a la imagen corporal<\/b>, una autoexigencia que, seg\u00fan cont\u00f3, se intensific\u00f3 durante el rodaje de sus \u00faltimos trabajos y termin\u00f3 impactando de lleno en su salud y bienestar.<\/p>\n<h1>Del \u00e9xito al bajo perfil: as\u00ed est\u00e1 hoy Amanda Bynes<\/h1>\n<p>El presente de Amanda volvi\u00f3 a quedar bajo la lupa p\u00fablica en marzo de 2023,<b> cuando fue internada de manera voluntaria tras ser encontrada desorientada en las calles de Los \u00c1ngeles<\/b>. Desde entonces, sus apariciones p\u00fablicas son espor\u00e1dicas, pero cada gesto o publicaci\u00f3n genera repercusi\u00f3n. En redes sociales<b> mantiene una comunidad activa de m\u00e1s de 600 mil seguidores en Instagram<\/b>, donde comparte fragmentos de su d\u00eda a d\u00eda y reflexiones personales que suelen despertar comentarios.<\/p>\n<p><img loading=\"lazy\" decoding=\"async\" src=\"https:\/\/resizer.glanacion.com\/resizer\/v2\/KL3TCTJVXVEV5HIUWFQQWOLTPY.PNG?auth=a50de69cdd0254812bdf5c734d849dc13125878931cf4516f5fc98fce2cdfb80&amp;smart=true&amp;width=454&amp;height=793\" alt=\"Su imagen volvi\u00f3 a generar debate tras nuevas apariciones p\u00fablicas (Captura: Instagram @amandapandapandapanda1)\" height=\"793\" width=\"454\" \/><\/p>\n<p>En ese contexto, la exestrella de Nickelodeon sorprendi\u00f3 recientemente al referirse a una foto tomada por un paparazzi y<b> hablar abiertamente sobre los cambios en su cuerpo<\/b>. A trav\u00e9s de sus redes, <b>cont\u00f3 que perdi\u00f3 cerca de 13 kilos tras usar Ozempic<\/b>, <a href=\"https:\/\/www.lanacion.com.ar\/sociedad\/que-es-ozempic-el-medicamento-contra-la-diabetes-y-la-obesidad-nid26062025\/\" target=\"_self\" rel=\"\" title=\"https:\/\/www.lanacion.com.ar\/sociedad\/que-es-ozempic-el-medicamento-contra-la-diabetes-y-la-obesidad-nid26062025\/\">un medicamento indicado para la diabetes tipo 2 que se populariz\u00f3 como m\u00e9todo para bajar de peso<\/a>. \u201cNormalmente no me gustan las fotos de paparazzi porque pesaba alrededor de 82 kilos, pero ahora baj\u00e9 casi 13 kilos con Ozempic y estoy en unos 69. <b>S\u00e9 que todav\u00eda me veo grande, pero esta foto es realmente inspiradora para m\u00ed\u201d<\/b>, escribi\u00f3, generando una fuerte debate entre sus seguidores.<\/p>\n<p>Lejos de Hollywood y de los grandes proyectos televisivos o cinematogr\u00e1ficos, Amanda hoy elige transitar su presente desde un lugar distinto. Adem\u00e1s de haber estudiado dise\u00f1o de modas,<b> en los \u00faltimos meses tambi\u00e9n llam\u00f3 la atenci\u00f3n al anunciar la apertura de una cuenta en OnlyFans<\/b>, una decisi\u00f3n que volvi\u00f3 a colocarla en el centro de la conversaci\u00f3n p\u00fablica. As\u00ed, su actualidad, que es muy distinta a la de sus a\u00f1os de fama, sigue generando repercusi\u00f3n.<\/p>\n<p>\u200bTras el caso de Tylor Chase, volvi\u00f3 a ponerse el foco en la exestrella infantil y su vida actual; todos los detalles\u00a0\u00a0<\/p>","protected":false},"excerpt":{"rendered":"<p>La historia reciente de Tylor Chase volvi\u00f3 a sacudir a las redes sociales y reabri\u00f3&#8230;<\/p>\n","protected":false},"author":1,"featured_media":7182,"comment_status":"closed","ping_status":"closed","sticky":false,"template":"","format":"standard","meta":{"_jetpack_memberships_contains_paid_content":false,"footnotes":"","jetpack_publicize_message":"","jetpack_publicize_feature_enabled":true,"jetpack_social_post_already_shared":true,"jetpack_social_options":{"image_generator_settings":{"template":"highway","default_image_id":0,"font":"","enabled":false},"version":2}},"categories":[89],"tags":[],"class_list":["post-7181","post","type-post","status-publish","format-standard","has-post-thumbnail","hentry","category-nacionales"],"yoast_head":"<!-- This site is optimized with the Yoast SEO plugin v27.4 - https:\/\/yoast.com\/product\/yoast-seo-wordpress\/ -->\n<title>De \u00edcono juvenil de Nickelodeon a una vida de excesos y dr\u00e1sticos cambios f\u00edsicos: c\u00f3mo est\u00e1 hoy Amanda Bynes -<\/title>\n<meta name=\"robots\" content=\"index, follow, max-snippet:-1, max-image-preview:large, max-video-preview:-1\" \/>\n<link rel=\"canonical\" href=\"https:\/\/impactocastex.com.ar\/?p=7181\" \/>\n<meta property=\"og:locale\" content=\"es_ES\" \/>\n<meta property=\"og:type\" content=\"article\" \/>\n<meta property=\"og:title\" content=\"De \u00edcono juvenil de Nickelodeon a una vida de excesos y dr\u00e1sticos cambios f\u00edsicos: c\u00f3mo est\u00e1 hoy Amanda Bynes -\" \/>\n<meta property=\"og:description\" content=\"La historia reciente de Tylor Chase volvi\u00f3 a sacudir a las redes sociales y reabri\u00f3...\" \/>\n<meta property=\"og:url\" content=\"https:\/\/impactocastex.com.ar\/?p=7181\" \/>\n<meta property=\"article:publisher\" content=\"https:\/\/www.facebook.com\/impactocastexdiario\" \/>\n<meta property=\"article:published_time\" content=\"2025-12-30T18:31:37+00:00\" \/>\n<meta property=\"og:image\" content=\"https:\/\/resizer.glanacion.com\/resizer\/v2\/FMMN5LCY5BGYTOSWIG3KFJMNII.jpg?auth=32617c16341e029ed8ae23539f23ec2467e2062e3206e09060692a5f417b3adf&amp;smart=true&amp;width=660&amp;height=660\" \/>\n<meta name=\"author\" content=\"impactocastex\" \/>\n<meta name=\"twitter:card\" content=\"summary_large_image\" \/>\n<meta name=\"twitter:label1\" content=\"Escrito por\" \/>\n\t<meta name=\"twitter:data1\" content=\"impactocastex\" \/>\n\t<meta name=\"twitter:label2\" content=\"Tiempo de lectura\" \/>\n\t<meta name=\"twitter:data2\" content=\"4 minutos\" \/>\n<script type=\"application\/ld+json\" class=\"yoast-schema-graph\">{\"@context\":\"https:\\\/\\\/schema.org\",\"@graph\":[{\"@type\":\"Article\",\"@id\":\"https:\\\/\\\/impactocastex.com.ar\\\/?p=7181#article\",\"isPartOf\":{\"@id\":\"https:\\\/\\\/impactocastex.com.ar\\\/?p=7181\"},\"author\":{\"name\":\"impactocastex\",\"@id\":\"https:\\\/\\\/impactocastex.com.ar\\\/#\\\/schema\\\/person\\\/86cb4f827fb5f87869a239b98a69c6e3\"},\"headline\":\"De \u00edcono juvenil de Nickelodeon a una vida de excesos y dr\u00e1sticos cambios f\u00edsicos: c\u00f3mo est\u00e1 hoy Amanda Bynes\",\"datePublished\":\"2025-12-30T18:31:37+00:00\",\"mainEntityOfPage\":{\"@id\":\"https:\\\/\\\/impactocastex.com.ar\\\/?p=7181\"},\"wordCount\":784,\"publisher\":{\"@id\":\"https:\\\/\\\/impactocastex.com.ar\\\/#organization\"},\"image\":{\"@id\":\"https:\\\/\\\/impactocastex.com.ar\\\/?p=7181#primaryimage\"},\"thumbnailUrl\":\"https:\\\/\\\/impactocastex.com.ar\\\/wp-content\\\/uploads\\\/2025\\\/12\\\/DGGKJSXEDZGSZG76ZZANJSV4SU-OQJHeO.jpg\",\"articleSection\":[\"NACIONALES\"],\"inLanguage\":\"es\"},{\"@type\":\"WebPage\",\"@id\":\"https:\\\/\\\/impactocastex.com.ar\\\/?p=7181\",\"url\":\"https:\\\/\\\/impactocastex.com.ar\\\/?p=7181\",\"name\":\"De \u00edcono juvenil de Nickelodeon a una vida de excesos y dr\u00e1sticos cambios f\u00edsicos: c\u00f3mo est\u00e1 hoy Amanda Bynes -\",\"isPartOf\":{\"@id\":\"https:\\\/\\\/impactocastex.com.ar\\\/#website\"},\"primaryImageOfPage\":{\"@id\":\"https:\\\/\\\/impactocastex.com.ar\\\/?p=7181#primaryimage\"},\"image\":{\"@id\":\"https:\\\/\\\/impactocastex.com.ar\\\/?p=7181#primaryimage\"},\"thumbnailUrl\":\"https:\\\/\\\/impactocastex.com.ar\\\/wp-content\\\/uploads\\\/2025\\\/12\\\/DGGKJSXEDZGSZG76ZZANJSV4SU-OQJHeO.jpg\",\"datePublished\":\"2025-12-30T18:31:37+00:00\",\"breadcrumb\":{\"@id\":\"https:\\\/\\\/impactocastex.com.ar\\\/?p=7181#breadcrumb\"},\"inLanguage\":\"es\",\"potentialAction\":[{\"@type\":\"ReadAction\",\"target\":[\"https:\\\/\\\/impactocastex.com.ar\\\/?p=7181\"]}]},{\"@type\":\"ImageObject\",\"inLanguage\":\"es\",\"@id\":\"https:\\\/\\\/impactocastex.com.ar\\\/?p=7181#primaryimage\",\"url\":\"https:\\\/\\\/impactocastex.com.ar\\\/wp-content\\\/uploads\\\/2025\\\/12\\\/DGGKJSXEDZGSZG76ZZANJSV4SU-OQJHeO.jpg\",\"contentUrl\":\"https:\\\/\\\/impactocastex.com.ar\\\/wp-content\\\/uploads\\\/2025\\\/12\\\/DGGKJSXEDZGSZG76ZZANJSV4SU-OQJHeO.jpg\",\"width\":2000,\"height\":1333},{\"@type\":\"BreadcrumbList\",\"@id\":\"https:\\\/\\\/impactocastex.com.ar\\\/?p=7181#breadcrumb\",\"itemListElement\":[{\"@type\":\"ListItem\",\"position\":1,\"name\":\"Portada\",\"item\":\"https:\\\/\\\/impactocastex.com.ar\\\/\"},{\"@type\":\"ListItem\",\"position\":2,\"name\":\"De \u00edcono juvenil de Nickelodeon a una vida de excesos y dr\u00e1sticos cambios f\u00edsicos: c\u00f3mo est\u00e1 hoy Amanda Bynes\"}]},{\"@type\":\"WebSite\",\"@id\":\"https:\\\/\\\/impactocastex.com.ar\\\/#website\",\"url\":\"https:\\\/\\\/impactocastex.com.ar\\\/\",\"name\":\"Impacto Castex\",\"description\":\"\",\"publisher\":{\"@id\":\"https:\\\/\\\/impactocastex.com.ar\\\/#organization\"},\"potentialAction\":[{\"@type\":\"SearchAction\",\"target\":{\"@type\":\"EntryPoint\",\"urlTemplate\":\"https:\\\/\\\/impactocastex.com.ar\\\/?s={search_term_string}\"},\"query-input\":{\"@type\":\"PropertyValueSpecification\",\"valueRequired\":true,\"valueName\":\"search_term_string\"}}],\"inLanguage\":\"es\"},{\"@type\":\"Organization\",\"@id\":\"https:\\\/\\\/impactocastex.com.ar\\\/#organization\",\"name\":\"Impacto Castex\",\"url\":\"https:\\\/\\\/impactocastex.com.ar\\\/\",\"logo\":{\"@type\":\"ImageObject\",\"inLanguage\":\"es\",\"@id\":\"https:\\\/\\\/impactocastex.com.ar\\\/#\\\/schema\\\/logo\\\/image\\\/\",\"url\":\"https:\\\/\\\/impactocastex.com.ar\\\/wp-content\\\/uploads\\\/2025\\\/09\\\/cropped-icoweb.png\",\"contentUrl\":\"https:\\\/\\\/impactocastex.com.ar\\\/wp-content\\\/uploads\\\/2025\\\/09\\\/cropped-icoweb.png\",\"width\":512,\"height\":512,\"caption\":\"Impacto Castex\"},\"image\":{\"@id\":\"https:\\\/\\\/impactocastex.com.ar\\\/#\\\/schema\\\/logo\\\/image\\\/\"},\"sameAs\":[\"https:\\\/\\\/www.facebook.com\\\/impactocastexdiario\",\"https:\\\/\\\/www.instagram.com\\\/impactocastex.com.ar\\\/\"]},{\"@type\":\"Person\",\"@id\":\"https:\\\/\\\/impactocastex.com.ar\\\/#\\\/schema\\\/person\\\/86cb4f827fb5f87869a239b98a69c6e3\",\"name\":\"impactocastex\",\"image\":{\"@type\":\"ImageObject\",\"inLanguage\":\"es\",\"@id\":\"https:\\\/\\\/secure.gravatar.com\\\/avatar\\\/9a87ee051ca8c77f5d4070843ce2c78cdf95b858b950fb039151de955122f5f5?s=96&d=mm&r=g\",\"url\":\"https:\\\/\\\/secure.gravatar.com\\\/avatar\\\/9a87ee051ca8c77f5d4070843ce2c78cdf95b858b950fb039151de955122f5f5?s=96&d=mm&r=g\",\"contentUrl\":\"https:\\\/\\\/secure.gravatar.com\\\/avatar\\\/9a87ee051ca8c77f5d4070843ce2c78cdf95b858b950fb039151de955122f5f5?s=96&d=mm&r=g\",\"caption\":\"impactocastex\"},\"sameAs\":[\"https:\\\/\\\/impactocastex.com.ar\"],\"url\":\"https:\\\/\\\/impactocastex.com.ar\\\/?author=1\"}]}<\/script>\n<!-- \/ Yoast SEO plugin. -->","yoast_head_json":{"title":"De \u00edcono juvenil de Nickelodeon a una vida de excesos y dr\u00e1sticos cambios f\u00edsicos: c\u00f3mo est\u00e1 hoy Amanda Bynes -","robots":{"index":"index","follow":"follow","max-snippet":"max-snippet:-1","max-image-preview":"max-image-preview:large","max-video-preview":"max-video-preview:-1"},"canonical":"https:\/\/impactocastex.com.ar\/?p=7181","og_locale":"es_ES","og_type":"article","og_title":"De \u00edcono juvenil de Nickelodeon a una vida de excesos y dr\u00e1sticos cambios f\u00edsicos: c\u00f3mo est\u00e1 hoy Amanda Bynes -","og_description":"La historia reciente de Tylor Chase volvi\u00f3 a sacudir a las redes sociales y reabri\u00f3...","og_url":"https:\/\/impactocastex.com.ar\/?p=7181","article_publisher":"https:\/\/www.facebook.com\/impactocastexdiario","article_published_time":"2025-12-30T18:31:37+00:00","og_image":[{"url":"https:\/\/resizer.glanacion.com\/resizer\/v2\/FMMN5LCY5BGYTOSWIG3KFJMNII.jpg?auth=32617c16341e029ed8ae23539f23ec2467e2062e3206e09060692a5f417b3adf&amp;smart=true&amp;width=660&amp;height=660","type":"","width":"","height":""}],"author":"impactocastex","twitter_card":"summary_large_image","twitter_misc":{"Escrito por":"impactocastex","Tiempo de lectura":"4 minutos"},"schema":{"@context":"https:\/\/schema.org","@graph":[{"@type":"Article","@id":"https:\/\/impactocastex.com.ar\/?p=7181#article","isPartOf":{"@id":"https:\/\/impactocastex.com.ar\/?p=7181"},"author":{"name":"impactocastex","@id":"https:\/\/impactocastex.com.ar\/#\/schema\/person\/86cb4f827fb5f87869a239b98a69c6e3"},"headline":"De \u00edcono juvenil de Nickelodeon a una vida de excesos y dr\u00e1sticos cambios f\u00edsicos: c\u00f3mo est\u00e1 hoy Amanda Bynes","datePublished":"2025-12-30T18:31:37+00:00","mainEntityOfPage":{"@id":"https:\/\/impactocastex.com.ar\/?p=7181"},"wordCount":784,"publisher":{"@id":"https:\/\/impactocastex.com.ar\/#organization"},"image":{"@id":"https:\/\/impactocastex.com.ar\/?p=7181#primaryimage"},"thumbnailUrl":"https:\/\/impactocastex.com.ar\/wp-content\/uploads\/2025\/12\/DGGKJSXEDZGSZG76ZZANJSV4SU-OQJHeO.jpg","articleSection":["NACIONALES"],"inLanguage":"es"},{"@type":"WebPage","@id":"https:\/\/impactocastex.com.ar\/?p=7181","url":"https:\/\/impactocastex.com.ar\/?p=7181","name":"De \u00edcono juvenil de Nickelodeon a una vida de excesos y dr\u00e1sticos cambios f\u00edsicos: c\u00f3mo est\u00e1 hoy Amanda Bynes -","isPartOf":{"@id":"https:\/\/impactocastex.com.ar\/#website"},"primaryImageOfPage":{"@id":"https:\/\/impactocastex.com.ar\/?p=7181#primaryimage"},"image":{"@id":"https:\/\/impactocastex.com.ar\/?p=7181#primaryimage"},"thumbnailUrl":"https:\/\/impactocastex.com.ar\/wp-content\/uploads\/2025\/12\/DGGKJSXEDZGSZG76ZZANJSV4SU-OQJHeO.jpg","datePublished":"2025-12-30T18:31:37+00:00","breadcrumb":{"@id":"https:\/\/impactocastex.com.ar\/?p=7181#breadcrumb"},"inLanguage":"es","potentialAction":[{"@type":"ReadAction","target":["https:\/\/impactocastex.com.ar\/?p=7181"]}]},{"@type":"ImageObject","inLanguage":"es","@id":"https:\/\/impactocastex.com.ar\/?p=7181#primaryimage","url":"https:\/\/impactocastex.com.ar\/wp-content\/uploads\/2025\/12\/DGGKJSXEDZGSZG76ZZANJSV4SU-OQJHeO.jpg","contentUrl":"https:\/\/impactocastex.com.ar\/wp-content\/uploads\/2025\/12\/DGGKJSXEDZGSZG76ZZANJSV4SU-OQJHeO.jpg","width":2000,"height":1333},{"@type":"BreadcrumbList","@id":"https:\/\/impactocastex.com.ar\/?p=7181#breadcrumb","itemListElement":[{"@type":"ListItem","position":1,"name":"Portada","item":"https:\/\/impactocastex.com.ar\/"},{"@type":"ListItem","position":2,"name":"De \u00edcono juvenil de Nickelodeon a una vida de excesos y dr\u00e1sticos cambios f\u00edsicos: c\u00f3mo est\u00e1 hoy Amanda Bynes"}]},{"@type":"WebSite","@id":"https:\/\/impactocastex.com.ar\/#website","url":"https:\/\/impactocastex.com.ar\/","name":"Impacto Castex","description":"","publisher":{"@id":"https:\/\/impactocastex.com.ar\/#organization"},"potentialAction":[{"@type":"SearchAction","target":{"@type":"EntryPoint","urlTemplate":"https:\/\/impactocastex.com.ar\/?s={search_term_string}"},"query-input":{"@type":"PropertyValueSpecification","valueRequired":true,"valueName":"search_term_string"}}],"inLanguage":"es"},{"@type":"Organization","@id":"https:\/\/impactocastex.com.ar\/#organization","name":"Impacto Castex","url":"https:\/\/impactocastex.com.ar\/","logo":{"@type":"ImageObject","inLanguage":"es","@id":"https:\/\/impactocastex.com.ar\/#\/schema\/logo\/image\/","url":"https:\/\/impactocastex.com.ar\/wp-content\/uploads\/2025\/09\/cropped-icoweb.png","contentUrl":"https:\/\/impactocastex.com.ar\/wp-content\/uploads\/2025\/09\/cropped-icoweb.png","width":512,"height":512,"caption":"Impacto Castex"},"image":{"@id":"https:\/\/impactocastex.com.ar\/#\/schema\/logo\/image\/"},"sameAs":["https:\/\/www.facebook.com\/impactocastexdiario","https:\/\/www.instagram.com\/impactocastex.com.ar\/"]},{"@type":"Person","@id":"https:\/\/impactocastex.com.ar\/#\/schema\/person\/86cb4f827fb5f87869a239b98a69c6e3","name":"impactocastex","image":{"@type":"ImageObject","inLanguage":"es","@id":"https:\/\/secure.gravatar.com\/avatar\/9a87ee051ca8c77f5d4070843ce2c78cdf95b858b950fb039151de955122f5f5?s=96&d=mm&r=g","url":"https:\/\/secure.gravatar.com\/avatar\/9a87ee051ca8c77f5d4070843ce2c78cdf95b858b950fb039151de955122f5f5?s=96&d=mm&r=g","contentUrl":"https:\/\/secure.gravatar.com\/avatar\/9a87ee051ca8c77f5d4070843ce2c78cdf95b858b950fb039151de955122f5f5?s=96&d=mm&r=g","caption":"impactocastex"},"sameAs":["https:\/\/impactocastex.com.ar"],"url":"https:\/\/impactocastex.com.ar\/?author=1"}]}},"jetpack_publicize_connections":[],"featured_image_urls":{"full":["https:\/\/impactocastex.com.ar\/wp-content\/uploads\/2025\/12\/DGGKJSXEDZGSZG76ZZANJSV4SU-OQJHeO.jpg",2000,1333,false],"thumbnail":["https:\/\/impactocastex.com.ar\/wp-content\/uploads\/2025\/12\/DGGKJSXEDZGSZG76ZZANJSV4SU-OQJHeO-150x150.jpg",150,150,true],"medium":["https:\/\/impactocastex.com.ar\/wp-content\/uploads\/2025\/12\/DGGKJSXEDZGSZG76ZZANJSV4SU-OQJHeO-300x200.jpg",300,200,true],"medium_large":["https:\/\/impactocastex.com.ar\/wp-content\/uploads\/2025\/12\/DGGKJSXEDZGSZG76ZZANJSV4SU-OQJHeO-768x512.jpg",640,427,true],"large":["https:\/\/impactocastex.com.ar\/wp-content\/uploads\/2025\/12\/DGGKJSXEDZGSZG76ZZANJSV4SU-OQJHeO-1024x682.jpg",640,426,true],"1536x1536":["https:\/\/impactocastex.com.ar\/wp-content\/uploads\/2025\/12\/DGGKJSXEDZGSZG76ZZANJSV4SU-OQJHeO-1536x1024.jpg",1536,1024,true],"2048x2048":["https:\/\/impactocastex.com.ar\/wp-content\/uploads\/2025\/12\/DGGKJSXEDZGSZG76ZZANJSV4SU-OQJHeO.jpg",2000,1333,false],"newsever-slider-full":["https:\/\/impactocastex.com.ar\/wp-content\/uploads\/2025\/12\/DGGKJSXEDZGSZG76ZZANJSV4SU-OQJHeO-1280x845.jpg",1280,845,true],"newsever-featured":["https:\/\/impactocastex.com.ar\/wp-content\/uploads\/2025\/12\/DGGKJSXEDZGSZG76ZZANJSV4SU-OQJHeO-1024x682.jpg",1024,682,true],"newsever-medium":["https:\/\/impactocastex.com.ar\/wp-content\/uploads\/2025\/12\/DGGKJSXEDZGSZG76ZZANJSV4SU-OQJHeO-720x475.jpg",720,475,true]},"author_info":{"info":["impactocastex"]},"category_info":"<a href=\"https:\/\/impactocastex.com.ar\/?cat=89\" rel=\"category\">NACIONALES<\/a>","tag_info":"NACIONALES","comment_count":0,"jetpack_featured_media_url":"https:\/\/impactocastex.com.ar\/wp-content\/uploads\/2025\/12\/DGGKJSXEDZGSZG76ZZANJSV4SU-OQJHeO.jpg","jetpack_sharing_enabled":true,"jetpack_likes_enabled":true,"jetpack_shortlink":"https:\/\/wp.me\/p7sopA-1RP","_links":{"self":[{"href":"https:\/\/impactocastex.com.ar\/index.php?rest_route=\/wp\/v2\/posts\/7181","targetHints":{"allow":["GET"]}}],"collection":[{"href":"https:\/\/impactocastex.com.ar\/index.php?rest_route=\/wp\/v2\/posts"}],"about":[{"href":"https:\/\/impactocastex.com.ar\/index.php?rest_route=\/wp\/v2\/types\/post"}],"author":[{"embeddable":true,"href":"https:\/\/impactocastex.com.ar\/index.php?rest_route=\/wp\/v2\/users\/1"}],"replies":[{"embeddable":true,"href":"https:\/\/impactocastex.com.ar\/index.php?rest_route=%2Fwp%2Fv2%2Fcomments&post=7181"}],"version-history":[{"count":0,"href":"https:\/\/impactocastex.com.ar\/index.php?rest_route=\/wp\/v2\/posts\/7181\/revisions"}],"wp:featuredmedia":[{"embeddable":true,"href":"https:\/\/impactocastex.com.ar\/index.php?rest_route=\/wp\/v2\/media\/7182"}],"wp:attachment":[{"href":"https:\/\/impactocastex.com.ar\/index.php?rest_route=%2Fwp%2Fv2%2Fmedia&parent=7181"}],"wp:term":[{"taxonomy":"category","embeddable":true,"href":"https:\/\/impactocastex.com.ar\/index.php?rest_route=%2Fwp%2Fv2%2Fcategories&post=7181"},{"taxonomy":"post_tag","embeddable":true,"href":"https:\/\/impactocastex.com.ar\/index.php?rest_route=%2Fwp%2Fv2%2Ftags&post=7181"}],"curies":[{"name":"wp","href":"https:\/\/api.w.org\/{rel}","templated":true}]}}