{"id":7175,"date":"2025-12-30T15:34:36","date_gmt":"2025-12-30T18:34:36","guid":{"rendered":"https:\/\/impactocastex.com.ar\/?p=7175"},"modified":"2025-12-30T15:34:36","modified_gmt":"2025-12-30T18:34:36","slug":"calor-agobiante-cual-es-la-frecuencia-ideal-para-tomar-agua-segun-los-expertos","status":"publish","type":"post","link":"https:\/\/impactocastex.com.ar\/?p=7175","title":{"rendered":"Calor agobiante: cu\u00e1l es la frecuencia ideal para tomar agua, seg\u00fan los expertos"},"content":{"rendered":"<p>En medio de un <b>calor extremo,<\/b> uno de los errores m\u00e1s comunes es <b>beber agua solo cuando aparece la sed<\/b>. Sin embargo, los especialistas coinciden en que, con temperaturas extremas, esa se\u00f1al llega tarde. En una entrevista en <i>LN+<\/i>, el deport\u00f3logo y cardi\u00f3logo <b>Norberto Debbag<\/b> puso el foco en un dato concreto que puede marcar la diferencia para la salud: <b>cada cu\u00e1nto tiempo conviene hidratarse<\/b>.<\/p>\n<p>\u201cEl cuerpo tiene dificultades para disipar el calor a trav\u00e9s de la piel\u201d, explic\u00f3 el especialista. Cuando ese mecanismo falla, la temperatura corporal comienza a subir y pueden aparecer <b>complicaciones neurol\u00f3gicas o renales<\/b>, propias del golpe de calor. <\/p>\n<p>En ese contexto, la hidrataci\u00f3n deja de ser un h\u00e1bito general y se convierte en una <b>medida preventiva central<\/b>.<\/p>\n<figure><video height=\"720\" width=\"1280\" poster=\"https:\/\/cdn.jwplayer.com\/v2\/media\/UNFEJsuh\/poster.jpg?width=1280\" preload=\"none\"><\/video><figcaption>Calor extremo en Buenos Aires <\/figcaption><\/figure>\n<h1>Cada cu\u00e1nto hay que tomar agua<\/h1>\n<p>Debbag fue preciso al establecer una pauta clara: <b>\u201cHay que tratar de tomar un vaso de agua cada 30 minutos\u201d<\/b>. Esa frecuencia permite compensar la p\u00e9rdida constante de l\u00edquidos que se produce por la transpiraci\u00f3n, incluso en personas que no est\u00e1n realizando actividad f\u00edsica. <\/p>\n<p>En t\u00e9rminos diarios, el especialista indic\u00f3 que el consumo deber\u00eda rondar los <b>dos litros de agua<\/b>, aunque esa cantidad puede aumentar si hay calor extremo, exposici\u00f3n al sol o actividad f\u00edsica. <\/p>\n<p>En el caso de los <b>adultos mayores<\/b>, el riesgo es mayor porque la sensaci\u00f3n de sed se retrasa a nivel neurol\u00f3gico, por lo que <b>no pueden guiarse solo por lo que sienten<\/b> y es necesario insistir con la hidrataci\u00f3n. <\/p>\n<h1>Qu\u00e9 pasa cuando falta agua<\/h1>\n<p><img loading=\"lazy\" decoding=\"async\" src=\"https:\/\/resizer.glanacion.com\/resizer\/v2\/KJ235KP5QZFS5K5JKBUMSOGSFY.jpg?auth=4dc1deeeba5849b0ed1aaff06daedd11257fd4ed410581deeadca5c0ff562f1d&amp;smart=true&amp;width=1440&amp;height=990\" alt=\"El m\u00e9dico remarc\u00f3 que hay que tomar agua, aun cuando no se tiene sed \" height=\"990\" width=\"1440\" \/><\/p>\n<p>La p\u00e9rdida de l\u00edquidos no implica solo deshidrataci\u00f3n. Seg\u00fan explic\u00f3 Debbag, con la transpiraci\u00f3n tambi\u00e9n se pierden <b>electrolitos esenciales<\/b>, como sodio y potasio. Ese desequilibrio puede afectar al coraz\u00f3n y favorecer la aparici\u00f3n de <b>arritmias<\/b>, especialmente en personas que pasan muchas horas en la calle o tienen sudoraci\u00f3n extrema.<\/p>\n<p>En esos casos, algunas bebidas con electrolitos pueden ser \u00fatiles, aunque el especialista advirti\u00f3 que <b>hay que evitar las bebidas dulces<\/b>, ya que el az\u00facar \u201carrastra agua\u201d y empeora la deshidrataci\u00f3n. <\/p>\n<p><b>El indicador m\u00e1s simple para detectar un d\u00e9ficit es observar la orina<\/b>: cuando se vuelve <b>oscura<\/b>, es una se\u00f1al directa de que el cuerpo necesita m\u00e1s l\u00edquido.<\/p>\n<h1>El rol de la alimentaci\u00f3n y el alcohol<\/h1>\n<p>Debbag recomend\u00f3 <b>consumir frutas<\/b>, que aportan agua de manera natural, y evitar comidas muy grasas o cal\u00f3ricas, que aumentan la carga metab\u00f3lica del organismo. En verano, priorizar <b>ensaladas, frutas y carnes magras<\/b> ayuda a mantener el equilibrio.<\/p>\n<p><img loading=\"lazy\" decoding=\"async\" src=\"https:\/\/resizer.glanacion.com\/resizer\/v2\/KMU6MHTSPVDMVLB7RIRPJ47ODQ.jpeg?auth=244cdcc1303e4c9e285c1f18ae03267008917026054a15043be6584085080174&amp;smart=true&amp;width=624&amp;height=350\" alt=\"La orina de color oscuro es una se\u00f1al de deshidrataci\u00f3n\" height=\"350\" width=\"624\" \/><\/p>\n<p>El alcohol, en cambio, juega en contra. Produce <b>vasodilataci\u00f3n<\/b>, enrojece la piel y tiene <b>efecto diur\u00e9tico<\/b>, lo que incrementa la p\u00e9rdida de l\u00edquidos. Reducir su consumo es parte de las estrategias b\u00e1sicas para atravesar el calor sin complicaciones.<\/p>\n<h1>Se\u00f1ales de alerta<\/h1>\n<p>Adem\u00e1s de la orina oscura, s\u00edntomas como <b>mareos, cefalea, n\u00e1useas o dolor de cabeza<\/b> indican que el cuerpo est\u00e1 entrando en una zona de riesgo. Ante estas se\u00f1ales, Debbag recomend\u00f3 <b>bajar la temperatura corporal de inmediato<\/b>, moj\u00e1ndose o aplicando agua fr\u00eda en zonas como <b>axilas e ingles<\/b>, donde el enfriamiento es m\u00e1s efectivo.<\/p>\n<p>Si aparecen <b>piel roja, piel seca y temperatura elevada<\/b>, el cuadro puede ser grave y requiere <b>consulta m\u00e9dica<\/b>. <\/p>\n<p>\u200bLa hidrataci\u00f3n constante es clave para evitar complicaciones; un m\u00e9dico advirti\u00f3 en LN+ que no hay que esperar a tener sed porque el cuerpo pierde l\u00edquidos m\u00e1s r\u00e1pido de lo que percibimos\u00a0\u00a0<\/p>","protected":false},"excerpt":{"rendered":"<p>En medio de un calor extremo, uno de los errores m\u00e1s comunes es beber agua&#8230;<\/p>\n","protected":false},"author":1,"featured_media":7176,"comment_status":"closed","ping_status":"closed","sticky":false,"template":"","format":"standard","meta":{"_jetpack_memberships_contains_paid_content":false,"footnotes":"","jetpack_publicize_message":"","jetpack_publicize_feature_enabled":true,"jetpack_social_post_already_shared":true,"jetpack_social_options":{"image_generator_settings":{"template":"highway","default_image_id":0,"font":"","enabled":false},"version":2}},"categories":[89],"tags":[],"class_list":["post-7175","post","type-post","status-publish","format-standard","has-post-thumbnail","hentry","category-nacionales"],"yoast_head":"<!-- This site is optimized with the Yoast SEO plugin v27.4 - https:\/\/yoast.com\/product\/yoast-seo-wordpress\/ -->\n<title>Calor agobiante: cu\u00e1l es la frecuencia ideal para tomar agua, seg\u00fan los expertos -<\/title>\n<meta name=\"robots\" content=\"index, follow, max-snippet:-1, max-image-preview:large, max-video-preview:-1\" \/>\n<link rel=\"canonical\" href=\"https:\/\/impactocastex.com.ar\/?p=7175\" \/>\n<meta property=\"og:locale\" content=\"es_ES\" \/>\n<meta property=\"og:type\" content=\"article\" \/>\n<meta property=\"og:title\" content=\"Calor agobiante: cu\u00e1l es la frecuencia ideal para tomar agua, seg\u00fan los expertos -\" \/>\n<meta property=\"og:description\" content=\"En medio de un calor extremo, uno de los errores m\u00e1s comunes es beber agua...\" \/>\n<meta property=\"og:url\" content=\"https:\/\/impactocastex.com.ar\/?p=7175\" \/>\n<meta property=\"article:publisher\" content=\"https:\/\/www.facebook.com\/impactocastexdiario\" \/>\n<meta property=\"article:published_time\" content=\"2025-12-30T18:34:36+00:00\" \/>\n<meta property=\"og:image\" content=\"https:\/\/resizer.glanacion.com\/resizer\/v2\/KJ235KP5QZFS5K5JKBUMSOGSFY.jpg?auth=4dc1deeeba5849b0ed1aaff06daedd11257fd4ed410581deeadca5c0ff562f1d&amp;smart=true&amp;width=1440&amp;height=990\" \/>\n<meta name=\"author\" content=\"impactocastex\" \/>\n<meta name=\"twitter:card\" content=\"summary_large_image\" \/>\n<meta name=\"twitter:label1\" content=\"Escrito por\" \/>\n\t<meta name=\"twitter:data1\" content=\"impactocastex\" \/>\n\t<meta name=\"twitter:label2\" content=\"Tiempo de lectura\" \/>\n\t<meta name=\"twitter:data2\" content=\"3 minutos\" \/>\n<script type=\"application\/ld+json\" class=\"yoast-schema-graph\">{\"@context\":\"https:\\\/\\\/schema.org\",\"@graph\":[{\"@type\":\"Article\",\"@id\":\"https:\\\/\\\/impactocastex.com.ar\\\/?p=7175#article\",\"isPartOf\":{\"@id\":\"https:\\\/\\\/impactocastex.com.ar\\\/?p=7175\"},\"author\":{\"name\":\"impactocastex\",\"@id\":\"https:\\\/\\\/impactocastex.com.ar\\\/#\\\/schema\\\/person\\\/86cb4f827fb5f87869a239b98a69c6e3\"},\"headline\":\"Calor agobiante: cu\u00e1l es la frecuencia ideal para tomar agua, seg\u00fan los expertos\",\"datePublished\":\"2025-12-30T18:34:36+00:00\",\"mainEntityOfPage\":{\"@id\":\"https:\\\/\\\/impactocastex.com.ar\\\/?p=7175\"},\"wordCount\":622,\"publisher\":{\"@id\":\"https:\\\/\\\/impactocastex.com.ar\\\/#organization\"},\"image\":{\"@id\":\"https:\\\/\\\/impactocastex.com.ar\\\/?p=7175#primaryimage\"},\"thumbnailUrl\":\"https:\\\/\\\/impactocastex.com.ar\\\/wp-content\\\/uploads\\\/2025\\\/12\\\/WSBDHSJ33JAN5JCNWCDJXSZXLQ-s20191.jpg\",\"articleSection\":[\"NACIONALES\"],\"inLanguage\":\"es\"},{\"@type\":\"WebPage\",\"@id\":\"https:\\\/\\\/impactocastex.com.ar\\\/?p=7175\",\"url\":\"https:\\\/\\\/impactocastex.com.ar\\\/?p=7175\",\"name\":\"Calor agobiante: cu\u00e1l es la frecuencia ideal para tomar agua, seg\u00fan los expertos -\",\"isPartOf\":{\"@id\":\"https:\\\/\\\/impactocastex.com.ar\\\/#website\"},\"primaryImageOfPage\":{\"@id\":\"https:\\\/\\\/impactocastex.com.ar\\\/?p=7175#primaryimage\"},\"image\":{\"@id\":\"https:\\\/\\\/impactocastex.com.ar\\\/?p=7175#primaryimage\"},\"thumbnailUrl\":\"https:\\\/\\\/impactocastex.com.ar\\\/wp-content\\\/uploads\\\/2025\\\/12\\\/WSBDHSJ33JAN5JCNWCDJXSZXLQ-s20191.jpg\",\"datePublished\":\"2025-12-30T18:34:36+00:00\",\"breadcrumb\":{\"@id\":\"https:\\\/\\\/impactocastex.com.ar\\\/?p=7175#breadcrumb\"},\"inLanguage\":\"es\",\"potentialAction\":[{\"@type\":\"ReadAction\",\"target\":[\"https:\\\/\\\/impactocastex.com.ar\\\/?p=7175\"]}]},{\"@type\":\"ImageObject\",\"inLanguage\":\"es\",\"@id\":\"https:\\\/\\\/impactocastex.com.ar\\\/?p=7175#primaryimage\",\"url\":\"https:\\\/\\\/impactocastex.com.ar\\\/wp-content\\\/uploads\\\/2025\\\/12\\\/WSBDHSJ33JAN5JCNWCDJXSZXLQ-s20191.jpg\",\"contentUrl\":\"https:\\\/\\\/impactocastex.com.ar\\\/wp-content\\\/uploads\\\/2025\\\/12\\\/WSBDHSJ33JAN5JCNWCDJXSZXLQ-s20191.jpg\",\"width\":1200,\"height\":798},{\"@type\":\"BreadcrumbList\",\"@id\":\"https:\\\/\\\/impactocastex.com.ar\\\/?p=7175#breadcrumb\",\"itemListElement\":[{\"@type\":\"ListItem\",\"position\":1,\"name\":\"Portada\",\"item\":\"https:\\\/\\\/impactocastex.com.ar\\\/\"},{\"@type\":\"ListItem\",\"position\":2,\"name\":\"Calor agobiante: cu\u00e1l es la frecuencia ideal para tomar agua, seg\u00fan los expertos\"}]},{\"@type\":\"WebSite\",\"@id\":\"https:\\\/\\\/impactocastex.com.ar\\\/#website\",\"url\":\"https:\\\/\\\/impactocastex.com.ar\\\/\",\"name\":\"Impacto Castex\",\"description\":\"\",\"publisher\":{\"@id\":\"https:\\\/\\\/impactocastex.com.ar\\\/#organization\"},\"potentialAction\":[{\"@type\":\"SearchAction\",\"target\":{\"@type\":\"EntryPoint\",\"urlTemplate\":\"https:\\\/\\\/impactocastex.com.ar\\\/?s={search_term_string}\"},\"query-input\":{\"@type\":\"PropertyValueSpecification\",\"valueRequired\":true,\"valueName\":\"search_term_string\"}}],\"inLanguage\":\"es\"},{\"@type\":\"Organization\",\"@id\":\"https:\\\/\\\/impactocastex.com.ar\\\/#organization\",\"name\":\"Impacto Castex\",\"url\":\"https:\\\/\\\/impactocastex.com.ar\\\/\",\"logo\":{\"@type\":\"ImageObject\",\"inLanguage\":\"es\",\"@id\":\"https:\\\/\\\/impactocastex.com.ar\\\/#\\\/schema\\\/logo\\\/image\\\/\",\"url\":\"https:\\\/\\\/impactocastex.com.ar\\\/wp-content\\\/uploads\\\/2025\\\/09\\\/cropped-icoweb.png\",\"contentUrl\":\"https:\\\/\\\/impactocastex.com.ar\\\/wp-content\\\/uploads\\\/2025\\\/09\\\/cropped-icoweb.png\",\"width\":512,\"height\":512,\"caption\":\"Impacto Castex\"},\"image\":{\"@id\":\"https:\\\/\\\/impactocastex.com.ar\\\/#\\\/schema\\\/logo\\\/image\\\/\"},\"sameAs\":[\"https:\\\/\\\/www.facebook.com\\\/impactocastexdiario\",\"https:\\\/\\\/www.instagram.com\\\/impactocastex.com.ar\\\/\"]},{\"@type\":\"Person\",\"@id\":\"https:\\\/\\\/impactocastex.com.ar\\\/#\\\/schema\\\/person\\\/86cb4f827fb5f87869a239b98a69c6e3\",\"name\":\"impactocastex\",\"image\":{\"@type\":\"ImageObject\",\"inLanguage\":\"es\",\"@id\":\"https:\\\/\\\/secure.gravatar.com\\\/avatar\\\/9a87ee051ca8c77f5d4070843ce2c78cdf95b858b950fb039151de955122f5f5?s=96&d=mm&r=g\",\"url\":\"https:\\\/\\\/secure.gravatar.com\\\/avatar\\\/9a87ee051ca8c77f5d4070843ce2c78cdf95b858b950fb039151de955122f5f5?s=96&d=mm&r=g\",\"contentUrl\":\"https:\\\/\\\/secure.gravatar.com\\\/avatar\\\/9a87ee051ca8c77f5d4070843ce2c78cdf95b858b950fb039151de955122f5f5?s=96&d=mm&r=g\",\"caption\":\"impactocastex\"},\"sameAs\":[\"https:\\\/\\\/impactocastex.com.ar\"],\"url\":\"https:\\\/\\\/impactocastex.com.ar\\\/?author=1\"}]}<\/script>\n<!-- \/ Yoast SEO plugin. -->","yoast_head_json":{"title":"Calor agobiante: cu\u00e1l es la frecuencia ideal para tomar agua, seg\u00fan los expertos -","robots":{"index":"index","follow":"follow","max-snippet":"max-snippet:-1","max-image-preview":"max-image-preview:large","max-video-preview":"max-video-preview:-1"},"canonical":"https:\/\/impactocastex.com.ar\/?p=7175","og_locale":"es_ES","og_type":"article","og_title":"Calor agobiante: cu\u00e1l es la frecuencia ideal para tomar agua, seg\u00fan los expertos -","og_description":"En medio de un calor extremo, uno de los errores m\u00e1s comunes es beber agua...","og_url":"https:\/\/impactocastex.com.ar\/?p=7175","article_publisher":"https:\/\/www.facebook.com\/impactocastexdiario","article_published_time":"2025-12-30T18:34:36+00:00","og_image":[{"url":"https:\/\/resizer.glanacion.com\/resizer\/v2\/KJ235KP5QZFS5K5JKBUMSOGSFY.jpg?auth=4dc1deeeba5849b0ed1aaff06daedd11257fd4ed410581deeadca5c0ff562f1d&amp;smart=true&amp;width=1440&amp;height=990","type":"","width":"","height":""}],"author":"impactocastex","twitter_card":"summary_large_image","twitter_misc":{"Escrito por":"impactocastex","Tiempo de lectura":"3 minutos"},"schema":{"@context":"https:\/\/schema.org","@graph":[{"@type":"Article","@id":"https:\/\/impactocastex.com.ar\/?p=7175#article","isPartOf":{"@id":"https:\/\/impactocastex.com.ar\/?p=7175"},"author":{"name":"impactocastex","@id":"https:\/\/impactocastex.com.ar\/#\/schema\/person\/86cb4f827fb5f87869a239b98a69c6e3"},"headline":"Calor agobiante: cu\u00e1l es la frecuencia ideal para tomar agua, seg\u00fan los expertos","datePublished":"2025-12-30T18:34:36+00:00","mainEntityOfPage":{"@id":"https:\/\/impactocastex.com.ar\/?p=7175"},"wordCount":622,"publisher":{"@id":"https:\/\/impactocastex.com.ar\/#organization"},"image":{"@id":"https:\/\/impactocastex.com.ar\/?p=7175#primaryimage"},"thumbnailUrl":"https:\/\/impactocastex.com.ar\/wp-content\/uploads\/2025\/12\/WSBDHSJ33JAN5JCNWCDJXSZXLQ-s20191.jpg","articleSection":["NACIONALES"],"inLanguage":"es"},{"@type":"WebPage","@id":"https:\/\/impactocastex.com.ar\/?p=7175","url":"https:\/\/impactocastex.com.ar\/?p=7175","name":"Calor agobiante: cu\u00e1l es la frecuencia ideal para tomar agua, seg\u00fan los expertos -","isPartOf":{"@id":"https:\/\/impactocastex.com.ar\/#website"},"primaryImageOfPage":{"@id":"https:\/\/impactocastex.com.ar\/?p=7175#primaryimage"},"image":{"@id":"https:\/\/impactocastex.com.ar\/?p=7175#primaryimage"},"thumbnailUrl":"https:\/\/impactocastex.com.ar\/wp-content\/uploads\/2025\/12\/WSBDHSJ33JAN5JCNWCDJXSZXLQ-s20191.jpg","datePublished":"2025-12-30T18:34:36+00:00","breadcrumb":{"@id":"https:\/\/impactocastex.com.ar\/?p=7175#breadcrumb"},"inLanguage":"es","potentialAction":[{"@type":"ReadAction","target":["https:\/\/impactocastex.com.ar\/?p=7175"]}]},{"@type":"ImageObject","inLanguage":"es","@id":"https:\/\/impactocastex.com.ar\/?p=7175#primaryimage","url":"https:\/\/impactocastex.com.ar\/wp-content\/uploads\/2025\/12\/WSBDHSJ33JAN5JCNWCDJXSZXLQ-s20191.jpg","contentUrl":"https:\/\/impactocastex.com.ar\/wp-content\/uploads\/2025\/12\/WSBDHSJ33JAN5JCNWCDJXSZXLQ-s20191.jpg","width":1200,"height":798},{"@type":"BreadcrumbList","@id":"https:\/\/impactocastex.com.ar\/?p=7175#breadcrumb","itemListElement":[{"@type":"ListItem","position":1,"name":"Portada","item":"https:\/\/impactocastex.com.ar\/"},{"@type":"ListItem","position":2,"name":"Calor agobiante: cu\u00e1l es la frecuencia ideal para tomar agua, seg\u00fan los expertos"}]},{"@type":"WebSite","@id":"https:\/\/impactocastex.com.ar\/#website","url":"https:\/\/impactocastex.com.ar\/","name":"Impacto Castex","description":"","publisher":{"@id":"https:\/\/impactocastex.com.ar\/#organization"},"potentialAction":[{"@type":"SearchAction","target":{"@type":"EntryPoint","urlTemplate":"https:\/\/impactocastex.com.ar\/?s={search_term_string}"},"query-input":{"@type":"PropertyValueSpecification","valueRequired":true,"valueName":"search_term_string"}}],"inLanguage":"es"},{"@type":"Organization","@id":"https:\/\/impactocastex.com.ar\/#organization","name":"Impacto Castex","url":"https:\/\/impactocastex.com.ar\/","logo":{"@type":"ImageObject","inLanguage":"es","@id":"https:\/\/impactocastex.com.ar\/#\/schema\/logo\/image\/","url":"https:\/\/impactocastex.com.ar\/wp-content\/uploads\/2025\/09\/cropped-icoweb.png","contentUrl":"https:\/\/impactocastex.com.ar\/wp-content\/uploads\/2025\/09\/cropped-icoweb.png","width":512,"height":512,"caption":"Impacto Castex"},"image":{"@id":"https:\/\/impactocastex.com.ar\/#\/schema\/logo\/image\/"},"sameAs":["https:\/\/www.facebook.com\/impactocastexdiario","https:\/\/www.instagram.com\/impactocastex.com.ar\/"]},{"@type":"Person","@id":"https:\/\/impactocastex.com.ar\/#\/schema\/person\/86cb4f827fb5f87869a239b98a69c6e3","name":"impactocastex","image":{"@type":"ImageObject","inLanguage":"es","@id":"https:\/\/secure.gravatar.com\/avatar\/9a87ee051ca8c77f5d4070843ce2c78cdf95b858b950fb039151de955122f5f5?s=96&d=mm&r=g","url":"https:\/\/secure.gravatar.com\/avatar\/9a87ee051ca8c77f5d4070843ce2c78cdf95b858b950fb039151de955122f5f5?s=96&d=mm&r=g","contentUrl":"https:\/\/secure.gravatar.com\/avatar\/9a87ee051ca8c77f5d4070843ce2c78cdf95b858b950fb039151de955122f5f5?s=96&d=mm&r=g","caption":"impactocastex"},"sameAs":["https:\/\/impactocastex.com.ar"],"url":"https:\/\/impactocastex.com.ar\/?author=1"}]}},"jetpack_publicize_connections":[],"featured_image_urls":{"full":["https:\/\/impactocastex.com.ar\/wp-content\/uploads\/2025\/12\/WSBDHSJ33JAN5JCNWCDJXSZXLQ-s20191.jpg",1200,798,false],"thumbnail":["https:\/\/impactocastex.com.ar\/wp-content\/uploads\/2025\/12\/WSBDHSJ33JAN5JCNWCDJXSZXLQ-s20191-150x150.jpg",150,150,true],"medium":["https:\/\/impactocastex.com.ar\/wp-content\/uploads\/2025\/12\/WSBDHSJ33JAN5JCNWCDJXSZXLQ-s20191-300x200.jpg",300,200,true],"medium_large":["https:\/\/impactocastex.com.ar\/wp-content\/uploads\/2025\/12\/WSBDHSJ33JAN5JCNWCDJXSZXLQ-s20191-768x511.jpg",640,426,true],"large":["https:\/\/impactocastex.com.ar\/wp-content\/uploads\/2025\/12\/WSBDHSJ33JAN5JCNWCDJXSZXLQ-s20191-1024x681.jpg",640,426,true],"1536x1536":["https:\/\/impactocastex.com.ar\/wp-content\/uploads\/2025\/12\/WSBDHSJ33JAN5JCNWCDJXSZXLQ-s20191.jpg",1200,798,false],"2048x2048":["https:\/\/impactocastex.com.ar\/wp-content\/uploads\/2025\/12\/WSBDHSJ33JAN5JCNWCDJXSZXLQ-s20191.jpg",1200,798,false],"newsever-slider-full":["https:\/\/impactocastex.com.ar\/wp-content\/uploads\/2025\/12\/WSBDHSJ33JAN5JCNWCDJXSZXLQ-s20191.jpg",1200,798,false],"newsever-featured":["https:\/\/impactocastex.com.ar\/wp-content\/uploads\/2025\/12\/WSBDHSJ33JAN5JCNWCDJXSZXLQ-s20191-1024x681.jpg",1024,681,true],"newsever-medium":["https:\/\/impactocastex.com.ar\/wp-content\/uploads\/2025\/12\/WSBDHSJ33JAN5JCNWCDJXSZXLQ-s20191-720x475.jpg",720,475,true]},"author_info":{"info":["impactocastex"]},"category_info":"<a href=\"https:\/\/impactocastex.com.ar\/?cat=89\" rel=\"category\">NACIONALES<\/a>","tag_info":"NACIONALES","comment_count":0,"jetpack_featured_media_url":"https:\/\/impactocastex.com.ar\/wp-content\/uploads\/2025\/12\/WSBDHSJ33JAN5JCNWCDJXSZXLQ-s20191.jpg","jetpack_sharing_enabled":true,"jetpack_likes_enabled":true,"jetpack_shortlink":"https:\/\/wp.me\/p7sopA-1RJ","_links":{"self":[{"href":"https:\/\/impactocastex.com.ar\/index.php?rest_route=\/wp\/v2\/posts\/7175","targetHints":{"allow":["GET"]}}],"collection":[{"href":"https:\/\/impactocastex.com.ar\/index.php?rest_route=\/wp\/v2\/posts"}],"about":[{"href":"https:\/\/impactocastex.com.ar\/index.php?rest_route=\/wp\/v2\/types\/post"}],"author":[{"embeddable":true,"href":"https:\/\/impactocastex.com.ar\/index.php?rest_route=\/wp\/v2\/users\/1"}],"replies":[{"embeddable":true,"href":"https:\/\/impactocastex.com.ar\/index.php?rest_route=%2Fwp%2Fv2%2Fcomments&post=7175"}],"version-history":[{"count":0,"href":"https:\/\/impactocastex.com.ar\/index.php?rest_route=\/wp\/v2\/posts\/7175\/revisions"}],"wp:featuredmedia":[{"embeddable":true,"href":"https:\/\/impactocastex.com.ar\/index.php?rest_route=\/wp\/v2\/media\/7176"}],"wp:attachment":[{"href":"https:\/\/impactocastex.com.ar\/index.php?rest_route=%2Fwp%2Fv2%2Fmedia&parent=7175"}],"wp:term":[{"taxonomy":"category","embeddable":true,"href":"https:\/\/impactocastex.com.ar\/index.php?rest_route=%2Fwp%2Fv2%2Fcategories&post=7175"},{"taxonomy":"post_tag","embeddable":true,"href":"https:\/\/impactocastex.com.ar\/index.php?rest_route=%2Fwp%2Fv2%2Ftags&post=7175"}],"curies":[{"name":"wp","href":"https:\/\/api.w.org\/{rel}","templated":true}]}}