{"id":7155,"date":"2025-12-30T09:56:31","date_gmt":"2025-12-30T12:56:31","guid":{"rendered":"https:\/\/impactocastex.com.ar\/?p=7155"},"modified":"2025-12-30T09:56:33","modified_gmt":"2025-12-30T12:56:33","slug":"prohiben-el-contacto-de-un-padre-con-sus-hijos-por-riesgo-de-violencia","status":"publish","type":"post","link":"https:\/\/impactocastex.com.ar\/?p=7155","title":{"rendered":"Proh\u00edben el contacto de un padre con sus hijos por riesgo de violencia"},"content":{"rendered":"\n<p>La medida fue ratificada por su car\u00e1cter preventivo y transitorio.<\/p>\n\n\n\n<p><strong><\/strong>La C\u00e1mara de Apelaciones de Santa Rosa rechaz\u00f3 el recurso presentado por un hombre que buscaba revocar la suspensi\u00f3n del r\u00e9gimen comunicacional con sus hijos de 6 y 3 a\u00f1os.<\/p>\n\n\n\n<p>La Sala 1 de la C\u00e1mara de Apelaciones en lo Civil, Comercial, Laboral y de Miner\u00eda de Santa Rosa confirm\u00f3 la suspensi\u00f3n provisoria del r\u00e9gimen comunicacional entre un padre y sus dos hijos menores, al considerar que existen indicadores de riesgo vinculados a situaciones de violencia familiar y que la medida tiene un fin estrictamente protectorio.<\/p>\n\n\n\n<p>El fallo rechaz\u00f3 el recurso de apelaci\u00f3n interpuesto por el hombre contra una resoluci\u00f3n de primera instancia que, adem\u00e1s de prohibirle el acercamiento y contacto con la madre de los ni\u00f1os, hab\u00eda dispuesto la suspensi\u00f3n del v\u00ednculo paterno-filial hasta tanto se acrediten avances concretos en un tratamiento terap\u00e9utico.<\/p>\n\n\n\n<p>Durante la tramitaci\u00f3n del recurso, el hombre desisti\u00f3 de cuestionar la cuota alimentaria provisoria y acept\u00f3 la restricci\u00f3n de acercamiento respecto de la progenitora. Sin embargo, insisti\u00f3 en que se revocara la suspensi\u00f3n del contacto con sus hijos, al considerar que la medida se basaba en denuncias infundadas, prejuicios y estereotipos relacionados con su consumo de cannabis, el cual afirm\u00f3 que tiene fines terap\u00e9uticos y se encuentra amparado por el REPROCANN.<\/p>\n\n\n\n<p>La C\u00e1mara desestim\u00f3 esos argumentos y sostuvo que la suspensi\u00f3n del r\u00e9gimen comunicacional no constituye una sanci\u00f3n, sino una medida preventiva y transitoria orientada a resguardar a los ni\u00f1os. Las juezas destacaron que la decisi\u00f3n se apoy\u00f3 en un informe t\u00e9cnico oficial de la Unidad Funcional de G\u00e9nero, Ni\u00f1ez y Adolescencia (UFGNyA), que detect\u00f3 indicadores de violencia psicol\u00f3gica, verbal y econ\u00f3mica, as\u00ed como la utilizaci\u00f3n de los hijos como instrumento de da\u00f1o emocional.<\/p>\n\n\n\n<p>En ese sentido, el tribunal record\u00f3 que en este tipo de procesos \u00abbasta la sospecha fundada o la probabilidad cierta de maltrato\u00bb para adoptar medidas urgentes y eficaces, y que ante la duda debe primar la protecci\u00f3n de las personas m\u00e1s vulnerables, en especial de ni\u00f1as y ni\u00f1os.<\/p>\n\n\n\n<p>La resoluci\u00f3n tambi\u00e9n valor\u00f3 que la jueza de primera instancia dispuso un abordaje integral de la situaci\u00f3n familiar, con la intervenci\u00f3n de organismos especializados en salud mental, ni\u00f1ez y pol\u00edticas de g\u00e9nero, y que la eventual revinculaci\u00f3n qued\u00f3 supeditada a informes profesionales favorables y al cumplimiento del tratamiento terap\u00e9utico por parte del progenitor.<\/p>\n\n\n\n<p>Finalmente, la C\u00e1mara concluy\u00f3 que la suspensi\u00f3n del contacto no genera un perjuicio irreparable, ya que fue fijada por un plazo determinado y puede ser revisada si cambian las circunstancias que motivaron su adopci\u00f3n. Por ello, confirm\u00f3 lo resuelto y carg\u00f3 las costas de la segunda instancia al apelante.<\/p>\n\n\n\n<p>eldiariodelapampa<\/p>\n","protected":false},"excerpt":{"rendered":"<p>La medida fue ratificada por su car\u00e1cter preventivo y transitorio. La C\u00e1mara de Apelaciones de&#8230;<\/p>\n","protected":false},"author":2,"featured_media":7156,"comment_status":"closed","ping_status":"closed","sticky":false,"template":"","format":"standard","meta":{"_jetpack_memberships_contains_paid_content":false,"footnotes":"","jetpack_publicize_message":"Proh\u00edben el contacto de un padre con sus hijos por riesgo de violencia","jetpack_publicize_feature_enabled":true,"jetpack_social_post_already_shared":false,"jetpack_social_options":{"image_generator_settings":{"template":"highway","default_image_id":0,"font":"","enabled":false},"version":2}},"categories":[85],"tags":[],"class_list":["post-7155","post","type-post","status-publish","format-standard","has-post-thumbnail","hentry","category-policiales"],"yoast_head":"<!-- This site is optimized with the Yoast SEO plugin v27.4 - https:\/\/yoast.com\/product\/yoast-seo-wordpress\/ -->\n<title>Proh\u00edben el contacto de un padre con sus hijos por riesgo de violencia -<\/title>\n<meta name=\"robots\" content=\"index, follow, max-snippet:-1, max-image-preview:large, max-video-preview:-1\" \/>\n<link rel=\"canonical\" href=\"https:\/\/impactocastex.com.ar\/?p=7155\" \/>\n<meta property=\"og:locale\" content=\"es_ES\" \/>\n<meta property=\"og:type\" content=\"article\" \/>\n<meta property=\"og:title\" content=\"Proh\u00edben el contacto de un padre con sus hijos por riesgo de violencia -\" \/>\n<meta property=\"og:description\" content=\"La medida fue ratificada por su car\u00e1cter preventivo y transitorio. La C\u00e1mara de Apelaciones de...\" \/>\n<meta property=\"og:url\" content=\"https:\/\/impactocastex.com.ar\/?p=7155\" \/>\n<meta property=\"article:publisher\" content=\"https:\/\/www.facebook.com\/impactocastexdiario\" \/>\n<meta property=\"article:published_time\" content=\"2025-12-30T12:56:31+00:00\" \/>\n<meta property=\"article:modified_time\" content=\"2025-12-30T12:56:33+00:00\" \/>\n<meta property=\"og:image\" content=\"https:\/\/impactocastex.com.ar\/wp-content\/uploads\/2025\/12\/2131627.jpg\" \/>\n\t<meta property=\"og:image:width\" content=\"1200\" \/>\n\t<meta property=\"og:image:height\" content=\"631\" \/>\n\t<meta property=\"og:image:type\" content=\"image\/jpeg\" \/>\n<meta name=\"author\" content=\"impactocastex\" \/>\n<meta name=\"twitter:card\" content=\"summary_large_image\" \/>\n<meta name=\"twitter:label1\" content=\"Escrito por\" \/>\n\t<meta name=\"twitter:data1\" content=\"impactocastex\" \/>\n\t<meta name=\"twitter:label2\" content=\"Tiempo de lectura\" \/>\n\t<meta name=\"twitter:data2\" content=\"3 minutos\" \/>\n<script type=\"application\/ld+json\" class=\"yoast-schema-graph\">{\"@context\":\"https:\\\/\\\/schema.org\",\"@graph\":[{\"@type\":\"Article\",\"@id\":\"https:\\\/\\\/impactocastex.com.ar\\\/?p=7155#article\",\"isPartOf\":{\"@id\":\"https:\\\/\\\/impactocastex.com.ar\\\/?p=7155\"},\"author\":{\"name\":\"impactocastex\",\"@id\":\"https:\\\/\\\/impactocastex.com.ar\\\/#\\\/schema\\\/person\\\/c115028fb60f9bf49ce7550894b84ea7\"},\"headline\":\"Proh\u00edben el contacto de un padre con sus hijos por riesgo de violencia\",\"datePublished\":\"2025-12-30T12:56:31+00:00\",\"dateModified\":\"2025-12-30T12:56:33+00:00\",\"mainEntityOfPage\":{\"@id\":\"https:\\\/\\\/impactocastex.com.ar\\\/?p=7155\"},\"wordCount\":500,\"publisher\":{\"@id\":\"https:\\\/\\\/impactocastex.com.ar\\\/#organization\"},\"image\":{\"@id\":\"https:\\\/\\\/impactocastex.com.ar\\\/?p=7155#primaryimage\"},\"thumbnailUrl\":\"https:\\\/\\\/impactocastex.com.ar\\\/wp-content\\\/uploads\\\/2025\\\/12\\\/2131627.jpg\",\"articleSection\":[\"POLICIALES\"],\"inLanguage\":\"es\"},{\"@type\":\"WebPage\",\"@id\":\"https:\\\/\\\/impactocastex.com.ar\\\/?p=7155\",\"url\":\"https:\\\/\\\/impactocastex.com.ar\\\/?p=7155\",\"name\":\"Proh\u00edben el contacto de un padre con sus hijos por riesgo de violencia -\",\"isPartOf\":{\"@id\":\"https:\\\/\\\/impactocastex.com.ar\\\/#website\"},\"primaryImageOfPage\":{\"@id\":\"https:\\\/\\\/impactocastex.com.ar\\\/?p=7155#primaryimage\"},\"image\":{\"@id\":\"https:\\\/\\\/impactocastex.com.ar\\\/?p=7155#primaryimage\"},\"thumbnailUrl\":\"https:\\\/\\\/impactocastex.com.ar\\\/wp-content\\\/uploads\\\/2025\\\/12\\\/2131627.jpg\",\"datePublished\":\"2025-12-30T12:56:31+00:00\",\"dateModified\":\"2025-12-30T12:56:33+00:00\",\"breadcrumb\":{\"@id\":\"https:\\\/\\\/impactocastex.com.ar\\\/?p=7155#breadcrumb\"},\"inLanguage\":\"es\",\"potentialAction\":[{\"@type\":\"ReadAction\",\"target\":[\"https:\\\/\\\/impactocastex.com.ar\\\/?p=7155\"]}]},{\"@type\":\"ImageObject\",\"inLanguage\":\"es\",\"@id\":\"https:\\\/\\\/impactocastex.com.ar\\\/?p=7155#primaryimage\",\"url\":\"https:\\\/\\\/impactocastex.com.ar\\\/wp-content\\\/uploads\\\/2025\\\/12\\\/2131627.jpg\",\"contentUrl\":\"https:\\\/\\\/impactocastex.com.ar\\\/wp-content\\\/uploads\\\/2025\\\/12\\\/2131627.jpg\",\"width\":1200,\"height\":631},{\"@type\":\"BreadcrumbList\",\"@id\":\"https:\\\/\\\/impactocastex.com.ar\\\/?p=7155#breadcrumb\",\"itemListElement\":[{\"@type\":\"ListItem\",\"position\":1,\"name\":\"Portada\",\"item\":\"https:\\\/\\\/impactocastex.com.ar\\\/\"},{\"@type\":\"ListItem\",\"position\":2,\"name\":\"Proh\u00edben el contacto de un padre con sus hijos por riesgo de violencia\"}]},{\"@type\":\"WebSite\",\"@id\":\"https:\\\/\\\/impactocastex.com.ar\\\/#website\",\"url\":\"https:\\\/\\\/impactocastex.com.ar\\\/\",\"name\":\"Impacto Castex\",\"description\":\"\",\"publisher\":{\"@id\":\"https:\\\/\\\/impactocastex.com.ar\\\/#organization\"},\"potentialAction\":[{\"@type\":\"SearchAction\",\"target\":{\"@type\":\"EntryPoint\",\"urlTemplate\":\"https:\\\/\\\/impactocastex.com.ar\\\/?s={search_term_string}\"},\"query-input\":{\"@type\":\"PropertyValueSpecification\",\"valueRequired\":true,\"valueName\":\"search_term_string\"}}],\"inLanguage\":\"es\"},{\"@type\":\"Organization\",\"@id\":\"https:\\\/\\\/impactocastex.com.ar\\\/#organization\",\"name\":\"Impacto Castex\",\"url\":\"https:\\\/\\\/impactocastex.com.ar\\\/\",\"logo\":{\"@type\":\"ImageObject\",\"inLanguage\":\"es\",\"@id\":\"https:\\\/\\\/impactocastex.com.ar\\\/#\\\/schema\\\/logo\\\/image\\\/\",\"url\":\"https:\\\/\\\/impactocastex.com.ar\\\/wp-content\\\/uploads\\\/2025\\\/09\\\/cropped-icoweb.png\",\"contentUrl\":\"https:\\\/\\\/impactocastex.com.ar\\\/wp-content\\\/uploads\\\/2025\\\/09\\\/cropped-icoweb.png\",\"width\":512,\"height\":512,\"caption\":\"Impacto Castex\"},\"image\":{\"@id\":\"https:\\\/\\\/impactocastex.com.ar\\\/#\\\/schema\\\/logo\\\/image\\\/\"},\"sameAs\":[\"https:\\\/\\\/www.facebook.com\\\/impactocastexdiario\",\"https:\\\/\\\/www.instagram.com\\\/impactocastex.com.ar\\\/\"]},{\"@type\":\"Person\",\"@id\":\"https:\\\/\\\/impactocastex.com.ar\\\/#\\\/schema\\\/person\\\/c115028fb60f9bf49ce7550894b84ea7\",\"name\":\"impactocastex\",\"image\":{\"@type\":\"ImageObject\",\"inLanguage\":\"es\",\"@id\":\"https:\\\/\\\/secure.gravatar.com\\\/avatar\\\/fee87e7af008f02e9becdc0b5a9fd4a2e79b3918a571edeacb62211704637833?s=96&d=mm&r=g\",\"url\":\"https:\\\/\\\/secure.gravatar.com\\\/avatar\\\/fee87e7af008f02e9becdc0b5a9fd4a2e79b3918a571edeacb62211704637833?s=96&d=mm&r=g\",\"contentUrl\":\"https:\\\/\\\/secure.gravatar.com\\\/avatar\\\/fee87e7af008f02e9becdc0b5a9fd4a2e79b3918a571edeacb62211704637833?s=96&d=mm&r=g\",\"caption\":\"impactocastex\"},\"sameAs\":[\"https:\\\/\\\/impactocastex.com.ar\\\/\"],\"url\":\"https:\\\/\\\/impactocastex.com.ar\\\/?author=2\"}]}<\/script>\n<!-- \/ Yoast SEO plugin. -->","yoast_head_json":{"title":"Proh\u00edben el contacto de un padre con sus hijos por riesgo de violencia -","robots":{"index":"index","follow":"follow","max-snippet":"max-snippet:-1","max-image-preview":"max-image-preview:large","max-video-preview":"max-video-preview:-1"},"canonical":"https:\/\/impactocastex.com.ar\/?p=7155","og_locale":"es_ES","og_type":"article","og_title":"Proh\u00edben el contacto de un padre con sus hijos por riesgo de violencia -","og_description":"La medida fue ratificada por su car\u00e1cter preventivo y transitorio. La C\u00e1mara de Apelaciones de...","og_url":"https:\/\/impactocastex.com.ar\/?p=7155","article_publisher":"https:\/\/www.facebook.com\/impactocastexdiario","article_published_time":"2025-12-30T12:56:31+00:00","article_modified_time":"2025-12-30T12:56:33+00:00","og_image":[{"width":1200,"height":631,"url":"https:\/\/impactocastex.com.ar\/wp-content\/uploads\/2025\/12\/2131627.jpg","type":"image\/jpeg"}],"author":"impactocastex","twitter_card":"summary_large_image","twitter_misc":{"Escrito por":"impactocastex","Tiempo de lectura":"3 minutos"},"schema":{"@context":"https:\/\/schema.org","@graph":[{"@type":"Article","@id":"https:\/\/impactocastex.com.ar\/?p=7155#article","isPartOf":{"@id":"https:\/\/impactocastex.com.ar\/?p=7155"},"author":{"name":"impactocastex","@id":"https:\/\/impactocastex.com.ar\/#\/schema\/person\/c115028fb60f9bf49ce7550894b84ea7"},"headline":"Proh\u00edben el contacto de un padre con sus hijos por riesgo de violencia","datePublished":"2025-12-30T12:56:31+00:00","dateModified":"2025-12-30T12:56:33+00:00","mainEntityOfPage":{"@id":"https:\/\/impactocastex.com.ar\/?p=7155"},"wordCount":500,"publisher":{"@id":"https:\/\/impactocastex.com.ar\/#organization"},"image":{"@id":"https:\/\/impactocastex.com.ar\/?p=7155#primaryimage"},"thumbnailUrl":"https:\/\/impactocastex.com.ar\/wp-content\/uploads\/2025\/12\/2131627.jpg","articleSection":["POLICIALES"],"inLanguage":"es"},{"@type":"WebPage","@id":"https:\/\/impactocastex.com.ar\/?p=7155","url":"https:\/\/impactocastex.com.ar\/?p=7155","name":"Proh\u00edben el contacto de un padre con sus hijos por riesgo de violencia -","isPartOf":{"@id":"https:\/\/impactocastex.com.ar\/#website"},"primaryImageOfPage":{"@id":"https:\/\/impactocastex.com.ar\/?p=7155#primaryimage"},"image":{"@id":"https:\/\/impactocastex.com.ar\/?p=7155#primaryimage"},"thumbnailUrl":"https:\/\/impactocastex.com.ar\/wp-content\/uploads\/2025\/12\/2131627.jpg","datePublished":"2025-12-30T12:56:31+00:00","dateModified":"2025-12-30T12:56:33+00:00","breadcrumb":{"@id":"https:\/\/impactocastex.com.ar\/?p=7155#breadcrumb"},"inLanguage":"es","potentialAction":[{"@type":"ReadAction","target":["https:\/\/impactocastex.com.ar\/?p=7155"]}]},{"@type":"ImageObject","inLanguage":"es","@id":"https:\/\/impactocastex.com.ar\/?p=7155#primaryimage","url":"https:\/\/impactocastex.com.ar\/wp-content\/uploads\/2025\/12\/2131627.jpg","contentUrl":"https:\/\/impactocastex.com.ar\/wp-content\/uploads\/2025\/12\/2131627.jpg","width":1200,"height":631},{"@type":"BreadcrumbList","@id":"https:\/\/impactocastex.com.ar\/?p=7155#breadcrumb","itemListElement":[{"@type":"ListItem","position":1,"name":"Portada","item":"https:\/\/impactocastex.com.ar\/"},{"@type":"ListItem","position":2,"name":"Proh\u00edben el contacto de un padre con sus hijos por riesgo de violencia"}]},{"@type":"WebSite","@id":"https:\/\/impactocastex.com.ar\/#website","url":"https:\/\/impactocastex.com.ar\/","name":"Impacto Castex","description":"","publisher":{"@id":"https:\/\/impactocastex.com.ar\/#organization"},"potentialAction":[{"@type":"SearchAction","target":{"@type":"EntryPoint","urlTemplate":"https:\/\/impactocastex.com.ar\/?s={search_term_string}"},"query-input":{"@type":"PropertyValueSpecification","valueRequired":true,"valueName":"search_term_string"}}],"inLanguage":"es"},{"@type":"Organization","@id":"https:\/\/impactocastex.com.ar\/#organization","name":"Impacto Castex","url":"https:\/\/impactocastex.com.ar\/","logo":{"@type":"ImageObject","inLanguage":"es","@id":"https:\/\/impactocastex.com.ar\/#\/schema\/logo\/image\/","url":"https:\/\/impactocastex.com.ar\/wp-content\/uploads\/2025\/09\/cropped-icoweb.png","contentUrl":"https:\/\/impactocastex.com.ar\/wp-content\/uploads\/2025\/09\/cropped-icoweb.png","width":512,"height":512,"caption":"Impacto Castex"},"image":{"@id":"https:\/\/impactocastex.com.ar\/#\/schema\/logo\/image\/"},"sameAs":["https:\/\/www.facebook.com\/impactocastexdiario","https:\/\/www.instagram.com\/impactocastex.com.ar\/"]},{"@type":"Person","@id":"https:\/\/impactocastex.com.ar\/#\/schema\/person\/c115028fb60f9bf49ce7550894b84ea7","name":"impactocastex","image":{"@type":"ImageObject","inLanguage":"es","@id":"https:\/\/secure.gravatar.com\/avatar\/fee87e7af008f02e9becdc0b5a9fd4a2e79b3918a571edeacb62211704637833?s=96&d=mm&r=g","url":"https:\/\/secure.gravatar.com\/avatar\/fee87e7af008f02e9becdc0b5a9fd4a2e79b3918a571edeacb62211704637833?s=96&d=mm&r=g","contentUrl":"https:\/\/secure.gravatar.com\/avatar\/fee87e7af008f02e9becdc0b5a9fd4a2e79b3918a571edeacb62211704637833?s=96&d=mm&r=g","caption":"impactocastex"},"sameAs":["https:\/\/impactocastex.com.ar\/"],"url":"https:\/\/impactocastex.com.ar\/?author=2"}]}},"jetpack_publicize_connections":[],"featured_image_urls":{"full":["https:\/\/impactocastex.com.ar\/wp-content\/uploads\/2025\/12\/2131627.jpg",1200,631,false],"thumbnail":["https:\/\/impactocastex.com.ar\/wp-content\/uploads\/2025\/12\/2131627-150x150.jpg",150,150,true],"medium":["https:\/\/impactocastex.com.ar\/wp-content\/uploads\/2025\/12\/2131627-300x158.jpg",300,158,true],"medium_large":["https:\/\/impactocastex.com.ar\/wp-content\/uploads\/2025\/12\/2131627-768x404.jpg",640,337,true],"large":["https:\/\/impactocastex.com.ar\/wp-content\/uploads\/2025\/12\/2131627-1024x538.jpg",640,336,true],"1536x1536":["https:\/\/impactocastex.com.ar\/wp-content\/uploads\/2025\/12\/2131627.jpg",1200,631,false],"2048x2048":["https:\/\/impactocastex.com.ar\/wp-content\/uploads\/2025\/12\/2131627.jpg",1200,631,false],"newsever-slider-full":["https:\/\/impactocastex.com.ar\/wp-content\/uploads\/2025\/12\/2131627.jpg",1200,631,false],"newsever-featured":["https:\/\/impactocastex.com.ar\/wp-content\/uploads\/2025\/12\/2131627-1024x538.jpg",1024,538,true],"newsever-medium":["https:\/\/impactocastex.com.ar\/wp-content\/uploads\/2025\/12\/2131627-720x475.jpg",720,475,true]},"author_info":{"info":["impactocastex"]},"category_info":"<a href=\"https:\/\/impactocastex.com.ar\/?cat=85\" rel=\"category\">POLICIALES<\/a>","tag_info":"POLICIALES","comment_count":0,"jetpack_featured_media_url":"https:\/\/impactocastex.com.ar\/wp-content\/uploads\/2025\/12\/2131627.jpg","jetpack_sharing_enabled":true,"jetpack_likes_enabled":true,"jetpack_shortlink":"https:\/\/wp.me\/p7sopA-1Rp","_links":{"self":[{"href":"https:\/\/impactocastex.com.ar\/index.php?rest_route=\/wp\/v2\/posts\/7155","targetHints":{"allow":["GET"]}}],"collection":[{"href":"https:\/\/impactocastex.com.ar\/index.php?rest_route=\/wp\/v2\/posts"}],"about":[{"href":"https:\/\/impactocastex.com.ar\/index.php?rest_route=\/wp\/v2\/types\/post"}],"author":[{"embeddable":true,"href":"https:\/\/impactocastex.com.ar\/index.php?rest_route=\/wp\/v2\/users\/2"}],"replies":[{"embeddable":true,"href":"https:\/\/impactocastex.com.ar\/index.php?rest_route=%2Fwp%2Fv2%2Fcomments&post=7155"}],"version-history":[{"count":1,"href":"https:\/\/impactocastex.com.ar\/index.php?rest_route=\/wp\/v2\/posts\/7155\/revisions"}],"predecessor-version":[{"id":7157,"href":"https:\/\/impactocastex.com.ar\/index.php?rest_route=\/wp\/v2\/posts\/7155\/revisions\/7157"}],"wp:featuredmedia":[{"embeddable":true,"href":"https:\/\/impactocastex.com.ar\/index.php?rest_route=\/wp\/v2\/media\/7156"}],"wp:attachment":[{"href":"https:\/\/impactocastex.com.ar\/index.php?rest_route=%2Fwp%2Fv2%2Fmedia&parent=7155"}],"wp:term":[{"taxonomy":"category","embeddable":true,"href":"https:\/\/impactocastex.com.ar\/index.php?rest_route=%2Fwp%2Fv2%2Fcategories&post=7155"},{"taxonomy":"post_tag","embeddable":true,"href":"https:\/\/impactocastex.com.ar\/index.php?rest_route=%2Fwp%2Fv2%2Ftags&post=7155"}],"curies":[{"name":"wp","href":"https:\/\/api.w.org\/{rel}","templated":true}]}}