{"id":7152,"date":"2025-12-30T09:54:16","date_gmt":"2025-12-30T12:54:16","guid":{"rendered":"https:\/\/impactocastex.com.ar\/?p=7152"},"modified":"2025-12-30T09:54:17","modified_gmt":"2025-12-30T12:54:17","slug":"formalizaron-investigacion-contra-la-mujer-que-apunalo-a-otra-en-una-pelea-en-pico","status":"publish","type":"post","link":"https:\/\/impactocastex.com.ar\/?p=7152","title":{"rendered":"Formalizaron investigaci\u00f3n contra la mujer que apu\u00f1al\u00f3 a otra en una pelea en Pico"},"content":{"rendered":"\n<p>El hecho ocurri\u00f3 el s\u00e1bado a la tarde.<\/p>\n\n\n\n<p><strong><\/strong><strong>General Pico (Agencia) \u2013<\/strong>&nbsp;La Fiscal\u00eda de Pico formaliz\u00f3 el pasado domingo la investigaci\u00f3n contra una joven acusada de haber apu\u00f1alado a otra durante una violenta pelea ocurrida el s\u00e1bado por la tarde en el barrio Pe\u00f1i Ruca, conocido tambi\u00e9n entre los vecinos como \u00abla punta del molino\u00bb.<\/p>\n\n\n\n<p>El fiscal Juan Pellegrino estableci\u00f3 los cargos provisorios y las reglas de conducta que la imputada deber\u00e1 cumplir para permanecer en libertad mientras avanza el proceso judicial.<\/p>\n\n\n\n<p>El hecho que motiv\u00f3 la intervenci\u00f3n de los Tribunales de la Segunda Circunscripci\u00f3n Judicial se registr\u00f3 alrededor de las 17 horas en la intersecci\u00f3n de las calles 35 y 6 bis. Seg\u00fan la teor\u00eda del caso presentada por la Fiscal\u00eda, una disputa personal previa entre dos mujeres de entre 21 y 24 a\u00f1os escal\u00f3 de las agresiones verbales a los golpes de pu\u00f1o, culminando cuando la acusada extrajo un cuchillo y asest\u00f3 un puntazo en el t\u00f3rax de la v\u00edctima.<\/p>\n\n\n\n<p>La agresi\u00f3n fue perpetrada con un cuchillo, arma que la Polic\u00eda contin\u00faa buscando, ya que habr\u00eda sido descartada en las inmediaciones del lugar del hecho.<\/p>\n\n\n\n<p>La demora de la imputada se concret\u00f3 porque la propia v\u00edctima identific\u00f3 a la joven agresora, mientras que la hermana de la presunta atacante fue demorada inicialmente y luego recuper\u00f3 la libertad.<\/p>\n\n\n\n<p>El cuchillazo provoc\u00f3 una herida en la regi\u00f3n anterior derecha del pecho, lo que motiv\u00f3 el traslado inmediato de la v\u00edctima al Hospital Gobernador Centeno. All\u00ed permaneci\u00f3 en observaci\u00f3n para realizar estudios complementarios, pero decidi\u00f3 retirarse voluntariamente horas despu\u00e9s, firmando la conformidad para no continuar con estudios m\u00e1s profundos.<\/p>\n\n\n\n<p>Durante la audiencia, se inform\u00f3 que la calificaci\u00f3n legal provisoria es la de lesiones leves. Esta tipificaci\u00f3n se sustenta en que, tras la evaluaci\u00f3n m\u00e9dica y el retiro voluntario de la v\u00edctima del hospital, se constat\u00f3 que la pu\u00f1alada no afect\u00f3 \u00f3rganos vitales. Asimismo, la defensa hizo notar que la propia imputada presentaba lesiones visibles en el rostro, evidenciando que el ataque se produjo en el marco de una pelea rec\u00edproca con agresiones mutuas.<\/p>\n\n\n\n<p>El fiscal Pellegrino detall\u00f3 que ninguna de las partes involucradas posee antecedentes penales y que el conflicto se origin\u00f3 por cuestiones personales y de v\u00ednculos familiares, aunque las protagonistas no est\u00e1n relacionadas directamente entre s\u00ed. En consecuencia, y considerando la necesidad de resguardar la integridad de la denunciante, la Justicia dispuso la libertad de la joven agresora bajo el cumplimiento de una restricci\u00f3n de acercamiento y la prohibici\u00f3n absoluta de mantener cualquier tipo de contacto con la v\u00edctima.<\/p>\n\n\n\n<p>En t\u00e9rminos procesales, la Fiscal\u00eda mantiene abierta la etapa de recolecci\u00f3n de pruebas, centrando los esfuerzos actuales en el hallazgo del arma blanca utilizada, la recopilaci\u00f3n de testimonios de vecinos y la verificaci\u00f3n de las lesiones de la imputada, con el objetivo de reforzar la investigaci\u00f3n.<\/p>\n\n\n\n<p>De no mediar nuevos incidentes o el incumplimiento de las restricciones impuestas, la causa seguir\u00e1 su curso bajo estas medidas de control barrial y judicial, para evitar que el conflicto personal entre ambas j\u00f3venes vuelva a manifestarse de forma violenta en la v\u00eda p\u00fablica.<\/p>\n\n\n\n<p>eldiariodelapampa<\/p>\n","protected":false},"excerpt":{"rendered":"<p>El hecho ocurri\u00f3 el s\u00e1bado a la tarde. General Pico (Agencia) \u2013&nbsp;La Fiscal\u00eda de Pico&#8230;<\/p>\n","protected":false},"author":2,"featured_media":7153,"comment_status":"closed","ping_status":"closed","sticky":false,"template":"","format":"standard","meta":{"_jetpack_memberships_contains_paid_content":false,"footnotes":"","jetpack_publicize_message":"Formalizaron investigaci\u00f3n contra la mujer que apu\u00f1al\u00f3 a otra en una pelea en Pico","jetpack_publicize_feature_enabled":true,"jetpack_social_post_already_shared":false,"jetpack_social_options":{"image_generator_settings":{"template":"highway","default_image_id":0,"font":"","enabled":false},"version":2}},"categories":[85],"tags":[],"class_list":["post-7152","post","type-post","status-publish","format-standard","has-post-thumbnail","hentry","category-policiales"],"yoast_head":"<!-- This site is optimized with the Yoast SEO plugin v27.4 - https:\/\/yoast.com\/product\/yoast-seo-wordpress\/ -->\n<title>Formalizaron investigaci\u00f3n contra la mujer que apu\u00f1al\u00f3 a otra en una pelea en Pico -<\/title>\n<meta name=\"robots\" content=\"index, follow, max-snippet:-1, max-image-preview:large, max-video-preview:-1\" \/>\n<link rel=\"canonical\" href=\"https:\/\/impactocastex.com.ar\/?p=7152\" \/>\n<meta property=\"og:locale\" content=\"es_ES\" \/>\n<meta property=\"og:type\" content=\"article\" \/>\n<meta property=\"og:title\" content=\"Formalizaron investigaci\u00f3n contra la mujer que apu\u00f1al\u00f3 a otra en una pelea en Pico -\" \/>\n<meta property=\"og:description\" content=\"El hecho ocurri\u00f3 el s\u00e1bado a la tarde. General Pico (Agencia) \u2013&nbsp;La Fiscal\u00eda de Pico...\" \/>\n<meta property=\"og:url\" content=\"https:\/\/impactocastex.com.ar\/?p=7152\" \/>\n<meta property=\"article:publisher\" content=\"https:\/\/www.facebook.com\/impactocastexdiario\" \/>\n<meta property=\"article:published_time\" content=\"2025-12-30T12:54:16+00:00\" \/>\n<meta property=\"article:modified_time\" content=\"2025-12-30T12:54:17+00:00\" \/>\n<meta property=\"og:image\" content=\"https:\/\/impactocastex.com.ar\/wp-content\/uploads\/2025\/12\/2131630.jpg\" \/>\n\t<meta property=\"og:image:width\" content=\"1200\" \/>\n\t<meta property=\"og:image:height\" content=\"631\" \/>\n\t<meta property=\"og:image:type\" content=\"image\/jpeg\" \/>\n<meta name=\"author\" content=\"impactocastex\" \/>\n<meta name=\"twitter:card\" content=\"summary_large_image\" \/>\n<meta name=\"twitter:label1\" content=\"Escrito por\" \/>\n\t<meta name=\"twitter:data1\" content=\"impactocastex\" \/>\n\t<meta name=\"twitter:label2\" content=\"Tiempo de lectura\" \/>\n\t<meta name=\"twitter:data2\" content=\"3 minutos\" \/>\n<script type=\"application\/ld+json\" class=\"yoast-schema-graph\">{\"@context\":\"https:\\\/\\\/schema.org\",\"@graph\":[{\"@type\":\"Article\",\"@id\":\"https:\\\/\\\/impactocastex.com.ar\\\/?p=7152#article\",\"isPartOf\":{\"@id\":\"https:\\\/\\\/impactocastex.com.ar\\\/?p=7152\"},\"author\":{\"name\":\"impactocastex\",\"@id\":\"https:\\\/\\\/impactocastex.com.ar\\\/#\\\/schema\\\/person\\\/c115028fb60f9bf49ce7550894b84ea7\"},\"headline\":\"Formalizaron investigaci\u00f3n contra la mujer que apu\u00f1al\u00f3 a otra en una pelea en Pico\",\"datePublished\":\"2025-12-30T12:54:16+00:00\",\"dateModified\":\"2025-12-30T12:54:17+00:00\",\"mainEntityOfPage\":{\"@id\":\"https:\\\/\\\/impactocastex.com.ar\\\/?p=7152\"},\"wordCount\":571,\"publisher\":{\"@id\":\"https:\\\/\\\/impactocastex.com.ar\\\/#organization\"},\"image\":{\"@id\":\"https:\\\/\\\/impactocastex.com.ar\\\/?p=7152#primaryimage\"},\"thumbnailUrl\":\"https:\\\/\\\/impactocastex.com.ar\\\/wp-content\\\/uploads\\\/2025\\\/12\\\/2131630.jpg\",\"articleSection\":[\"POLICIALES\"],\"inLanguage\":\"es\"},{\"@type\":\"WebPage\",\"@id\":\"https:\\\/\\\/impactocastex.com.ar\\\/?p=7152\",\"url\":\"https:\\\/\\\/impactocastex.com.ar\\\/?p=7152\",\"name\":\"Formalizaron investigaci\u00f3n contra la mujer que apu\u00f1al\u00f3 a otra en una pelea en Pico -\",\"isPartOf\":{\"@id\":\"https:\\\/\\\/impactocastex.com.ar\\\/#website\"},\"primaryImageOfPage\":{\"@id\":\"https:\\\/\\\/impactocastex.com.ar\\\/?p=7152#primaryimage\"},\"image\":{\"@id\":\"https:\\\/\\\/impactocastex.com.ar\\\/?p=7152#primaryimage\"},\"thumbnailUrl\":\"https:\\\/\\\/impactocastex.com.ar\\\/wp-content\\\/uploads\\\/2025\\\/12\\\/2131630.jpg\",\"datePublished\":\"2025-12-30T12:54:16+00:00\",\"dateModified\":\"2025-12-30T12:54:17+00:00\",\"breadcrumb\":{\"@id\":\"https:\\\/\\\/impactocastex.com.ar\\\/?p=7152#breadcrumb\"},\"inLanguage\":\"es\",\"potentialAction\":[{\"@type\":\"ReadAction\",\"target\":[\"https:\\\/\\\/impactocastex.com.ar\\\/?p=7152\"]}]},{\"@type\":\"ImageObject\",\"inLanguage\":\"es\",\"@id\":\"https:\\\/\\\/impactocastex.com.ar\\\/?p=7152#primaryimage\",\"url\":\"https:\\\/\\\/impactocastex.com.ar\\\/wp-content\\\/uploads\\\/2025\\\/12\\\/2131630.jpg\",\"contentUrl\":\"https:\\\/\\\/impactocastex.com.ar\\\/wp-content\\\/uploads\\\/2025\\\/12\\\/2131630.jpg\",\"width\":1200,\"height\":631},{\"@type\":\"BreadcrumbList\",\"@id\":\"https:\\\/\\\/impactocastex.com.ar\\\/?p=7152#breadcrumb\",\"itemListElement\":[{\"@type\":\"ListItem\",\"position\":1,\"name\":\"Portada\",\"item\":\"https:\\\/\\\/impactocastex.com.ar\\\/\"},{\"@type\":\"ListItem\",\"position\":2,\"name\":\"Formalizaron investigaci\u00f3n contra la mujer que apu\u00f1al\u00f3 a otra en una pelea en Pico\"}]},{\"@type\":\"WebSite\",\"@id\":\"https:\\\/\\\/impactocastex.com.ar\\\/#website\",\"url\":\"https:\\\/\\\/impactocastex.com.ar\\\/\",\"name\":\"Impacto Castex\",\"description\":\"\",\"publisher\":{\"@id\":\"https:\\\/\\\/impactocastex.com.ar\\\/#organization\"},\"potentialAction\":[{\"@type\":\"SearchAction\",\"target\":{\"@type\":\"EntryPoint\",\"urlTemplate\":\"https:\\\/\\\/impactocastex.com.ar\\\/?s={search_term_string}\"},\"query-input\":{\"@type\":\"PropertyValueSpecification\",\"valueRequired\":true,\"valueName\":\"search_term_string\"}}],\"inLanguage\":\"es\"},{\"@type\":\"Organization\",\"@id\":\"https:\\\/\\\/impactocastex.com.ar\\\/#organization\",\"name\":\"Impacto Castex\",\"url\":\"https:\\\/\\\/impactocastex.com.ar\\\/\",\"logo\":{\"@type\":\"ImageObject\",\"inLanguage\":\"es\",\"@id\":\"https:\\\/\\\/impactocastex.com.ar\\\/#\\\/schema\\\/logo\\\/image\\\/\",\"url\":\"https:\\\/\\\/impactocastex.com.ar\\\/wp-content\\\/uploads\\\/2025\\\/09\\\/cropped-icoweb.png\",\"contentUrl\":\"https:\\\/\\\/impactocastex.com.ar\\\/wp-content\\\/uploads\\\/2025\\\/09\\\/cropped-icoweb.png\",\"width\":512,\"height\":512,\"caption\":\"Impacto Castex\"},\"image\":{\"@id\":\"https:\\\/\\\/impactocastex.com.ar\\\/#\\\/schema\\\/logo\\\/image\\\/\"},\"sameAs\":[\"https:\\\/\\\/www.facebook.com\\\/impactocastexdiario\",\"https:\\\/\\\/www.instagram.com\\\/impactocastex.com.ar\\\/\"]},{\"@type\":\"Person\",\"@id\":\"https:\\\/\\\/impactocastex.com.ar\\\/#\\\/schema\\\/person\\\/c115028fb60f9bf49ce7550894b84ea7\",\"name\":\"impactocastex\",\"image\":{\"@type\":\"ImageObject\",\"inLanguage\":\"es\",\"@id\":\"https:\\\/\\\/secure.gravatar.com\\\/avatar\\\/fee87e7af008f02e9becdc0b5a9fd4a2e79b3918a571edeacb62211704637833?s=96&d=mm&r=g\",\"url\":\"https:\\\/\\\/secure.gravatar.com\\\/avatar\\\/fee87e7af008f02e9becdc0b5a9fd4a2e79b3918a571edeacb62211704637833?s=96&d=mm&r=g\",\"contentUrl\":\"https:\\\/\\\/secure.gravatar.com\\\/avatar\\\/fee87e7af008f02e9becdc0b5a9fd4a2e79b3918a571edeacb62211704637833?s=96&d=mm&r=g\",\"caption\":\"impactocastex\"},\"sameAs\":[\"https:\\\/\\\/impactocastex.com.ar\\\/\"],\"url\":\"https:\\\/\\\/impactocastex.com.ar\\\/?author=2\"}]}<\/script>\n<!-- \/ Yoast SEO plugin. -->","yoast_head_json":{"title":"Formalizaron investigaci\u00f3n contra la mujer que apu\u00f1al\u00f3 a otra en una pelea en Pico -","robots":{"index":"index","follow":"follow","max-snippet":"max-snippet:-1","max-image-preview":"max-image-preview:large","max-video-preview":"max-video-preview:-1"},"canonical":"https:\/\/impactocastex.com.ar\/?p=7152","og_locale":"es_ES","og_type":"article","og_title":"Formalizaron investigaci\u00f3n contra la mujer que apu\u00f1al\u00f3 a otra en una pelea en Pico -","og_description":"El hecho ocurri\u00f3 el s\u00e1bado a la tarde. General Pico (Agencia) \u2013&nbsp;La Fiscal\u00eda de Pico...","og_url":"https:\/\/impactocastex.com.ar\/?p=7152","article_publisher":"https:\/\/www.facebook.com\/impactocastexdiario","article_published_time":"2025-12-30T12:54:16+00:00","article_modified_time":"2025-12-30T12:54:17+00:00","og_image":[{"width":1200,"height":631,"url":"https:\/\/impactocastex.com.ar\/wp-content\/uploads\/2025\/12\/2131630.jpg","type":"image\/jpeg"}],"author":"impactocastex","twitter_card":"summary_large_image","twitter_misc":{"Escrito por":"impactocastex","Tiempo de lectura":"3 minutos"},"schema":{"@context":"https:\/\/schema.org","@graph":[{"@type":"Article","@id":"https:\/\/impactocastex.com.ar\/?p=7152#article","isPartOf":{"@id":"https:\/\/impactocastex.com.ar\/?p=7152"},"author":{"name":"impactocastex","@id":"https:\/\/impactocastex.com.ar\/#\/schema\/person\/c115028fb60f9bf49ce7550894b84ea7"},"headline":"Formalizaron investigaci\u00f3n contra la mujer que apu\u00f1al\u00f3 a otra en una pelea en Pico","datePublished":"2025-12-30T12:54:16+00:00","dateModified":"2025-12-30T12:54:17+00:00","mainEntityOfPage":{"@id":"https:\/\/impactocastex.com.ar\/?p=7152"},"wordCount":571,"publisher":{"@id":"https:\/\/impactocastex.com.ar\/#organization"},"image":{"@id":"https:\/\/impactocastex.com.ar\/?p=7152#primaryimage"},"thumbnailUrl":"https:\/\/impactocastex.com.ar\/wp-content\/uploads\/2025\/12\/2131630.jpg","articleSection":["POLICIALES"],"inLanguage":"es"},{"@type":"WebPage","@id":"https:\/\/impactocastex.com.ar\/?p=7152","url":"https:\/\/impactocastex.com.ar\/?p=7152","name":"Formalizaron investigaci\u00f3n contra la mujer que apu\u00f1al\u00f3 a otra en una pelea en Pico -","isPartOf":{"@id":"https:\/\/impactocastex.com.ar\/#website"},"primaryImageOfPage":{"@id":"https:\/\/impactocastex.com.ar\/?p=7152#primaryimage"},"image":{"@id":"https:\/\/impactocastex.com.ar\/?p=7152#primaryimage"},"thumbnailUrl":"https:\/\/impactocastex.com.ar\/wp-content\/uploads\/2025\/12\/2131630.jpg","datePublished":"2025-12-30T12:54:16+00:00","dateModified":"2025-12-30T12:54:17+00:00","breadcrumb":{"@id":"https:\/\/impactocastex.com.ar\/?p=7152#breadcrumb"},"inLanguage":"es","potentialAction":[{"@type":"ReadAction","target":["https:\/\/impactocastex.com.ar\/?p=7152"]}]},{"@type":"ImageObject","inLanguage":"es","@id":"https:\/\/impactocastex.com.ar\/?p=7152#primaryimage","url":"https:\/\/impactocastex.com.ar\/wp-content\/uploads\/2025\/12\/2131630.jpg","contentUrl":"https:\/\/impactocastex.com.ar\/wp-content\/uploads\/2025\/12\/2131630.jpg","width":1200,"height":631},{"@type":"BreadcrumbList","@id":"https:\/\/impactocastex.com.ar\/?p=7152#breadcrumb","itemListElement":[{"@type":"ListItem","position":1,"name":"Portada","item":"https:\/\/impactocastex.com.ar\/"},{"@type":"ListItem","position":2,"name":"Formalizaron investigaci\u00f3n contra la mujer que apu\u00f1al\u00f3 a otra en una pelea en Pico"}]},{"@type":"WebSite","@id":"https:\/\/impactocastex.com.ar\/#website","url":"https:\/\/impactocastex.com.ar\/","name":"Impacto Castex","description":"","publisher":{"@id":"https:\/\/impactocastex.com.ar\/#organization"},"potentialAction":[{"@type":"SearchAction","target":{"@type":"EntryPoint","urlTemplate":"https:\/\/impactocastex.com.ar\/?s={search_term_string}"},"query-input":{"@type":"PropertyValueSpecification","valueRequired":true,"valueName":"search_term_string"}}],"inLanguage":"es"},{"@type":"Organization","@id":"https:\/\/impactocastex.com.ar\/#organization","name":"Impacto Castex","url":"https:\/\/impactocastex.com.ar\/","logo":{"@type":"ImageObject","inLanguage":"es","@id":"https:\/\/impactocastex.com.ar\/#\/schema\/logo\/image\/","url":"https:\/\/impactocastex.com.ar\/wp-content\/uploads\/2025\/09\/cropped-icoweb.png","contentUrl":"https:\/\/impactocastex.com.ar\/wp-content\/uploads\/2025\/09\/cropped-icoweb.png","width":512,"height":512,"caption":"Impacto Castex"},"image":{"@id":"https:\/\/impactocastex.com.ar\/#\/schema\/logo\/image\/"},"sameAs":["https:\/\/www.facebook.com\/impactocastexdiario","https:\/\/www.instagram.com\/impactocastex.com.ar\/"]},{"@type":"Person","@id":"https:\/\/impactocastex.com.ar\/#\/schema\/person\/c115028fb60f9bf49ce7550894b84ea7","name":"impactocastex","image":{"@type":"ImageObject","inLanguage":"es","@id":"https:\/\/secure.gravatar.com\/avatar\/fee87e7af008f02e9becdc0b5a9fd4a2e79b3918a571edeacb62211704637833?s=96&d=mm&r=g","url":"https:\/\/secure.gravatar.com\/avatar\/fee87e7af008f02e9becdc0b5a9fd4a2e79b3918a571edeacb62211704637833?s=96&d=mm&r=g","contentUrl":"https:\/\/secure.gravatar.com\/avatar\/fee87e7af008f02e9becdc0b5a9fd4a2e79b3918a571edeacb62211704637833?s=96&d=mm&r=g","caption":"impactocastex"},"sameAs":["https:\/\/impactocastex.com.ar\/"],"url":"https:\/\/impactocastex.com.ar\/?author=2"}]}},"jetpack_publicize_connections":[],"featured_image_urls":{"full":["https:\/\/impactocastex.com.ar\/wp-content\/uploads\/2025\/12\/2131630.jpg",1200,631,false],"thumbnail":["https:\/\/impactocastex.com.ar\/wp-content\/uploads\/2025\/12\/2131630-150x150.jpg",150,150,true],"medium":["https:\/\/impactocastex.com.ar\/wp-content\/uploads\/2025\/12\/2131630-300x158.jpg",300,158,true],"medium_large":["https:\/\/impactocastex.com.ar\/wp-content\/uploads\/2025\/12\/2131630-768x404.jpg",640,337,true],"large":["https:\/\/impactocastex.com.ar\/wp-content\/uploads\/2025\/12\/2131630-1024x538.jpg",640,336,true],"1536x1536":["https:\/\/impactocastex.com.ar\/wp-content\/uploads\/2025\/12\/2131630.jpg",1200,631,false],"2048x2048":["https:\/\/impactocastex.com.ar\/wp-content\/uploads\/2025\/12\/2131630.jpg",1200,631,false],"newsever-slider-full":["https:\/\/impactocastex.com.ar\/wp-content\/uploads\/2025\/12\/2131630.jpg",1200,631,false],"newsever-featured":["https:\/\/impactocastex.com.ar\/wp-content\/uploads\/2025\/12\/2131630-1024x538.jpg",1024,538,true],"newsever-medium":["https:\/\/impactocastex.com.ar\/wp-content\/uploads\/2025\/12\/2131630-720x475.jpg",720,475,true]},"author_info":{"info":["impactocastex"]},"category_info":"<a href=\"https:\/\/impactocastex.com.ar\/?cat=85\" rel=\"category\">POLICIALES<\/a>","tag_info":"POLICIALES","comment_count":0,"jetpack_featured_media_url":"https:\/\/impactocastex.com.ar\/wp-content\/uploads\/2025\/12\/2131630.jpg","jetpack_sharing_enabled":true,"jetpack_likes_enabled":true,"jetpack_shortlink":"https:\/\/wp.me\/p7sopA-1Rm","_links":{"self":[{"href":"https:\/\/impactocastex.com.ar\/index.php?rest_route=\/wp\/v2\/posts\/7152","targetHints":{"allow":["GET"]}}],"collection":[{"href":"https:\/\/impactocastex.com.ar\/index.php?rest_route=\/wp\/v2\/posts"}],"about":[{"href":"https:\/\/impactocastex.com.ar\/index.php?rest_route=\/wp\/v2\/types\/post"}],"author":[{"embeddable":true,"href":"https:\/\/impactocastex.com.ar\/index.php?rest_route=\/wp\/v2\/users\/2"}],"replies":[{"embeddable":true,"href":"https:\/\/impactocastex.com.ar\/index.php?rest_route=%2Fwp%2Fv2%2Fcomments&post=7152"}],"version-history":[{"count":1,"href":"https:\/\/impactocastex.com.ar\/index.php?rest_route=\/wp\/v2\/posts\/7152\/revisions"}],"predecessor-version":[{"id":7154,"href":"https:\/\/impactocastex.com.ar\/index.php?rest_route=\/wp\/v2\/posts\/7152\/revisions\/7154"}],"wp:featuredmedia":[{"embeddable":true,"href":"https:\/\/impactocastex.com.ar\/index.php?rest_route=\/wp\/v2\/media\/7153"}],"wp:attachment":[{"href":"https:\/\/impactocastex.com.ar\/index.php?rest_route=%2Fwp%2Fv2%2Fmedia&parent=7152"}],"wp:term":[{"taxonomy":"category","embeddable":true,"href":"https:\/\/impactocastex.com.ar\/index.php?rest_route=%2Fwp%2Fv2%2Fcategories&post=7152"},{"taxonomy":"post_tag","embeddable":true,"href":"https:\/\/impactocastex.com.ar\/index.php?rest_route=%2Fwp%2Fv2%2Ftags&post=7152"}],"curies":[{"name":"wp","href":"https:\/\/api.w.org\/{rel}","templated":true}]}}